{"id":57067,"date":"2024-08-29T09:40:45","date_gmt":"2024-08-29T07:40:45","guid":{"rendered":"https:\/\/progettotouring.it\/radiotouring104\/?p=57067"},"modified":"2024-08-29T09:40:45","modified_gmt":"2024-08-29T07:40:45","slug":"redel-viola-ecco-lufficio-stampa-della-stagione-2024-25","status":"publish","type":"post","link":"https:\/\/progettotouring.it\/radiotouring104\/2024\/08\/29\/redel-viola-ecco-lufficio-stampa-della-stagione-2024-25\/","title":{"rendered":"Redel Viola: ecco l&#8217;Ufficio Stampa della stagione 2024\/25"},"content":{"rendered":"<p style=\"text-align: justify\"><strong>Redel<\/strong> Reggio Calabria<strong> \u00e8 lieta di comunicare<\/strong> l<strong>\u2019assetto dell\u2019Ufficio Stampa per la stagione 2024\/25.<\/strong><\/p>\n<p style=\"text-align: justify\"><strong>Rossella Uslenghi,<\/strong> da alcune stagioni responsabile neroarancio dell\u2019Area Comunicazione,<strong> coordiner\u00e0 il team che sar\u00e0 composto<\/strong> dal Giornalista Sportivo <strong>Giovanni Mafrici,<\/strong> Addetto Stampa e Telecronista Ufficiale e da<strong> Fortunato Serran\u00f3<\/strong> Giornalista Pubblicista Fotografo Ufficiale del Club.<\/p>\n<p style=\"text-align: justify\"><strong>La squadra Media<\/strong>, che ha gi\u00e0 lavorato in questo assetto nella scorsa stagione, mostrando dedizione, professionalit\u00e0 e competenza, <strong>proseguir\u00e0 nell\u2019incarico<\/strong> <strong>\u00a0anche nella stagione \u00a024\/25.<\/strong><\/p>\n<p style=\"text-align: justify\"><strong>L\u2019Area Grafica sar\u00e0 gestita con il supporto di Gecosport.<\/strong><\/p>\n<p style=\"text-align: justify\"><strong>All\u2019 Ufficio Stampa gli auguri di buon rinnovato lavoro dalla societ\u00e0.<\/strong><\/p>\n","protected":false},"excerpt":{"rendered":"<p>Redel Reggio Calabria \u00e8 lieta di comunicare l\u2019assetto dell\u2019Ufficio Stampa per la stagione 2024\/25. Rossella Uslenghi, da alcune stagioni responsabile neroarancio dell\u2019Area Comunicazione, coordiner\u00e0 il team che sar\u00e0 composto dal&hellip;<\/p>\n","protected":false},"author":12,"featured_media":57068,"comment_status":"closed","ping_status":"open","sticky":false,"template":"","format":"standard","meta":{"_jetpack_memberships_contains_paid_content":false,"footnotes":"","jetpack_publicize_message":"","jetpack_publicize_feature_enabled":true,"jetpack_social_post_already_shared":false,"jetpack_social_options":{"image_generator_settings":{"template":"highway","default_image_id":0,"font":"","enabled":false},"version":2}},"categories":[196,140,144],"tags":[35082,35083,8591,34365,30541,35081],"class_list":["post-57067","post","type-post","status-publish","format-standard","has-post-thumbnail","hentry","category-news","category-reggio-calabria","category-sport","tag-fortunato-serrano","tag-gecosport","tag-giovanni-mafrici","tag-redel-viola","tag-rossella-uslenghi","tag-ufficio-stampa-2024-25"],"yoast_head":"<!-- This site is optimized with the Yoast SEO plugin v27.2 - https:\/\/yoast.com\/product\/yoast-seo-wordpress\/ -->\n<title>Redel Viola: ecco l&#039;Ufficio Stampa della stagione 2024\/25 - Radio Touring 104<\/title>\n<meta name=\"description\" content=\"La societ\u00e0 neroarancio Redel Reggio Calabria rende noto l\u2019assetto dell\u2019Ufficio Stampa per la stagione 2024\/25.\" \/>\n<meta name=\"robots\" content=\"index, follow, max-snippet:-1, max-image-preview:large, max-video-preview:-1\" \/>\n<link rel=\"canonical\" href=\"https:\/\/progettotouring.it\/radiotouring104\/2024\/08\/29\/redel-viola-ecco-lufficio-stampa-della-stagione-2024-25\/\" \/>\n<meta property=\"og:locale\" content=\"it_IT\" \/>\n<meta property=\"og:type\" content=\"article\" \/>\n<meta property=\"og:title\" content=\"Redel Viola: ecco l&#039;Ufficio Stampa della stagione 2024\/25 - Radio Touring 104\" \/>\n<meta property=\"og:description\" content=\"La societ\u00e0 neroarancio Redel Reggio Calabria rende noto l\u2019assetto dell\u2019Ufficio Stampa per la stagione 2024\/25.\" \/>\n<meta property=\"og:url\" content=\"https:\/\/progettotouring.it\/radiotouring104\/2024\/08\/29\/redel-viola-ecco-lufficio-stampa-della-stagione-2024-25\/\" \/>\n<meta property=\"og:site_name\" content=\"Radio Touring 104\" \/>\n<meta property=\"article:published_time\" content=\"2024-08-29T07:40:45+00:00\" \/>\n<meta property=\"og:image\" content=\"https:\/\/progettotouring.it\/radiotouring104\/wp-content\/uploads\/sites\/6\/2024\/08\/Ufficio-stampa-Redel.png\" \/>\n\t<meta property=\"og:image:width\" content=\"300\" \/>\n\t<meta property=\"og:image:height\" content=\"251\" \/>\n\t<meta property=\"og:image:type\" content=\"image\/png\" \/>\n<meta name=\"author\" content=\"Sebastiano Plutino\" \/>\n<meta name=\"twitter:card\" content=\"summary_large_image\" \/>\n<meta name=\"twitter:label1\" content=\"Scritto da\" \/>\n\t<meta name=\"twitter:data1\" content=\"Sebastiano Plutino\" \/>\n<script type=\"application\/ld+json\" class=\"yoast-schema-graph\">{\"@context\":\"https:\/\/schema.org\",\"@graph\":[{\"@type\":\"Article\",\"@id\":\"https:\/\/progettotouring.it\/radiotouring104\/2024\/08\/29\/redel-viola-ecco-lufficio-stampa-della-stagione-2024-25\/#article\",\"isPartOf\":{\"@id\":\"https:\/\/progettotouring.it\/radiotouring104\/2024\/08\/29\/redel-viola-ecco-lufficio-stampa-della-stagione-2024-25\/\"},\"author\":{\"name\":\"Sebastiano Plutino\",\"@id\":\"https:\/\/progettotouring.it\/radiotouring104\/#\/schema\/person\/78613917f1851f041f7483f5af1d422e\"},\"headline\":\"Redel Viola: ecco l&#8217;Ufficio Stampa della stagione 2024\/25\",\"datePublished\":\"2024-08-29T07:40:45+00:00\",\"mainEntityOfPage\":{\"@id\":\"https:\/\/progettotouring.it\/radiotouring104\/2024\/08\/29\/redel-viola-ecco-lufficio-stampa-della-stagione-2024-25\/\"},\"wordCount\":102,\"publisher\":{\"@id\":\"https:\/\/progettotouring.it\/radiotouring104\/#organization\"},\"image\":{\"@id\":\"https:\/\/progettotouring.it\/radiotouring104\/2024\/08\/29\/redel-viola-ecco-lufficio-stampa-della-stagione-2024-25\/#primaryimage\"},\"thumbnailUrl\":\"https:\/\/progettotouring.it\/radiotouring104\/wp-content\/uploads\/sites\/6\/2024\/08\/Ufficio-stampa-Redel.png\",\"keywords\":[\"Fortunato Serran\u00f2\",\"Gecosport.\",\"Giovanni Mafrici\",\"Redel Viola\",\"Rossella Uslenghi\",\"ufficio stampa 2024\/25\"],\"articleSection\":[\"News\",\"Reggio Calabria\",\"Sport\"],\"inLanguage\":\"it-IT\"},{\"@type\":\"WebPage\",\"@id\":\"https:\/\/progettotouring.it\/radiotouring104\/2024\/08\/29\/redel-viola-ecco-lufficio-stampa-della-stagione-2024-25\/\",\"url\":\"https:\/\/progettotouring.it\/radiotouring104\/2024\/08\/29\/redel-viola-ecco-lufficio-stampa-della-stagione-2024-25\/\",\"name\":\"Redel Viola: ecco l'Ufficio Stampa della stagione 2024\/25 - Radio Touring 104\",\"isPartOf\":{\"@id\":\"https:\/\/progettotouring.it\/radiotouring104\/#website\"},\"primaryImageOfPage\":{\"@id\":\"https:\/\/progettotouring.it\/radiotouring104\/2024\/08\/29\/redel-viola-ecco-lufficio-stampa-della-stagione-2024-25\/#primaryimage\"},\"image\":{\"@id\":\"https:\/\/progettotouring.it\/radiotouring104\/2024\/08\/29\/redel-viola-ecco-lufficio-stampa-della-stagione-2024-25\/#primaryimage\"},\"thumbnailUrl\":\"https:\/\/progettotouring.it\/radiotouring104\/wp-content\/uploads\/sites\/6\/2024\/08\/Ufficio-stampa-Redel.png\",\"datePublished\":\"2024-08-29T07:40:45+00:00\",\"description\":\"La societ\u00e0 neroarancio Redel Reggio Calabria rende noto l\u2019assetto dell\u2019Ufficio Stampa per la stagione 2024\/25.\",\"breadcrumb\":{\"@id\":\"https:\/\/progettotouring.it\/radiotouring104\/2024\/08\/29\/redel-viola-ecco-lufficio-stampa-della-stagione-2024-25\/#breadcrumb\"},\"inLanguage\":\"it-IT\",\"potentialAction\":[{\"@type\":\"ReadAction\",\"target\":[\"https:\/\/progettotouring.it\/radiotouring104\/2024\/08\/29\/redel-viola-ecco-lufficio-stampa-della-stagione-2024-25\/\"]}]},{\"@type\":\"ImageObject\",\"inLanguage\":\"it-IT\",\"@id\":\"https:\/\/progettotouring.it\/radiotouring104\/2024\/08\/29\/redel-viola-ecco-lufficio-stampa-della-stagione-2024-25\/#primaryimage\",\"url\":\"https:\/\/progettotouring.it\/radiotouring104\/wp-content\/uploads\/sites\/6\/2024\/08\/Ufficio-stampa-Redel.png\",\"contentUrl\":\"https:\/\/progettotouring.it\/radiotouring104\/wp-content\/uploads\/sites\/6\/2024\/08\/Ufficio-stampa-Redel.png\",\"width\":300,\"height\":251},{\"@type\":\"BreadcrumbList\",\"@id\":\"https:\/\/progettotouring.it\/radiotouring104\/2024\/08\/29\/redel-viola-ecco-lufficio-stampa-della-stagione-2024-25\/#breadcrumb\",\"itemListElement\":[{\"@type\":\"ListItem\",\"position\":1,\"name\":\"Home\",\"item\":\"https:\/\/progettotouring.it\/radiotouring104\/\"},{\"@type\":\"ListItem\",\"position\":2,\"name\":\"Redel Viola: ecco l&#8217;Ufficio Stampa della stagione 2024\/25\"}]},{\"@type\":\"WebSite\",\"@id\":\"https:\/\/progettotouring.it\/radiotouring104\/#website\",\"url\":\"https:\/\/progettotouring.it\/radiotouring104\/\",\"name\":\"Radio Touring 104\",\"description\":\"La prima radio Reggina\",\"publisher\":{\"@id\":\"https:\/\/progettotouring.it\/radiotouring104\/#organization\"},\"potentialAction\":[{\"@type\":\"SearchAction\",\"target\":{\"@type\":\"EntryPoint\",\"urlTemplate\":\"https:\/\/progettotouring.it\/radiotouring104\/?s={search_term_string}\"},\"query-input\":{\"@type\":\"PropertyValueSpecification\",\"valueRequired\":true,\"valueName\":\"search_term_string\"}}],\"inLanguage\":\"it-IT\"},{\"@type\":\"Organization\",\"@id\":\"https:\/\/progettotouring.it\/radiotouring104\/#organization\",\"name\":\"Radio Touring 104\",\"url\":\"https:\/\/progettotouring.it\/radiotouring104\/\",\"logo\":{\"@type\":\"ImageObject\",\"inLanguage\":\"it-IT\",\"@id\":\"https:\/\/progettotouring.it\/radiotouring104\/#\/schema\/logo\/image\/\",\"url\":\"https:\/\/progettotouring.it\/radiotouring104\/wp-content\/uploads\/sites\/6\/2022\/02\/cropped-logo-radio-touring-104.png\",\"contentUrl\":\"https:\/\/progettotouring.it\/radiotouring104\/wp-content\/uploads\/sites\/6\/2022\/02\/cropped-logo-radio-touring-104.png\",\"width\":377,\"height\":182,\"caption\":\"Radio Touring 104\"},\"image\":{\"@id\":\"https:\/\/progettotouring.it\/radiotouring104\/#\/schema\/logo\/image\/\"}},{\"@type\":\"Person\",\"@id\":\"https:\/\/progettotouring.it\/radiotouring104\/#\/schema\/person\/78613917f1851f041f7483f5af1d422e\",\"name\":\"Sebastiano Plutino\",\"image\":{\"@type\":\"ImageObject\",\"inLanguage\":\"it-IT\",\"@id\":\"https:\/\/secure.gravatar.com\/avatar\/0546ffaa9b79224faf9f2a156b67a529ae861d3287c66c1d8ccfdf909bcba78d?s=96&d=mm&r=g\",\"url\":\"https:\/\/secure.gravatar.com\/avatar\/0546ffaa9b79224faf9f2a156b67a529ae861d3287c66c1d8ccfdf909bcba78d?s=96&d=mm&r=g\",\"contentUrl\":\"https:\/\/secure.gravatar.com\/avatar\/0546ffaa9b79224faf9f2a156b67a529ae861d3287c66c1d8ccfdf909bcba78d?s=96&d=mm&r=g\",\"caption\":\"Sebastiano Plutino\"},\"url\":\"https:\/\/progettotouring.it\/radiotouring104\/author\/sebastiano\/\"}]}<\/script>\n<!-- \/ Yoast SEO plugin. -->","yoast_head_json":{"title":"Redel Viola: ecco l'Ufficio Stampa della stagione 2024\/25 - Radio Touring 104","description":"La societ\u00e0 neroarancio Redel Reggio Calabria rende noto l\u2019assetto dell\u2019Ufficio Stampa per la stagione 2024\/25.","robots":{"index":"index","follow":"follow","max-snippet":"max-snippet:-1","max-image-preview":"max-image-preview:large","max-video-preview":"max-video-preview:-1"},"canonical":"https:\/\/progettotouring.it\/radiotouring104\/2024\/08\/29\/redel-viola-ecco-lufficio-stampa-della-stagione-2024-25\/","og_locale":"it_IT","og_type":"article","og_title":"Redel Viola: ecco l'Ufficio Stampa della stagione 2024\/25 - Radio Touring 104","og_description":"La societ\u00e0 neroarancio Redel Reggio Calabria rende noto l\u2019assetto dell\u2019Ufficio Stampa per la stagione 2024\/25.","og_url":"https:\/\/progettotouring.it\/radiotouring104\/2024\/08\/29\/redel-viola-ecco-lufficio-stampa-della-stagione-2024-25\/","og_site_name":"Radio Touring 104","article_published_time":"2024-08-29T07:40:45+00:00","og_image":[{"width":300,"height":251,"url":"https:\/\/progettotouring.it\/radiotouring104\/wp-content\/uploads\/sites\/6\/2024\/08\/Ufficio-stampa-Redel.png","type":"image\/png"}],"author":"Sebastiano Plutino","twitter_card":"summary_large_image","twitter_misc":{"Scritto da":"Sebastiano Plutino"},"schema":{"@context":"https:\/\/schema.org","@graph":[{"@type":"Article","@id":"https:\/\/progettotouring.it\/radiotouring104\/2024\/08\/29\/redel-viola-ecco-lufficio-stampa-della-stagione-2024-25\/#article","isPartOf":{"@id":"https:\/\/progettotouring.it\/radiotouring104\/2024\/08\/29\/redel-viola-ecco-lufficio-stampa-della-stagione-2024-25\/"},"author":{"name":"Sebastiano Plutino","@id":"https:\/\/progettotouring.it\/radiotouring104\/#\/schema\/person\/78613917f1851f041f7483f5af1d422e"},"headline":"Redel Viola: ecco l&#8217;Ufficio Stampa della stagione 2024\/25","datePublished":"2024-08-29T07:40:45+00:00","mainEntityOfPage":{"@id":"https:\/\/progettotouring.it\/radiotouring104\/2024\/08\/29\/redel-viola-ecco-lufficio-stampa-della-stagione-2024-25\/"},"wordCount":102,"publisher":{"@id":"https:\/\/progettotouring.it\/radiotouring104\/#organization"},"image":{"@id":"https:\/\/progettotouring.it\/radiotouring104\/2024\/08\/29\/redel-viola-ecco-lufficio-stampa-della-stagione-2024-25\/#primaryimage"},"thumbnailUrl":"https:\/\/progettotouring.it\/radiotouring104\/wp-content\/uploads\/sites\/6\/2024\/08\/Ufficio-stampa-Redel.png","keywords":["Fortunato Serran\u00f2","Gecosport.","Giovanni Mafrici","Redel Viola","Rossella Uslenghi","ufficio stampa 2024\/25"],"articleSection":["News","Reggio Calabria","Sport"],"inLanguage":"it-IT"},{"@type":"WebPage","@id":"https:\/\/progettotouring.it\/radiotouring104\/2024\/08\/29\/redel-viola-ecco-lufficio-stampa-della-stagione-2024-25\/","url":"https:\/\/progettotouring.it\/radiotouring104\/2024\/08\/29\/redel-viola-ecco-lufficio-stampa-della-stagione-2024-25\/","name":"Redel Viola: ecco l'Ufficio Stampa della stagione 2024\/25 - Radio Touring 104","isPartOf":{"@id":"https:\/\/progettotouring.it\/radiotouring104\/#website"},"primaryImageOfPage":{"@id":"https:\/\/progettotouring.it\/radiotouring104\/2024\/08\/29\/redel-viola-ecco-lufficio-stampa-della-stagione-2024-25\/#primaryimage"},"image":{"@id":"https:\/\/progettotouring.it\/radiotouring104\/2024\/08\/29\/redel-viola-ecco-lufficio-stampa-della-stagione-2024-25\/#primaryimage"},"thumbnailUrl":"https:\/\/progettotouring.it\/radiotouring104\/wp-content\/uploads\/sites\/6\/2024\/08\/Ufficio-stampa-Redel.png","datePublished":"2024-08-29T07:40:45+00:00","description":"La societ\u00e0 neroarancio Redel Reggio Calabria rende noto l\u2019assetto dell\u2019Ufficio Stampa per la stagione 2024\/25.","breadcrumb":{"@id":"https:\/\/progettotouring.it\/radiotouring104\/2024\/08\/29\/redel-viola-ecco-lufficio-stampa-della-stagione-2024-25\/#breadcrumb"},"inLanguage":"it-IT","potentialAction":[{"@type":"ReadAction","target":["https:\/\/progettotouring.it\/radiotouring104\/2024\/08\/29\/redel-viola-ecco-lufficio-stampa-della-stagione-2024-25\/"]}]},{"@type":"ImageObject","inLanguage":"it-IT","@id":"https:\/\/progettotouring.it\/radiotouring104\/2024\/08\/29\/redel-viola-ecco-lufficio-stampa-della-stagione-2024-25\/#primaryimage","url":"https:\/\/progettotouring.it\/radiotouring104\/wp-content\/uploads\/sites\/6\/2024\/08\/Ufficio-stampa-Redel.png","contentUrl":"https:\/\/progettotouring.it\/radiotouring104\/wp-content\/uploads\/sites\/6\/2024\/08\/Ufficio-stampa-Redel.png","width":300,"height":251},{"@type":"BreadcrumbList","@id":"https:\/\/progettotouring.it\/radiotouring104\/2024\/08\/29\/redel-viola-ecco-lufficio-stampa-della-stagione-2024-25\/#breadcrumb","itemListElement":[{"@type":"ListItem","position":1,"name":"Home","item":"https:\/\/progettotouring.it\/radiotouring104\/"},{"@type":"ListItem","position":2,"name":"Redel Viola: ecco l&#8217;Ufficio Stampa della stagione 2024\/25"}]},{"@type":"WebSite","@id":"https:\/\/progettotouring.it\/radiotouring104\/#website","url":"https:\/\/progettotouring.it\/radiotouring104\/","name":"Radio Touring 104","description":"La prima radio Reggina","publisher":{"@id":"https:\/\/progettotouring.it\/radiotouring104\/#organization"},"potentialAction":[{"@type":"SearchAction","target":{"@type":"EntryPoint","urlTemplate":"https:\/\/progettotouring.it\/radiotouring104\/?s={search_term_string}"},"query-input":{"@type":"PropertyValueSpecification","valueRequired":true,"valueName":"search_term_string"}}],"inLanguage":"it-IT"},{"@type":"Organization","@id":"https:\/\/progettotouring.it\/radiotouring104\/#organization","name":"Radio Touring 104","url":"https:\/\/progettotouring.it\/radiotouring104\/","logo":{"@type":"ImageObject","inLanguage":"it-IT","@id":"https:\/\/progettotouring.it\/radiotouring104\/#\/schema\/logo\/image\/","url":"https:\/\/progettotouring.it\/radiotouring104\/wp-content\/uploads\/sites\/6\/2022\/02\/cropped-logo-radio-touring-104.png","contentUrl":"https:\/\/progettotouring.it\/radiotouring104\/wp-content\/uploads\/sites\/6\/2022\/02\/cropped-logo-radio-touring-104.png","width":377,"height":182,"caption":"Radio Touring 104"},"image":{"@id":"https:\/\/progettotouring.it\/radiotouring104\/#\/schema\/logo\/image\/"}},{"@type":"Person","@id":"https:\/\/progettotouring.it\/radiotouring104\/#\/schema\/person\/78613917f1851f041f7483f5af1d422e","name":"Sebastiano Plutino","image":{"@type":"ImageObject","inLanguage":"it-IT","@id":"https:\/\/secure.gravatar.com\/avatar\/0546ffaa9b79224faf9f2a156b67a529ae861d3287c66c1d8ccfdf909bcba78d?s=96&d=mm&r=g","url":"https:\/\/secure.gravatar.com\/avatar\/0546ffaa9b79224faf9f2a156b67a529ae861d3287c66c1d8ccfdf909bcba78d?s=96&d=mm&r=g","contentUrl":"https:\/\/secure.gravatar.com\/avatar\/0546ffaa9b79224faf9f2a156b67a529ae861d3287c66c1d8ccfdf909bcba78d?s=96&d=mm&r=g","caption":"Sebastiano Plutino"},"url":"https:\/\/progettotouring.it\/radiotouring104\/author\/sebastiano\/"}]}},"jetpack_publicize_connections":[],"jetpack_featured_media_url":"https:\/\/progettotouring.it\/radiotouring104\/wp-content\/uploads\/sites\/6\/2024\/08\/Ufficio-stampa-Redel.png","jetpack_sharing_enabled":true,"_links":{"self":[{"href":"https:\/\/progettotouring.it\/radiotouring104\/wp-json\/wp\/v2\/posts\/57067","targetHints":{"allow":["GET"]}}],"collection":[{"href":"https:\/\/progettotouring.it\/radiotouring104\/wp-json\/wp\/v2\/posts"}],"about":[{"href":"https:\/\/progettotouring.it\/radiotouring104\/wp-json\/wp\/v2\/types\/post"}],"author":[{"embeddable":true,"href":"https:\/\/progettotouring.it\/radiotouring104\/wp-json\/wp\/v2\/users\/12"}],"replies":[{"embeddable":true,"href":"https:\/\/progettotouring.it\/radiotouring104\/wp-json\/wp\/v2\/comments?post=57067"}],"version-history":[{"count":1,"href":"https:\/\/progettotouring.it\/radiotouring104\/wp-json\/wp\/v2\/posts\/57067\/revisions"}],"predecessor-version":[{"id":57069,"href":"https:\/\/progettotouring.it\/radiotouring104\/wp-json\/wp\/v2\/posts\/57067\/revisions\/57069"}],"wp:featuredmedia":[{"embeddable":true,"href":"https:\/\/progettotouring.it\/radiotouring104\/wp-json\/wp\/v2\/media\/57068"}],"wp:attachment":[{"href":"https:\/\/progettotouring.it\/radiotouring104\/wp-json\/wp\/v2\/media?parent=57067"}],"wp:term":[{"taxonomy":"category","embeddable":true,"href":"https:\/\/progettotouring.it\/radiotouring104\/wp-json\/wp\/v2\/categories?post=57067"},{"taxonomy":"post_tag","embeddable":true,"href":"https:\/\/progettotouring.it\/radiotouring104\/wp-json\/wp\/v2\/tags?post=57067"}],"curies":[{"name":"wp","href":"https:\/\/api.w.org\/{rel}","templated":true}]}}