{"id":57070,"date":"2024-08-29T09:50:22","date_gmt":"2024-08-29T07:50:22","guid":{"rendered":"https:\/\/progettotouring.it\/radiotouring104\/?p=57070"},"modified":"2024-08-29T10:08:43","modified_gmt":"2024-08-29T08:08:43","slug":"atam-latella-soddifatto-per-linstallazione-nel-deposito-delle-nuove-colonnine-per-la-ricarica-dei-bus-elettrici","status":"publish","type":"post","link":"https:\/\/progettotouring.it\/radiotouring104\/2024\/08\/29\/atam-latella-soddifatto-per-linstallazione-nel-deposito-delle-nuove-colonnine-per-la-ricarica-dei-bus-elettrici\/","title":{"rendered":"Atam: Latella soddifatto per l&#8217;installazione nel deposito delle nuove colonnine per la ricarica dei bus elettrici"},"content":{"rendered":"<p dir=\"ltr\" style=\"text-align: justify\">Proseguono i <strong>lavori del nuovo deposito ATAM<\/strong> di Via Foro Boario. L&#8217;intervento pone particolare riguardo alla generazione di<strong> servizi per i bus elettrici<\/strong> che<strong> entro i prossimi due anni saranno circa 70<\/strong>, di cui 24 arriveranno entro il 2024, circa 20 nel 2025 e nel 2026 la restante parte. Ad oggi sono state gi\u00e0 installate presso lo storico deposito le prime 20 colonnine di ricarica per l&#8217;energia elettrica, marca Jema del gruppo Irizar.<\/p>\n<p><strong>L\u2019investimento<\/strong> per la realizzazione del deposito bus di Via Foro Boario <strong>\u00e8 di 5 milioni di euro,<\/strong> con fondi PNRR. <strong>L\u2019infrastruttura \u00e8 stata progettata per garantire postazioni di ricarica per gli autobus<\/strong>: ogni postazione \u00e8 compatibile con i pi\u00f9 recenti standard tecnologici e ogni autobus avr\u00e0 a disposizione fino a 150 kWh di potenza che vengono modulati tramite un sistema di controllo intelligente e flessibile.\u00a0Il deposito di Via Foro Boario e il Terminal Bus di Largo Botteghelle, a fine lavori, ospiteranno 70 punti di ricarica e verranno utilizzati per alimentare tutta la flotta dei bus elettrici.<\/p>\n<p><em>&#8220;Un\u2019importante innovazione che si unisce a tanti altri investimenti che, insieme ai soci di ATAM SpA, Comune e Citt\u00e0 Metropolitana di Reggio Calabria, stiamo facendo sul trasporto pubblico locale<\/em>. <em>Un investimento nella direzione di un servizio pubblico sempre pi\u00f9 efficace ed efficiente, volto a promuovere soluzioni eco-sostenibili per il trasporto pubblico locale&#8221;. <\/em><strong>ha affermato in una nota il Consiglio d&#8217;Amministrazione di Atam guidato da Giuseppe Basile.<\/strong><\/p>\n<p><strong>La flotta di autobus elettrici contribuir\u00e0 in modo significativo alla riduzione delle emissioni nocive<\/strong> e alla transizione verso una mobilit\u00e0 pi\u00f9 pulita. Peraltro, la realizzazione di altri due impianti dedicati alla ricarica dimostra l&#8217;impegno a espandere la mobilit\u00e0 sostenibile sul territorio.<\/p>\n<p><em>&#8220;Siamo soddisfatti del percorso di crescita ed innovazione intrapreso dalla nostra societ\u00e0 titolare del servizio di trasporto pubblico locale. Il posizionamento delle nuove colonnine per la ricarica dei mezzi elettrici \u00e8 un ulteriore tassello che punta all&#8217;obiettivo di una totale rigenerazione della flotta, oggi una delle pi\u00f9 nuove in Italia, nell&#8217;ottica di un servizio sempre pi\u00f9 puntuale, confortevole ed al passo con le esigenze degli utenti, non solo i cittadini ma anche i turisti che per i loro spostamenti utilizzano sempre pi\u00f9 spesso i mezzi pubblici. Il trasporto pubblico locale a Reggio ha ormai intrapreso la strada della sostenibilit\u00e0 e del rispetto dell&#8217;ambiente, obiettivi che vanno di pari passo con una crescita del servizio, in maniera integrata e multimodale, per servizi sempre pi\u00f9 a misura di cittadino&#8221;,<\/em> <strong>ha affermato il sindaco<\/strong> di Reggio Calabria <strong>Giuseppe Falcomat\u00e0 commentando lo stato di avanzamento dei lavori.<\/strong><\/p>\n<p><em>&#8220;Ricordo<\/em>\u00a0<em>quando qualche anno fa Atam era un&#8217;azienda completamente decotta, pronta per portare i libri in tribunale. In un decennio la situazione si \u00e8 completamente ribaltata e l&#8217;azienda oggi \u00e8 pronta ad abbracciare nuove sfide, in maniera dinamica ed innovativa, ampliando il proprio personale, allargando ed implementando i servizi, in maniera sempre pi\u00f9 efficiente e capillare, su tutto il territorio cittadino, nell&#8217;ottica di un orizzonte metropolitano, anche nell&#8217;idea di un servizio integrato nell&#8217;area dello Stretto, che costituisce per noi un nuovo obiettivo da perseguire&#8221;, <\/em><strong>ha concluso il sindaco\u00a0<\/strong><\/p>\n<p dir=\"ltr\" style=\"text-align: justify\"><em>\u00abSempre pi\u00f9 servizi e informazioni per una citt\u00e0 pi\u00f9 smart pronta ad accogliere i turisti e a coccolare i reggini\u00bb.<\/em> <strong>Cos\u00ec il consigliere comunale<\/strong> con delega al Turismo,<strong> Giovanni Latella ha commentato<\/strong> l\u2019atto col quale la Giunta comunale, guidata dal sindaco Giuseppe Falcomat\u00e0, ha deliberato nei giorni scorsi il programma che prevede il <strong>posizionamento di diciassette nuovi totem informativi interattivi in diverse zone della citt\u00e0.<\/strong><\/p>\n<p dir=\"ltr\">\n<h3 dir=\"ltr\"><\/h3>\n<h3 dir=\"ltr\">Latella: \u00abPi\u00f9 servizi e informazioni per una citt\u00e0 smart e interattiva, pronta ad accogliere i turisti\u00bb<\/h3>\n<p dir=\"ltr\" style=\"text-align: justify\"><em>\u00abLa nostra \u00e8 una citt\u00e0 che continua a investire sulla digitalizzazione dei servizi informativi diretti a cittadini e turisti. Un servizio importante per i tanti viaggiatori che arrivano e che continueranno ad arrivare nella citt\u00e0 dello Stretto ancora fino ad autunno inoltrato considerate le temperature miti. Da qui la scelta del posizionamento dei nuovi totem in punti chiave per la divulgazione di contenuti promozionali e la conseguente fruizione di servizi informativi contenuti del portale internet del turismo del Comune, a cui si somma la gestione di ulteriori funzioni operative che saranno implementate in un momento successivo. In particolare le zone interessate saranno: teatro comunale Cilea, due sul lungomare monumentale Falcomat\u00e0, uno al Waterfront, poi al Museo, Castello Aragonese,\u00a0 porto e aeroporto e Stazione centrale\u00bb.\u00a0<\/em><\/p>\n<p dir=\"ltr\" style=\"text-align: justify\"><em>\u00abPer questa ulteriore innovazione, che si aggiunge a quelle gi\u00e0 esistenti<\/em> \u2013<strong> ha concluso Latella<\/strong> &#8211; <em>voglio ringraziare in particolare il sindaco Falcomat\u00e0, l\u2019assessore alla Programmazione Carmelo Romeo e l\u2019ufficio Upi con Giuseppe Quartuccio, perch\u00e9 \u00e8 grazie a questi piccoli grandi accorgimenti che l\u2019Amministrazione mostra di avere uno sguardo attento nell\u2019ottica di una pianificazione futura\u00bb.<\/em><\/p>\n","protected":false},"excerpt":{"rendered":"<p>Proseguono i lavori del nuovo deposito ATAM di Via Foro Boario. L&#8217;intervento pone particolare riguardo alla generazione di servizi per i bus elettrici che entro i prossimi due anni saranno&hellip;<\/p>\n","protected":false},"author":12,"featured_media":55807,"comment_status":"closed","ping_status":"open","sticky":false,"template":"","format":"standard","meta":{"_jetpack_memberships_contains_paid_content":false,"footnotes":"","jetpack_publicize_message":"","jetpack_publicize_feature_enabled":true,"jetpack_social_post_already_shared":false,"jetpack_social_options":{"image_generator_settings":{"template":"highway","default_image_id":0,"font":"","enabled":false},"version":2}},"categories":[921,196,140],"tags":[1053,26045,35084],"class_list":["post-57070","post","type-post","status-publish","format-standard","has-post-thumbnail","hentry","category-home","category-news","category-reggio-calabria","tag-atam","tag-consigliere-giovanni-latella","tag-uove-colonnine-per-la-ricarica-dei-bus-elettrici"],"yoast_head":"<!-- This site is optimized with the Yoast SEO plugin v27.2 - https:\/\/yoast.com\/product\/yoast-seo-wordpress\/ -->\n<title>Atam:i nstallate nuove colonnine per la ricarica dei bus elettrici<\/title>\n<meta name=\"description\" content=\"&quot;Azienda innovativa e dinamica, punta ancora a crescere per servizi sempre pi\u00f9 sostenibili&quot;, ha dichiarato il Sindaco Falcomat\u00e0\" \/>\n<meta name=\"robots\" content=\"index, follow, max-snippet:-1, max-image-preview:large, max-video-preview:-1\" \/>\n<link rel=\"canonical\" href=\"https:\/\/progettotouring.it\/radiotouring104\/2024\/08\/29\/atam-latella-soddifatto-per-linstallazione-nel-deposito-delle-nuove-colonnine-per-la-ricarica-dei-bus-elettrici\/\" \/>\n<meta property=\"og:locale\" content=\"it_IT\" \/>\n<meta property=\"og:type\" content=\"article\" \/>\n<meta property=\"og:title\" content=\"Atam:i nstallate nuove colonnine per la ricarica dei bus elettrici\" \/>\n<meta property=\"og:description\" content=\"&quot;Azienda innovativa e dinamica, punta ancora a crescere per servizi sempre pi\u00f9 sostenibili&quot;, ha dichiarato il Sindaco Falcomat\u00e0\" \/>\n<meta property=\"og:url\" content=\"https:\/\/progettotouring.it\/radiotouring104\/2024\/08\/29\/atam-latella-soddifatto-per-linstallazione-nel-deposito-delle-nuove-colonnine-per-la-ricarica-dei-bus-elettrici\/\" \/>\n<meta property=\"og:site_name\" content=\"Radio Touring 104\" \/>\n<meta property=\"article:published_time\" content=\"2024-08-29T07:50:22+00:00\" \/>\n<meta property=\"article:modified_time\" content=\"2024-08-29T08:08:43+00:00\" \/>\n<meta property=\"og:image\" content=\"https:\/\/progettotouring.it\/radiotouring104\/wp-content\/uploads\/sites\/6\/2024\/07\/bus-full-electric-ATAM.jpeg\" \/>\n\t<meta property=\"og:image:width\" content=\"2048\" \/>\n\t<meta property=\"og:image:height\" content=\"2048\" \/>\n\t<meta property=\"og:image:type\" content=\"image\/jpeg\" \/>\n<meta name=\"author\" content=\"Sebastiano Plutino\" \/>\n<meta name=\"twitter:card\" content=\"summary_large_image\" \/>\n<meta name=\"twitter:label1\" content=\"Scritto da\" \/>\n\t<meta name=\"twitter:data1\" content=\"Sebastiano Plutino\" \/>\n\t<meta name=\"twitter:label2\" content=\"Tempo di lettura stimato\" \/>\n\t<meta name=\"twitter:data2\" content=\"4 minuti\" \/>\n<script type=\"application\/ld+json\" class=\"yoast-schema-graph\">{\"@context\":\"https:\/\/schema.org\",\"@graph\":[{\"@type\":\"Article\",\"@id\":\"https:\/\/progettotouring.it\/radiotouring104\/2024\/08\/29\/atam-latella-soddifatto-per-linstallazione-nel-deposito-delle-nuove-colonnine-per-la-ricarica-dei-bus-elettrici\/#article\",\"isPartOf\":{\"@id\":\"https:\/\/progettotouring.it\/radiotouring104\/2024\/08\/29\/atam-latella-soddifatto-per-linstallazione-nel-deposito-delle-nuove-colonnine-per-la-ricarica-dei-bus-elettrici\/\"},\"author\":{\"name\":\"Sebastiano Plutino\",\"@id\":\"https:\/\/progettotouring.it\/radiotouring104\/#\/schema\/person\/78613917f1851f041f7483f5af1d422e\"},\"headline\":\"Atam: Latella soddifatto per l&#8217;installazione nel deposito delle nuove colonnine per la ricarica dei bus elettrici\",\"datePublished\":\"2024-08-29T07:50:22+00:00\",\"dateModified\":\"2024-08-29T08:08:43+00:00\",\"mainEntityOfPage\":{\"@id\":\"https:\/\/progettotouring.it\/radiotouring104\/2024\/08\/29\/atam-latella-soddifatto-per-linstallazione-nel-deposito-delle-nuove-colonnine-per-la-ricarica-dei-bus-elettrici\/\"},\"wordCount\":773,\"publisher\":{\"@id\":\"https:\/\/progettotouring.it\/radiotouring104\/#organization\"},\"image\":{\"@id\":\"https:\/\/progettotouring.it\/radiotouring104\/2024\/08\/29\/atam-latella-soddifatto-per-linstallazione-nel-deposito-delle-nuove-colonnine-per-la-ricarica-dei-bus-elettrici\/#primaryimage\"},\"thumbnailUrl\":\"https:\/\/progettotouring.it\/radiotouring104\/wp-content\/uploads\/sites\/6\/2024\/07\/bus-full-electric-ATAM.jpeg\",\"keywords\":[\"atam\",\"Consigliere Giovanni Latella\",\"uove colonnine per la ricarica dei bus elettrici\"],\"articleSection\":[\"Home\",\"News\",\"Reggio Calabria\"],\"inLanguage\":\"it-IT\"},{\"@type\":\"WebPage\",\"@id\":\"https:\/\/progettotouring.it\/radiotouring104\/2024\/08\/29\/atam-latella-soddifatto-per-linstallazione-nel-deposito-delle-nuove-colonnine-per-la-ricarica-dei-bus-elettrici\/\",\"url\":\"https:\/\/progettotouring.it\/radiotouring104\/2024\/08\/29\/atam-latella-soddifatto-per-linstallazione-nel-deposito-delle-nuove-colonnine-per-la-ricarica-dei-bus-elettrici\/\",\"name\":\"Atam:i nstallate nuove colonnine per la ricarica dei bus elettrici\",\"isPartOf\":{\"@id\":\"https:\/\/progettotouring.it\/radiotouring104\/#website\"},\"primaryImageOfPage\":{\"@id\":\"https:\/\/progettotouring.it\/radiotouring104\/2024\/08\/29\/atam-latella-soddifatto-per-linstallazione-nel-deposito-delle-nuove-colonnine-per-la-ricarica-dei-bus-elettrici\/#primaryimage\"},\"image\":{\"@id\":\"https:\/\/progettotouring.it\/radiotouring104\/2024\/08\/29\/atam-latella-soddifatto-per-linstallazione-nel-deposito-delle-nuove-colonnine-per-la-ricarica-dei-bus-elettrici\/#primaryimage\"},\"thumbnailUrl\":\"https:\/\/progettotouring.it\/radiotouring104\/wp-content\/uploads\/sites\/6\/2024\/07\/bus-full-electric-ATAM.jpeg\",\"datePublished\":\"2024-08-29T07:50:22+00:00\",\"dateModified\":\"2024-08-29T08:08:43+00:00\",\"description\":\"\\\"Azienda innovativa e dinamica, punta ancora a crescere per servizi sempre pi\u00f9 sostenibili\\\", ha dichiarato il Sindaco Falcomat\u00e0\",\"breadcrumb\":{\"@id\":\"https:\/\/progettotouring.it\/radiotouring104\/2024\/08\/29\/atam-latella-soddifatto-per-linstallazione-nel-deposito-delle-nuove-colonnine-per-la-ricarica-dei-bus-elettrici\/#breadcrumb\"},\"inLanguage\":\"it-IT\",\"potentialAction\":[{\"@type\":\"ReadAction\",\"target\":[\"https:\/\/progettotouring.it\/radiotouring104\/2024\/08\/29\/atam-latella-soddifatto-per-linstallazione-nel-deposito-delle-nuove-colonnine-per-la-ricarica-dei-bus-elettrici\/\"]}]},{\"@type\":\"ImageObject\",\"inLanguage\":\"it-IT\",\"@id\":\"https:\/\/progettotouring.it\/radiotouring104\/2024\/08\/29\/atam-latella-soddifatto-per-linstallazione-nel-deposito-delle-nuove-colonnine-per-la-ricarica-dei-bus-elettrici\/#primaryimage\",\"url\":\"https:\/\/progettotouring.it\/radiotouring104\/wp-content\/uploads\/sites\/6\/2024\/07\/bus-full-electric-ATAM.jpeg\",\"contentUrl\":\"https:\/\/progettotouring.it\/radiotouring104\/wp-content\/uploads\/sites\/6\/2024\/07\/bus-full-electric-ATAM.jpeg\",\"width\":2048,\"height\":2048},{\"@type\":\"BreadcrumbList\",\"@id\":\"https:\/\/progettotouring.it\/radiotouring104\/2024\/08\/29\/atam-latella-soddifatto-per-linstallazione-nel-deposito-delle-nuove-colonnine-per-la-ricarica-dei-bus-elettrici\/#breadcrumb\",\"itemListElement\":[{\"@type\":\"ListItem\",\"position\":1,\"name\":\"Home\",\"item\":\"https:\/\/progettotouring.it\/radiotouring104\/\"},{\"@type\":\"ListItem\",\"position\":2,\"name\":\"Atam: Latella soddifatto per l&#8217;installazione nel deposito delle nuove colonnine per la ricarica dei bus elettrici\"}]},{\"@type\":\"WebSite\",\"@id\":\"https:\/\/progettotouring.it\/radiotouring104\/#website\",\"url\":\"https:\/\/progettotouring.it\/radiotouring104\/\",\"name\":\"Radio Touring 104\",\"description\":\"La prima radio Reggina\",\"publisher\":{\"@id\":\"https:\/\/progettotouring.it\/radiotouring104\/#organization\"},\"potentialAction\":[{\"@type\":\"SearchAction\",\"target\":{\"@type\":\"EntryPoint\",\"urlTemplate\":\"https:\/\/progettotouring.it\/radiotouring104\/?s={search_term_string}\"},\"query-input\":{\"@type\":\"PropertyValueSpecification\",\"valueRequired\":true,\"valueName\":\"search_term_string\"}}],\"inLanguage\":\"it-IT\"},{\"@type\":\"Organization\",\"@id\":\"https:\/\/progettotouring.it\/radiotouring104\/#organization\",\"name\":\"Radio Touring 104\",\"url\":\"https:\/\/progettotouring.it\/radiotouring104\/\",\"logo\":{\"@type\":\"ImageObject\",\"inLanguage\":\"it-IT\",\"@id\":\"https:\/\/progettotouring.it\/radiotouring104\/#\/schema\/logo\/image\/\",\"url\":\"https:\/\/progettotouring.it\/radiotouring104\/wp-content\/uploads\/sites\/6\/2022\/02\/cropped-logo-radio-touring-104.png\",\"contentUrl\":\"https:\/\/progettotouring.it\/radiotouring104\/wp-content\/uploads\/sites\/6\/2022\/02\/cropped-logo-radio-touring-104.png\",\"width\":377,\"height\":182,\"caption\":\"Radio Touring 104\"},\"image\":{\"@id\":\"https:\/\/progettotouring.it\/radiotouring104\/#\/schema\/logo\/image\/\"}},{\"@type\":\"Person\",\"@id\":\"https:\/\/progettotouring.it\/radiotouring104\/#\/schema\/person\/78613917f1851f041f7483f5af1d422e\",\"name\":\"Sebastiano Plutino\",\"image\":{\"@type\":\"ImageObject\",\"inLanguage\":\"it-IT\",\"@id\":\"https:\/\/secure.gravatar.com\/avatar\/0546ffaa9b79224faf9f2a156b67a529ae861d3287c66c1d8ccfdf909bcba78d?s=96&d=mm&r=g\",\"url\":\"https:\/\/secure.gravatar.com\/avatar\/0546ffaa9b79224faf9f2a156b67a529ae861d3287c66c1d8ccfdf909bcba78d?s=96&d=mm&r=g\",\"contentUrl\":\"https:\/\/secure.gravatar.com\/avatar\/0546ffaa9b79224faf9f2a156b67a529ae861d3287c66c1d8ccfdf909bcba78d?s=96&d=mm&r=g\",\"caption\":\"Sebastiano Plutino\"},\"url\":\"https:\/\/progettotouring.it\/radiotouring104\/author\/sebastiano\/\"}]}<\/script>\n<!-- \/ Yoast SEO plugin. -->","yoast_head_json":{"title":"Atam:i nstallate nuove colonnine per la ricarica dei bus elettrici","description":"\"Azienda innovativa e dinamica, punta ancora a crescere per servizi sempre pi\u00f9 sostenibili\", ha dichiarato il Sindaco Falcomat\u00e0","robots":{"index":"index","follow":"follow","max-snippet":"max-snippet:-1","max-image-preview":"max-image-preview:large","max-video-preview":"max-video-preview:-1"},"canonical":"https:\/\/progettotouring.it\/radiotouring104\/2024\/08\/29\/atam-latella-soddifatto-per-linstallazione-nel-deposito-delle-nuove-colonnine-per-la-ricarica-dei-bus-elettrici\/","og_locale":"it_IT","og_type":"article","og_title":"Atam:i nstallate nuove colonnine per la ricarica dei bus elettrici","og_description":"\"Azienda innovativa e dinamica, punta ancora a crescere per servizi sempre pi\u00f9 sostenibili\", ha dichiarato il Sindaco Falcomat\u00e0","og_url":"https:\/\/progettotouring.it\/radiotouring104\/2024\/08\/29\/atam-latella-soddifatto-per-linstallazione-nel-deposito-delle-nuove-colonnine-per-la-ricarica-dei-bus-elettrici\/","og_site_name":"Radio Touring 104","article_published_time":"2024-08-29T07:50:22+00:00","article_modified_time":"2024-08-29T08:08:43+00:00","og_image":[{"width":2048,"height":2048,"url":"https:\/\/progettotouring.it\/radiotouring104\/wp-content\/uploads\/sites\/6\/2024\/07\/bus-full-electric-ATAM.jpeg","type":"image\/jpeg"}],"author":"Sebastiano Plutino","twitter_card":"summary_large_image","twitter_misc":{"Scritto da":"Sebastiano Plutino","Tempo di lettura stimato":"4 minuti"},"schema":{"@context":"https:\/\/schema.org","@graph":[{"@type":"Article","@id":"https:\/\/progettotouring.it\/radiotouring104\/2024\/08\/29\/atam-latella-soddifatto-per-linstallazione-nel-deposito-delle-nuove-colonnine-per-la-ricarica-dei-bus-elettrici\/#article","isPartOf":{"@id":"https:\/\/progettotouring.it\/radiotouring104\/2024\/08\/29\/atam-latella-soddifatto-per-linstallazione-nel-deposito-delle-nuove-colonnine-per-la-ricarica-dei-bus-elettrici\/"},"author":{"name":"Sebastiano Plutino","@id":"https:\/\/progettotouring.it\/radiotouring104\/#\/schema\/person\/78613917f1851f041f7483f5af1d422e"},"headline":"Atam: Latella soddifatto per l&#8217;installazione nel deposito delle nuove colonnine per la ricarica dei bus elettrici","datePublished":"2024-08-29T07:50:22+00:00","dateModified":"2024-08-29T08:08:43+00:00","mainEntityOfPage":{"@id":"https:\/\/progettotouring.it\/radiotouring104\/2024\/08\/29\/atam-latella-soddifatto-per-linstallazione-nel-deposito-delle-nuove-colonnine-per-la-ricarica-dei-bus-elettrici\/"},"wordCount":773,"publisher":{"@id":"https:\/\/progettotouring.it\/radiotouring104\/#organization"},"image":{"@id":"https:\/\/progettotouring.it\/radiotouring104\/2024\/08\/29\/atam-latella-soddifatto-per-linstallazione-nel-deposito-delle-nuove-colonnine-per-la-ricarica-dei-bus-elettrici\/#primaryimage"},"thumbnailUrl":"https:\/\/progettotouring.it\/radiotouring104\/wp-content\/uploads\/sites\/6\/2024\/07\/bus-full-electric-ATAM.jpeg","keywords":["atam","Consigliere Giovanni Latella","uove colonnine per la ricarica dei bus elettrici"],"articleSection":["Home","News","Reggio Calabria"],"inLanguage":"it-IT"},{"@type":"WebPage","@id":"https:\/\/progettotouring.it\/radiotouring104\/2024\/08\/29\/atam-latella-soddifatto-per-linstallazione-nel-deposito-delle-nuove-colonnine-per-la-ricarica-dei-bus-elettrici\/","url":"https:\/\/progettotouring.it\/radiotouring104\/2024\/08\/29\/atam-latella-soddifatto-per-linstallazione-nel-deposito-delle-nuove-colonnine-per-la-ricarica-dei-bus-elettrici\/","name":"Atam:i nstallate nuove colonnine per la ricarica dei bus elettrici","isPartOf":{"@id":"https:\/\/progettotouring.it\/radiotouring104\/#website"},"primaryImageOfPage":{"@id":"https:\/\/progettotouring.it\/radiotouring104\/2024\/08\/29\/atam-latella-soddifatto-per-linstallazione-nel-deposito-delle-nuove-colonnine-per-la-ricarica-dei-bus-elettrici\/#primaryimage"},"image":{"@id":"https:\/\/progettotouring.it\/radiotouring104\/2024\/08\/29\/atam-latella-soddifatto-per-linstallazione-nel-deposito-delle-nuove-colonnine-per-la-ricarica-dei-bus-elettrici\/#primaryimage"},"thumbnailUrl":"https:\/\/progettotouring.it\/radiotouring104\/wp-content\/uploads\/sites\/6\/2024\/07\/bus-full-electric-ATAM.jpeg","datePublished":"2024-08-29T07:50:22+00:00","dateModified":"2024-08-29T08:08:43+00:00","description":"\"Azienda innovativa e dinamica, punta ancora a crescere per servizi sempre pi\u00f9 sostenibili\", ha dichiarato il Sindaco Falcomat\u00e0","breadcrumb":{"@id":"https:\/\/progettotouring.it\/radiotouring104\/2024\/08\/29\/atam-latella-soddifatto-per-linstallazione-nel-deposito-delle-nuove-colonnine-per-la-ricarica-dei-bus-elettrici\/#breadcrumb"},"inLanguage":"it-IT","potentialAction":[{"@type":"ReadAction","target":["https:\/\/progettotouring.it\/radiotouring104\/2024\/08\/29\/atam-latella-soddifatto-per-linstallazione-nel-deposito-delle-nuove-colonnine-per-la-ricarica-dei-bus-elettrici\/"]}]},{"@type":"ImageObject","inLanguage":"it-IT","@id":"https:\/\/progettotouring.it\/radiotouring104\/2024\/08\/29\/atam-latella-soddifatto-per-linstallazione-nel-deposito-delle-nuove-colonnine-per-la-ricarica-dei-bus-elettrici\/#primaryimage","url":"https:\/\/progettotouring.it\/radiotouring104\/wp-content\/uploads\/sites\/6\/2024\/07\/bus-full-electric-ATAM.jpeg","contentUrl":"https:\/\/progettotouring.it\/radiotouring104\/wp-content\/uploads\/sites\/6\/2024\/07\/bus-full-electric-ATAM.jpeg","width":2048,"height":2048},{"@type":"BreadcrumbList","@id":"https:\/\/progettotouring.it\/radiotouring104\/2024\/08\/29\/atam-latella-soddifatto-per-linstallazione-nel-deposito-delle-nuove-colonnine-per-la-ricarica-dei-bus-elettrici\/#breadcrumb","itemListElement":[{"@type":"ListItem","position":1,"name":"Home","item":"https:\/\/progettotouring.it\/radiotouring104\/"},{"@type":"ListItem","position":2,"name":"Atam: Latella soddifatto per l&#8217;installazione nel deposito delle nuove colonnine per la ricarica dei bus elettrici"}]},{"@type":"WebSite","@id":"https:\/\/progettotouring.it\/radiotouring104\/#website","url":"https:\/\/progettotouring.it\/radiotouring104\/","name":"Radio Touring 104","description":"La prima radio Reggina","publisher":{"@id":"https:\/\/progettotouring.it\/radiotouring104\/#organization"},"potentialAction":[{"@type":"SearchAction","target":{"@type":"EntryPoint","urlTemplate":"https:\/\/progettotouring.it\/radiotouring104\/?s={search_term_string}"},"query-input":{"@type":"PropertyValueSpecification","valueRequired":true,"valueName":"search_term_string"}}],"inLanguage":"it-IT"},{"@type":"Organization","@id":"https:\/\/progettotouring.it\/radiotouring104\/#organization","name":"Radio Touring 104","url":"https:\/\/progettotouring.it\/radiotouring104\/","logo":{"@type":"ImageObject","inLanguage":"it-IT","@id":"https:\/\/progettotouring.it\/radiotouring104\/#\/schema\/logo\/image\/","url":"https:\/\/progettotouring.it\/radiotouring104\/wp-content\/uploads\/sites\/6\/2022\/02\/cropped-logo-radio-touring-104.png","contentUrl":"https:\/\/progettotouring.it\/radiotouring104\/wp-content\/uploads\/sites\/6\/2022\/02\/cropped-logo-radio-touring-104.png","width":377,"height":182,"caption":"Radio Touring 104"},"image":{"@id":"https:\/\/progettotouring.it\/radiotouring104\/#\/schema\/logo\/image\/"}},{"@type":"Person","@id":"https:\/\/progettotouring.it\/radiotouring104\/#\/schema\/person\/78613917f1851f041f7483f5af1d422e","name":"Sebastiano Plutino","image":{"@type":"ImageObject","inLanguage":"it-IT","@id":"https:\/\/secure.gravatar.com\/avatar\/0546ffaa9b79224faf9f2a156b67a529ae861d3287c66c1d8ccfdf909bcba78d?s=96&d=mm&r=g","url":"https:\/\/secure.gravatar.com\/avatar\/0546ffaa9b79224faf9f2a156b67a529ae861d3287c66c1d8ccfdf909bcba78d?s=96&d=mm&r=g","contentUrl":"https:\/\/secure.gravatar.com\/avatar\/0546ffaa9b79224faf9f2a156b67a529ae861d3287c66c1d8ccfdf909bcba78d?s=96&d=mm&r=g","caption":"Sebastiano Plutino"},"url":"https:\/\/progettotouring.it\/radiotouring104\/author\/sebastiano\/"}]}},"jetpack_publicize_connections":[],"jetpack_featured_media_url":"https:\/\/progettotouring.it\/radiotouring104\/wp-content\/uploads\/sites\/6\/2024\/07\/bus-full-electric-ATAM.jpeg","jetpack_sharing_enabled":true,"_links":{"self":[{"href":"https:\/\/progettotouring.it\/radiotouring104\/wp-json\/wp\/v2\/posts\/57070","targetHints":{"allow":["GET"]}}],"collection":[{"href":"https:\/\/progettotouring.it\/radiotouring104\/wp-json\/wp\/v2\/posts"}],"about":[{"href":"https:\/\/progettotouring.it\/radiotouring104\/wp-json\/wp\/v2\/types\/post"}],"author":[{"embeddable":true,"href":"https:\/\/progettotouring.it\/radiotouring104\/wp-json\/wp\/v2\/users\/12"}],"replies":[{"embeddable":true,"href":"https:\/\/progettotouring.it\/radiotouring104\/wp-json\/wp\/v2\/comments?post=57070"}],"version-history":[{"count":3,"href":"https:\/\/progettotouring.it\/radiotouring104\/wp-json\/wp\/v2\/posts\/57070\/revisions"}],"predecessor-version":[{"id":57076,"href":"https:\/\/progettotouring.it\/radiotouring104\/wp-json\/wp\/v2\/posts\/57070\/revisions\/57076"}],"wp:featuredmedia":[{"embeddable":true,"href":"https:\/\/progettotouring.it\/radiotouring104\/wp-json\/wp\/v2\/media\/55807"}],"wp:attachment":[{"href":"https:\/\/progettotouring.it\/radiotouring104\/wp-json\/wp\/v2\/media?parent=57070"}],"wp:term":[{"taxonomy":"category","embeddable":true,"href":"https:\/\/progettotouring.it\/radiotouring104\/wp-json\/wp\/v2\/categories?post=57070"},{"taxonomy":"post_tag","embeddable":true,"href":"https:\/\/progettotouring.it\/radiotouring104\/wp-json\/wp\/v2\/tags?post=57070"}],"curies":[{"name":"wp","href":"https:\/\/api.w.org\/{rel}","templated":true}]}}