{"id":57077,"date":"2024-08-29T10:20:12","date_gmt":"2024-08-29T08:20:12","guid":{"rendered":"https:\/\/progettotouring.it\/radiotouring104\/?p=57077"},"modified":"2024-08-29T12:57:42","modified_gmt":"2024-08-29T10:57:42","slug":"poliambulatorio-di-gallico-e-sanita-territoriale-giordano-reset-ora-si-prosegua-col-confronto-e-si-faccia-il-consiglio-comunale","status":"publish","type":"post","link":"https:\/\/progettotouring.it\/radiotouring104\/2024\/08\/29\/poliambulatorio-di-gallico-e-sanita-territoriale-giordano-reset-ora-si-prosegua-col-confronto-e-si-faccia-il-consiglio-comunale\/","title":{"rendered":"Poliambulatorio di Gallico e sanit\u00e0 territoriale, Giordano (Reset): \u00abOra si prosegua col confronto e si faccia il consiglio comunale\u00bb"},"content":{"rendered":"<p dir=\"ltr\" style=\"text-align: justify\">Ha avuto <strong>esito positivo la riunione svoltasi nella sede dell&#8217;Asp<\/strong> di Reggio Calabria con il direttore generale <strong>Lucia Di Furia,<\/strong> richiesta dal presidente del Consiglio comunale <strong>Enzo Marra<\/strong> per scongiurare la paventata chiusura dell&#8217;Asp di Gallico.<strong> \u00a0<\/strong><strong>Una riunione alla quale hanno partecipato,<\/strong> tra gli altri, il presidente della commissione Politiche sociali e della salute, il consigliere<strong> Giovanni Latella,<\/strong> i consiglieri comunali<strong> Giuseppe Giordano, Giuseppe Marino, Franco Barreca<\/strong>.<\/p>\n<p dir=\"ltr\" style=\"text-align: justify\">Un <strong>incontro che \u00e8 servito ad avviare un proficuo confronto tra Asp e Amministrazione comunale sul tema generale della sanit\u00e0 sul territorio<\/strong> della citt\u00e0 di Reggio Calabria. Primo esito dell&#8217;incontro \u00e8 che il direttore <strong>Di Furia ha ribadito che non \u00e8 nelle previsioni dell&#8217;Asp la chiusura del Poliambulatoria di Gallico.\u00a0<\/strong><\/p>\n<p dir=\"ltr\" style=\"text-align: justify\">L&#8217;obiettivo, dopo questa prima riunione, \u00e8<strong> rivedersi tra un mese, per fare il punto su tutta questione relativa alla sanit\u00e0. Resta ferma comunque la volont\u00e0 di convocare un consiglio comunale ah hoc<\/strong> per discutere, come gi\u00e0 anticipato, delle tematiche sanitarie.<\/p>\n<p dir=\"ltr\" style=\"text-align: justify\"><em>\u00abNel corso della riunione<\/em> \u2013<strong> ha affermato Giordano<\/strong><em> &#8211; ho ribadito che \u00e8 necessario che la struttura di Gallico, nell&#8217;ottica pi\u00f9 in generale del potenziamento della sanit\u00e0 del territorio, venga non solo mantenuta, ma debba essere definita come un punto fisso dell&#8217;erogazione dei servizi della citt\u00e0 e che l&#8217;Asp debba porre in essere un processo immediato di reintegro\u00a0 del personale, considerato il turnover degli amministrativi, andati o prossimi alla quiescenza, per garantire gli elevati target erogati fino ad oggi dalla struttura. Devono essere potenziate le specialistiche affinch\u00e9 questa struttura possa consolidarsi in una strategia che deve vedere sul territorio comunale un ampliamento delle strutture: passando dal polo Nord di Gallico, al polo Sud di via Padova e con il possibile recupero del poliambulatorio nel territorio di Pellaro poich\u00e9 la citt\u00e0, per il numero di abitanti, la sua configurazione territoriale e il bacino d&#8217;utenza notevole ha necessit\u00e0 di avere una rete adeguata e di prossimit\u00e0 soprattutto nelle aree periferiche. Si \u00e8 ribadito inoltre che la sede debba diventare una della Unit\u00e0 delle Cure primarie complesse affinch\u00e9 la struttura\u00a0 di Gallico possa effettivamente fare un salto di qualit\u00e0\u00bb.<\/em><\/p>\n<p dir=\"ltr\" style=\"text-align: justify\"><strong>Rassicuranti in generale le risposte del direttore Di Furia<\/strong> che ha evidenziato la ferma volont\u00e0 di voler rafforzare la medicina sul territorio.<\/p>\n<p dir=\"ltr\" style=\"text-align: justify\"><em>\u00abCome consiglieri \u2013<\/em><strong> ha aggiunto Giordano \u2013<\/strong><em> abbiamo ribadito che anche in futuro i presidi esistenti non dovranno mai essere suppliti da eventuali messe in esercizio delle due case di comunit\u00e0 che si trovano all&#8217;interno della citt\u00e0 di Reggio Calabria. Comunque \u00e8 importante che tutti questi temi vengano affrontati anche in consiglio comunale e il direttore ha dato gi\u00e0 la sua disponibilit\u00e0 a parteciparvi. Pertanto dopo l\u2019attivit\u00e0 di commissione e questo primo tavolo tecnico e dei successivi sar\u00e0 necessario che il consiglio comunale assuma determinazioni sull\u2019organizzazione della sanit\u00e0 della citt\u00e0 integrando anche l\u2019Atto aziendale dell\u2019Asp\u00bb.<\/em><\/p>\n<p dir=\"ltr\" style=\"text-align: justify\"><em>Sulla questione dei fitti passivi <strong>\u2013<\/strong><\/em><strong> ha detto il consigliere<\/strong> &#8211;<em> si tratta di un tema che non pu\u00f2 riguardare la struttura di Gallico che \u00e8 un presidio sempre in attivo sia sotto il profilo delle prestazione, sia su quello economico, tenuto conto che il diritto alla salute non pu\u00f2 essere mai considerato un \u201ccosto\u201d. Il direttore ha assicurato che non \u00e8 quello del fitto il tema del mantenimento del poliambulatorio di Gallico e che comunque il rinnovo del contratto per un anno sar\u00e0 attuato per tutte le strutture sanitarie. In ogni caso, saranno trovate soluzioni che, riteniamo, debbano essere assicurate dalla Regione e dall&#8217;Asp per le loro competenze specifiche\u00bb.<\/em><\/p>\n<p dir=\"ltr\" style=\"text-align: justify\"><em>\u00abIl potenziamento della struttura<\/em> \u2013<strong> ha concluso il consigliere<\/strong> \u2013<em> significa mantenere anche la continuit\u00e0 assistenziale che viene erogata attraverso il punto della guardia medica. In particolare, il\u00a0 tema del riordino delle postazioni delle guardie mediche sar\u00e0 oggetto di discussione in Conferenza dei sindaci per trovare soluzioni adeguate al mantenimento. Su mia richiesta, il direttore ha specificato che anche nella zona Nord si dar\u00e0 luogo a un&#8217;Aggregazione funzionale territoriale che riguarda il sistema di unione dei medici di base per garantire la continuit\u00e0 assistenziale\u00bb.<\/em><\/p>\n","protected":false},"excerpt":{"rendered":"<p>Ha avuto esito positivo la riunione svoltasi nella sede dell&#8217;Asp di Reggio Calabria con il direttore generale Lucia Di Furia, richiesta dal presidente del Consiglio comunale Enzo Marra per scongiurare&hellip;<\/p>\n","protected":false},"author":12,"featured_media":20191,"comment_status":"closed","ping_status":"open","sticky":false,"template":"","format":"standard","meta":{"_jetpack_memberships_contains_paid_content":false,"footnotes":"","jetpack_publicize_message":"","jetpack_publicize_feature_enabled":true,"jetpack_social_post_already_shared":false,"jetpack_social_options":{"image_generator_settings":{"template":"highway","default_image_id":0,"font":"","enabled":false},"version":2}},"categories":[921,150,196,140],"tags":[12998,26045,19100,1763,35089,35090],"class_list":["post-57077","post","type-post","status-publish","format-standard","has-post-thumbnail","hentry","category-home","category-in-primo-piano","category-news","category-reggio-calabria","tag-asp-reggio-calabria","tag-consigliere-giovanni-latella","tag-dott-ssa-lucia-di-furia","tag-giuseppe-giordano","tag-poliambulatorio-di-gallico","tag-sanita-territoriale"],"yoast_head":"<!-- This site is optimized with the Yoast SEO plugin v27.2 - https:\/\/yoast.com\/product\/yoast-seo-wordpress\/ -->\n<title>Poliambulatorio di Gallico, Giordano: &quot;Si prosegua col confronto&quot;<\/title>\n<meta name=\"description\" content=\"Il consigliere, dopo la positiva riunione all&#039;Asp chiede si continui con il confronto e che il Consiglio assuma determinazioni su questione\" \/>\n<meta name=\"robots\" content=\"index, follow, max-snippet:-1, max-image-preview:large, max-video-preview:-1\" \/>\n<link rel=\"canonical\" href=\"https:\/\/progettotouring.it\/radiotouring104\/2024\/08\/29\/poliambulatorio-di-gallico-e-sanita-territoriale-giordano-reset-ora-si-prosegua-col-confronto-e-si-faccia-il-consiglio-comunale\/\" \/>\n<meta property=\"og:locale\" content=\"it_IT\" \/>\n<meta property=\"og:type\" content=\"article\" \/>\n<meta property=\"og:title\" content=\"Poliambulatorio di Gallico, Giordano: &quot;Si prosegua col confronto&quot;\" \/>\n<meta property=\"og:description\" content=\"Il consigliere, dopo la positiva riunione all&#039;Asp chiede si continui con il confronto e che il Consiglio assuma determinazioni su questione\" \/>\n<meta property=\"og:url\" content=\"https:\/\/progettotouring.it\/radiotouring104\/2024\/08\/29\/poliambulatorio-di-gallico-e-sanita-territoriale-giordano-reset-ora-si-prosegua-col-confronto-e-si-faccia-il-consiglio-comunale\/\" \/>\n<meta property=\"og:site_name\" content=\"Radio Touring 104\" \/>\n<meta property=\"article:published_time\" content=\"2024-08-29T08:20:12+00:00\" \/>\n<meta property=\"article:modified_time\" content=\"2024-08-29T10:57:42+00:00\" \/>\n<meta property=\"og:image\" content=\"https:\/\/progettotouring.it\/radiotouring104\/wp-content\/uploads\/sites\/6\/2023\/03\/giuseppe-giordano-consigliere.jpeg\" \/>\n\t<meta property=\"og:image:width\" content=\"1079\" \/>\n\t<meta property=\"og:image:height\" content=\"868\" \/>\n\t<meta property=\"og:image:type\" content=\"image\/jpeg\" \/>\n<meta name=\"author\" content=\"Sebastiano Plutino\" \/>\n<meta name=\"twitter:card\" content=\"summary_large_image\" \/>\n<meta name=\"twitter:label1\" content=\"Scritto da\" \/>\n\t<meta name=\"twitter:data1\" content=\"Sebastiano Plutino\" \/>\n\t<meta name=\"twitter:label2\" content=\"Tempo di lettura stimato\" \/>\n\t<meta name=\"twitter:data2\" content=\"3 minuti\" \/>\n<script type=\"application\/ld+json\" class=\"yoast-schema-graph\">{\"@context\":\"https:\/\/schema.org\",\"@graph\":[{\"@type\":\"Article\",\"@id\":\"https:\/\/progettotouring.it\/radiotouring104\/2024\/08\/29\/poliambulatorio-di-gallico-e-sanita-territoriale-giordano-reset-ora-si-prosegua-col-confronto-e-si-faccia-il-consiglio-comunale\/#article\",\"isPartOf\":{\"@id\":\"https:\/\/progettotouring.it\/radiotouring104\/2024\/08\/29\/poliambulatorio-di-gallico-e-sanita-territoriale-giordano-reset-ora-si-prosegua-col-confronto-e-si-faccia-il-consiglio-comunale\/\"},\"author\":{\"name\":\"Sebastiano Plutino\",\"@id\":\"https:\/\/progettotouring.it\/radiotouring104\/#\/schema\/person\/78613917f1851f041f7483f5af1d422e\"},\"headline\":\"Poliambulatorio di Gallico e sanit\u00e0 territoriale, Giordano (Reset): \u00abOra si prosegua col confronto e si faccia il consiglio comunale\u00bb\",\"datePublished\":\"2024-08-29T08:20:12+00:00\",\"dateModified\":\"2024-08-29T10:57:42+00:00\",\"mainEntityOfPage\":{\"@id\":\"https:\/\/progettotouring.it\/radiotouring104\/2024\/08\/29\/poliambulatorio-di-gallico-e-sanita-territoriale-giordano-reset-ora-si-prosegua-col-confronto-e-si-faccia-il-consiglio-comunale\/\"},\"wordCount\":662,\"publisher\":{\"@id\":\"https:\/\/progettotouring.it\/radiotouring104\/#organization\"},\"image\":{\"@id\":\"https:\/\/progettotouring.it\/radiotouring104\/2024\/08\/29\/poliambulatorio-di-gallico-e-sanita-territoriale-giordano-reset-ora-si-prosegua-col-confronto-e-si-faccia-il-consiglio-comunale\/#primaryimage\"},\"thumbnailUrl\":\"https:\/\/progettotouring.it\/radiotouring104\/wp-content\/uploads\/sites\/6\/2023\/03\/giuseppe-giordano-consigliere.jpeg\",\"keywords\":[\"Asp Reggio Calabria\",\"Consigliere Giovanni Latella\",\"dott.ssa Lucia Di Furia\",\"Giuseppe Giordano\",\"Poliambulatorio di Gallico\",\"Sanit\u00e0 territoriale\"],\"articleSection\":[\"Home\",\"In primo piano\",\"News\",\"Reggio Calabria\"],\"inLanguage\":\"it-IT\"},{\"@type\":\"WebPage\",\"@id\":\"https:\/\/progettotouring.it\/radiotouring104\/2024\/08\/29\/poliambulatorio-di-gallico-e-sanita-territoriale-giordano-reset-ora-si-prosegua-col-confronto-e-si-faccia-il-consiglio-comunale\/\",\"url\":\"https:\/\/progettotouring.it\/radiotouring104\/2024\/08\/29\/poliambulatorio-di-gallico-e-sanita-territoriale-giordano-reset-ora-si-prosegua-col-confronto-e-si-faccia-il-consiglio-comunale\/\",\"name\":\"Poliambulatorio di Gallico, Giordano: \\\"Si prosegua col confronto\\\"\",\"isPartOf\":{\"@id\":\"https:\/\/progettotouring.it\/radiotouring104\/#website\"},\"primaryImageOfPage\":{\"@id\":\"https:\/\/progettotouring.it\/radiotouring104\/2024\/08\/29\/poliambulatorio-di-gallico-e-sanita-territoriale-giordano-reset-ora-si-prosegua-col-confronto-e-si-faccia-il-consiglio-comunale\/#primaryimage\"},\"image\":{\"@id\":\"https:\/\/progettotouring.it\/radiotouring104\/2024\/08\/29\/poliambulatorio-di-gallico-e-sanita-territoriale-giordano-reset-ora-si-prosegua-col-confronto-e-si-faccia-il-consiglio-comunale\/#primaryimage\"},\"thumbnailUrl\":\"https:\/\/progettotouring.it\/radiotouring104\/wp-content\/uploads\/sites\/6\/2023\/03\/giuseppe-giordano-consigliere.jpeg\",\"datePublished\":\"2024-08-29T08:20:12+00:00\",\"dateModified\":\"2024-08-29T10:57:42+00:00\",\"description\":\"Il consigliere, dopo la positiva riunione all'Asp chiede si continui con il confronto e che il Consiglio assuma determinazioni su questione\",\"breadcrumb\":{\"@id\":\"https:\/\/progettotouring.it\/radiotouring104\/2024\/08\/29\/poliambulatorio-di-gallico-e-sanita-territoriale-giordano-reset-ora-si-prosegua-col-confronto-e-si-faccia-il-consiglio-comunale\/#breadcrumb\"},\"inLanguage\":\"it-IT\",\"potentialAction\":[{\"@type\":\"ReadAction\",\"target\":[\"https:\/\/progettotouring.it\/radiotouring104\/2024\/08\/29\/poliambulatorio-di-gallico-e-sanita-territoriale-giordano-reset-ora-si-prosegua-col-confronto-e-si-faccia-il-consiglio-comunale\/\"]}]},{\"@type\":\"ImageObject\",\"inLanguage\":\"it-IT\",\"@id\":\"https:\/\/progettotouring.it\/radiotouring104\/2024\/08\/29\/poliambulatorio-di-gallico-e-sanita-territoriale-giordano-reset-ora-si-prosegua-col-confronto-e-si-faccia-il-consiglio-comunale\/#primaryimage\",\"url\":\"https:\/\/progettotouring.it\/radiotouring104\/wp-content\/uploads\/sites\/6\/2023\/03\/giuseppe-giordano-consigliere.jpeg\",\"contentUrl\":\"https:\/\/progettotouring.it\/radiotouring104\/wp-content\/uploads\/sites\/6\/2023\/03\/giuseppe-giordano-consigliere.jpeg\",\"width\":1079,\"height\":868},{\"@type\":\"BreadcrumbList\",\"@id\":\"https:\/\/progettotouring.it\/radiotouring104\/2024\/08\/29\/poliambulatorio-di-gallico-e-sanita-territoriale-giordano-reset-ora-si-prosegua-col-confronto-e-si-faccia-il-consiglio-comunale\/#breadcrumb\",\"itemListElement\":[{\"@type\":\"ListItem\",\"position\":1,\"name\":\"Home\",\"item\":\"https:\/\/progettotouring.it\/radiotouring104\/\"},{\"@type\":\"ListItem\",\"position\":2,\"name\":\"Poliambulatorio di Gallico e sanit\u00e0 territoriale, Giordano (Reset): \u00abOra si prosegua col confronto e si faccia il consiglio comunale\u00bb\"}]},{\"@type\":\"WebSite\",\"@id\":\"https:\/\/progettotouring.it\/radiotouring104\/#website\",\"url\":\"https:\/\/progettotouring.it\/radiotouring104\/\",\"name\":\"Radio Touring 104\",\"description\":\"La prima radio Reggina\",\"publisher\":{\"@id\":\"https:\/\/progettotouring.it\/radiotouring104\/#organization\"},\"potentialAction\":[{\"@type\":\"SearchAction\",\"target\":{\"@type\":\"EntryPoint\",\"urlTemplate\":\"https:\/\/progettotouring.it\/radiotouring104\/?s={search_term_string}\"},\"query-input\":{\"@type\":\"PropertyValueSpecification\",\"valueRequired\":true,\"valueName\":\"search_term_string\"}}],\"inLanguage\":\"it-IT\"},{\"@type\":\"Organization\",\"@id\":\"https:\/\/progettotouring.it\/radiotouring104\/#organization\",\"name\":\"Radio Touring 104\",\"url\":\"https:\/\/progettotouring.it\/radiotouring104\/\",\"logo\":{\"@type\":\"ImageObject\",\"inLanguage\":\"it-IT\",\"@id\":\"https:\/\/progettotouring.it\/radiotouring104\/#\/schema\/logo\/image\/\",\"url\":\"https:\/\/progettotouring.it\/radiotouring104\/wp-content\/uploads\/sites\/6\/2022\/02\/cropped-logo-radio-touring-104.png\",\"contentUrl\":\"https:\/\/progettotouring.it\/radiotouring104\/wp-content\/uploads\/sites\/6\/2022\/02\/cropped-logo-radio-touring-104.png\",\"width\":377,\"height\":182,\"caption\":\"Radio Touring 104\"},\"image\":{\"@id\":\"https:\/\/progettotouring.it\/radiotouring104\/#\/schema\/logo\/image\/\"}},{\"@type\":\"Person\",\"@id\":\"https:\/\/progettotouring.it\/radiotouring104\/#\/schema\/person\/78613917f1851f041f7483f5af1d422e\",\"name\":\"Sebastiano Plutino\",\"image\":{\"@type\":\"ImageObject\",\"inLanguage\":\"it-IT\",\"@id\":\"https:\/\/secure.gravatar.com\/avatar\/0546ffaa9b79224faf9f2a156b67a529ae861d3287c66c1d8ccfdf909bcba78d?s=96&d=mm&r=g\",\"url\":\"https:\/\/secure.gravatar.com\/avatar\/0546ffaa9b79224faf9f2a156b67a529ae861d3287c66c1d8ccfdf909bcba78d?s=96&d=mm&r=g\",\"contentUrl\":\"https:\/\/secure.gravatar.com\/avatar\/0546ffaa9b79224faf9f2a156b67a529ae861d3287c66c1d8ccfdf909bcba78d?s=96&d=mm&r=g\",\"caption\":\"Sebastiano Plutino\"},\"url\":\"https:\/\/progettotouring.it\/radiotouring104\/author\/sebastiano\/\"}]}<\/script>\n<!-- \/ Yoast SEO plugin. -->","yoast_head_json":{"title":"Poliambulatorio di Gallico, Giordano: \"Si prosegua col confronto\"","description":"Il consigliere, dopo la positiva riunione all'Asp chiede si continui con il confronto e che il Consiglio assuma determinazioni su questione","robots":{"index":"index","follow":"follow","max-snippet":"max-snippet:-1","max-image-preview":"max-image-preview:large","max-video-preview":"max-video-preview:-1"},"canonical":"https:\/\/progettotouring.it\/radiotouring104\/2024\/08\/29\/poliambulatorio-di-gallico-e-sanita-territoriale-giordano-reset-ora-si-prosegua-col-confronto-e-si-faccia-il-consiglio-comunale\/","og_locale":"it_IT","og_type":"article","og_title":"Poliambulatorio di Gallico, Giordano: \"Si prosegua col confronto\"","og_description":"Il consigliere, dopo la positiva riunione all'Asp chiede si continui con il confronto e che il Consiglio assuma determinazioni su questione","og_url":"https:\/\/progettotouring.it\/radiotouring104\/2024\/08\/29\/poliambulatorio-di-gallico-e-sanita-territoriale-giordano-reset-ora-si-prosegua-col-confronto-e-si-faccia-il-consiglio-comunale\/","og_site_name":"Radio Touring 104","article_published_time":"2024-08-29T08:20:12+00:00","article_modified_time":"2024-08-29T10:57:42+00:00","og_image":[{"width":1079,"height":868,"url":"https:\/\/progettotouring.it\/radiotouring104\/wp-content\/uploads\/sites\/6\/2023\/03\/giuseppe-giordano-consigliere.jpeg","type":"image\/jpeg"}],"author":"Sebastiano Plutino","twitter_card":"summary_large_image","twitter_misc":{"Scritto da":"Sebastiano Plutino","Tempo di lettura stimato":"3 minuti"},"schema":{"@context":"https:\/\/schema.org","@graph":[{"@type":"Article","@id":"https:\/\/progettotouring.it\/radiotouring104\/2024\/08\/29\/poliambulatorio-di-gallico-e-sanita-territoriale-giordano-reset-ora-si-prosegua-col-confronto-e-si-faccia-il-consiglio-comunale\/#article","isPartOf":{"@id":"https:\/\/progettotouring.it\/radiotouring104\/2024\/08\/29\/poliambulatorio-di-gallico-e-sanita-territoriale-giordano-reset-ora-si-prosegua-col-confronto-e-si-faccia-il-consiglio-comunale\/"},"author":{"name":"Sebastiano Plutino","@id":"https:\/\/progettotouring.it\/radiotouring104\/#\/schema\/person\/78613917f1851f041f7483f5af1d422e"},"headline":"Poliambulatorio di Gallico e sanit\u00e0 territoriale, Giordano (Reset): \u00abOra si prosegua col confronto e si faccia il consiglio comunale\u00bb","datePublished":"2024-08-29T08:20:12+00:00","dateModified":"2024-08-29T10:57:42+00:00","mainEntityOfPage":{"@id":"https:\/\/progettotouring.it\/radiotouring104\/2024\/08\/29\/poliambulatorio-di-gallico-e-sanita-territoriale-giordano-reset-ora-si-prosegua-col-confronto-e-si-faccia-il-consiglio-comunale\/"},"wordCount":662,"publisher":{"@id":"https:\/\/progettotouring.it\/radiotouring104\/#organization"},"image":{"@id":"https:\/\/progettotouring.it\/radiotouring104\/2024\/08\/29\/poliambulatorio-di-gallico-e-sanita-territoriale-giordano-reset-ora-si-prosegua-col-confronto-e-si-faccia-il-consiglio-comunale\/#primaryimage"},"thumbnailUrl":"https:\/\/progettotouring.it\/radiotouring104\/wp-content\/uploads\/sites\/6\/2023\/03\/giuseppe-giordano-consigliere.jpeg","keywords":["Asp Reggio Calabria","Consigliere Giovanni Latella","dott.ssa Lucia Di Furia","Giuseppe Giordano","Poliambulatorio di Gallico","Sanit\u00e0 territoriale"],"articleSection":["Home","In primo piano","News","Reggio Calabria"],"inLanguage":"it-IT"},{"@type":"WebPage","@id":"https:\/\/progettotouring.it\/radiotouring104\/2024\/08\/29\/poliambulatorio-di-gallico-e-sanita-territoriale-giordano-reset-ora-si-prosegua-col-confronto-e-si-faccia-il-consiglio-comunale\/","url":"https:\/\/progettotouring.it\/radiotouring104\/2024\/08\/29\/poliambulatorio-di-gallico-e-sanita-territoriale-giordano-reset-ora-si-prosegua-col-confronto-e-si-faccia-il-consiglio-comunale\/","name":"Poliambulatorio di Gallico, Giordano: \"Si prosegua col confronto\"","isPartOf":{"@id":"https:\/\/progettotouring.it\/radiotouring104\/#website"},"primaryImageOfPage":{"@id":"https:\/\/progettotouring.it\/radiotouring104\/2024\/08\/29\/poliambulatorio-di-gallico-e-sanita-territoriale-giordano-reset-ora-si-prosegua-col-confronto-e-si-faccia-il-consiglio-comunale\/#primaryimage"},"image":{"@id":"https:\/\/progettotouring.it\/radiotouring104\/2024\/08\/29\/poliambulatorio-di-gallico-e-sanita-territoriale-giordano-reset-ora-si-prosegua-col-confronto-e-si-faccia-il-consiglio-comunale\/#primaryimage"},"thumbnailUrl":"https:\/\/progettotouring.it\/radiotouring104\/wp-content\/uploads\/sites\/6\/2023\/03\/giuseppe-giordano-consigliere.jpeg","datePublished":"2024-08-29T08:20:12+00:00","dateModified":"2024-08-29T10:57:42+00:00","description":"Il consigliere, dopo la positiva riunione all'Asp chiede si continui con il confronto e che il Consiglio assuma determinazioni su questione","breadcrumb":{"@id":"https:\/\/progettotouring.it\/radiotouring104\/2024\/08\/29\/poliambulatorio-di-gallico-e-sanita-territoriale-giordano-reset-ora-si-prosegua-col-confronto-e-si-faccia-il-consiglio-comunale\/#breadcrumb"},"inLanguage":"it-IT","potentialAction":[{"@type":"ReadAction","target":["https:\/\/progettotouring.it\/radiotouring104\/2024\/08\/29\/poliambulatorio-di-gallico-e-sanita-territoriale-giordano-reset-ora-si-prosegua-col-confronto-e-si-faccia-il-consiglio-comunale\/"]}]},{"@type":"ImageObject","inLanguage":"it-IT","@id":"https:\/\/progettotouring.it\/radiotouring104\/2024\/08\/29\/poliambulatorio-di-gallico-e-sanita-territoriale-giordano-reset-ora-si-prosegua-col-confronto-e-si-faccia-il-consiglio-comunale\/#primaryimage","url":"https:\/\/progettotouring.it\/radiotouring104\/wp-content\/uploads\/sites\/6\/2023\/03\/giuseppe-giordano-consigliere.jpeg","contentUrl":"https:\/\/progettotouring.it\/radiotouring104\/wp-content\/uploads\/sites\/6\/2023\/03\/giuseppe-giordano-consigliere.jpeg","width":1079,"height":868},{"@type":"BreadcrumbList","@id":"https:\/\/progettotouring.it\/radiotouring104\/2024\/08\/29\/poliambulatorio-di-gallico-e-sanita-territoriale-giordano-reset-ora-si-prosegua-col-confronto-e-si-faccia-il-consiglio-comunale\/#breadcrumb","itemListElement":[{"@type":"ListItem","position":1,"name":"Home","item":"https:\/\/progettotouring.it\/radiotouring104\/"},{"@type":"ListItem","position":2,"name":"Poliambulatorio di Gallico e sanit\u00e0 territoriale, Giordano (Reset): \u00abOra si prosegua col confronto e si faccia il consiglio comunale\u00bb"}]},{"@type":"WebSite","@id":"https:\/\/progettotouring.it\/radiotouring104\/#website","url":"https:\/\/progettotouring.it\/radiotouring104\/","name":"Radio Touring 104","description":"La prima radio Reggina","publisher":{"@id":"https:\/\/progettotouring.it\/radiotouring104\/#organization"},"potentialAction":[{"@type":"SearchAction","target":{"@type":"EntryPoint","urlTemplate":"https:\/\/progettotouring.it\/radiotouring104\/?s={search_term_string}"},"query-input":{"@type":"PropertyValueSpecification","valueRequired":true,"valueName":"search_term_string"}}],"inLanguage":"it-IT"},{"@type":"Organization","@id":"https:\/\/progettotouring.it\/radiotouring104\/#organization","name":"Radio Touring 104","url":"https:\/\/progettotouring.it\/radiotouring104\/","logo":{"@type":"ImageObject","inLanguage":"it-IT","@id":"https:\/\/progettotouring.it\/radiotouring104\/#\/schema\/logo\/image\/","url":"https:\/\/progettotouring.it\/radiotouring104\/wp-content\/uploads\/sites\/6\/2022\/02\/cropped-logo-radio-touring-104.png","contentUrl":"https:\/\/progettotouring.it\/radiotouring104\/wp-content\/uploads\/sites\/6\/2022\/02\/cropped-logo-radio-touring-104.png","width":377,"height":182,"caption":"Radio Touring 104"},"image":{"@id":"https:\/\/progettotouring.it\/radiotouring104\/#\/schema\/logo\/image\/"}},{"@type":"Person","@id":"https:\/\/progettotouring.it\/radiotouring104\/#\/schema\/person\/78613917f1851f041f7483f5af1d422e","name":"Sebastiano Plutino","image":{"@type":"ImageObject","inLanguage":"it-IT","@id":"https:\/\/secure.gravatar.com\/avatar\/0546ffaa9b79224faf9f2a156b67a529ae861d3287c66c1d8ccfdf909bcba78d?s=96&d=mm&r=g","url":"https:\/\/secure.gravatar.com\/avatar\/0546ffaa9b79224faf9f2a156b67a529ae861d3287c66c1d8ccfdf909bcba78d?s=96&d=mm&r=g","contentUrl":"https:\/\/secure.gravatar.com\/avatar\/0546ffaa9b79224faf9f2a156b67a529ae861d3287c66c1d8ccfdf909bcba78d?s=96&d=mm&r=g","caption":"Sebastiano Plutino"},"url":"https:\/\/progettotouring.it\/radiotouring104\/author\/sebastiano\/"}]}},"jetpack_publicize_connections":[],"jetpack_featured_media_url":"https:\/\/progettotouring.it\/radiotouring104\/wp-content\/uploads\/sites\/6\/2023\/03\/giuseppe-giordano-consigliere.jpeg","jetpack_sharing_enabled":true,"_links":{"self":[{"href":"https:\/\/progettotouring.it\/radiotouring104\/wp-json\/wp\/v2\/posts\/57077","targetHints":{"allow":["GET"]}}],"collection":[{"href":"https:\/\/progettotouring.it\/radiotouring104\/wp-json\/wp\/v2\/posts"}],"about":[{"href":"https:\/\/progettotouring.it\/radiotouring104\/wp-json\/wp\/v2\/types\/post"}],"author":[{"embeddable":true,"href":"https:\/\/progettotouring.it\/radiotouring104\/wp-json\/wp\/v2\/users\/12"}],"replies":[{"embeddable":true,"href":"https:\/\/progettotouring.it\/radiotouring104\/wp-json\/wp\/v2\/comments?post=57077"}],"version-history":[{"count":2,"href":"https:\/\/progettotouring.it\/radiotouring104\/wp-json\/wp\/v2\/posts\/57077\/revisions"}],"predecessor-version":[{"id":57079,"href":"https:\/\/progettotouring.it\/radiotouring104\/wp-json\/wp\/v2\/posts\/57077\/revisions\/57079"}],"wp:featuredmedia":[{"embeddable":true,"href":"https:\/\/progettotouring.it\/radiotouring104\/wp-json\/wp\/v2\/media\/20191"}],"wp:attachment":[{"href":"https:\/\/progettotouring.it\/radiotouring104\/wp-json\/wp\/v2\/media?parent=57077"}],"wp:term":[{"taxonomy":"category","embeddable":true,"href":"https:\/\/progettotouring.it\/radiotouring104\/wp-json\/wp\/v2\/categories?post=57077"},{"taxonomy":"post_tag","embeddable":true,"href":"https:\/\/progettotouring.it\/radiotouring104\/wp-json\/wp\/v2\/tags?post=57077"}],"curies":[{"name":"wp","href":"https:\/\/api.w.org\/{rel}","templated":true}]}}