{"id":57087,"date":"2024-08-29T11:12:27","date_gmt":"2024-08-29T09:12:27","guid":{"rendered":"https:\/\/progettotouring.it\/radiotouring104\/?p=57087"},"modified":"2024-08-29T11:12:39","modified_gmt":"2024-08-29T09:12:39","slug":"oriolo-il-31-agosto-la-finalissima-di-miss-italia-calabria-2024","status":"publish","type":"post","link":"https:\/\/progettotouring.it\/radiotouring104\/2024\/08\/29\/oriolo-il-31-agosto-la-finalissima-di-miss-italia-calabria-2024\/","title":{"rendered":"Oriolo: il 31 agosto la finalissima di Miss Italia Calabria 2024"},"content":{"rendered":"<p class=\"xmprfx_MsoNormal\" style=\"text-align: justify\"><span style=\"font-family: times new roman, serif\">\u00c8 iniziato il conto alla rovescia e l\u2019attesa \u00e8 palpabile:<strong> il 31 agosto, ore 20.30, il borgo incantato di Oriolo<\/strong>, insignito del prestigioso titolo di Borgo pi\u00f9 Bello d\u2019Italia e della Bandiera Arancione del Touring Club Italiano, <strong>diventer\u00e0 il palcoscenico della finalissima di Miss Italia Calabria 2024,<\/strong> durante la quale verr\u00e0 incoronata la prossima ambasciatrice di bellezza calabrese.<\/span><\/p>\n<p class=\"xmprfx_MsoNormal\" style=\"text-align: justify\"><span style=\"font-family: times new roman, serif\"><strong>Super ospiti della serata saranno i Tiromancino,<\/strong> una delle band pi\u00f9 influenti della musica leggera italiana, nella loro unica data in Calabria<strong>. La madrina dell&#8217;evento sar\u00e0 Miss Italia 2023, Francesca Bergesio.<\/strong> Questo incantevole angolo dell&#8217;Alto Ionio Cosentino non solo ospiter\u00e0 l\u2019evento di bellezza pi\u00f9 atteso dell\u2019estate, ma celebrer\u00e0 anche un decennio di successi nella gestione regionale del concorso, curata da <strong>Linda Suriano e Carmelo Ambrogi<\/strong>o, titolari della Carli Fashion Agency.<\/span><\/p>\n<p class=\"xmprfx_MsoNormal\" style=\"text-align: justify\"><span style=\"font-family: times new roman, serif\"><strong>Linda Suriano e Carmelo Ambrogio hanno voluto ringraziare<\/strong> tutti coloro che hanno reso possibile questa straordinaria avventura di Miss Italia Calabria:<em> \u00abIl successo di questo evento non sarebbe stato possibile senza il sostegno e l&#8217;impegno di molte persone, associazioni e istituzioni. Ringraziamo l\u2019amministrazione comunale di Oriolo, in particolare il sindaco Simona Colotta e il vicesindaco Agostino Diego, per averci riconfermati, ospitando la finalissima in una localit\u00e0 cos\u00ec suggestiva. Abbiamo scelto Oriolo anche quest\u2019anno perch\u00e9 \u00e8 uno dei Borghi pi\u00f9 belli d\u2019Italia e Bandiera Arancione, ma soprattutto, per il calore e l\u2019accoglienza che la comunit\u00e0 ci ha riservato nella precedente edizione. In occasione di questa finalissima, avremo dei super ospiti. Ci saranno tantissime sorprese e un gran gal\u00e0 a fine serata. \u00c8 stato un lungo tour. Siamo arrivati a 38 serate. Siamo stanchi ma carichi e orgogliosi per una grandissima stagione che, giunta al decimo anno di gestione, \u00e8 stata la migliore fino ad oggi. Ringraziamo la nostra instancabile squadra di professionisti. Il loro impegno, la loro passione e la loro professionalit\u00e0 sono la linfa vitale di Miss Italia Calabria. Subito dopo la finalissima di Oriolo saremo impegnati, per il terzo anno consecutivo, insieme al nostro team nell\u2019organizzazione delle prefinali, dell\u2019Accademy e della finale nazionale di Miss Italia. Ringraziamo la nostra patron Patrizia Mirigliani per la fiducia riposta in noi da dieci anni per Miss Italia Calabria e da tre anni per l\u2019organizzazione delle prefinali e finali nazionali. Ringraziamo tutto lo staff nazionale di Miss Italia. Infine, un grazie va alle concorrenti e alle loro famiglie\u00bb.<\/em><\/span><\/p>\n<p class=\"xmprfx_MsoNormal\" style=\"text-align: justify\"><span style=\"font-family: times new roman, serif\"><strong>Il sindaco del Comune di Oriolo Simona Colotta:<\/strong> <em>\u00abSiamo veramente onorati di ospitare per il secondo anno consecutivo la finalissima di Miss Italia Calabria. Una kermesse che d\u00e0 un\u2019importante visibilit\u00e0 al nostro paese e che, quest\u2019anno, si lega al Festival nazionale dei borghi pi\u00f9 belli d\u2019Italia che far\u00e0 tappa a Oriolo il 6 settembre. \u00c8 un momento molto importante per la nostra comunit\u00e0. Ospiti d\u2019eccezione del 31 agosto saranno i Tiromancino. Unica tappa in Calabria. Tanto entusiasmo, tanto fermento e numerose aspettative attorno questa manifestazione che stiamo attendendo da un anno. Ringrazio l\u2019amministrazione comunale e gli organizzatori che stanno lavorando alacremente per la riuscita dell\u2019evento\u00bb.<\/em><\/span><\/p>\n<p class=\"xmprfx_MsoNormal\" style=\"text-align: justify\"><span style=\"font-family: times new roman, serif\">Oriolo, con il suo fascino storico e culturale, offrir\u00e0 un palcoscenico mozzafiato per la competizione che vedr\u00e0 confrontarsi le 23 concorrenti selezionate durante le precedenti selezioni per accedere alle prefinali nazionali di Miss Italia che si terranno dal 4 al 7 settembre presso il Centro Vacanze De Angelis, nella splendida cornice della Riviera del Conero, nelle Marche.<\/span><\/p>\n<p class=\"xmprfx_MsoNormal\" style=\"text-align: justify\"><span style=\"font-family: times new roman, serif\"><strong>Durante questa notte scintillante, sar\u00e0 consegnato il premio<\/strong> &#8220;La Calabria che Vince&#8221; ad alcune personalit\u00e0 di spicco che si sono distinte nel panorama nazionale.<\/span><\/p>\n<p class=\"xmprfx_MsoNormal\" style=\"text-align: justify\"><span style=\"font-family: times new roman, serif\"><strong>Lo scorso anno, l&#8217;evento ha brillato grazie alla presenza<\/strong> di una madrina d\u2019eccezione<strong>, Elisabetta Gregoraci<\/strong> e al talentuoso e raffinato cantautore e musicista Marco Masini, che ha incantato il pubblico con una performance indimenticabile. Quest&#8217;anno, i Tiromancino renderanno Oriolo il cuore pulsante di una notte che promette di essere memorabile, esaltando la Calabria e il suo straordinario potenziale. Conosciuti per le loro sonorit\u00e0 uniche e le loro composizioni che sfidano i confini del pop tradizionale, i Tiromancino sono tra le band pi\u00f9 influenti della musica leggera italiana. La voce distintiva di Federico Zampaglione e le loro collaborazioni con artisti di rilievo, come il compianto Franco Califano, hanno contribuito a creare un repertorio ricco e variegato che ha conquistato generazioni di ascoltatori.<\/span><\/p>\n<p class=\"xmprfx_MsoNormal\" style=\"text-align: justify\"><strong><span style=\"font-family: times new roman, serif\">La finalissima di Oriolo sar\u00e0 trasmessa in diretta sulla pagina Facebook Miss Italia Calabria e sulla tv ufficiale Teleuropa Network e sulla radio ufficiale Studio 54 Network.<\/span><\/strong><\/p>\n","protected":false},"excerpt":{"rendered":"<p>\u00c8 iniziato il conto alla rovescia e l\u2019attesa \u00e8 palpabile: il 31 agosto, ore 20.30, il borgo incantato di Oriolo, insignito del prestigioso titolo di Borgo pi\u00f9 Bello d\u2019Italia e&hellip;<\/p>\n","protected":false},"author":12,"featured_media":57088,"comment_status":"closed","ping_status":"open","sticky":false,"template":"","format":"standard","meta":{"_jetpack_memberships_contains_paid_content":false,"footnotes":"","jetpack_publicize_message":"","jetpack_publicize_feature_enabled":true,"jetpack_social_post_already_shared":false,"jetpack_social_options":{"image_generator_settings":{"template":"highway","default_image_id":0,"font":"","enabled":false},"version":2}},"categories":[142,921,196],"tags":[35098,35097,16609,302],"class_list":["post-57087","post","type-post","status-publish","format-standard","has-post-thumbnail","hentry","category-calabria","category-home","category-news","tag-finalissima","tag-miss-calabria-2024","tag-oriolo","tag-tiromancino"],"yoast_head":"<!-- This site is optimized with the Yoast SEO plugin v27.2 - https:\/\/yoast.com\/product\/yoast-seo-wordpress\/ -->\n<title>Oriolo: il 31 agosto la finalissima di Miss Italia Calabria 2024<\/title>\n<meta name=\"description\" content=\"Il 31 agosto alle 20:30 il borgo di Oriolo ospiter\u00e0 la finalissima dove sar\u00e0 eletta Miss Calabria 2024. Ospiti i Tiromancino\" \/>\n<meta name=\"robots\" content=\"index, follow, max-snippet:-1, max-image-preview:large, max-video-preview:-1\" \/>\n<link rel=\"canonical\" href=\"https:\/\/progettotouring.it\/radiotouring104\/2024\/08\/29\/oriolo-il-31-agosto-la-finalissima-di-miss-italia-calabria-2024\/\" \/>\n<meta property=\"og:locale\" content=\"it_IT\" \/>\n<meta property=\"og:type\" content=\"article\" \/>\n<meta property=\"og:title\" content=\"Oriolo: il 31 agosto la finalissima di Miss Italia Calabria 2024\" \/>\n<meta property=\"og:description\" content=\"Il 31 agosto alle 20:30 il borgo di Oriolo ospiter\u00e0 la finalissima dove sar\u00e0 eletta Miss Calabria 2024. Ospiti i Tiromancino\" \/>\n<meta property=\"og:url\" content=\"https:\/\/progettotouring.it\/radiotouring104\/2024\/08\/29\/oriolo-il-31-agosto-la-finalissima-di-miss-italia-calabria-2024\/\" \/>\n<meta property=\"og:site_name\" content=\"Radio Touring 104\" \/>\n<meta property=\"article:published_time\" content=\"2024-08-29T09:12:27+00:00\" \/>\n<meta property=\"article:modified_time\" content=\"2024-08-29T09:12:39+00:00\" \/>\n<meta property=\"og:image\" content=\"https:\/\/progettotouring.it\/radiotouring104\/wp-content\/uploads\/sites\/6\/2024\/08\/Miss-Calabria-2024-finalissima.jpg\" \/>\n\t<meta property=\"og:image:width\" content=\"1006\" \/>\n\t<meta property=\"og:image:height\" content=\"364\" \/>\n\t<meta property=\"og:image:type\" content=\"image\/jpeg\" \/>\n<meta name=\"author\" content=\"Sebastiano Plutino\" \/>\n<meta name=\"twitter:card\" content=\"summary_large_image\" \/>\n<meta name=\"twitter:label1\" content=\"Scritto da\" \/>\n\t<meta name=\"twitter:data1\" content=\"Sebastiano Plutino\" \/>\n\t<meta name=\"twitter:label2\" content=\"Tempo di lettura stimato\" \/>\n\t<meta name=\"twitter:data2\" content=\"4 minuti\" \/>\n<script type=\"application\/ld+json\" class=\"yoast-schema-graph\">{\"@context\":\"https:\/\/schema.org\",\"@graph\":[{\"@type\":\"Article\",\"@id\":\"https:\/\/progettotouring.it\/radiotouring104\/2024\/08\/29\/oriolo-il-31-agosto-la-finalissima-di-miss-italia-calabria-2024\/#article\",\"isPartOf\":{\"@id\":\"https:\/\/progettotouring.it\/radiotouring104\/2024\/08\/29\/oriolo-il-31-agosto-la-finalissima-di-miss-italia-calabria-2024\/\"},\"author\":{\"name\":\"Sebastiano Plutino\",\"@id\":\"https:\/\/progettotouring.it\/radiotouring104\/#\/schema\/person\/78613917f1851f041f7483f5af1d422e\"},\"headline\":\"Oriolo: il 31 agosto la finalissima di Miss Italia Calabria 2024\",\"datePublished\":\"2024-08-29T09:12:27+00:00\",\"dateModified\":\"2024-08-29T09:12:39+00:00\",\"mainEntityOfPage\":{\"@id\":\"https:\/\/progettotouring.it\/radiotouring104\/2024\/08\/29\/oriolo-il-31-agosto-la-finalissima-di-miss-italia-calabria-2024\/\"},\"wordCount\":727,\"publisher\":{\"@id\":\"https:\/\/progettotouring.it\/radiotouring104\/#organization\"},\"image\":{\"@id\":\"https:\/\/progettotouring.it\/radiotouring104\/2024\/08\/29\/oriolo-il-31-agosto-la-finalissima-di-miss-italia-calabria-2024\/#primaryimage\"},\"thumbnailUrl\":\"https:\/\/progettotouring.it\/radiotouring104\/wp-content\/uploads\/sites\/6\/2024\/08\/Miss-Calabria-2024-finalissima.jpg\",\"keywords\":[\"finalissima\",\"Miss Calabria 2024\",\"Oriolo\",\"Tiromancino\"],\"articleSection\":[\"Calabria\",\"Home\",\"News\"],\"inLanguage\":\"it-IT\"},{\"@type\":\"WebPage\",\"@id\":\"https:\/\/progettotouring.it\/radiotouring104\/2024\/08\/29\/oriolo-il-31-agosto-la-finalissima-di-miss-italia-calabria-2024\/\",\"url\":\"https:\/\/progettotouring.it\/radiotouring104\/2024\/08\/29\/oriolo-il-31-agosto-la-finalissima-di-miss-italia-calabria-2024\/\",\"name\":\"Oriolo: il 31 agosto la finalissima di Miss Italia Calabria 2024\",\"isPartOf\":{\"@id\":\"https:\/\/progettotouring.it\/radiotouring104\/#website\"},\"primaryImageOfPage\":{\"@id\":\"https:\/\/progettotouring.it\/radiotouring104\/2024\/08\/29\/oriolo-il-31-agosto-la-finalissima-di-miss-italia-calabria-2024\/#primaryimage\"},\"image\":{\"@id\":\"https:\/\/progettotouring.it\/radiotouring104\/2024\/08\/29\/oriolo-il-31-agosto-la-finalissima-di-miss-italia-calabria-2024\/#primaryimage\"},\"thumbnailUrl\":\"https:\/\/progettotouring.it\/radiotouring104\/wp-content\/uploads\/sites\/6\/2024\/08\/Miss-Calabria-2024-finalissima.jpg\",\"datePublished\":\"2024-08-29T09:12:27+00:00\",\"dateModified\":\"2024-08-29T09:12:39+00:00\",\"description\":\"Il 31 agosto alle 20:30 il borgo di Oriolo ospiter\u00e0 la finalissima dove sar\u00e0 eletta Miss Calabria 2024. Ospiti i Tiromancino\",\"breadcrumb\":{\"@id\":\"https:\/\/progettotouring.it\/radiotouring104\/2024\/08\/29\/oriolo-il-31-agosto-la-finalissima-di-miss-italia-calabria-2024\/#breadcrumb\"},\"inLanguage\":\"it-IT\",\"potentialAction\":[{\"@type\":\"ReadAction\",\"target\":[\"https:\/\/progettotouring.it\/radiotouring104\/2024\/08\/29\/oriolo-il-31-agosto-la-finalissima-di-miss-italia-calabria-2024\/\"]}]},{\"@type\":\"ImageObject\",\"inLanguage\":\"it-IT\",\"@id\":\"https:\/\/progettotouring.it\/radiotouring104\/2024\/08\/29\/oriolo-il-31-agosto-la-finalissima-di-miss-italia-calabria-2024\/#primaryimage\",\"url\":\"https:\/\/progettotouring.it\/radiotouring104\/wp-content\/uploads\/sites\/6\/2024\/08\/Miss-Calabria-2024-finalissima.jpg\",\"contentUrl\":\"https:\/\/progettotouring.it\/radiotouring104\/wp-content\/uploads\/sites\/6\/2024\/08\/Miss-Calabria-2024-finalissima.jpg\",\"width\":1006,\"height\":364},{\"@type\":\"BreadcrumbList\",\"@id\":\"https:\/\/progettotouring.it\/radiotouring104\/2024\/08\/29\/oriolo-il-31-agosto-la-finalissima-di-miss-italia-calabria-2024\/#breadcrumb\",\"itemListElement\":[{\"@type\":\"ListItem\",\"position\":1,\"name\":\"Home\",\"item\":\"https:\/\/progettotouring.it\/radiotouring104\/\"},{\"@type\":\"ListItem\",\"position\":2,\"name\":\"Oriolo: il 31 agosto la finalissima di Miss Italia Calabria 2024\"}]},{\"@type\":\"WebSite\",\"@id\":\"https:\/\/progettotouring.it\/radiotouring104\/#website\",\"url\":\"https:\/\/progettotouring.it\/radiotouring104\/\",\"name\":\"Radio Touring 104\",\"description\":\"La prima radio Reggina\",\"publisher\":{\"@id\":\"https:\/\/progettotouring.it\/radiotouring104\/#organization\"},\"potentialAction\":[{\"@type\":\"SearchAction\",\"target\":{\"@type\":\"EntryPoint\",\"urlTemplate\":\"https:\/\/progettotouring.it\/radiotouring104\/?s={search_term_string}\"},\"query-input\":{\"@type\":\"PropertyValueSpecification\",\"valueRequired\":true,\"valueName\":\"search_term_string\"}}],\"inLanguage\":\"it-IT\"},{\"@type\":\"Organization\",\"@id\":\"https:\/\/progettotouring.it\/radiotouring104\/#organization\",\"name\":\"Radio Touring 104\",\"url\":\"https:\/\/progettotouring.it\/radiotouring104\/\",\"logo\":{\"@type\":\"ImageObject\",\"inLanguage\":\"it-IT\",\"@id\":\"https:\/\/progettotouring.it\/radiotouring104\/#\/schema\/logo\/image\/\",\"url\":\"https:\/\/progettotouring.it\/radiotouring104\/wp-content\/uploads\/sites\/6\/2022\/02\/cropped-logo-radio-touring-104.png\",\"contentUrl\":\"https:\/\/progettotouring.it\/radiotouring104\/wp-content\/uploads\/sites\/6\/2022\/02\/cropped-logo-radio-touring-104.png\",\"width\":377,\"height\":182,\"caption\":\"Radio Touring 104\"},\"image\":{\"@id\":\"https:\/\/progettotouring.it\/radiotouring104\/#\/schema\/logo\/image\/\"}},{\"@type\":\"Person\",\"@id\":\"https:\/\/progettotouring.it\/radiotouring104\/#\/schema\/person\/78613917f1851f041f7483f5af1d422e\",\"name\":\"Sebastiano Plutino\",\"image\":{\"@type\":\"ImageObject\",\"inLanguage\":\"it-IT\",\"@id\":\"https:\/\/secure.gravatar.com\/avatar\/0546ffaa9b79224faf9f2a156b67a529ae861d3287c66c1d8ccfdf909bcba78d?s=96&d=mm&r=g\",\"url\":\"https:\/\/secure.gravatar.com\/avatar\/0546ffaa9b79224faf9f2a156b67a529ae861d3287c66c1d8ccfdf909bcba78d?s=96&d=mm&r=g\",\"contentUrl\":\"https:\/\/secure.gravatar.com\/avatar\/0546ffaa9b79224faf9f2a156b67a529ae861d3287c66c1d8ccfdf909bcba78d?s=96&d=mm&r=g\",\"caption\":\"Sebastiano Plutino\"},\"url\":\"https:\/\/progettotouring.it\/radiotouring104\/author\/sebastiano\/\"}]}<\/script>\n<!-- \/ Yoast SEO plugin. -->","yoast_head_json":{"title":"Oriolo: il 31 agosto la finalissima di Miss Italia Calabria 2024","description":"Il 31 agosto alle 20:30 il borgo di Oriolo ospiter\u00e0 la finalissima dove sar\u00e0 eletta Miss Calabria 2024. Ospiti i Tiromancino","robots":{"index":"index","follow":"follow","max-snippet":"max-snippet:-1","max-image-preview":"max-image-preview:large","max-video-preview":"max-video-preview:-1"},"canonical":"https:\/\/progettotouring.it\/radiotouring104\/2024\/08\/29\/oriolo-il-31-agosto-la-finalissima-di-miss-italia-calabria-2024\/","og_locale":"it_IT","og_type":"article","og_title":"Oriolo: il 31 agosto la finalissima di Miss Italia Calabria 2024","og_description":"Il 31 agosto alle 20:30 il borgo di Oriolo ospiter\u00e0 la finalissima dove sar\u00e0 eletta Miss Calabria 2024. Ospiti i Tiromancino","og_url":"https:\/\/progettotouring.it\/radiotouring104\/2024\/08\/29\/oriolo-il-31-agosto-la-finalissima-di-miss-italia-calabria-2024\/","og_site_name":"Radio Touring 104","article_published_time":"2024-08-29T09:12:27+00:00","article_modified_time":"2024-08-29T09:12:39+00:00","og_image":[{"width":1006,"height":364,"url":"https:\/\/progettotouring.it\/radiotouring104\/wp-content\/uploads\/sites\/6\/2024\/08\/Miss-Calabria-2024-finalissima.jpg","type":"image\/jpeg"}],"author":"Sebastiano Plutino","twitter_card":"summary_large_image","twitter_misc":{"Scritto da":"Sebastiano Plutino","Tempo di lettura stimato":"4 minuti"},"schema":{"@context":"https:\/\/schema.org","@graph":[{"@type":"Article","@id":"https:\/\/progettotouring.it\/radiotouring104\/2024\/08\/29\/oriolo-il-31-agosto-la-finalissima-di-miss-italia-calabria-2024\/#article","isPartOf":{"@id":"https:\/\/progettotouring.it\/radiotouring104\/2024\/08\/29\/oriolo-il-31-agosto-la-finalissima-di-miss-italia-calabria-2024\/"},"author":{"name":"Sebastiano Plutino","@id":"https:\/\/progettotouring.it\/radiotouring104\/#\/schema\/person\/78613917f1851f041f7483f5af1d422e"},"headline":"Oriolo: il 31 agosto la finalissima di Miss Italia Calabria 2024","datePublished":"2024-08-29T09:12:27+00:00","dateModified":"2024-08-29T09:12:39+00:00","mainEntityOfPage":{"@id":"https:\/\/progettotouring.it\/radiotouring104\/2024\/08\/29\/oriolo-il-31-agosto-la-finalissima-di-miss-italia-calabria-2024\/"},"wordCount":727,"publisher":{"@id":"https:\/\/progettotouring.it\/radiotouring104\/#organization"},"image":{"@id":"https:\/\/progettotouring.it\/radiotouring104\/2024\/08\/29\/oriolo-il-31-agosto-la-finalissima-di-miss-italia-calabria-2024\/#primaryimage"},"thumbnailUrl":"https:\/\/progettotouring.it\/radiotouring104\/wp-content\/uploads\/sites\/6\/2024\/08\/Miss-Calabria-2024-finalissima.jpg","keywords":["finalissima","Miss Calabria 2024","Oriolo","Tiromancino"],"articleSection":["Calabria","Home","News"],"inLanguage":"it-IT"},{"@type":"WebPage","@id":"https:\/\/progettotouring.it\/radiotouring104\/2024\/08\/29\/oriolo-il-31-agosto-la-finalissima-di-miss-italia-calabria-2024\/","url":"https:\/\/progettotouring.it\/radiotouring104\/2024\/08\/29\/oriolo-il-31-agosto-la-finalissima-di-miss-italia-calabria-2024\/","name":"Oriolo: il 31 agosto la finalissima di Miss Italia Calabria 2024","isPartOf":{"@id":"https:\/\/progettotouring.it\/radiotouring104\/#website"},"primaryImageOfPage":{"@id":"https:\/\/progettotouring.it\/radiotouring104\/2024\/08\/29\/oriolo-il-31-agosto-la-finalissima-di-miss-italia-calabria-2024\/#primaryimage"},"image":{"@id":"https:\/\/progettotouring.it\/radiotouring104\/2024\/08\/29\/oriolo-il-31-agosto-la-finalissima-di-miss-italia-calabria-2024\/#primaryimage"},"thumbnailUrl":"https:\/\/progettotouring.it\/radiotouring104\/wp-content\/uploads\/sites\/6\/2024\/08\/Miss-Calabria-2024-finalissima.jpg","datePublished":"2024-08-29T09:12:27+00:00","dateModified":"2024-08-29T09:12:39+00:00","description":"Il 31 agosto alle 20:30 il borgo di Oriolo ospiter\u00e0 la finalissima dove sar\u00e0 eletta Miss Calabria 2024. Ospiti i Tiromancino","breadcrumb":{"@id":"https:\/\/progettotouring.it\/radiotouring104\/2024\/08\/29\/oriolo-il-31-agosto-la-finalissima-di-miss-italia-calabria-2024\/#breadcrumb"},"inLanguage":"it-IT","potentialAction":[{"@type":"ReadAction","target":["https:\/\/progettotouring.it\/radiotouring104\/2024\/08\/29\/oriolo-il-31-agosto-la-finalissima-di-miss-italia-calabria-2024\/"]}]},{"@type":"ImageObject","inLanguage":"it-IT","@id":"https:\/\/progettotouring.it\/radiotouring104\/2024\/08\/29\/oriolo-il-31-agosto-la-finalissima-di-miss-italia-calabria-2024\/#primaryimage","url":"https:\/\/progettotouring.it\/radiotouring104\/wp-content\/uploads\/sites\/6\/2024\/08\/Miss-Calabria-2024-finalissima.jpg","contentUrl":"https:\/\/progettotouring.it\/radiotouring104\/wp-content\/uploads\/sites\/6\/2024\/08\/Miss-Calabria-2024-finalissima.jpg","width":1006,"height":364},{"@type":"BreadcrumbList","@id":"https:\/\/progettotouring.it\/radiotouring104\/2024\/08\/29\/oriolo-il-31-agosto-la-finalissima-di-miss-italia-calabria-2024\/#breadcrumb","itemListElement":[{"@type":"ListItem","position":1,"name":"Home","item":"https:\/\/progettotouring.it\/radiotouring104\/"},{"@type":"ListItem","position":2,"name":"Oriolo: il 31 agosto la finalissima di Miss Italia Calabria 2024"}]},{"@type":"WebSite","@id":"https:\/\/progettotouring.it\/radiotouring104\/#website","url":"https:\/\/progettotouring.it\/radiotouring104\/","name":"Radio Touring 104","description":"La prima radio Reggina","publisher":{"@id":"https:\/\/progettotouring.it\/radiotouring104\/#organization"},"potentialAction":[{"@type":"SearchAction","target":{"@type":"EntryPoint","urlTemplate":"https:\/\/progettotouring.it\/radiotouring104\/?s={search_term_string}"},"query-input":{"@type":"PropertyValueSpecification","valueRequired":true,"valueName":"search_term_string"}}],"inLanguage":"it-IT"},{"@type":"Organization","@id":"https:\/\/progettotouring.it\/radiotouring104\/#organization","name":"Radio Touring 104","url":"https:\/\/progettotouring.it\/radiotouring104\/","logo":{"@type":"ImageObject","inLanguage":"it-IT","@id":"https:\/\/progettotouring.it\/radiotouring104\/#\/schema\/logo\/image\/","url":"https:\/\/progettotouring.it\/radiotouring104\/wp-content\/uploads\/sites\/6\/2022\/02\/cropped-logo-radio-touring-104.png","contentUrl":"https:\/\/progettotouring.it\/radiotouring104\/wp-content\/uploads\/sites\/6\/2022\/02\/cropped-logo-radio-touring-104.png","width":377,"height":182,"caption":"Radio Touring 104"},"image":{"@id":"https:\/\/progettotouring.it\/radiotouring104\/#\/schema\/logo\/image\/"}},{"@type":"Person","@id":"https:\/\/progettotouring.it\/radiotouring104\/#\/schema\/person\/78613917f1851f041f7483f5af1d422e","name":"Sebastiano Plutino","image":{"@type":"ImageObject","inLanguage":"it-IT","@id":"https:\/\/secure.gravatar.com\/avatar\/0546ffaa9b79224faf9f2a156b67a529ae861d3287c66c1d8ccfdf909bcba78d?s=96&d=mm&r=g","url":"https:\/\/secure.gravatar.com\/avatar\/0546ffaa9b79224faf9f2a156b67a529ae861d3287c66c1d8ccfdf909bcba78d?s=96&d=mm&r=g","contentUrl":"https:\/\/secure.gravatar.com\/avatar\/0546ffaa9b79224faf9f2a156b67a529ae861d3287c66c1d8ccfdf909bcba78d?s=96&d=mm&r=g","caption":"Sebastiano Plutino"},"url":"https:\/\/progettotouring.it\/radiotouring104\/author\/sebastiano\/"}]}},"jetpack_publicize_connections":[],"jetpack_featured_media_url":"https:\/\/progettotouring.it\/radiotouring104\/wp-content\/uploads\/sites\/6\/2024\/08\/Miss-Calabria-2024-finalissima.jpg","jetpack_sharing_enabled":true,"_links":{"self":[{"href":"https:\/\/progettotouring.it\/radiotouring104\/wp-json\/wp\/v2\/posts\/57087","targetHints":{"allow":["GET"]}}],"collection":[{"href":"https:\/\/progettotouring.it\/radiotouring104\/wp-json\/wp\/v2\/posts"}],"about":[{"href":"https:\/\/progettotouring.it\/radiotouring104\/wp-json\/wp\/v2\/types\/post"}],"author":[{"embeddable":true,"href":"https:\/\/progettotouring.it\/radiotouring104\/wp-json\/wp\/v2\/users\/12"}],"replies":[{"embeddable":true,"href":"https:\/\/progettotouring.it\/radiotouring104\/wp-json\/wp\/v2\/comments?post=57087"}],"version-history":[{"count":1,"href":"https:\/\/progettotouring.it\/radiotouring104\/wp-json\/wp\/v2\/posts\/57087\/revisions"}],"predecessor-version":[{"id":57089,"href":"https:\/\/progettotouring.it\/radiotouring104\/wp-json\/wp\/v2\/posts\/57087\/revisions\/57089"}],"wp:featuredmedia":[{"embeddable":true,"href":"https:\/\/progettotouring.it\/radiotouring104\/wp-json\/wp\/v2\/media\/57088"}],"wp:attachment":[{"href":"https:\/\/progettotouring.it\/radiotouring104\/wp-json\/wp\/v2\/media?parent=57087"}],"wp:term":[{"taxonomy":"category","embeddable":true,"href":"https:\/\/progettotouring.it\/radiotouring104\/wp-json\/wp\/v2\/categories?post=57087"},{"taxonomy":"post_tag","embeddable":true,"href":"https:\/\/progettotouring.it\/radiotouring104\/wp-json\/wp\/v2\/tags?post=57087"}],"curies":[{"name":"wp","href":"https:\/\/api.w.org\/{rel}","templated":true}]}}