{"id":57116,"date":"2024-08-29T12:43:46","date_gmt":"2024-08-29T10:43:46","guid":{"rendered":"https:\/\/progettotouring.it\/radiotouring104\/?p=57116"},"modified":"2024-08-29T12:43:46","modified_gmt":"2024-08-29T10:43:46","slug":"scuole-non-agibili-ripepi-falcomata-ha-raso-al-suolo-anche-la-scuola-a-rischio-il-diritto-allo-studio-dei-nostri-ragazzi","status":"publish","type":"post","link":"https:\/\/progettotouring.it\/radiotouring104\/2024\/08\/29\/scuole-non-agibili-ripepi-falcomata-ha-raso-al-suolo-anche-la-scuola-a-rischio-il-diritto-allo-studio-dei-nostri-ragazzi\/","title":{"rendered":"Scuole non agibili, Ripepi: \u201cFalcomat\u00e1 ha raso al suolo anche la scuola. A rischio il diritto allo studio dei nostri ragazzi!\u201d"},"content":{"rendered":"<p class=\"xmprfx_MsoNormal\" style=\"text-align: justify\"><i>&#8220;<b>Tante scuole non saranno agibili nella nostra Citt\u00e0 e l\u2019apertura dell\u2019anno scolastico \u00e8 alle porte: Falcomat\u00e0 ha raso al suolo anche le scuole.<\/b>\u00a0A rischio il diritto allo studio dei nostri ragazzi!&#8221;<\/i>\u00a0\u2013 con queste parole, il Consigliere Comunale e\u00a0<b>Presidente della Commissione Controllo e Garanzia, Massimo Ripepi<\/b>, ha lanciato l&#8217;allarme sull&#8217;emergenza delle scuole non agibili a Reggio Calabria. Dopo l&#8217;effettuazione dei carotaggi sulle strutture, molte scuole infatti sono state dichiarate non agibili, lasciando in bilico il futuro educativo di migliaia di giovani studenti. Ripepi ha dunque denunciato con forza la gravit\u00e0 della situazione, sottolineando che senza interventi immediati si rischia una vera e propria\u00a0<b>catastrofe educativo-formativa.<\/b><\/p>\n<p class=\"xmprfx_MsoNormal\" style=\"text-align: justify\">Nella fattispecie, da una nota inviata il 28.08.24 via pec dalla Dirigente della Macroarea-Istruzione Dott.ssa Roschetti, i Dirigenti Scolastici sono stati messi al corrente che\u00a0<b>alcune scuole primarie e secondarie di primo grado non hanno superato le verifiche di vulnerabilit\u00e0 sismica.<\/b><\/p>\n<p class=\"xmprfx_MsoNormal\" style=\"text-align: justify\">Le scuole a rischio sarebbero dunque le seguenti: la Scuola Secondaria di I grado, Dante Alighieri in Via Figurella 27 Catona; il relativo Distaccamento Dante Alighieri in Via Nazionale Catona; la Scuola Secondaria di I grado Klearcos in Via Baglio Giunta Archi cep; la Scuola Primaria Melissari in Via tre Mulini 23; la Scuola Primaria Galluppi in Via Botteghelle 1; la Scuola Secondaria di I grado Vitrioli; la Scuola Primaria Frangipane edificio nord; il Pythagoras; e infine la Scuola Primaria di Condera. La Dirigente nelle more di ulteriori ed approfondite valutazioni in merito ai provvedimenti da adottare per consentire l\u2019avvio dell\u2019anno scolastico 2024\/2025 in condizioni di sicurezza rappresenta ai Dirigenti Scolastici la necessit\u00e0 con decorrenza immediata ed in via prudenziale,\u00a0<b>di inibire l\u2019accesso a tutti i locali dei plessi in questione.<\/b><\/p>\n<p class=\"xmprfx_MsoNormal\" style=\"text-align: justify\"><i>\u201cIl Sindaco Giuseppe Falcomat\u00e0, l\u2019ex plenipotenziario Assessore ai Lavori Pubblici e all\u2019Edilizia Scolastica Giovanni Muraca e gli altri assessori della Giunta Comunale che si sono succeduti negli anni, sono i soli ed unici responsabili del baratro in cui il sistema scolastico comunale \u00e8 caduto!\u201d<\/i>\u00a0\u2013\u00a0 ha affermato Ripepi \u2013\u00a0<i>\u201cNon dimentichiamoci che nella storia della citt\u00e0,\u00a0<b>Falcomat\u00e0 \u00e8 stato il primo a ricoprire il ruolo di Sindaco del comune di Reggio Calabria e contestualmente della Citt\u00e0 Metropolitana<\/b>\u00a0quindi con un potere politico senza precedenti per risolvere i problemi strutturali del territorio. Eppure, sembra che si sia totalmente dimenticato di adottare politiche volte alla ricostruzione e al rinnovamento delle scuole, abbandonando gli istituti all&#8217;incuria e mettendo a rischio il futuro dei nostri giovani!&#8221;<\/i><\/p>\n<p class=\"xmprfx_MsoNormal\" style=\"text-align: justify\">La situazione, definita \u201c<i>gravissima<\/i>\u201d da Ripepi, dimostra, secondo lui, la\u00a0<b>totale mancanza di una politica seria da parte dell\u2019amministrazione per ristrutturare e rendere agibili le scuole<\/b>\u00a0del Comune e della Citt\u00e0 Metropolitana di Reggio Calabria. Un disastro che, secondo il Presidente della Commissione, era assolutamente evitabile con una visione lungimirante nel rispetto e amore per i cittadini.<\/p>\n<p class=\"xmprfx_MsoNormal\" style=\"text-align: justify\"><i>\u201cMa non c\u2019\u00e8 fine al peggio, specie se si considera che addirittura, anche la UIL, sindacato tradizionalmente vicino alla sinistra e quindi allo stesso colore politico dell\u2019amministrazione Falcomat\u00e0, \u00e8 stata costretta a intervenire, pubblicando una nota stampa per denunciare l\u2019inadeguatezza e la gravit\u00e0 della situazione.\u201d<\/i>\u00a0\u2013 ha rincarato il consigliere, rivolgendosi alla Giunta \u2013\u00a0<i>\u201c<b>Quando persino chi dovrebbe essere vostro alleato vi accusa pubblicamente, vuol dire che avete davvero toccato il fondo!<\/b>\u201d<\/i><\/p>\n<p class=\"xmprfx_MsoNormal\" style=\"text-align: justify\">Infine, Ripepi ha annunciato che\u00a0<b>gioved\u00ec 5 settembre<\/b>\u00a0convocher\u00e0 l\u2019Assessore e i dirigenti del Comune in qualit\u00e0 di Presidente della Commissione Controllo e Garanzia per fare luce su questa \u201c<i>vergognosa vicenda\u201d<\/i>:<i>\u00a0&#8220;Chiediamo a tutti i genitori di attivarsi, di scendere in piazza e di far sentire la propria voce. \u00c8 ora di dire basta a questo scempio, basta alla distruzione totale della nostra citt\u00e0. Non possiamo pi\u00f9 tollerare un\u2019amministrazione che, invece di costruire, distrugge. I nostri ragazzi, il nostro futuro, non si meritano questo.&#8221;<\/i><\/p>\n","protected":false},"excerpt":{"rendered":"<p>&#8220;Tante scuole non saranno agibili nella nostra Citt\u00e0 e l\u2019apertura dell\u2019anno scolastico \u00e8 alle porte: Falcomat\u00e0 ha raso al suolo anche le scuole.\u00a0A rischio il diritto allo studio dei nostri&hellip;<\/p>\n","protected":false},"author":12,"featured_media":57117,"comment_status":"closed","ping_status":"open","sticky":false,"template":"","format":"standard","meta":{"_jetpack_memberships_contains_paid_content":false,"footnotes":"","jetpack_publicize_message":"","jetpack_publicize_feature_enabled":true,"jetpack_social_post_already_shared":false,"jetpack_social_options":{"image_generator_settings":{"template":"highway","default_image_id":0,"font":"","enabled":false},"version":2}},"categories":[921,196,140],"tags":[33329,30465,35117,808],"class_list":["post-57116","post","type-post","status-publish","format-standard","has-post-thumbnail","hentry","category-home","category-news","category-reggio-calabria","tag-anno-scolastico-2024-25","tag-falcomata-giuseppe","tag-inagibilita-scuole-reggine","tag-massimo-ripepi"],"yoast_head":"<!-- This site is optimized with the Yoast SEO plugin v27.2 - https:\/\/yoast.com\/product\/yoast-seo-wordpress\/ -->\n<title>Ripepi attacca Falcomat\u00e0 su inagibilit\u00e0 delle scuole reggine<\/title>\n<meta name=\"description\" content=\"&quot;Tante scuole non saranno agibili e l\u2019apertura dell\u2019anno scolastico \u00e8 alle porte: Falcomat\u00e0 ha raso al suolo anche scuole&quot;, dichiara Ripepi\" \/>\n<meta name=\"robots\" content=\"index, follow, max-snippet:-1, max-image-preview:large, max-video-preview:-1\" \/>\n<link rel=\"canonical\" href=\"https:\/\/progettotouring.it\/radiotouring104\/2024\/08\/29\/scuole-non-agibili-ripepi-falcomata-ha-raso-al-suolo-anche-la-scuola-a-rischio-il-diritto-allo-studio-dei-nostri-ragazzi\/\" \/>\n<meta property=\"og:locale\" content=\"it_IT\" \/>\n<meta property=\"og:type\" content=\"article\" \/>\n<meta property=\"og:title\" content=\"Ripepi attacca Falcomat\u00e0 su inagibilit\u00e0 delle scuole reggine\" \/>\n<meta property=\"og:description\" content=\"&quot;Tante scuole non saranno agibili e l\u2019apertura dell\u2019anno scolastico \u00e8 alle porte: Falcomat\u00e0 ha raso al suolo anche scuole&quot;, dichiara Ripepi\" \/>\n<meta property=\"og:url\" content=\"https:\/\/progettotouring.it\/radiotouring104\/2024\/08\/29\/scuole-non-agibili-ripepi-falcomata-ha-raso-al-suolo-anche-la-scuola-a-rischio-il-diritto-allo-studio-dei-nostri-ragazzi\/\" \/>\n<meta property=\"og:site_name\" content=\"Radio Touring 104\" \/>\n<meta property=\"article:published_time\" content=\"2024-08-29T10:43:46+00:00\" \/>\n<meta property=\"og:image\" content=\"https:\/\/progettotouring.it\/radiotouring104\/wp-content\/uploads\/sites\/6\/2024\/08\/FOTO-MASSIMO-RIPEPI.jpeg\" \/>\n\t<meta property=\"og:image:width\" content=\"2048\" \/>\n\t<meta property=\"og:image:height\" content=\"1150\" \/>\n\t<meta property=\"og:image:type\" content=\"image\/jpeg\" \/>\n<meta name=\"author\" content=\"Sebastiano Plutino\" \/>\n<meta name=\"twitter:card\" content=\"summary_large_image\" \/>\n<meta name=\"twitter:label1\" content=\"Scritto da\" \/>\n\t<meta name=\"twitter:data1\" content=\"Sebastiano Plutino\" \/>\n\t<meta name=\"twitter:label2\" content=\"Tempo di lettura stimato\" \/>\n\t<meta name=\"twitter:data2\" content=\"3 minuti\" \/>\n<script type=\"application\/ld+json\" class=\"yoast-schema-graph\">{\"@context\":\"https:\/\/schema.org\",\"@graph\":[{\"@type\":\"Article\",\"@id\":\"https:\/\/progettotouring.it\/radiotouring104\/2024\/08\/29\/scuole-non-agibili-ripepi-falcomata-ha-raso-al-suolo-anche-la-scuola-a-rischio-il-diritto-allo-studio-dei-nostri-ragazzi\/#article\",\"isPartOf\":{\"@id\":\"https:\/\/progettotouring.it\/radiotouring104\/2024\/08\/29\/scuole-non-agibili-ripepi-falcomata-ha-raso-al-suolo-anche-la-scuola-a-rischio-il-diritto-allo-studio-dei-nostri-ragazzi\/\"},\"author\":{\"name\":\"Sebastiano Plutino\",\"@id\":\"https:\/\/progettotouring.it\/radiotouring104\/#\/schema\/person\/78613917f1851f041f7483f5af1d422e\"},\"headline\":\"Scuole non agibili, Ripepi: \u201cFalcomat\u00e1 ha raso al suolo anche la scuola. A rischio il diritto allo studio dei nostri ragazzi!\u201d\",\"datePublished\":\"2024-08-29T10:43:46+00:00\",\"mainEntityOfPage\":{\"@id\":\"https:\/\/progettotouring.it\/radiotouring104\/2024\/08\/29\/scuole-non-agibili-ripepi-falcomata-ha-raso-al-suolo-anche-la-scuola-a-rischio-il-diritto-allo-studio-dei-nostri-ragazzi\/\"},\"wordCount\":632,\"publisher\":{\"@id\":\"https:\/\/progettotouring.it\/radiotouring104\/#organization\"},\"image\":{\"@id\":\"https:\/\/progettotouring.it\/radiotouring104\/2024\/08\/29\/scuole-non-agibili-ripepi-falcomata-ha-raso-al-suolo-anche-la-scuola-a-rischio-il-diritto-allo-studio-dei-nostri-ragazzi\/#primaryimage\"},\"thumbnailUrl\":\"https:\/\/progettotouring.it\/radiotouring104\/wp-content\/uploads\/sites\/6\/2024\/08\/FOTO-MASSIMO-RIPEPI.jpeg\",\"keywords\":[\"anno scolastico 2024\/25\",\"Falcomat\u00e0 Giuseppe\",\"inagibilit\u00e0 scuole reggine\",\"Massimo Ripepi\"],\"articleSection\":[\"Home\",\"News\",\"Reggio Calabria\"],\"inLanguage\":\"it-IT\"},{\"@type\":\"WebPage\",\"@id\":\"https:\/\/progettotouring.it\/radiotouring104\/2024\/08\/29\/scuole-non-agibili-ripepi-falcomata-ha-raso-al-suolo-anche-la-scuola-a-rischio-il-diritto-allo-studio-dei-nostri-ragazzi\/\",\"url\":\"https:\/\/progettotouring.it\/radiotouring104\/2024\/08\/29\/scuole-non-agibili-ripepi-falcomata-ha-raso-al-suolo-anche-la-scuola-a-rischio-il-diritto-allo-studio-dei-nostri-ragazzi\/\",\"name\":\"Ripepi attacca Falcomat\u00e0 su inagibilit\u00e0 delle scuole reggine\",\"isPartOf\":{\"@id\":\"https:\/\/progettotouring.it\/radiotouring104\/#website\"},\"primaryImageOfPage\":{\"@id\":\"https:\/\/progettotouring.it\/radiotouring104\/2024\/08\/29\/scuole-non-agibili-ripepi-falcomata-ha-raso-al-suolo-anche-la-scuola-a-rischio-il-diritto-allo-studio-dei-nostri-ragazzi\/#primaryimage\"},\"image\":{\"@id\":\"https:\/\/progettotouring.it\/radiotouring104\/2024\/08\/29\/scuole-non-agibili-ripepi-falcomata-ha-raso-al-suolo-anche-la-scuola-a-rischio-il-diritto-allo-studio-dei-nostri-ragazzi\/#primaryimage\"},\"thumbnailUrl\":\"https:\/\/progettotouring.it\/radiotouring104\/wp-content\/uploads\/sites\/6\/2024\/08\/FOTO-MASSIMO-RIPEPI.jpeg\",\"datePublished\":\"2024-08-29T10:43:46+00:00\",\"description\":\"\\\"Tante scuole non saranno agibili e l\u2019apertura dell\u2019anno scolastico \u00e8 alle porte: Falcomat\u00e0 ha raso al suolo anche scuole\\\", dichiara Ripepi\",\"breadcrumb\":{\"@id\":\"https:\/\/progettotouring.it\/radiotouring104\/2024\/08\/29\/scuole-non-agibili-ripepi-falcomata-ha-raso-al-suolo-anche-la-scuola-a-rischio-il-diritto-allo-studio-dei-nostri-ragazzi\/#breadcrumb\"},\"inLanguage\":\"it-IT\",\"potentialAction\":[{\"@type\":\"ReadAction\",\"target\":[\"https:\/\/progettotouring.it\/radiotouring104\/2024\/08\/29\/scuole-non-agibili-ripepi-falcomata-ha-raso-al-suolo-anche-la-scuola-a-rischio-il-diritto-allo-studio-dei-nostri-ragazzi\/\"]}]},{\"@type\":\"ImageObject\",\"inLanguage\":\"it-IT\",\"@id\":\"https:\/\/progettotouring.it\/radiotouring104\/2024\/08\/29\/scuole-non-agibili-ripepi-falcomata-ha-raso-al-suolo-anche-la-scuola-a-rischio-il-diritto-allo-studio-dei-nostri-ragazzi\/#primaryimage\",\"url\":\"https:\/\/progettotouring.it\/radiotouring104\/wp-content\/uploads\/sites\/6\/2024\/08\/FOTO-MASSIMO-RIPEPI.jpeg\",\"contentUrl\":\"https:\/\/progettotouring.it\/radiotouring104\/wp-content\/uploads\/sites\/6\/2024\/08\/FOTO-MASSIMO-RIPEPI.jpeg\",\"width\":2048,\"height\":1150},{\"@type\":\"BreadcrumbList\",\"@id\":\"https:\/\/progettotouring.it\/radiotouring104\/2024\/08\/29\/scuole-non-agibili-ripepi-falcomata-ha-raso-al-suolo-anche-la-scuola-a-rischio-il-diritto-allo-studio-dei-nostri-ragazzi\/#breadcrumb\",\"itemListElement\":[{\"@type\":\"ListItem\",\"position\":1,\"name\":\"Home\",\"item\":\"https:\/\/progettotouring.it\/radiotouring104\/\"},{\"@type\":\"ListItem\",\"position\":2,\"name\":\"Scuole non agibili, Ripepi: \u201cFalcomat\u00e1 ha raso al suolo anche la scuola. A rischio il diritto allo studio dei nostri ragazzi!\u201d\"}]},{\"@type\":\"WebSite\",\"@id\":\"https:\/\/progettotouring.it\/radiotouring104\/#website\",\"url\":\"https:\/\/progettotouring.it\/radiotouring104\/\",\"name\":\"Radio Touring 104\",\"description\":\"La prima radio Reggina\",\"publisher\":{\"@id\":\"https:\/\/progettotouring.it\/radiotouring104\/#organization\"},\"potentialAction\":[{\"@type\":\"SearchAction\",\"target\":{\"@type\":\"EntryPoint\",\"urlTemplate\":\"https:\/\/progettotouring.it\/radiotouring104\/?s={search_term_string}\"},\"query-input\":{\"@type\":\"PropertyValueSpecification\",\"valueRequired\":true,\"valueName\":\"search_term_string\"}}],\"inLanguage\":\"it-IT\"},{\"@type\":\"Organization\",\"@id\":\"https:\/\/progettotouring.it\/radiotouring104\/#organization\",\"name\":\"Radio Touring 104\",\"url\":\"https:\/\/progettotouring.it\/radiotouring104\/\",\"logo\":{\"@type\":\"ImageObject\",\"inLanguage\":\"it-IT\",\"@id\":\"https:\/\/progettotouring.it\/radiotouring104\/#\/schema\/logo\/image\/\",\"url\":\"https:\/\/progettotouring.it\/radiotouring104\/wp-content\/uploads\/sites\/6\/2022\/02\/cropped-logo-radio-touring-104.png\",\"contentUrl\":\"https:\/\/progettotouring.it\/radiotouring104\/wp-content\/uploads\/sites\/6\/2022\/02\/cropped-logo-radio-touring-104.png\",\"width\":377,\"height\":182,\"caption\":\"Radio Touring 104\"},\"image\":{\"@id\":\"https:\/\/progettotouring.it\/radiotouring104\/#\/schema\/logo\/image\/\"}},{\"@type\":\"Person\",\"@id\":\"https:\/\/progettotouring.it\/radiotouring104\/#\/schema\/person\/78613917f1851f041f7483f5af1d422e\",\"name\":\"Sebastiano Plutino\",\"image\":{\"@type\":\"ImageObject\",\"inLanguage\":\"it-IT\",\"@id\":\"https:\/\/secure.gravatar.com\/avatar\/0546ffaa9b79224faf9f2a156b67a529ae861d3287c66c1d8ccfdf909bcba78d?s=96&d=mm&r=g\",\"url\":\"https:\/\/secure.gravatar.com\/avatar\/0546ffaa9b79224faf9f2a156b67a529ae861d3287c66c1d8ccfdf909bcba78d?s=96&d=mm&r=g\",\"contentUrl\":\"https:\/\/secure.gravatar.com\/avatar\/0546ffaa9b79224faf9f2a156b67a529ae861d3287c66c1d8ccfdf909bcba78d?s=96&d=mm&r=g\",\"caption\":\"Sebastiano Plutino\"},\"url\":\"https:\/\/progettotouring.it\/radiotouring104\/author\/sebastiano\/\"}]}<\/script>\n<!-- \/ Yoast SEO plugin. -->","yoast_head_json":{"title":"Ripepi attacca Falcomat\u00e0 su inagibilit\u00e0 delle scuole reggine","description":"\"Tante scuole non saranno agibili e l\u2019apertura dell\u2019anno scolastico \u00e8 alle porte: Falcomat\u00e0 ha raso al suolo anche scuole\", dichiara Ripepi","robots":{"index":"index","follow":"follow","max-snippet":"max-snippet:-1","max-image-preview":"max-image-preview:large","max-video-preview":"max-video-preview:-1"},"canonical":"https:\/\/progettotouring.it\/radiotouring104\/2024\/08\/29\/scuole-non-agibili-ripepi-falcomata-ha-raso-al-suolo-anche-la-scuola-a-rischio-il-diritto-allo-studio-dei-nostri-ragazzi\/","og_locale":"it_IT","og_type":"article","og_title":"Ripepi attacca Falcomat\u00e0 su inagibilit\u00e0 delle scuole reggine","og_description":"\"Tante scuole non saranno agibili e l\u2019apertura dell\u2019anno scolastico \u00e8 alle porte: Falcomat\u00e0 ha raso al suolo anche scuole\", dichiara Ripepi","og_url":"https:\/\/progettotouring.it\/radiotouring104\/2024\/08\/29\/scuole-non-agibili-ripepi-falcomata-ha-raso-al-suolo-anche-la-scuola-a-rischio-il-diritto-allo-studio-dei-nostri-ragazzi\/","og_site_name":"Radio Touring 104","article_published_time":"2024-08-29T10:43:46+00:00","og_image":[{"width":2048,"height":1150,"url":"https:\/\/progettotouring.it\/radiotouring104\/wp-content\/uploads\/sites\/6\/2024\/08\/FOTO-MASSIMO-RIPEPI.jpeg","type":"image\/jpeg"}],"author":"Sebastiano Plutino","twitter_card":"summary_large_image","twitter_misc":{"Scritto da":"Sebastiano Plutino","Tempo di lettura stimato":"3 minuti"},"schema":{"@context":"https:\/\/schema.org","@graph":[{"@type":"Article","@id":"https:\/\/progettotouring.it\/radiotouring104\/2024\/08\/29\/scuole-non-agibili-ripepi-falcomata-ha-raso-al-suolo-anche-la-scuola-a-rischio-il-diritto-allo-studio-dei-nostri-ragazzi\/#article","isPartOf":{"@id":"https:\/\/progettotouring.it\/radiotouring104\/2024\/08\/29\/scuole-non-agibili-ripepi-falcomata-ha-raso-al-suolo-anche-la-scuola-a-rischio-il-diritto-allo-studio-dei-nostri-ragazzi\/"},"author":{"name":"Sebastiano Plutino","@id":"https:\/\/progettotouring.it\/radiotouring104\/#\/schema\/person\/78613917f1851f041f7483f5af1d422e"},"headline":"Scuole non agibili, Ripepi: \u201cFalcomat\u00e1 ha raso al suolo anche la scuola. A rischio il diritto allo studio dei nostri ragazzi!\u201d","datePublished":"2024-08-29T10:43:46+00:00","mainEntityOfPage":{"@id":"https:\/\/progettotouring.it\/radiotouring104\/2024\/08\/29\/scuole-non-agibili-ripepi-falcomata-ha-raso-al-suolo-anche-la-scuola-a-rischio-il-diritto-allo-studio-dei-nostri-ragazzi\/"},"wordCount":632,"publisher":{"@id":"https:\/\/progettotouring.it\/radiotouring104\/#organization"},"image":{"@id":"https:\/\/progettotouring.it\/radiotouring104\/2024\/08\/29\/scuole-non-agibili-ripepi-falcomata-ha-raso-al-suolo-anche-la-scuola-a-rischio-il-diritto-allo-studio-dei-nostri-ragazzi\/#primaryimage"},"thumbnailUrl":"https:\/\/progettotouring.it\/radiotouring104\/wp-content\/uploads\/sites\/6\/2024\/08\/FOTO-MASSIMO-RIPEPI.jpeg","keywords":["anno scolastico 2024\/25","Falcomat\u00e0 Giuseppe","inagibilit\u00e0 scuole reggine","Massimo Ripepi"],"articleSection":["Home","News","Reggio Calabria"],"inLanguage":"it-IT"},{"@type":"WebPage","@id":"https:\/\/progettotouring.it\/radiotouring104\/2024\/08\/29\/scuole-non-agibili-ripepi-falcomata-ha-raso-al-suolo-anche-la-scuola-a-rischio-il-diritto-allo-studio-dei-nostri-ragazzi\/","url":"https:\/\/progettotouring.it\/radiotouring104\/2024\/08\/29\/scuole-non-agibili-ripepi-falcomata-ha-raso-al-suolo-anche-la-scuola-a-rischio-il-diritto-allo-studio-dei-nostri-ragazzi\/","name":"Ripepi attacca Falcomat\u00e0 su inagibilit\u00e0 delle scuole reggine","isPartOf":{"@id":"https:\/\/progettotouring.it\/radiotouring104\/#website"},"primaryImageOfPage":{"@id":"https:\/\/progettotouring.it\/radiotouring104\/2024\/08\/29\/scuole-non-agibili-ripepi-falcomata-ha-raso-al-suolo-anche-la-scuola-a-rischio-il-diritto-allo-studio-dei-nostri-ragazzi\/#primaryimage"},"image":{"@id":"https:\/\/progettotouring.it\/radiotouring104\/2024\/08\/29\/scuole-non-agibili-ripepi-falcomata-ha-raso-al-suolo-anche-la-scuola-a-rischio-il-diritto-allo-studio-dei-nostri-ragazzi\/#primaryimage"},"thumbnailUrl":"https:\/\/progettotouring.it\/radiotouring104\/wp-content\/uploads\/sites\/6\/2024\/08\/FOTO-MASSIMO-RIPEPI.jpeg","datePublished":"2024-08-29T10:43:46+00:00","description":"\"Tante scuole non saranno agibili e l\u2019apertura dell\u2019anno scolastico \u00e8 alle porte: Falcomat\u00e0 ha raso al suolo anche scuole\", dichiara Ripepi","breadcrumb":{"@id":"https:\/\/progettotouring.it\/radiotouring104\/2024\/08\/29\/scuole-non-agibili-ripepi-falcomata-ha-raso-al-suolo-anche-la-scuola-a-rischio-il-diritto-allo-studio-dei-nostri-ragazzi\/#breadcrumb"},"inLanguage":"it-IT","potentialAction":[{"@type":"ReadAction","target":["https:\/\/progettotouring.it\/radiotouring104\/2024\/08\/29\/scuole-non-agibili-ripepi-falcomata-ha-raso-al-suolo-anche-la-scuola-a-rischio-il-diritto-allo-studio-dei-nostri-ragazzi\/"]}]},{"@type":"ImageObject","inLanguage":"it-IT","@id":"https:\/\/progettotouring.it\/radiotouring104\/2024\/08\/29\/scuole-non-agibili-ripepi-falcomata-ha-raso-al-suolo-anche-la-scuola-a-rischio-il-diritto-allo-studio-dei-nostri-ragazzi\/#primaryimage","url":"https:\/\/progettotouring.it\/radiotouring104\/wp-content\/uploads\/sites\/6\/2024\/08\/FOTO-MASSIMO-RIPEPI.jpeg","contentUrl":"https:\/\/progettotouring.it\/radiotouring104\/wp-content\/uploads\/sites\/6\/2024\/08\/FOTO-MASSIMO-RIPEPI.jpeg","width":2048,"height":1150},{"@type":"BreadcrumbList","@id":"https:\/\/progettotouring.it\/radiotouring104\/2024\/08\/29\/scuole-non-agibili-ripepi-falcomata-ha-raso-al-suolo-anche-la-scuola-a-rischio-il-diritto-allo-studio-dei-nostri-ragazzi\/#breadcrumb","itemListElement":[{"@type":"ListItem","position":1,"name":"Home","item":"https:\/\/progettotouring.it\/radiotouring104\/"},{"@type":"ListItem","position":2,"name":"Scuole non agibili, Ripepi: \u201cFalcomat\u00e1 ha raso al suolo anche la scuola. A rischio il diritto allo studio dei nostri ragazzi!\u201d"}]},{"@type":"WebSite","@id":"https:\/\/progettotouring.it\/radiotouring104\/#website","url":"https:\/\/progettotouring.it\/radiotouring104\/","name":"Radio Touring 104","description":"La prima radio Reggina","publisher":{"@id":"https:\/\/progettotouring.it\/radiotouring104\/#organization"},"potentialAction":[{"@type":"SearchAction","target":{"@type":"EntryPoint","urlTemplate":"https:\/\/progettotouring.it\/radiotouring104\/?s={search_term_string}"},"query-input":{"@type":"PropertyValueSpecification","valueRequired":true,"valueName":"search_term_string"}}],"inLanguage":"it-IT"},{"@type":"Organization","@id":"https:\/\/progettotouring.it\/radiotouring104\/#organization","name":"Radio Touring 104","url":"https:\/\/progettotouring.it\/radiotouring104\/","logo":{"@type":"ImageObject","inLanguage":"it-IT","@id":"https:\/\/progettotouring.it\/radiotouring104\/#\/schema\/logo\/image\/","url":"https:\/\/progettotouring.it\/radiotouring104\/wp-content\/uploads\/sites\/6\/2022\/02\/cropped-logo-radio-touring-104.png","contentUrl":"https:\/\/progettotouring.it\/radiotouring104\/wp-content\/uploads\/sites\/6\/2022\/02\/cropped-logo-radio-touring-104.png","width":377,"height":182,"caption":"Radio Touring 104"},"image":{"@id":"https:\/\/progettotouring.it\/radiotouring104\/#\/schema\/logo\/image\/"}},{"@type":"Person","@id":"https:\/\/progettotouring.it\/radiotouring104\/#\/schema\/person\/78613917f1851f041f7483f5af1d422e","name":"Sebastiano Plutino","image":{"@type":"ImageObject","inLanguage":"it-IT","@id":"https:\/\/secure.gravatar.com\/avatar\/0546ffaa9b79224faf9f2a156b67a529ae861d3287c66c1d8ccfdf909bcba78d?s=96&d=mm&r=g","url":"https:\/\/secure.gravatar.com\/avatar\/0546ffaa9b79224faf9f2a156b67a529ae861d3287c66c1d8ccfdf909bcba78d?s=96&d=mm&r=g","contentUrl":"https:\/\/secure.gravatar.com\/avatar\/0546ffaa9b79224faf9f2a156b67a529ae861d3287c66c1d8ccfdf909bcba78d?s=96&d=mm&r=g","caption":"Sebastiano Plutino"},"url":"https:\/\/progettotouring.it\/radiotouring104\/author\/sebastiano\/"}]}},"jetpack_publicize_connections":[],"jetpack_featured_media_url":"https:\/\/progettotouring.it\/radiotouring104\/wp-content\/uploads\/sites\/6\/2024\/08\/FOTO-MASSIMO-RIPEPI.jpeg","jetpack_sharing_enabled":true,"_links":{"self":[{"href":"https:\/\/progettotouring.it\/radiotouring104\/wp-json\/wp\/v2\/posts\/57116","targetHints":{"allow":["GET"]}}],"collection":[{"href":"https:\/\/progettotouring.it\/radiotouring104\/wp-json\/wp\/v2\/posts"}],"about":[{"href":"https:\/\/progettotouring.it\/radiotouring104\/wp-json\/wp\/v2\/types\/post"}],"author":[{"embeddable":true,"href":"https:\/\/progettotouring.it\/radiotouring104\/wp-json\/wp\/v2\/users\/12"}],"replies":[{"embeddable":true,"href":"https:\/\/progettotouring.it\/radiotouring104\/wp-json\/wp\/v2\/comments?post=57116"}],"version-history":[{"count":1,"href":"https:\/\/progettotouring.it\/radiotouring104\/wp-json\/wp\/v2\/posts\/57116\/revisions"}],"predecessor-version":[{"id":57118,"href":"https:\/\/progettotouring.it\/radiotouring104\/wp-json\/wp\/v2\/posts\/57116\/revisions\/57118"}],"wp:featuredmedia":[{"embeddable":true,"href":"https:\/\/progettotouring.it\/radiotouring104\/wp-json\/wp\/v2\/media\/57117"}],"wp:attachment":[{"href":"https:\/\/progettotouring.it\/radiotouring104\/wp-json\/wp\/v2\/media?parent=57116"}],"wp:term":[{"taxonomy":"category","embeddable":true,"href":"https:\/\/progettotouring.it\/radiotouring104\/wp-json\/wp\/v2\/categories?post=57116"},{"taxonomy":"post_tag","embeddable":true,"href":"https:\/\/progettotouring.it\/radiotouring104\/wp-json\/wp\/v2\/tags?post=57116"}],"curies":[{"name":"wp","href":"https:\/\/api.w.org\/{rel}","templated":true}]}}