{"id":57130,"date":"2024-08-30T09:35:22","date_gmt":"2024-08-30T07:35:22","guid":{"rendered":"https:\/\/progettotouring.it\/radiotouring104\/?p=57130"},"modified":"2024-08-30T09:35:22","modified_gmt":"2024-08-30T07:35:22","slug":"vinitaly-presentata-a-catanzaro-la-prima-edizione-in-calabria","status":"publish","type":"post","link":"https:\/\/progettotouring.it\/radiotouring104\/2024\/08\/30\/vinitaly-presentata-a-catanzaro-la-prima-edizione-in-calabria\/","title":{"rendered":"Vinitaly: presentata a Catanzaro la prima edizione in Calabria"},"content":{"rendered":"<p style=\"text-align: justify\">Vinitaly esce per la prima volta nella sua storia da Verona e approda a Sibari, nella terra degli enotri, l\u00e0 dove tutto \u00e8 iniziato.<\/p>\n<p style=\"text-align: justify\"><strong>La Calabria sar\u00e0 la prima regione italiana ad ospitare l&#8217;evento<\/strong> che si svolger\u00e0 <strong>da oggi al primo di settembre<\/strong>, la versione &#8216;fuori fiera&#8217; del salone internazionale del vino.<\/p>\n<p style=\"text-align: justify\">Scenario inaugurale di questa formula itinerante dedicata a chi ama il vino, nell&#8217;ambito di un percorso sperimentale, &#8216;Vinitaly and the city&#8217;, che sar\u00e0 ospitata all&#8217;interno del Parco archeologico di Sibari, uno dei siti pi\u00f9 importanti del Paese e culla di quella civilt\u00e0 magnogreca che ebbe nella antica Sybaris una delle colonie pi\u00f9 floride.\n<\/p>\n<p style=\"text-align: justify\"><strong>L&#8217;evento,<\/strong> di carattere nazionale, frutto dell&#8217;intesa tra Regione Calabria e VeronaFiere spa,<strong> \u00e8 stato presentato a Catanzaro dal presidente<\/strong> della Regione Calabria <strong>Roberto Occhiuto<\/strong>, dall&#8217;assessore regionale all&#8217;agricoltura<strong> Gianluca Gallo<\/strong>, dalla commissaria di Arsac <strong>Fulvia Caligiuri,<\/strong> dal dall&#8217;exhibition manager di Vinitaly <strong>Gianni Bruno,<\/strong> dal direttore dei Parchi archeologici di Crotone Sibari <strong>Filippo Demma<\/strong> e dal giornalista enogastronomico Paolo Massobrio.<\/p>\n<p style=\"text-align: justify\"><strong>Il ricco programma della kermesse,<\/strong> che <strong>vedr\u00e0 presenti i migliori vini italiani ed esteri si svilupper\u00e0 in tre diverse aree:<\/strong> Wine talk, Masterclass e isola della biodiversit\u00e0 dove si alterneranno ospiti ed esperti del settore. Tra i protagonisti molti dei produttori calabresi in un settore dato dagli esperti di settore in grande ascesa qualitativa.<br \/>\n<em>&#8220;Siamo molto orgogliosi &#8211;<\/em><strong> ha detto il presidente Occhiuto<\/strong> &#8211; <em>di ospitare come prima regione Vinitaly and the City, un&#8217;idea che in pochi mesi si \u00e8 trasformata in realt\u00e0. Si tratta di una occasione importante che segnala la Calabria come una regione all&#8217;avanguardia per la qualit\u00e0 delle sue cantine, per il lavoro svolto dall&#8217;Assessorato all&#8217;Agricoltura ma \u00e8 un&#8217;occasione staordinaria anche per fare conoscere i tesori della Calabria.<\/em> <em>La circostanza che il Vinitaly si svolga a Sibari<\/em> &#8211;<strong> ha aggiunto Occhiuto<\/strong> &#8211;<em> dimostra che c&#8217;\u00e8 l&#8217;impegno di promuovere il territorio. D&#8217;altra parte i vini sono un veicolo straordinario di promozione territoriale&#8221;.<\/em><\/p>\n","protected":false},"excerpt":{"rendered":"<p>Vinitaly esce per la prima volta nella sua storia da Verona e approda a Sibari, nella terra degli enotri, l\u00e0 dove tutto \u00e8 iniziato. La Calabria sar\u00e0 la prima regione&hellip;<\/p>\n","protected":false},"author":12,"featured_media":2512,"comment_status":"closed","ping_status":"open","sticky":false,"template":"","format":"standard","meta":{"_jetpack_memberships_contains_paid_content":false,"footnotes":"","jetpack_publicize_message":"","jetpack_publicize_feature_enabled":true,"jetpack_social_post_already_shared":false,"jetpack_social_options":{"image_generator_settings":{"template":"highway","default_image_id":0,"font":"","enabled":false},"version":2}},"categories":[142,921,196],"tags":[9130,698,5629,18340,10824,12679],"class_list":["post-57130","post","type-post","status-publish","format-standard","has-post-thumbnail","hentry","category-calabria","category-home","category-news","tag-assessore-gianluca-gallo","tag-catanzaro","tag-filippo-demma","tag-occhiuto-roberto","tag-sibari","tag-vinitaly"],"yoast_head":"<!-- This site is optimized with the Yoast SEO plugin v27.2 - https:\/\/yoast.com\/product\/yoast-seo-wordpress\/ -->\n<title>Vinitaly: presentata a Catanzaro la prima edizione in Calabria - Radio Touring 104<\/title>\n<meta name=\"description\" content=\"L&#039;evento che si svolger\u00e0 per la prima volta in Calabria, \u00e8 stato presentato a Catanzaro tra gli altri, da Occhiuto ed Assessore Gallo\" \/>\n<meta name=\"robots\" content=\"index, follow, max-snippet:-1, max-image-preview:large, max-video-preview:-1\" \/>\n<link rel=\"canonical\" href=\"https:\/\/progettotouring.it\/radiotouring104\/2024\/08\/30\/vinitaly-presentata-a-catanzaro-la-prima-edizione-in-calabria\/\" \/>\n<meta property=\"og:locale\" content=\"it_IT\" \/>\n<meta property=\"og:type\" content=\"article\" \/>\n<meta property=\"og:title\" content=\"Vinitaly: presentata a Catanzaro la prima edizione in Calabria - Radio Touring 104\" \/>\n<meta property=\"og:description\" content=\"L&#039;evento che si svolger\u00e0 per la prima volta in Calabria, \u00e8 stato presentato a Catanzaro tra gli altri, da Occhiuto ed Assessore Gallo\" \/>\n<meta property=\"og:url\" content=\"https:\/\/progettotouring.it\/radiotouring104\/2024\/08\/30\/vinitaly-presentata-a-catanzaro-la-prima-edizione-in-calabria\/\" \/>\n<meta property=\"og:site_name\" content=\"Radio Touring 104\" \/>\n<meta property=\"article:published_time\" content=\"2024-08-30T07:35:22+00:00\" \/>\n<meta property=\"og:image\" content=\"https:\/\/progettotouring.it\/radiotouring104\/wp-content\/uploads\/sites\/6\/2022\/03\/Cittadella-Regione-Calabria.jpg\" \/>\n\t<meta property=\"og:image:width\" content=\"1920\" \/>\n\t<meta property=\"og:image:height\" content=\"1080\" \/>\n\t<meta property=\"og:image:type\" content=\"image\/jpeg\" \/>\n<meta name=\"author\" content=\"Sebastiano Plutino\" \/>\n<meta name=\"twitter:card\" content=\"summary_large_image\" \/>\n<meta name=\"twitter:label1\" content=\"Scritto da\" \/>\n\t<meta name=\"twitter:data1\" content=\"Sebastiano Plutino\" \/>\n\t<meta name=\"twitter:label2\" content=\"Tempo di lettura stimato\" \/>\n\t<meta name=\"twitter:data2\" content=\"2 minuti\" \/>\n<script type=\"application\/ld+json\" class=\"yoast-schema-graph\">{\"@context\":\"https:\/\/schema.org\",\"@graph\":[{\"@type\":\"Article\",\"@id\":\"https:\/\/progettotouring.it\/radiotouring104\/2024\/08\/30\/vinitaly-presentata-a-catanzaro-la-prima-edizione-in-calabria\/#article\",\"isPartOf\":{\"@id\":\"https:\/\/progettotouring.it\/radiotouring104\/2024\/08\/30\/vinitaly-presentata-a-catanzaro-la-prima-edizione-in-calabria\/\"},\"author\":{\"name\":\"Sebastiano Plutino\",\"@id\":\"https:\/\/progettotouring.it\/radiotouring104\/#\/schema\/person\/78613917f1851f041f7483f5af1d422e\"},\"headline\":\"Vinitaly: presentata a Catanzaro la prima edizione in Calabria\",\"datePublished\":\"2024-08-30T07:35:22+00:00\",\"mainEntityOfPage\":{\"@id\":\"https:\/\/progettotouring.it\/radiotouring104\/2024\/08\/30\/vinitaly-presentata-a-catanzaro-la-prima-edizione-in-calabria\/\"},\"wordCount\":322,\"publisher\":{\"@id\":\"https:\/\/progettotouring.it\/radiotouring104\/#organization\"},\"image\":{\"@id\":\"https:\/\/progettotouring.it\/radiotouring104\/2024\/08\/30\/vinitaly-presentata-a-catanzaro-la-prima-edizione-in-calabria\/#primaryimage\"},\"thumbnailUrl\":\"https:\/\/progettotouring.it\/radiotouring104\/wp-content\/uploads\/sites\/6\/2022\/03\/Cittadella-Regione-Calabria.jpg\",\"keywords\":[\"Assessore Gianluca Gallo\",\"catanzaro\",\"Filippo Demma\",\"Occhiuto Roberto\",\"Sibari\",\"Vinitaly\"],\"articleSection\":[\"Calabria\",\"Home\",\"News\"],\"inLanguage\":\"it-IT\"},{\"@type\":\"WebPage\",\"@id\":\"https:\/\/progettotouring.it\/radiotouring104\/2024\/08\/30\/vinitaly-presentata-a-catanzaro-la-prima-edizione-in-calabria\/\",\"url\":\"https:\/\/progettotouring.it\/radiotouring104\/2024\/08\/30\/vinitaly-presentata-a-catanzaro-la-prima-edizione-in-calabria\/\",\"name\":\"Vinitaly: presentata a Catanzaro la prima edizione in Calabria - Radio Touring 104\",\"isPartOf\":{\"@id\":\"https:\/\/progettotouring.it\/radiotouring104\/#website\"},\"primaryImageOfPage\":{\"@id\":\"https:\/\/progettotouring.it\/radiotouring104\/2024\/08\/30\/vinitaly-presentata-a-catanzaro-la-prima-edizione-in-calabria\/#primaryimage\"},\"image\":{\"@id\":\"https:\/\/progettotouring.it\/radiotouring104\/2024\/08\/30\/vinitaly-presentata-a-catanzaro-la-prima-edizione-in-calabria\/#primaryimage\"},\"thumbnailUrl\":\"https:\/\/progettotouring.it\/radiotouring104\/wp-content\/uploads\/sites\/6\/2022\/03\/Cittadella-Regione-Calabria.jpg\",\"datePublished\":\"2024-08-30T07:35:22+00:00\",\"description\":\"L'evento che si svolger\u00e0 per la prima volta in Calabria, \u00e8 stato presentato a Catanzaro tra gli altri, da Occhiuto ed Assessore Gallo\",\"breadcrumb\":{\"@id\":\"https:\/\/progettotouring.it\/radiotouring104\/2024\/08\/30\/vinitaly-presentata-a-catanzaro-la-prima-edizione-in-calabria\/#breadcrumb\"},\"inLanguage\":\"it-IT\",\"potentialAction\":[{\"@type\":\"ReadAction\",\"target\":[\"https:\/\/progettotouring.it\/radiotouring104\/2024\/08\/30\/vinitaly-presentata-a-catanzaro-la-prima-edizione-in-calabria\/\"]}]},{\"@type\":\"ImageObject\",\"inLanguage\":\"it-IT\",\"@id\":\"https:\/\/progettotouring.it\/radiotouring104\/2024\/08\/30\/vinitaly-presentata-a-catanzaro-la-prima-edizione-in-calabria\/#primaryimage\",\"url\":\"https:\/\/progettotouring.it\/radiotouring104\/wp-content\/uploads\/sites\/6\/2022\/03\/Cittadella-Regione-Calabria.jpg\",\"contentUrl\":\"https:\/\/progettotouring.it\/radiotouring104\/wp-content\/uploads\/sites\/6\/2022\/03\/Cittadella-Regione-Calabria.jpg\",\"width\":1920,\"height\":1080,\"caption\":\"Regione Calabria catanzaro\"},{\"@type\":\"BreadcrumbList\",\"@id\":\"https:\/\/progettotouring.it\/radiotouring104\/2024\/08\/30\/vinitaly-presentata-a-catanzaro-la-prima-edizione-in-calabria\/#breadcrumb\",\"itemListElement\":[{\"@type\":\"ListItem\",\"position\":1,\"name\":\"Home\",\"item\":\"https:\/\/progettotouring.it\/radiotouring104\/\"},{\"@type\":\"ListItem\",\"position\":2,\"name\":\"Vinitaly: presentata a Catanzaro la prima edizione in Calabria\"}]},{\"@type\":\"WebSite\",\"@id\":\"https:\/\/progettotouring.it\/radiotouring104\/#website\",\"url\":\"https:\/\/progettotouring.it\/radiotouring104\/\",\"name\":\"Radio Touring 104\",\"description\":\"La prima radio Reggina\",\"publisher\":{\"@id\":\"https:\/\/progettotouring.it\/radiotouring104\/#organization\"},\"potentialAction\":[{\"@type\":\"SearchAction\",\"target\":{\"@type\":\"EntryPoint\",\"urlTemplate\":\"https:\/\/progettotouring.it\/radiotouring104\/?s={search_term_string}\"},\"query-input\":{\"@type\":\"PropertyValueSpecification\",\"valueRequired\":true,\"valueName\":\"search_term_string\"}}],\"inLanguage\":\"it-IT\"},{\"@type\":\"Organization\",\"@id\":\"https:\/\/progettotouring.it\/radiotouring104\/#organization\",\"name\":\"Radio Touring 104\",\"url\":\"https:\/\/progettotouring.it\/radiotouring104\/\",\"logo\":{\"@type\":\"ImageObject\",\"inLanguage\":\"it-IT\",\"@id\":\"https:\/\/progettotouring.it\/radiotouring104\/#\/schema\/logo\/image\/\",\"url\":\"https:\/\/progettotouring.it\/radiotouring104\/wp-content\/uploads\/sites\/6\/2022\/02\/cropped-logo-radio-touring-104.png\",\"contentUrl\":\"https:\/\/progettotouring.it\/radiotouring104\/wp-content\/uploads\/sites\/6\/2022\/02\/cropped-logo-radio-touring-104.png\",\"width\":377,\"height\":182,\"caption\":\"Radio Touring 104\"},\"image\":{\"@id\":\"https:\/\/progettotouring.it\/radiotouring104\/#\/schema\/logo\/image\/\"}},{\"@type\":\"Person\",\"@id\":\"https:\/\/progettotouring.it\/radiotouring104\/#\/schema\/person\/78613917f1851f041f7483f5af1d422e\",\"name\":\"Sebastiano Plutino\",\"image\":{\"@type\":\"ImageObject\",\"inLanguage\":\"it-IT\",\"@id\":\"https:\/\/secure.gravatar.com\/avatar\/0546ffaa9b79224faf9f2a156b67a529ae861d3287c66c1d8ccfdf909bcba78d?s=96&d=mm&r=g\",\"url\":\"https:\/\/secure.gravatar.com\/avatar\/0546ffaa9b79224faf9f2a156b67a529ae861d3287c66c1d8ccfdf909bcba78d?s=96&d=mm&r=g\",\"contentUrl\":\"https:\/\/secure.gravatar.com\/avatar\/0546ffaa9b79224faf9f2a156b67a529ae861d3287c66c1d8ccfdf909bcba78d?s=96&d=mm&r=g\",\"caption\":\"Sebastiano Plutino\"},\"url\":\"https:\/\/progettotouring.it\/radiotouring104\/author\/sebastiano\/\"}]}<\/script>\n<!-- \/ Yoast SEO plugin. -->","yoast_head_json":{"title":"Vinitaly: presentata a Catanzaro la prima edizione in Calabria - Radio Touring 104","description":"L'evento che si svolger\u00e0 per la prima volta in Calabria, \u00e8 stato presentato a Catanzaro tra gli altri, da Occhiuto ed Assessore Gallo","robots":{"index":"index","follow":"follow","max-snippet":"max-snippet:-1","max-image-preview":"max-image-preview:large","max-video-preview":"max-video-preview:-1"},"canonical":"https:\/\/progettotouring.it\/radiotouring104\/2024\/08\/30\/vinitaly-presentata-a-catanzaro-la-prima-edizione-in-calabria\/","og_locale":"it_IT","og_type":"article","og_title":"Vinitaly: presentata a Catanzaro la prima edizione in Calabria - Radio Touring 104","og_description":"L'evento che si svolger\u00e0 per la prima volta in Calabria, \u00e8 stato presentato a Catanzaro tra gli altri, da Occhiuto ed Assessore Gallo","og_url":"https:\/\/progettotouring.it\/radiotouring104\/2024\/08\/30\/vinitaly-presentata-a-catanzaro-la-prima-edizione-in-calabria\/","og_site_name":"Radio Touring 104","article_published_time":"2024-08-30T07:35:22+00:00","og_image":[{"width":1920,"height":1080,"url":"https:\/\/progettotouring.it\/radiotouring104\/wp-content\/uploads\/sites\/6\/2022\/03\/Cittadella-Regione-Calabria.jpg","type":"image\/jpeg"}],"author":"Sebastiano Plutino","twitter_card":"summary_large_image","twitter_misc":{"Scritto da":"Sebastiano Plutino","Tempo di lettura stimato":"2 minuti"},"schema":{"@context":"https:\/\/schema.org","@graph":[{"@type":"Article","@id":"https:\/\/progettotouring.it\/radiotouring104\/2024\/08\/30\/vinitaly-presentata-a-catanzaro-la-prima-edizione-in-calabria\/#article","isPartOf":{"@id":"https:\/\/progettotouring.it\/radiotouring104\/2024\/08\/30\/vinitaly-presentata-a-catanzaro-la-prima-edizione-in-calabria\/"},"author":{"name":"Sebastiano Plutino","@id":"https:\/\/progettotouring.it\/radiotouring104\/#\/schema\/person\/78613917f1851f041f7483f5af1d422e"},"headline":"Vinitaly: presentata a Catanzaro la prima edizione in Calabria","datePublished":"2024-08-30T07:35:22+00:00","mainEntityOfPage":{"@id":"https:\/\/progettotouring.it\/radiotouring104\/2024\/08\/30\/vinitaly-presentata-a-catanzaro-la-prima-edizione-in-calabria\/"},"wordCount":322,"publisher":{"@id":"https:\/\/progettotouring.it\/radiotouring104\/#organization"},"image":{"@id":"https:\/\/progettotouring.it\/radiotouring104\/2024\/08\/30\/vinitaly-presentata-a-catanzaro-la-prima-edizione-in-calabria\/#primaryimage"},"thumbnailUrl":"https:\/\/progettotouring.it\/radiotouring104\/wp-content\/uploads\/sites\/6\/2022\/03\/Cittadella-Regione-Calabria.jpg","keywords":["Assessore Gianluca Gallo","catanzaro","Filippo Demma","Occhiuto Roberto","Sibari","Vinitaly"],"articleSection":["Calabria","Home","News"],"inLanguage":"it-IT"},{"@type":"WebPage","@id":"https:\/\/progettotouring.it\/radiotouring104\/2024\/08\/30\/vinitaly-presentata-a-catanzaro-la-prima-edizione-in-calabria\/","url":"https:\/\/progettotouring.it\/radiotouring104\/2024\/08\/30\/vinitaly-presentata-a-catanzaro-la-prima-edizione-in-calabria\/","name":"Vinitaly: presentata a Catanzaro la prima edizione in Calabria - Radio Touring 104","isPartOf":{"@id":"https:\/\/progettotouring.it\/radiotouring104\/#website"},"primaryImageOfPage":{"@id":"https:\/\/progettotouring.it\/radiotouring104\/2024\/08\/30\/vinitaly-presentata-a-catanzaro-la-prima-edizione-in-calabria\/#primaryimage"},"image":{"@id":"https:\/\/progettotouring.it\/radiotouring104\/2024\/08\/30\/vinitaly-presentata-a-catanzaro-la-prima-edizione-in-calabria\/#primaryimage"},"thumbnailUrl":"https:\/\/progettotouring.it\/radiotouring104\/wp-content\/uploads\/sites\/6\/2022\/03\/Cittadella-Regione-Calabria.jpg","datePublished":"2024-08-30T07:35:22+00:00","description":"L'evento che si svolger\u00e0 per la prima volta in Calabria, \u00e8 stato presentato a Catanzaro tra gli altri, da Occhiuto ed Assessore Gallo","breadcrumb":{"@id":"https:\/\/progettotouring.it\/radiotouring104\/2024\/08\/30\/vinitaly-presentata-a-catanzaro-la-prima-edizione-in-calabria\/#breadcrumb"},"inLanguage":"it-IT","potentialAction":[{"@type":"ReadAction","target":["https:\/\/progettotouring.it\/radiotouring104\/2024\/08\/30\/vinitaly-presentata-a-catanzaro-la-prima-edizione-in-calabria\/"]}]},{"@type":"ImageObject","inLanguage":"it-IT","@id":"https:\/\/progettotouring.it\/radiotouring104\/2024\/08\/30\/vinitaly-presentata-a-catanzaro-la-prima-edizione-in-calabria\/#primaryimage","url":"https:\/\/progettotouring.it\/radiotouring104\/wp-content\/uploads\/sites\/6\/2022\/03\/Cittadella-Regione-Calabria.jpg","contentUrl":"https:\/\/progettotouring.it\/radiotouring104\/wp-content\/uploads\/sites\/6\/2022\/03\/Cittadella-Regione-Calabria.jpg","width":1920,"height":1080,"caption":"Regione Calabria catanzaro"},{"@type":"BreadcrumbList","@id":"https:\/\/progettotouring.it\/radiotouring104\/2024\/08\/30\/vinitaly-presentata-a-catanzaro-la-prima-edizione-in-calabria\/#breadcrumb","itemListElement":[{"@type":"ListItem","position":1,"name":"Home","item":"https:\/\/progettotouring.it\/radiotouring104\/"},{"@type":"ListItem","position":2,"name":"Vinitaly: presentata a Catanzaro la prima edizione in Calabria"}]},{"@type":"WebSite","@id":"https:\/\/progettotouring.it\/radiotouring104\/#website","url":"https:\/\/progettotouring.it\/radiotouring104\/","name":"Radio Touring 104","description":"La prima radio Reggina","publisher":{"@id":"https:\/\/progettotouring.it\/radiotouring104\/#organization"},"potentialAction":[{"@type":"SearchAction","target":{"@type":"EntryPoint","urlTemplate":"https:\/\/progettotouring.it\/radiotouring104\/?s={search_term_string}"},"query-input":{"@type":"PropertyValueSpecification","valueRequired":true,"valueName":"search_term_string"}}],"inLanguage":"it-IT"},{"@type":"Organization","@id":"https:\/\/progettotouring.it\/radiotouring104\/#organization","name":"Radio Touring 104","url":"https:\/\/progettotouring.it\/radiotouring104\/","logo":{"@type":"ImageObject","inLanguage":"it-IT","@id":"https:\/\/progettotouring.it\/radiotouring104\/#\/schema\/logo\/image\/","url":"https:\/\/progettotouring.it\/radiotouring104\/wp-content\/uploads\/sites\/6\/2022\/02\/cropped-logo-radio-touring-104.png","contentUrl":"https:\/\/progettotouring.it\/radiotouring104\/wp-content\/uploads\/sites\/6\/2022\/02\/cropped-logo-radio-touring-104.png","width":377,"height":182,"caption":"Radio Touring 104"},"image":{"@id":"https:\/\/progettotouring.it\/radiotouring104\/#\/schema\/logo\/image\/"}},{"@type":"Person","@id":"https:\/\/progettotouring.it\/radiotouring104\/#\/schema\/person\/78613917f1851f041f7483f5af1d422e","name":"Sebastiano Plutino","image":{"@type":"ImageObject","inLanguage":"it-IT","@id":"https:\/\/secure.gravatar.com\/avatar\/0546ffaa9b79224faf9f2a156b67a529ae861d3287c66c1d8ccfdf909bcba78d?s=96&d=mm&r=g","url":"https:\/\/secure.gravatar.com\/avatar\/0546ffaa9b79224faf9f2a156b67a529ae861d3287c66c1d8ccfdf909bcba78d?s=96&d=mm&r=g","contentUrl":"https:\/\/secure.gravatar.com\/avatar\/0546ffaa9b79224faf9f2a156b67a529ae861d3287c66c1d8ccfdf909bcba78d?s=96&d=mm&r=g","caption":"Sebastiano Plutino"},"url":"https:\/\/progettotouring.it\/radiotouring104\/author\/sebastiano\/"}]}},"jetpack_publicize_connections":[],"jetpack_featured_media_url":"https:\/\/progettotouring.it\/radiotouring104\/wp-content\/uploads\/sites\/6\/2022\/03\/Cittadella-Regione-Calabria.jpg","jetpack_sharing_enabled":true,"_links":{"self":[{"href":"https:\/\/progettotouring.it\/radiotouring104\/wp-json\/wp\/v2\/posts\/57130","targetHints":{"allow":["GET"]}}],"collection":[{"href":"https:\/\/progettotouring.it\/radiotouring104\/wp-json\/wp\/v2\/posts"}],"about":[{"href":"https:\/\/progettotouring.it\/radiotouring104\/wp-json\/wp\/v2\/types\/post"}],"author":[{"embeddable":true,"href":"https:\/\/progettotouring.it\/radiotouring104\/wp-json\/wp\/v2\/users\/12"}],"replies":[{"embeddable":true,"href":"https:\/\/progettotouring.it\/radiotouring104\/wp-json\/wp\/v2\/comments?post=57130"}],"version-history":[{"count":1,"href":"https:\/\/progettotouring.it\/radiotouring104\/wp-json\/wp\/v2\/posts\/57130\/revisions"}],"predecessor-version":[{"id":57131,"href":"https:\/\/progettotouring.it\/radiotouring104\/wp-json\/wp\/v2\/posts\/57130\/revisions\/57131"}],"wp:featuredmedia":[{"embeddable":true,"href":"https:\/\/progettotouring.it\/radiotouring104\/wp-json\/wp\/v2\/media\/2512"}],"wp:attachment":[{"href":"https:\/\/progettotouring.it\/radiotouring104\/wp-json\/wp\/v2\/media?parent=57130"}],"wp:term":[{"taxonomy":"category","embeddable":true,"href":"https:\/\/progettotouring.it\/radiotouring104\/wp-json\/wp\/v2\/categories?post=57130"},{"taxonomy":"post_tag","embeddable":true,"href":"https:\/\/progettotouring.it\/radiotouring104\/wp-json\/wp\/v2\/tags?post=57130"}],"curies":[{"name":"wp","href":"https:\/\/api.w.org\/{rel}","templated":true}]}}