{"id":5732,"date":"2022-05-24T12:13:10","date_gmt":"2022-05-24T10:13:10","guid":{"rendered":"https:\/\/progettotouring.it\/radiotouring104\/?p=5732"},"modified":"2022-05-24T12:13:18","modified_gmt":"2022-05-24T10:13:18","slug":"la-casa-delle-donne-sara-presto-realta-dalla-giunta-ok-al-progetto-esecutivo","status":"publish","type":"post","link":"https:\/\/progettotouring.it\/radiotouring104\/2022\/05\/24\/la-casa-delle-donne-sara-presto-realta-dalla-giunta-ok-al-progetto-esecutivo\/","title":{"rendered":"La Casa delle Donne sar\u00e0 presto realt\u00e0: dalla giunta ok al progetto esecutivo"},"content":{"rendered":"<div dir=\"auto\" style=\"text-align: justify;\">Via libera dalla Giunta comunale al progetto definitivo ed esecutivo per la realizzazione della \u201cCasa delle donne\u201d, \u00abun punto \u2013 ha spiegato l\u2019assessora alle Politiche di genere, Angela Martino \u2013 ritenuto prioritario e strategico dall&#8217;amministrazione, fra gli aspetti pi\u00f9 rilevanti delle linee programmatiche fissate dal sindaco Giuseppe Falcomat\u00e0 all&#8217;atto del suo insediamento\u00bb.<\/div>\n<div dir=\"auto\" style=\"text-align: justify;\"><\/div>\n<div dir=\"auto\" style=\"text-align: justify;\">\u00abPer questo \u2013 ha aggiunto \u2013 mi corre l\u2019obbligo di ringraziare gli assessori ed i consiglieri che, fino ad oggi, si sono prodigati affinch\u00e9 si concretizzasse un\u2019opera indispensabile a tutelare e sostenere numerose donne in difficolt\u00e0 e fortemente voluta dalle associazioni che si battono per la tutela dei diritti di madri, figlie e mogli vittime di sopraffazioni e violenze. Allo stesso modo, \u00e8 stato prezioso il lavoro del responsabile unico del procedimento, Michele Tigani, del dirigente Demetrio Beatino e dell&#8217;intero ufficio tecnico del Comune ai quali va tutta la riconoscenza dell\u2019esecutivo\u00bb.<\/div>\n<div dir=\"auto\" style=\"text-align: justify;\"><\/div>\n<div dir=\"auto\" style=\"text-align: justify;\">\u00abLa \u201cCasa delle donne\u201d \u2013 ha spiegato l\u2019assessora Martino \u2013 sorger\u00e0 nella zona Sud della citt\u00e0, in quello che era un bene confiscato alla criminalit\u00e0 e, anche per questo, assume un valore simbolico di fondamentale importanza. Il pensiero, dunque, non pu\u00f2 che correre a Lea Garofalo, a Felicia Impastato, a Rita Atria, a Maria Concetta Cacciola, ad Emanuela Loi, a Renata Forte ed a tutte le donne che hanno dedicato la vita, spesso pagando con la morte, il loro impegno contro le mafie\u00bb.<\/div>\n<div dir=\"auto\" style=\"text-align: justify;\"><\/div>\n<div dir=\"auto\" style=\"text-align: justify;\">\u00abMa la \u201cCasa delle donne\u201d \u2013 ha continuato la delegata alle Politiche di genere \u2013 sar\u00e0, soprattutto, un luogo accogliente e di ricostruzione esistenziale, dove ognuna potr\u00e0 rinascere nella certezza e nella consapevolezza d\u2019essersi lasciata alle spalle i drammi del passato\u00bb. \u00abMolto spesso \u2013 ha affermato Angela Martino \u2013 chi ha subito un abuso, chi ha sofferto situazioni limite di violenza domestica e stalking non ha un luogo sicuro dove poter vivere, crescere o semplicemente essere ascoltata. Nella struttura, che si estende su tre piani con un\u2019ampia terrazza ed un grande giardino, sorgeranno spazi dedicati all\u2019aspetto clinico ed al supporto psicologico, aree dove poter svolgere dei laboratori e diverse camere per accogliere pi\u00f9 ospiti possibili. Ci si dedicher\u00e0 all\u2019ascolto, alla formazione di gruppi di sostegno, alla creazione di una vera e propria \u201ccase rifugio\u201d per le donne che hanno subito violenza e chiedono aiuto\u00bb. Una \u201ccomfort-zone\u201d, insomma, per le donne e per i loro figli: \u00abNon mancheranno aree ludiche all\u2019aperto ed una \u201cStanza morbida\u201d, fondamentale per mettere a proprio agio le madri con bambini ai primi anni di vita. Quindi, tutto \u00e8 pensato per accompagnare le donne nel proprio percorso di resilienza e di riscatto\u00bb.<\/div>\n<div dir=\"auto\" style=\"text-align: justify;\"><\/div>\n<div dir=\"auto\" style=\"text-align: justify;\">\u00abIn appena tre mesi dall&#8217;ok di fattibilit\u00e0 tecnico-finanziaria \u2013 ha proseguito l\u2019assessora \u2013 siamo arrivati al progetto esecutivo da 800 mila euro e, adesso, si punta a procedere velocemente con l\u2019appalto perch\u00e9, se da un lato vogliamo offrire un aiuto efficace alle donne costrette in situazioni pericolose per la propria incolumit\u00e0 fisica o psicologica, dall\u2019altro, seguendo altri e vincenti esempi in Italia, puntiamo a costruire reti e relazioni fra donne chiamate a condividere esperienze di vita e momenti di convivenza\u00bb.<\/div>\n<div dir=\"auto\" style=\"text-align: justify;\"><\/div>\n<div dir=\"auto\" style=\"text-align: justify;\">\u00abIl nostro &#8211; ha concluso\u00a0 Martino &#8211; \u00e8 un impegno per le donne, per le persone in difficolt\u00e0, un esempio concreto di buona amministrazione al fianco della fragilit\u00e0 umana perch\u00e9 nessuna possa mai sentirsi sola o abbandonata\u00bb.<\/div>\n","protected":false},"excerpt":{"rendered":"<p>Via libera dalla Giunta comunale al progetto definitivo ed esecutivo per la realizzazione della \u201cCasa delle donne\u201d, \u00abun punto \u2013 ha spiegato l\u2019assessora alle Politiche di genere, Angela Martino \u2013&hellip;<\/p>\n","protected":false},"author":5,"featured_media":5666,"comment_status":"open","ping_status":"open","sticky":false,"template":"","format":"standard","meta":{"_jetpack_memberships_contains_paid_content":false,"footnotes":"","jetpack_publicize_message":"","jetpack_publicize_feature_enabled":true,"jetpack_social_post_already_shared":false,"jetpack_social_options":{"image_generator_settings":{"template":"highway","default_image_id":0,"font":"","enabled":false},"version":2}},"categories":[921,196,140],"tags":[1345,2000],"class_list":["post-5732","post","type-post","status-publish","format-standard","has-post-thumbnail","hentry","category-home","category-news","category-reggio-calabria","tag-angela-martino","tag-casa-delle-donne"],"yoast_head":"<!-- This site is optimized with the Yoast SEO plugin v27.2 - https:\/\/yoast.com\/product\/yoast-seo-wordpress\/ -->\n<title>La Casa delle Donne presto realt\u00e0: dalla giunta ok al progetto esecutivo<\/title>\n<meta name=\"description\" content=\"L&#039;Assessora alle Politiche di Genere Angela Martino: &quot;Obiettivo prioritario e strategico dall&#039;Amministrazione&quot;\" \/>\n<meta name=\"robots\" content=\"index, follow, max-snippet:-1, max-image-preview:large, max-video-preview:-1\" \/>\n<link rel=\"canonical\" href=\"https:\/\/progettotouring.it\/radiotouring104\/2022\/05\/24\/la-casa-delle-donne-sara-presto-realta-dalla-giunta-ok-al-progetto-esecutivo\/\" \/>\n<meta property=\"og:locale\" content=\"it_IT\" \/>\n<meta property=\"og:type\" content=\"article\" \/>\n<meta property=\"og:title\" content=\"La Casa delle Donne presto realt\u00e0: dalla giunta ok al progetto esecutivo\" \/>\n<meta property=\"og:description\" content=\"L&#039;Assessora alle Politiche di Genere Angela Martino: &quot;Obiettivo prioritario e strategico dall&#039;Amministrazione&quot;\" \/>\n<meta property=\"og:url\" content=\"https:\/\/progettotouring.it\/radiotouring104\/2022\/05\/24\/la-casa-delle-donne-sara-presto-realta-dalla-giunta-ok-al-progetto-esecutivo\/\" \/>\n<meta property=\"og:site_name\" content=\"Radio Touring 104\" \/>\n<meta property=\"article:published_time\" content=\"2022-05-24T10:13:10+00:00\" \/>\n<meta property=\"article:modified_time\" content=\"2022-05-24T10:13:18+00:00\" \/>\n<meta property=\"og:image\" content=\"https:\/\/progettotouring.it\/radiotouring104\/wp-content\/uploads\/sites\/6\/2022\/05\/san-giorgio-comune.jpg\" \/>\n\t<meta property=\"og:image:width\" content=\"1920\" \/>\n\t<meta property=\"og:image:height\" content=\"1080\" \/>\n\t<meta property=\"og:image:type\" content=\"image\/jpeg\" \/>\n<meta name=\"author\" content=\"redazione\" \/>\n<meta name=\"twitter:card\" content=\"summary_large_image\" \/>\n<meta name=\"twitter:label1\" content=\"Scritto da\" \/>\n\t<meta name=\"twitter:data1\" content=\"redazione\" \/>\n\t<meta name=\"twitter:label2\" content=\"Tempo di lettura stimato\" \/>\n\t<meta name=\"twitter:data2\" content=\"3 minuti\" \/>\n<script type=\"application\/ld+json\" class=\"yoast-schema-graph\">{\"@context\":\"https:\/\/schema.org\",\"@graph\":[{\"@type\":\"Article\",\"@id\":\"https:\/\/progettotouring.it\/radiotouring104\/2022\/05\/24\/la-casa-delle-donne-sara-presto-realta-dalla-giunta-ok-al-progetto-esecutivo\/#article\",\"isPartOf\":{\"@id\":\"https:\/\/progettotouring.it\/radiotouring104\/2022\/05\/24\/la-casa-delle-donne-sara-presto-realta-dalla-giunta-ok-al-progetto-esecutivo\/\"},\"author\":{\"name\":\"redazione\",\"@id\":\"https:\/\/progettotouring.it\/radiotouring104\/#\/schema\/person\/1b3eb3c07c47136bc44c785c543e635f\"},\"headline\":\"La Casa delle Donne sar\u00e0 presto realt\u00e0: dalla giunta ok al progetto esecutivo\",\"datePublished\":\"2022-05-24T10:13:10+00:00\",\"dateModified\":\"2022-05-24T10:13:18+00:00\",\"mainEntityOfPage\":{\"@id\":\"https:\/\/progettotouring.it\/radiotouring104\/2022\/05\/24\/la-casa-delle-donne-sara-presto-realta-dalla-giunta-ok-al-progetto-esecutivo\/\"},\"wordCount\":548,\"commentCount\":0,\"publisher\":{\"@id\":\"https:\/\/progettotouring.it\/radiotouring104\/#organization\"},\"image\":{\"@id\":\"https:\/\/progettotouring.it\/radiotouring104\/2022\/05\/24\/la-casa-delle-donne-sara-presto-realta-dalla-giunta-ok-al-progetto-esecutivo\/#primaryimage\"},\"thumbnailUrl\":\"https:\/\/progettotouring.it\/radiotouring104\/wp-content\/uploads\/sites\/6\/2022\/05\/san-giorgio-comune.jpg\",\"keywords\":[\"angela martino\",\"casa delle donne\"],\"articleSection\":[\"Home\",\"News\",\"Reggio Calabria\"],\"inLanguage\":\"it-IT\",\"potentialAction\":[{\"@type\":\"CommentAction\",\"name\":\"Comment\",\"target\":[\"https:\/\/progettotouring.it\/radiotouring104\/2022\/05\/24\/la-casa-delle-donne-sara-presto-realta-dalla-giunta-ok-al-progetto-esecutivo\/#respond\"]}]},{\"@type\":\"WebPage\",\"@id\":\"https:\/\/progettotouring.it\/radiotouring104\/2022\/05\/24\/la-casa-delle-donne-sara-presto-realta-dalla-giunta-ok-al-progetto-esecutivo\/\",\"url\":\"https:\/\/progettotouring.it\/radiotouring104\/2022\/05\/24\/la-casa-delle-donne-sara-presto-realta-dalla-giunta-ok-al-progetto-esecutivo\/\",\"name\":\"La Casa delle Donne presto realt\u00e0: dalla giunta ok al progetto esecutivo\",\"isPartOf\":{\"@id\":\"https:\/\/progettotouring.it\/radiotouring104\/#website\"},\"primaryImageOfPage\":{\"@id\":\"https:\/\/progettotouring.it\/radiotouring104\/2022\/05\/24\/la-casa-delle-donne-sara-presto-realta-dalla-giunta-ok-al-progetto-esecutivo\/#primaryimage\"},\"image\":{\"@id\":\"https:\/\/progettotouring.it\/radiotouring104\/2022\/05\/24\/la-casa-delle-donne-sara-presto-realta-dalla-giunta-ok-al-progetto-esecutivo\/#primaryimage\"},\"thumbnailUrl\":\"https:\/\/progettotouring.it\/radiotouring104\/wp-content\/uploads\/sites\/6\/2022\/05\/san-giorgio-comune.jpg\",\"datePublished\":\"2022-05-24T10:13:10+00:00\",\"dateModified\":\"2022-05-24T10:13:18+00:00\",\"description\":\"L'Assessora alle Politiche di Genere Angela Martino: \\\"Obiettivo prioritario e strategico dall'Amministrazione\\\"\",\"breadcrumb\":{\"@id\":\"https:\/\/progettotouring.it\/radiotouring104\/2022\/05\/24\/la-casa-delle-donne-sara-presto-realta-dalla-giunta-ok-al-progetto-esecutivo\/#breadcrumb\"},\"inLanguage\":\"it-IT\",\"potentialAction\":[{\"@type\":\"ReadAction\",\"target\":[\"https:\/\/progettotouring.it\/radiotouring104\/2022\/05\/24\/la-casa-delle-donne-sara-presto-realta-dalla-giunta-ok-al-progetto-esecutivo\/\"]}]},{\"@type\":\"ImageObject\",\"inLanguage\":\"it-IT\",\"@id\":\"https:\/\/progettotouring.it\/radiotouring104\/2022\/05\/24\/la-casa-delle-donne-sara-presto-realta-dalla-giunta-ok-al-progetto-esecutivo\/#primaryimage\",\"url\":\"https:\/\/progettotouring.it\/radiotouring104\/wp-content\/uploads\/sites\/6\/2022\/05\/san-giorgio-comune.jpg\",\"contentUrl\":\"https:\/\/progettotouring.it\/radiotouring104\/wp-content\/uploads\/sites\/6\/2022\/05\/san-giorgio-comune.jpg\",\"width\":1920,\"height\":1080},{\"@type\":\"BreadcrumbList\",\"@id\":\"https:\/\/progettotouring.it\/radiotouring104\/2022\/05\/24\/la-casa-delle-donne-sara-presto-realta-dalla-giunta-ok-al-progetto-esecutivo\/#breadcrumb\",\"itemListElement\":[{\"@type\":\"ListItem\",\"position\":1,\"name\":\"Home\",\"item\":\"https:\/\/progettotouring.it\/radiotouring104\/\"},{\"@type\":\"ListItem\",\"position\":2,\"name\":\"La Casa delle Donne sar\u00e0 presto realt\u00e0: dalla giunta ok al progetto esecutivo\"}]},{\"@type\":\"WebSite\",\"@id\":\"https:\/\/progettotouring.it\/radiotouring104\/#website\",\"url\":\"https:\/\/progettotouring.it\/radiotouring104\/\",\"name\":\"Radio Touring 104\",\"description\":\"La prima radio Reggina\",\"publisher\":{\"@id\":\"https:\/\/progettotouring.it\/radiotouring104\/#organization\"},\"potentialAction\":[{\"@type\":\"SearchAction\",\"target\":{\"@type\":\"EntryPoint\",\"urlTemplate\":\"https:\/\/progettotouring.it\/radiotouring104\/?s={search_term_string}\"},\"query-input\":{\"@type\":\"PropertyValueSpecification\",\"valueRequired\":true,\"valueName\":\"search_term_string\"}}],\"inLanguage\":\"it-IT\"},{\"@type\":\"Organization\",\"@id\":\"https:\/\/progettotouring.it\/radiotouring104\/#organization\",\"name\":\"Radio Touring 104\",\"url\":\"https:\/\/progettotouring.it\/radiotouring104\/\",\"logo\":{\"@type\":\"ImageObject\",\"inLanguage\":\"it-IT\",\"@id\":\"https:\/\/progettotouring.it\/radiotouring104\/#\/schema\/logo\/image\/\",\"url\":\"https:\/\/progettotouring.it\/radiotouring104\/wp-content\/uploads\/sites\/6\/2022\/02\/cropped-logo-radio-touring-104.png\",\"contentUrl\":\"https:\/\/progettotouring.it\/radiotouring104\/wp-content\/uploads\/sites\/6\/2022\/02\/cropped-logo-radio-touring-104.png\",\"width\":377,\"height\":182,\"caption\":\"Radio Touring 104\"},\"image\":{\"@id\":\"https:\/\/progettotouring.it\/radiotouring104\/#\/schema\/logo\/image\/\"}},{\"@type\":\"Person\",\"@id\":\"https:\/\/progettotouring.it\/radiotouring104\/#\/schema\/person\/1b3eb3c07c47136bc44c785c543e635f\",\"name\":\"redazione\",\"image\":{\"@type\":\"ImageObject\",\"inLanguage\":\"it-IT\",\"@id\":\"https:\/\/secure.gravatar.com\/avatar\/0b31605b49f100769e8b624b3e05de1b73e1692e9568a352f60f53fd072e6e11?s=96&d=mm&r=g\",\"url\":\"https:\/\/secure.gravatar.com\/avatar\/0b31605b49f100769e8b624b3e05de1b73e1692e9568a352f60f53fd072e6e11?s=96&d=mm&r=g\",\"contentUrl\":\"https:\/\/secure.gravatar.com\/avatar\/0b31605b49f100769e8b624b3e05de1b73e1692e9568a352f60f53fd072e6e11?s=96&d=mm&r=g\",\"caption\":\"redazione\"},\"url\":\"https:\/\/progettotouring.it\/radiotouring104\/author\/redazione\/\"}]}<\/script>\n<!-- \/ Yoast SEO plugin. -->","yoast_head_json":{"title":"La Casa delle Donne presto realt\u00e0: dalla giunta ok al progetto esecutivo","description":"L'Assessora alle Politiche di Genere Angela Martino: \"Obiettivo prioritario e strategico dall'Amministrazione\"","robots":{"index":"index","follow":"follow","max-snippet":"max-snippet:-1","max-image-preview":"max-image-preview:large","max-video-preview":"max-video-preview:-1"},"canonical":"https:\/\/progettotouring.it\/radiotouring104\/2022\/05\/24\/la-casa-delle-donne-sara-presto-realta-dalla-giunta-ok-al-progetto-esecutivo\/","og_locale":"it_IT","og_type":"article","og_title":"La Casa delle Donne presto realt\u00e0: dalla giunta ok al progetto esecutivo","og_description":"L'Assessora alle Politiche di Genere Angela Martino: \"Obiettivo prioritario e strategico dall'Amministrazione\"","og_url":"https:\/\/progettotouring.it\/radiotouring104\/2022\/05\/24\/la-casa-delle-donne-sara-presto-realta-dalla-giunta-ok-al-progetto-esecutivo\/","og_site_name":"Radio Touring 104","article_published_time":"2022-05-24T10:13:10+00:00","article_modified_time":"2022-05-24T10:13:18+00:00","og_image":[{"width":1920,"height":1080,"url":"https:\/\/progettotouring.it\/radiotouring104\/wp-content\/uploads\/sites\/6\/2022\/05\/san-giorgio-comune.jpg","type":"image\/jpeg"}],"author":"redazione","twitter_card":"summary_large_image","twitter_misc":{"Scritto da":"redazione","Tempo di lettura stimato":"3 minuti"},"schema":{"@context":"https:\/\/schema.org","@graph":[{"@type":"Article","@id":"https:\/\/progettotouring.it\/radiotouring104\/2022\/05\/24\/la-casa-delle-donne-sara-presto-realta-dalla-giunta-ok-al-progetto-esecutivo\/#article","isPartOf":{"@id":"https:\/\/progettotouring.it\/radiotouring104\/2022\/05\/24\/la-casa-delle-donne-sara-presto-realta-dalla-giunta-ok-al-progetto-esecutivo\/"},"author":{"name":"redazione","@id":"https:\/\/progettotouring.it\/radiotouring104\/#\/schema\/person\/1b3eb3c07c47136bc44c785c543e635f"},"headline":"La Casa delle Donne sar\u00e0 presto realt\u00e0: dalla giunta ok al progetto esecutivo","datePublished":"2022-05-24T10:13:10+00:00","dateModified":"2022-05-24T10:13:18+00:00","mainEntityOfPage":{"@id":"https:\/\/progettotouring.it\/radiotouring104\/2022\/05\/24\/la-casa-delle-donne-sara-presto-realta-dalla-giunta-ok-al-progetto-esecutivo\/"},"wordCount":548,"commentCount":0,"publisher":{"@id":"https:\/\/progettotouring.it\/radiotouring104\/#organization"},"image":{"@id":"https:\/\/progettotouring.it\/radiotouring104\/2022\/05\/24\/la-casa-delle-donne-sara-presto-realta-dalla-giunta-ok-al-progetto-esecutivo\/#primaryimage"},"thumbnailUrl":"https:\/\/progettotouring.it\/radiotouring104\/wp-content\/uploads\/sites\/6\/2022\/05\/san-giorgio-comune.jpg","keywords":["angela martino","casa delle donne"],"articleSection":["Home","News","Reggio Calabria"],"inLanguage":"it-IT","potentialAction":[{"@type":"CommentAction","name":"Comment","target":["https:\/\/progettotouring.it\/radiotouring104\/2022\/05\/24\/la-casa-delle-donne-sara-presto-realta-dalla-giunta-ok-al-progetto-esecutivo\/#respond"]}]},{"@type":"WebPage","@id":"https:\/\/progettotouring.it\/radiotouring104\/2022\/05\/24\/la-casa-delle-donne-sara-presto-realta-dalla-giunta-ok-al-progetto-esecutivo\/","url":"https:\/\/progettotouring.it\/radiotouring104\/2022\/05\/24\/la-casa-delle-donne-sara-presto-realta-dalla-giunta-ok-al-progetto-esecutivo\/","name":"La Casa delle Donne presto realt\u00e0: dalla giunta ok al progetto esecutivo","isPartOf":{"@id":"https:\/\/progettotouring.it\/radiotouring104\/#website"},"primaryImageOfPage":{"@id":"https:\/\/progettotouring.it\/radiotouring104\/2022\/05\/24\/la-casa-delle-donne-sara-presto-realta-dalla-giunta-ok-al-progetto-esecutivo\/#primaryimage"},"image":{"@id":"https:\/\/progettotouring.it\/radiotouring104\/2022\/05\/24\/la-casa-delle-donne-sara-presto-realta-dalla-giunta-ok-al-progetto-esecutivo\/#primaryimage"},"thumbnailUrl":"https:\/\/progettotouring.it\/radiotouring104\/wp-content\/uploads\/sites\/6\/2022\/05\/san-giorgio-comune.jpg","datePublished":"2022-05-24T10:13:10+00:00","dateModified":"2022-05-24T10:13:18+00:00","description":"L'Assessora alle Politiche di Genere Angela Martino: \"Obiettivo prioritario e strategico dall'Amministrazione\"","breadcrumb":{"@id":"https:\/\/progettotouring.it\/radiotouring104\/2022\/05\/24\/la-casa-delle-donne-sara-presto-realta-dalla-giunta-ok-al-progetto-esecutivo\/#breadcrumb"},"inLanguage":"it-IT","potentialAction":[{"@type":"ReadAction","target":["https:\/\/progettotouring.it\/radiotouring104\/2022\/05\/24\/la-casa-delle-donne-sara-presto-realta-dalla-giunta-ok-al-progetto-esecutivo\/"]}]},{"@type":"ImageObject","inLanguage":"it-IT","@id":"https:\/\/progettotouring.it\/radiotouring104\/2022\/05\/24\/la-casa-delle-donne-sara-presto-realta-dalla-giunta-ok-al-progetto-esecutivo\/#primaryimage","url":"https:\/\/progettotouring.it\/radiotouring104\/wp-content\/uploads\/sites\/6\/2022\/05\/san-giorgio-comune.jpg","contentUrl":"https:\/\/progettotouring.it\/radiotouring104\/wp-content\/uploads\/sites\/6\/2022\/05\/san-giorgio-comune.jpg","width":1920,"height":1080},{"@type":"BreadcrumbList","@id":"https:\/\/progettotouring.it\/radiotouring104\/2022\/05\/24\/la-casa-delle-donne-sara-presto-realta-dalla-giunta-ok-al-progetto-esecutivo\/#breadcrumb","itemListElement":[{"@type":"ListItem","position":1,"name":"Home","item":"https:\/\/progettotouring.it\/radiotouring104\/"},{"@type":"ListItem","position":2,"name":"La Casa delle Donne sar\u00e0 presto realt\u00e0: dalla giunta ok al progetto esecutivo"}]},{"@type":"WebSite","@id":"https:\/\/progettotouring.it\/radiotouring104\/#website","url":"https:\/\/progettotouring.it\/radiotouring104\/","name":"Radio Touring 104","description":"La prima radio Reggina","publisher":{"@id":"https:\/\/progettotouring.it\/radiotouring104\/#organization"},"potentialAction":[{"@type":"SearchAction","target":{"@type":"EntryPoint","urlTemplate":"https:\/\/progettotouring.it\/radiotouring104\/?s={search_term_string}"},"query-input":{"@type":"PropertyValueSpecification","valueRequired":true,"valueName":"search_term_string"}}],"inLanguage":"it-IT"},{"@type":"Organization","@id":"https:\/\/progettotouring.it\/radiotouring104\/#organization","name":"Radio Touring 104","url":"https:\/\/progettotouring.it\/radiotouring104\/","logo":{"@type":"ImageObject","inLanguage":"it-IT","@id":"https:\/\/progettotouring.it\/radiotouring104\/#\/schema\/logo\/image\/","url":"https:\/\/progettotouring.it\/radiotouring104\/wp-content\/uploads\/sites\/6\/2022\/02\/cropped-logo-radio-touring-104.png","contentUrl":"https:\/\/progettotouring.it\/radiotouring104\/wp-content\/uploads\/sites\/6\/2022\/02\/cropped-logo-radio-touring-104.png","width":377,"height":182,"caption":"Radio Touring 104"},"image":{"@id":"https:\/\/progettotouring.it\/radiotouring104\/#\/schema\/logo\/image\/"}},{"@type":"Person","@id":"https:\/\/progettotouring.it\/radiotouring104\/#\/schema\/person\/1b3eb3c07c47136bc44c785c543e635f","name":"redazione","image":{"@type":"ImageObject","inLanguage":"it-IT","@id":"https:\/\/secure.gravatar.com\/avatar\/0b31605b49f100769e8b624b3e05de1b73e1692e9568a352f60f53fd072e6e11?s=96&d=mm&r=g","url":"https:\/\/secure.gravatar.com\/avatar\/0b31605b49f100769e8b624b3e05de1b73e1692e9568a352f60f53fd072e6e11?s=96&d=mm&r=g","contentUrl":"https:\/\/secure.gravatar.com\/avatar\/0b31605b49f100769e8b624b3e05de1b73e1692e9568a352f60f53fd072e6e11?s=96&d=mm&r=g","caption":"redazione"},"url":"https:\/\/progettotouring.it\/radiotouring104\/author\/redazione\/"}]}},"jetpack_publicize_connections":[],"jetpack_featured_media_url":"https:\/\/progettotouring.it\/radiotouring104\/wp-content\/uploads\/sites\/6\/2022\/05\/san-giorgio-comune.jpg","jetpack_sharing_enabled":true,"_links":{"self":[{"href":"https:\/\/progettotouring.it\/radiotouring104\/wp-json\/wp\/v2\/posts\/5732","targetHints":{"allow":["GET"]}}],"collection":[{"href":"https:\/\/progettotouring.it\/radiotouring104\/wp-json\/wp\/v2\/posts"}],"about":[{"href":"https:\/\/progettotouring.it\/radiotouring104\/wp-json\/wp\/v2\/types\/post"}],"author":[{"embeddable":true,"href":"https:\/\/progettotouring.it\/radiotouring104\/wp-json\/wp\/v2\/users\/5"}],"replies":[{"embeddable":true,"href":"https:\/\/progettotouring.it\/radiotouring104\/wp-json\/wp\/v2\/comments?post=5732"}],"version-history":[{"count":1,"href":"https:\/\/progettotouring.it\/radiotouring104\/wp-json\/wp\/v2\/posts\/5732\/revisions"}],"predecessor-version":[{"id":5733,"href":"https:\/\/progettotouring.it\/radiotouring104\/wp-json\/wp\/v2\/posts\/5732\/revisions\/5733"}],"wp:featuredmedia":[{"embeddable":true,"href":"https:\/\/progettotouring.it\/radiotouring104\/wp-json\/wp\/v2\/media\/5666"}],"wp:attachment":[{"href":"https:\/\/progettotouring.it\/radiotouring104\/wp-json\/wp\/v2\/media?parent=5732"}],"wp:term":[{"taxonomy":"category","embeddable":true,"href":"https:\/\/progettotouring.it\/radiotouring104\/wp-json\/wp\/v2\/categories?post=5732"},{"taxonomy":"post_tag","embeddable":true,"href":"https:\/\/progettotouring.it\/radiotouring104\/wp-json\/wp\/v2\/tags?post=5732"}],"curies":[{"name":"wp","href":"https:\/\/api.w.org\/{rel}","templated":true}]}}