{"id":57436,"date":"2024-09-10T09:25:42","date_gmt":"2024-09-10T07:25:42","guid":{"rendered":"https:\/\/progettotouring.it\/radiotouring104\/?p=57436"},"modified":"2024-09-10T09:25:42","modified_gmt":"2024-09-10T07:25:42","slug":"il-liceo-scientifico-alessandro-volta-fra-le-scuole-scelte-per-un-importante-sperimentazione-nazionale","status":"publish","type":"post","link":"https:\/\/progettotouring.it\/radiotouring104\/2024\/09\/10\/il-liceo-scientifico-alessandro-volta-fra-le-scuole-scelte-per-un-importante-sperimentazione-nazionale\/","title":{"rendered":"Il Liceo Scientifico &#8220;Alessandro Volta&#8221; fra le scuole scelte per un&#8217; importante sperimentazione nazionale"},"content":{"rendered":"<p style=\"text-align: justify\">\n<p style=\"text-align: justify\"><strong>L\u2019intelligenza artificiale a scuola<\/strong> pu\u00f2 essere un valido sussidio per gli studenti e per i docenti se il suo uso \u00e8 applicato con buon senso, intelligenza, etica e a \u00a0fini didattici.<\/p>\n<p style=\"text-align: justify\"><strong>Ecco perch\u00e9\u00a0 il Liceo Scientifico Alessandro Volta,<\/strong> che gi\u00e0 da tre anni ha avviato un percorso di intelligenza artificiale di ampliamento dell\u2019offerta formativa, <strong>ha aderito per il corrente anno scolastico all\u2019esperimento, di durata biennale,<\/strong> recentemente <strong>annunciato dal Ministro dell\u2019Istruzione Giuseppe Valditara<\/strong> che vedr\u00e0 coinvolte quindici classi di quattro regioni: Lombardia, Toscana., Lazio e Calabria.<\/p>\n<p style=\"text-align: justify\"><strong>La Calabria sar\u00e0 rappresentata da due classi prime del Liceo Volta:<\/strong> una ad indirizzo scienze applicate con opzione intelligenza artificiale, un\u2019altra prima classe dello stesso indirizzo. Il monitoraggio delle due classi parallele permetter\u00e0 di confrontare i risultati ottenuti nel gruppo classe coadiuvato dall\u2019intelligenza artificiale con quelli ottenuti dalla \u00a0classe standard, di segnalare difficolt\u00e0 di apprendimento in tempo reale e di monitorare sistematicamente le ricadute didattiche.<\/p>\n<p style=\"text-align: justify\"><strong>L\u2019esperimento sar\u00e0 importante,<\/strong> come dichiarato dalla<strong> Dirigente Maria Rosa Monterosso,<\/strong> <strong>perch\u00e9 tester\u00e0 la scuola come luogo di miglioramento della condizione dei giovani,<\/strong> del loro apprendimento e della loro consapevolezza,<strong> di ci\u00f2 che sanno, di ci\u00f2 che non sanno e di ci\u00f2 che devono sapere,<\/strong> oltre che offrire loro ulteriori strumenti, oltre a quelli tradizionali, <strong>per raggiungerli in maniera serena ma responsabile.<\/strong> La sperimentazione, coordinata \u00a0dal consigliere del ministro Valditara, Professore <strong>Paolo Branchini,<\/strong> dell\u2019Istituto Nazionale di Fisica Nucleare e Universit\u00e0 Roma Tre, sar\u00e0 valutata dalla struttura di Invalsi per verificare la bont\u00e0 e la ricaduta didattica dell\u2019esperimento e la crescita eventuale della classe dotata di assistenti virtuali .<\/p>\n","protected":false},"excerpt":{"rendered":"<p>L\u2019intelligenza artificiale a scuola pu\u00f2 essere un valido sussidio per gli studenti e per i docenti se il suo uso \u00e8 applicato con buon senso, intelligenza, etica e a \u00a0fini&hellip;<\/p>\n","protected":false},"author":12,"featured_media":20359,"comment_status":"closed","ping_status":"open","sticky":false,"template":"","format":"standard","meta":{"_jetpack_memberships_contains_paid_content":false,"footnotes":"","jetpack_publicize_message":"","jetpack_publicize_feature_enabled":true,"jetpack_social_post_already_shared":false,"jetpack_social_options":{"image_generator_settings":{"template":"highway","default_image_id":0,"font":"","enabled":false},"version":2}},"categories":[921,196,140],"tags":[35209,17673,2379,35208],"class_list":["post-57436","post","type-post","status-publish","format-standard","has-post-thumbnail","hentry","category-home","category-news","category-reggio-calabria","tag-esperimento-di-durata-biennale","tag-intelligenza-artificiale","tag-liceo-volta","tag-ministro-dellistruzione-giuseppe-valditara"],"yoast_head":"<!-- This site is optimized with the Yoast SEO plugin v27.2 - https:\/\/yoast.com\/product\/yoast-seo-wordpress\/ -->\n<title>Reggio: &quot;Volta&quot; scelto per importante sperimentazione nazionale<\/title>\n<meta name=\"description\" content=\"Il Liceo &quot;Volta&quot; ha aderito per il corrente anno scolastico all\u2019esperimento biennale sull&#039;Intelligenza artificiale, annunciato dal Ministero\" \/>\n<meta name=\"robots\" content=\"index, follow, max-snippet:-1, max-image-preview:large, max-video-preview:-1\" \/>\n<link rel=\"canonical\" href=\"https:\/\/progettotouring.it\/radiotouring104\/2024\/09\/10\/il-liceo-scientifico-alessandro-volta-fra-le-scuole-scelte-per-un-importante-sperimentazione-nazionale\/\" \/>\n<meta property=\"og:locale\" content=\"it_IT\" \/>\n<meta property=\"og:type\" content=\"article\" \/>\n<meta property=\"og:title\" content=\"Reggio: &quot;Volta&quot; scelto per importante sperimentazione nazionale\" \/>\n<meta property=\"og:description\" content=\"Il Liceo &quot;Volta&quot; ha aderito per il corrente anno scolastico all\u2019esperimento biennale sull&#039;Intelligenza artificiale, annunciato dal Ministero\" \/>\n<meta property=\"og:url\" content=\"https:\/\/progettotouring.it\/radiotouring104\/2024\/09\/10\/il-liceo-scientifico-alessandro-volta-fra-le-scuole-scelte-per-un-importante-sperimentazione-nazionale\/\" \/>\n<meta property=\"og:site_name\" content=\"Radio Touring 104\" \/>\n<meta property=\"article:published_time\" content=\"2024-09-10T07:25:42+00:00\" \/>\n<meta property=\"og:image\" content=\"https:\/\/progettotouring.it\/radiotouring104\/wp-content\/uploads\/sites\/6\/2023\/03\/Liceo-A.-Volta-8-marzo.jpg\" \/>\n\t<meta property=\"og:image:width\" content=\"1600\" \/>\n\t<meta property=\"og:image:height\" content=\"1200\" \/>\n\t<meta property=\"og:image:type\" content=\"image\/jpeg\" \/>\n<meta name=\"author\" content=\"Sebastiano Plutino\" \/>\n<meta name=\"twitter:card\" content=\"summary_large_image\" \/>\n<meta name=\"twitter:label1\" content=\"Scritto da\" \/>\n\t<meta name=\"twitter:data1\" content=\"Sebastiano Plutino\" \/>\n\t<meta name=\"twitter:label2\" content=\"Tempo di lettura stimato\" \/>\n\t<meta name=\"twitter:data2\" content=\"1 minuto\" \/>\n<script type=\"application\/ld+json\" class=\"yoast-schema-graph\">{\"@context\":\"https:\/\/schema.org\",\"@graph\":[{\"@type\":\"Article\",\"@id\":\"https:\/\/progettotouring.it\/radiotouring104\/2024\/09\/10\/il-liceo-scientifico-alessandro-volta-fra-le-scuole-scelte-per-un-importante-sperimentazione-nazionale\/#article\",\"isPartOf\":{\"@id\":\"https:\/\/progettotouring.it\/radiotouring104\/2024\/09\/10\/il-liceo-scientifico-alessandro-volta-fra-le-scuole-scelte-per-un-importante-sperimentazione-nazionale\/\"},\"author\":{\"name\":\"Sebastiano Plutino\",\"@id\":\"https:\/\/progettotouring.it\/radiotouring104\/#\/schema\/person\/78613917f1851f041f7483f5af1d422e\"},\"headline\":\"Il Liceo Scientifico &#8220;Alessandro Volta&#8221; fra le scuole scelte per un&#8217; importante sperimentazione nazionale\",\"datePublished\":\"2024-09-10T07:25:42+00:00\",\"mainEntityOfPage\":{\"@id\":\"https:\/\/progettotouring.it\/radiotouring104\/2024\/09\/10\/il-liceo-scientifico-alessandro-volta-fra-le-scuole-scelte-per-un-importante-sperimentazione-nazionale\/\"},\"wordCount\":278,\"publisher\":{\"@id\":\"https:\/\/progettotouring.it\/radiotouring104\/#organization\"},\"image\":{\"@id\":\"https:\/\/progettotouring.it\/radiotouring104\/2024\/09\/10\/il-liceo-scientifico-alessandro-volta-fra-le-scuole-scelte-per-un-importante-sperimentazione-nazionale\/#primaryimage\"},\"thumbnailUrl\":\"https:\/\/progettotouring.it\/radiotouring104\/wp-content\/uploads\/sites\/6\/2023\/03\/Liceo-A.-Volta-8-marzo.jpg\",\"keywords\":[\"\u2019esperimento di durata biennale\",\"\u2019intelligenza artificiale.\",\"Liceo volta\",\"Ministro dell\u2019Istruzione Giuseppe Valditara\"],\"articleSection\":[\"Home\",\"News\",\"Reggio Calabria\"],\"inLanguage\":\"it-IT\"},{\"@type\":\"WebPage\",\"@id\":\"https:\/\/progettotouring.it\/radiotouring104\/2024\/09\/10\/il-liceo-scientifico-alessandro-volta-fra-le-scuole-scelte-per-un-importante-sperimentazione-nazionale\/\",\"url\":\"https:\/\/progettotouring.it\/radiotouring104\/2024\/09\/10\/il-liceo-scientifico-alessandro-volta-fra-le-scuole-scelte-per-un-importante-sperimentazione-nazionale\/\",\"name\":\"Reggio: \\\"Volta\\\" scelto per importante sperimentazione nazionale\",\"isPartOf\":{\"@id\":\"https:\/\/progettotouring.it\/radiotouring104\/#website\"},\"primaryImageOfPage\":{\"@id\":\"https:\/\/progettotouring.it\/radiotouring104\/2024\/09\/10\/il-liceo-scientifico-alessandro-volta-fra-le-scuole-scelte-per-un-importante-sperimentazione-nazionale\/#primaryimage\"},\"image\":{\"@id\":\"https:\/\/progettotouring.it\/radiotouring104\/2024\/09\/10\/il-liceo-scientifico-alessandro-volta-fra-le-scuole-scelte-per-un-importante-sperimentazione-nazionale\/#primaryimage\"},\"thumbnailUrl\":\"https:\/\/progettotouring.it\/radiotouring104\/wp-content\/uploads\/sites\/6\/2023\/03\/Liceo-A.-Volta-8-marzo.jpg\",\"datePublished\":\"2024-09-10T07:25:42+00:00\",\"description\":\"Il Liceo \\\"Volta\\\" ha aderito per il corrente anno scolastico all\u2019esperimento biennale sull'Intelligenza artificiale, annunciato dal Ministero\",\"breadcrumb\":{\"@id\":\"https:\/\/progettotouring.it\/radiotouring104\/2024\/09\/10\/il-liceo-scientifico-alessandro-volta-fra-le-scuole-scelte-per-un-importante-sperimentazione-nazionale\/#breadcrumb\"},\"inLanguage\":\"it-IT\",\"potentialAction\":[{\"@type\":\"ReadAction\",\"target\":[\"https:\/\/progettotouring.it\/radiotouring104\/2024\/09\/10\/il-liceo-scientifico-alessandro-volta-fra-le-scuole-scelte-per-un-importante-sperimentazione-nazionale\/\"]}]},{\"@type\":\"ImageObject\",\"inLanguage\":\"it-IT\",\"@id\":\"https:\/\/progettotouring.it\/radiotouring104\/2024\/09\/10\/il-liceo-scientifico-alessandro-volta-fra-le-scuole-scelte-per-un-importante-sperimentazione-nazionale\/#primaryimage\",\"url\":\"https:\/\/progettotouring.it\/radiotouring104\/wp-content\/uploads\/sites\/6\/2023\/03\/Liceo-A.-Volta-8-marzo.jpg\",\"contentUrl\":\"https:\/\/progettotouring.it\/radiotouring104\/wp-content\/uploads\/sites\/6\/2023\/03\/Liceo-A.-Volta-8-marzo.jpg\",\"width\":1600,\"height\":1200},{\"@type\":\"BreadcrumbList\",\"@id\":\"https:\/\/progettotouring.it\/radiotouring104\/2024\/09\/10\/il-liceo-scientifico-alessandro-volta-fra-le-scuole-scelte-per-un-importante-sperimentazione-nazionale\/#breadcrumb\",\"itemListElement\":[{\"@type\":\"ListItem\",\"position\":1,\"name\":\"Home\",\"item\":\"https:\/\/progettotouring.it\/radiotouring104\/\"},{\"@type\":\"ListItem\",\"position\":2,\"name\":\"Il Liceo Scientifico &#8220;Alessandro Volta&#8221; fra le scuole scelte per un&#8217; importante sperimentazione nazionale\"}]},{\"@type\":\"WebSite\",\"@id\":\"https:\/\/progettotouring.it\/radiotouring104\/#website\",\"url\":\"https:\/\/progettotouring.it\/radiotouring104\/\",\"name\":\"Radio Touring 104\",\"description\":\"La prima radio Reggina\",\"publisher\":{\"@id\":\"https:\/\/progettotouring.it\/radiotouring104\/#organization\"},\"potentialAction\":[{\"@type\":\"SearchAction\",\"target\":{\"@type\":\"EntryPoint\",\"urlTemplate\":\"https:\/\/progettotouring.it\/radiotouring104\/?s={search_term_string}\"},\"query-input\":{\"@type\":\"PropertyValueSpecification\",\"valueRequired\":true,\"valueName\":\"search_term_string\"}}],\"inLanguage\":\"it-IT\"},{\"@type\":\"Organization\",\"@id\":\"https:\/\/progettotouring.it\/radiotouring104\/#organization\",\"name\":\"Radio Touring 104\",\"url\":\"https:\/\/progettotouring.it\/radiotouring104\/\",\"logo\":{\"@type\":\"ImageObject\",\"inLanguage\":\"it-IT\",\"@id\":\"https:\/\/progettotouring.it\/radiotouring104\/#\/schema\/logo\/image\/\",\"url\":\"https:\/\/progettotouring.it\/radiotouring104\/wp-content\/uploads\/sites\/6\/2022\/02\/cropped-logo-radio-touring-104.png\",\"contentUrl\":\"https:\/\/progettotouring.it\/radiotouring104\/wp-content\/uploads\/sites\/6\/2022\/02\/cropped-logo-radio-touring-104.png\",\"width\":377,\"height\":182,\"caption\":\"Radio Touring 104\"},\"image\":{\"@id\":\"https:\/\/progettotouring.it\/radiotouring104\/#\/schema\/logo\/image\/\"}},{\"@type\":\"Person\",\"@id\":\"https:\/\/progettotouring.it\/radiotouring104\/#\/schema\/person\/78613917f1851f041f7483f5af1d422e\",\"name\":\"Sebastiano Plutino\",\"image\":{\"@type\":\"ImageObject\",\"inLanguage\":\"it-IT\",\"@id\":\"https:\/\/secure.gravatar.com\/avatar\/0546ffaa9b79224faf9f2a156b67a529ae861d3287c66c1d8ccfdf909bcba78d?s=96&d=mm&r=g\",\"url\":\"https:\/\/secure.gravatar.com\/avatar\/0546ffaa9b79224faf9f2a156b67a529ae861d3287c66c1d8ccfdf909bcba78d?s=96&d=mm&r=g\",\"contentUrl\":\"https:\/\/secure.gravatar.com\/avatar\/0546ffaa9b79224faf9f2a156b67a529ae861d3287c66c1d8ccfdf909bcba78d?s=96&d=mm&r=g\",\"caption\":\"Sebastiano Plutino\"},\"url\":\"https:\/\/progettotouring.it\/radiotouring104\/author\/sebastiano\/\"}]}<\/script>\n<!-- \/ Yoast SEO plugin. -->","yoast_head_json":{"title":"Reggio: \"Volta\" scelto per importante sperimentazione nazionale","description":"Il Liceo \"Volta\" ha aderito per il corrente anno scolastico all\u2019esperimento biennale sull'Intelligenza artificiale, annunciato dal Ministero","robots":{"index":"index","follow":"follow","max-snippet":"max-snippet:-1","max-image-preview":"max-image-preview:large","max-video-preview":"max-video-preview:-1"},"canonical":"https:\/\/progettotouring.it\/radiotouring104\/2024\/09\/10\/il-liceo-scientifico-alessandro-volta-fra-le-scuole-scelte-per-un-importante-sperimentazione-nazionale\/","og_locale":"it_IT","og_type":"article","og_title":"Reggio: \"Volta\" scelto per importante sperimentazione nazionale","og_description":"Il Liceo \"Volta\" ha aderito per il corrente anno scolastico all\u2019esperimento biennale sull'Intelligenza artificiale, annunciato dal Ministero","og_url":"https:\/\/progettotouring.it\/radiotouring104\/2024\/09\/10\/il-liceo-scientifico-alessandro-volta-fra-le-scuole-scelte-per-un-importante-sperimentazione-nazionale\/","og_site_name":"Radio Touring 104","article_published_time":"2024-09-10T07:25:42+00:00","og_image":[{"width":1600,"height":1200,"url":"https:\/\/progettotouring.it\/radiotouring104\/wp-content\/uploads\/sites\/6\/2023\/03\/Liceo-A.-Volta-8-marzo.jpg","type":"image\/jpeg"}],"author":"Sebastiano Plutino","twitter_card":"summary_large_image","twitter_misc":{"Scritto da":"Sebastiano Plutino","Tempo di lettura stimato":"1 minuto"},"schema":{"@context":"https:\/\/schema.org","@graph":[{"@type":"Article","@id":"https:\/\/progettotouring.it\/radiotouring104\/2024\/09\/10\/il-liceo-scientifico-alessandro-volta-fra-le-scuole-scelte-per-un-importante-sperimentazione-nazionale\/#article","isPartOf":{"@id":"https:\/\/progettotouring.it\/radiotouring104\/2024\/09\/10\/il-liceo-scientifico-alessandro-volta-fra-le-scuole-scelte-per-un-importante-sperimentazione-nazionale\/"},"author":{"name":"Sebastiano Plutino","@id":"https:\/\/progettotouring.it\/radiotouring104\/#\/schema\/person\/78613917f1851f041f7483f5af1d422e"},"headline":"Il Liceo Scientifico &#8220;Alessandro Volta&#8221; fra le scuole scelte per un&#8217; importante sperimentazione nazionale","datePublished":"2024-09-10T07:25:42+00:00","mainEntityOfPage":{"@id":"https:\/\/progettotouring.it\/radiotouring104\/2024\/09\/10\/il-liceo-scientifico-alessandro-volta-fra-le-scuole-scelte-per-un-importante-sperimentazione-nazionale\/"},"wordCount":278,"publisher":{"@id":"https:\/\/progettotouring.it\/radiotouring104\/#organization"},"image":{"@id":"https:\/\/progettotouring.it\/radiotouring104\/2024\/09\/10\/il-liceo-scientifico-alessandro-volta-fra-le-scuole-scelte-per-un-importante-sperimentazione-nazionale\/#primaryimage"},"thumbnailUrl":"https:\/\/progettotouring.it\/radiotouring104\/wp-content\/uploads\/sites\/6\/2023\/03\/Liceo-A.-Volta-8-marzo.jpg","keywords":["\u2019esperimento di durata biennale","\u2019intelligenza artificiale.","Liceo volta","Ministro dell\u2019Istruzione Giuseppe Valditara"],"articleSection":["Home","News","Reggio Calabria"],"inLanguage":"it-IT"},{"@type":"WebPage","@id":"https:\/\/progettotouring.it\/radiotouring104\/2024\/09\/10\/il-liceo-scientifico-alessandro-volta-fra-le-scuole-scelte-per-un-importante-sperimentazione-nazionale\/","url":"https:\/\/progettotouring.it\/radiotouring104\/2024\/09\/10\/il-liceo-scientifico-alessandro-volta-fra-le-scuole-scelte-per-un-importante-sperimentazione-nazionale\/","name":"Reggio: \"Volta\" scelto per importante sperimentazione nazionale","isPartOf":{"@id":"https:\/\/progettotouring.it\/radiotouring104\/#website"},"primaryImageOfPage":{"@id":"https:\/\/progettotouring.it\/radiotouring104\/2024\/09\/10\/il-liceo-scientifico-alessandro-volta-fra-le-scuole-scelte-per-un-importante-sperimentazione-nazionale\/#primaryimage"},"image":{"@id":"https:\/\/progettotouring.it\/radiotouring104\/2024\/09\/10\/il-liceo-scientifico-alessandro-volta-fra-le-scuole-scelte-per-un-importante-sperimentazione-nazionale\/#primaryimage"},"thumbnailUrl":"https:\/\/progettotouring.it\/radiotouring104\/wp-content\/uploads\/sites\/6\/2023\/03\/Liceo-A.-Volta-8-marzo.jpg","datePublished":"2024-09-10T07:25:42+00:00","description":"Il Liceo \"Volta\" ha aderito per il corrente anno scolastico all\u2019esperimento biennale sull'Intelligenza artificiale, annunciato dal Ministero","breadcrumb":{"@id":"https:\/\/progettotouring.it\/radiotouring104\/2024\/09\/10\/il-liceo-scientifico-alessandro-volta-fra-le-scuole-scelte-per-un-importante-sperimentazione-nazionale\/#breadcrumb"},"inLanguage":"it-IT","potentialAction":[{"@type":"ReadAction","target":["https:\/\/progettotouring.it\/radiotouring104\/2024\/09\/10\/il-liceo-scientifico-alessandro-volta-fra-le-scuole-scelte-per-un-importante-sperimentazione-nazionale\/"]}]},{"@type":"ImageObject","inLanguage":"it-IT","@id":"https:\/\/progettotouring.it\/radiotouring104\/2024\/09\/10\/il-liceo-scientifico-alessandro-volta-fra-le-scuole-scelte-per-un-importante-sperimentazione-nazionale\/#primaryimage","url":"https:\/\/progettotouring.it\/radiotouring104\/wp-content\/uploads\/sites\/6\/2023\/03\/Liceo-A.-Volta-8-marzo.jpg","contentUrl":"https:\/\/progettotouring.it\/radiotouring104\/wp-content\/uploads\/sites\/6\/2023\/03\/Liceo-A.-Volta-8-marzo.jpg","width":1600,"height":1200},{"@type":"BreadcrumbList","@id":"https:\/\/progettotouring.it\/radiotouring104\/2024\/09\/10\/il-liceo-scientifico-alessandro-volta-fra-le-scuole-scelte-per-un-importante-sperimentazione-nazionale\/#breadcrumb","itemListElement":[{"@type":"ListItem","position":1,"name":"Home","item":"https:\/\/progettotouring.it\/radiotouring104\/"},{"@type":"ListItem","position":2,"name":"Il Liceo Scientifico &#8220;Alessandro Volta&#8221; fra le scuole scelte per un&#8217; importante sperimentazione nazionale"}]},{"@type":"WebSite","@id":"https:\/\/progettotouring.it\/radiotouring104\/#website","url":"https:\/\/progettotouring.it\/radiotouring104\/","name":"Radio Touring 104","description":"La prima radio Reggina","publisher":{"@id":"https:\/\/progettotouring.it\/radiotouring104\/#organization"},"potentialAction":[{"@type":"SearchAction","target":{"@type":"EntryPoint","urlTemplate":"https:\/\/progettotouring.it\/radiotouring104\/?s={search_term_string}"},"query-input":{"@type":"PropertyValueSpecification","valueRequired":true,"valueName":"search_term_string"}}],"inLanguage":"it-IT"},{"@type":"Organization","@id":"https:\/\/progettotouring.it\/radiotouring104\/#organization","name":"Radio Touring 104","url":"https:\/\/progettotouring.it\/radiotouring104\/","logo":{"@type":"ImageObject","inLanguage":"it-IT","@id":"https:\/\/progettotouring.it\/radiotouring104\/#\/schema\/logo\/image\/","url":"https:\/\/progettotouring.it\/radiotouring104\/wp-content\/uploads\/sites\/6\/2022\/02\/cropped-logo-radio-touring-104.png","contentUrl":"https:\/\/progettotouring.it\/radiotouring104\/wp-content\/uploads\/sites\/6\/2022\/02\/cropped-logo-radio-touring-104.png","width":377,"height":182,"caption":"Radio Touring 104"},"image":{"@id":"https:\/\/progettotouring.it\/radiotouring104\/#\/schema\/logo\/image\/"}},{"@type":"Person","@id":"https:\/\/progettotouring.it\/radiotouring104\/#\/schema\/person\/78613917f1851f041f7483f5af1d422e","name":"Sebastiano Plutino","image":{"@type":"ImageObject","inLanguage":"it-IT","@id":"https:\/\/secure.gravatar.com\/avatar\/0546ffaa9b79224faf9f2a156b67a529ae861d3287c66c1d8ccfdf909bcba78d?s=96&d=mm&r=g","url":"https:\/\/secure.gravatar.com\/avatar\/0546ffaa9b79224faf9f2a156b67a529ae861d3287c66c1d8ccfdf909bcba78d?s=96&d=mm&r=g","contentUrl":"https:\/\/secure.gravatar.com\/avatar\/0546ffaa9b79224faf9f2a156b67a529ae861d3287c66c1d8ccfdf909bcba78d?s=96&d=mm&r=g","caption":"Sebastiano Plutino"},"url":"https:\/\/progettotouring.it\/radiotouring104\/author\/sebastiano\/"}]}},"jetpack_publicize_connections":[],"jetpack_featured_media_url":"https:\/\/progettotouring.it\/radiotouring104\/wp-content\/uploads\/sites\/6\/2023\/03\/Liceo-A.-Volta-8-marzo.jpg","jetpack_sharing_enabled":true,"_links":{"self":[{"href":"https:\/\/progettotouring.it\/radiotouring104\/wp-json\/wp\/v2\/posts\/57436","targetHints":{"allow":["GET"]}}],"collection":[{"href":"https:\/\/progettotouring.it\/radiotouring104\/wp-json\/wp\/v2\/posts"}],"about":[{"href":"https:\/\/progettotouring.it\/radiotouring104\/wp-json\/wp\/v2\/types\/post"}],"author":[{"embeddable":true,"href":"https:\/\/progettotouring.it\/radiotouring104\/wp-json\/wp\/v2\/users\/12"}],"replies":[{"embeddable":true,"href":"https:\/\/progettotouring.it\/radiotouring104\/wp-json\/wp\/v2\/comments?post=57436"}],"version-history":[{"count":1,"href":"https:\/\/progettotouring.it\/radiotouring104\/wp-json\/wp\/v2\/posts\/57436\/revisions"}],"predecessor-version":[{"id":57437,"href":"https:\/\/progettotouring.it\/radiotouring104\/wp-json\/wp\/v2\/posts\/57436\/revisions\/57437"}],"wp:featuredmedia":[{"embeddable":true,"href":"https:\/\/progettotouring.it\/radiotouring104\/wp-json\/wp\/v2\/media\/20359"}],"wp:attachment":[{"href":"https:\/\/progettotouring.it\/radiotouring104\/wp-json\/wp\/v2\/media?parent=57436"}],"wp:term":[{"taxonomy":"category","embeddable":true,"href":"https:\/\/progettotouring.it\/radiotouring104\/wp-json\/wp\/v2\/categories?post=57436"},{"taxonomy":"post_tag","embeddable":true,"href":"https:\/\/progettotouring.it\/radiotouring104\/wp-json\/wp\/v2\/tags?post=57436"}],"curies":[{"name":"wp","href":"https:\/\/api.w.org\/{rel}","templated":true}]}}