{"id":57449,"date":"2024-09-10T10:15:36","date_gmt":"2024-09-10T08:15:36","guid":{"rendered":"https:\/\/progettotouring.it\/radiotouring104\/?p=57449"},"modified":"2024-09-10T10:15:36","modified_gmt":"2024-09-10T08:15:36","slug":"reggio-crolla-un-pezzo-del-ponte-santanna","status":"publish","type":"post","link":"https:\/\/progettotouring.it\/radiotouring104\/2024\/09\/10\/reggio-crolla-un-pezzo-del-ponte-santanna\/","title":{"rendered":"Reggio: crolla un pezzo del Ponte Sant&#8217;Anna"},"content":{"rendered":"<p class=\"xmprfx_MsoNormal\" style=\"text-align: justify\">\u201c<b><i>Tre anni e due mesi<\/i><\/b><i>\u00a0<b>e ancora nessuna risposta<\/b>: questo \u00e8 il\u00a0<b>tempo trascorso dalle interrogazioni fatte nel Luglio del 2021 al Sindaco Falcomat\u00e0<\/b>\u00a0per conoscere le condizioni strutturali del Ponte Sant\u2019Anna. Nonostante le infinite sollecitazioni per avere risposte, questa mattina, Reggio Calabria si sveglia con un pezzo del ponte crollato e la citt\u00e0 congestionata nel traffico! Per giunta, con l\u2019imminente apertura delle scuole e l\u2019incertezza sulla sicurezza dell\u2019infrastruttura<b>: il caos \u00e8 annunciato!<\/b>\u201d<\/i>\u00a0\u2013 ha esordito cos\u00ec il\u00a0<b>Consigliere Comunale di Reggio Calabria e Presidente della Commissione Controllo e Garanzia Massimo Ripepi<\/b>\u00a0\u2013 \u201c<b><i>Quasi ero io a fare allarmismo<\/i><\/b><i>\u00a0(questa l\u2019accusa che mi hanno rivolto i colleghi di maggioranza) eppure, con oggi, \u00e8 chiaro che il Ponte Sant\u2019Anna sia divenuto uno dei tanti simboli dell\u2019incapacit\u00e0 amministrativa di Falcomat\u00e0 di garantire la sicurezza e il benessere della citt\u00e0!\u201d<\/i><\/p>\n<p class=\"xmprfx_MsoNormal\" style=\"text-align: justify\"><i>\u201cHo convocato riunioni con la Commissione Controllo e Garanzia, incontrato Assessori e Dirigenti, presentato interrogazioni scritte al Sindaco, senza mai ricevere risposte concrete. Abbiamo utilizzato ogni mezzo a nostra disposizione, comprese le dirette Facebook, per mostrare a tutti la reale condizione del ponte.\u00a0<b>Ogni giorno<\/b>,\u00a0<b>migliaia di cittadini mettono a rischio la loro vita attraversandolo<\/b>\u00a0o percorrendo la strada sottostante, senza che l\u2019Amministrazione muova un dito.\u201d<\/i>\u00a0\u2013 ha ricordato il Consigliere Ripepi \u2013 \u201c<i>Oggi, l&#8217;ennesima prova dell\u2019incuria: un altro pezzo del ponte si \u00e8 sgretolato proprio nel punto pi\u00f9 pericoloso, costringendo a bloccare urgentemente il traffico nelle \u2018bretelle\u2019 lato sud. Questo \u00e8 solo l\u2019ultimo di una serie di segnali inequivocabili che dimostrano la pericolosit\u00e0 della struttura, ma, come al solito, l\u2019Amministrazione preferisce chiudere gli occhi e turarsi la bocca per non dare risposte per loro sconvenienti, tanto basta un buon comunicato stampa imbastito dal potentissimo ufficio stampa-propaganda per confondere le idee agli ignari cittadini reggini!\u201d<\/i><\/p>\n<p class=\"xmprfx_MsoNormal\" style=\"text-align: justify\"><i>\u201cS\u00ec, perch\u00e9 quale sicurezza dovrebbe trasparire da un Sindaco e i suoi Assessori, che pi\u00f9 volte ci avevano rassicurato sulla presunta sicurezza del ponte? Io allarmista? Ero semplicemente preoccupato per la sicurezza dei cittadini, e ora\u00a0<b>i fatti parlano chiaro<\/b>. La verit\u00e0 \u00e8 che non possiamo pi\u00f9 aspettare:\u00a0<b>ogni giorno che passa, il rischio di un disastro aumenta<\/b>.\u201d<\/i>\u00a0\u2013 ha puntualizzato Massimo Ripepi \u2013\u00a0<i>\u201cAncor pi\u00f9 paradossale e clamorosa la situazione, se consideriamo che\u00a0<b>nel marzo 2023, l\u2019Assessore ai Lavori Pubblici Rocco Albanese dichiarava tranquillamente in un\u2019intervista che\u00a0<u>\u2018il ponte \u00e8 stato messo in sicurezza per scongiurare la caduta di calcinacci<\/u><\/b><u>\u2019,<\/u>\u00a0rassicurando i cittadini sul fatto che la parte ammalorata era stata spicconata e che\u00a0<u>\u2018<b>non dovrebbero esserci problemi\u2019<\/b><\/u>. Anzi, aggiungeva che la parte problematica era stata interdetta al traffico con la chiusura di parte della carreggiata con i dehors. Eppure, il problema non solo si \u00e8 manifestato ma ha addirittura causato la chiusura del traffico nella strada sottostante il ponte, una delle arterie principali di Reggio Calabria, mandando la citt\u00e0 nel caos e congestionando tutto il traffico.\u201d<\/i><\/p>\n<p class=\"xmprfx_MsoNormal\" style=\"text-align: justify\">\u201c<i>In una Reggio sempre pi\u00f9 tragicomica, voglio ricordare che gi\u00e0 nell\u2019estate del 2021 avevamo chiesto i dati strutturali del Ponte Sant\u2019Anna, dati che il Sindaco Falcomat\u00e0 si \u00e8 ben guardato dal fornirci. In tre anni non \u00e8 arrivata nemmeno una risposta concreta, e questo silenzio \u00e8 inaccettabile. Non possiamo permetterci di ignorare un problema di tale gravit\u00e0!\u201d \u2013<\/i>\u00a0ha rimproverato Ripepi \u2013\u00a0<i>\u201cProprio per questo motivo,\u00a0<b>convocher\u00f2 nuovamente la Commissione Controllo e Garanzia<\/b>\u00a0per affrontare la questione e ottenere finalmente le risposte che attendiamo da troppo tempo. La sicurezza dei cittadini non pu\u00f2 essere messa in secondo piano, e non ci fermeremo finch\u00e9 non vedremo un intervento immediato e risolutivo.\u201d<\/i><\/p>\n<p class=\"xmprfx_MsoNormal\" style=\"text-align: justify\"><i>\u201cIl tempo delle chiacchiere \u00e8 finito. La situazione \u00e8 grave e non possiamo pi\u00f9 permettere che l&#8217;Amministrazione continui a prendere alla leggera un problema di questa portata\u2026 anche e soprattutto perch\u00e9, visto come ci hanno rassicurato sul Ponte di Sant\u2019Anna ed i frutti sono stati evidenti,\u00a0<b>con quale credibilit\u00e0 ci rassicureranno su tutte le altre problematiche come ad esempio l\u2019emergenza strutturale delle scuole? Ognuno tiri le proprie conclusioni.\u201d<\/b><\/i><b>\u00a0<\/b>\u2013 ha concluso il Presidente della Commissione Controllo e Garanzia Massimo Ripepi.<\/p>\n","protected":false},"excerpt":{"rendered":"<p>\u201cTre anni e due mesi\u00a0e ancora nessuna risposta: questo \u00e8 il\u00a0tempo trascorso dalle interrogazioni fatte nel Luglio del 2021 al Sindaco Falcomat\u00e0\u00a0per conoscere le condizioni strutturali del Ponte Sant\u2019Anna. Nonostante&hellip;<\/p>\n","protected":false},"author":12,"featured_media":57450,"comment_status":"closed","ping_status":"open","sticky":false,"template":"","format":"standard","meta":{"_jetpack_memberships_contains_paid_content":false,"footnotes":"","jetpack_publicize_message":"","jetpack_publicize_feature_enabled":true,"jetpack_social_post_already_shared":false,"jetpack_social_options":{"image_generator_settings":{"template":"highway","default_image_id":0,"font":"","enabled":false},"version":2}},"categories":[921,196,140],"tags":[35216,9778,35215,1770,808],"class_list":["post-57449","post","type-post","status-publish","format-standard","has-post-thumbnail","hentry","category-home","category-news","category-reggio-calabria","tag-3-anni-di-mancate-risposte-su-ponte-santanna","tag-comune-di-reggio","tag-crolla-un-pezzo-del-ponte-santanna","tag-falcomata","tag-massimo-ripepi"],"yoast_head":"<!-- This site is optimized with the Yoast SEO plugin v27.2 - https:\/\/yoast.com\/product\/yoast-seo-wordpress\/ -->\n<title>Reggio: crolla un pezzo del Ponte Sant&#039;Anna<\/title>\n<meta name=\"description\" content=\"La rabbia del Consigliere Ripepi che denuncia tre anni di mancate risposte del Comune sullo stato strutturale del Ponte\" \/>\n<meta name=\"robots\" content=\"index, follow, max-snippet:-1, max-image-preview:large, max-video-preview:-1\" \/>\n<link rel=\"canonical\" href=\"https:\/\/progettotouring.it\/radiotouring104\/2024\/09\/10\/reggio-crolla-un-pezzo-del-ponte-santanna\/\" \/>\n<meta property=\"og:locale\" content=\"it_IT\" \/>\n<meta property=\"og:type\" content=\"article\" \/>\n<meta property=\"og:title\" content=\"Reggio: crolla un pezzo del Ponte Sant&#039;Anna\" \/>\n<meta property=\"og:description\" content=\"La rabbia del Consigliere Ripepi che denuncia tre anni di mancate risposte del Comune sullo stato strutturale del Ponte\" \/>\n<meta property=\"og:url\" content=\"https:\/\/progettotouring.it\/radiotouring104\/2024\/09\/10\/reggio-crolla-un-pezzo-del-ponte-santanna\/\" \/>\n<meta property=\"og:site_name\" content=\"Radio Touring 104\" \/>\n<meta property=\"article:published_time\" content=\"2024-09-10T08:15:36+00:00\" \/>\n<meta property=\"og:image\" content=\"https:\/\/progettotouring.it\/radiotouring104\/wp-content\/uploads\/sites\/6\/2024\/09\/Ripepi-Ponte-SantAnna.jpeg\" \/>\n\t<meta property=\"og:image:width\" content=\"1600\" \/>\n\t<meta property=\"og:image:height\" content=\"898\" \/>\n\t<meta property=\"og:image:type\" content=\"image\/jpeg\" \/>\n<meta name=\"author\" content=\"Sebastiano Plutino\" \/>\n<meta name=\"twitter:card\" content=\"summary_large_image\" \/>\n<meta name=\"twitter:label1\" content=\"Scritto da\" \/>\n\t<meta name=\"twitter:data1\" content=\"Sebastiano Plutino\" \/>\n\t<meta name=\"twitter:label2\" content=\"Tempo di lettura stimato\" \/>\n\t<meta name=\"twitter:data2\" content=\"3 minuti\" \/>\n<script type=\"application\/ld+json\" class=\"yoast-schema-graph\">{\"@context\":\"https:\/\/schema.org\",\"@graph\":[{\"@type\":\"Article\",\"@id\":\"https:\/\/progettotouring.it\/radiotouring104\/2024\/09\/10\/reggio-crolla-un-pezzo-del-ponte-santanna\/#article\",\"isPartOf\":{\"@id\":\"https:\/\/progettotouring.it\/radiotouring104\/2024\/09\/10\/reggio-crolla-un-pezzo-del-ponte-santanna\/\"},\"author\":{\"name\":\"Sebastiano Plutino\",\"@id\":\"https:\/\/progettotouring.it\/radiotouring104\/#\/schema\/person\/78613917f1851f041f7483f5af1d422e\"},\"headline\":\"Reggio: crolla un pezzo del Ponte Sant&#8217;Anna\",\"datePublished\":\"2024-09-10T08:15:36+00:00\",\"mainEntityOfPage\":{\"@id\":\"https:\/\/progettotouring.it\/radiotouring104\/2024\/09\/10\/reggio-crolla-un-pezzo-del-ponte-santanna\/\"},\"wordCount\":659,\"publisher\":{\"@id\":\"https:\/\/progettotouring.it\/radiotouring104\/#organization\"},\"image\":{\"@id\":\"https:\/\/progettotouring.it\/radiotouring104\/2024\/09\/10\/reggio-crolla-un-pezzo-del-ponte-santanna\/#primaryimage\"},\"thumbnailUrl\":\"https:\/\/progettotouring.it\/radiotouring104\/wp-content\/uploads\/sites\/6\/2024\/09\/Ripepi-Ponte-SantAnna.jpeg\",\"keywords\":[\"3 anni di mancate risposte su Ponte Sant'Anna\",\"Comune di Reggio\",\"crolla un pezzo del Ponte Sant'anna\",\"Falcomat\u00e0\",\"Massimo Ripepi\"],\"articleSection\":[\"Home\",\"News\",\"Reggio Calabria\"],\"inLanguage\":\"it-IT\"},{\"@type\":\"WebPage\",\"@id\":\"https:\/\/progettotouring.it\/radiotouring104\/2024\/09\/10\/reggio-crolla-un-pezzo-del-ponte-santanna\/\",\"url\":\"https:\/\/progettotouring.it\/radiotouring104\/2024\/09\/10\/reggio-crolla-un-pezzo-del-ponte-santanna\/\",\"name\":\"Reggio: crolla un pezzo del Ponte Sant'Anna\",\"isPartOf\":{\"@id\":\"https:\/\/progettotouring.it\/radiotouring104\/#website\"},\"primaryImageOfPage\":{\"@id\":\"https:\/\/progettotouring.it\/radiotouring104\/2024\/09\/10\/reggio-crolla-un-pezzo-del-ponte-santanna\/#primaryimage\"},\"image\":{\"@id\":\"https:\/\/progettotouring.it\/radiotouring104\/2024\/09\/10\/reggio-crolla-un-pezzo-del-ponte-santanna\/#primaryimage\"},\"thumbnailUrl\":\"https:\/\/progettotouring.it\/radiotouring104\/wp-content\/uploads\/sites\/6\/2024\/09\/Ripepi-Ponte-SantAnna.jpeg\",\"datePublished\":\"2024-09-10T08:15:36+00:00\",\"description\":\"La rabbia del Consigliere Ripepi che denuncia tre anni di mancate risposte del Comune sullo stato strutturale del Ponte\",\"breadcrumb\":{\"@id\":\"https:\/\/progettotouring.it\/radiotouring104\/2024\/09\/10\/reggio-crolla-un-pezzo-del-ponte-santanna\/#breadcrumb\"},\"inLanguage\":\"it-IT\",\"potentialAction\":[{\"@type\":\"ReadAction\",\"target\":[\"https:\/\/progettotouring.it\/radiotouring104\/2024\/09\/10\/reggio-crolla-un-pezzo-del-ponte-santanna\/\"]}]},{\"@type\":\"ImageObject\",\"inLanguage\":\"it-IT\",\"@id\":\"https:\/\/progettotouring.it\/radiotouring104\/2024\/09\/10\/reggio-crolla-un-pezzo-del-ponte-santanna\/#primaryimage\",\"url\":\"https:\/\/progettotouring.it\/radiotouring104\/wp-content\/uploads\/sites\/6\/2024\/09\/Ripepi-Ponte-SantAnna.jpeg\",\"contentUrl\":\"https:\/\/progettotouring.it\/radiotouring104\/wp-content\/uploads\/sites\/6\/2024\/09\/Ripepi-Ponte-SantAnna.jpeg\",\"width\":1600,\"height\":898},{\"@type\":\"BreadcrumbList\",\"@id\":\"https:\/\/progettotouring.it\/radiotouring104\/2024\/09\/10\/reggio-crolla-un-pezzo-del-ponte-santanna\/#breadcrumb\",\"itemListElement\":[{\"@type\":\"ListItem\",\"position\":1,\"name\":\"Home\",\"item\":\"https:\/\/progettotouring.it\/radiotouring104\/\"},{\"@type\":\"ListItem\",\"position\":2,\"name\":\"Reggio: crolla un pezzo del Ponte Sant&#8217;Anna\"}]},{\"@type\":\"WebSite\",\"@id\":\"https:\/\/progettotouring.it\/radiotouring104\/#website\",\"url\":\"https:\/\/progettotouring.it\/radiotouring104\/\",\"name\":\"Radio Touring 104\",\"description\":\"La prima radio Reggina\",\"publisher\":{\"@id\":\"https:\/\/progettotouring.it\/radiotouring104\/#organization\"},\"potentialAction\":[{\"@type\":\"SearchAction\",\"target\":{\"@type\":\"EntryPoint\",\"urlTemplate\":\"https:\/\/progettotouring.it\/radiotouring104\/?s={search_term_string}\"},\"query-input\":{\"@type\":\"PropertyValueSpecification\",\"valueRequired\":true,\"valueName\":\"search_term_string\"}}],\"inLanguage\":\"it-IT\"},{\"@type\":\"Organization\",\"@id\":\"https:\/\/progettotouring.it\/radiotouring104\/#organization\",\"name\":\"Radio Touring 104\",\"url\":\"https:\/\/progettotouring.it\/radiotouring104\/\",\"logo\":{\"@type\":\"ImageObject\",\"inLanguage\":\"it-IT\",\"@id\":\"https:\/\/progettotouring.it\/radiotouring104\/#\/schema\/logo\/image\/\",\"url\":\"https:\/\/progettotouring.it\/radiotouring104\/wp-content\/uploads\/sites\/6\/2022\/02\/cropped-logo-radio-touring-104.png\",\"contentUrl\":\"https:\/\/progettotouring.it\/radiotouring104\/wp-content\/uploads\/sites\/6\/2022\/02\/cropped-logo-radio-touring-104.png\",\"width\":377,\"height\":182,\"caption\":\"Radio Touring 104\"},\"image\":{\"@id\":\"https:\/\/progettotouring.it\/radiotouring104\/#\/schema\/logo\/image\/\"}},{\"@type\":\"Person\",\"@id\":\"https:\/\/progettotouring.it\/radiotouring104\/#\/schema\/person\/78613917f1851f041f7483f5af1d422e\",\"name\":\"Sebastiano Plutino\",\"image\":{\"@type\":\"ImageObject\",\"inLanguage\":\"it-IT\",\"@id\":\"https:\/\/secure.gravatar.com\/avatar\/0546ffaa9b79224faf9f2a156b67a529ae861d3287c66c1d8ccfdf909bcba78d?s=96&d=mm&r=g\",\"url\":\"https:\/\/secure.gravatar.com\/avatar\/0546ffaa9b79224faf9f2a156b67a529ae861d3287c66c1d8ccfdf909bcba78d?s=96&d=mm&r=g\",\"contentUrl\":\"https:\/\/secure.gravatar.com\/avatar\/0546ffaa9b79224faf9f2a156b67a529ae861d3287c66c1d8ccfdf909bcba78d?s=96&d=mm&r=g\",\"caption\":\"Sebastiano Plutino\"},\"url\":\"https:\/\/progettotouring.it\/radiotouring104\/author\/sebastiano\/\"}]}<\/script>\n<!-- \/ Yoast SEO plugin. -->","yoast_head_json":{"title":"Reggio: crolla un pezzo del Ponte Sant'Anna","description":"La rabbia del Consigliere Ripepi che denuncia tre anni di mancate risposte del Comune sullo stato strutturale del Ponte","robots":{"index":"index","follow":"follow","max-snippet":"max-snippet:-1","max-image-preview":"max-image-preview:large","max-video-preview":"max-video-preview:-1"},"canonical":"https:\/\/progettotouring.it\/radiotouring104\/2024\/09\/10\/reggio-crolla-un-pezzo-del-ponte-santanna\/","og_locale":"it_IT","og_type":"article","og_title":"Reggio: crolla un pezzo del Ponte Sant'Anna","og_description":"La rabbia del Consigliere Ripepi che denuncia tre anni di mancate risposte del Comune sullo stato strutturale del Ponte","og_url":"https:\/\/progettotouring.it\/radiotouring104\/2024\/09\/10\/reggio-crolla-un-pezzo-del-ponte-santanna\/","og_site_name":"Radio Touring 104","article_published_time":"2024-09-10T08:15:36+00:00","og_image":[{"width":1600,"height":898,"url":"https:\/\/progettotouring.it\/radiotouring104\/wp-content\/uploads\/sites\/6\/2024\/09\/Ripepi-Ponte-SantAnna.jpeg","type":"image\/jpeg"}],"author":"Sebastiano Plutino","twitter_card":"summary_large_image","twitter_misc":{"Scritto da":"Sebastiano Plutino","Tempo di lettura stimato":"3 minuti"},"schema":{"@context":"https:\/\/schema.org","@graph":[{"@type":"Article","@id":"https:\/\/progettotouring.it\/radiotouring104\/2024\/09\/10\/reggio-crolla-un-pezzo-del-ponte-santanna\/#article","isPartOf":{"@id":"https:\/\/progettotouring.it\/radiotouring104\/2024\/09\/10\/reggio-crolla-un-pezzo-del-ponte-santanna\/"},"author":{"name":"Sebastiano Plutino","@id":"https:\/\/progettotouring.it\/radiotouring104\/#\/schema\/person\/78613917f1851f041f7483f5af1d422e"},"headline":"Reggio: crolla un pezzo del Ponte Sant&#8217;Anna","datePublished":"2024-09-10T08:15:36+00:00","mainEntityOfPage":{"@id":"https:\/\/progettotouring.it\/radiotouring104\/2024\/09\/10\/reggio-crolla-un-pezzo-del-ponte-santanna\/"},"wordCount":659,"publisher":{"@id":"https:\/\/progettotouring.it\/radiotouring104\/#organization"},"image":{"@id":"https:\/\/progettotouring.it\/radiotouring104\/2024\/09\/10\/reggio-crolla-un-pezzo-del-ponte-santanna\/#primaryimage"},"thumbnailUrl":"https:\/\/progettotouring.it\/radiotouring104\/wp-content\/uploads\/sites\/6\/2024\/09\/Ripepi-Ponte-SantAnna.jpeg","keywords":["3 anni di mancate risposte su Ponte Sant'Anna","Comune di Reggio","crolla un pezzo del Ponte Sant'anna","Falcomat\u00e0","Massimo Ripepi"],"articleSection":["Home","News","Reggio Calabria"],"inLanguage":"it-IT"},{"@type":"WebPage","@id":"https:\/\/progettotouring.it\/radiotouring104\/2024\/09\/10\/reggio-crolla-un-pezzo-del-ponte-santanna\/","url":"https:\/\/progettotouring.it\/radiotouring104\/2024\/09\/10\/reggio-crolla-un-pezzo-del-ponte-santanna\/","name":"Reggio: crolla un pezzo del Ponte Sant'Anna","isPartOf":{"@id":"https:\/\/progettotouring.it\/radiotouring104\/#website"},"primaryImageOfPage":{"@id":"https:\/\/progettotouring.it\/radiotouring104\/2024\/09\/10\/reggio-crolla-un-pezzo-del-ponte-santanna\/#primaryimage"},"image":{"@id":"https:\/\/progettotouring.it\/radiotouring104\/2024\/09\/10\/reggio-crolla-un-pezzo-del-ponte-santanna\/#primaryimage"},"thumbnailUrl":"https:\/\/progettotouring.it\/radiotouring104\/wp-content\/uploads\/sites\/6\/2024\/09\/Ripepi-Ponte-SantAnna.jpeg","datePublished":"2024-09-10T08:15:36+00:00","description":"La rabbia del Consigliere Ripepi che denuncia tre anni di mancate risposte del Comune sullo stato strutturale del Ponte","breadcrumb":{"@id":"https:\/\/progettotouring.it\/radiotouring104\/2024\/09\/10\/reggio-crolla-un-pezzo-del-ponte-santanna\/#breadcrumb"},"inLanguage":"it-IT","potentialAction":[{"@type":"ReadAction","target":["https:\/\/progettotouring.it\/radiotouring104\/2024\/09\/10\/reggio-crolla-un-pezzo-del-ponte-santanna\/"]}]},{"@type":"ImageObject","inLanguage":"it-IT","@id":"https:\/\/progettotouring.it\/radiotouring104\/2024\/09\/10\/reggio-crolla-un-pezzo-del-ponte-santanna\/#primaryimage","url":"https:\/\/progettotouring.it\/radiotouring104\/wp-content\/uploads\/sites\/6\/2024\/09\/Ripepi-Ponte-SantAnna.jpeg","contentUrl":"https:\/\/progettotouring.it\/radiotouring104\/wp-content\/uploads\/sites\/6\/2024\/09\/Ripepi-Ponte-SantAnna.jpeg","width":1600,"height":898},{"@type":"BreadcrumbList","@id":"https:\/\/progettotouring.it\/radiotouring104\/2024\/09\/10\/reggio-crolla-un-pezzo-del-ponte-santanna\/#breadcrumb","itemListElement":[{"@type":"ListItem","position":1,"name":"Home","item":"https:\/\/progettotouring.it\/radiotouring104\/"},{"@type":"ListItem","position":2,"name":"Reggio: crolla un pezzo del Ponte Sant&#8217;Anna"}]},{"@type":"WebSite","@id":"https:\/\/progettotouring.it\/radiotouring104\/#website","url":"https:\/\/progettotouring.it\/radiotouring104\/","name":"Radio Touring 104","description":"La prima radio Reggina","publisher":{"@id":"https:\/\/progettotouring.it\/radiotouring104\/#organization"},"potentialAction":[{"@type":"SearchAction","target":{"@type":"EntryPoint","urlTemplate":"https:\/\/progettotouring.it\/radiotouring104\/?s={search_term_string}"},"query-input":{"@type":"PropertyValueSpecification","valueRequired":true,"valueName":"search_term_string"}}],"inLanguage":"it-IT"},{"@type":"Organization","@id":"https:\/\/progettotouring.it\/radiotouring104\/#organization","name":"Radio Touring 104","url":"https:\/\/progettotouring.it\/radiotouring104\/","logo":{"@type":"ImageObject","inLanguage":"it-IT","@id":"https:\/\/progettotouring.it\/radiotouring104\/#\/schema\/logo\/image\/","url":"https:\/\/progettotouring.it\/radiotouring104\/wp-content\/uploads\/sites\/6\/2022\/02\/cropped-logo-radio-touring-104.png","contentUrl":"https:\/\/progettotouring.it\/radiotouring104\/wp-content\/uploads\/sites\/6\/2022\/02\/cropped-logo-radio-touring-104.png","width":377,"height":182,"caption":"Radio Touring 104"},"image":{"@id":"https:\/\/progettotouring.it\/radiotouring104\/#\/schema\/logo\/image\/"}},{"@type":"Person","@id":"https:\/\/progettotouring.it\/radiotouring104\/#\/schema\/person\/78613917f1851f041f7483f5af1d422e","name":"Sebastiano Plutino","image":{"@type":"ImageObject","inLanguage":"it-IT","@id":"https:\/\/secure.gravatar.com\/avatar\/0546ffaa9b79224faf9f2a156b67a529ae861d3287c66c1d8ccfdf909bcba78d?s=96&d=mm&r=g","url":"https:\/\/secure.gravatar.com\/avatar\/0546ffaa9b79224faf9f2a156b67a529ae861d3287c66c1d8ccfdf909bcba78d?s=96&d=mm&r=g","contentUrl":"https:\/\/secure.gravatar.com\/avatar\/0546ffaa9b79224faf9f2a156b67a529ae861d3287c66c1d8ccfdf909bcba78d?s=96&d=mm&r=g","caption":"Sebastiano Plutino"},"url":"https:\/\/progettotouring.it\/radiotouring104\/author\/sebastiano\/"}]}},"jetpack_publicize_connections":[],"jetpack_featured_media_url":"https:\/\/progettotouring.it\/radiotouring104\/wp-content\/uploads\/sites\/6\/2024\/09\/Ripepi-Ponte-SantAnna.jpeg","jetpack_sharing_enabled":true,"_links":{"self":[{"href":"https:\/\/progettotouring.it\/radiotouring104\/wp-json\/wp\/v2\/posts\/57449","targetHints":{"allow":["GET"]}}],"collection":[{"href":"https:\/\/progettotouring.it\/radiotouring104\/wp-json\/wp\/v2\/posts"}],"about":[{"href":"https:\/\/progettotouring.it\/radiotouring104\/wp-json\/wp\/v2\/types\/post"}],"author":[{"embeddable":true,"href":"https:\/\/progettotouring.it\/radiotouring104\/wp-json\/wp\/v2\/users\/12"}],"replies":[{"embeddable":true,"href":"https:\/\/progettotouring.it\/radiotouring104\/wp-json\/wp\/v2\/comments?post=57449"}],"version-history":[{"count":1,"href":"https:\/\/progettotouring.it\/radiotouring104\/wp-json\/wp\/v2\/posts\/57449\/revisions"}],"predecessor-version":[{"id":57451,"href":"https:\/\/progettotouring.it\/radiotouring104\/wp-json\/wp\/v2\/posts\/57449\/revisions\/57451"}],"wp:featuredmedia":[{"embeddable":true,"href":"https:\/\/progettotouring.it\/radiotouring104\/wp-json\/wp\/v2\/media\/57450"}],"wp:attachment":[{"href":"https:\/\/progettotouring.it\/radiotouring104\/wp-json\/wp\/v2\/media?parent=57449"}],"wp:term":[{"taxonomy":"category","embeddable":true,"href":"https:\/\/progettotouring.it\/radiotouring104\/wp-json\/wp\/v2\/categories?post=57449"},{"taxonomy":"post_tag","embeddable":true,"href":"https:\/\/progettotouring.it\/radiotouring104\/wp-json\/wp\/v2\/tags?post=57449"}],"curies":[{"name":"wp","href":"https:\/\/api.w.org\/{rel}","templated":true}]}}