{"id":57614,"date":"2024-09-12T11:10:12","date_gmt":"2024-09-12T09:10:12","guid":{"rendered":"https:\/\/progettotouring.it\/radiotouring104\/?p=57614"},"modified":"2024-09-12T11:10:12","modified_gmt":"2024-09-12T09:10:12","slug":"rotary-club-rc-il-presidente-latella-al-summit-europeo-di-bonn","status":"publish","type":"post","link":"https:\/\/progettotouring.it\/radiotouring104\/2024\/09\/12\/rotary-club-rc-il-presidente-latella-al-summit-europeo-di-bonn\/","title":{"rendered":"Rotary Club RC: il presidente Latella al Summit europeo di Bonn"},"content":{"rendered":"<p class=\"xmprfx_MsoNormal\" style=\"text-align: justify\"><strong>\u201cIl Rotary European Summit di Bonn \u00e8 stata l\u2019occasione per un confronto di alto profilo in materia di sostenibilit\u00e0 ambientale\u201d.<\/strong> Lo<strong> afferma il presidente del Rotary Club Reggio Calabria, Giampaolo Latella<\/strong>, che ha partecipato all&#8217;Institute rotariano nella citt\u00e0 tedesca.<\/p>\n<p class=\"xmprfx_MsoNormal\" style=\"text-align: justify\"><strong>Il summit ha avuto come tema proprio la sostenibilit\u00e0 in Europa<\/strong> e ha visto la partecipazione di relatori di fama internazionale, rotariani e no, tra cui il prossimo presidente internazionale, <strong>Mario Cesar Martins de Camargo,<\/strong> e rappresentanti del mondo dell\u2019industria, del terzo settore e delle politiche ecologiche.<\/p>\n<p class=\"xmprfx_MsoNormal\" style=\"text-align: justify\"><em>\u201cIl Rotary<\/em> \u2013<strong> prosegue l\u2019avvocato Latella<\/strong> \u2013 <em>ha colto pienamente l\u2019importanza della sfida della sostenibilit\u00e0. Non a caso, la tutela dell\u2019ambiente rientra tra le sette aree di intervento della nostra associazione. In tutto il mondo si stanno sostenendo attivit\u00e0 e progetti che rafforzano la conservazione e protezione delle risorse naturali, promuovono la sostenibilit\u00e0 e l\u2019armonia tra le comunit\u00e0 e l\u2019ambiente. Questa visione si interseca con la necessit\u00e0 di sviluppare nuove politiche energetiche che, nell\u2019affrancarci dalla dipendenza dall\u2019approvvigionamento di risorse da alcuni paesi, porti ad azzerare l&#8217;impatto dei combustibili fossili per sfruttare fonti veramente pulite. Ma la questione ambientale<\/em> \u2013<strong> prosegue il presidente del Rotary Club Reggio Calabria<\/strong> \u2013 <em>\u00e8 ampia e complessa. Da cittadini di una grande realt\u00e0 urbana che costituisce il baricentro del Mediterraneo, non possiamo non curarci dello stato di salute del mare. Il riscaldamento globale sta modificando l\u2019ecosistema, con aumenti delle temperature e cambiamenti nella fauna e nella flora marine, mentre in tutto il mondo l\u2019invasione di tonnellate di rifiuti cagiona conseguenze devastanti. Avere cura del mare, per noi, non \u00e8 solo un impegno civile, \u00e8 anche un modo per onorare la memoria di eroi come il capitano Natale De Grazia, il cui sacrificio \u00e8 stato meritoriamente rievocato, di recente, dalla sezione reggina della Lega Navale Italiana\u201d.<\/em><\/p>\n<p class=\"xmprfx_MsoNormal\" style=\"text-align: justify\"><strong>Latella conclude:<\/strong> <em>\u201cL\u2019esperienza nella citt\u00e0 di Beethoven, sia in termini di rafforzamento delle relazioni internazionali del club, sia per la condivisione di idee e visioni basate su modelli di sostenibilit\u00e0 ambientale affermati e vincenti, ha contribuito a rafforzare la consapevolezza della forza del Rotary nel servizio alle nostre comunit\u00e0 per costruire un mondo migliore\u201d.<\/em><\/p>\n","protected":false},"excerpt":{"rendered":"<p>\u201cIl Rotary European Summit di Bonn \u00e8 stata l\u2019occasione per un confronto di alto profilo in materia di sostenibilit\u00e0 ambientale\u201d. Lo afferma il presidente del Rotary Club Reggio Calabria, Giampaolo&hellip;<\/p>\n","protected":false},"author":12,"featured_media":57615,"comment_status":"closed","ping_status":"open","sticky":false,"template":"","format":"standard","meta":{"_jetpack_memberships_contains_paid_content":false,"footnotes":"","jetpack_publicize_message":"","jetpack_publicize_feature_enabled":true,"jetpack_social_post_already_shared":false,"jetpack_social_options":{"image_generator_settings":{"template":"highway","default_image_id":0,"font":"","enabled":false},"version":2}},"categories":[921,196,140],"tags":[18247,35323,35325,35324],"class_list":["post-57614","post","type-post","status-publish","format-standard","has-post-thumbnail","hentry","category-home","category-news","category-reggio-calabria","tag-giampaolo-latella","tag-rotary-reggio-calabria","tag-sostenibilita-in-europa","tag-summit-europeo-di-bonn"],"yoast_head":"<!-- This site is optimized with the Yoast SEO plugin v27.2 - https:\/\/yoast.com\/product\/yoast-seo-wordpress\/ -->\n<title>Rotary Club RC: il presidente Latella al Summit europeo di Bonn<\/title>\n<meta name=\"description\" content=\"Il Presidente del Rotary Rc, Latella, ha partecipato al summit che ha avuto come tema la sostenibilit\u00e0 in Europa\" \/>\n<meta name=\"robots\" content=\"index, follow, max-snippet:-1, max-image-preview:large, max-video-preview:-1\" \/>\n<link rel=\"canonical\" href=\"https:\/\/progettotouring.it\/radiotouring104\/2024\/09\/12\/rotary-club-rc-il-presidente-latella-al-summit-europeo-di-bonn\/\" \/>\n<meta property=\"og:locale\" content=\"it_IT\" \/>\n<meta property=\"og:type\" content=\"article\" \/>\n<meta property=\"og:title\" content=\"Rotary Club RC: il presidente Latella al Summit europeo di Bonn\" \/>\n<meta property=\"og:description\" content=\"Il Presidente del Rotary Rc, Latella, ha partecipato al summit che ha avuto come tema la sostenibilit\u00e0 in Europa\" \/>\n<meta property=\"og:url\" content=\"https:\/\/progettotouring.it\/radiotouring104\/2024\/09\/12\/rotary-club-rc-il-presidente-latella-al-summit-europeo-di-bonn\/\" \/>\n<meta property=\"og:site_name\" content=\"Radio Touring 104\" \/>\n<meta property=\"article:published_time\" content=\"2024-09-12T09:10:12+00:00\" \/>\n<meta property=\"og:image\" content=\"https:\/\/progettotouring.it\/radiotouring104\/wp-content\/uploads\/sites\/6\/2024\/09\/Latella-Bonn-Rotary-RC-scaled.jpg\" \/>\n\t<meta property=\"og:image:width\" content=\"2560\" \/>\n\t<meta property=\"og:image:height\" content=\"1920\" \/>\n\t<meta property=\"og:image:type\" content=\"image\/jpeg\" \/>\n<meta name=\"author\" content=\"Sebastiano Plutino\" \/>\n<meta name=\"twitter:card\" content=\"summary_large_image\" \/>\n<meta name=\"twitter:label1\" content=\"Scritto da\" \/>\n\t<meta name=\"twitter:data1\" content=\"Sebastiano Plutino\" \/>\n\t<meta name=\"twitter:label2\" content=\"Tempo di lettura stimato\" \/>\n\t<meta name=\"twitter:data2\" content=\"2 minuti\" \/>\n<script type=\"application\/ld+json\" class=\"yoast-schema-graph\">{\"@context\":\"https:\/\/schema.org\",\"@graph\":[{\"@type\":\"Article\",\"@id\":\"https:\/\/progettotouring.it\/radiotouring104\/2024\/09\/12\/rotary-club-rc-il-presidente-latella-al-summit-europeo-di-bonn\/#article\",\"isPartOf\":{\"@id\":\"https:\/\/progettotouring.it\/radiotouring104\/2024\/09\/12\/rotary-club-rc-il-presidente-latella-al-summit-europeo-di-bonn\/\"},\"author\":{\"name\":\"Sebastiano Plutino\",\"@id\":\"https:\/\/progettotouring.it\/radiotouring104\/#\/schema\/person\/78613917f1851f041f7483f5af1d422e\"},\"headline\":\"Rotary Club RC: il presidente Latella al Summit europeo di Bonn\",\"datePublished\":\"2024-09-12T09:10:12+00:00\",\"mainEntityOfPage\":{\"@id\":\"https:\/\/progettotouring.it\/radiotouring104\/2024\/09\/12\/rotary-club-rc-il-presidente-latella-al-summit-europeo-di-bonn\/\"},\"wordCount\":364,\"publisher\":{\"@id\":\"https:\/\/progettotouring.it\/radiotouring104\/#organization\"},\"image\":{\"@id\":\"https:\/\/progettotouring.it\/radiotouring104\/2024\/09\/12\/rotary-club-rc-il-presidente-latella-al-summit-europeo-di-bonn\/#primaryimage\"},\"thumbnailUrl\":\"https:\/\/progettotouring.it\/radiotouring104\/wp-content\/uploads\/sites\/6\/2024\/09\/Latella-Bonn-Rotary-RC-scaled.jpg\",\"keywords\":[\"Giampaolo Latella\",\"Rotary Reggio Calabria\",\"sostenibilit\u00e0 in Europa\",\"Summit europeo di Bonn\"],\"articleSection\":[\"Home\",\"News\",\"Reggio Calabria\"],\"inLanguage\":\"it-IT\"},{\"@type\":\"WebPage\",\"@id\":\"https:\/\/progettotouring.it\/radiotouring104\/2024\/09\/12\/rotary-club-rc-il-presidente-latella-al-summit-europeo-di-bonn\/\",\"url\":\"https:\/\/progettotouring.it\/radiotouring104\/2024\/09\/12\/rotary-club-rc-il-presidente-latella-al-summit-europeo-di-bonn\/\",\"name\":\"Rotary Club RC: il presidente Latella al Summit europeo di Bonn\",\"isPartOf\":{\"@id\":\"https:\/\/progettotouring.it\/radiotouring104\/#website\"},\"primaryImageOfPage\":{\"@id\":\"https:\/\/progettotouring.it\/radiotouring104\/2024\/09\/12\/rotary-club-rc-il-presidente-latella-al-summit-europeo-di-bonn\/#primaryimage\"},\"image\":{\"@id\":\"https:\/\/progettotouring.it\/radiotouring104\/2024\/09\/12\/rotary-club-rc-il-presidente-latella-al-summit-europeo-di-bonn\/#primaryimage\"},\"thumbnailUrl\":\"https:\/\/progettotouring.it\/radiotouring104\/wp-content\/uploads\/sites\/6\/2024\/09\/Latella-Bonn-Rotary-RC-scaled.jpg\",\"datePublished\":\"2024-09-12T09:10:12+00:00\",\"description\":\"Il Presidente del Rotary Rc, Latella, ha partecipato al summit che ha avuto come tema la sostenibilit\u00e0 in Europa\",\"breadcrumb\":{\"@id\":\"https:\/\/progettotouring.it\/radiotouring104\/2024\/09\/12\/rotary-club-rc-il-presidente-latella-al-summit-europeo-di-bonn\/#breadcrumb\"},\"inLanguage\":\"it-IT\",\"potentialAction\":[{\"@type\":\"ReadAction\",\"target\":[\"https:\/\/progettotouring.it\/radiotouring104\/2024\/09\/12\/rotary-club-rc-il-presidente-latella-al-summit-europeo-di-bonn\/\"]}]},{\"@type\":\"ImageObject\",\"inLanguage\":\"it-IT\",\"@id\":\"https:\/\/progettotouring.it\/radiotouring104\/2024\/09\/12\/rotary-club-rc-il-presidente-latella-al-summit-europeo-di-bonn\/#primaryimage\",\"url\":\"https:\/\/progettotouring.it\/radiotouring104\/wp-content\/uploads\/sites\/6\/2024\/09\/Latella-Bonn-Rotary-RC-scaled.jpg\",\"contentUrl\":\"https:\/\/progettotouring.it\/radiotouring104\/wp-content\/uploads\/sites\/6\/2024\/09\/Latella-Bonn-Rotary-RC-scaled.jpg\",\"width\":2560,\"height\":1920},{\"@type\":\"BreadcrumbList\",\"@id\":\"https:\/\/progettotouring.it\/radiotouring104\/2024\/09\/12\/rotary-club-rc-il-presidente-latella-al-summit-europeo-di-bonn\/#breadcrumb\",\"itemListElement\":[{\"@type\":\"ListItem\",\"position\":1,\"name\":\"Home\",\"item\":\"https:\/\/progettotouring.it\/radiotouring104\/\"},{\"@type\":\"ListItem\",\"position\":2,\"name\":\"Rotary Club RC: il presidente Latella al Summit europeo di Bonn\"}]},{\"@type\":\"WebSite\",\"@id\":\"https:\/\/progettotouring.it\/radiotouring104\/#website\",\"url\":\"https:\/\/progettotouring.it\/radiotouring104\/\",\"name\":\"Radio Touring 104\",\"description\":\"La prima radio Reggina\",\"publisher\":{\"@id\":\"https:\/\/progettotouring.it\/radiotouring104\/#organization\"},\"potentialAction\":[{\"@type\":\"SearchAction\",\"target\":{\"@type\":\"EntryPoint\",\"urlTemplate\":\"https:\/\/progettotouring.it\/radiotouring104\/?s={search_term_string}\"},\"query-input\":{\"@type\":\"PropertyValueSpecification\",\"valueRequired\":true,\"valueName\":\"search_term_string\"}}],\"inLanguage\":\"it-IT\"},{\"@type\":\"Organization\",\"@id\":\"https:\/\/progettotouring.it\/radiotouring104\/#organization\",\"name\":\"Radio Touring 104\",\"url\":\"https:\/\/progettotouring.it\/radiotouring104\/\",\"logo\":{\"@type\":\"ImageObject\",\"inLanguage\":\"it-IT\",\"@id\":\"https:\/\/progettotouring.it\/radiotouring104\/#\/schema\/logo\/image\/\",\"url\":\"https:\/\/progettotouring.it\/radiotouring104\/wp-content\/uploads\/sites\/6\/2022\/02\/cropped-logo-radio-touring-104.png\",\"contentUrl\":\"https:\/\/progettotouring.it\/radiotouring104\/wp-content\/uploads\/sites\/6\/2022\/02\/cropped-logo-radio-touring-104.png\",\"width\":377,\"height\":182,\"caption\":\"Radio Touring 104\"},\"image\":{\"@id\":\"https:\/\/progettotouring.it\/radiotouring104\/#\/schema\/logo\/image\/\"}},{\"@type\":\"Person\",\"@id\":\"https:\/\/progettotouring.it\/radiotouring104\/#\/schema\/person\/78613917f1851f041f7483f5af1d422e\",\"name\":\"Sebastiano Plutino\",\"image\":{\"@type\":\"ImageObject\",\"inLanguage\":\"it-IT\",\"@id\":\"https:\/\/secure.gravatar.com\/avatar\/0546ffaa9b79224faf9f2a156b67a529ae861d3287c66c1d8ccfdf909bcba78d?s=96&d=mm&r=g\",\"url\":\"https:\/\/secure.gravatar.com\/avatar\/0546ffaa9b79224faf9f2a156b67a529ae861d3287c66c1d8ccfdf909bcba78d?s=96&d=mm&r=g\",\"contentUrl\":\"https:\/\/secure.gravatar.com\/avatar\/0546ffaa9b79224faf9f2a156b67a529ae861d3287c66c1d8ccfdf909bcba78d?s=96&d=mm&r=g\",\"caption\":\"Sebastiano Plutino\"},\"url\":\"https:\/\/progettotouring.it\/radiotouring104\/author\/sebastiano\/\"}]}<\/script>\n<!-- \/ Yoast SEO plugin. -->","yoast_head_json":{"title":"Rotary Club RC: il presidente Latella al Summit europeo di Bonn","description":"Il Presidente del Rotary Rc, Latella, ha partecipato al summit che ha avuto come tema la sostenibilit\u00e0 in Europa","robots":{"index":"index","follow":"follow","max-snippet":"max-snippet:-1","max-image-preview":"max-image-preview:large","max-video-preview":"max-video-preview:-1"},"canonical":"https:\/\/progettotouring.it\/radiotouring104\/2024\/09\/12\/rotary-club-rc-il-presidente-latella-al-summit-europeo-di-bonn\/","og_locale":"it_IT","og_type":"article","og_title":"Rotary Club RC: il presidente Latella al Summit europeo di Bonn","og_description":"Il Presidente del Rotary Rc, Latella, ha partecipato al summit che ha avuto come tema la sostenibilit\u00e0 in Europa","og_url":"https:\/\/progettotouring.it\/radiotouring104\/2024\/09\/12\/rotary-club-rc-il-presidente-latella-al-summit-europeo-di-bonn\/","og_site_name":"Radio Touring 104","article_published_time":"2024-09-12T09:10:12+00:00","og_image":[{"width":2560,"height":1920,"url":"https:\/\/progettotouring.it\/radiotouring104\/wp-content\/uploads\/sites\/6\/2024\/09\/Latella-Bonn-Rotary-RC-scaled.jpg","type":"image\/jpeg"}],"author":"Sebastiano Plutino","twitter_card":"summary_large_image","twitter_misc":{"Scritto da":"Sebastiano Plutino","Tempo di lettura stimato":"2 minuti"},"schema":{"@context":"https:\/\/schema.org","@graph":[{"@type":"Article","@id":"https:\/\/progettotouring.it\/radiotouring104\/2024\/09\/12\/rotary-club-rc-il-presidente-latella-al-summit-europeo-di-bonn\/#article","isPartOf":{"@id":"https:\/\/progettotouring.it\/radiotouring104\/2024\/09\/12\/rotary-club-rc-il-presidente-latella-al-summit-europeo-di-bonn\/"},"author":{"name":"Sebastiano Plutino","@id":"https:\/\/progettotouring.it\/radiotouring104\/#\/schema\/person\/78613917f1851f041f7483f5af1d422e"},"headline":"Rotary Club RC: il presidente Latella al Summit europeo di Bonn","datePublished":"2024-09-12T09:10:12+00:00","mainEntityOfPage":{"@id":"https:\/\/progettotouring.it\/radiotouring104\/2024\/09\/12\/rotary-club-rc-il-presidente-latella-al-summit-europeo-di-bonn\/"},"wordCount":364,"publisher":{"@id":"https:\/\/progettotouring.it\/radiotouring104\/#organization"},"image":{"@id":"https:\/\/progettotouring.it\/radiotouring104\/2024\/09\/12\/rotary-club-rc-il-presidente-latella-al-summit-europeo-di-bonn\/#primaryimage"},"thumbnailUrl":"https:\/\/progettotouring.it\/radiotouring104\/wp-content\/uploads\/sites\/6\/2024\/09\/Latella-Bonn-Rotary-RC-scaled.jpg","keywords":["Giampaolo Latella","Rotary Reggio Calabria","sostenibilit\u00e0 in Europa","Summit europeo di Bonn"],"articleSection":["Home","News","Reggio Calabria"],"inLanguage":"it-IT"},{"@type":"WebPage","@id":"https:\/\/progettotouring.it\/radiotouring104\/2024\/09\/12\/rotary-club-rc-il-presidente-latella-al-summit-europeo-di-bonn\/","url":"https:\/\/progettotouring.it\/radiotouring104\/2024\/09\/12\/rotary-club-rc-il-presidente-latella-al-summit-europeo-di-bonn\/","name":"Rotary Club RC: il presidente Latella al Summit europeo di Bonn","isPartOf":{"@id":"https:\/\/progettotouring.it\/radiotouring104\/#website"},"primaryImageOfPage":{"@id":"https:\/\/progettotouring.it\/radiotouring104\/2024\/09\/12\/rotary-club-rc-il-presidente-latella-al-summit-europeo-di-bonn\/#primaryimage"},"image":{"@id":"https:\/\/progettotouring.it\/radiotouring104\/2024\/09\/12\/rotary-club-rc-il-presidente-latella-al-summit-europeo-di-bonn\/#primaryimage"},"thumbnailUrl":"https:\/\/progettotouring.it\/radiotouring104\/wp-content\/uploads\/sites\/6\/2024\/09\/Latella-Bonn-Rotary-RC-scaled.jpg","datePublished":"2024-09-12T09:10:12+00:00","description":"Il Presidente del Rotary Rc, Latella, ha partecipato al summit che ha avuto come tema la sostenibilit\u00e0 in Europa","breadcrumb":{"@id":"https:\/\/progettotouring.it\/radiotouring104\/2024\/09\/12\/rotary-club-rc-il-presidente-latella-al-summit-europeo-di-bonn\/#breadcrumb"},"inLanguage":"it-IT","potentialAction":[{"@type":"ReadAction","target":["https:\/\/progettotouring.it\/radiotouring104\/2024\/09\/12\/rotary-club-rc-il-presidente-latella-al-summit-europeo-di-bonn\/"]}]},{"@type":"ImageObject","inLanguage":"it-IT","@id":"https:\/\/progettotouring.it\/radiotouring104\/2024\/09\/12\/rotary-club-rc-il-presidente-latella-al-summit-europeo-di-bonn\/#primaryimage","url":"https:\/\/progettotouring.it\/radiotouring104\/wp-content\/uploads\/sites\/6\/2024\/09\/Latella-Bonn-Rotary-RC-scaled.jpg","contentUrl":"https:\/\/progettotouring.it\/radiotouring104\/wp-content\/uploads\/sites\/6\/2024\/09\/Latella-Bonn-Rotary-RC-scaled.jpg","width":2560,"height":1920},{"@type":"BreadcrumbList","@id":"https:\/\/progettotouring.it\/radiotouring104\/2024\/09\/12\/rotary-club-rc-il-presidente-latella-al-summit-europeo-di-bonn\/#breadcrumb","itemListElement":[{"@type":"ListItem","position":1,"name":"Home","item":"https:\/\/progettotouring.it\/radiotouring104\/"},{"@type":"ListItem","position":2,"name":"Rotary Club RC: il presidente Latella al Summit europeo di Bonn"}]},{"@type":"WebSite","@id":"https:\/\/progettotouring.it\/radiotouring104\/#website","url":"https:\/\/progettotouring.it\/radiotouring104\/","name":"Radio Touring 104","description":"La prima radio Reggina","publisher":{"@id":"https:\/\/progettotouring.it\/radiotouring104\/#organization"},"potentialAction":[{"@type":"SearchAction","target":{"@type":"EntryPoint","urlTemplate":"https:\/\/progettotouring.it\/radiotouring104\/?s={search_term_string}"},"query-input":{"@type":"PropertyValueSpecification","valueRequired":true,"valueName":"search_term_string"}}],"inLanguage":"it-IT"},{"@type":"Organization","@id":"https:\/\/progettotouring.it\/radiotouring104\/#organization","name":"Radio Touring 104","url":"https:\/\/progettotouring.it\/radiotouring104\/","logo":{"@type":"ImageObject","inLanguage":"it-IT","@id":"https:\/\/progettotouring.it\/radiotouring104\/#\/schema\/logo\/image\/","url":"https:\/\/progettotouring.it\/radiotouring104\/wp-content\/uploads\/sites\/6\/2022\/02\/cropped-logo-radio-touring-104.png","contentUrl":"https:\/\/progettotouring.it\/radiotouring104\/wp-content\/uploads\/sites\/6\/2022\/02\/cropped-logo-radio-touring-104.png","width":377,"height":182,"caption":"Radio Touring 104"},"image":{"@id":"https:\/\/progettotouring.it\/radiotouring104\/#\/schema\/logo\/image\/"}},{"@type":"Person","@id":"https:\/\/progettotouring.it\/radiotouring104\/#\/schema\/person\/78613917f1851f041f7483f5af1d422e","name":"Sebastiano Plutino","image":{"@type":"ImageObject","inLanguage":"it-IT","@id":"https:\/\/secure.gravatar.com\/avatar\/0546ffaa9b79224faf9f2a156b67a529ae861d3287c66c1d8ccfdf909bcba78d?s=96&d=mm&r=g","url":"https:\/\/secure.gravatar.com\/avatar\/0546ffaa9b79224faf9f2a156b67a529ae861d3287c66c1d8ccfdf909bcba78d?s=96&d=mm&r=g","contentUrl":"https:\/\/secure.gravatar.com\/avatar\/0546ffaa9b79224faf9f2a156b67a529ae861d3287c66c1d8ccfdf909bcba78d?s=96&d=mm&r=g","caption":"Sebastiano Plutino"},"url":"https:\/\/progettotouring.it\/radiotouring104\/author\/sebastiano\/"}]}},"jetpack_publicize_connections":[],"jetpack_featured_media_url":"https:\/\/progettotouring.it\/radiotouring104\/wp-content\/uploads\/sites\/6\/2024\/09\/Latella-Bonn-Rotary-RC-scaled.jpg","jetpack_sharing_enabled":true,"_links":{"self":[{"href":"https:\/\/progettotouring.it\/radiotouring104\/wp-json\/wp\/v2\/posts\/57614","targetHints":{"allow":["GET"]}}],"collection":[{"href":"https:\/\/progettotouring.it\/radiotouring104\/wp-json\/wp\/v2\/posts"}],"about":[{"href":"https:\/\/progettotouring.it\/radiotouring104\/wp-json\/wp\/v2\/types\/post"}],"author":[{"embeddable":true,"href":"https:\/\/progettotouring.it\/radiotouring104\/wp-json\/wp\/v2\/users\/12"}],"replies":[{"embeddable":true,"href":"https:\/\/progettotouring.it\/radiotouring104\/wp-json\/wp\/v2\/comments?post=57614"}],"version-history":[{"count":1,"href":"https:\/\/progettotouring.it\/radiotouring104\/wp-json\/wp\/v2\/posts\/57614\/revisions"}],"predecessor-version":[{"id":57616,"href":"https:\/\/progettotouring.it\/radiotouring104\/wp-json\/wp\/v2\/posts\/57614\/revisions\/57616"}],"wp:featuredmedia":[{"embeddable":true,"href":"https:\/\/progettotouring.it\/radiotouring104\/wp-json\/wp\/v2\/media\/57615"}],"wp:attachment":[{"href":"https:\/\/progettotouring.it\/radiotouring104\/wp-json\/wp\/v2\/media?parent=57614"}],"wp:term":[{"taxonomy":"category","embeddable":true,"href":"https:\/\/progettotouring.it\/radiotouring104\/wp-json\/wp\/v2\/categories?post=57614"},{"taxonomy":"post_tag","embeddable":true,"href":"https:\/\/progettotouring.it\/radiotouring104\/wp-json\/wp\/v2\/tags?post=57614"}],"curies":[{"name":"wp","href":"https:\/\/api.w.org\/{rel}","templated":true}]}}