{"id":57620,"date":"2024-09-12T11:31:54","date_gmt":"2024-09-12T09:31:54","guid":{"rendered":"https:\/\/progettotouring.it\/radiotouring104\/?p=57620"},"modified":"2024-09-12T11:31:54","modified_gmt":"2024-09-12T09:31:54","slug":"pititto-cigl-trasferimento-funzioni-da-regione-a-metrocity-in-tempi-rapidi","status":"publish","type":"post","link":"https:\/\/progettotouring.it\/radiotouring104\/2024\/09\/12\/pititto-cigl-trasferimento-funzioni-da-regione-a-metrocity-in-tempi-rapidi\/","title":{"rendered":"Pititto (Cigl): &#8220;Trasferimento funzioni da Regione a Metrocity in tempi rapidi&#8221;"},"content":{"rendered":"<p style=\"text-align: justify\"><em>\u201cForte preoccupazione destano i ritardi e le tante incognite legate al processo di trasferimento delle funzioni dalla Regione Calabria alla Citt\u00e0 Metropolitana di Reggio Calabria. \u00c8 fondamentale che questo percorso non subisca ulteriori rallentamenti e che si giunga tempestivamente a una piena attuazione con tutti i mezzi necessari a garantirne l\u2019efficacia e l\u2019efficienza.\u201d,<\/em>\u00a0<strong>afferma in una nota il Segretario Generale della CGIL Area Metropolitana Reggio Calabria.<\/strong><\/p>\n<p style=\"text-align: justify\"><em>\u201cAbbiamo accolto positivamente <strong>&#8211;<\/strong><\/em><strong> afferma il Segretario Generale Gregorio Pititto<\/strong> &#8211;<em> la notizia dell\u2019avvio degli incontri bilaterali tra i rappresentanti della Regione e quelli della Citt\u00e0 Metropolitana, in quanto l\u2019obiettivo principale deve essere il miglioramento dei servizi per i cittadini e la garanzia di una gestione pi\u00f9 vicina al territorio. \u00c8 cruciale, al contempo, che questo trasferimento avvenga con la massima urgenza, poich\u00e9 ogni ritardo rischia di compromettere la qualit\u00e0 dei servizi pubblici e la capacit\u00e0 delle istituzioni di rispondere ai bisogni dei lavoratori e dei cittadini che attendono riscontri concreti e attendibili.\u201d<\/em><\/p>\n<p style=\"text-align: justify\"><em>\u201cAlcuni punti sono certamente strategici e vanno attenzionati con particolare meticolosit\u00e0\u201d &#8211;<\/em> riflette il vertice della CGIL.<\/p>\n<p style=\"text-align: justify\"><em>\u201cDi primaria importanza riteniamo<\/em> &#8211;<strong> continua Pititto<\/strong><em> &#8211; sia la rapidit\u00e0 nella definizione dell\u2019accordo, e che gi\u00e0 inizialmente il cronoprogramma che vedr\u00e0 i due Enti impegnati nella discussione delle molteplici materie sia rispettato e concluso come da data prestabilita del 13 settembre, senza ulteriori rinvii. Il trasferimento delle funzioni, naturalmente, non potr\u00e0 essere meramente formale, si rischierebbe di generare solo nuove criticit\u00e0 operative, ma la Regione Calabria dovr\u00e0 assicurare alla Citt\u00e0 Metropolitana risorse economiche adeguate per garantire il funzionamento delle nuove competenze.<\/em><\/p>\n<p style=\"text-align: justify\"><em>\u201cUna riflessione va sicuramente incentrata sul bisogno inevitabile di un aumento di personale qualificato e sui percorsi di formazione di quello attuale, affinch\u00e9 tutti siano in grado di gestire le nuove responsabilit\u00e0 in modo efficace e professionale. Prevedere, dunque, gi\u00e0 da adesso nuove assunzioni, e nell\u2019eventualit\u00e0 di un trasferimento di personale, questo dovr\u00e0 essere assolutamente gestito con il coinvolgimento delle organizzazioni sindacali nelle fasi decisionali e operative al fine di garantire che i diritti dei lavoratori siano pienamente tutelati e che il processo avvenga in maniera trasparente e condivisa.\u201d<\/em><\/p>\n<p style=\"text-align: justify\"><em>\u201cIl processo in atto \u00e8 di rilevanza storica &#8211;<\/em><strong> aggiunge<\/strong> &#8211; <em>mira come ben sappiamo a salvaguardare dei servizi essenziali, funzioni vitali per il benessere collettivo, come la gestione delle risorse idriche, i servizi sociali, la protezione civile, la viabilit\u00e0 e i trasporti, che non possono essere lasciati in una situazione di incertezza. Il nostro augurio \u00e8 che si proceda con decisione e concretezza per garantire la continuit\u00e0 e il miglioramento di questi servizi.\u201d<\/em><\/p>\n<p style=\"text-align: justify\"><em>\u201cLa CGIL continuer\u00e0 a vigilare in quanto le decisioni prese nei prossimi giorni segneranno il futuro della governance locale e della qualit\u00e0 dei servizi per i cittadini. Le istituzioni competenti <strong>&#8211;<\/strong><\/em><strong> chiosa Gregorio Pititto<\/strong> &#8211; <em>accelerino le operazioni necessarie a questo importante passaggio per il bene del territorio e dei suoi abitanti.\u201d<\/em><\/p>\n","protected":false},"excerpt":{"rendered":"<p>\u201cForte preoccupazione destano i ritardi e le tante incognite legate al processo di trasferimento delle funzioni dalla Regione Calabria alla Citt\u00e0 Metropolitana di Reggio Calabria. \u00c8 fondamentale che questo percorso&hellip;<\/p>\n","protected":false},"author":12,"featured_media":28992,"comment_status":"closed","ping_status":"open","sticky":false,"template":"","format":"standard","meta":{"_jetpack_memberships_contains_paid_content":false,"footnotes":"","jetpack_publicize_message":"","jetpack_publicize_feature_enabled":true,"jetpack_social_post_already_shared":false,"jetpack_social_options":{"image_generator_settings":{"template":"highway","default_image_id":0,"font":"","enabled":false},"version":2}},"categories":[921,196,140],"tags":[11939,2991,35329,35328],"class_list":["post-57620","post","type-post","status-publish","format-standard","has-post-thumbnail","hentry","category-home","category-news","category-reggio-calabria","tag-cigl-area-metropolitana-reggio-calabria","tag-gregorio-pititto","tag-tempi-rapidi","tag-trasfeimento-funzioni-regione-metrocity"],"yoast_head":"<!-- This site is optimized with the Yoast SEO plugin v27.2 - https:\/\/yoast.com\/product\/yoast-seo-wordpress\/ -->\n<title>Pititto: &quot;Trasferimento funzioni Regione-Metrocity in tempi rapidi&quot;<\/title>\n<meta name=\"description\" content=\"il Segretario Generale della CGIL Rc chiede che il trasferimento delle funzioni dalla Regione a Metrocity avvenga in tempi rapidi\" \/>\n<meta name=\"robots\" content=\"index, follow, max-snippet:-1, max-image-preview:large, max-video-preview:-1\" \/>\n<link rel=\"canonical\" href=\"https:\/\/progettotouring.it\/radiotouring104\/2024\/09\/12\/pititto-cigl-trasferimento-funzioni-da-regione-a-metrocity-in-tempi-rapidi\/\" \/>\n<meta property=\"og:locale\" content=\"it_IT\" \/>\n<meta property=\"og:type\" content=\"article\" \/>\n<meta property=\"og:title\" content=\"Pititto: &quot;Trasferimento funzioni Regione-Metrocity in tempi rapidi&quot;\" \/>\n<meta property=\"og:description\" content=\"il Segretario Generale della CGIL Rc chiede che il trasferimento delle funzioni dalla Regione a Metrocity avvenga in tempi rapidi\" \/>\n<meta property=\"og:url\" content=\"https:\/\/progettotouring.it\/radiotouring104\/2024\/09\/12\/pititto-cigl-trasferimento-funzioni-da-regione-a-metrocity-in-tempi-rapidi\/\" \/>\n<meta property=\"og:site_name\" content=\"Radio Touring 104\" \/>\n<meta property=\"article:published_time\" content=\"2024-09-12T09:31:54+00:00\" \/>\n<meta property=\"og:image\" content=\"https:\/\/progettotouring.it\/radiotouring104\/wp-content\/uploads\/sites\/6\/2023\/06\/gregorio-pititto.jpg\" \/>\n\t<meta property=\"og:image:width\" content=\"526\" \/>\n\t<meta property=\"og:image:height\" content=\"572\" \/>\n\t<meta property=\"og:image:type\" content=\"image\/jpeg\" \/>\n<meta name=\"author\" content=\"Sebastiano Plutino\" \/>\n<meta name=\"twitter:card\" content=\"summary_large_image\" \/>\n<meta name=\"twitter:label1\" content=\"Scritto da\" \/>\n\t<meta name=\"twitter:data1\" content=\"Sebastiano Plutino\" \/>\n\t<meta name=\"twitter:label2\" content=\"Tempo di lettura stimato\" \/>\n\t<meta name=\"twitter:data2\" content=\"2 minuti\" \/>\n<script type=\"application\/ld+json\" class=\"yoast-schema-graph\">{\"@context\":\"https:\/\/schema.org\",\"@graph\":[{\"@type\":\"Article\",\"@id\":\"https:\/\/progettotouring.it\/radiotouring104\/2024\/09\/12\/pititto-cigl-trasferimento-funzioni-da-regione-a-metrocity-in-tempi-rapidi\/#article\",\"isPartOf\":{\"@id\":\"https:\/\/progettotouring.it\/radiotouring104\/2024\/09\/12\/pititto-cigl-trasferimento-funzioni-da-regione-a-metrocity-in-tempi-rapidi\/\"},\"author\":{\"name\":\"Sebastiano Plutino\",\"@id\":\"https:\/\/progettotouring.it\/radiotouring104\/#\/schema\/person\/78613917f1851f041f7483f5af1d422e\"},\"headline\":\"Pititto (Cigl): &#8220;Trasferimento funzioni da Regione a Metrocity in tempi rapidi&#8221;\",\"datePublished\":\"2024-09-12T09:31:54+00:00\",\"mainEntityOfPage\":{\"@id\":\"https:\/\/progettotouring.it\/radiotouring104\/2024\/09\/12\/pititto-cigl-trasferimento-funzioni-da-regione-a-metrocity-in-tempi-rapidi\/\"},\"wordCount\":485,\"publisher\":{\"@id\":\"https:\/\/progettotouring.it\/radiotouring104\/#organization\"},\"image\":{\"@id\":\"https:\/\/progettotouring.it\/radiotouring104\/2024\/09\/12\/pititto-cigl-trasferimento-funzioni-da-regione-a-metrocity-in-tempi-rapidi\/#primaryimage\"},\"thumbnailUrl\":\"https:\/\/progettotouring.it\/radiotouring104\/wp-content\/uploads\/sites\/6\/2023\/06\/gregorio-pititto.jpg\",\"keywords\":[\"Cigl Area Metropolitana Reggio Calabria\",\"gregorio pititto\",\"tempi rapidi\",\"trasfeimento funzioni Regione Metrocity\"],\"articleSection\":[\"Home\",\"News\",\"Reggio Calabria\"],\"inLanguage\":\"it-IT\"},{\"@type\":\"WebPage\",\"@id\":\"https:\/\/progettotouring.it\/radiotouring104\/2024\/09\/12\/pititto-cigl-trasferimento-funzioni-da-regione-a-metrocity-in-tempi-rapidi\/\",\"url\":\"https:\/\/progettotouring.it\/radiotouring104\/2024\/09\/12\/pititto-cigl-trasferimento-funzioni-da-regione-a-metrocity-in-tempi-rapidi\/\",\"name\":\"Pititto: \\\"Trasferimento funzioni Regione-Metrocity in tempi rapidi\\\"\",\"isPartOf\":{\"@id\":\"https:\/\/progettotouring.it\/radiotouring104\/#website\"},\"primaryImageOfPage\":{\"@id\":\"https:\/\/progettotouring.it\/radiotouring104\/2024\/09\/12\/pititto-cigl-trasferimento-funzioni-da-regione-a-metrocity-in-tempi-rapidi\/#primaryimage\"},\"image\":{\"@id\":\"https:\/\/progettotouring.it\/radiotouring104\/2024\/09\/12\/pititto-cigl-trasferimento-funzioni-da-regione-a-metrocity-in-tempi-rapidi\/#primaryimage\"},\"thumbnailUrl\":\"https:\/\/progettotouring.it\/radiotouring104\/wp-content\/uploads\/sites\/6\/2023\/06\/gregorio-pititto.jpg\",\"datePublished\":\"2024-09-12T09:31:54+00:00\",\"description\":\"il Segretario Generale della CGIL Rc chiede che il trasferimento delle funzioni dalla Regione a Metrocity avvenga in tempi rapidi\",\"breadcrumb\":{\"@id\":\"https:\/\/progettotouring.it\/radiotouring104\/2024\/09\/12\/pititto-cigl-trasferimento-funzioni-da-regione-a-metrocity-in-tempi-rapidi\/#breadcrumb\"},\"inLanguage\":\"it-IT\",\"potentialAction\":[{\"@type\":\"ReadAction\",\"target\":[\"https:\/\/progettotouring.it\/radiotouring104\/2024\/09\/12\/pititto-cigl-trasferimento-funzioni-da-regione-a-metrocity-in-tempi-rapidi\/\"]}]},{\"@type\":\"ImageObject\",\"inLanguage\":\"it-IT\",\"@id\":\"https:\/\/progettotouring.it\/radiotouring104\/2024\/09\/12\/pititto-cigl-trasferimento-funzioni-da-regione-a-metrocity-in-tempi-rapidi\/#primaryimage\",\"url\":\"https:\/\/progettotouring.it\/radiotouring104\/wp-content\/uploads\/sites\/6\/2023\/06\/gregorio-pititto.jpg\",\"contentUrl\":\"https:\/\/progettotouring.it\/radiotouring104\/wp-content\/uploads\/sites\/6\/2023\/06\/gregorio-pititto.jpg\",\"width\":526,\"height\":572},{\"@type\":\"BreadcrumbList\",\"@id\":\"https:\/\/progettotouring.it\/radiotouring104\/2024\/09\/12\/pititto-cigl-trasferimento-funzioni-da-regione-a-metrocity-in-tempi-rapidi\/#breadcrumb\",\"itemListElement\":[{\"@type\":\"ListItem\",\"position\":1,\"name\":\"Home\",\"item\":\"https:\/\/progettotouring.it\/radiotouring104\/\"},{\"@type\":\"ListItem\",\"position\":2,\"name\":\"Pititto (Cigl): &#8220;Trasferimento funzioni da Regione a Metrocity in tempi rapidi&#8221;\"}]},{\"@type\":\"WebSite\",\"@id\":\"https:\/\/progettotouring.it\/radiotouring104\/#website\",\"url\":\"https:\/\/progettotouring.it\/radiotouring104\/\",\"name\":\"Radio Touring 104\",\"description\":\"La prima radio Reggina\",\"publisher\":{\"@id\":\"https:\/\/progettotouring.it\/radiotouring104\/#organization\"},\"potentialAction\":[{\"@type\":\"SearchAction\",\"target\":{\"@type\":\"EntryPoint\",\"urlTemplate\":\"https:\/\/progettotouring.it\/radiotouring104\/?s={search_term_string}\"},\"query-input\":{\"@type\":\"PropertyValueSpecification\",\"valueRequired\":true,\"valueName\":\"search_term_string\"}}],\"inLanguage\":\"it-IT\"},{\"@type\":\"Organization\",\"@id\":\"https:\/\/progettotouring.it\/radiotouring104\/#organization\",\"name\":\"Radio Touring 104\",\"url\":\"https:\/\/progettotouring.it\/radiotouring104\/\",\"logo\":{\"@type\":\"ImageObject\",\"inLanguage\":\"it-IT\",\"@id\":\"https:\/\/progettotouring.it\/radiotouring104\/#\/schema\/logo\/image\/\",\"url\":\"https:\/\/progettotouring.it\/radiotouring104\/wp-content\/uploads\/sites\/6\/2022\/02\/cropped-logo-radio-touring-104.png\",\"contentUrl\":\"https:\/\/progettotouring.it\/radiotouring104\/wp-content\/uploads\/sites\/6\/2022\/02\/cropped-logo-radio-touring-104.png\",\"width\":377,\"height\":182,\"caption\":\"Radio Touring 104\"},\"image\":{\"@id\":\"https:\/\/progettotouring.it\/radiotouring104\/#\/schema\/logo\/image\/\"}},{\"@type\":\"Person\",\"@id\":\"https:\/\/progettotouring.it\/radiotouring104\/#\/schema\/person\/78613917f1851f041f7483f5af1d422e\",\"name\":\"Sebastiano Plutino\",\"image\":{\"@type\":\"ImageObject\",\"inLanguage\":\"it-IT\",\"@id\":\"https:\/\/secure.gravatar.com\/avatar\/0546ffaa9b79224faf9f2a156b67a529ae861d3287c66c1d8ccfdf909bcba78d?s=96&d=mm&r=g\",\"url\":\"https:\/\/secure.gravatar.com\/avatar\/0546ffaa9b79224faf9f2a156b67a529ae861d3287c66c1d8ccfdf909bcba78d?s=96&d=mm&r=g\",\"contentUrl\":\"https:\/\/secure.gravatar.com\/avatar\/0546ffaa9b79224faf9f2a156b67a529ae861d3287c66c1d8ccfdf909bcba78d?s=96&d=mm&r=g\",\"caption\":\"Sebastiano Plutino\"},\"url\":\"https:\/\/progettotouring.it\/radiotouring104\/author\/sebastiano\/\"}]}<\/script>\n<!-- \/ Yoast SEO plugin. -->","yoast_head_json":{"title":"Pititto: \"Trasferimento funzioni Regione-Metrocity in tempi rapidi\"","description":"il Segretario Generale della CGIL Rc chiede che il trasferimento delle funzioni dalla Regione a Metrocity avvenga in tempi rapidi","robots":{"index":"index","follow":"follow","max-snippet":"max-snippet:-1","max-image-preview":"max-image-preview:large","max-video-preview":"max-video-preview:-1"},"canonical":"https:\/\/progettotouring.it\/radiotouring104\/2024\/09\/12\/pititto-cigl-trasferimento-funzioni-da-regione-a-metrocity-in-tempi-rapidi\/","og_locale":"it_IT","og_type":"article","og_title":"Pititto: \"Trasferimento funzioni Regione-Metrocity in tempi rapidi\"","og_description":"il Segretario Generale della CGIL Rc chiede che il trasferimento delle funzioni dalla Regione a Metrocity avvenga in tempi rapidi","og_url":"https:\/\/progettotouring.it\/radiotouring104\/2024\/09\/12\/pititto-cigl-trasferimento-funzioni-da-regione-a-metrocity-in-tempi-rapidi\/","og_site_name":"Radio Touring 104","article_published_time":"2024-09-12T09:31:54+00:00","og_image":[{"width":526,"height":572,"url":"https:\/\/progettotouring.it\/radiotouring104\/wp-content\/uploads\/sites\/6\/2023\/06\/gregorio-pititto.jpg","type":"image\/jpeg"}],"author":"Sebastiano Plutino","twitter_card":"summary_large_image","twitter_misc":{"Scritto da":"Sebastiano Plutino","Tempo di lettura stimato":"2 minuti"},"schema":{"@context":"https:\/\/schema.org","@graph":[{"@type":"Article","@id":"https:\/\/progettotouring.it\/radiotouring104\/2024\/09\/12\/pititto-cigl-trasferimento-funzioni-da-regione-a-metrocity-in-tempi-rapidi\/#article","isPartOf":{"@id":"https:\/\/progettotouring.it\/radiotouring104\/2024\/09\/12\/pititto-cigl-trasferimento-funzioni-da-regione-a-metrocity-in-tempi-rapidi\/"},"author":{"name":"Sebastiano Plutino","@id":"https:\/\/progettotouring.it\/radiotouring104\/#\/schema\/person\/78613917f1851f041f7483f5af1d422e"},"headline":"Pititto (Cigl): &#8220;Trasferimento funzioni da Regione a Metrocity in tempi rapidi&#8221;","datePublished":"2024-09-12T09:31:54+00:00","mainEntityOfPage":{"@id":"https:\/\/progettotouring.it\/radiotouring104\/2024\/09\/12\/pititto-cigl-trasferimento-funzioni-da-regione-a-metrocity-in-tempi-rapidi\/"},"wordCount":485,"publisher":{"@id":"https:\/\/progettotouring.it\/radiotouring104\/#organization"},"image":{"@id":"https:\/\/progettotouring.it\/radiotouring104\/2024\/09\/12\/pititto-cigl-trasferimento-funzioni-da-regione-a-metrocity-in-tempi-rapidi\/#primaryimage"},"thumbnailUrl":"https:\/\/progettotouring.it\/radiotouring104\/wp-content\/uploads\/sites\/6\/2023\/06\/gregorio-pititto.jpg","keywords":["Cigl Area Metropolitana Reggio Calabria","gregorio pititto","tempi rapidi","trasfeimento funzioni Regione Metrocity"],"articleSection":["Home","News","Reggio Calabria"],"inLanguage":"it-IT"},{"@type":"WebPage","@id":"https:\/\/progettotouring.it\/radiotouring104\/2024\/09\/12\/pititto-cigl-trasferimento-funzioni-da-regione-a-metrocity-in-tempi-rapidi\/","url":"https:\/\/progettotouring.it\/radiotouring104\/2024\/09\/12\/pititto-cigl-trasferimento-funzioni-da-regione-a-metrocity-in-tempi-rapidi\/","name":"Pititto: \"Trasferimento funzioni Regione-Metrocity in tempi rapidi\"","isPartOf":{"@id":"https:\/\/progettotouring.it\/radiotouring104\/#website"},"primaryImageOfPage":{"@id":"https:\/\/progettotouring.it\/radiotouring104\/2024\/09\/12\/pititto-cigl-trasferimento-funzioni-da-regione-a-metrocity-in-tempi-rapidi\/#primaryimage"},"image":{"@id":"https:\/\/progettotouring.it\/radiotouring104\/2024\/09\/12\/pititto-cigl-trasferimento-funzioni-da-regione-a-metrocity-in-tempi-rapidi\/#primaryimage"},"thumbnailUrl":"https:\/\/progettotouring.it\/radiotouring104\/wp-content\/uploads\/sites\/6\/2023\/06\/gregorio-pititto.jpg","datePublished":"2024-09-12T09:31:54+00:00","description":"il Segretario Generale della CGIL Rc chiede che il trasferimento delle funzioni dalla Regione a Metrocity avvenga in tempi rapidi","breadcrumb":{"@id":"https:\/\/progettotouring.it\/radiotouring104\/2024\/09\/12\/pititto-cigl-trasferimento-funzioni-da-regione-a-metrocity-in-tempi-rapidi\/#breadcrumb"},"inLanguage":"it-IT","potentialAction":[{"@type":"ReadAction","target":["https:\/\/progettotouring.it\/radiotouring104\/2024\/09\/12\/pititto-cigl-trasferimento-funzioni-da-regione-a-metrocity-in-tempi-rapidi\/"]}]},{"@type":"ImageObject","inLanguage":"it-IT","@id":"https:\/\/progettotouring.it\/radiotouring104\/2024\/09\/12\/pititto-cigl-trasferimento-funzioni-da-regione-a-metrocity-in-tempi-rapidi\/#primaryimage","url":"https:\/\/progettotouring.it\/radiotouring104\/wp-content\/uploads\/sites\/6\/2023\/06\/gregorio-pititto.jpg","contentUrl":"https:\/\/progettotouring.it\/radiotouring104\/wp-content\/uploads\/sites\/6\/2023\/06\/gregorio-pititto.jpg","width":526,"height":572},{"@type":"BreadcrumbList","@id":"https:\/\/progettotouring.it\/radiotouring104\/2024\/09\/12\/pititto-cigl-trasferimento-funzioni-da-regione-a-metrocity-in-tempi-rapidi\/#breadcrumb","itemListElement":[{"@type":"ListItem","position":1,"name":"Home","item":"https:\/\/progettotouring.it\/radiotouring104\/"},{"@type":"ListItem","position":2,"name":"Pititto (Cigl): &#8220;Trasferimento funzioni da Regione a Metrocity in tempi rapidi&#8221;"}]},{"@type":"WebSite","@id":"https:\/\/progettotouring.it\/radiotouring104\/#website","url":"https:\/\/progettotouring.it\/radiotouring104\/","name":"Radio Touring 104","description":"La prima radio Reggina","publisher":{"@id":"https:\/\/progettotouring.it\/radiotouring104\/#organization"},"potentialAction":[{"@type":"SearchAction","target":{"@type":"EntryPoint","urlTemplate":"https:\/\/progettotouring.it\/radiotouring104\/?s={search_term_string}"},"query-input":{"@type":"PropertyValueSpecification","valueRequired":true,"valueName":"search_term_string"}}],"inLanguage":"it-IT"},{"@type":"Organization","@id":"https:\/\/progettotouring.it\/radiotouring104\/#organization","name":"Radio Touring 104","url":"https:\/\/progettotouring.it\/radiotouring104\/","logo":{"@type":"ImageObject","inLanguage":"it-IT","@id":"https:\/\/progettotouring.it\/radiotouring104\/#\/schema\/logo\/image\/","url":"https:\/\/progettotouring.it\/radiotouring104\/wp-content\/uploads\/sites\/6\/2022\/02\/cropped-logo-radio-touring-104.png","contentUrl":"https:\/\/progettotouring.it\/radiotouring104\/wp-content\/uploads\/sites\/6\/2022\/02\/cropped-logo-radio-touring-104.png","width":377,"height":182,"caption":"Radio Touring 104"},"image":{"@id":"https:\/\/progettotouring.it\/radiotouring104\/#\/schema\/logo\/image\/"}},{"@type":"Person","@id":"https:\/\/progettotouring.it\/radiotouring104\/#\/schema\/person\/78613917f1851f041f7483f5af1d422e","name":"Sebastiano Plutino","image":{"@type":"ImageObject","inLanguage":"it-IT","@id":"https:\/\/secure.gravatar.com\/avatar\/0546ffaa9b79224faf9f2a156b67a529ae861d3287c66c1d8ccfdf909bcba78d?s=96&d=mm&r=g","url":"https:\/\/secure.gravatar.com\/avatar\/0546ffaa9b79224faf9f2a156b67a529ae861d3287c66c1d8ccfdf909bcba78d?s=96&d=mm&r=g","contentUrl":"https:\/\/secure.gravatar.com\/avatar\/0546ffaa9b79224faf9f2a156b67a529ae861d3287c66c1d8ccfdf909bcba78d?s=96&d=mm&r=g","caption":"Sebastiano Plutino"},"url":"https:\/\/progettotouring.it\/radiotouring104\/author\/sebastiano\/"}]}},"jetpack_publicize_connections":[],"jetpack_featured_media_url":"https:\/\/progettotouring.it\/radiotouring104\/wp-content\/uploads\/sites\/6\/2023\/06\/gregorio-pititto.jpg","jetpack_sharing_enabled":true,"_links":{"self":[{"href":"https:\/\/progettotouring.it\/radiotouring104\/wp-json\/wp\/v2\/posts\/57620","targetHints":{"allow":["GET"]}}],"collection":[{"href":"https:\/\/progettotouring.it\/radiotouring104\/wp-json\/wp\/v2\/posts"}],"about":[{"href":"https:\/\/progettotouring.it\/radiotouring104\/wp-json\/wp\/v2\/types\/post"}],"author":[{"embeddable":true,"href":"https:\/\/progettotouring.it\/radiotouring104\/wp-json\/wp\/v2\/users\/12"}],"replies":[{"embeddable":true,"href":"https:\/\/progettotouring.it\/radiotouring104\/wp-json\/wp\/v2\/comments?post=57620"}],"version-history":[{"count":1,"href":"https:\/\/progettotouring.it\/radiotouring104\/wp-json\/wp\/v2\/posts\/57620\/revisions"}],"predecessor-version":[{"id":57621,"href":"https:\/\/progettotouring.it\/radiotouring104\/wp-json\/wp\/v2\/posts\/57620\/revisions\/57621"}],"wp:featuredmedia":[{"embeddable":true,"href":"https:\/\/progettotouring.it\/radiotouring104\/wp-json\/wp\/v2\/media\/28992"}],"wp:attachment":[{"href":"https:\/\/progettotouring.it\/radiotouring104\/wp-json\/wp\/v2\/media?parent=57620"}],"wp:term":[{"taxonomy":"category","embeddable":true,"href":"https:\/\/progettotouring.it\/radiotouring104\/wp-json\/wp\/v2\/categories?post=57620"},{"taxonomy":"post_tag","embeddable":true,"href":"https:\/\/progettotouring.it\/radiotouring104\/wp-json\/wp\/v2\/tags?post=57620"}],"curies":[{"name":"wp","href":"https:\/\/api.w.org\/{rel}","templated":true}]}}