{"id":57639,"date":"2024-09-12T12:42:12","date_gmt":"2024-09-12T10:42:12","guid":{"rendered":"https:\/\/progettotouring.it\/radiotouring104\/?p=57639"},"modified":"2024-09-12T12:42:12","modified_gmt":"2024-09-12T10:42:12","slug":"lamezia-domani-e-sabato-congresso-regionale-dellassociazione-nazionale-dentisti-italiani-andi-calabria","status":"publish","type":"post","link":"https:\/\/progettotouring.it\/radiotouring104\/2024\/09\/12\/lamezia-domani-e-sabato-congresso-regionale-dellassociazione-nazionale-dentisti-italiani-andi-calabria\/","title":{"rendered":"Lamezia: domani e sabato congresso regionale dell\u2019Associazione Nazionale Dentisti Italiani (ANDI) Calabria."},"content":{"rendered":"<p class=\"xmprfx_MsoNormal\" style=\"text-align: justify\">Domani, venerd\u00ec 13 e sabato 14 settembre 2024, il T-Hotel di Lamezia Terme ospiter\u00e0 il Congresso Regionale dell\u2019Associazione Nazionale Dentisti Italiani (ANDI) Calabria, intitolato \u201cAgire con competenza nella pratica clinica\u201d. Questo prestigioso evento, organizzato in collaborazione con le Commissioni Albo Odontoiatri della Calabria, si conferma come un appuntamento annuale di riferimento per il mondo odontoiatrico regionale e nazionale.<\/p>\n<p class=\"xmprfx_MsoNormal\" style=\"text-align: justify\">La cerimonia di inaugurazione, che avr\u00e0 inizio alle 14.30, sar\u00e0 presieduta da Salvatore De Filippo, Responsabile Scientifico del Congresso, affiancato nella presidenza da Giuseppe Guarnieri, presidente dell\u2019Albo odontoiatri della Calabria.<\/p>\n<p class=\"xmprfx_MsoNormal\" style=\"text-align: justify\">L\u2019obiettivo del congresso regionale \u00e8 quello di promuovere l\u2019innovazione tecnologica e migliorare la qualit\u00e0 dell\u2019assistenza odontoiatrica, con un focus particolare sulla pratica clinica quotidiana.<\/p>\n<p class=\"xmprfx_MsoNormal\" style=\"text-align: justify\">Durante l&#8217;apertura del Congresso, si svolgeranno i saluti istituzionali e sar\u00e0 effettuata la premiazione di quattro presidenti calabresi di societ\u00e0 scientifiche nazionali: Aldo Giancotti, Presidente nazionale SIDO; Nicola Grande, Presidente nazionale AIE; Francesco Cairo, Presidente nazionale SIDP; e Teresa Lombardi, Presidente nazionale IPA. Questi leader del settore, con il loro operato, contribuiscono a elevare il prestigio della nostra regione nel panorama odontoiatrico. Una iniziativa questa, fortemente voluta dal dottor Enrico Cataneo, sottosegretario culturale nazionale Andi.<\/p>\n<p class=\"xmprfx_MsoNormal\" style=\"text-align: justify\">Alle 15.00, si terr\u00e0 una tavola rotonda introdotta e moderata da Norberto Maccagno, Direttore Editoriale di \u201cOdontoiatria 33\u201d, dal titolo &#8220;La Sostenibilit\u00e0 della Spesa in Odontoiatria. Un Patto fra Odontoiatri e Pazienti&#8221;. Alla discussione parteciperanno Carlo Ghirlanda, Presidente Nazionale ANDI; Raffaele Iandolo, Presidente Nazionale CAO; Giampiero Malagnino, Vice Presidente ENPAM; e Giuseppe Guarnieri, Presidente Coordinamento Albi Odontoiatri Calabria. I moderatori della tavola rotonda saranno Giovanni Rubino, Maria Vittoria Del Console e Fabio Scarcella.<\/p>\n<p class=\"xmprfx_MsoNormal\" style=\"text-align: justify\">Il programma scientifico dell\u2019evento prevede una serie di attivit\u00e0 di alto livello. La giornata di venerd\u00ec 13 settembre inizier\u00e0 con workshop e sessioni scientifiche interattive, inclusi corsi specializzati per assistenti di studio odontoiatrico e uno spazio di approfondimento sindacale curato da ANDI Calabria. Il pomeriggio sar\u00e0 dedicato alla tavola rotonda, seguita da una sessione plenaria di aggiornamento scientifico che proseguir\u00e0 fino a sabato 14 settembre.<\/p>\n<p class=\"xmprfx_MsoNormal\" style=\"text-align: justify\">L\u2019obiettivo del congresso regionale \u00e8 quello di promuovere l\u2019innovazione tecnologica e migliorare la qualit\u00e0 dell\u2019assistenza odontoiatrica, con un focus particolare sulla pratica clinica quotidiana.<\/p>\n<p class=\"xmprfx_MsoNormal\" style=\"text-align: justify\">Il Congresso Regionale ANDI Calabria \u00e8 quindi un\u2019importante occasione di confronto per la crescita professionale e per il rafforzamento della comunit\u00e0 odontoiatrica, mirando a una maggiore qualit\u00e0 dell\u2019assistenza e a un miglioramento complessivo della vita dei pazienti. \u00c8 da sottolineare che per tutta la durata del Convegno sar\u00e0 presente una postazione Enpam, dove i partecipanti potranno richiedere informazioni sulla loro posizione previdenziale.<\/p>\n<p class=\"xmprfx_MsoNormal\" style=\"text-align: justify\">Presidenti del Congresso: Salvatore De Filippo e Giuseppe Guarnieri; Comitato Scientifico: Enrico Cataneo, Corrado Bellezza, Natale Orlando e Salvatore De Filippo. Comitato Organizzativo: Direttivo ANDI Regione Calabria e Commissione Albo Odontoiatri di Catanzaro, Cosenza, Reggio Calabria, Vibo Valentia e Crotone.<\/p>\n<p class=\"xmprfx_MsoNormal\" style=\"text-align: justify\">Per ulteriori informazioni e iscrizioni, \u00e8 possibile visitare il sito ufficiale del Congresso\u00a0<a href=\"https:\/\/webmail.aruba.it\/smart\/congressotop.it\" target=\"_blank\" rel=\"noopener noreferrer\">Congresso ANDI Calabria 2024<\/a>\u00a0o contattare la segreteria organizzativa dell\u2019Agenzia Present&amp;Future, tel. + 0961.744565, e-mail:\u00a0<a target=\"_self\" rel=\"noopener\">arianna@presentfuture.it<\/a>.<\/p>\n","protected":false},"excerpt":{"rendered":"<p>Domani, venerd\u00ec 13 e sabato 14 settembre 2024, il T-Hotel di Lamezia Terme ospiter\u00e0 il Congresso Regionale dell\u2019Associazione Nazionale Dentisti Italiani (ANDI) Calabria, intitolato \u201cAgire con competenza nella pratica clinica\u201d.&hellip;<\/p>\n","protected":false},"author":12,"featured_media":57640,"comment_status":"closed","ping_status":"open","sticky":false,"template":"","format":"standard","meta":{"_jetpack_memberships_contains_paid_content":false,"footnotes":"","jetpack_publicize_message":"","jetpack_publicize_feature_enabled":true,"jetpack_social_post_already_shared":false,"jetpack_social_options":{"image_generator_settings":{"template":"highway","default_image_id":0,"font":"","enabled":false},"version":2}},"categories":[142,921,196,140],"tags":[35345,35344,3595,8699],"class_list":["post-57639","post","type-post","status-publish","format-standard","has-post-thumbnail","hentry","category-calabria","category-home","category-news","category-reggio-calabria","tag-associazione-nazionale-dentisti-italiani","tag-congresso-regionale","tag-lamezia","tag-t-hotel"],"yoast_head":"<!-- This site is optimized with the Yoast SEO plugin v27.2 - https:\/\/yoast.com\/product\/yoast-seo-wordpress\/ -->\n<title>Lamezia: domani e sabato congresso del (ANDI) Calabria.<\/title>\n<meta name=\"description\" content=\"Domani sabato il T-Hotel di Lamezia Terme ospiter\u00e0 il Congresso Regionale dell\u2019Associazione Nazionale Dentisti Italiani (ANDI) Calabria\" \/>\n<meta name=\"robots\" content=\"index, follow, max-snippet:-1, max-image-preview:large, max-video-preview:-1\" \/>\n<link rel=\"canonical\" href=\"https:\/\/progettotouring.it\/radiotouring104\/2024\/09\/12\/lamezia-domani-e-sabato-congresso-regionale-dellassociazione-nazionale-dentisti-italiani-andi-calabria\/\" \/>\n<meta property=\"og:locale\" content=\"it_IT\" \/>\n<meta property=\"og:type\" content=\"article\" \/>\n<meta property=\"og:title\" content=\"Lamezia: domani e sabato congresso del (ANDI) Calabria.\" \/>\n<meta property=\"og:description\" content=\"Domani sabato il T-Hotel di Lamezia Terme ospiter\u00e0 il Congresso Regionale dell\u2019Associazione Nazionale Dentisti Italiani (ANDI) Calabria\" \/>\n<meta property=\"og:url\" content=\"https:\/\/progettotouring.it\/radiotouring104\/2024\/09\/12\/lamezia-domani-e-sabato-congresso-regionale-dellassociazione-nazionale-dentisti-italiani-andi-calabria\/\" \/>\n<meta property=\"og:site_name\" content=\"Radio Touring 104\" \/>\n<meta property=\"article:published_time\" content=\"2024-09-12T10:42:12+00:00\" \/>\n<meta property=\"og:image\" content=\"https:\/\/progettotouring.it\/radiotouring104\/wp-content\/uploads\/sites\/6\/2024\/09\/Congresso-dentisti-Lamezia.jpg\" \/>\n\t<meta property=\"og:image:width\" content=\"1080\" \/>\n\t<meta property=\"og:image:height\" content=\"680\" \/>\n\t<meta property=\"og:image:type\" content=\"image\/jpeg\" \/>\n<meta name=\"author\" content=\"Sebastiano Plutino\" \/>\n<meta name=\"twitter:card\" content=\"summary_large_image\" \/>\n<meta name=\"twitter:label1\" content=\"Scritto da\" \/>\n\t<meta name=\"twitter:data1\" content=\"Sebastiano Plutino\" \/>\n\t<meta name=\"twitter:label2\" content=\"Tempo di lettura stimato\" \/>\n\t<meta name=\"twitter:data2\" content=\"2 minuti\" \/>\n<script type=\"application\/ld+json\" class=\"yoast-schema-graph\">{\"@context\":\"https:\/\/schema.org\",\"@graph\":[{\"@type\":\"Article\",\"@id\":\"https:\/\/progettotouring.it\/radiotouring104\/2024\/09\/12\/lamezia-domani-e-sabato-congresso-regionale-dellassociazione-nazionale-dentisti-italiani-andi-calabria\/#article\",\"isPartOf\":{\"@id\":\"https:\/\/progettotouring.it\/radiotouring104\/2024\/09\/12\/lamezia-domani-e-sabato-congresso-regionale-dellassociazione-nazionale-dentisti-italiani-andi-calabria\/\"},\"author\":{\"name\":\"Sebastiano Plutino\",\"@id\":\"https:\/\/progettotouring.it\/radiotouring104\/#\/schema\/person\/78613917f1851f041f7483f5af1d422e\"},\"headline\":\"Lamezia: domani e sabato congresso regionale dell\u2019Associazione Nazionale Dentisti Italiani (ANDI) Calabria.\",\"datePublished\":\"2024-09-12T10:42:12+00:00\",\"mainEntityOfPage\":{\"@id\":\"https:\/\/progettotouring.it\/radiotouring104\/2024\/09\/12\/lamezia-domani-e-sabato-congresso-regionale-dellassociazione-nazionale-dentisti-italiani-andi-calabria\/\"},\"wordCount\":493,\"publisher\":{\"@id\":\"https:\/\/progettotouring.it\/radiotouring104\/#organization\"},\"image\":{\"@id\":\"https:\/\/progettotouring.it\/radiotouring104\/2024\/09\/12\/lamezia-domani-e-sabato-congresso-regionale-dellassociazione-nazionale-dentisti-italiani-andi-calabria\/#primaryimage\"},\"thumbnailUrl\":\"https:\/\/progettotouring.it\/radiotouring104\/wp-content\/uploads\/sites\/6\/2024\/09\/Congresso-dentisti-Lamezia.jpg\",\"keywords\":[\"Associazione Nazionale Dentisti Italiani\",\"congresso regionale\",\"lamezia\",\"T Hotel.\"],\"articleSection\":[\"Calabria\",\"Home\",\"News\",\"Reggio Calabria\"],\"inLanguage\":\"it-IT\"},{\"@type\":\"WebPage\",\"@id\":\"https:\/\/progettotouring.it\/radiotouring104\/2024\/09\/12\/lamezia-domani-e-sabato-congresso-regionale-dellassociazione-nazionale-dentisti-italiani-andi-calabria\/\",\"url\":\"https:\/\/progettotouring.it\/radiotouring104\/2024\/09\/12\/lamezia-domani-e-sabato-congresso-regionale-dellassociazione-nazionale-dentisti-italiani-andi-calabria\/\",\"name\":\"Lamezia: domani e sabato congresso del (ANDI) Calabria.\",\"isPartOf\":{\"@id\":\"https:\/\/progettotouring.it\/radiotouring104\/#website\"},\"primaryImageOfPage\":{\"@id\":\"https:\/\/progettotouring.it\/radiotouring104\/2024\/09\/12\/lamezia-domani-e-sabato-congresso-regionale-dellassociazione-nazionale-dentisti-italiani-andi-calabria\/#primaryimage\"},\"image\":{\"@id\":\"https:\/\/progettotouring.it\/radiotouring104\/2024\/09\/12\/lamezia-domani-e-sabato-congresso-regionale-dellassociazione-nazionale-dentisti-italiani-andi-calabria\/#primaryimage\"},\"thumbnailUrl\":\"https:\/\/progettotouring.it\/radiotouring104\/wp-content\/uploads\/sites\/6\/2024\/09\/Congresso-dentisti-Lamezia.jpg\",\"datePublished\":\"2024-09-12T10:42:12+00:00\",\"description\":\"Domani sabato il T-Hotel di Lamezia Terme ospiter\u00e0 il Congresso Regionale dell\u2019Associazione Nazionale Dentisti Italiani (ANDI) Calabria\",\"breadcrumb\":{\"@id\":\"https:\/\/progettotouring.it\/radiotouring104\/2024\/09\/12\/lamezia-domani-e-sabato-congresso-regionale-dellassociazione-nazionale-dentisti-italiani-andi-calabria\/#breadcrumb\"},\"inLanguage\":\"it-IT\",\"potentialAction\":[{\"@type\":\"ReadAction\",\"target\":[\"https:\/\/progettotouring.it\/radiotouring104\/2024\/09\/12\/lamezia-domani-e-sabato-congresso-regionale-dellassociazione-nazionale-dentisti-italiani-andi-calabria\/\"]}]},{\"@type\":\"ImageObject\",\"inLanguage\":\"it-IT\",\"@id\":\"https:\/\/progettotouring.it\/radiotouring104\/2024\/09\/12\/lamezia-domani-e-sabato-congresso-regionale-dellassociazione-nazionale-dentisti-italiani-andi-calabria\/#primaryimage\",\"url\":\"https:\/\/progettotouring.it\/radiotouring104\/wp-content\/uploads\/sites\/6\/2024\/09\/Congresso-dentisti-Lamezia.jpg\",\"contentUrl\":\"https:\/\/progettotouring.it\/radiotouring104\/wp-content\/uploads\/sites\/6\/2024\/09\/Congresso-dentisti-Lamezia.jpg\",\"width\":1080,\"height\":680},{\"@type\":\"BreadcrumbList\",\"@id\":\"https:\/\/progettotouring.it\/radiotouring104\/2024\/09\/12\/lamezia-domani-e-sabato-congresso-regionale-dellassociazione-nazionale-dentisti-italiani-andi-calabria\/#breadcrumb\",\"itemListElement\":[{\"@type\":\"ListItem\",\"position\":1,\"name\":\"Home\",\"item\":\"https:\/\/progettotouring.it\/radiotouring104\/\"},{\"@type\":\"ListItem\",\"position\":2,\"name\":\"Lamezia: domani e sabato congresso regionale dell\u2019Associazione Nazionale Dentisti Italiani (ANDI) Calabria.\"}]},{\"@type\":\"WebSite\",\"@id\":\"https:\/\/progettotouring.it\/radiotouring104\/#website\",\"url\":\"https:\/\/progettotouring.it\/radiotouring104\/\",\"name\":\"Radio Touring 104\",\"description\":\"La prima radio Reggina\",\"publisher\":{\"@id\":\"https:\/\/progettotouring.it\/radiotouring104\/#organization\"},\"potentialAction\":[{\"@type\":\"SearchAction\",\"target\":{\"@type\":\"EntryPoint\",\"urlTemplate\":\"https:\/\/progettotouring.it\/radiotouring104\/?s={search_term_string}\"},\"query-input\":{\"@type\":\"PropertyValueSpecification\",\"valueRequired\":true,\"valueName\":\"search_term_string\"}}],\"inLanguage\":\"it-IT\"},{\"@type\":\"Organization\",\"@id\":\"https:\/\/progettotouring.it\/radiotouring104\/#organization\",\"name\":\"Radio Touring 104\",\"url\":\"https:\/\/progettotouring.it\/radiotouring104\/\",\"logo\":{\"@type\":\"ImageObject\",\"inLanguage\":\"it-IT\",\"@id\":\"https:\/\/progettotouring.it\/radiotouring104\/#\/schema\/logo\/image\/\",\"url\":\"https:\/\/progettotouring.it\/radiotouring104\/wp-content\/uploads\/sites\/6\/2022\/02\/cropped-logo-radio-touring-104.png\",\"contentUrl\":\"https:\/\/progettotouring.it\/radiotouring104\/wp-content\/uploads\/sites\/6\/2022\/02\/cropped-logo-radio-touring-104.png\",\"width\":377,\"height\":182,\"caption\":\"Radio Touring 104\"},\"image\":{\"@id\":\"https:\/\/progettotouring.it\/radiotouring104\/#\/schema\/logo\/image\/\"}},{\"@type\":\"Person\",\"@id\":\"https:\/\/progettotouring.it\/radiotouring104\/#\/schema\/person\/78613917f1851f041f7483f5af1d422e\",\"name\":\"Sebastiano Plutino\",\"image\":{\"@type\":\"ImageObject\",\"inLanguage\":\"it-IT\",\"@id\":\"https:\/\/secure.gravatar.com\/avatar\/0546ffaa9b79224faf9f2a156b67a529ae861d3287c66c1d8ccfdf909bcba78d?s=96&d=mm&r=g\",\"url\":\"https:\/\/secure.gravatar.com\/avatar\/0546ffaa9b79224faf9f2a156b67a529ae861d3287c66c1d8ccfdf909bcba78d?s=96&d=mm&r=g\",\"contentUrl\":\"https:\/\/secure.gravatar.com\/avatar\/0546ffaa9b79224faf9f2a156b67a529ae861d3287c66c1d8ccfdf909bcba78d?s=96&d=mm&r=g\",\"caption\":\"Sebastiano Plutino\"},\"url\":\"https:\/\/progettotouring.it\/radiotouring104\/author\/sebastiano\/\"}]}<\/script>\n<!-- \/ Yoast SEO plugin. -->","yoast_head_json":{"title":"Lamezia: domani e sabato congresso del (ANDI) Calabria.","description":"Domani sabato il T-Hotel di Lamezia Terme ospiter\u00e0 il Congresso Regionale dell\u2019Associazione Nazionale Dentisti Italiani (ANDI) Calabria","robots":{"index":"index","follow":"follow","max-snippet":"max-snippet:-1","max-image-preview":"max-image-preview:large","max-video-preview":"max-video-preview:-1"},"canonical":"https:\/\/progettotouring.it\/radiotouring104\/2024\/09\/12\/lamezia-domani-e-sabato-congresso-regionale-dellassociazione-nazionale-dentisti-italiani-andi-calabria\/","og_locale":"it_IT","og_type":"article","og_title":"Lamezia: domani e sabato congresso del (ANDI) Calabria.","og_description":"Domani sabato il T-Hotel di Lamezia Terme ospiter\u00e0 il Congresso Regionale dell\u2019Associazione Nazionale Dentisti Italiani (ANDI) Calabria","og_url":"https:\/\/progettotouring.it\/radiotouring104\/2024\/09\/12\/lamezia-domani-e-sabato-congresso-regionale-dellassociazione-nazionale-dentisti-italiani-andi-calabria\/","og_site_name":"Radio Touring 104","article_published_time":"2024-09-12T10:42:12+00:00","og_image":[{"width":1080,"height":680,"url":"https:\/\/progettotouring.it\/radiotouring104\/wp-content\/uploads\/sites\/6\/2024\/09\/Congresso-dentisti-Lamezia.jpg","type":"image\/jpeg"}],"author":"Sebastiano Plutino","twitter_card":"summary_large_image","twitter_misc":{"Scritto da":"Sebastiano Plutino","Tempo di lettura stimato":"2 minuti"},"schema":{"@context":"https:\/\/schema.org","@graph":[{"@type":"Article","@id":"https:\/\/progettotouring.it\/radiotouring104\/2024\/09\/12\/lamezia-domani-e-sabato-congresso-regionale-dellassociazione-nazionale-dentisti-italiani-andi-calabria\/#article","isPartOf":{"@id":"https:\/\/progettotouring.it\/radiotouring104\/2024\/09\/12\/lamezia-domani-e-sabato-congresso-regionale-dellassociazione-nazionale-dentisti-italiani-andi-calabria\/"},"author":{"name":"Sebastiano Plutino","@id":"https:\/\/progettotouring.it\/radiotouring104\/#\/schema\/person\/78613917f1851f041f7483f5af1d422e"},"headline":"Lamezia: domani e sabato congresso regionale dell\u2019Associazione Nazionale Dentisti Italiani (ANDI) Calabria.","datePublished":"2024-09-12T10:42:12+00:00","mainEntityOfPage":{"@id":"https:\/\/progettotouring.it\/radiotouring104\/2024\/09\/12\/lamezia-domani-e-sabato-congresso-regionale-dellassociazione-nazionale-dentisti-italiani-andi-calabria\/"},"wordCount":493,"publisher":{"@id":"https:\/\/progettotouring.it\/radiotouring104\/#organization"},"image":{"@id":"https:\/\/progettotouring.it\/radiotouring104\/2024\/09\/12\/lamezia-domani-e-sabato-congresso-regionale-dellassociazione-nazionale-dentisti-italiani-andi-calabria\/#primaryimage"},"thumbnailUrl":"https:\/\/progettotouring.it\/radiotouring104\/wp-content\/uploads\/sites\/6\/2024\/09\/Congresso-dentisti-Lamezia.jpg","keywords":["Associazione Nazionale Dentisti Italiani","congresso regionale","lamezia","T Hotel."],"articleSection":["Calabria","Home","News","Reggio Calabria"],"inLanguage":"it-IT"},{"@type":"WebPage","@id":"https:\/\/progettotouring.it\/radiotouring104\/2024\/09\/12\/lamezia-domani-e-sabato-congresso-regionale-dellassociazione-nazionale-dentisti-italiani-andi-calabria\/","url":"https:\/\/progettotouring.it\/radiotouring104\/2024\/09\/12\/lamezia-domani-e-sabato-congresso-regionale-dellassociazione-nazionale-dentisti-italiani-andi-calabria\/","name":"Lamezia: domani e sabato congresso del (ANDI) Calabria.","isPartOf":{"@id":"https:\/\/progettotouring.it\/radiotouring104\/#website"},"primaryImageOfPage":{"@id":"https:\/\/progettotouring.it\/radiotouring104\/2024\/09\/12\/lamezia-domani-e-sabato-congresso-regionale-dellassociazione-nazionale-dentisti-italiani-andi-calabria\/#primaryimage"},"image":{"@id":"https:\/\/progettotouring.it\/radiotouring104\/2024\/09\/12\/lamezia-domani-e-sabato-congresso-regionale-dellassociazione-nazionale-dentisti-italiani-andi-calabria\/#primaryimage"},"thumbnailUrl":"https:\/\/progettotouring.it\/radiotouring104\/wp-content\/uploads\/sites\/6\/2024\/09\/Congresso-dentisti-Lamezia.jpg","datePublished":"2024-09-12T10:42:12+00:00","description":"Domani sabato il T-Hotel di Lamezia Terme ospiter\u00e0 il Congresso Regionale dell\u2019Associazione Nazionale Dentisti Italiani (ANDI) Calabria","breadcrumb":{"@id":"https:\/\/progettotouring.it\/radiotouring104\/2024\/09\/12\/lamezia-domani-e-sabato-congresso-regionale-dellassociazione-nazionale-dentisti-italiani-andi-calabria\/#breadcrumb"},"inLanguage":"it-IT","potentialAction":[{"@type":"ReadAction","target":["https:\/\/progettotouring.it\/radiotouring104\/2024\/09\/12\/lamezia-domani-e-sabato-congresso-regionale-dellassociazione-nazionale-dentisti-italiani-andi-calabria\/"]}]},{"@type":"ImageObject","inLanguage":"it-IT","@id":"https:\/\/progettotouring.it\/radiotouring104\/2024\/09\/12\/lamezia-domani-e-sabato-congresso-regionale-dellassociazione-nazionale-dentisti-italiani-andi-calabria\/#primaryimage","url":"https:\/\/progettotouring.it\/radiotouring104\/wp-content\/uploads\/sites\/6\/2024\/09\/Congresso-dentisti-Lamezia.jpg","contentUrl":"https:\/\/progettotouring.it\/radiotouring104\/wp-content\/uploads\/sites\/6\/2024\/09\/Congresso-dentisti-Lamezia.jpg","width":1080,"height":680},{"@type":"BreadcrumbList","@id":"https:\/\/progettotouring.it\/radiotouring104\/2024\/09\/12\/lamezia-domani-e-sabato-congresso-regionale-dellassociazione-nazionale-dentisti-italiani-andi-calabria\/#breadcrumb","itemListElement":[{"@type":"ListItem","position":1,"name":"Home","item":"https:\/\/progettotouring.it\/radiotouring104\/"},{"@type":"ListItem","position":2,"name":"Lamezia: domani e sabato congresso regionale dell\u2019Associazione Nazionale Dentisti Italiani (ANDI) Calabria."}]},{"@type":"WebSite","@id":"https:\/\/progettotouring.it\/radiotouring104\/#website","url":"https:\/\/progettotouring.it\/radiotouring104\/","name":"Radio Touring 104","description":"La prima radio Reggina","publisher":{"@id":"https:\/\/progettotouring.it\/radiotouring104\/#organization"},"potentialAction":[{"@type":"SearchAction","target":{"@type":"EntryPoint","urlTemplate":"https:\/\/progettotouring.it\/radiotouring104\/?s={search_term_string}"},"query-input":{"@type":"PropertyValueSpecification","valueRequired":true,"valueName":"search_term_string"}}],"inLanguage":"it-IT"},{"@type":"Organization","@id":"https:\/\/progettotouring.it\/radiotouring104\/#organization","name":"Radio Touring 104","url":"https:\/\/progettotouring.it\/radiotouring104\/","logo":{"@type":"ImageObject","inLanguage":"it-IT","@id":"https:\/\/progettotouring.it\/radiotouring104\/#\/schema\/logo\/image\/","url":"https:\/\/progettotouring.it\/radiotouring104\/wp-content\/uploads\/sites\/6\/2022\/02\/cropped-logo-radio-touring-104.png","contentUrl":"https:\/\/progettotouring.it\/radiotouring104\/wp-content\/uploads\/sites\/6\/2022\/02\/cropped-logo-radio-touring-104.png","width":377,"height":182,"caption":"Radio Touring 104"},"image":{"@id":"https:\/\/progettotouring.it\/radiotouring104\/#\/schema\/logo\/image\/"}},{"@type":"Person","@id":"https:\/\/progettotouring.it\/radiotouring104\/#\/schema\/person\/78613917f1851f041f7483f5af1d422e","name":"Sebastiano Plutino","image":{"@type":"ImageObject","inLanguage":"it-IT","@id":"https:\/\/secure.gravatar.com\/avatar\/0546ffaa9b79224faf9f2a156b67a529ae861d3287c66c1d8ccfdf909bcba78d?s=96&d=mm&r=g","url":"https:\/\/secure.gravatar.com\/avatar\/0546ffaa9b79224faf9f2a156b67a529ae861d3287c66c1d8ccfdf909bcba78d?s=96&d=mm&r=g","contentUrl":"https:\/\/secure.gravatar.com\/avatar\/0546ffaa9b79224faf9f2a156b67a529ae861d3287c66c1d8ccfdf909bcba78d?s=96&d=mm&r=g","caption":"Sebastiano Plutino"},"url":"https:\/\/progettotouring.it\/radiotouring104\/author\/sebastiano\/"}]}},"jetpack_publicize_connections":[],"jetpack_featured_media_url":"https:\/\/progettotouring.it\/radiotouring104\/wp-content\/uploads\/sites\/6\/2024\/09\/Congresso-dentisti-Lamezia.jpg","jetpack_sharing_enabled":true,"_links":{"self":[{"href":"https:\/\/progettotouring.it\/radiotouring104\/wp-json\/wp\/v2\/posts\/57639","targetHints":{"allow":["GET"]}}],"collection":[{"href":"https:\/\/progettotouring.it\/radiotouring104\/wp-json\/wp\/v2\/posts"}],"about":[{"href":"https:\/\/progettotouring.it\/radiotouring104\/wp-json\/wp\/v2\/types\/post"}],"author":[{"embeddable":true,"href":"https:\/\/progettotouring.it\/radiotouring104\/wp-json\/wp\/v2\/users\/12"}],"replies":[{"embeddable":true,"href":"https:\/\/progettotouring.it\/radiotouring104\/wp-json\/wp\/v2\/comments?post=57639"}],"version-history":[{"count":1,"href":"https:\/\/progettotouring.it\/radiotouring104\/wp-json\/wp\/v2\/posts\/57639\/revisions"}],"predecessor-version":[{"id":57641,"href":"https:\/\/progettotouring.it\/radiotouring104\/wp-json\/wp\/v2\/posts\/57639\/revisions\/57641"}],"wp:featuredmedia":[{"embeddable":true,"href":"https:\/\/progettotouring.it\/radiotouring104\/wp-json\/wp\/v2\/media\/57640"}],"wp:attachment":[{"href":"https:\/\/progettotouring.it\/radiotouring104\/wp-json\/wp\/v2\/media?parent=57639"}],"wp:term":[{"taxonomy":"category","embeddable":true,"href":"https:\/\/progettotouring.it\/radiotouring104\/wp-json\/wp\/v2\/categories?post=57639"},{"taxonomy":"post_tag","embeddable":true,"href":"https:\/\/progettotouring.it\/radiotouring104\/wp-json\/wp\/v2\/tags?post=57639"}],"curies":[{"name":"wp","href":"https:\/\/api.w.org\/{rel}","templated":true}]}}