{"id":57644,"date":"2024-09-13T09:26:04","date_gmt":"2024-09-13T07:26:04","guid":{"rendered":"https:\/\/progettotouring.it\/radiotouring104\/?p=57644"},"modified":"2024-09-13T09:28:17","modified_gmt":"2024-09-13T07:28:17","slug":"ponte-santanna-ripepi-denuncia-lesclusione-dellopera-dal-piano-triennale","status":"publish","type":"post","link":"https:\/\/progettotouring.it\/radiotouring104\/2024\/09\/13\/ponte-santanna-ripepi-denuncia-lesclusione-dellopera-dal-piano-triennale\/","title":{"rendered":"Ponte Sant&#8217;Anna: Ripepi denuncia l&#8217;esclusione dell&#8217;Opera dal Piano Triennale"},"content":{"rendered":"<p class=\"xmprfx_MsoNormal\" style=\"text-align: justify\">&#8220;<i>Dopo tre anni di denunce, interrogazioni, incontri e segnalazioni, emerge soltanto oggi lo scandalo in Commissione Controllo e Garanzia rispetto alla questione del Ponte Sant\u2019Anna: \u00e8 venuto fuori, infatti, che<b>\u00a0l\u2019infrastruttura \u00e8 stata estromessa dal Piano Triennale delle Opere Pubbliche<\/b>\u00a0e, ad oggi,\u00a0<b>ancora non \u00e8 stato fatto il progetto di fattibilit\u00e0 tecnico-economica\u00a0<\/b>necessario per poter reintegrare l\u2019infrastruttura nel piano per la riqualificazione.\u201d<\/i>\u00a0&#8211; ha esordito cos\u00ec il Presidente\u00a0 della IX Commissione, Massimo Ripepi, che questa mattina\u00a0 ha audito l\u2019Assessore ai Lavori Pubblici e Grandi Opere, Ing. Franco Costantino, e il Dirigente del relativo Settore, Arch. Bruno Doldo, sull\u2019emergenza che sta affrontando la citt\u00e0 negli ultimi giorni &#8211; \u201c<i>Ancora dubbi, incertezze e nessuno che sappia dire se questo ponte \u00e8 sicuro oppure no! E mentre la sicurezza dei cittadini viene lasciata al caso, abbiamo scoperto che si erano avviate anche le procedure per effettuare i carotaggi, nell\u2019ottobre del 2023, intervento che per\u00f2 \u00e8 morto sul nascere in quanto non si \u00e8 mai proseguito con l\u2019affidamento dei lavori:\u00a0<b>se non \u00e8 il Ponte a crollare, certamente questa Amministrazione perde pezzi da tutte le parti<\/b>!\u201d<\/i><\/p>\n<p class=\"xmprfx_MsoNormal\" style=\"text-align: justify\"><b>\u201c<i>Ancora una volta, l\u2019Amministrazione non ha saputo rispondere chiaramente ai nostri interrogativi e non sono emerse altro che discrasie<\/i><\/b><i>: da una parte, gli Assessori e i Dirigenti ci parlano di massima priorit\u00e0 e di interventi urgenti, riconoscendo che\u00a0<b>nessuno pu\u00f2 escludere il rischio di crollo del ponte<\/b>; dall\u2019altra, si scopre che questa infrastruttura\u00a0<b>\u00e8 stata incredibilmente estromessa dal Piano Triennale delle Opere Pubbliche!<\/b>\u00a0\u00c8 inconcepibile: come pu\u00f2 un\u2019opera cos\u00ec pericolosa non essere inserita tra le priorit\u00e0? La risposta \u00e8 semplice e drammatica:\u00a0<b>manca addirittura il progetto di fattibilit\u00e0 tecnico-economica<\/b>\u00a0per intervenire, quindi non c\u2019\u00e8 mai stato un vero piano per mettere in sicurezza il ponte!\u201d<\/i>&#8211; ha continuato il Presidente della Commissione Controllo e Garanzia Massimo Ripepi.<\/p>\n<p class=\"xmprfx_MsoNormal\" style=\"text-align: justify\"><i>\u201cMa non \u00e8 tutto!\u00a0<b>Nel mese di ottobre del 2023 era partito il progetto con l\u2019intenzione di fare i carotaggi per verificare lo stato della struttura<\/b>, ma inspiegabilmente l\u2019intervento\u00a0<b>si \u00e8 fermato senza alcuna giustificazione e senza neppure l\u2019assegnazione dell\u2019incarico!<\/b>\u00a0Oggi, a distanza di mesi, non abbiamo ancora un\u2019idea precisa della gravit\u00e0 delle lesioni strutturali e la citt\u00e0 continua a vivere nel terrore che da un momento all&#8217;altro possa verificarsi una tragedia<\/i>.\u201d &#8211; ha spiegato Massimo Ripepi &#8211;\u00a0<b><i>\u201cL\u2019Amministrazione Falcomat\u00e0 riconferma dunque la sua totale incapacit\u00e0 nel pianificare e prevenire i disastri<\/i><\/b><i>. Lo ripeto da anni e oggi i fatti parlano chiaro: non si tratta pi\u00f9 di allarmismo, ma di realt\u00e0. Ci hanno accusato di esagerare, di creare panico, ma la verit\u00e0 \u00e8 che siamo stati gli unici a mettere in guardia la citt\u00e0 dal pericolo imminente.\u00a0<b>Siamo stati ignorati e derisi, e ora siamo costretti a pagare il prezzo dell\u2019incompetenza di chi governa<\/b>.\u201d<\/i><\/p>\n<p class=\"xmprfx_MsoNormal\" style=\"text-align: justify\">\u201c<i>Oggi, in Commissione Controllo e Garanzia, non hanno tardato ad arrivare le classiche giustificazioni e le\u00a0<b>invane rassicurazioni da parte di un\u2019Amministrazione che \u00e8 la prima a non avere certezze sulla sicurezza e la stabilit\u00e0 del Ponte<\/b>.\u201d<\/i>\u00a0&#8211; ha puntualizzato Ripepi &#8211; \u201c<i>Per questo, abbiamo ulteriormente messo sotto pressione gli Assessori e i Dirigenti, ma\u00a0<b>il danno \u00e8 fatto<\/b>.\u00a0 Non ci fermeremo finch\u00e9 non avremo ottenuto tutte le spiegazioni necessarie e finch\u00e9 non vedremo finalmente un piano concreto per la messa in sicurezza del ponte.\u201d<\/i><\/p>\n<p class=\"xmprfx_MsoNormal\" style=\"text-align: justify\">&#8220;<i>La citt\u00e0 \u00e8 stanca di subire. Ogni giorno che passa senza una soluzione \u00e8 un giorno in pi\u00f9 in cui migliaia di cittadini rischiano la vita attraversando o passando sotto quel ponte malandato. Questa Amministrazione deve assumersi le proprie responsabilit\u00e0.\u00a0<b>Non \u00e8 pi\u00f9 tollerabile che si risponda solo a catastrofe avvenuta, lasciando che i problemi crescano fino a diventare insormontabili<\/b>. Questo scaricabarile di responsabilit\u00e0 e ancora questo lavarsi le mani alla Ponzio Pilato, ci fa rabbrividire rispetto alla tragedia che potrebbe conseguire da questa vicenda. \u00c8 ora che il Sindaco Falcomat\u00e0 e la sua giunta diano conto del loro operato, o meglio del loro immobilismo criminale!&#8221;<\/i>\u00a0&#8211; ha concluso Massimo Ripepi &#8211; \u201c<i>La Commissione Controllo e Garanzia si \u00e8 infine conclusa con la rassicurazione da parte dell\u2019Assessore e del Consigliere Barreca che<b>\u00a0tra due giorni sar\u00e0 liberata la strada e resa nuovamente accessibile la sottovia<\/b>: gli interventi effettuati per\u00f2 riguarderanno soltanto il restyling della parte esteriore e non comprenderanno interventi di tipo strutturale. In ogni caso, continueremo a vigilare senza sosta e a mantenere alta la pressione sull\u2019Amministrazione affinch\u00e9 la sicurezza dei cittadini venga finalmente messa al primo posto.\u00a0<b>Non accetteremo pi\u00f9 promesse vuote e ritardi ingiustificabili: ora servono fatti concreti e immediati<\/b>!\u201d<\/i><\/p>\n","protected":false},"excerpt":{"rendered":"<p>&#8220;Dopo tre anni di denunce, interrogazioni, incontri e segnalazioni, emerge soltanto oggi lo scandalo in Commissione Controllo e Garanzia rispetto alla questione del Ponte Sant\u2019Anna: \u00e8 venuto fuori, infatti, che\u00a0l\u2019infrastruttura&hellip;<\/p>\n","protected":false},"author":12,"featured_media":57645,"comment_status":"closed","ping_status":"open","sticky":false,"template":"","format":"standard","meta":{"_jetpack_memberships_contains_paid_content":false,"footnotes":"","jetpack_publicize_message":"","jetpack_publicize_feature_enabled":true,"jetpack_social_post_already_shared":false,"jetpack_social_options":{"image_generator_settings":{"template":"highway","default_image_id":0,"font":"","enabled":false},"version":2}},"categories":[921,196,140],"tags":[35349,808,35348,35347],"class_list":["post-57644","post","type-post","status-publish","format-standard","has-post-thumbnail","hentry","category-home","category-news","category-reggio-calabria","tag-esclusione-opera","tag-massimo-ripepi","tag-piano-triennale","tag-ponte-santanna"],"yoast_head":"<!-- This site is optimized with the Yoast SEO plugin v27.2 - https:\/\/yoast.com\/product\/yoast-seo-wordpress\/ -->\n<title>Ponte Sant&#039;Anna, Ripepi &quot;Opera esclusa dal Piano Triennale&quot;<\/title>\n<meta name=\"description\" content=\"\u201cParlano di priorit\u00e0, ma poi estromettono l\u2019infrastruttura dal Piano Triennale delle Opere Pubbliche:!\u201d, attacca il Consigliere\" \/>\n<meta name=\"robots\" content=\"index, follow, max-snippet:-1, max-image-preview:large, max-video-preview:-1\" \/>\n<link rel=\"canonical\" href=\"https:\/\/progettotouring.it\/radiotouring104\/2024\/09\/13\/ponte-santanna-ripepi-denuncia-lesclusione-dellopera-dal-piano-triennale\/\" \/>\n<meta property=\"og:locale\" content=\"it_IT\" \/>\n<meta property=\"og:type\" content=\"article\" \/>\n<meta property=\"og:title\" content=\"Ponte Sant&#039;Anna, Ripepi &quot;Opera esclusa dal Piano Triennale&quot;\" \/>\n<meta property=\"og:description\" content=\"\u201cParlano di priorit\u00e0, ma poi estromettono l\u2019infrastruttura dal Piano Triennale delle Opere Pubbliche:!\u201d, attacca il Consigliere\" \/>\n<meta property=\"og:url\" content=\"https:\/\/progettotouring.it\/radiotouring104\/2024\/09\/13\/ponte-santanna-ripepi-denuncia-lesclusione-dellopera-dal-piano-triennale\/\" \/>\n<meta property=\"og:site_name\" content=\"Radio Touring 104\" \/>\n<meta property=\"article:published_time\" content=\"2024-09-13T07:26:04+00:00\" \/>\n<meta property=\"article:modified_time\" content=\"2024-09-13T07:28:17+00:00\" \/>\n<meta property=\"og:image\" content=\"https:\/\/progettotouring.it\/radiotouring104\/wp-content\/uploads\/sites\/6\/2024\/09\/ripepi-scaled.jpg\" \/>\n\t<meta property=\"og:image:width\" content=\"1831\" \/>\n\t<meta property=\"og:image:height\" content=\"2560\" \/>\n\t<meta property=\"og:image:type\" content=\"image\/jpeg\" \/>\n<meta name=\"author\" content=\"Sebastiano Plutino\" \/>\n<meta name=\"twitter:card\" content=\"summary_large_image\" \/>\n<meta name=\"twitter:label1\" content=\"Scritto da\" \/>\n\t<meta name=\"twitter:data1\" content=\"Sebastiano Plutino\" \/>\n\t<meta name=\"twitter:label2\" content=\"Tempo di lettura stimato\" \/>\n\t<meta name=\"twitter:data2\" content=\"4 minuti\" \/>\n<script type=\"application\/ld+json\" class=\"yoast-schema-graph\">{\"@context\":\"https:\/\/schema.org\",\"@graph\":[{\"@type\":\"Article\",\"@id\":\"https:\/\/progettotouring.it\/radiotouring104\/2024\/09\/13\/ponte-santanna-ripepi-denuncia-lesclusione-dellopera-dal-piano-triennale\/#article\",\"isPartOf\":{\"@id\":\"https:\/\/progettotouring.it\/radiotouring104\/2024\/09\/13\/ponte-santanna-ripepi-denuncia-lesclusione-dellopera-dal-piano-triennale\/\"},\"author\":{\"name\":\"Sebastiano Plutino\",\"@id\":\"https:\/\/progettotouring.it\/radiotouring104\/#\/schema\/person\/78613917f1851f041f7483f5af1d422e\"},\"headline\":\"Ponte Sant&#8217;Anna: Ripepi denuncia l&#8217;esclusione dell&#8217;Opera dal Piano Triennale\",\"datePublished\":\"2024-09-13T07:26:04+00:00\",\"dateModified\":\"2024-09-13T07:28:17+00:00\",\"mainEntityOfPage\":{\"@id\":\"https:\/\/progettotouring.it\/radiotouring104\/2024\/09\/13\/ponte-santanna-ripepi-denuncia-lesclusione-dellopera-dal-piano-triennale\/\"},\"wordCount\":749,\"publisher\":{\"@id\":\"https:\/\/progettotouring.it\/radiotouring104\/#organization\"},\"image\":{\"@id\":\"https:\/\/progettotouring.it\/radiotouring104\/2024\/09\/13\/ponte-santanna-ripepi-denuncia-lesclusione-dellopera-dal-piano-triennale\/#primaryimage\"},\"thumbnailUrl\":\"https:\/\/progettotouring.it\/radiotouring104\/wp-content\/uploads\/sites\/6\/2024\/09\/ripepi-scaled.jpg\",\"keywords\":[\"esclusione opera\",\"Massimo Ripepi\",\"Piano Triennale\",\"Ponte Sant'Anna\"],\"articleSection\":[\"Home\",\"News\",\"Reggio Calabria\"],\"inLanguage\":\"it-IT\"},{\"@type\":\"WebPage\",\"@id\":\"https:\/\/progettotouring.it\/radiotouring104\/2024\/09\/13\/ponte-santanna-ripepi-denuncia-lesclusione-dellopera-dal-piano-triennale\/\",\"url\":\"https:\/\/progettotouring.it\/radiotouring104\/2024\/09\/13\/ponte-santanna-ripepi-denuncia-lesclusione-dellopera-dal-piano-triennale\/\",\"name\":\"Ponte Sant'Anna, Ripepi \\\"Opera esclusa dal Piano Triennale\\\"\",\"isPartOf\":{\"@id\":\"https:\/\/progettotouring.it\/radiotouring104\/#website\"},\"primaryImageOfPage\":{\"@id\":\"https:\/\/progettotouring.it\/radiotouring104\/2024\/09\/13\/ponte-santanna-ripepi-denuncia-lesclusione-dellopera-dal-piano-triennale\/#primaryimage\"},\"image\":{\"@id\":\"https:\/\/progettotouring.it\/radiotouring104\/2024\/09\/13\/ponte-santanna-ripepi-denuncia-lesclusione-dellopera-dal-piano-triennale\/#primaryimage\"},\"thumbnailUrl\":\"https:\/\/progettotouring.it\/radiotouring104\/wp-content\/uploads\/sites\/6\/2024\/09\/ripepi-scaled.jpg\",\"datePublished\":\"2024-09-13T07:26:04+00:00\",\"dateModified\":\"2024-09-13T07:28:17+00:00\",\"description\":\"\u201cParlano di priorit\u00e0, ma poi estromettono l\u2019infrastruttura dal Piano Triennale delle Opere Pubbliche:!\u201d, attacca il Consigliere\",\"breadcrumb\":{\"@id\":\"https:\/\/progettotouring.it\/radiotouring104\/2024\/09\/13\/ponte-santanna-ripepi-denuncia-lesclusione-dellopera-dal-piano-triennale\/#breadcrumb\"},\"inLanguage\":\"it-IT\",\"potentialAction\":[{\"@type\":\"ReadAction\",\"target\":[\"https:\/\/progettotouring.it\/radiotouring104\/2024\/09\/13\/ponte-santanna-ripepi-denuncia-lesclusione-dellopera-dal-piano-triennale\/\"]}]},{\"@type\":\"ImageObject\",\"inLanguage\":\"it-IT\",\"@id\":\"https:\/\/progettotouring.it\/radiotouring104\/2024\/09\/13\/ponte-santanna-ripepi-denuncia-lesclusione-dellopera-dal-piano-triennale\/#primaryimage\",\"url\":\"https:\/\/progettotouring.it\/radiotouring104\/wp-content\/uploads\/sites\/6\/2024\/09\/ripepi-scaled.jpg\",\"contentUrl\":\"https:\/\/progettotouring.it\/radiotouring104\/wp-content\/uploads\/sites\/6\/2024\/09\/ripepi-scaled.jpg\",\"width\":1831,\"height\":2560},{\"@type\":\"BreadcrumbList\",\"@id\":\"https:\/\/progettotouring.it\/radiotouring104\/2024\/09\/13\/ponte-santanna-ripepi-denuncia-lesclusione-dellopera-dal-piano-triennale\/#breadcrumb\",\"itemListElement\":[{\"@type\":\"ListItem\",\"position\":1,\"name\":\"Home\",\"item\":\"https:\/\/progettotouring.it\/radiotouring104\/\"},{\"@type\":\"ListItem\",\"position\":2,\"name\":\"Ponte Sant&#8217;Anna: Ripepi denuncia l&#8217;esclusione dell&#8217;Opera dal Piano Triennale\"}]},{\"@type\":\"WebSite\",\"@id\":\"https:\/\/progettotouring.it\/radiotouring104\/#website\",\"url\":\"https:\/\/progettotouring.it\/radiotouring104\/\",\"name\":\"Radio Touring 104\",\"description\":\"La prima radio Reggina\",\"publisher\":{\"@id\":\"https:\/\/progettotouring.it\/radiotouring104\/#organization\"},\"potentialAction\":[{\"@type\":\"SearchAction\",\"target\":{\"@type\":\"EntryPoint\",\"urlTemplate\":\"https:\/\/progettotouring.it\/radiotouring104\/?s={search_term_string}\"},\"query-input\":{\"@type\":\"PropertyValueSpecification\",\"valueRequired\":true,\"valueName\":\"search_term_string\"}}],\"inLanguage\":\"it-IT\"},{\"@type\":\"Organization\",\"@id\":\"https:\/\/progettotouring.it\/radiotouring104\/#organization\",\"name\":\"Radio Touring 104\",\"url\":\"https:\/\/progettotouring.it\/radiotouring104\/\",\"logo\":{\"@type\":\"ImageObject\",\"inLanguage\":\"it-IT\",\"@id\":\"https:\/\/progettotouring.it\/radiotouring104\/#\/schema\/logo\/image\/\",\"url\":\"https:\/\/progettotouring.it\/radiotouring104\/wp-content\/uploads\/sites\/6\/2022\/02\/cropped-logo-radio-touring-104.png\",\"contentUrl\":\"https:\/\/progettotouring.it\/radiotouring104\/wp-content\/uploads\/sites\/6\/2022\/02\/cropped-logo-radio-touring-104.png\",\"width\":377,\"height\":182,\"caption\":\"Radio Touring 104\"},\"image\":{\"@id\":\"https:\/\/progettotouring.it\/radiotouring104\/#\/schema\/logo\/image\/\"}},{\"@type\":\"Person\",\"@id\":\"https:\/\/progettotouring.it\/radiotouring104\/#\/schema\/person\/78613917f1851f041f7483f5af1d422e\",\"name\":\"Sebastiano Plutino\",\"image\":{\"@type\":\"ImageObject\",\"inLanguage\":\"it-IT\",\"@id\":\"https:\/\/secure.gravatar.com\/avatar\/0546ffaa9b79224faf9f2a156b67a529ae861d3287c66c1d8ccfdf909bcba78d?s=96&d=mm&r=g\",\"url\":\"https:\/\/secure.gravatar.com\/avatar\/0546ffaa9b79224faf9f2a156b67a529ae861d3287c66c1d8ccfdf909bcba78d?s=96&d=mm&r=g\",\"contentUrl\":\"https:\/\/secure.gravatar.com\/avatar\/0546ffaa9b79224faf9f2a156b67a529ae861d3287c66c1d8ccfdf909bcba78d?s=96&d=mm&r=g\",\"caption\":\"Sebastiano Plutino\"},\"url\":\"https:\/\/progettotouring.it\/radiotouring104\/author\/sebastiano\/\"}]}<\/script>\n<!-- \/ Yoast SEO plugin. -->","yoast_head_json":{"title":"Ponte Sant'Anna, Ripepi \"Opera esclusa dal Piano Triennale\"","description":"\u201cParlano di priorit\u00e0, ma poi estromettono l\u2019infrastruttura dal Piano Triennale delle Opere Pubbliche:!\u201d, attacca il Consigliere","robots":{"index":"index","follow":"follow","max-snippet":"max-snippet:-1","max-image-preview":"max-image-preview:large","max-video-preview":"max-video-preview:-1"},"canonical":"https:\/\/progettotouring.it\/radiotouring104\/2024\/09\/13\/ponte-santanna-ripepi-denuncia-lesclusione-dellopera-dal-piano-triennale\/","og_locale":"it_IT","og_type":"article","og_title":"Ponte Sant'Anna, Ripepi \"Opera esclusa dal Piano Triennale\"","og_description":"\u201cParlano di priorit\u00e0, ma poi estromettono l\u2019infrastruttura dal Piano Triennale delle Opere Pubbliche:!\u201d, attacca il Consigliere","og_url":"https:\/\/progettotouring.it\/radiotouring104\/2024\/09\/13\/ponte-santanna-ripepi-denuncia-lesclusione-dellopera-dal-piano-triennale\/","og_site_name":"Radio Touring 104","article_published_time":"2024-09-13T07:26:04+00:00","article_modified_time":"2024-09-13T07:28:17+00:00","og_image":[{"width":1831,"height":2560,"url":"https:\/\/progettotouring.it\/radiotouring104\/wp-content\/uploads\/sites\/6\/2024\/09\/ripepi-scaled.jpg","type":"image\/jpeg"}],"author":"Sebastiano Plutino","twitter_card":"summary_large_image","twitter_misc":{"Scritto da":"Sebastiano Plutino","Tempo di lettura stimato":"4 minuti"},"schema":{"@context":"https:\/\/schema.org","@graph":[{"@type":"Article","@id":"https:\/\/progettotouring.it\/radiotouring104\/2024\/09\/13\/ponte-santanna-ripepi-denuncia-lesclusione-dellopera-dal-piano-triennale\/#article","isPartOf":{"@id":"https:\/\/progettotouring.it\/radiotouring104\/2024\/09\/13\/ponte-santanna-ripepi-denuncia-lesclusione-dellopera-dal-piano-triennale\/"},"author":{"name":"Sebastiano Plutino","@id":"https:\/\/progettotouring.it\/radiotouring104\/#\/schema\/person\/78613917f1851f041f7483f5af1d422e"},"headline":"Ponte Sant&#8217;Anna: Ripepi denuncia l&#8217;esclusione dell&#8217;Opera dal Piano Triennale","datePublished":"2024-09-13T07:26:04+00:00","dateModified":"2024-09-13T07:28:17+00:00","mainEntityOfPage":{"@id":"https:\/\/progettotouring.it\/radiotouring104\/2024\/09\/13\/ponte-santanna-ripepi-denuncia-lesclusione-dellopera-dal-piano-triennale\/"},"wordCount":749,"publisher":{"@id":"https:\/\/progettotouring.it\/radiotouring104\/#organization"},"image":{"@id":"https:\/\/progettotouring.it\/radiotouring104\/2024\/09\/13\/ponte-santanna-ripepi-denuncia-lesclusione-dellopera-dal-piano-triennale\/#primaryimage"},"thumbnailUrl":"https:\/\/progettotouring.it\/radiotouring104\/wp-content\/uploads\/sites\/6\/2024\/09\/ripepi-scaled.jpg","keywords":["esclusione opera","Massimo Ripepi","Piano Triennale","Ponte Sant'Anna"],"articleSection":["Home","News","Reggio Calabria"],"inLanguage":"it-IT"},{"@type":"WebPage","@id":"https:\/\/progettotouring.it\/radiotouring104\/2024\/09\/13\/ponte-santanna-ripepi-denuncia-lesclusione-dellopera-dal-piano-triennale\/","url":"https:\/\/progettotouring.it\/radiotouring104\/2024\/09\/13\/ponte-santanna-ripepi-denuncia-lesclusione-dellopera-dal-piano-triennale\/","name":"Ponte Sant'Anna, Ripepi \"Opera esclusa dal Piano Triennale\"","isPartOf":{"@id":"https:\/\/progettotouring.it\/radiotouring104\/#website"},"primaryImageOfPage":{"@id":"https:\/\/progettotouring.it\/radiotouring104\/2024\/09\/13\/ponte-santanna-ripepi-denuncia-lesclusione-dellopera-dal-piano-triennale\/#primaryimage"},"image":{"@id":"https:\/\/progettotouring.it\/radiotouring104\/2024\/09\/13\/ponte-santanna-ripepi-denuncia-lesclusione-dellopera-dal-piano-triennale\/#primaryimage"},"thumbnailUrl":"https:\/\/progettotouring.it\/radiotouring104\/wp-content\/uploads\/sites\/6\/2024\/09\/ripepi-scaled.jpg","datePublished":"2024-09-13T07:26:04+00:00","dateModified":"2024-09-13T07:28:17+00:00","description":"\u201cParlano di priorit\u00e0, ma poi estromettono l\u2019infrastruttura dal Piano Triennale delle Opere Pubbliche:!\u201d, attacca il Consigliere","breadcrumb":{"@id":"https:\/\/progettotouring.it\/radiotouring104\/2024\/09\/13\/ponte-santanna-ripepi-denuncia-lesclusione-dellopera-dal-piano-triennale\/#breadcrumb"},"inLanguage":"it-IT","potentialAction":[{"@type":"ReadAction","target":["https:\/\/progettotouring.it\/radiotouring104\/2024\/09\/13\/ponte-santanna-ripepi-denuncia-lesclusione-dellopera-dal-piano-triennale\/"]}]},{"@type":"ImageObject","inLanguage":"it-IT","@id":"https:\/\/progettotouring.it\/radiotouring104\/2024\/09\/13\/ponte-santanna-ripepi-denuncia-lesclusione-dellopera-dal-piano-triennale\/#primaryimage","url":"https:\/\/progettotouring.it\/radiotouring104\/wp-content\/uploads\/sites\/6\/2024\/09\/ripepi-scaled.jpg","contentUrl":"https:\/\/progettotouring.it\/radiotouring104\/wp-content\/uploads\/sites\/6\/2024\/09\/ripepi-scaled.jpg","width":1831,"height":2560},{"@type":"BreadcrumbList","@id":"https:\/\/progettotouring.it\/radiotouring104\/2024\/09\/13\/ponte-santanna-ripepi-denuncia-lesclusione-dellopera-dal-piano-triennale\/#breadcrumb","itemListElement":[{"@type":"ListItem","position":1,"name":"Home","item":"https:\/\/progettotouring.it\/radiotouring104\/"},{"@type":"ListItem","position":2,"name":"Ponte Sant&#8217;Anna: Ripepi denuncia l&#8217;esclusione dell&#8217;Opera dal Piano Triennale"}]},{"@type":"WebSite","@id":"https:\/\/progettotouring.it\/radiotouring104\/#website","url":"https:\/\/progettotouring.it\/radiotouring104\/","name":"Radio Touring 104","description":"La prima radio Reggina","publisher":{"@id":"https:\/\/progettotouring.it\/radiotouring104\/#organization"},"potentialAction":[{"@type":"SearchAction","target":{"@type":"EntryPoint","urlTemplate":"https:\/\/progettotouring.it\/radiotouring104\/?s={search_term_string}"},"query-input":{"@type":"PropertyValueSpecification","valueRequired":true,"valueName":"search_term_string"}}],"inLanguage":"it-IT"},{"@type":"Organization","@id":"https:\/\/progettotouring.it\/radiotouring104\/#organization","name":"Radio Touring 104","url":"https:\/\/progettotouring.it\/radiotouring104\/","logo":{"@type":"ImageObject","inLanguage":"it-IT","@id":"https:\/\/progettotouring.it\/radiotouring104\/#\/schema\/logo\/image\/","url":"https:\/\/progettotouring.it\/radiotouring104\/wp-content\/uploads\/sites\/6\/2022\/02\/cropped-logo-radio-touring-104.png","contentUrl":"https:\/\/progettotouring.it\/radiotouring104\/wp-content\/uploads\/sites\/6\/2022\/02\/cropped-logo-radio-touring-104.png","width":377,"height":182,"caption":"Radio Touring 104"},"image":{"@id":"https:\/\/progettotouring.it\/radiotouring104\/#\/schema\/logo\/image\/"}},{"@type":"Person","@id":"https:\/\/progettotouring.it\/radiotouring104\/#\/schema\/person\/78613917f1851f041f7483f5af1d422e","name":"Sebastiano Plutino","image":{"@type":"ImageObject","inLanguage":"it-IT","@id":"https:\/\/secure.gravatar.com\/avatar\/0546ffaa9b79224faf9f2a156b67a529ae861d3287c66c1d8ccfdf909bcba78d?s=96&d=mm&r=g","url":"https:\/\/secure.gravatar.com\/avatar\/0546ffaa9b79224faf9f2a156b67a529ae861d3287c66c1d8ccfdf909bcba78d?s=96&d=mm&r=g","contentUrl":"https:\/\/secure.gravatar.com\/avatar\/0546ffaa9b79224faf9f2a156b67a529ae861d3287c66c1d8ccfdf909bcba78d?s=96&d=mm&r=g","caption":"Sebastiano Plutino"},"url":"https:\/\/progettotouring.it\/radiotouring104\/author\/sebastiano\/"}]}},"jetpack_publicize_connections":[],"jetpack_featured_media_url":"https:\/\/progettotouring.it\/radiotouring104\/wp-content\/uploads\/sites\/6\/2024\/09\/ripepi-scaled.jpg","jetpack_sharing_enabled":true,"_links":{"self":[{"href":"https:\/\/progettotouring.it\/radiotouring104\/wp-json\/wp\/v2\/posts\/57644","targetHints":{"allow":["GET"]}}],"collection":[{"href":"https:\/\/progettotouring.it\/radiotouring104\/wp-json\/wp\/v2\/posts"}],"about":[{"href":"https:\/\/progettotouring.it\/radiotouring104\/wp-json\/wp\/v2\/types\/post"}],"author":[{"embeddable":true,"href":"https:\/\/progettotouring.it\/radiotouring104\/wp-json\/wp\/v2\/users\/12"}],"replies":[{"embeddable":true,"href":"https:\/\/progettotouring.it\/radiotouring104\/wp-json\/wp\/v2\/comments?post=57644"}],"version-history":[{"count":1,"href":"https:\/\/progettotouring.it\/radiotouring104\/wp-json\/wp\/v2\/posts\/57644\/revisions"}],"predecessor-version":[{"id":57646,"href":"https:\/\/progettotouring.it\/radiotouring104\/wp-json\/wp\/v2\/posts\/57644\/revisions\/57646"}],"wp:featuredmedia":[{"embeddable":true,"href":"https:\/\/progettotouring.it\/radiotouring104\/wp-json\/wp\/v2\/media\/57645"}],"wp:attachment":[{"href":"https:\/\/progettotouring.it\/radiotouring104\/wp-json\/wp\/v2\/media?parent=57644"}],"wp:term":[{"taxonomy":"category","embeddable":true,"href":"https:\/\/progettotouring.it\/radiotouring104\/wp-json\/wp\/v2\/categories?post=57644"},{"taxonomy":"post_tag","embeddable":true,"href":"https:\/\/progettotouring.it\/radiotouring104\/wp-json\/wp\/v2\/tags?post=57644"}],"curies":[{"name":"wp","href":"https:\/\/api.w.org\/{rel}","templated":true}]}}