{"id":57676,"date":"2024-09-13T11:27:25","date_gmt":"2024-09-13T09:27:25","guid":{"rendered":"https:\/\/progettotouring.it\/radiotouring104\/?p=57676"},"modified":"2024-09-13T11:50:05","modified_gmt":"2024-09-13T09:50:05","slug":"alecci-su-alta-velocita-in-calabria-9-miliardi-di-promesse-mancate","status":"publish","type":"post","link":"https:\/\/progettotouring.it\/radiotouring104\/2024\/09\/13\/alecci-su-alta-velocita-in-calabria-9-miliardi-di-promesse-mancate\/","title":{"rendered":"Alecci su Alta Velocit\u00e0 in Calabria: &#8220;9 miliardi di promesse mancate&#8221;"},"content":{"rendered":"<p style=\"text-align: justify\"><strong>Ancora una volta il futuro della Calabria si disperde in una nebulosa di annunci,<\/strong> promesse di finanziamenti, studi di fattibilit\u00e0 e mancate progettazioni. <strong>Questa volta tocca all\u2019Alta Velocit\u00e0<\/strong> ferroviaria che dovrebbe agganciare la dorsale tirrenica da Reggio Calabria fino a Salerno. Ebbene, l\u2019ultimo annuncio parla di<em>\u00a0\u201cnove miliardi di euro da destinare all\u2019Alta velocit\u00e0 ferroviaria a favore del Mezzogiorno\u201d<\/em> che avrebbe ottenuto il parere positivo della Commissione Via del ministero dell\u2019Ambiente. Detta cos\u00ec sembrerebbe una gran bella notizia,<strong> se non fosse che, innanzitutto, questa decisione non conclude l\u2019iter approvativo perch\u00e9 mancano ulteriori pareri\u00a0prima di arrivare alla conferenza di servizi finale.<\/strong> Inoltre,<strong> sebbene il nostro Ministro dei Trasporti Matteo Salvini<\/strong> parli in toni trionfalistici di un intervento che coinvolge tre regioni, Campania, Basilicata e\u00a0Calabria, in realt\u00e0 il territorio calabrese \u00e8 interessato solo per pochi chilometri, mentre invece la nuova<strong> infrastruttura dovrebbe interessare principalmente la parte meridionale della Campania e la Basilicata, per arrivare fino a Praia. <\/strong><\/p>\n<p style=\"text-align: justify\"><strong>E dopo Praia\u2026 tutto \u00e8 nebbia<\/strong>! Il tratto verso Sud \u00e8 stato per anni al centro di una disputa progettuale tra sostenitori del collegamento Praia-Tarsia e sostenitori del collegamento Praia-Paola (che ad oggi pare sia il progetto preponderante) tra aumento dei costi, numeri infiniti di gallerie da realizzare, difficolt\u00e0 prodotte dall\u2019impatto ambientale su zone a rischio idrogeologico. Ma la cosa ancora pi\u00f9 allarmante \u00e8 che del resto della linea, fino a Reggio Calabria non c\u2019\u00e8 notizia, non c\u2019\u00e8 progetto, probabilmente non c\u2019\u00e8 speranza.<\/p>\n<p style=\"text-align: justify\"><strong>La nostra regione \u00e8 condannata a rimanere ancora una volta isolata,<\/strong> con un\u2019Alta Velocit\u00e0 \u201cfinta\u201d che non ridurr\u00e0 le distanze con i centri nevralgici della nazione. E allora basta annunci, basta promesse: la Calabria e i calabresi hanno bisogno di risposte concrete e di progetti seri. Oggi come oggi un Frecciarossa collega Roma a Milano in meno di 3 ore, mentre per la stessa distanza da Reggio Calabria a Roma ci vogliono pi\u00f9 di 5 ore e mezza, per di pi\u00f9 allo stesso prezzo. Non \u00e8 accettabile! Credo sia necessario che il Presidente Occhiuto tuteli la nostra regione anche ai tavoli pi\u00f9 importanti, dove si prendono le decisioni che decideranno il futuro dei nostri figli.<\/p>\n<p style=\"text-align: justify\"><strong>\u00a0<\/strong><\/p>\n<p><strong>\u00a0<\/strong><\/p>\n<p><strong>\u00a0<\/strong><\/p>\n","protected":false},"excerpt":{"rendered":"<p>Ancora una volta il futuro della Calabria si disperde in una nebulosa di annunci, promesse di finanziamenti, studi di fattibilit\u00e0 e mancate progettazioni. Questa volta tocca all\u2019Alta Velocit\u00e0 ferroviaria che&hellip;<\/p>\n","protected":false},"author":12,"featured_media":22505,"comment_status":"closed","ping_status":"open","sticky":false,"template":"","format":"standard","meta":{"_jetpack_memberships_contains_paid_content":false,"footnotes":"","jetpack_publicize_message":"","jetpack_publicize_feature_enabled":true,"jetpack_social_post_already_shared":false,"jetpack_social_options":{"image_generator_settings":{"template":"highway","default_image_id":0,"font":"","enabled":false},"version":2}},"categories":[142,921,150,196],"tags":[35377,35376,3889,3953],"class_list":["post-57676","post","type-post","status-publish","format-standard","has-post-thumbnail","hentry","category-calabria","category-home","category-in-primo-piano","category-news","tag-9-miliardi-di-promesse-mancate","tag-alta-velocita-in-calabria","tag-ernesto-alecci","tag-matteo-salvini"],"yoast_head":"<!-- This site is optimized with the Yoast SEO plugin v27.2 - https:\/\/yoast.com\/product\/yoast-seo-wordpress\/ -->\n<title>Alecci su Alta Velocit\u00e0 in Calabria: &quot;9 miliardi di promesse mancate&quot;<\/title>\n<meta name=\"description\" content=\"&quot;Nonostante i proclami di Salvini, la Calabria rimarr\u00e0 sempre pi\u00f9 isolata e tagliata fuori dall\u2019Alta Velocit\u00e0 ferroviaria&quot;, dichiara Alecci\" \/>\n<meta name=\"robots\" content=\"index, follow, max-snippet:-1, max-image-preview:large, max-video-preview:-1\" \/>\n<link rel=\"canonical\" href=\"https:\/\/progettotouring.it\/radiotouring104\/2024\/09\/13\/alecci-su-alta-velocita-in-calabria-9-miliardi-di-promesse-mancate\/\" \/>\n<meta property=\"og:locale\" content=\"it_IT\" \/>\n<meta property=\"og:type\" content=\"article\" \/>\n<meta property=\"og:title\" content=\"Alecci su Alta Velocit\u00e0 in Calabria: &quot;9 miliardi di promesse mancate&quot;\" \/>\n<meta property=\"og:description\" content=\"&quot;Nonostante i proclami di Salvini, la Calabria rimarr\u00e0 sempre pi\u00f9 isolata e tagliata fuori dall\u2019Alta Velocit\u00e0 ferroviaria&quot;, dichiara Alecci\" \/>\n<meta property=\"og:url\" content=\"https:\/\/progettotouring.it\/radiotouring104\/2024\/09\/13\/alecci-su-alta-velocita-in-calabria-9-miliardi-di-promesse-mancate\/\" \/>\n<meta property=\"og:site_name\" content=\"Radio Touring 104\" \/>\n<meta property=\"article:published_time\" content=\"2024-09-13T09:27:25+00:00\" \/>\n<meta property=\"article:modified_time\" content=\"2024-09-13T09:50:05+00:00\" \/>\n<meta property=\"og:image\" content=\"https:\/\/progettotouring.it\/radiotouring104\/wp-content\/uploads\/sites\/6\/2023\/04\/ernesto-alecci.jpg\" \/>\n\t<meta property=\"og:image:width\" content=\"1319\" \/>\n\t<meta property=\"og:image:height\" content=\"1600\" \/>\n\t<meta property=\"og:image:type\" content=\"image\/jpeg\" \/>\n<meta name=\"author\" content=\"Sebastiano Plutino\" \/>\n<meta name=\"twitter:card\" content=\"summary_large_image\" \/>\n<meta name=\"twitter:label1\" content=\"Scritto da\" \/>\n\t<meta name=\"twitter:data1\" content=\"Sebastiano Plutino\" \/>\n\t<meta name=\"twitter:label2\" content=\"Tempo di lettura stimato\" \/>\n\t<meta name=\"twitter:data2\" content=\"2 minuti\" \/>\n<script type=\"application\/ld+json\" class=\"yoast-schema-graph\">{\"@context\":\"https:\/\/schema.org\",\"@graph\":[{\"@type\":\"Article\",\"@id\":\"https:\/\/progettotouring.it\/radiotouring104\/2024\/09\/13\/alecci-su-alta-velocita-in-calabria-9-miliardi-di-promesse-mancate\/#article\",\"isPartOf\":{\"@id\":\"https:\/\/progettotouring.it\/radiotouring104\/2024\/09\/13\/alecci-su-alta-velocita-in-calabria-9-miliardi-di-promesse-mancate\/\"},\"author\":{\"name\":\"Sebastiano Plutino\",\"@id\":\"https:\/\/progettotouring.it\/radiotouring104\/#\/schema\/person\/78613917f1851f041f7483f5af1d422e\"},\"headline\":\"Alecci su Alta Velocit\u00e0 in Calabria: &#8220;9 miliardi di promesse mancate&#8221;\",\"datePublished\":\"2024-09-13T09:27:25+00:00\",\"dateModified\":\"2024-09-13T09:50:05+00:00\",\"mainEntityOfPage\":{\"@id\":\"https:\/\/progettotouring.it\/radiotouring104\/2024\/09\/13\/alecci-su-alta-velocita-in-calabria-9-miliardi-di-promesse-mancate\/\"},\"wordCount\":364,\"publisher\":{\"@id\":\"https:\/\/progettotouring.it\/radiotouring104\/#organization\"},\"image\":{\"@id\":\"https:\/\/progettotouring.it\/radiotouring104\/2024\/09\/13\/alecci-su-alta-velocita-in-calabria-9-miliardi-di-promesse-mancate\/#primaryimage\"},\"thumbnailUrl\":\"https:\/\/progettotouring.it\/radiotouring104\/wp-content\/uploads\/sites\/6\/2023\/04\/ernesto-alecci.jpg\",\"keywords\":[\"9 miliardi di promesse mancate\",\"alta velocit\u00e0 in Calabria\",\"Ernesto Alecci\",\"Matteo Salvini\"],\"articleSection\":[\"Calabria\",\"Home\",\"In primo piano\",\"News\"],\"inLanguage\":\"it-IT\"},{\"@type\":\"WebPage\",\"@id\":\"https:\/\/progettotouring.it\/radiotouring104\/2024\/09\/13\/alecci-su-alta-velocita-in-calabria-9-miliardi-di-promesse-mancate\/\",\"url\":\"https:\/\/progettotouring.it\/radiotouring104\/2024\/09\/13\/alecci-su-alta-velocita-in-calabria-9-miliardi-di-promesse-mancate\/\",\"name\":\"Alecci su Alta Velocit\u00e0 in Calabria: \\\"9 miliardi di promesse mancate\\\"\",\"isPartOf\":{\"@id\":\"https:\/\/progettotouring.it\/radiotouring104\/#website\"},\"primaryImageOfPage\":{\"@id\":\"https:\/\/progettotouring.it\/radiotouring104\/2024\/09\/13\/alecci-su-alta-velocita-in-calabria-9-miliardi-di-promesse-mancate\/#primaryimage\"},\"image\":{\"@id\":\"https:\/\/progettotouring.it\/radiotouring104\/2024\/09\/13\/alecci-su-alta-velocita-in-calabria-9-miliardi-di-promesse-mancate\/#primaryimage\"},\"thumbnailUrl\":\"https:\/\/progettotouring.it\/radiotouring104\/wp-content\/uploads\/sites\/6\/2023\/04\/ernesto-alecci.jpg\",\"datePublished\":\"2024-09-13T09:27:25+00:00\",\"dateModified\":\"2024-09-13T09:50:05+00:00\",\"description\":\"\\\"Nonostante i proclami di Salvini, la Calabria rimarr\u00e0 sempre pi\u00f9 isolata e tagliata fuori dall\u2019Alta Velocit\u00e0 ferroviaria\\\", dichiara Alecci\",\"breadcrumb\":{\"@id\":\"https:\/\/progettotouring.it\/radiotouring104\/2024\/09\/13\/alecci-su-alta-velocita-in-calabria-9-miliardi-di-promesse-mancate\/#breadcrumb\"},\"inLanguage\":\"it-IT\",\"potentialAction\":[{\"@type\":\"ReadAction\",\"target\":[\"https:\/\/progettotouring.it\/radiotouring104\/2024\/09\/13\/alecci-su-alta-velocita-in-calabria-9-miliardi-di-promesse-mancate\/\"]}]},{\"@type\":\"ImageObject\",\"inLanguage\":\"it-IT\",\"@id\":\"https:\/\/progettotouring.it\/radiotouring104\/2024\/09\/13\/alecci-su-alta-velocita-in-calabria-9-miliardi-di-promesse-mancate\/#primaryimage\",\"url\":\"https:\/\/progettotouring.it\/radiotouring104\/wp-content\/uploads\/sites\/6\/2023\/04\/ernesto-alecci.jpg\",\"contentUrl\":\"https:\/\/progettotouring.it\/radiotouring104\/wp-content\/uploads\/sites\/6\/2023\/04\/ernesto-alecci.jpg\",\"width\":1319,\"height\":1600},{\"@type\":\"BreadcrumbList\",\"@id\":\"https:\/\/progettotouring.it\/radiotouring104\/2024\/09\/13\/alecci-su-alta-velocita-in-calabria-9-miliardi-di-promesse-mancate\/#breadcrumb\",\"itemListElement\":[{\"@type\":\"ListItem\",\"position\":1,\"name\":\"Home\",\"item\":\"https:\/\/progettotouring.it\/radiotouring104\/\"},{\"@type\":\"ListItem\",\"position\":2,\"name\":\"Alecci su Alta Velocit\u00e0 in Calabria: &#8220;9 miliardi di promesse mancate&#8221;\"}]},{\"@type\":\"WebSite\",\"@id\":\"https:\/\/progettotouring.it\/radiotouring104\/#website\",\"url\":\"https:\/\/progettotouring.it\/radiotouring104\/\",\"name\":\"Radio Touring 104\",\"description\":\"La prima radio Reggina\",\"publisher\":{\"@id\":\"https:\/\/progettotouring.it\/radiotouring104\/#organization\"},\"potentialAction\":[{\"@type\":\"SearchAction\",\"target\":{\"@type\":\"EntryPoint\",\"urlTemplate\":\"https:\/\/progettotouring.it\/radiotouring104\/?s={search_term_string}\"},\"query-input\":{\"@type\":\"PropertyValueSpecification\",\"valueRequired\":true,\"valueName\":\"search_term_string\"}}],\"inLanguage\":\"it-IT\"},{\"@type\":\"Organization\",\"@id\":\"https:\/\/progettotouring.it\/radiotouring104\/#organization\",\"name\":\"Radio Touring 104\",\"url\":\"https:\/\/progettotouring.it\/radiotouring104\/\",\"logo\":{\"@type\":\"ImageObject\",\"inLanguage\":\"it-IT\",\"@id\":\"https:\/\/progettotouring.it\/radiotouring104\/#\/schema\/logo\/image\/\",\"url\":\"https:\/\/progettotouring.it\/radiotouring104\/wp-content\/uploads\/sites\/6\/2022\/02\/cropped-logo-radio-touring-104.png\",\"contentUrl\":\"https:\/\/progettotouring.it\/radiotouring104\/wp-content\/uploads\/sites\/6\/2022\/02\/cropped-logo-radio-touring-104.png\",\"width\":377,\"height\":182,\"caption\":\"Radio Touring 104\"},\"image\":{\"@id\":\"https:\/\/progettotouring.it\/radiotouring104\/#\/schema\/logo\/image\/\"}},{\"@type\":\"Person\",\"@id\":\"https:\/\/progettotouring.it\/radiotouring104\/#\/schema\/person\/78613917f1851f041f7483f5af1d422e\",\"name\":\"Sebastiano Plutino\",\"image\":{\"@type\":\"ImageObject\",\"inLanguage\":\"it-IT\",\"@id\":\"https:\/\/secure.gravatar.com\/avatar\/0546ffaa9b79224faf9f2a156b67a529ae861d3287c66c1d8ccfdf909bcba78d?s=96&d=mm&r=g\",\"url\":\"https:\/\/secure.gravatar.com\/avatar\/0546ffaa9b79224faf9f2a156b67a529ae861d3287c66c1d8ccfdf909bcba78d?s=96&d=mm&r=g\",\"contentUrl\":\"https:\/\/secure.gravatar.com\/avatar\/0546ffaa9b79224faf9f2a156b67a529ae861d3287c66c1d8ccfdf909bcba78d?s=96&d=mm&r=g\",\"caption\":\"Sebastiano Plutino\"},\"url\":\"https:\/\/progettotouring.it\/radiotouring104\/author\/sebastiano\/\"}]}<\/script>\n<!-- \/ Yoast SEO plugin. -->","yoast_head_json":{"title":"Alecci su Alta Velocit\u00e0 in Calabria: \"9 miliardi di promesse mancate\"","description":"\"Nonostante i proclami di Salvini, la Calabria rimarr\u00e0 sempre pi\u00f9 isolata e tagliata fuori dall\u2019Alta Velocit\u00e0 ferroviaria\", dichiara Alecci","robots":{"index":"index","follow":"follow","max-snippet":"max-snippet:-1","max-image-preview":"max-image-preview:large","max-video-preview":"max-video-preview:-1"},"canonical":"https:\/\/progettotouring.it\/radiotouring104\/2024\/09\/13\/alecci-su-alta-velocita-in-calabria-9-miliardi-di-promesse-mancate\/","og_locale":"it_IT","og_type":"article","og_title":"Alecci su Alta Velocit\u00e0 in Calabria: \"9 miliardi di promesse mancate\"","og_description":"\"Nonostante i proclami di Salvini, la Calabria rimarr\u00e0 sempre pi\u00f9 isolata e tagliata fuori dall\u2019Alta Velocit\u00e0 ferroviaria\", dichiara Alecci","og_url":"https:\/\/progettotouring.it\/radiotouring104\/2024\/09\/13\/alecci-su-alta-velocita-in-calabria-9-miliardi-di-promesse-mancate\/","og_site_name":"Radio Touring 104","article_published_time":"2024-09-13T09:27:25+00:00","article_modified_time":"2024-09-13T09:50:05+00:00","og_image":[{"width":1319,"height":1600,"url":"https:\/\/progettotouring.it\/radiotouring104\/wp-content\/uploads\/sites\/6\/2023\/04\/ernesto-alecci.jpg","type":"image\/jpeg"}],"author":"Sebastiano Plutino","twitter_card":"summary_large_image","twitter_misc":{"Scritto da":"Sebastiano Plutino","Tempo di lettura stimato":"2 minuti"},"schema":{"@context":"https:\/\/schema.org","@graph":[{"@type":"Article","@id":"https:\/\/progettotouring.it\/radiotouring104\/2024\/09\/13\/alecci-su-alta-velocita-in-calabria-9-miliardi-di-promesse-mancate\/#article","isPartOf":{"@id":"https:\/\/progettotouring.it\/radiotouring104\/2024\/09\/13\/alecci-su-alta-velocita-in-calabria-9-miliardi-di-promesse-mancate\/"},"author":{"name":"Sebastiano Plutino","@id":"https:\/\/progettotouring.it\/radiotouring104\/#\/schema\/person\/78613917f1851f041f7483f5af1d422e"},"headline":"Alecci su Alta Velocit\u00e0 in Calabria: &#8220;9 miliardi di promesse mancate&#8221;","datePublished":"2024-09-13T09:27:25+00:00","dateModified":"2024-09-13T09:50:05+00:00","mainEntityOfPage":{"@id":"https:\/\/progettotouring.it\/radiotouring104\/2024\/09\/13\/alecci-su-alta-velocita-in-calabria-9-miliardi-di-promesse-mancate\/"},"wordCount":364,"publisher":{"@id":"https:\/\/progettotouring.it\/radiotouring104\/#organization"},"image":{"@id":"https:\/\/progettotouring.it\/radiotouring104\/2024\/09\/13\/alecci-su-alta-velocita-in-calabria-9-miliardi-di-promesse-mancate\/#primaryimage"},"thumbnailUrl":"https:\/\/progettotouring.it\/radiotouring104\/wp-content\/uploads\/sites\/6\/2023\/04\/ernesto-alecci.jpg","keywords":["9 miliardi di promesse mancate","alta velocit\u00e0 in Calabria","Ernesto Alecci","Matteo Salvini"],"articleSection":["Calabria","Home","In primo piano","News"],"inLanguage":"it-IT"},{"@type":"WebPage","@id":"https:\/\/progettotouring.it\/radiotouring104\/2024\/09\/13\/alecci-su-alta-velocita-in-calabria-9-miliardi-di-promesse-mancate\/","url":"https:\/\/progettotouring.it\/radiotouring104\/2024\/09\/13\/alecci-su-alta-velocita-in-calabria-9-miliardi-di-promesse-mancate\/","name":"Alecci su Alta Velocit\u00e0 in Calabria: \"9 miliardi di promesse mancate\"","isPartOf":{"@id":"https:\/\/progettotouring.it\/radiotouring104\/#website"},"primaryImageOfPage":{"@id":"https:\/\/progettotouring.it\/radiotouring104\/2024\/09\/13\/alecci-su-alta-velocita-in-calabria-9-miliardi-di-promesse-mancate\/#primaryimage"},"image":{"@id":"https:\/\/progettotouring.it\/radiotouring104\/2024\/09\/13\/alecci-su-alta-velocita-in-calabria-9-miliardi-di-promesse-mancate\/#primaryimage"},"thumbnailUrl":"https:\/\/progettotouring.it\/radiotouring104\/wp-content\/uploads\/sites\/6\/2023\/04\/ernesto-alecci.jpg","datePublished":"2024-09-13T09:27:25+00:00","dateModified":"2024-09-13T09:50:05+00:00","description":"\"Nonostante i proclami di Salvini, la Calabria rimarr\u00e0 sempre pi\u00f9 isolata e tagliata fuori dall\u2019Alta Velocit\u00e0 ferroviaria\", dichiara Alecci","breadcrumb":{"@id":"https:\/\/progettotouring.it\/radiotouring104\/2024\/09\/13\/alecci-su-alta-velocita-in-calabria-9-miliardi-di-promesse-mancate\/#breadcrumb"},"inLanguage":"it-IT","potentialAction":[{"@type":"ReadAction","target":["https:\/\/progettotouring.it\/radiotouring104\/2024\/09\/13\/alecci-su-alta-velocita-in-calabria-9-miliardi-di-promesse-mancate\/"]}]},{"@type":"ImageObject","inLanguage":"it-IT","@id":"https:\/\/progettotouring.it\/radiotouring104\/2024\/09\/13\/alecci-su-alta-velocita-in-calabria-9-miliardi-di-promesse-mancate\/#primaryimage","url":"https:\/\/progettotouring.it\/radiotouring104\/wp-content\/uploads\/sites\/6\/2023\/04\/ernesto-alecci.jpg","contentUrl":"https:\/\/progettotouring.it\/radiotouring104\/wp-content\/uploads\/sites\/6\/2023\/04\/ernesto-alecci.jpg","width":1319,"height":1600},{"@type":"BreadcrumbList","@id":"https:\/\/progettotouring.it\/radiotouring104\/2024\/09\/13\/alecci-su-alta-velocita-in-calabria-9-miliardi-di-promesse-mancate\/#breadcrumb","itemListElement":[{"@type":"ListItem","position":1,"name":"Home","item":"https:\/\/progettotouring.it\/radiotouring104\/"},{"@type":"ListItem","position":2,"name":"Alecci su Alta Velocit\u00e0 in Calabria: &#8220;9 miliardi di promesse mancate&#8221;"}]},{"@type":"WebSite","@id":"https:\/\/progettotouring.it\/radiotouring104\/#website","url":"https:\/\/progettotouring.it\/radiotouring104\/","name":"Radio Touring 104","description":"La prima radio Reggina","publisher":{"@id":"https:\/\/progettotouring.it\/radiotouring104\/#organization"},"potentialAction":[{"@type":"SearchAction","target":{"@type":"EntryPoint","urlTemplate":"https:\/\/progettotouring.it\/radiotouring104\/?s={search_term_string}"},"query-input":{"@type":"PropertyValueSpecification","valueRequired":true,"valueName":"search_term_string"}}],"inLanguage":"it-IT"},{"@type":"Organization","@id":"https:\/\/progettotouring.it\/radiotouring104\/#organization","name":"Radio Touring 104","url":"https:\/\/progettotouring.it\/radiotouring104\/","logo":{"@type":"ImageObject","inLanguage":"it-IT","@id":"https:\/\/progettotouring.it\/radiotouring104\/#\/schema\/logo\/image\/","url":"https:\/\/progettotouring.it\/radiotouring104\/wp-content\/uploads\/sites\/6\/2022\/02\/cropped-logo-radio-touring-104.png","contentUrl":"https:\/\/progettotouring.it\/radiotouring104\/wp-content\/uploads\/sites\/6\/2022\/02\/cropped-logo-radio-touring-104.png","width":377,"height":182,"caption":"Radio Touring 104"},"image":{"@id":"https:\/\/progettotouring.it\/radiotouring104\/#\/schema\/logo\/image\/"}},{"@type":"Person","@id":"https:\/\/progettotouring.it\/radiotouring104\/#\/schema\/person\/78613917f1851f041f7483f5af1d422e","name":"Sebastiano Plutino","image":{"@type":"ImageObject","inLanguage":"it-IT","@id":"https:\/\/secure.gravatar.com\/avatar\/0546ffaa9b79224faf9f2a156b67a529ae861d3287c66c1d8ccfdf909bcba78d?s=96&d=mm&r=g","url":"https:\/\/secure.gravatar.com\/avatar\/0546ffaa9b79224faf9f2a156b67a529ae861d3287c66c1d8ccfdf909bcba78d?s=96&d=mm&r=g","contentUrl":"https:\/\/secure.gravatar.com\/avatar\/0546ffaa9b79224faf9f2a156b67a529ae861d3287c66c1d8ccfdf909bcba78d?s=96&d=mm&r=g","caption":"Sebastiano Plutino"},"url":"https:\/\/progettotouring.it\/radiotouring104\/author\/sebastiano\/"}]}},"jetpack_publicize_connections":[],"jetpack_featured_media_url":"https:\/\/progettotouring.it\/radiotouring104\/wp-content\/uploads\/sites\/6\/2023\/04\/ernesto-alecci.jpg","jetpack_sharing_enabled":true,"_links":{"self":[{"href":"https:\/\/progettotouring.it\/radiotouring104\/wp-json\/wp\/v2\/posts\/57676","targetHints":{"allow":["GET"]}}],"collection":[{"href":"https:\/\/progettotouring.it\/radiotouring104\/wp-json\/wp\/v2\/posts"}],"about":[{"href":"https:\/\/progettotouring.it\/radiotouring104\/wp-json\/wp\/v2\/types\/post"}],"author":[{"embeddable":true,"href":"https:\/\/progettotouring.it\/radiotouring104\/wp-json\/wp\/v2\/users\/12"}],"replies":[{"embeddable":true,"href":"https:\/\/progettotouring.it\/radiotouring104\/wp-json\/wp\/v2\/comments?post=57676"}],"version-history":[{"count":2,"href":"https:\/\/progettotouring.it\/radiotouring104\/wp-json\/wp\/v2\/posts\/57676\/revisions"}],"predecessor-version":[{"id":57684,"href":"https:\/\/progettotouring.it\/radiotouring104\/wp-json\/wp\/v2\/posts\/57676\/revisions\/57684"}],"wp:featuredmedia":[{"embeddable":true,"href":"https:\/\/progettotouring.it\/radiotouring104\/wp-json\/wp\/v2\/media\/22505"}],"wp:attachment":[{"href":"https:\/\/progettotouring.it\/radiotouring104\/wp-json\/wp\/v2\/media?parent=57676"}],"wp:term":[{"taxonomy":"category","embeddable":true,"href":"https:\/\/progettotouring.it\/radiotouring104\/wp-json\/wp\/v2\/categories?post=57676"},{"taxonomy":"post_tag","embeddable":true,"href":"https:\/\/progettotouring.it\/radiotouring104\/wp-json\/wp\/v2\/tags?post=57676"}],"curies":[{"name":"wp","href":"https:\/\/api.w.org\/{rel}","templated":true}]}}