{"id":57729,"date":"2024-09-15T23:48:11","date_gmt":"2024-09-15T21:48:11","guid":{"rendered":"https:\/\/progettotouring.it\/radiotouring104\/?p=57729"},"modified":"2024-09-16T09:21:02","modified_gmt":"2024-09-16T07:21:02","slug":"la-reggina-stecca-lesordio-al-granillo","status":"publish","type":"post","link":"https:\/\/progettotouring.it\/radiotouring104\/2024\/09\/15\/la-reggina-stecca-lesordio-al-granillo\/","title":{"rendered":"La Reggina stecca l&#8217;esordio al Granillo"},"content":{"rendered":"<p>Esordio in casa con sconfitta a conferma, ancora una volta, della sfavorevole tradizione che accompagna le partite casalinghe della Reggina concomitanti con le Festivit\u00e0 Mariane.<\/p>\n<p>Oggi la sconfitta, per\u00f2, non \u00e8 imputabile alla mala sorte: Becchi, portiere della Scafatese, non ha effettuato alcuna parata degna di nota mettendosi in evidenza solo per qualche avventurosa uscita alta e per i malcelati tentativi di perdita di tempo che hanno stizzito il pubblico di casa.<\/p>\n<p>A fine gara Mister Pergolizzi ha minimizzato la sconfitta evidenziando il possesso palla della propria squadra anche se caratterizzato da troppi errori di passaggio nonch\u00e9 dalla scelta di attaccare sulle fasce e meno centralmente.<\/p>\n<p>Siamo alla seconda giornata e concordiamo sulla necessit\u00e0 di dover metabolizzare la sconfitta senza eccessi critici ma non abbiamo avuto la medesima lettura\u00a0 dell&#8217;allenatore sotto l&#8217;aspetto tattico ( leggi formazione e cambi).<\/p>\n<p>il Mister ha parlato di una Scafatese che, da buona squadra, ha chiuso gli spazi centrali serrando le fila tra le linee di difesa e di\u00a0 centrocampo. Nello stesso tempo, come gi\u00e0 detto, avrebbe voluto che la Reggina attaccasse centralmente.<\/p>\n<p>Noi, invece, proprio per la condotta tattica della squadra avversaria,\u00a0 ci saremmo attesi maggiori attacchi laterali. Inoltre riteniamo che, passati in svantaggio, i nostri centrocampisti odierni, di gamba e progressione, non fossero a proprio agio al cospetto della difesa bloccata avversaria.<\/p>\n<p>Si \u00e8 avvertita l&#8217;assenza di chi detta i tempi di gioco;\u00a0 probabilmente Urso \u00e8 in ritardo di preparazione e abbiamo pensato a Laaribi come uomo d&#8217;ordine ( Salandria non era neanche in panchina ): oggi questo ruolo \u00e8 stato diligentemente svolto da Ba che, per\u00f2, eccelle nel recuperare palloni, nell&#8217;opporsi a tutti gli attacchi ma che, evidentemente,\u00a0 non \u00e8 il regista capace di dare velocit\u00e0 alle giocate con palle precise e di qualit\u00e0 in grado di mettere in difficolt\u00e0 una difesa schierata.<\/p>\n<p>Insufficiente a nostro avviso la\u00a0 terna arbitrale che, pur senza errori marchiani, non ha punito adeguatamente i numerosi e sistematici falli avversari; discutibili alcuni fuorigioco dei nostri attaccanti segnalati dal guardalinee.<\/p>\n<p>&nbsp;<\/p>\n","protected":false},"excerpt":{"rendered":"<p>Esordio in casa con sconfitta a conferma, ancora una volta, della sfavorevole tradizione che accompagna le partite casalinghe della Reggina concomitanti con le Festivit\u00e0 Mariane. Oggi la sconfitta, per\u00f2, non&hellip;<\/p>\n","protected":false},"author":19,"featured_media":57560,"comment_status":"closed","ping_status":"open","sticky":false,"template":"","format":"standard","meta":{"_jetpack_memberships_contains_paid_content":false,"footnotes":"","jetpack_publicize_message":"","jetpack_publicize_feature_enabled":true,"jetpack_social_post_already_shared":false,"jetpack_social_options":{"image_generator_settings":{"template":"highway","default_image_id":0,"font":"","enabled":false},"version":2}},"categories":[196,140,144],"tags":[],"class_list":["post-57729","post","type-post","status-publish","format-standard","has-post-thumbnail","hentry","category-news","category-reggio-calabria","category-sport"],"yoast_head":"<!-- This site is optimized with the Yoast SEO plugin v27.2 - https:\/\/yoast.com\/product\/yoast-seo-wordpress\/ -->\n<title>La Reggina stecca l&#039;esordio al Granillo - Radio Touring 104<\/title>\n<meta name=\"description\" content=\"La Scafatese segna su rigore a met\u00e0 primo tempo e difende il risultato senza grossi rischi\" \/>\n<meta name=\"robots\" content=\"index, follow, max-snippet:-1, max-image-preview:large, max-video-preview:-1\" \/>\n<link rel=\"canonical\" href=\"https:\/\/progettotouring.it\/radiotouring104\/2024\/09\/15\/la-reggina-stecca-lesordio-al-granillo\/\" \/>\n<meta property=\"og:locale\" content=\"it_IT\" \/>\n<meta property=\"og:type\" content=\"article\" \/>\n<meta property=\"og:title\" content=\"La Reggina stecca l&#039;esordio al Granillo - Radio Touring 104\" \/>\n<meta property=\"og:description\" content=\"La Scafatese segna su rigore a met\u00e0 primo tempo e difende il risultato senza grossi rischi\" \/>\n<meta property=\"og:url\" content=\"https:\/\/progettotouring.it\/radiotouring104\/2024\/09\/15\/la-reggina-stecca-lesordio-al-granillo\/\" \/>\n<meta property=\"og:site_name\" content=\"Radio Touring 104\" \/>\n<meta property=\"article:published_time\" content=\"2024-09-15T21:48:11+00:00\" \/>\n<meta property=\"article:modified_time\" content=\"2024-09-16T07:21:02+00:00\" \/>\n<meta property=\"og:image\" content=\"https:\/\/progettotouring.it\/radiotouring104\/wp-content\/uploads\/sites\/6\/2024\/09\/logo-reggina-scafatese.jpg\" \/>\n\t<meta property=\"og:image:width\" content=\"1152\" \/>\n\t<meta property=\"og:image:height\" content=\"648\" \/>\n\t<meta property=\"og:image:type\" content=\"image\/jpeg\" \/>\n<meta name=\"author\" content=\"S L\" \/>\n<meta name=\"twitter:card\" content=\"summary_large_image\" \/>\n<meta name=\"twitter:label1\" content=\"Scritto da\" \/>\n\t<meta name=\"twitter:data1\" content=\"S L\" \/>\n\t<meta name=\"twitter:label2\" content=\"Tempo di lettura stimato\" \/>\n\t<meta name=\"twitter:data2\" content=\"2 minuti\" \/>\n<script type=\"application\/ld+json\" class=\"yoast-schema-graph\">{\"@context\":\"https:\/\/schema.org\",\"@graph\":[{\"@type\":\"Article\",\"@id\":\"https:\/\/progettotouring.it\/radiotouring104\/2024\/09\/15\/la-reggina-stecca-lesordio-al-granillo\/#article\",\"isPartOf\":{\"@id\":\"https:\/\/progettotouring.it\/radiotouring104\/2024\/09\/15\/la-reggina-stecca-lesordio-al-granillo\/\"},\"author\":{\"name\":\"S L\",\"@id\":\"https:\/\/progettotouring.it\/radiotouring104\/#\/schema\/person\/b9f9c3730b0a78814c9b9f3bfc52c619\"},\"headline\":\"La Reggina stecca l&#8217;esordio al Granillo\",\"datePublished\":\"2024-09-15T21:48:11+00:00\",\"dateModified\":\"2024-09-16T07:21:02+00:00\",\"mainEntityOfPage\":{\"@id\":\"https:\/\/progettotouring.it\/radiotouring104\/2024\/09\/15\/la-reggina-stecca-lesordio-al-granillo\/\"},\"wordCount\":331,\"publisher\":{\"@id\":\"https:\/\/progettotouring.it\/radiotouring104\/#organization\"},\"image\":{\"@id\":\"https:\/\/progettotouring.it\/radiotouring104\/2024\/09\/15\/la-reggina-stecca-lesordio-al-granillo\/#primaryimage\"},\"thumbnailUrl\":\"https:\/\/progettotouring.it\/radiotouring104\/wp-content\/uploads\/sites\/6\/2024\/09\/logo-reggina-scafatese-e1747327750683.jpg\",\"articleSection\":[\"News\",\"Reggio Calabria\",\"Sport\"],\"inLanguage\":\"it-IT\"},{\"@type\":\"WebPage\",\"@id\":\"https:\/\/progettotouring.it\/radiotouring104\/2024\/09\/15\/la-reggina-stecca-lesordio-al-granillo\/\",\"url\":\"https:\/\/progettotouring.it\/radiotouring104\/2024\/09\/15\/la-reggina-stecca-lesordio-al-granillo\/\",\"name\":\"La Reggina stecca l'esordio al Granillo - Radio Touring 104\",\"isPartOf\":{\"@id\":\"https:\/\/progettotouring.it\/radiotouring104\/#website\"},\"primaryImageOfPage\":{\"@id\":\"https:\/\/progettotouring.it\/radiotouring104\/2024\/09\/15\/la-reggina-stecca-lesordio-al-granillo\/#primaryimage\"},\"image\":{\"@id\":\"https:\/\/progettotouring.it\/radiotouring104\/2024\/09\/15\/la-reggina-stecca-lesordio-al-granillo\/#primaryimage\"},\"thumbnailUrl\":\"https:\/\/progettotouring.it\/radiotouring104\/wp-content\/uploads\/sites\/6\/2024\/09\/logo-reggina-scafatese-e1747327750683.jpg\",\"datePublished\":\"2024-09-15T21:48:11+00:00\",\"dateModified\":\"2024-09-16T07:21:02+00:00\",\"description\":\"La Scafatese segna su rigore a met\u00e0 primo tempo e difende il risultato senza grossi rischi\",\"breadcrumb\":{\"@id\":\"https:\/\/progettotouring.it\/radiotouring104\/2024\/09\/15\/la-reggina-stecca-lesordio-al-granillo\/#breadcrumb\"},\"inLanguage\":\"it-IT\",\"potentialAction\":[{\"@type\":\"ReadAction\",\"target\":[\"https:\/\/progettotouring.it\/radiotouring104\/2024\/09\/15\/la-reggina-stecca-lesordio-al-granillo\/\"]}]},{\"@type\":\"ImageObject\",\"inLanguage\":\"it-IT\",\"@id\":\"https:\/\/progettotouring.it\/radiotouring104\/2024\/09\/15\/la-reggina-stecca-lesordio-al-granillo\/#primaryimage\",\"url\":\"https:\/\/progettotouring.it\/radiotouring104\/wp-content\/uploads\/sites\/6\/2024\/09\/logo-reggina-scafatese-e1747327750683.jpg\",\"contentUrl\":\"https:\/\/progettotouring.it\/radiotouring104\/wp-content\/uploads\/sites\/6\/2024\/09\/logo-reggina-scafatese-e1747327750683.jpg\",\"width\":460,\"height\":242},{\"@type\":\"BreadcrumbList\",\"@id\":\"https:\/\/progettotouring.it\/radiotouring104\/2024\/09\/15\/la-reggina-stecca-lesordio-al-granillo\/#breadcrumb\",\"itemListElement\":[{\"@type\":\"ListItem\",\"position\":1,\"name\":\"Home\",\"item\":\"https:\/\/progettotouring.it\/radiotouring104\/\"},{\"@type\":\"ListItem\",\"position\":2,\"name\":\"La Reggina stecca l&#8217;esordio al Granillo\"}]},{\"@type\":\"WebSite\",\"@id\":\"https:\/\/progettotouring.it\/radiotouring104\/#website\",\"url\":\"https:\/\/progettotouring.it\/radiotouring104\/\",\"name\":\"Radio Touring 104\",\"description\":\"La prima radio Reggina\",\"publisher\":{\"@id\":\"https:\/\/progettotouring.it\/radiotouring104\/#organization\"},\"potentialAction\":[{\"@type\":\"SearchAction\",\"target\":{\"@type\":\"EntryPoint\",\"urlTemplate\":\"https:\/\/progettotouring.it\/radiotouring104\/?s={search_term_string}\"},\"query-input\":{\"@type\":\"PropertyValueSpecification\",\"valueRequired\":true,\"valueName\":\"search_term_string\"}}],\"inLanguage\":\"it-IT\"},{\"@type\":\"Organization\",\"@id\":\"https:\/\/progettotouring.it\/radiotouring104\/#organization\",\"name\":\"Radio Touring 104\",\"url\":\"https:\/\/progettotouring.it\/radiotouring104\/\",\"logo\":{\"@type\":\"ImageObject\",\"inLanguage\":\"it-IT\",\"@id\":\"https:\/\/progettotouring.it\/radiotouring104\/#\/schema\/logo\/image\/\",\"url\":\"https:\/\/progettotouring.it\/radiotouring104\/wp-content\/uploads\/sites\/6\/2022\/02\/cropped-logo-radio-touring-104.png\",\"contentUrl\":\"https:\/\/progettotouring.it\/radiotouring104\/wp-content\/uploads\/sites\/6\/2022\/02\/cropped-logo-radio-touring-104.png\",\"width\":377,\"height\":182,\"caption\":\"Radio Touring 104\"},\"image\":{\"@id\":\"https:\/\/progettotouring.it\/radiotouring104\/#\/schema\/logo\/image\/\"}},{\"@type\":\"Person\",\"@id\":\"https:\/\/progettotouring.it\/radiotouring104\/#\/schema\/person\/b9f9c3730b0a78814c9b9f3bfc52c619\",\"name\":\"S L\",\"image\":{\"@type\":\"ImageObject\",\"inLanguage\":\"it-IT\",\"@id\":\"https:\/\/secure.gravatar.com\/avatar\/652c51789d7030aaed9ff828331360502a68204fe6fb0831bc280515210e16d2?s=96&d=mm&r=g\",\"url\":\"https:\/\/secure.gravatar.com\/avatar\/652c51789d7030aaed9ff828331360502a68204fe6fb0831bc280515210e16d2?s=96&d=mm&r=g\",\"contentUrl\":\"https:\/\/secure.gravatar.com\/avatar\/652c51789d7030aaed9ff828331360502a68204fe6fb0831bc280515210e16d2?s=96&d=mm&r=g\",\"caption\":\"S L\"},\"url\":\"https:\/\/progettotouring.it\/radiotouring104\/author\/slibri\/\"}]}<\/script>\n<!-- \/ Yoast SEO plugin. -->","yoast_head_json":{"title":"La Reggina stecca l'esordio al Granillo - Radio Touring 104","description":"La Scafatese segna su rigore a met\u00e0 primo tempo e difende il risultato senza grossi rischi","robots":{"index":"index","follow":"follow","max-snippet":"max-snippet:-1","max-image-preview":"max-image-preview:large","max-video-preview":"max-video-preview:-1"},"canonical":"https:\/\/progettotouring.it\/radiotouring104\/2024\/09\/15\/la-reggina-stecca-lesordio-al-granillo\/","og_locale":"it_IT","og_type":"article","og_title":"La Reggina stecca l'esordio al Granillo - Radio Touring 104","og_description":"La Scafatese segna su rigore a met\u00e0 primo tempo e difende il risultato senza grossi rischi","og_url":"https:\/\/progettotouring.it\/radiotouring104\/2024\/09\/15\/la-reggina-stecca-lesordio-al-granillo\/","og_site_name":"Radio Touring 104","article_published_time":"2024-09-15T21:48:11+00:00","article_modified_time":"2024-09-16T07:21:02+00:00","og_image":[{"width":1152,"height":648,"url":"https:\/\/progettotouring.it\/radiotouring104\/wp-content\/uploads\/sites\/6\/2024\/09\/logo-reggina-scafatese.jpg","type":"image\/jpeg"}],"author":"S L","twitter_card":"summary_large_image","twitter_misc":{"Scritto da":"S L","Tempo di lettura stimato":"2 minuti"},"schema":{"@context":"https:\/\/schema.org","@graph":[{"@type":"Article","@id":"https:\/\/progettotouring.it\/radiotouring104\/2024\/09\/15\/la-reggina-stecca-lesordio-al-granillo\/#article","isPartOf":{"@id":"https:\/\/progettotouring.it\/radiotouring104\/2024\/09\/15\/la-reggina-stecca-lesordio-al-granillo\/"},"author":{"name":"S L","@id":"https:\/\/progettotouring.it\/radiotouring104\/#\/schema\/person\/b9f9c3730b0a78814c9b9f3bfc52c619"},"headline":"La Reggina stecca l&#8217;esordio al Granillo","datePublished":"2024-09-15T21:48:11+00:00","dateModified":"2024-09-16T07:21:02+00:00","mainEntityOfPage":{"@id":"https:\/\/progettotouring.it\/radiotouring104\/2024\/09\/15\/la-reggina-stecca-lesordio-al-granillo\/"},"wordCount":331,"publisher":{"@id":"https:\/\/progettotouring.it\/radiotouring104\/#organization"},"image":{"@id":"https:\/\/progettotouring.it\/radiotouring104\/2024\/09\/15\/la-reggina-stecca-lesordio-al-granillo\/#primaryimage"},"thumbnailUrl":"https:\/\/progettotouring.it\/radiotouring104\/wp-content\/uploads\/sites\/6\/2024\/09\/logo-reggina-scafatese-e1747327750683.jpg","articleSection":["News","Reggio Calabria","Sport"],"inLanguage":"it-IT"},{"@type":"WebPage","@id":"https:\/\/progettotouring.it\/radiotouring104\/2024\/09\/15\/la-reggina-stecca-lesordio-al-granillo\/","url":"https:\/\/progettotouring.it\/radiotouring104\/2024\/09\/15\/la-reggina-stecca-lesordio-al-granillo\/","name":"La Reggina stecca l'esordio al Granillo - Radio Touring 104","isPartOf":{"@id":"https:\/\/progettotouring.it\/radiotouring104\/#website"},"primaryImageOfPage":{"@id":"https:\/\/progettotouring.it\/radiotouring104\/2024\/09\/15\/la-reggina-stecca-lesordio-al-granillo\/#primaryimage"},"image":{"@id":"https:\/\/progettotouring.it\/radiotouring104\/2024\/09\/15\/la-reggina-stecca-lesordio-al-granillo\/#primaryimage"},"thumbnailUrl":"https:\/\/progettotouring.it\/radiotouring104\/wp-content\/uploads\/sites\/6\/2024\/09\/logo-reggina-scafatese-e1747327750683.jpg","datePublished":"2024-09-15T21:48:11+00:00","dateModified":"2024-09-16T07:21:02+00:00","description":"La Scafatese segna su rigore a met\u00e0 primo tempo e difende il risultato senza grossi rischi","breadcrumb":{"@id":"https:\/\/progettotouring.it\/radiotouring104\/2024\/09\/15\/la-reggina-stecca-lesordio-al-granillo\/#breadcrumb"},"inLanguage":"it-IT","potentialAction":[{"@type":"ReadAction","target":["https:\/\/progettotouring.it\/radiotouring104\/2024\/09\/15\/la-reggina-stecca-lesordio-al-granillo\/"]}]},{"@type":"ImageObject","inLanguage":"it-IT","@id":"https:\/\/progettotouring.it\/radiotouring104\/2024\/09\/15\/la-reggina-stecca-lesordio-al-granillo\/#primaryimage","url":"https:\/\/progettotouring.it\/radiotouring104\/wp-content\/uploads\/sites\/6\/2024\/09\/logo-reggina-scafatese-e1747327750683.jpg","contentUrl":"https:\/\/progettotouring.it\/radiotouring104\/wp-content\/uploads\/sites\/6\/2024\/09\/logo-reggina-scafatese-e1747327750683.jpg","width":460,"height":242},{"@type":"BreadcrumbList","@id":"https:\/\/progettotouring.it\/radiotouring104\/2024\/09\/15\/la-reggina-stecca-lesordio-al-granillo\/#breadcrumb","itemListElement":[{"@type":"ListItem","position":1,"name":"Home","item":"https:\/\/progettotouring.it\/radiotouring104\/"},{"@type":"ListItem","position":2,"name":"La Reggina stecca l&#8217;esordio al Granillo"}]},{"@type":"WebSite","@id":"https:\/\/progettotouring.it\/radiotouring104\/#website","url":"https:\/\/progettotouring.it\/radiotouring104\/","name":"Radio Touring 104","description":"La prima radio Reggina","publisher":{"@id":"https:\/\/progettotouring.it\/radiotouring104\/#organization"},"potentialAction":[{"@type":"SearchAction","target":{"@type":"EntryPoint","urlTemplate":"https:\/\/progettotouring.it\/radiotouring104\/?s={search_term_string}"},"query-input":{"@type":"PropertyValueSpecification","valueRequired":true,"valueName":"search_term_string"}}],"inLanguage":"it-IT"},{"@type":"Organization","@id":"https:\/\/progettotouring.it\/radiotouring104\/#organization","name":"Radio Touring 104","url":"https:\/\/progettotouring.it\/radiotouring104\/","logo":{"@type":"ImageObject","inLanguage":"it-IT","@id":"https:\/\/progettotouring.it\/radiotouring104\/#\/schema\/logo\/image\/","url":"https:\/\/progettotouring.it\/radiotouring104\/wp-content\/uploads\/sites\/6\/2022\/02\/cropped-logo-radio-touring-104.png","contentUrl":"https:\/\/progettotouring.it\/radiotouring104\/wp-content\/uploads\/sites\/6\/2022\/02\/cropped-logo-radio-touring-104.png","width":377,"height":182,"caption":"Radio Touring 104"},"image":{"@id":"https:\/\/progettotouring.it\/radiotouring104\/#\/schema\/logo\/image\/"}},{"@type":"Person","@id":"https:\/\/progettotouring.it\/radiotouring104\/#\/schema\/person\/b9f9c3730b0a78814c9b9f3bfc52c619","name":"S L","image":{"@type":"ImageObject","inLanguage":"it-IT","@id":"https:\/\/secure.gravatar.com\/avatar\/652c51789d7030aaed9ff828331360502a68204fe6fb0831bc280515210e16d2?s=96&d=mm&r=g","url":"https:\/\/secure.gravatar.com\/avatar\/652c51789d7030aaed9ff828331360502a68204fe6fb0831bc280515210e16d2?s=96&d=mm&r=g","contentUrl":"https:\/\/secure.gravatar.com\/avatar\/652c51789d7030aaed9ff828331360502a68204fe6fb0831bc280515210e16d2?s=96&d=mm&r=g","caption":"S L"},"url":"https:\/\/progettotouring.it\/radiotouring104\/author\/slibri\/"}]}},"jetpack_publicize_connections":[],"jetpack_featured_media_url":"https:\/\/progettotouring.it\/radiotouring104\/wp-content\/uploads\/sites\/6\/2024\/09\/logo-reggina-scafatese-e1747327750683.jpg","jetpack_sharing_enabled":true,"_links":{"self":[{"href":"https:\/\/progettotouring.it\/radiotouring104\/wp-json\/wp\/v2\/posts\/57729","targetHints":{"allow":["GET"]}}],"collection":[{"href":"https:\/\/progettotouring.it\/radiotouring104\/wp-json\/wp\/v2\/posts"}],"about":[{"href":"https:\/\/progettotouring.it\/radiotouring104\/wp-json\/wp\/v2\/types\/post"}],"author":[{"embeddable":true,"href":"https:\/\/progettotouring.it\/radiotouring104\/wp-json\/wp\/v2\/users\/19"}],"replies":[{"embeddable":true,"href":"https:\/\/progettotouring.it\/radiotouring104\/wp-json\/wp\/v2\/comments?post=57729"}],"version-history":[{"count":3,"href":"https:\/\/progettotouring.it\/radiotouring104\/wp-json\/wp\/v2\/posts\/57729\/revisions"}],"predecessor-version":[{"id":57737,"href":"https:\/\/progettotouring.it\/radiotouring104\/wp-json\/wp\/v2\/posts\/57729\/revisions\/57737"}],"wp:featuredmedia":[{"embeddable":true,"href":"https:\/\/progettotouring.it\/radiotouring104\/wp-json\/wp\/v2\/media\/57560"}],"wp:attachment":[{"href":"https:\/\/progettotouring.it\/radiotouring104\/wp-json\/wp\/v2\/media?parent=57729"}],"wp:term":[{"taxonomy":"category","embeddable":true,"href":"https:\/\/progettotouring.it\/radiotouring104\/wp-json\/wp\/v2\/categories?post=57729"},{"taxonomy":"post_tag","embeddable":true,"href":"https:\/\/progettotouring.it\/radiotouring104\/wp-json\/wp\/v2\/tags?post=57729"}],"curies":[{"name":"wp","href":"https:\/\/api.w.org\/{rel}","templated":true}]}}