{"id":57748,"date":"2024-09-16T10:15:59","date_gmt":"2024-09-16T08:15:59","guid":{"rendered":"https:\/\/progettotouring.it\/radiotouring104\/?p=57748"},"modified":"2024-09-16T10:15:59","modified_gmt":"2024-09-16T08:15:59","slug":"reggio-film-fest-vince-il-corto-riace-mediterraneo-sulla-storia-di-lucano","status":"publish","type":"post","link":"https:\/\/progettotouring.it\/radiotouring104\/2024\/09\/16\/reggio-film-fest-vince-il-corto-riace-mediterraneo-sulla-storia-di-lucano\/","title":{"rendered":"Reggio Film Fest: vince il corto &#8220;Riace Mediterraneo&#8221; sulla storia di Lucano"},"content":{"rendered":"<p class=\"xmprfx_gmail-Corpo\" style=\"text-align: justify\">Il<span class=\"xmprfx_gmail-Apple-converted-space\">\u00a0<\/span><b>Reggio FilmFest<\/b><span class=\"xmprfx_gmail-Apple-converted-space\">\u00a0<\/span>si chiude con la proclamazione e premiazione dei vincitori del concorso per cortometraggi \u201c<b>Millennial Movie<\/b>\u201d e di alcuni degli ospiti speciali. Tra loro il sindaco di Riace ed europarlamentare<span class=\"xmprfx_gmail-Apple-converted-space\">\u00a0<\/span><b>Mimmo Lucano<\/b>, invitato al Festival in quanto protagonista del corto scelto dalla giuria del Presidente Vincent Riotta come \u201cmiglior cortometraggio \u2013 Premio Rhegion\u201d, <em>\u201cRiace, Mediterraneo\u201d.<span class=\"xmprfx_gmail-Apple-converted-space\">\u00a0<\/span><\/em><\/p>\n<p class=\"xmprfx_gmail-Corpo\" style=\"text-align: justify\"><span class=\"xmprfx_gmail-s1\">Il film, di<span class=\"xmprfx_gmail-Apple-converted-space\">\u00a0<\/span><\/span><span class=\"xmprfx_gmail-s1\"><b>Damiano Bedini<\/b><\/span><span class=\"xmprfx_gmail-s1\">, ripercorre, trasformando le immagini in cartoon e in 18 minuti intensi e commoventi, la storia del Sindaco ed europarlamentare, dal racconto, visivamente potente e diretto, del \u201cmodello Riace\u201d, simbolo di accoglienza e integrazione, <strong>alle sorti giudiziarie di Lucano.<\/strong><\/span><strong><span class=\"xmprfx_gmail-s1\">\u00a0<\/span><\/strong><\/p>\n<p class=\"xmprfx_gmail-Corpo\" style=\"text-align: justify\"><span class=\"xmprfx_gmail-s1\">Il quale \u00e8 appunto presente in sala, a guardare le immagini scorrere sul grande schermo del<span class=\"xmprfx_gmail-Apple-converted-space\">\u00a0<\/span><\/span><span class=\"xmprfx_gmail-s1\"><b>cinema Aurora<span class=\"xmprfx_gmail-Apple-converted-space\">\u00a0<\/span><\/b><\/span><span class=\"xmprfx_gmail-s1\">di Reggio Calabria seduto in ultima fila, com\u2019\u00e8 nel suo stile semplice e umile.<\/span><\/p>\n<p class=\"xmprfx_gmail-p1\" style=\"text-align: justify\"><span class=\"xmprfx_gmail-s1\">Invitato sul palco dalla conduttrice<span class=\"xmprfx_gmail-Apple-converted-space\">\u00a0<\/span><\/span><span class=\"xmprfx_gmail-s1\"><b>Vicky Catalano<\/b><\/span><span class=\"xmprfx_gmail-s1\"><span class=\"xmprfx_gmail-Apple-converted-space\">\u00a0<\/span>e dal Direttore artistico del Festival,<span class=\"xmprfx_gmail-Apple-converted-space\">\u00a0<\/span><\/span><span class=\"xmprfx_gmail-s1\"><b>Antonio Flamini<\/b><\/span><span class=\"xmprfx_gmail-s1\">, le sue parole sono dure come pietre:<span class=\"xmprfx_gmail-Apple-converted-space\">\u00a0<\/span><\/span><\/p>\n<p class=\"xmprfx_gmail-Corpo\" style=\"text-align: justify\"><em>\u00abRingrazio chi mi ha voluto accompagnare in questo viaggio verso l\u2019utopia\u00bb, <\/em><strong>esordisce<span class=\"xmprfx_gmail-s1\">visibilmente emozionato e commosso<\/span>, per poi soffermarsi brevemente sulla sua vicenda recente:<span class=\"xmprfx_gmail-Apple-converted-space\">\u00a0<\/span><\/strong><em>\u00abGli eventi si sono susseguiti e io sono tornato a essere sindaco Riace<\/em>\u00bb, <strong>aggiunge, raccogliendo un caloroso applauso.<span class=\"xmprfx_gmail-Apple-converted-space\">\u00a0<\/span><\/strong><\/p>\n<p class=\"xmprfx_gmail-Corpo\" style=\"text-align: justify\"><em>\u00abIl messaggio nel mio immaginario \u00e8 questo: io ho voluto raccontare che esiste un\u2019alternativa ai lager libici, alle deportazioni in Albania, alla disumanit\u00e0. Ho avuto questo ruolo solo perch<span lang=\"FR\">\u00e9<span class=\"xmprfx_gmail-Apple-converted-space\">\u00a0<\/span><\/span>mi sono trovato sindaco al momento di quel primo sbarco di migranti. \u00c8 come se gli eventi mi avessero travolto, ma i veri protagonisti sono il senso di accoglienza e la solidariet\u00e0 che caratterizzano i villaggi dove le case non hanno chiavi e il concetto di propriet\u00e0 e di egoismo si annullano. E c\u2019\u00e8 la sensibilit\u00e0, di fronte a persone in difficolt\u00e0, di non girarsi dall\u2019altra parte. E\u2019 questo il messaggio essenziale per contrastare la chiusura delle coscienze\u00bb,<\/em> <strong>dice ancora,<\/strong> sottolineando che l&#8217;apertura verso l<span dir=\"RTL\" lang=\"AR-SA\">\u2019<\/span>altro non \u00e8 solo un atto di umanit\u00e0, ma rappresenta anche una possibilit\u00e0 di sopravvivenza per i piccoli centri, che altrimenti rischiano di scomparire.<\/p>\n<p class=\"xmprfx_gmail-Corpo\" style=\"text-align: justify\">Si sofferma poi sulle parole di<span class=\"xmprfx_gmail-Apple-converted-space\">\u00a0<\/span><b>Wim Wenders<\/b>, che a Riace gir\u00f2 un film particolarmente toccante, rimanendo incantato e dicendo, successivamente,<span class=\"xmprfx_gmail-Apple-converted-space\">\u00a0<\/span>\u00abLa vera utopia non l<span dir=\"RTL\" lang=\"AR-SA\">\u2019<\/span>ho vista nella caduta del muro di Berlino, ma in quello che \u00e8 successo in un piccolo villaggio della Calabria chiamato Riace\u00bb, e cos\u00ec Riace \u00e8 stato proiettato nel mondo.<\/p>\n<p class=\"xmprfx_gmail-Corpo\" style=\"text-align: justify\">E sono proprio altre parole di Wenders a chiudere il corto, che include interviste e interventi di personaggi come Don Ciotti e Roberto Saviano.<span class=\"xmprfx_gmail-Apple-converted-space\">\u00a0<\/span><span dir=\"RTL\" lang=\"AR-SA\">\u201c<\/span>Condannare Mimmo Lucano a 13 anni di carcere \u00e8 tanto scandaloso quanto assurdo. \u00c8 un grande pacificatore, umanitario e coraggioso. Puoi anche imprigionare tutte le persone di buona volont\u00e0, comprese quelle che predicano la compassione e la fraternit\u00e0. Ora sono pronto a vedere Papa Francesco in manette, non sarebbe meno ridicolo o farsesco\u201d, la frase del regista tedesco impressa sui titoli di coda.<\/p>\n<p class=\"xmprfx_gmail-Corpo\" style=\"text-align: justify\"><span lang=\"AR-SA\">\u00ab<\/span><em>Wenders mi ha dato speranza e voglia di continuare a lottare\u00bb<\/em>,<strong> dice ancora il sindaco<\/strong>, annunciando con orgoglio che lo porter\u00e0 con s\u00e9 al Parlamento Europeo, affinch<span lang=\"PT\">\u00e8<span class=\"xmprfx_gmail-Apple-converted-space\">\u00a0<\/span><\/span><span lang=\"PT\">\u00ab<\/span>tutti gli europarlamentari e il mondo intero sappiano che esiste un<span dir=\"RTL\" lang=\"AR-SA\">\u2019<\/span>alternativa alle deportazioni, agli accordi con i cosiddetti Paesi terzi, ai lager libici e alle stragi come quelle di Cutro o Roccella Ionica. E questa alternativa si chiama umanit\u00e0\u00bb.<\/p>\n<p class=\"xmprfx_gmail-Corpo\" style=\"text-align: justify\">Altri applausi salutano il Sindaco dal pubblico del Reggio FilmFest, che, realizzato grazie al sostegno di<span class=\"xmprfx_gmail-Apple-converted-space\">\u00a0<\/span><b>Fondazione Calabria Film Commission<\/b>,<span class=\"xmprfx_gmail-Apple-converted-space\">\u00a0<\/span><b>Citt\u00e0 Metropolitana di Reggio Calabria<\/b><span class=\"xmprfx_gmail-Apple-converted-space\">\u00a0<\/span>e<span class=\"xmprfx_gmail-Apple-converted-space\">\u00a0<\/span><b>Ministero della Cultura<\/b>, si conferma, ancora una volta, contenitore di cultura e riflessioni, aiutate dalla forza del cinema e che, grazie al cinema, riescono a proiettarsi ben oltre il grande schermo.<\/p>\n","protected":false},"excerpt":{"rendered":"<p>Il\u00a0Reggio FilmFest\u00a0si chiude con la proclamazione e premiazione dei vincitori del concorso per cortometraggi \u201cMillennial Movie\u201d e di alcuni degli ospiti speciali. Tra loro il sindaco di Riace ed europarlamentare\u00a0Mimmo&hellip;<\/p>\n","protected":false},"author":12,"featured_media":57750,"comment_status":"closed","ping_status":"open","sticky":false,"template":"","format":"standard","meta":{"_jetpack_memberships_contains_paid_content":false,"footnotes":"","jetpack_publicize_message":"","jetpack_publicize_feature_enabled":true,"jetpack_social_post_already_shared":false,"jetpack_social_options":{"image_generator_settings":{"template":"highway","default_image_id":0,"font":"","enabled":false},"version":2}},"categories":[921,196,140],"tags":[35407,35410,35408,13200,7102,35409,35406],"class_list":["post-57748","post","type-post","status-publish","format-standard","has-post-thumbnail","hentry","category-home","category-news","category-reggio-calabria","tag-lalternativa-allindifferenza-alle-politiche-dodio-e-disumanita","tag-cinema-aurora","tag-damiano-bedini","tag-mimmo-lucano","tag-reggio-film-fest","tag-vicky-catalano","tag-vince-il-corto-riace-mediterraneo"],"yoast_head":"<!-- This site is optimized with the Yoast SEO plugin v27.2 - https:\/\/yoast.com\/product\/yoast-seo-wordpress\/ -->\n<title>Reggio Film Fest: vince il corto &quot;Riace Mediterraneo&quot; sulla storia di Lucano - Radio Touring 104<\/title>\n<meta name=\"description\" content=\"&quot;L&#039;alternativa all&#039;indifferenza alle politiche d&#039;odio e disumanit\u00e0&quot;, dichiara il Sindaco di Riace, presente all&#039;evento\" \/>\n<meta name=\"robots\" content=\"index, follow, max-snippet:-1, max-image-preview:large, max-video-preview:-1\" \/>\n<link rel=\"canonical\" href=\"https:\/\/progettotouring.it\/radiotouring104\/2024\/09\/16\/reggio-film-fest-vince-il-corto-riace-mediterraneo-sulla-storia-di-lucano\/\" \/>\n<meta property=\"og:locale\" content=\"it_IT\" \/>\n<meta property=\"og:type\" content=\"article\" \/>\n<meta property=\"og:title\" content=\"Reggio Film Fest: vince il corto &quot;Riace Mediterraneo&quot; sulla storia di Lucano - Radio Touring 104\" \/>\n<meta property=\"og:description\" content=\"&quot;L&#039;alternativa all&#039;indifferenza alle politiche d&#039;odio e disumanit\u00e0&quot;, dichiara il Sindaco di Riace, presente all&#039;evento\" \/>\n<meta property=\"og:url\" content=\"https:\/\/progettotouring.it\/radiotouring104\/2024\/09\/16\/reggio-film-fest-vince-il-corto-riace-mediterraneo-sulla-storia-di-lucano\/\" \/>\n<meta property=\"og:site_name\" content=\"Radio Touring 104\" \/>\n<meta property=\"article:published_time\" content=\"2024-09-16T08:15:59+00:00\" \/>\n<meta property=\"og:image\" content=\"https:\/\/progettotouring.it\/radiotouring104\/wp-content\/uploads\/sites\/6\/2024\/09\/FOTO-DA-SX-GERIA-LUCANO-CATALANO-REGGIO-FILM-FEST-scaled.jpg\" \/>\n\t<meta property=\"og:image:width\" content=\"2560\" \/>\n\t<meta property=\"og:image:height\" content=\"1463\" \/>\n\t<meta property=\"og:image:type\" content=\"image\/jpeg\" \/>\n<meta name=\"author\" content=\"Sebastiano Plutino\" \/>\n<meta name=\"twitter:card\" content=\"summary_large_image\" \/>\n<meta name=\"twitter:label1\" content=\"Scritto da\" \/>\n\t<meta name=\"twitter:data1\" content=\"Sebastiano Plutino\" \/>\n\t<meta name=\"twitter:label2\" content=\"Tempo di lettura stimato\" \/>\n\t<meta name=\"twitter:data2\" content=\"3 minuti\" \/>\n<script type=\"application\/ld+json\" class=\"yoast-schema-graph\">{\"@context\":\"https:\/\/schema.org\",\"@graph\":[{\"@type\":\"Article\",\"@id\":\"https:\/\/progettotouring.it\/radiotouring104\/2024\/09\/16\/reggio-film-fest-vince-il-corto-riace-mediterraneo-sulla-storia-di-lucano\/#article\",\"isPartOf\":{\"@id\":\"https:\/\/progettotouring.it\/radiotouring104\/2024\/09\/16\/reggio-film-fest-vince-il-corto-riace-mediterraneo-sulla-storia-di-lucano\/\"},\"author\":{\"name\":\"Sebastiano Plutino\",\"@id\":\"https:\/\/progettotouring.it\/radiotouring104\/#\/schema\/person\/78613917f1851f041f7483f5af1d422e\"},\"headline\":\"Reggio Film Fest: vince il corto &#8220;Riace Mediterraneo&#8221; sulla storia di Lucano\",\"datePublished\":\"2024-09-16T08:15:59+00:00\",\"mainEntityOfPage\":{\"@id\":\"https:\/\/progettotouring.it\/radiotouring104\/2024\/09\/16\/reggio-film-fest-vince-il-corto-riace-mediterraneo-sulla-storia-di-lucano\/\"},\"wordCount\":604,\"publisher\":{\"@id\":\"https:\/\/progettotouring.it\/radiotouring104\/#organization\"},\"image\":{\"@id\":\"https:\/\/progettotouring.it\/radiotouring104\/2024\/09\/16\/reggio-film-fest-vince-il-corto-riace-mediterraneo-sulla-storia-di-lucano\/#primaryimage\"},\"thumbnailUrl\":\"https:\/\/progettotouring.it\/radiotouring104\/wp-content\/uploads\/sites\/6\/2024\/09\/FOTO-DA-SX-GERIA-LUCANO-CATALANO-REGGIO-FILM-FEST-scaled.jpg\",\"keywords\":[\"\\\"L'alternativa all'indifferenza alle politiche d'odio e disumanit\u00e0\\\"\",\"Cinema Aurora\",\"Damiano Bedini\",\"Mimmo Lucano\",\"Reggio Film Fest\",\"Vicky Catalano\",\"vince il corto \\\"Riace Mediterraneo\\\"\"],\"articleSection\":[\"Home\",\"News\",\"Reggio Calabria\"],\"inLanguage\":\"it-IT\"},{\"@type\":\"WebPage\",\"@id\":\"https:\/\/progettotouring.it\/radiotouring104\/2024\/09\/16\/reggio-film-fest-vince-il-corto-riace-mediterraneo-sulla-storia-di-lucano\/\",\"url\":\"https:\/\/progettotouring.it\/radiotouring104\/2024\/09\/16\/reggio-film-fest-vince-il-corto-riace-mediterraneo-sulla-storia-di-lucano\/\",\"name\":\"Reggio Film Fest: vince il corto \\\"Riace Mediterraneo\\\" sulla storia di Lucano - Radio Touring 104\",\"isPartOf\":{\"@id\":\"https:\/\/progettotouring.it\/radiotouring104\/#website\"},\"primaryImageOfPage\":{\"@id\":\"https:\/\/progettotouring.it\/radiotouring104\/2024\/09\/16\/reggio-film-fest-vince-il-corto-riace-mediterraneo-sulla-storia-di-lucano\/#primaryimage\"},\"image\":{\"@id\":\"https:\/\/progettotouring.it\/radiotouring104\/2024\/09\/16\/reggio-film-fest-vince-il-corto-riace-mediterraneo-sulla-storia-di-lucano\/#primaryimage\"},\"thumbnailUrl\":\"https:\/\/progettotouring.it\/radiotouring104\/wp-content\/uploads\/sites\/6\/2024\/09\/FOTO-DA-SX-GERIA-LUCANO-CATALANO-REGGIO-FILM-FEST-scaled.jpg\",\"datePublished\":\"2024-09-16T08:15:59+00:00\",\"description\":\"\\\"L'alternativa all'indifferenza alle politiche d'odio e disumanit\u00e0\\\", dichiara il Sindaco di Riace, presente all'evento\",\"breadcrumb\":{\"@id\":\"https:\/\/progettotouring.it\/radiotouring104\/2024\/09\/16\/reggio-film-fest-vince-il-corto-riace-mediterraneo-sulla-storia-di-lucano\/#breadcrumb\"},\"inLanguage\":\"it-IT\",\"potentialAction\":[{\"@type\":\"ReadAction\",\"target\":[\"https:\/\/progettotouring.it\/radiotouring104\/2024\/09\/16\/reggio-film-fest-vince-il-corto-riace-mediterraneo-sulla-storia-di-lucano\/\"]}]},{\"@type\":\"ImageObject\",\"inLanguage\":\"it-IT\",\"@id\":\"https:\/\/progettotouring.it\/radiotouring104\/2024\/09\/16\/reggio-film-fest-vince-il-corto-riace-mediterraneo-sulla-storia-di-lucano\/#primaryimage\",\"url\":\"https:\/\/progettotouring.it\/radiotouring104\/wp-content\/uploads\/sites\/6\/2024\/09\/FOTO-DA-SX-GERIA-LUCANO-CATALANO-REGGIO-FILM-FEST-scaled.jpg\",\"contentUrl\":\"https:\/\/progettotouring.it\/radiotouring104\/wp-content\/uploads\/sites\/6\/2024\/09\/FOTO-DA-SX-GERIA-LUCANO-CATALANO-REGGIO-FILM-FEST-scaled.jpg\",\"width\":2560,\"height\":1463},{\"@type\":\"BreadcrumbList\",\"@id\":\"https:\/\/progettotouring.it\/radiotouring104\/2024\/09\/16\/reggio-film-fest-vince-il-corto-riace-mediterraneo-sulla-storia-di-lucano\/#breadcrumb\",\"itemListElement\":[{\"@type\":\"ListItem\",\"position\":1,\"name\":\"Home\",\"item\":\"https:\/\/progettotouring.it\/radiotouring104\/\"},{\"@type\":\"ListItem\",\"position\":2,\"name\":\"Reggio Film Fest: vince il corto &#8220;Riace Mediterraneo&#8221; sulla storia di Lucano\"}]},{\"@type\":\"WebSite\",\"@id\":\"https:\/\/progettotouring.it\/radiotouring104\/#website\",\"url\":\"https:\/\/progettotouring.it\/radiotouring104\/\",\"name\":\"Radio Touring 104\",\"description\":\"La prima radio Reggina\",\"publisher\":{\"@id\":\"https:\/\/progettotouring.it\/radiotouring104\/#organization\"},\"potentialAction\":[{\"@type\":\"SearchAction\",\"target\":{\"@type\":\"EntryPoint\",\"urlTemplate\":\"https:\/\/progettotouring.it\/radiotouring104\/?s={search_term_string}\"},\"query-input\":{\"@type\":\"PropertyValueSpecification\",\"valueRequired\":true,\"valueName\":\"search_term_string\"}}],\"inLanguage\":\"it-IT\"},{\"@type\":\"Organization\",\"@id\":\"https:\/\/progettotouring.it\/radiotouring104\/#organization\",\"name\":\"Radio Touring 104\",\"url\":\"https:\/\/progettotouring.it\/radiotouring104\/\",\"logo\":{\"@type\":\"ImageObject\",\"inLanguage\":\"it-IT\",\"@id\":\"https:\/\/progettotouring.it\/radiotouring104\/#\/schema\/logo\/image\/\",\"url\":\"https:\/\/progettotouring.it\/radiotouring104\/wp-content\/uploads\/sites\/6\/2022\/02\/cropped-logo-radio-touring-104.png\",\"contentUrl\":\"https:\/\/progettotouring.it\/radiotouring104\/wp-content\/uploads\/sites\/6\/2022\/02\/cropped-logo-radio-touring-104.png\",\"width\":377,\"height\":182,\"caption\":\"Radio Touring 104\"},\"image\":{\"@id\":\"https:\/\/progettotouring.it\/radiotouring104\/#\/schema\/logo\/image\/\"}},{\"@type\":\"Person\",\"@id\":\"https:\/\/progettotouring.it\/radiotouring104\/#\/schema\/person\/78613917f1851f041f7483f5af1d422e\",\"name\":\"Sebastiano Plutino\",\"image\":{\"@type\":\"ImageObject\",\"inLanguage\":\"it-IT\",\"@id\":\"https:\/\/secure.gravatar.com\/avatar\/0546ffaa9b79224faf9f2a156b67a529ae861d3287c66c1d8ccfdf909bcba78d?s=96&d=mm&r=g\",\"url\":\"https:\/\/secure.gravatar.com\/avatar\/0546ffaa9b79224faf9f2a156b67a529ae861d3287c66c1d8ccfdf909bcba78d?s=96&d=mm&r=g\",\"contentUrl\":\"https:\/\/secure.gravatar.com\/avatar\/0546ffaa9b79224faf9f2a156b67a529ae861d3287c66c1d8ccfdf909bcba78d?s=96&d=mm&r=g\",\"caption\":\"Sebastiano Plutino\"},\"url\":\"https:\/\/progettotouring.it\/radiotouring104\/author\/sebastiano\/\"}]}<\/script>\n<!-- \/ Yoast SEO plugin. -->","yoast_head_json":{"title":"Reggio Film Fest: vince il corto \"Riace Mediterraneo\" sulla storia di Lucano - Radio Touring 104","description":"\"L'alternativa all'indifferenza alle politiche d'odio e disumanit\u00e0\", dichiara il Sindaco di Riace, presente all'evento","robots":{"index":"index","follow":"follow","max-snippet":"max-snippet:-1","max-image-preview":"max-image-preview:large","max-video-preview":"max-video-preview:-1"},"canonical":"https:\/\/progettotouring.it\/radiotouring104\/2024\/09\/16\/reggio-film-fest-vince-il-corto-riace-mediterraneo-sulla-storia-di-lucano\/","og_locale":"it_IT","og_type":"article","og_title":"Reggio Film Fest: vince il corto \"Riace Mediterraneo\" sulla storia di Lucano - Radio Touring 104","og_description":"\"L'alternativa all'indifferenza alle politiche d'odio e disumanit\u00e0\", dichiara il Sindaco di Riace, presente all'evento","og_url":"https:\/\/progettotouring.it\/radiotouring104\/2024\/09\/16\/reggio-film-fest-vince-il-corto-riace-mediterraneo-sulla-storia-di-lucano\/","og_site_name":"Radio Touring 104","article_published_time":"2024-09-16T08:15:59+00:00","og_image":[{"width":2560,"height":1463,"url":"https:\/\/progettotouring.it\/radiotouring104\/wp-content\/uploads\/sites\/6\/2024\/09\/FOTO-DA-SX-GERIA-LUCANO-CATALANO-REGGIO-FILM-FEST-scaled.jpg","type":"image\/jpeg"}],"author":"Sebastiano Plutino","twitter_card":"summary_large_image","twitter_misc":{"Scritto da":"Sebastiano Plutino","Tempo di lettura stimato":"3 minuti"},"schema":{"@context":"https:\/\/schema.org","@graph":[{"@type":"Article","@id":"https:\/\/progettotouring.it\/radiotouring104\/2024\/09\/16\/reggio-film-fest-vince-il-corto-riace-mediterraneo-sulla-storia-di-lucano\/#article","isPartOf":{"@id":"https:\/\/progettotouring.it\/radiotouring104\/2024\/09\/16\/reggio-film-fest-vince-il-corto-riace-mediterraneo-sulla-storia-di-lucano\/"},"author":{"name":"Sebastiano Plutino","@id":"https:\/\/progettotouring.it\/radiotouring104\/#\/schema\/person\/78613917f1851f041f7483f5af1d422e"},"headline":"Reggio Film Fest: vince il corto &#8220;Riace Mediterraneo&#8221; sulla storia di Lucano","datePublished":"2024-09-16T08:15:59+00:00","mainEntityOfPage":{"@id":"https:\/\/progettotouring.it\/radiotouring104\/2024\/09\/16\/reggio-film-fest-vince-il-corto-riace-mediterraneo-sulla-storia-di-lucano\/"},"wordCount":604,"publisher":{"@id":"https:\/\/progettotouring.it\/radiotouring104\/#organization"},"image":{"@id":"https:\/\/progettotouring.it\/radiotouring104\/2024\/09\/16\/reggio-film-fest-vince-il-corto-riace-mediterraneo-sulla-storia-di-lucano\/#primaryimage"},"thumbnailUrl":"https:\/\/progettotouring.it\/radiotouring104\/wp-content\/uploads\/sites\/6\/2024\/09\/FOTO-DA-SX-GERIA-LUCANO-CATALANO-REGGIO-FILM-FEST-scaled.jpg","keywords":["\"L'alternativa all'indifferenza alle politiche d'odio e disumanit\u00e0\"","Cinema Aurora","Damiano Bedini","Mimmo Lucano","Reggio Film Fest","Vicky Catalano","vince il corto \"Riace Mediterraneo\""],"articleSection":["Home","News","Reggio Calabria"],"inLanguage":"it-IT"},{"@type":"WebPage","@id":"https:\/\/progettotouring.it\/radiotouring104\/2024\/09\/16\/reggio-film-fest-vince-il-corto-riace-mediterraneo-sulla-storia-di-lucano\/","url":"https:\/\/progettotouring.it\/radiotouring104\/2024\/09\/16\/reggio-film-fest-vince-il-corto-riace-mediterraneo-sulla-storia-di-lucano\/","name":"Reggio Film Fest: vince il corto \"Riace Mediterraneo\" sulla storia di Lucano - Radio Touring 104","isPartOf":{"@id":"https:\/\/progettotouring.it\/radiotouring104\/#website"},"primaryImageOfPage":{"@id":"https:\/\/progettotouring.it\/radiotouring104\/2024\/09\/16\/reggio-film-fest-vince-il-corto-riace-mediterraneo-sulla-storia-di-lucano\/#primaryimage"},"image":{"@id":"https:\/\/progettotouring.it\/radiotouring104\/2024\/09\/16\/reggio-film-fest-vince-il-corto-riace-mediterraneo-sulla-storia-di-lucano\/#primaryimage"},"thumbnailUrl":"https:\/\/progettotouring.it\/radiotouring104\/wp-content\/uploads\/sites\/6\/2024\/09\/FOTO-DA-SX-GERIA-LUCANO-CATALANO-REGGIO-FILM-FEST-scaled.jpg","datePublished":"2024-09-16T08:15:59+00:00","description":"\"L'alternativa all'indifferenza alle politiche d'odio e disumanit\u00e0\", dichiara il Sindaco di Riace, presente all'evento","breadcrumb":{"@id":"https:\/\/progettotouring.it\/radiotouring104\/2024\/09\/16\/reggio-film-fest-vince-il-corto-riace-mediterraneo-sulla-storia-di-lucano\/#breadcrumb"},"inLanguage":"it-IT","potentialAction":[{"@type":"ReadAction","target":["https:\/\/progettotouring.it\/radiotouring104\/2024\/09\/16\/reggio-film-fest-vince-il-corto-riace-mediterraneo-sulla-storia-di-lucano\/"]}]},{"@type":"ImageObject","inLanguage":"it-IT","@id":"https:\/\/progettotouring.it\/radiotouring104\/2024\/09\/16\/reggio-film-fest-vince-il-corto-riace-mediterraneo-sulla-storia-di-lucano\/#primaryimage","url":"https:\/\/progettotouring.it\/radiotouring104\/wp-content\/uploads\/sites\/6\/2024\/09\/FOTO-DA-SX-GERIA-LUCANO-CATALANO-REGGIO-FILM-FEST-scaled.jpg","contentUrl":"https:\/\/progettotouring.it\/radiotouring104\/wp-content\/uploads\/sites\/6\/2024\/09\/FOTO-DA-SX-GERIA-LUCANO-CATALANO-REGGIO-FILM-FEST-scaled.jpg","width":2560,"height":1463},{"@type":"BreadcrumbList","@id":"https:\/\/progettotouring.it\/radiotouring104\/2024\/09\/16\/reggio-film-fest-vince-il-corto-riace-mediterraneo-sulla-storia-di-lucano\/#breadcrumb","itemListElement":[{"@type":"ListItem","position":1,"name":"Home","item":"https:\/\/progettotouring.it\/radiotouring104\/"},{"@type":"ListItem","position":2,"name":"Reggio Film Fest: vince il corto &#8220;Riace Mediterraneo&#8221; sulla storia di Lucano"}]},{"@type":"WebSite","@id":"https:\/\/progettotouring.it\/radiotouring104\/#website","url":"https:\/\/progettotouring.it\/radiotouring104\/","name":"Radio Touring 104","description":"La prima radio Reggina","publisher":{"@id":"https:\/\/progettotouring.it\/radiotouring104\/#organization"},"potentialAction":[{"@type":"SearchAction","target":{"@type":"EntryPoint","urlTemplate":"https:\/\/progettotouring.it\/radiotouring104\/?s={search_term_string}"},"query-input":{"@type":"PropertyValueSpecification","valueRequired":true,"valueName":"search_term_string"}}],"inLanguage":"it-IT"},{"@type":"Organization","@id":"https:\/\/progettotouring.it\/radiotouring104\/#organization","name":"Radio Touring 104","url":"https:\/\/progettotouring.it\/radiotouring104\/","logo":{"@type":"ImageObject","inLanguage":"it-IT","@id":"https:\/\/progettotouring.it\/radiotouring104\/#\/schema\/logo\/image\/","url":"https:\/\/progettotouring.it\/radiotouring104\/wp-content\/uploads\/sites\/6\/2022\/02\/cropped-logo-radio-touring-104.png","contentUrl":"https:\/\/progettotouring.it\/radiotouring104\/wp-content\/uploads\/sites\/6\/2022\/02\/cropped-logo-radio-touring-104.png","width":377,"height":182,"caption":"Radio Touring 104"},"image":{"@id":"https:\/\/progettotouring.it\/radiotouring104\/#\/schema\/logo\/image\/"}},{"@type":"Person","@id":"https:\/\/progettotouring.it\/radiotouring104\/#\/schema\/person\/78613917f1851f041f7483f5af1d422e","name":"Sebastiano Plutino","image":{"@type":"ImageObject","inLanguage":"it-IT","@id":"https:\/\/secure.gravatar.com\/avatar\/0546ffaa9b79224faf9f2a156b67a529ae861d3287c66c1d8ccfdf909bcba78d?s=96&d=mm&r=g","url":"https:\/\/secure.gravatar.com\/avatar\/0546ffaa9b79224faf9f2a156b67a529ae861d3287c66c1d8ccfdf909bcba78d?s=96&d=mm&r=g","contentUrl":"https:\/\/secure.gravatar.com\/avatar\/0546ffaa9b79224faf9f2a156b67a529ae861d3287c66c1d8ccfdf909bcba78d?s=96&d=mm&r=g","caption":"Sebastiano Plutino"},"url":"https:\/\/progettotouring.it\/radiotouring104\/author\/sebastiano\/"}]}},"jetpack_publicize_connections":[],"jetpack_featured_media_url":"https:\/\/progettotouring.it\/radiotouring104\/wp-content\/uploads\/sites\/6\/2024\/09\/FOTO-DA-SX-GERIA-LUCANO-CATALANO-REGGIO-FILM-FEST-scaled.jpg","jetpack_sharing_enabled":true,"_links":{"self":[{"href":"https:\/\/progettotouring.it\/radiotouring104\/wp-json\/wp\/v2\/posts\/57748","targetHints":{"allow":["GET"]}}],"collection":[{"href":"https:\/\/progettotouring.it\/radiotouring104\/wp-json\/wp\/v2\/posts"}],"about":[{"href":"https:\/\/progettotouring.it\/radiotouring104\/wp-json\/wp\/v2\/types\/post"}],"author":[{"embeddable":true,"href":"https:\/\/progettotouring.it\/radiotouring104\/wp-json\/wp\/v2\/users\/12"}],"replies":[{"embeddable":true,"href":"https:\/\/progettotouring.it\/radiotouring104\/wp-json\/wp\/v2\/comments?post=57748"}],"version-history":[{"count":2,"href":"https:\/\/progettotouring.it\/radiotouring104\/wp-json\/wp\/v2\/posts\/57748\/revisions"}],"predecessor-version":[{"id":57752,"href":"https:\/\/progettotouring.it\/radiotouring104\/wp-json\/wp\/v2\/posts\/57748\/revisions\/57752"}],"wp:featuredmedia":[{"embeddable":true,"href":"https:\/\/progettotouring.it\/radiotouring104\/wp-json\/wp\/v2\/media\/57750"}],"wp:attachment":[{"href":"https:\/\/progettotouring.it\/radiotouring104\/wp-json\/wp\/v2\/media?parent=57748"}],"wp:term":[{"taxonomy":"category","embeddable":true,"href":"https:\/\/progettotouring.it\/radiotouring104\/wp-json\/wp\/v2\/categories?post=57748"},{"taxonomy":"post_tag","embeddable":true,"href":"https:\/\/progettotouring.it\/radiotouring104\/wp-json\/wp\/v2\/tags?post=57748"}],"curies":[{"name":"wp","href":"https:\/\/api.w.org\/{rel}","templated":true}]}}