{"id":57753,"date":"2024-09-16T10:27:20","date_gmt":"2024-09-16T08:27:20","guid":{"rendered":"https:\/\/progettotouring.it\/radiotouring104\/?p=57753"},"modified":"2024-09-16T10:27:20","modified_gmt":"2024-09-16T08:27:20","slug":"ivanaj-la-redel-con-la-giusta-alchimia-per-far-bene","status":"publish","type":"post","link":"https:\/\/progettotouring.it\/radiotouring104\/2024\/09\/16\/ivanaj-la-redel-con-la-giusta-alchimia-per-far-bene\/","title":{"rendered":"Ivanaj: \u201cLa Redel con la giusta alchimia per far bene\u201d."},"content":{"rendered":"<p style=\"text-align: justify\"><strong>Nikola Ivanaj<\/strong>, nazionale albanese,<strong> promette ottime giocate.<\/strong><br \/>\nI <strong>neroarancio lavorano in vista del prossimo test<\/strong> programmato<strong> domenica 15 settembre al Palalumaka<\/strong> a Reggio Calabria <strong>contro i pari-categoria del Castanea.<\/strong><\/p>\n<p style=\"text-align: justify\"><em>\u201cStiamo lavorando tutti i giorni.<\/em><br \/>\n<em>Lavoriamo sui punti che occorre sistemare prima dell\u2019inizio della stagione.\u2028Abbiamo ancora due settimane e siamo estremamente fiduciosi\u201d.<\/em><\/p>\n<p style=\"text-align: justify\"><strong>Gli ultimi due turni \u201clontano da casa\u201d?<\/strong><\/p>\n<p style=\"text-align: justify\"><em>\u201cIl torneo di Canosa \u00e8 stato probante: non avevo mai giocato una k\u00e8rmesse con una formula cos\u00ec intrigante con tempi da otto minuti.<\/em><br \/>\n<em>Tanto ritmo ed ottimi segnali.<\/em><br \/>\n<em>E\u2019 stato senza dubbio stancante giocare due gare di fila contro squadre di livello come Canosa e Corato e vincere ha dato soddisfazione ad un gruppo che si sta formando, a mio avviso, molto bene.<\/em><br \/>\n<em>Il Memorial di Matera \u00e8 stato emozionante, nel ricordo della memoria di un collega come Mattia Stano.<\/em><br \/>\n<em>Abbiamo pagato un p\u00f2 di stanchezza ma la rimonta nel terzo periodo ha palesato il giusto atteggiamento da parte di tutto il gruppo.<\/em><br \/>\n<em>E\u2019 stato un bel test, molto \u201cmentale\u201d per riuscire a rimanere concentrati nonostante la stanchezza\u201d.\u2028\u2028<\/em><\/p>\n<p style=\"text-align: justify\"><strong>Il nostro gruppo?<\/strong><\/p>\n<p style=\"text-align: justify\"><em>\u201cSiamo giovani e gi\u00e0 affiatati tra noi.<\/em><br \/>\n<em>Stiamo costruendo ogni giorno il nostro collettivo sia dentro che fuori dal campo.<\/em><br \/>\n<em>La chimica \u00e8 importante e stiamo lavorando per giocare sempre meglio cercando migliori soluzioni per il gioco senza palla.<\/em><br \/>\n<em>Stiamo mettendo tanta intensit\u00e0 ogni giorno nei test e negli allenamenti.<\/em><br \/>\n<em>La citt\u00e0 vuole le nostre vittorie e non vediamo l\u2019ora di accontentarli e giocare al Palacalafiore davanti ai nostri tifosi che aspettiamo.<\/em><br \/>\n<em>Spero e sono sicuro che saranno super calorosi.<\/em><\/p>\n<p style=\"text-align: justify\"><strong>Lo staff tecnico?<\/strong><\/p>\n<p style=\"text-align: justify\"><em>\u201cSono entusiasta.<\/em><br \/>\n<em>Abbiamo subito creato una giusta alchimia con Coach Cadeo, Stefano Scarpa e Seby D\u2019Agostino.<\/em><br \/>\n<em>Vedo affiatati anche loro e questo \u00e8 davvero importante per tutti\u201d.<\/em><\/p>\n","protected":false},"excerpt":{"rendered":"<p>Nikola Ivanaj, nazionale albanese, promette ottime giocate. I neroarancio lavorano in vista del prossimo test programmato domenica 15 settembre al Palalumaka a Reggio Calabria contro i pari-categoria del Castanea. \u201cStiamo&hellip;<\/p>\n","protected":false},"author":12,"featured_media":57754,"comment_status":"closed","ping_status":"open","sticky":false,"template":"","format":"standard","meta":{"_jetpack_memberships_contains_paid_content":false,"footnotes":"","jetpack_publicize_message":"","jetpack_publicize_feature_enabled":true,"jetpack_social_post_already_shared":false,"jetpack_social_options":{"image_generator_settings":{"template":"highway","default_image_id":0,"font":"","enabled":false},"version":2}},"categories":[196,140,144],"tags":[35411,26544,34277,3571,34365],"class_list":["post-57753","post","type-post","status-publish","format-standard","has-post-thumbnail","hentry","category-news","category-reggio-calabria","category-sport","tag-la-redel-con-la-giusta-alchimia-per-far-bene","tag-castanea","tag-nikola-ivanaj","tag-palalumaka","tag-redel-viola"],"yoast_head":"<!-- This site is optimized with the Yoast SEO plugin v27.2 - https:\/\/yoast.com\/product\/yoast-seo-wordpress\/ -->\n<title>Ivanaj: \u201cLa Redel con la giusta alchimia per far bene\u201d. - Radio Touring 104<\/title>\n<meta name=\"description\" content=\"Ecco le impressioni del giocatore neroarancio Ivanaj, in vista del test di domenica al Palalumaka contro Castanea\" \/>\n<meta name=\"robots\" content=\"index, follow, max-snippet:-1, max-image-preview:large, max-video-preview:-1\" \/>\n<link rel=\"canonical\" href=\"https:\/\/progettotouring.it\/radiotouring104\/2024\/09\/16\/ivanaj-la-redel-con-la-giusta-alchimia-per-far-bene\/\" \/>\n<meta property=\"og:locale\" content=\"it_IT\" \/>\n<meta property=\"og:type\" content=\"article\" \/>\n<meta property=\"og:title\" content=\"Ivanaj: \u201cLa Redel con la giusta alchimia per far bene\u201d. - Radio Touring 104\" \/>\n<meta property=\"og:description\" content=\"Ecco le impressioni del giocatore neroarancio Ivanaj, in vista del test di domenica al Palalumaka contro Castanea\" \/>\n<meta property=\"og:url\" content=\"https:\/\/progettotouring.it\/radiotouring104\/2024\/09\/16\/ivanaj-la-redel-con-la-giusta-alchimia-per-far-bene\/\" \/>\n<meta property=\"og:site_name\" content=\"Radio Touring 104\" \/>\n<meta property=\"article:published_time\" content=\"2024-09-16T08:27:20+00:00\" \/>\n<meta property=\"og:image\" content=\"https:\/\/progettotouring.it\/radiotouring104\/wp-content\/uploads\/sites\/6\/2024\/09\/Ivanaj-Redel.jpg\" \/>\n\t<meta property=\"og:image:width\" content=\"300\" \/>\n\t<meta property=\"og:image:height\" content=\"211\" \/>\n\t<meta property=\"og:image:type\" content=\"image\/jpeg\" \/>\n<meta name=\"author\" content=\"Sebastiano Plutino\" \/>\n<meta name=\"twitter:card\" content=\"summary_large_image\" \/>\n<meta name=\"twitter:label1\" content=\"Scritto da\" \/>\n\t<meta name=\"twitter:data1\" content=\"Sebastiano Plutino\" \/>\n\t<meta name=\"twitter:label2\" content=\"Tempo di lettura stimato\" \/>\n\t<meta name=\"twitter:data2\" content=\"1 minuto\" \/>\n<script type=\"application\/ld+json\" class=\"yoast-schema-graph\">{\"@context\":\"https:\/\/schema.org\",\"@graph\":[{\"@type\":\"Article\",\"@id\":\"https:\/\/progettotouring.it\/radiotouring104\/2024\/09\/16\/ivanaj-la-redel-con-la-giusta-alchimia-per-far-bene\/#article\",\"isPartOf\":{\"@id\":\"https:\/\/progettotouring.it\/radiotouring104\/2024\/09\/16\/ivanaj-la-redel-con-la-giusta-alchimia-per-far-bene\/\"},\"author\":{\"name\":\"Sebastiano Plutino\",\"@id\":\"https:\/\/progettotouring.it\/radiotouring104\/#\/schema\/person\/78613917f1851f041f7483f5af1d422e\"},\"headline\":\"Ivanaj: \u201cLa Redel con la giusta alchimia per far bene\u201d.\",\"datePublished\":\"2024-09-16T08:27:20+00:00\",\"mainEntityOfPage\":{\"@id\":\"https:\/\/progettotouring.it\/radiotouring104\/2024\/09\/16\/ivanaj-la-redel-con-la-giusta-alchimia-per-far-bene\/\"},\"wordCount\":299,\"publisher\":{\"@id\":\"https:\/\/progettotouring.it\/radiotouring104\/#organization\"},\"image\":{\"@id\":\"https:\/\/progettotouring.it\/radiotouring104\/2024\/09\/16\/ivanaj-la-redel-con-la-giusta-alchimia-per-far-bene\/#primaryimage\"},\"thumbnailUrl\":\"https:\/\/progettotouring.it\/radiotouring104\/wp-content\/uploads\/sites\/6\/2024\/09\/Ivanaj-Redel.jpg\",\"keywords\":[\"\u201cLa Redel con la giusta alchimia per far bene\u201d.\",\"Castanea\",\"Nikola Ivanaj\",\"PalaLumaka\",\"Redel Viola\"],\"articleSection\":[\"News\",\"Reggio Calabria\",\"Sport\"],\"inLanguage\":\"it-IT\"},{\"@type\":\"WebPage\",\"@id\":\"https:\/\/progettotouring.it\/radiotouring104\/2024\/09\/16\/ivanaj-la-redel-con-la-giusta-alchimia-per-far-bene\/\",\"url\":\"https:\/\/progettotouring.it\/radiotouring104\/2024\/09\/16\/ivanaj-la-redel-con-la-giusta-alchimia-per-far-bene\/\",\"name\":\"Ivanaj: \u201cLa Redel con la giusta alchimia per far bene\u201d. - Radio Touring 104\",\"isPartOf\":{\"@id\":\"https:\/\/progettotouring.it\/radiotouring104\/#website\"},\"primaryImageOfPage\":{\"@id\":\"https:\/\/progettotouring.it\/radiotouring104\/2024\/09\/16\/ivanaj-la-redel-con-la-giusta-alchimia-per-far-bene\/#primaryimage\"},\"image\":{\"@id\":\"https:\/\/progettotouring.it\/radiotouring104\/2024\/09\/16\/ivanaj-la-redel-con-la-giusta-alchimia-per-far-bene\/#primaryimage\"},\"thumbnailUrl\":\"https:\/\/progettotouring.it\/radiotouring104\/wp-content\/uploads\/sites\/6\/2024\/09\/Ivanaj-Redel.jpg\",\"datePublished\":\"2024-09-16T08:27:20+00:00\",\"description\":\"Ecco le impressioni del giocatore neroarancio Ivanaj, in vista del test di domenica al Palalumaka contro Castanea\",\"breadcrumb\":{\"@id\":\"https:\/\/progettotouring.it\/radiotouring104\/2024\/09\/16\/ivanaj-la-redel-con-la-giusta-alchimia-per-far-bene\/#breadcrumb\"},\"inLanguage\":\"it-IT\",\"potentialAction\":[{\"@type\":\"ReadAction\",\"target\":[\"https:\/\/progettotouring.it\/radiotouring104\/2024\/09\/16\/ivanaj-la-redel-con-la-giusta-alchimia-per-far-bene\/\"]}]},{\"@type\":\"ImageObject\",\"inLanguage\":\"it-IT\",\"@id\":\"https:\/\/progettotouring.it\/radiotouring104\/2024\/09\/16\/ivanaj-la-redel-con-la-giusta-alchimia-per-far-bene\/#primaryimage\",\"url\":\"https:\/\/progettotouring.it\/radiotouring104\/wp-content\/uploads\/sites\/6\/2024\/09\/Ivanaj-Redel.jpg\",\"contentUrl\":\"https:\/\/progettotouring.it\/radiotouring104\/wp-content\/uploads\/sites\/6\/2024\/09\/Ivanaj-Redel.jpg\",\"width\":300,\"height\":211},{\"@type\":\"BreadcrumbList\",\"@id\":\"https:\/\/progettotouring.it\/radiotouring104\/2024\/09\/16\/ivanaj-la-redel-con-la-giusta-alchimia-per-far-bene\/#breadcrumb\",\"itemListElement\":[{\"@type\":\"ListItem\",\"position\":1,\"name\":\"Home\",\"item\":\"https:\/\/progettotouring.it\/radiotouring104\/\"},{\"@type\":\"ListItem\",\"position\":2,\"name\":\"Ivanaj: \u201cLa Redel con la giusta alchimia per far bene\u201d.\"}]},{\"@type\":\"WebSite\",\"@id\":\"https:\/\/progettotouring.it\/radiotouring104\/#website\",\"url\":\"https:\/\/progettotouring.it\/radiotouring104\/\",\"name\":\"Radio Touring 104\",\"description\":\"La prima radio Reggina\",\"publisher\":{\"@id\":\"https:\/\/progettotouring.it\/radiotouring104\/#organization\"},\"potentialAction\":[{\"@type\":\"SearchAction\",\"target\":{\"@type\":\"EntryPoint\",\"urlTemplate\":\"https:\/\/progettotouring.it\/radiotouring104\/?s={search_term_string}\"},\"query-input\":{\"@type\":\"PropertyValueSpecification\",\"valueRequired\":true,\"valueName\":\"search_term_string\"}}],\"inLanguage\":\"it-IT\"},{\"@type\":\"Organization\",\"@id\":\"https:\/\/progettotouring.it\/radiotouring104\/#organization\",\"name\":\"Radio Touring 104\",\"url\":\"https:\/\/progettotouring.it\/radiotouring104\/\",\"logo\":{\"@type\":\"ImageObject\",\"inLanguage\":\"it-IT\",\"@id\":\"https:\/\/progettotouring.it\/radiotouring104\/#\/schema\/logo\/image\/\",\"url\":\"https:\/\/progettotouring.it\/radiotouring104\/wp-content\/uploads\/sites\/6\/2022\/02\/cropped-logo-radio-touring-104.png\",\"contentUrl\":\"https:\/\/progettotouring.it\/radiotouring104\/wp-content\/uploads\/sites\/6\/2022\/02\/cropped-logo-radio-touring-104.png\",\"width\":377,\"height\":182,\"caption\":\"Radio Touring 104\"},\"image\":{\"@id\":\"https:\/\/progettotouring.it\/radiotouring104\/#\/schema\/logo\/image\/\"}},{\"@type\":\"Person\",\"@id\":\"https:\/\/progettotouring.it\/radiotouring104\/#\/schema\/person\/78613917f1851f041f7483f5af1d422e\",\"name\":\"Sebastiano Plutino\",\"image\":{\"@type\":\"ImageObject\",\"inLanguage\":\"it-IT\",\"@id\":\"https:\/\/secure.gravatar.com\/avatar\/0546ffaa9b79224faf9f2a156b67a529ae861d3287c66c1d8ccfdf909bcba78d?s=96&d=mm&r=g\",\"url\":\"https:\/\/secure.gravatar.com\/avatar\/0546ffaa9b79224faf9f2a156b67a529ae861d3287c66c1d8ccfdf909bcba78d?s=96&d=mm&r=g\",\"contentUrl\":\"https:\/\/secure.gravatar.com\/avatar\/0546ffaa9b79224faf9f2a156b67a529ae861d3287c66c1d8ccfdf909bcba78d?s=96&d=mm&r=g\",\"caption\":\"Sebastiano Plutino\"},\"url\":\"https:\/\/progettotouring.it\/radiotouring104\/author\/sebastiano\/\"}]}<\/script>\n<!-- \/ Yoast SEO plugin. -->","yoast_head_json":{"title":"Ivanaj: \u201cLa Redel con la giusta alchimia per far bene\u201d. - Radio Touring 104","description":"Ecco le impressioni del giocatore neroarancio Ivanaj, in vista del test di domenica al Palalumaka contro Castanea","robots":{"index":"index","follow":"follow","max-snippet":"max-snippet:-1","max-image-preview":"max-image-preview:large","max-video-preview":"max-video-preview:-1"},"canonical":"https:\/\/progettotouring.it\/radiotouring104\/2024\/09\/16\/ivanaj-la-redel-con-la-giusta-alchimia-per-far-bene\/","og_locale":"it_IT","og_type":"article","og_title":"Ivanaj: \u201cLa Redel con la giusta alchimia per far bene\u201d. - Radio Touring 104","og_description":"Ecco le impressioni del giocatore neroarancio Ivanaj, in vista del test di domenica al Palalumaka contro Castanea","og_url":"https:\/\/progettotouring.it\/radiotouring104\/2024\/09\/16\/ivanaj-la-redel-con-la-giusta-alchimia-per-far-bene\/","og_site_name":"Radio Touring 104","article_published_time":"2024-09-16T08:27:20+00:00","og_image":[{"width":300,"height":211,"url":"https:\/\/progettotouring.it\/radiotouring104\/wp-content\/uploads\/sites\/6\/2024\/09\/Ivanaj-Redel.jpg","type":"image\/jpeg"}],"author":"Sebastiano Plutino","twitter_card":"summary_large_image","twitter_misc":{"Scritto da":"Sebastiano Plutino","Tempo di lettura stimato":"1 minuto"},"schema":{"@context":"https:\/\/schema.org","@graph":[{"@type":"Article","@id":"https:\/\/progettotouring.it\/radiotouring104\/2024\/09\/16\/ivanaj-la-redel-con-la-giusta-alchimia-per-far-bene\/#article","isPartOf":{"@id":"https:\/\/progettotouring.it\/radiotouring104\/2024\/09\/16\/ivanaj-la-redel-con-la-giusta-alchimia-per-far-bene\/"},"author":{"name":"Sebastiano Plutino","@id":"https:\/\/progettotouring.it\/radiotouring104\/#\/schema\/person\/78613917f1851f041f7483f5af1d422e"},"headline":"Ivanaj: \u201cLa Redel con la giusta alchimia per far bene\u201d.","datePublished":"2024-09-16T08:27:20+00:00","mainEntityOfPage":{"@id":"https:\/\/progettotouring.it\/radiotouring104\/2024\/09\/16\/ivanaj-la-redel-con-la-giusta-alchimia-per-far-bene\/"},"wordCount":299,"publisher":{"@id":"https:\/\/progettotouring.it\/radiotouring104\/#organization"},"image":{"@id":"https:\/\/progettotouring.it\/radiotouring104\/2024\/09\/16\/ivanaj-la-redel-con-la-giusta-alchimia-per-far-bene\/#primaryimage"},"thumbnailUrl":"https:\/\/progettotouring.it\/radiotouring104\/wp-content\/uploads\/sites\/6\/2024\/09\/Ivanaj-Redel.jpg","keywords":["\u201cLa Redel con la giusta alchimia per far bene\u201d.","Castanea","Nikola Ivanaj","PalaLumaka","Redel Viola"],"articleSection":["News","Reggio Calabria","Sport"],"inLanguage":"it-IT"},{"@type":"WebPage","@id":"https:\/\/progettotouring.it\/radiotouring104\/2024\/09\/16\/ivanaj-la-redel-con-la-giusta-alchimia-per-far-bene\/","url":"https:\/\/progettotouring.it\/radiotouring104\/2024\/09\/16\/ivanaj-la-redel-con-la-giusta-alchimia-per-far-bene\/","name":"Ivanaj: \u201cLa Redel con la giusta alchimia per far bene\u201d. - Radio Touring 104","isPartOf":{"@id":"https:\/\/progettotouring.it\/radiotouring104\/#website"},"primaryImageOfPage":{"@id":"https:\/\/progettotouring.it\/radiotouring104\/2024\/09\/16\/ivanaj-la-redel-con-la-giusta-alchimia-per-far-bene\/#primaryimage"},"image":{"@id":"https:\/\/progettotouring.it\/radiotouring104\/2024\/09\/16\/ivanaj-la-redel-con-la-giusta-alchimia-per-far-bene\/#primaryimage"},"thumbnailUrl":"https:\/\/progettotouring.it\/radiotouring104\/wp-content\/uploads\/sites\/6\/2024\/09\/Ivanaj-Redel.jpg","datePublished":"2024-09-16T08:27:20+00:00","description":"Ecco le impressioni del giocatore neroarancio Ivanaj, in vista del test di domenica al Palalumaka contro Castanea","breadcrumb":{"@id":"https:\/\/progettotouring.it\/radiotouring104\/2024\/09\/16\/ivanaj-la-redel-con-la-giusta-alchimia-per-far-bene\/#breadcrumb"},"inLanguage":"it-IT","potentialAction":[{"@type":"ReadAction","target":["https:\/\/progettotouring.it\/radiotouring104\/2024\/09\/16\/ivanaj-la-redel-con-la-giusta-alchimia-per-far-bene\/"]}]},{"@type":"ImageObject","inLanguage":"it-IT","@id":"https:\/\/progettotouring.it\/radiotouring104\/2024\/09\/16\/ivanaj-la-redel-con-la-giusta-alchimia-per-far-bene\/#primaryimage","url":"https:\/\/progettotouring.it\/radiotouring104\/wp-content\/uploads\/sites\/6\/2024\/09\/Ivanaj-Redel.jpg","contentUrl":"https:\/\/progettotouring.it\/radiotouring104\/wp-content\/uploads\/sites\/6\/2024\/09\/Ivanaj-Redel.jpg","width":300,"height":211},{"@type":"BreadcrumbList","@id":"https:\/\/progettotouring.it\/radiotouring104\/2024\/09\/16\/ivanaj-la-redel-con-la-giusta-alchimia-per-far-bene\/#breadcrumb","itemListElement":[{"@type":"ListItem","position":1,"name":"Home","item":"https:\/\/progettotouring.it\/radiotouring104\/"},{"@type":"ListItem","position":2,"name":"Ivanaj: \u201cLa Redel con la giusta alchimia per far bene\u201d."}]},{"@type":"WebSite","@id":"https:\/\/progettotouring.it\/radiotouring104\/#website","url":"https:\/\/progettotouring.it\/radiotouring104\/","name":"Radio Touring 104","description":"La prima radio Reggina","publisher":{"@id":"https:\/\/progettotouring.it\/radiotouring104\/#organization"},"potentialAction":[{"@type":"SearchAction","target":{"@type":"EntryPoint","urlTemplate":"https:\/\/progettotouring.it\/radiotouring104\/?s={search_term_string}"},"query-input":{"@type":"PropertyValueSpecification","valueRequired":true,"valueName":"search_term_string"}}],"inLanguage":"it-IT"},{"@type":"Organization","@id":"https:\/\/progettotouring.it\/radiotouring104\/#organization","name":"Radio Touring 104","url":"https:\/\/progettotouring.it\/radiotouring104\/","logo":{"@type":"ImageObject","inLanguage":"it-IT","@id":"https:\/\/progettotouring.it\/radiotouring104\/#\/schema\/logo\/image\/","url":"https:\/\/progettotouring.it\/radiotouring104\/wp-content\/uploads\/sites\/6\/2022\/02\/cropped-logo-radio-touring-104.png","contentUrl":"https:\/\/progettotouring.it\/radiotouring104\/wp-content\/uploads\/sites\/6\/2022\/02\/cropped-logo-radio-touring-104.png","width":377,"height":182,"caption":"Radio Touring 104"},"image":{"@id":"https:\/\/progettotouring.it\/radiotouring104\/#\/schema\/logo\/image\/"}},{"@type":"Person","@id":"https:\/\/progettotouring.it\/radiotouring104\/#\/schema\/person\/78613917f1851f041f7483f5af1d422e","name":"Sebastiano Plutino","image":{"@type":"ImageObject","inLanguage":"it-IT","@id":"https:\/\/secure.gravatar.com\/avatar\/0546ffaa9b79224faf9f2a156b67a529ae861d3287c66c1d8ccfdf909bcba78d?s=96&d=mm&r=g","url":"https:\/\/secure.gravatar.com\/avatar\/0546ffaa9b79224faf9f2a156b67a529ae861d3287c66c1d8ccfdf909bcba78d?s=96&d=mm&r=g","contentUrl":"https:\/\/secure.gravatar.com\/avatar\/0546ffaa9b79224faf9f2a156b67a529ae861d3287c66c1d8ccfdf909bcba78d?s=96&d=mm&r=g","caption":"Sebastiano Plutino"},"url":"https:\/\/progettotouring.it\/radiotouring104\/author\/sebastiano\/"}]}},"jetpack_publicize_connections":[],"jetpack_featured_media_url":"https:\/\/progettotouring.it\/radiotouring104\/wp-content\/uploads\/sites\/6\/2024\/09\/Ivanaj-Redel.jpg","jetpack_sharing_enabled":true,"_links":{"self":[{"href":"https:\/\/progettotouring.it\/radiotouring104\/wp-json\/wp\/v2\/posts\/57753","targetHints":{"allow":["GET"]}}],"collection":[{"href":"https:\/\/progettotouring.it\/radiotouring104\/wp-json\/wp\/v2\/posts"}],"about":[{"href":"https:\/\/progettotouring.it\/radiotouring104\/wp-json\/wp\/v2\/types\/post"}],"author":[{"embeddable":true,"href":"https:\/\/progettotouring.it\/radiotouring104\/wp-json\/wp\/v2\/users\/12"}],"replies":[{"embeddable":true,"href":"https:\/\/progettotouring.it\/radiotouring104\/wp-json\/wp\/v2\/comments?post=57753"}],"version-history":[{"count":1,"href":"https:\/\/progettotouring.it\/radiotouring104\/wp-json\/wp\/v2\/posts\/57753\/revisions"}],"predecessor-version":[{"id":57755,"href":"https:\/\/progettotouring.it\/radiotouring104\/wp-json\/wp\/v2\/posts\/57753\/revisions\/57755"}],"wp:featuredmedia":[{"embeddable":true,"href":"https:\/\/progettotouring.it\/radiotouring104\/wp-json\/wp\/v2\/media\/57754"}],"wp:attachment":[{"href":"https:\/\/progettotouring.it\/radiotouring104\/wp-json\/wp\/v2\/media?parent=57753"}],"wp:term":[{"taxonomy":"category","embeddable":true,"href":"https:\/\/progettotouring.it\/radiotouring104\/wp-json\/wp\/v2\/categories?post=57753"},{"taxonomy":"post_tag","embeddable":true,"href":"https:\/\/progettotouring.it\/radiotouring104\/wp-json\/wp\/v2\/tags?post=57753"}],"curies":[{"name":"wp","href":"https:\/\/api.w.org\/{rel}","templated":true}]}}