{"id":57756,"date":"2024-09-16T10:35:50","date_gmt":"2024-09-16T08:35:50","guid":{"rendered":"https:\/\/progettotouring.it\/radiotouring104\/?p=57756"},"modified":"2024-09-16T10:35:50","modified_gmt":"2024-09-16T08:35:50","slug":"mare-sporco-in-calabria-alecci-attacca-occhiuto-e-iannone","status":"publish","type":"post","link":"https:\/\/progettotouring.it\/radiotouring104\/2024\/09\/16\/mare-sporco-in-calabria-alecci-attacca-occhiuto-e-iannone\/","title":{"rendered":"Mare sporco in Calabria: Alecci attacca Occhiuto e Iannone"},"content":{"rendered":"<p style=\"text-align: justify\">Quest\u2019estate tutti abbiamo assistito allo scempio del mare sporco, soprattutto sulla costa tirrenica, che ha fatto infuriare turisti, residenti e operatori turistici. In piena alta stagione, per molti giorni \u00e8 risultato impossibile fare il bagno e godere del nostro meraviglioso mare. La Regione e Arpacal hanno sempre sostenuto che quella sporcizia che galleggiava fosse costituita da alghe che proliferavano sia a causa delle alte temperature che del copioso apporto di sostanze nutrienti dai corsi d\u2019acqua, frutto di attivit\u00e0 umana legata all\u2019agricoltura, agli allevamenti e all\u2019industria. E a questo proposito sottolineavano la necessit\u00e0 di controlli pi\u00f9 serrati sulle attivit\u00e0 produttive che scaricano illegalmente i loro reflui nei corsi d\u2019acqua, richiamando anche gli imprenditori a un maggior senso di responsabilit\u00e0. Ma ritengo inutile e dannoso cercare capri espiatori o fare appello alla responsabilit\u00e0 dei cittadini, quando in questo caso \u00e8 del tutto evidente che la colpa sia dei vertici regionali, a cominciare dal Presidente Occhiuto e dal Commissario di Arpacal Iannone.<\/p>\n<p style=\"text-align: justify\">Tutto ci\u00f2, infatti, poteva essere prevenuto e gestito per tempo. Gi\u00e0 due anni fa avevo portato all\u2019attenzione del Presidente e dei cittadini il fatto che Arpacal stava inutilmente sprecando l\u2019occasione di effettuare il monitoraggio di tutti i corpi idrici della regione con finanziamenti europei gi\u00e0 stanziati. Ho anche prodotto per tempo varie interrogazioni al riguardo, ricevendo solo alla prima una risposta vaga e approssimativa. Si trattava di un progetto che, se attuato, avrebbe consentito di individuare le situazioni di criticit\u00e0 su cui intervenire, realizzando quei controlli di cui oggi (paradossalmente!) si reclama l\u2019urgenza. Questo importante progetto doveva concludersi un anno fa e, in seguito all\u2019elaborazione dei dati ottenuti, avrebbe permesso di intervenire nelle aree maggiormente interessate dal fenomeno. Non dico che in un anno si sarebbe eliminato completamente il problema, ma certamente si sarebbe potuto fare qualcosa per evitare la situazione vergognosa che tutti noi stiamo subendo e individuare gli eventuali responsabili di azioni illecite. Invece Arpacal quel progetto non l\u2019ha mai attuato e i soldi, ovviamente, sono stati restituiti all\u2019Europa, cos\u00ec come avevo purtroppo previsto con largo anticipo.<\/p>\n<p style=\"text-align: justify\">Sarebbe gi\u00e0 un triste epilogo, ma c\u2019\u00e8 anche di pi\u00f9! Sempre Arpacal ha rassicurato la cittadinanza sul fatto che le alghe rilevate non fossero tossiche e che non ci fosse alcun problema per la salute pubblica, anche se, a quanto risulta, molte persone hanno accusato vari problemi dopo aver fatto il bagno, da gastroenteriti a dermatiti. Di conseguenza si \u00e8 proceduto a fare campionamenti a spron battuto su e gi\u00f9 per la costa tirrenica, utilizzando un grandissimo dispiego di forze, compreso personale non esattamente preposto o formato per quel tipo di prelievi. E poi il colpo di scena finale: Arpacal, la scorsa settimana, a stagione balneare praticamente conclusa, in collaborazione con un istituto del Nord Italia, ha organizzato un corso per i propri tecnici per imparare a fare la determinazione delle alghe, utilizzando anche i campioni prelevati durante l\u2019estate. Ma se il corso per la formazione dei tecnici \u00e8 stato fatto pochi giorni fa, chi ha fatto le analisi nei mesi scorsi e chi ha stabilito che non fossero pericolose? Basta la cronaca di quanto avvenuto per dimostrare tutta l\u2019incapacit\u00e0 e l\u2019incompetenza con cui \u00e8 stata condotta l\u2019intera faccenda. Poteva essere fatto tutto per tempo, con finanziamenti europei e con personale gi\u00e0 adeguatamente formato. Ma non \u00e8 stato fatto, e a \u201cpagare\u201d, in tutti i sensi, sono sempre i calabresi<strong>.<\/strong><\/p>\n","protected":false},"excerpt":{"rendered":"<p>Quest\u2019estate tutti abbiamo assistito allo scempio del mare sporco, soprattutto sulla costa tirrenica, che ha fatto infuriare turisti, residenti e operatori turistici. In piena alta stagione, per molti giorni \u00e8&hellip;<\/p>\n","protected":false},"author":12,"featured_media":8626,"comment_status":"closed","ping_status":"open","sticky":false,"template":"","format":"standard","meta":{"_jetpack_memberships_contains_paid_content":false,"footnotes":"","jetpack_publicize_message":"","jetpack_publicize_feature_enabled":true,"jetpack_social_post_already_shared":false,"jetpack_social_options":{"image_generator_settings":{"template":"highway","default_image_id":0,"font":"","enabled":false},"version":2}},"categories":[142,921,196],"tags":[3620,35413,3889,35412,18340],"class_list":["post-57756","post","type-post","status-publish","format-standard","has-post-thumbnail","hentry","category-calabria","category-home","category-news","tag-arpacal","tag-commissario-arpacal-iannone","tag-ernesto-alecci","tag-mare-sporco-in-calabria","tag-occhiuto-roberto"],"yoast_head":"<!-- This site is optimized with the Yoast SEO plugin v27.2 - https:\/\/yoast.com\/product\/yoast-seo-wordpress\/ -->\n<title>Mare sporco in Calabria: Alecci attacca Occhiuto e Iannone<\/title>\n<meta name=\"description\" content=\"Per il Consigliere inutile cercare capri espiatori, i responsabili rispondono ai nomi del Presidente della Regione e Commissario Arpacal\" \/>\n<meta name=\"robots\" content=\"index, follow, max-snippet:-1, max-image-preview:large, max-video-preview:-1\" \/>\n<link rel=\"canonical\" href=\"https:\/\/progettotouring.it\/radiotouring104\/2024\/09\/16\/mare-sporco-in-calabria-alecci-attacca-occhiuto-e-iannone\/\" \/>\n<meta property=\"og:locale\" content=\"it_IT\" \/>\n<meta property=\"og:type\" content=\"article\" \/>\n<meta property=\"og:title\" content=\"Mare sporco in Calabria: Alecci attacca Occhiuto e Iannone\" \/>\n<meta property=\"og:description\" content=\"Per il Consigliere inutile cercare capri espiatori, i responsabili rispondono ai nomi del Presidente della Regione e Commissario Arpacal\" \/>\n<meta property=\"og:url\" content=\"https:\/\/progettotouring.it\/radiotouring104\/2024\/09\/16\/mare-sporco-in-calabria-alecci-attacca-occhiuto-e-iannone\/\" \/>\n<meta property=\"og:site_name\" content=\"Radio Touring 104\" \/>\n<meta property=\"article:published_time\" content=\"2024-09-16T08:35:50+00:00\" \/>\n<meta property=\"og:image\" content=\"https:\/\/progettotouring.it\/radiotouring104\/wp-content\/uploads\/sites\/6\/2022\/07\/ernesto-alecci.jpg\" \/>\n\t<meta property=\"og:image:width\" content=\"660\" \/>\n\t<meta property=\"og:image:height\" content=\"602\" \/>\n\t<meta property=\"og:image:type\" content=\"image\/jpeg\" \/>\n<meta name=\"author\" content=\"Sebastiano Plutino\" \/>\n<meta name=\"twitter:card\" content=\"summary_large_image\" \/>\n<meta name=\"twitter:label1\" content=\"Scritto da\" \/>\n\t<meta name=\"twitter:data1\" content=\"Sebastiano Plutino\" \/>\n\t<meta name=\"twitter:label2\" content=\"Tempo di lettura stimato\" \/>\n\t<meta name=\"twitter:data2\" content=\"3 minuti\" \/>\n<script type=\"application\/ld+json\" class=\"yoast-schema-graph\">{\"@context\":\"https:\/\/schema.org\",\"@graph\":[{\"@type\":\"Article\",\"@id\":\"https:\/\/progettotouring.it\/radiotouring104\/2024\/09\/16\/mare-sporco-in-calabria-alecci-attacca-occhiuto-e-iannone\/#article\",\"isPartOf\":{\"@id\":\"https:\/\/progettotouring.it\/radiotouring104\/2024\/09\/16\/mare-sporco-in-calabria-alecci-attacca-occhiuto-e-iannone\/\"},\"author\":{\"name\":\"Sebastiano Plutino\",\"@id\":\"https:\/\/progettotouring.it\/radiotouring104\/#\/schema\/person\/78613917f1851f041f7483f5af1d422e\"},\"headline\":\"Mare sporco in Calabria: Alecci attacca Occhiuto e Iannone\",\"datePublished\":\"2024-09-16T08:35:50+00:00\",\"mainEntityOfPage\":{\"@id\":\"https:\/\/progettotouring.it\/radiotouring104\/2024\/09\/16\/mare-sporco-in-calabria-alecci-attacca-occhiuto-e-iannone\/\"},\"wordCount\":576,\"publisher\":{\"@id\":\"https:\/\/progettotouring.it\/radiotouring104\/#organization\"},\"image\":{\"@id\":\"https:\/\/progettotouring.it\/radiotouring104\/2024\/09\/16\/mare-sporco-in-calabria-alecci-attacca-occhiuto-e-iannone\/#primaryimage\"},\"thumbnailUrl\":\"https:\/\/progettotouring.it\/radiotouring104\/wp-content\/uploads\/sites\/6\/2022\/07\/ernesto-alecci.jpg\",\"keywords\":[\"ARPACal\",\"Commissario Arpacal Iannone.\",\"Ernesto Alecci\",\"Mare sporco in Calabria\",\"Occhiuto Roberto\"],\"articleSection\":[\"Calabria\",\"Home\",\"News\"],\"inLanguage\":\"it-IT\"},{\"@type\":\"WebPage\",\"@id\":\"https:\/\/progettotouring.it\/radiotouring104\/2024\/09\/16\/mare-sporco-in-calabria-alecci-attacca-occhiuto-e-iannone\/\",\"url\":\"https:\/\/progettotouring.it\/radiotouring104\/2024\/09\/16\/mare-sporco-in-calabria-alecci-attacca-occhiuto-e-iannone\/\",\"name\":\"Mare sporco in Calabria: Alecci attacca Occhiuto e Iannone\",\"isPartOf\":{\"@id\":\"https:\/\/progettotouring.it\/radiotouring104\/#website\"},\"primaryImageOfPage\":{\"@id\":\"https:\/\/progettotouring.it\/radiotouring104\/2024\/09\/16\/mare-sporco-in-calabria-alecci-attacca-occhiuto-e-iannone\/#primaryimage\"},\"image\":{\"@id\":\"https:\/\/progettotouring.it\/radiotouring104\/2024\/09\/16\/mare-sporco-in-calabria-alecci-attacca-occhiuto-e-iannone\/#primaryimage\"},\"thumbnailUrl\":\"https:\/\/progettotouring.it\/radiotouring104\/wp-content\/uploads\/sites\/6\/2022\/07\/ernesto-alecci.jpg\",\"datePublished\":\"2024-09-16T08:35:50+00:00\",\"description\":\"Per il Consigliere inutile cercare capri espiatori, i responsabili rispondono ai nomi del Presidente della Regione e Commissario Arpacal\",\"breadcrumb\":{\"@id\":\"https:\/\/progettotouring.it\/radiotouring104\/2024\/09\/16\/mare-sporco-in-calabria-alecci-attacca-occhiuto-e-iannone\/#breadcrumb\"},\"inLanguage\":\"it-IT\",\"potentialAction\":[{\"@type\":\"ReadAction\",\"target\":[\"https:\/\/progettotouring.it\/radiotouring104\/2024\/09\/16\/mare-sporco-in-calabria-alecci-attacca-occhiuto-e-iannone\/\"]}]},{\"@type\":\"ImageObject\",\"inLanguage\":\"it-IT\",\"@id\":\"https:\/\/progettotouring.it\/radiotouring104\/2024\/09\/16\/mare-sporco-in-calabria-alecci-attacca-occhiuto-e-iannone\/#primaryimage\",\"url\":\"https:\/\/progettotouring.it\/radiotouring104\/wp-content\/uploads\/sites\/6\/2022\/07\/ernesto-alecci.jpg\",\"contentUrl\":\"https:\/\/progettotouring.it\/radiotouring104\/wp-content\/uploads\/sites\/6\/2022\/07\/ernesto-alecci.jpg\",\"width\":660,\"height\":602},{\"@type\":\"BreadcrumbList\",\"@id\":\"https:\/\/progettotouring.it\/radiotouring104\/2024\/09\/16\/mare-sporco-in-calabria-alecci-attacca-occhiuto-e-iannone\/#breadcrumb\",\"itemListElement\":[{\"@type\":\"ListItem\",\"position\":1,\"name\":\"Home\",\"item\":\"https:\/\/progettotouring.it\/radiotouring104\/\"},{\"@type\":\"ListItem\",\"position\":2,\"name\":\"Mare sporco in Calabria: Alecci attacca Occhiuto e Iannone\"}]},{\"@type\":\"WebSite\",\"@id\":\"https:\/\/progettotouring.it\/radiotouring104\/#website\",\"url\":\"https:\/\/progettotouring.it\/radiotouring104\/\",\"name\":\"Radio Touring 104\",\"description\":\"La prima radio Reggina\",\"publisher\":{\"@id\":\"https:\/\/progettotouring.it\/radiotouring104\/#organization\"},\"potentialAction\":[{\"@type\":\"SearchAction\",\"target\":{\"@type\":\"EntryPoint\",\"urlTemplate\":\"https:\/\/progettotouring.it\/radiotouring104\/?s={search_term_string}\"},\"query-input\":{\"@type\":\"PropertyValueSpecification\",\"valueRequired\":true,\"valueName\":\"search_term_string\"}}],\"inLanguage\":\"it-IT\"},{\"@type\":\"Organization\",\"@id\":\"https:\/\/progettotouring.it\/radiotouring104\/#organization\",\"name\":\"Radio Touring 104\",\"url\":\"https:\/\/progettotouring.it\/radiotouring104\/\",\"logo\":{\"@type\":\"ImageObject\",\"inLanguage\":\"it-IT\",\"@id\":\"https:\/\/progettotouring.it\/radiotouring104\/#\/schema\/logo\/image\/\",\"url\":\"https:\/\/progettotouring.it\/radiotouring104\/wp-content\/uploads\/sites\/6\/2022\/02\/cropped-logo-radio-touring-104.png\",\"contentUrl\":\"https:\/\/progettotouring.it\/radiotouring104\/wp-content\/uploads\/sites\/6\/2022\/02\/cropped-logo-radio-touring-104.png\",\"width\":377,\"height\":182,\"caption\":\"Radio Touring 104\"},\"image\":{\"@id\":\"https:\/\/progettotouring.it\/radiotouring104\/#\/schema\/logo\/image\/\"}},{\"@type\":\"Person\",\"@id\":\"https:\/\/progettotouring.it\/radiotouring104\/#\/schema\/person\/78613917f1851f041f7483f5af1d422e\",\"name\":\"Sebastiano Plutino\",\"image\":{\"@type\":\"ImageObject\",\"inLanguage\":\"it-IT\",\"@id\":\"https:\/\/secure.gravatar.com\/avatar\/0546ffaa9b79224faf9f2a156b67a529ae861d3287c66c1d8ccfdf909bcba78d?s=96&d=mm&r=g\",\"url\":\"https:\/\/secure.gravatar.com\/avatar\/0546ffaa9b79224faf9f2a156b67a529ae861d3287c66c1d8ccfdf909bcba78d?s=96&d=mm&r=g\",\"contentUrl\":\"https:\/\/secure.gravatar.com\/avatar\/0546ffaa9b79224faf9f2a156b67a529ae861d3287c66c1d8ccfdf909bcba78d?s=96&d=mm&r=g\",\"caption\":\"Sebastiano Plutino\"},\"url\":\"https:\/\/progettotouring.it\/radiotouring104\/author\/sebastiano\/\"}]}<\/script>\n<!-- \/ Yoast SEO plugin. -->","yoast_head_json":{"title":"Mare sporco in Calabria: Alecci attacca Occhiuto e Iannone","description":"Per il Consigliere inutile cercare capri espiatori, i responsabili rispondono ai nomi del Presidente della Regione e Commissario Arpacal","robots":{"index":"index","follow":"follow","max-snippet":"max-snippet:-1","max-image-preview":"max-image-preview:large","max-video-preview":"max-video-preview:-1"},"canonical":"https:\/\/progettotouring.it\/radiotouring104\/2024\/09\/16\/mare-sporco-in-calabria-alecci-attacca-occhiuto-e-iannone\/","og_locale":"it_IT","og_type":"article","og_title":"Mare sporco in Calabria: Alecci attacca Occhiuto e Iannone","og_description":"Per il Consigliere inutile cercare capri espiatori, i responsabili rispondono ai nomi del Presidente della Regione e Commissario Arpacal","og_url":"https:\/\/progettotouring.it\/radiotouring104\/2024\/09\/16\/mare-sporco-in-calabria-alecci-attacca-occhiuto-e-iannone\/","og_site_name":"Radio Touring 104","article_published_time":"2024-09-16T08:35:50+00:00","og_image":[{"width":660,"height":602,"url":"https:\/\/progettotouring.it\/radiotouring104\/wp-content\/uploads\/sites\/6\/2022\/07\/ernesto-alecci.jpg","type":"image\/jpeg"}],"author":"Sebastiano Plutino","twitter_card":"summary_large_image","twitter_misc":{"Scritto da":"Sebastiano Plutino","Tempo di lettura stimato":"3 minuti"},"schema":{"@context":"https:\/\/schema.org","@graph":[{"@type":"Article","@id":"https:\/\/progettotouring.it\/radiotouring104\/2024\/09\/16\/mare-sporco-in-calabria-alecci-attacca-occhiuto-e-iannone\/#article","isPartOf":{"@id":"https:\/\/progettotouring.it\/radiotouring104\/2024\/09\/16\/mare-sporco-in-calabria-alecci-attacca-occhiuto-e-iannone\/"},"author":{"name":"Sebastiano Plutino","@id":"https:\/\/progettotouring.it\/radiotouring104\/#\/schema\/person\/78613917f1851f041f7483f5af1d422e"},"headline":"Mare sporco in Calabria: Alecci attacca Occhiuto e Iannone","datePublished":"2024-09-16T08:35:50+00:00","mainEntityOfPage":{"@id":"https:\/\/progettotouring.it\/radiotouring104\/2024\/09\/16\/mare-sporco-in-calabria-alecci-attacca-occhiuto-e-iannone\/"},"wordCount":576,"publisher":{"@id":"https:\/\/progettotouring.it\/radiotouring104\/#organization"},"image":{"@id":"https:\/\/progettotouring.it\/radiotouring104\/2024\/09\/16\/mare-sporco-in-calabria-alecci-attacca-occhiuto-e-iannone\/#primaryimage"},"thumbnailUrl":"https:\/\/progettotouring.it\/radiotouring104\/wp-content\/uploads\/sites\/6\/2022\/07\/ernesto-alecci.jpg","keywords":["ARPACal","Commissario Arpacal Iannone.","Ernesto Alecci","Mare sporco in Calabria","Occhiuto Roberto"],"articleSection":["Calabria","Home","News"],"inLanguage":"it-IT"},{"@type":"WebPage","@id":"https:\/\/progettotouring.it\/radiotouring104\/2024\/09\/16\/mare-sporco-in-calabria-alecci-attacca-occhiuto-e-iannone\/","url":"https:\/\/progettotouring.it\/radiotouring104\/2024\/09\/16\/mare-sporco-in-calabria-alecci-attacca-occhiuto-e-iannone\/","name":"Mare sporco in Calabria: Alecci attacca Occhiuto e Iannone","isPartOf":{"@id":"https:\/\/progettotouring.it\/radiotouring104\/#website"},"primaryImageOfPage":{"@id":"https:\/\/progettotouring.it\/radiotouring104\/2024\/09\/16\/mare-sporco-in-calabria-alecci-attacca-occhiuto-e-iannone\/#primaryimage"},"image":{"@id":"https:\/\/progettotouring.it\/radiotouring104\/2024\/09\/16\/mare-sporco-in-calabria-alecci-attacca-occhiuto-e-iannone\/#primaryimage"},"thumbnailUrl":"https:\/\/progettotouring.it\/radiotouring104\/wp-content\/uploads\/sites\/6\/2022\/07\/ernesto-alecci.jpg","datePublished":"2024-09-16T08:35:50+00:00","description":"Per il Consigliere inutile cercare capri espiatori, i responsabili rispondono ai nomi del Presidente della Regione e Commissario Arpacal","breadcrumb":{"@id":"https:\/\/progettotouring.it\/radiotouring104\/2024\/09\/16\/mare-sporco-in-calabria-alecci-attacca-occhiuto-e-iannone\/#breadcrumb"},"inLanguage":"it-IT","potentialAction":[{"@type":"ReadAction","target":["https:\/\/progettotouring.it\/radiotouring104\/2024\/09\/16\/mare-sporco-in-calabria-alecci-attacca-occhiuto-e-iannone\/"]}]},{"@type":"ImageObject","inLanguage":"it-IT","@id":"https:\/\/progettotouring.it\/radiotouring104\/2024\/09\/16\/mare-sporco-in-calabria-alecci-attacca-occhiuto-e-iannone\/#primaryimage","url":"https:\/\/progettotouring.it\/radiotouring104\/wp-content\/uploads\/sites\/6\/2022\/07\/ernesto-alecci.jpg","contentUrl":"https:\/\/progettotouring.it\/radiotouring104\/wp-content\/uploads\/sites\/6\/2022\/07\/ernesto-alecci.jpg","width":660,"height":602},{"@type":"BreadcrumbList","@id":"https:\/\/progettotouring.it\/radiotouring104\/2024\/09\/16\/mare-sporco-in-calabria-alecci-attacca-occhiuto-e-iannone\/#breadcrumb","itemListElement":[{"@type":"ListItem","position":1,"name":"Home","item":"https:\/\/progettotouring.it\/radiotouring104\/"},{"@type":"ListItem","position":2,"name":"Mare sporco in Calabria: Alecci attacca Occhiuto e Iannone"}]},{"@type":"WebSite","@id":"https:\/\/progettotouring.it\/radiotouring104\/#website","url":"https:\/\/progettotouring.it\/radiotouring104\/","name":"Radio Touring 104","description":"La prima radio Reggina","publisher":{"@id":"https:\/\/progettotouring.it\/radiotouring104\/#organization"},"potentialAction":[{"@type":"SearchAction","target":{"@type":"EntryPoint","urlTemplate":"https:\/\/progettotouring.it\/radiotouring104\/?s={search_term_string}"},"query-input":{"@type":"PropertyValueSpecification","valueRequired":true,"valueName":"search_term_string"}}],"inLanguage":"it-IT"},{"@type":"Organization","@id":"https:\/\/progettotouring.it\/radiotouring104\/#organization","name":"Radio Touring 104","url":"https:\/\/progettotouring.it\/radiotouring104\/","logo":{"@type":"ImageObject","inLanguage":"it-IT","@id":"https:\/\/progettotouring.it\/radiotouring104\/#\/schema\/logo\/image\/","url":"https:\/\/progettotouring.it\/radiotouring104\/wp-content\/uploads\/sites\/6\/2022\/02\/cropped-logo-radio-touring-104.png","contentUrl":"https:\/\/progettotouring.it\/radiotouring104\/wp-content\/uploads\/sites\/6\/2022\/02\/cropped-logo-radio-touring-104.png","width":377,"height":182,"caption":"Radio Touring 104"},"image":{"@id":"https:\/\/progettotouring.it\/radiotouring104\/#\/schema\/logo\/image\/"}},{"@type":"Person","@id":"https:\/\/progettotouring.it\/radiotouring104\/#\/schema\/person\/78613917f1851f041f7483f5af1d422e","name":"Sebastiano Plutino","image":{"@type":"ImageObject","inLanguage":"it-IT","@id":"https:\/\/secure.gravatar.com\/avatar\/0546ffaa9b79224faf9f2a156b67a529ae861d3287c66c1d8ccfdf909bcba78d?s=96&d=mm&r=g","url":"https:\/\/secure.gravatar.com\/avatar\/0546ffaa9b79224faf9f2a156b67a529ae861d3287c66c1d8ccfdf909bcba78d?s=96&d=mm&r=g","contentUrl":"https:\/\/secure.gravatar.com\/avatar\/0546ffaa9b79224faf9f2a156b67a529ae861d3287c66c1d8ccfdf909bcba78d?s=96&d=mm&r=g","caption":"Sebastiano Plutino"},"url":"https:\/\/progettotouring.it\/radiotouring104\/author\/sebastiano\/"}]}},"jetpack_publicize_connections":[],"jetpack_featured_media_url":"https:\/\/progettotouring.it\/radiotouring104\/wp-content\/uploads\/sites\/6\/2022\/07\/ernesto-alecci.jpg","jetpack_sharing_enabled":true,"_links":{"self":[{"href":"https:\/\/progettotouring.it\/radiotouring104\/wp-json\/wp\/v2\/posts\/57756","targetHints":{"allow":["GET"]}}],"collection":[{"href":"https:\/\/progettotouring.it\/radiotouring104\/wp-json\/wp\/v2\/posts"}],"about":[{"href":"https:\/\/progettotouring.it\/radiotouring104\/wp-json\/wp\/v2\/types\/post"}],"author":[{"embeddable":true,"href":"https:\/\/progettotouring.it\/radiotouring104\/wp-json\/wp\/v2\/users\/12"}],"replies":[{"embeddable":true,"href":"https:\/\/progettotouring.it\/radiotouring104\/wp-json\/wp\/v2\/comments?post=57756"}],"version-history":[{"count":1,"href":"https:\/\/progettotouring.it\/radiotouring104\/wp-json\/wp\/v2\/posts\/57756\/revisions"}],"predecessor-version":[{"id":57758,"href":"https:\/\/progettotouring.it\/radiotouring104\/wp-json\/wp\/v2\/posts\/57756\/revisions\/57758"}],"wp:featuredmedia":[{"embeddable":true,"href":"https:\/\/progettotouring.it\/radiotouring104\/wp-json\/wp\/v2\/media\/8626"}],"wp:attachment":[{"href":"https:\/\/progettotouring.it\/radiotouring104\/wp-json\/wp\/v2\/media?parent=57756"}],"wp:term":[{"taxonomy":"category","embeddable":true,"href":"https:\/\/progettotouring.it\/radiotouring104\/wp-json\/wp\/v2\/categories?post=57756"},{"taxonomy":"post_tag","embeddable":true,"href":"https:\/\/progettotouring.it\/radiotouring104\/wp-json\/wp\/v2\/tags?post=57756"}],"curies":[{"name":"wp","href":"https:\/\/api.w.org\/{rel}","templated":true}]}}