{"id":57759,"date":"2024-09-16T10:46:09","date_gmt":"2024-09-16T08:46:09","guid":{"rendered":"https:\/\/progettotouring.it\/radiotouring104\/?p=57759"},"modified":"2024-09-16T10:46:09","modified_gmt":"2024-09-16T08:46:09","slug":"san-ferdinando-oltre-600-persone-al-funerale-di-bellocco","status":"publish","type":"post","link":"https:\/\/progettotouring.it\/radiotouring104\/2024\/09\/16\/san-ferdinando-oltre-600-persone-al-funerale-di-bellocco\/","title":{"rendered":"San Ferdinando: oltre 600 persone al funerale di Bellocco"},"content":{"rendered":"<p style=\"text-align: justify\"><strong>Oltre 600 persone<\/strong> provenienti da tutta Italia alla <strong>messa in ricordo di Antonio Bellocco che si \u00e8 celebrata sabato a San Ferdinando<\/strong> (RC) alle ore 19 nella chiesa Madre situata in pieno centro del paese della Piana.<\/p>\n<p style=\"text-align: justify\"><strong>Ad assistere all&#8217;intera funzione c&#8217;era anche Klaus Davi,<\/strong> precipitatosi da Milano appena saputo che ci sarebbe stato questo importante evento. Chiesa gremita all&#8217;inverosimile per ascoltare le parole del sacerdote<strong> Don Domenico Rizzi.<\/strong> Boom tra i giovanissimi visto che un terzo dei presenti aveva meno di 25 anni. Tutto si \u00e8 svolto in modo molto sobrio e la famiglia Bellocco al completo occupava le prime file della chiesa.<\/p>\n<p style=\"text-align: justify\">&#8220;<em>Siamo venuti perch\u00e9 Antonio era uno di noi<\/em> &#8211; hanno dichiarato numerosi partecipanti intervistati da Davi fuori dalla chiesa &#8211; <em>Qui era benvoluto da tutti e se fosse stato un ragazzo del Nord non sarebbe stato descritto come hanno fatto i giornali&#8221;. Nei primi banchi al completo fratelli e parenti stretti del giovane erede della famiglia Bellocco ucciso dal capo ultr\u00e0 interista Andrea Beretta lo scorso 4 settembre. \u00ab\u00c8 stato un evento culturale, antropologico, non lo descriverei altrimenti. Escludo che la gente sia venuta perch\u00e9 costretta\u00bb<strong>,<\/strong><\/em><strong> commenta Davi il quale non contesta la funzione<\/strong>, \u00ab<em>ci mancherebbe, \u00e8 un momento molto doloroso per la famiglia\u00bb, ma \u00e8 rimasto colpito dalla folla accorsa per ricordare il giovane Bellocco: \u00abNon critico assolutamente la funzione, ma per lo Stato \u00e8 stato un KO. Siamo nel 2024 e l&#8217;antimafia \u00e8 vissuta come lontana, culturalmente non ha inciso, si \u00e8 visto plasticamente\u00bb. Durante l&#8217;omelia il parroco ha citato esplicitamente gli Ebrei come popolo della forza, contrapponendolo a Ges\u00f9 e al &#8220;popolo della Misericordia e della Croce&#8221;<\/em>.<strong> Il giornalista pubblicher\u00e0 integralmente l&#8217;intervento di don Domenico.<\/strong><\/p>\n","protected":false},"excerpt":{"rendered":"<p>Oltre 600 persone provenienti da tutta Italia alla messa in ricordo di Antonio Bellocco che si \u00e8 celebrata sabato a San Ferdinando (RC) alle ore 19 nella chiesa Madre situata&hellip;<\/p>\n","protected":false},"author":12,"featured_media":57760,"comment_status":"closed","ping_status":"open","sticky":false,"template":"","format":"standard","meta":{"_jetpack_memberships_contains_paid_content":false,"footnotes":"","jetpack_publicize_message":"","jetpack_publicize_feature_enabled":true,"jetpack_social_post_already_shared":false,"jetpack_social_options":{"image_generator_settings":{"template":"highway","default_image_id":0,"font":"","enabled":false},"version":2}},"categories":[921,196,140],"tags":[35414,35415,5267,35182,2506],"class_list":["post-57759","post","type-post","status-publish","format-standard","has-post-thumbnail","hentry","category-home","category-news","category-reggio-calabria","tag-600-persone-al-funerale","tag-don-domenico-rizzi","tag-klaus-davi","tag-omicidio-bellocco","tag-san-ferdinando"],"yoast_head":"<!-- This site is optimized with the Yoast SEO plugin v27.2 - https:\/\/yoast.com\/product\/yoast-seo-wordpress\/ -->\n<title>San Ferdinando: oltre 600 persone al funerale di Bellocco<\/title>\n<meta name=\"description\" content=\"A renderlo noto \u00e8 Klaus Davi, presente alla funzione svolta sabato alle 19 nella Chiesa madre, a San Ferdinando\" \/>\n<meta name=\"robots\" content=\"index, follow, max-snippet:-1, max-image-preview:large, max-video-preview:-1\" \/>\n<link rel=\"canonical\" href=\"https:\/\/progettotouring.it\/radiotouring104\/2024\/09\/16\/san-ferdinando-oltre-600-persone-al-funerale-di-bellocco\/\" \/>\n<meta property=\"og:locale\" content=\"it_IT\" \/>\n<meta property=\"og:type\" content=\"article\" \/>\n<meta property=\"og:title\" content=\"San Ferdinando: oltre 600 persone al funerale di Bellocco\" \/>\n<meta property=\"og:description\" content=\"A renderlo noto \u00e8 Klaus Davi, presente alla funzione svolta sabato alle 19 nella Chiesa madre, a San Ferdinando\" \/>\n<meta property=\"og:url\" content=\"https:\/\/progettotouring.it\/radiotouring104\/2024\/09\/16\/san-ferdinando-oltre-600-persone-al-funerale-di-bellocco\/\" \/>\n<meta property=\"og:site_name\" content=\"Radio Touring 104\" \/>\n<meta property=\"article:published_time\" content=\"2024-09-16T08:46:09+00:00\" \/>\n<meta property=\"og:image\" content=\"https:\/\/progettotouring.it\/radiotouring104\/wp-content\/uploads\/sites\/6\/2024\/09\/Funerale-omicidio-Bellocchio-Davi.jpeg\" \/>\n\t<meta property=\"og:image:width\" content=\"1600\" \/>\n\t<meta property=\"og:image:height\" content=\"909\" \/>\n\t<meta property=\"og:image:type\" content=\"image\/jpeg\" \/>\n<meta name=\"author\" content=\"Sebastiano Plutino\" \/>\n<meta name=\"twitter:card\" content=\"summary_large_image\" \/>\n<meta name=\"twitter:label1\" content=\"Scritto da\" \/>\n\t<meta name=\"twitter:data1\" content=\"Sebastiano Plutino\" \/>\n\t<meta name=\"twitter:label2\" content=\"Tempo di lettura stimato\" \/>\n\t<meta name=\"twitter:data2\" content=\"1 minuto\" \/>\n<script type=\"application\/ld+json\" class=\"yoast-schema-graph\">{\"@context\":\"https:\/\/schema.org\",\"@graph\":[{\"@type\":\"Article\",\"@id\":\"https:\/\/progettotouring.it\/radiotouring104\/2024\/09\/16\/san-ferdinando-oltre-600-persone-al-funerale-di-bellocco\/#article\",\"isPartOf\":{\"@id\":\"https:\/\/progettotouring.it\/radiotouring104\/2024\/09\/16\/san-ferdinando-oltre-600-persone-al-funerale-di-bellocco\/\"},\"author\":{\"name\":\"Sebastiano Plutino\",\"@id\":\"https:\/\/progettotouring.it\/radiotouring104\/#\/schema\/person\/78613917f1851f041f7483f5af1d422e\"},\"headline\":\"San Ferdinando: oltre 600 persone al funerale di Bellocco\",\"datePublished\":\"2024-09-16T08:46:09+00:00\",\"mainEntityOfPage\":{\"@id\":\"https:\/\/progettotouring.it\/radiotouring104\/2024\/09\/16\/san-ferdinando-oltre-600-persone-al-funerale-di-bellocco\/\"},\"wordCount\":277,\"publisher\":{\"@id\":\"https:\/\/progettotouring.it\/radiotouring104\/#organization\"},\"image\":{\"@id\":\"https:\/\/progettotouring.it\/radiotouring104\/2024\/09\/16\/san-ferdinando-oltre-600-persone-al-funerale-di-bellocco\/#primaryimage\"},\"thumbnailUrl\":\"https:\/\/progettotouring.it\/radiotouring104\/wp-content\/uploads\/sites\/6\/2024\/09\/Funerale-omicidio-Bellocchio-Davi.jpeg\",\"keywords\":[\"600 persone al funerale\",\"Don Domenico Rizzi.\",\"klaus davi\",\"Omicidio Bellocco\",\"san ferdinando\"],\"articleSection\":[\"Home\",\"News\",\"Reggio Calabria\"],\"inLanguage\":\"it-IT\"},{\"@type\":\"WebPage\",\"@id\":\"https:\/\/progettotouring.it\/radiotouring104\/2024\/09\/16\/san-ferdinando-oltre-600-persone-al-funerale-di-bellocco\/\",\"url\":\"https:\/\/progettotouring.it\/radiotouring104\/2024\/09\/16\/san-ferdinando-oltre-600-persone-al-funerale-di-bellocco\/\",\"name\":\"San Ferdinando: oltre 600 persone al funerale di Bellocco\",\"isPartOf\":{\"@id\":\"https:\/\/progettotouring.it\/radiotouring104\/#website\"},\"primaryImageOfPage\":{\"@id\":\"https:\/\/progettotouring.it\/radiotouring104\/2024\/09\/16\/san-ferdinando-oltre-600-persone-al-funerale-di-bellocco\/#primaryimage\"},\"image\":{\"@id\":\"https:\/\/progettotouring.it\/radiotouring104\/2024\/09\/16\/san-ferdinando-oltre-600-persone-al-funerale-di-bellocco\/#primaryimage\"},\"thumbnailUrl\":\"https:\/\/progettotouring.it\/radiotouring104\/wp-content\/uploads\/sites\/6\/2024\/09\/Funerale-omicidio-Bellocchio-Davi.jpeg\",\"datePublished\":\"2024-09-16T08:46:09+00:00\",\"description\":\"A renderlo noto \u00e8 Klaus Davi, presente alla funzione svolta sabato alle 19 nella Chiesa madre, a San Ferdinando\",\"breadcrumb\":{\"@id\":\"https:\/\/progettotouring.it\/radiotouring104\/2024\/09\/16\/san-ferdinando-oltre-600-persone-al-funerale-di-bellocco\/#breadcrumb\"},\"inLanguage\":\"it-IT\",\"potentialAction\":[{\"@type\":\"ReadAction\",\"target\":[\"https:\/\/progettotouring.it\/radiotouring104\/2024\/09\/16\/san-ferdinando-oltre-600-persone-al-funerale-di-bellocco\/\"]}]},{\"@type\":\"ImageObject\",\"inLanguage\":\"it-IT\",\"@id\":\"https:\/\/progettotouring.it\/radiotouring104\/2024\/09\/16\/san-ferdinando-oltre-600-persone-al-funerale-di-bellocco\/#primaryimage\",\"url\":\"https:\/\/progettotouring.it\/radiotouring104\/wp-content\/uploads\/sites\/6\/2024\/09\/Funerale-omicidio-Bellocchio-Davi.jpeg\",\"contentUrl\":\"https:\/\/progettotouring.it\/radiotouring104\/wp-content\/uploads\/sites\/6\/2024\/09\/Funerale-omicidio-Bellocchio-Davi.jpeg\",\"width\":1600,\"height\":909},{\"@type\":\"BreadcrumbList\",\"@id\":\"https:\/\/progettotouring.it\/radiotouring104\/2024\/09\/16\/san-ferdinando-oltre-600-persone-al-funerale-di-bellocco\/#breadcrumb\",\"itemListElement\":[{\"@type\":\"ListItem\",\"position\":1,\"name\":\"Home\",\"item\":\"https:\/\/progettotouring.it\/radiotouring104\/\"},{\"@type\":\"ListItem\",\"position\":2,\"name\":\"San Ferdinando: oltre 600 persone al funerale di Bellocco\"}]},{\"@type\":\"WebSite\",\"@id\":\"https:\/\/progettotouring.it\/radiotouring104\/#website\",\"url\":\"https:\/\/progettotouring.it\/radiotouring104\/\",\"name\":\"Radio Touring 104\",\"description\":\"La prima radio Reggina\",\"publisher\":{\"@id\":\"https:\/\/progettotouring.it\/radiotouring104\/#organization\"},\"potentialAction\":[{\"@type\":\"SearchAction\",\"target\":{\"@type\":\"EntryPoint\",\"urlTemplate\":\"https:\/\/progettotouring.it\/radiotouring104\/?s={search_term_string}\"},\"query-input\":{\"@type\":\"PropertyValueSpecification\",\"valueRequired\":true,\"valueName\":\"search_term_string\"}}],\"inLanguage\":\"it-IT\"},{\"@type\":\"Organization\",\"@id\":\"https:\/\/progettotouring.it\/radiotouring104\/#organization\",\"name\":\"Radio Touring 104\",\"url\":\"https:\/\/progettotouring.it\/radiotouring104\/\",\"logo\":{\"@type\":\"ImageObject\",\"inLanguage\":\"it-IT\",\"@id\":\"https:\/\/progettotouring.it\/radiotouring104\/#\/schema\/logo\/image\/\",\"url\":\"https:\/\/progettotouring.it\/radiotouring104\/wp-content\/uploads\/sites\/6\/2022\/02\/cropped-logo-radio-touring-104.png\",\"contentUrl\":\"https:\/\/progettotouring.it\/radiotouring104\/wp-content\/uploads\/sites\/6\/2022\/02\/cropped-logo-radio-touring-104.png\",\"width\":377,\"height\":182,\"caption\":\"Radio Touring 104\"},\"image\":{\"@id\":\"https:\/\/progettotouring.it\/radiotouring104\/#\/schema\/logo\/image\/\"}},{\"@type\":\"Person\",\"@id\":\"https:\/\/progettotouring.it\/radiotouring104\/#\/schema\/person\/78613917f1851f041f7483f5af1d422e\",\"name\":\"Sebastiano Plutino\",\"image\":{\"@type\":\"ImageObject\",\"inLanguage\":\"it-IT\",\"@id\":\"https:\/\/secure.gravatar.com\/avatar\/0546ffaa9b79224faf9f2a156b67a529ae861d3287c66c1d8ccfdf909bcba78d?s=96&d=mm&r=g\",\"url\":\"https:\/\/secure.gravatar.com\/avatar\/0546ffaa9b79224faf9f2a156b67a529ae861d3287c66c1d8ccfdf909bcba78d?s=96&d=mm&r=g\",\"contentUrl\":\"https:\/\/secure.gravatar.com\/avatar\/0546ffaa9b79224faf9f2a156b67a529ae861d3287c66c1d8ccfdf909bcba78d?s=96&d=mm&r=g\",\"caption\":\"Sebastiano Plutino\"},\"url\":\"https:\/\/progettotouring.it\/radiotouring104\/author\/sebastiano\/\"}]}<\/script>\n<!-- \/ Yoast SEO plugin. -->","yoast_head_json":{"title":"San Ferdinando: oltre 600 persone al funerale di Bellocco","description":"A renderlo noto \u00e8 Klaus Davi, presente alla funzione svolta sabato alle 19 nella Chiesa madre, a San Ferdinando","robots":{"index":"index","follow":"follow","max-snippet":"max-snippet:-1","max-image-preview":"max-image-preview:large","max-video-preview":"max-video-preview:-1"},"canonical":"https:\/\/progettotouring.it\/radiotouring104\/2024\/09\/16\/san-ferdinando-oltre-600-persone-al-funerale-di-bellocco\/","og_locale":"it_IT","og_type":"article","og_title":"San Ferdinando: oltre 600 persone al funerale di Bellocco","og_description":"A renderlo noto \u00e8 Klaus Davi, presente alla funzione svolta sabato alle 19 nella Chiesa madre, a San Ferdinando","og_url":"https:\/\/progettotouring.it\/radiotouring104\/2024\/09\/16\/san-ferdinando-oltre-600-persone-al-funerale-di-bellocco\/","og_site_name":"Radio Touring 104","article_published_time":"2024-09-16T08:46:09+00:00","og_image":[{"width":1600,"height":909,"url":"https:\/\/progettotouring.it\/radiotouring104\/wp-content\/uploads\/sites\/6\/2024\/09\/Funerale-omicidio-Bellocchio-Davi.jpeg","type":"image\/jpeg"}],"author":"Sebastiano Plutino","twitter_card":"summary_large_image","twitter_misc":{"Scritto da":"Sebastiano Plutino","Tempo di lettura stimato":"1 minuto"},"schema":{"@context":"https:\/\/schema.org","@graph":[{"@type":"Article","@id":"https:\/\/progettotouring.it\/radiotouring104\/2024\/09\/16\/san-ferdinando-oltre-600-persone-al-funerale-di-bellocco\/#article","isPartOf":{"@id":"https:\/\/progettotouring.it\/radiotouring104\/2024\/09\/16\/san-ferdinando-oltre-600-persone-al-funerale-di-bellocco\/"},"author":{"name":"Sebastiano Plutino","@id":"https:\/\/progettotouring.it\/radiotouring104\/#\/schema\/person\/78613917f1851f041f7483f5af1d422e"},"headline":"San Ferdinando: oltre 600 persone al funerale di Bellocco","datePublished":"2024-09-16T08:46:09+00:00","mainEntityOfPage":{"@id":"https:\/\/progettotouring.it\/radiotouring104\/2024\/09\/16\/san-ferdinando-oltre-600-persone-al-funerale-di-bellocco\/"},"wordCount":277,"publisher":{"@id":"https:\/\/progettotouring.it\/radiotouring104\/#organization"},"image":{"@id":"https:\/\/progettotouring.it\/radiotouring104\/2024\/09\/16\/san-ferdinando-oltre-600-persone-al-funerale-di-bellocco\/#primaryimage"},"thumbnailUrl":"https:\/\/progettotouring.it\/radiotouring104\/wp-content\/uploads\/sites\/6\/2024\/09\/Funerale-omicidio-Bellocchio-Davi.jpeg","keywords":["600 persone al funerale","Don Domenico Rizzi.","klaus davi","Omicidio Bellocco","san ferdinando"],"articleSection":["Home","News","Reggio Calabria"],"inLanguage":"it-IT"},{"@type":"WebPage","@id":"https:\/\/progettotouring.it\/radiotouring104\/2024\/09\/16\/san-ferdinando-oltre-600-persone-al-funerale-di-bellocco\/","url":"https:\/\/progettotouring.it\/radiotouring104\/2024\/09\/16\/san-ferdinando-oltre-600-persone-al-funerale-di-bellocco\/","name":"San Ferdinando: oltre 600 persone al funerale di Bellocco","isPartOf":{"@id":"https:\/\/progettotouring.it\/radiotouring104\/#website"},"primaryImageOfPage":{"@id":"https:\/\/progettotouring.it\/radiotouring104\/2024\/09\/16\/san-ferdinando-oltre-600-persone-al-funerale-di-bellocco\/#primaryimage"},"image":{"@id":"https:\/\/progettotouring.it\/radiotouring104\/2024\/09\/16\/san-ferdinando-oltre-600-persone-al-funerale-di-bellocco\/#primaryimage"},"thumbnailUrl":"https:\/\/progettotouring.it\/radiotouring104\/wp-content\/uploads\/sites\/6\/2024\/09\/Funerale-omicidio-Bellocchio-Davi.jpeg","datePublished":"2024-09-16T08:46:09+00:00","description":"A renderlo noto \u00e8 Klaus Davi, presente alla funzione svolta sabato alle 19 nella Chiesa madre, a San Ferdinando","breadcrumb":{"@id":"https:\/\/progettotouring.it\/radiotouring104\/2024\/09\/16\/san-ferdinando-oltre-600-persone-al-funerale-di-bellocco\/#breadcrumb"},"inLanguage":"it-IT","potentialAction":[{"@type":"ReadAction","target":["https:\/\/progettotouring.it\/radiotouring104\/2024\/09\/16\/san-ferdinando-oltre-600-persone-al-funerale-di-bellocco\/"]}]},{"@type":"ImageObject","inLanguage":"it-IT","@id":"https:\/\/progettotouring.it\/radiotouring104\/2024\/09\/16\/san-ferdinando-oltre-600-persone-al-funerale-di-bellocco\/#primaryimage","url":"https:\/\/progettotouring.it\/radiotouring104\/wp-content\/uploads\/sites\/6\/2024\/09\/Funerale-omicidio-Bellocchio-Davi.jpeg","contentUrl":"https:\/\/progettotouring.it\/radiotouring104\/wp-content\/uploads\/sites\/6\/2024\/09\/Funerale-omicidio-Bellocchio-Davi.jpeg","width":1600,"height":909},{"@type":"BreadcrumbList","@id":"https:\/\/progettotouring.it\/radiotouring104\/2024\/09\/16\/san-ferdinando-oltre-600-persone-al-funerale-di-bellocco\/#breadcrumb","itemListElement":[{"@type":"ListItem","position":1,"name":"Home","item":"https:\/\/progettotouring.it\/radiotouring104\/"},{"@type":"ListItem","position":2,"name":"San Ferdinando: oltre 600 persone al funerale di Bellocco"}]},{"@type":"WebSite","@id":"https:\/\/progettotouring.it\/radiotouring104\/#website","url":"https:\/\/progettotouring.it\/radiotouring104\/","name":"Radio Touring 104","description":"La prima radio Reggina","publisher":{"@id":"https:\/\/progettotouring.it\/radiotouring104\/#organization"},"potentialAction":[{"@type":"SearchAction","target":{"@type":"EntryPoint","urlTemplate":"https:\/\/progettotouring.it\/radiotouring104\/?s={search_term_string}"},"query-input":{"@type":"PropertyValueSpecification","valueRequired":true,"valueName":"search_term_string"}}],"inLanguage":"it-IT"},{"@type":"Organization","@id":"https:\/\/progettotouring.it\/radiotouring104\/#organization","name":"Radio Touring 104","url":"https:\/\/progettotouring.it\/radiotouring104\/","logo":{"@type":"ImageObject","inLanguage":"it-IT","@id":"https:\/\/progettotouring.it\/radiotouring104\/#\/schema\/logo\/image\/","url":"https:\/\/progettotouring.it\/radiotouring104\/wp-content\/uploads\/sites\/6\/2022\/02\/cropped-logo-radio-touring-104.png","contentUrl":"https:\/\/progettotouring.it\/radiotouring104\/wp-content\/uploads\/sites\/6\/2022\/02\/cropped-logo-radio-touring-104.png","width":377,"height":182,"caption":"Radio Touring 104"},"image":{"@id":"https:\/\/progettotouring.it\/radiotouring104\/#\/schema\/logo\/image\/"}},{"@type":"Person","@id":"https:\/\/progettotouring.it\/radiotouring104\/#\/schema\/person\/78613917f1851f041f7483f5af1d422e","name":"Sebastiano Plutino","image":{"@type":"ImageObject","inLanguage":"it-IT","@id":"https:\/\/secure.gravatar.com\/avatar\/0546ffaa9b79224faf9f2a156b67a529ae861d3287c66c1d8ccfdf909bcba78d?s=96&d=mm&r=g","url":"https:\/\/secure.gravatar.com\/avatar\/0546ffaa9b79224faf9f2a156b67a529ae861d3287c66c1d8ccfdf909bcba78d?s=96&d=mm&r=g","contentUrl":"https:\/\/secure.gravatar.com\/avatar\/0546ffaa9b79224faf9f2a156b67a529ae861d3287c66c1d8ccfdf909bcba78d?s=96&d=mm&r=g","caption":"Sebastiano Plutino"},"url":"https:\/\/progettotouring.it\/radiotouring104\/author\/sebastiano\/"}]}},"jetpack_publicize_connections":[],"jetpack_featured_media_url":"https:\/\/progettotouring.it\/radiotouring104\/wp-content\/uploads\/sites\/6\/2024\/09\/Funerale-omicidio-Bellocchio-Davi.jpeg","jetpack_sharing_enabled":true,"_links":{"self":[{"href":"https:\/\/progettotouring.it\/radiotouring104\/wp-json\/wp\/v2\/posts\/57759","targetHints":{"allow":["GET"]}}],"collection":[{"href":"https:\/\/progettotouring.it\/radiotouring104\/wp-json\/wp\/v2\/posts"}],"about":[{"href":"https:\/\/progettotouring.it\/radiotouring104\/wp-json\/wp\/v2\/types\/post"}],"author":[{"embeddable":true,"href":"https:\/\/progettotouring.it\/radiotouring104\/wp-json\/wp\/v2\/users\/12"}],"replies":[{"embeddable":true,"href":"https:\/\/progettotouring.it\/radiotouring104\/wp-json\/wp\/v2\/comments?post=57759"}],"version-history":[{"count":1,"href":"https:\/\/progettotouring.it\/radiotouring104\/wp-json\/wp\/v2\/posts\/57759\/revisions"}],"predecessor-version":[{"id":57761,"href":"https:\/\/progettotouring.it\/radiotouring104\/wp-json\/wp\/v2\/posts\/57759\/revisions\/57761"}],"wp:featuredmedia":[{"embeddable":true,"href":"https:\/\/progettotouring.it\/radiotouring104\/wp-json\/wp\/v2\/media\/57760"}],"wp:attachment":[{"href":"https:\/\/progettotouring.it\/radiotouring104\/wp-json\/wp\/v2\/media?parent=57759"}],"wp:term":[{"taxonomy":"category","embeddable":true,"href":"https:\/\/progettotouring.it\/radiotouring104\/wp-json\/wp\/v2\/categories?post=57759"},{"taxonomy":"post_tag","embeddable":true,"href":"https:\/\/progettotouring.it\/radiotouring104\/wp-json\/wp\/v2\/tags?post=57759"}],"curies":[{"name":"wp","href":"https:\/\/api.w.org\/{rel}","templated":true}]}}