{"id":57932,"date":"2024-09-18T11:10:07","date_gmt":"2024-09-18T09:10:07","guid":{"rendered":"https:\/\/progettotouring.it\/radiotouring104\/?p=57932"},"modified":"2024-09-18T11:12:14","modified_gmt":"2024-09-18T09:12:14","slug":"lamezia-incontro-cigl-calabria-sullautonomia-differenziata","status":"publish","type":"post","link":"https:\/\/progettotouring.it\/radiotouring104\/2024\/09\/18\/lamezia-incontro-cigl-calabria-sullautonomia-differenziata\/","title":{"rendered":"Lamezia: incontro Cigl Calabria sull&#8217;Autonomia Differenziata"},"content":{"rendered":"<p class=\"xmprfx_MsoNormal\" style=\"text-align: justify\"><b>\u201cAvvio anno scolastico 2024-2025 tra Autonomia Differenziata, premierato e RSU\u201d.\u00a0<\/b>Questo il nome dell\u2019iniziativa promossa a Lamezia Terme da Flc Calabria, Cgil Calabria, Cgil Area Vasta Catanzaro Crotone Vibo, Flc Cgil Area Vasta Catanzaro Crotone e Vibo. All\u2019incontro hanno preso parte la\u00a0<b>Segretaria Generale Nazionale FLC CGIL Gianna Fracassi<\/b>,\u00a0<b>il Segretario Generale FLC CGIL Calabria<\/b>\u00a0<b>Mimmo Denaro, il Segretario Generale FLC CGIL Area Vasta Alfonso Marcuzzo, il Segretario Generale CGIL Calabria Angelo Sposato, il Segretario Generale Area Vasta Enzo Scalese.<\/b><br \/>\n\u201c<b>La scuola calabrese\u00a0<\/b>&#8211; ha affermato il Segretario Generale Flc Cgil Calabria Domenico Denaro &#8211;\u00a0<b>paga gi\u00e0 un prezzo altissimo in termini di organici, reclutamento e ritardi strutturali e la legge sull\u2019Autonomia Differenziata non far\u00e0 altro che peggiorare questa situazione<\/b>. Ci preoccupa, in particolare \u2013 ha aggiunto &#8211; il dimensionamento scolastico con numeri che possono solo peggiorare il sistema e non ottimizzarlo. La riduzione delle autonomie scolastiche \u00e8 stata notevole comportando grosse difficolt\u00e0 nella gestione amministrativa. Il tutto associato ai deficit strutturali\u201d.<\/p>\n<p class=\"xmprfx_MsoNormal\" style=\"text-align: justify\">Preoccupazione condivisa dal Segretario Generale Cgil Calabria Angelo Sposato: \u201cSappiamo bene che venti sistemi di istruzione scolastica porterebbero ad una parcellizzazione della cultura che dovrebbe, invece, essere un asse fondamentale della coesione. Pensiamo poi alle gabbie salariali e a quello che succederebbe se ci fossero regioni con salari pi\u00f9 alti per gli insegnanti: si andrebbe incontro ad un ulteriore spopolamento e impoverimento del territorio.\u00a0<b>Alla Calabria non bastano i presidi militari ma occorrono presidi sanitari e culturali, il dimensionamento scolastico va nella direzione opposta\u201d.<\/b><\/p>\n<p class=\"xmprfx_MsoNormal\" style=\"text-align: justify\">\u201c<b>L\u2019Autonomia Differenziata \u2013 ha detto la Segretaria Generale Nazionale Flc Cgil Gianna Fracassi- \u00a0va cancellata perch\u00e9 rischia di minare fortemente la coesione sociale a partire da scuola e sanit\u00e0, ma anche sul versante produttivo.<\/b>\u00a0Queste sono alcune delle ragioni che ci hanno portato ad un\u2019iniziativa straordinaria quale quella della raccolta firme per il referendum abrogativo. I prossimi mesi saranno dedicati a spiegare minuziosamente alle persone quanto questa legge sia dannosa. Nel caso specifico della scuola e del Sud, siccome non ci sono risorse ognuno far\u00e0 per s\u00e9. Laddove ci sono dei divari profondi rimarranno e non si sar\u00e0 pi\u00f9 in grado di garantire il diritto all\u2019istruzione che \u00e8 un diritto universale\u201d. <em>\u201cQuesto<\/em> <strong>&#8211; ha sottolineato Fracassi<\/strong> &#8211; <em>\u00e8 l\u2019elemento pi\u00f9 ingiusto. Delegando le norme generali dell\u2019istruzione alle regioni, dal personale ai programmi, ai cicli, agli orari scolastici, tutto verr\u00e0 deciso in autonomia\u201d.<\/em><\/p>\n<p class=\"xmprfx_MsoNormal\" style=\"text-align: justify\">Prosegue intanto la raccolta firma per abrogare la legge sull\u2019autonomia differenziata. Grande soddisfazione \u00e8 stata espressa dal Segretario Generale Cgil Area Vasta Enzo Scalese. Oltre dieci mila le firme raccolte nei banchetti sui territori di Catanzaro, Vibo e Crotone, oltre a quelle on line. La raccolta continuer\u00e0 fino al 30 settembre.<\/p>\n","protected":false},"excerpt":{"rendered":"<p>\u201cAvvio anno scolastico 2024-2025 tra Autonomia Differenziata, premierato e RSU\u201d.\u00a0Questo il nome dell\u2019iniziativa promossa a Lamezia Terme da Flc Calabria, Cgil Calabria, Cgil Area Vasta Catanzaro Crotone Vibo, Flc Cgil&hellip;<\/p>\n","protected":false},"author":12,"featured_media":57934,"comment_status":"closed","ping_status":"open","sticky":false,"template":"","format":"standard","meta":{"_jetpack_memberships_contains_paid_content":false,"footnotes":"","jetpack_publicize_message":"","jetpack_publicize_feature_enabled":true,"jetpack_social_post_already_shared":false,"jetpack_social_options":{"image_generator_settings":{"template":"highway","default_image_id":0,"font":"","enabled":false},"version":2}},"categories":[142,921,196],"tags":[6518,24962,31468,14897],"class_list":["post-57932","post","type-post","status-publish","format-standard","has-post-thumbnail","hentry","category-calabria","category-home","category-news","tag-autonomia-differenziata","tag-cigl-calabria","tag-diritto-allo-studio","tag-gianna-fracassi"],"yoast_head":"<!-- This site is optimized with the Yoast SEO plugin v27.2 - https:\/\/yoast.com\/product\/yoast-seo-wordpress\/ -->\n<title>Lamezia: incontro Cigl Calabria sull&#039;Autonomia Differenziata - Radio Touring 104<\/title>\n<meta name=\"description\" content=\"A Lamezia iniziativa con la Segretaria Generale Flc Cgil Nazionale Gianna Fracassi si \u00e8 discusso di istruzione\" \/>\n<meta name=\"robots\" content=\"index, follow, max-snippet:-1, max-image-preview:large, max-video-preview:-1\" \/>\n<link rel=\"canonical\" href=\"https:\/\/progettotouring.it\/radiotouring104\/2024\/09\/18\/lamezia-incontro-cigl-calabria-sullautonomia-differenziata\/\" \/>\n<meta property=\"og:locale\" content=\"it_IT\" \/>\n<meta property=\"og:type\" content=\"article\" \/>\n<meta property=\"og:title\" content=\"Lamezia: incontro Cigl Calabria sull&#039;Autonomia Differenziata - Radio Touring 104\" \/>\n<meta property=\"og:description\" content=\"A Lamezia iniziativa con la Segretaria Generale Flc Cgil Nazionale Gianna Fracassi si \u00e8 discusso di istruzione\" \/>\n<meta property=\"og:url\" content=\"https:\/\/progettotouring.it\/radiotouring104\/2024\/09\/18\/lamezia-incontro-cigl-calabria-sullautonomia-differenziata\/\" \/>\n<meta property=\"og:site_name\" content=\"Radio Touring 104\" \/>\n<meta property=\"article:published_time\" content=\"2024-09-18T09:10:07+00:00\" \/>\n<meta property=\"article:modified_time\" content=\"2024-09-18T09:12:14+00:00\" \/>\n<meta property=\"og:image\" content=\"https:\/\/progettotouring.it\/radiotouring104\/wp-content\/uploads\/sites\/6\/2024\/09\/Lamezia-Cigl-Autonomia-scaled.jpg\" \/>\n\t<meta property=\"og:image:width\" content=\"2560\" \/>\n\t<meta property=\"og:image:height\" content=\"1217\" \/>\n\t<meta property=\"og:image:type\" content=\"image\/jpeg\" \/>\n<meta name=\"author\" content=\"Sebastiano Plutino\" \/>\n<meta name=\"twitter:card\" content=\"summary_large_image\" \/>\n<meta name=\"twitter:label1\" content=\"Scritto da\" \/>\n\t<meta name=\"twitter:data1\" content=\"Sebastiano Plutino\" \/>\n\t<meta name=\"twitter:label2\" content=\"Tempo di lettura stimato\" \/>\n\t<meta name=\"twitter:data2\" content=\"2 minuti\" \/>\n<script type=\"application\/ld+json\" class=\"yoast-schema-graph\">{\"@context\":\"https:\/\/schema.org\",\"@graph\":[{\"@type\":\"Article\",\"@id\":\"https:\/\/progettotouring.it\/radiotouring104\/2024\/09\/18\/lamezia-incontro-cigl-calabria-sullautonomia-differenziata\/#article\",\"isPartOf\":{\"@id\":\"https:\/\/progettotouring.it\/radiotouring104\/2024\/09\/18\/lamezia-incontro-cigl-calabria-sullautonomia-differenziata\/\"},\"author\":{\"name\":\"Sebastiano Plutino\",\"@id\":\"https:\/\/progettotouring.it\/radiotouring104\/#\/schema\/person\/78613917f1851f041f7483f5af1d422e\"},\"headline\":\"Lamezia: incontro Cigl Calabria sull&#8217;Autonomia Differenziata\",\"datePublished\":\"2024-09-18T09:10:07+00:00\",\"dateModified\":\"2024-09-18T09:12:14+00:00\",\"mainEntityOfPage\":{\"@id\":\"https:\/\/progettotouring.it\/radiotouring104\/2024\/09\/18\/lamezia-incontro-cigl-calabria-sullautonomia-differenziata\/\"},\"wordCount\":447,\"publisher\":{\"@id\":\"https:\/\/progettotouring.it\/radiotouring104\/#organization\"},\"image\":{\"@id\":\"https:\/\/progettotouring.it\/radiotouring104\/2024\/09\/18\/lamezia-incontro-cigl-calabria-sullautonomia-differenziata\/#primaryimage\"},\"thumbnailUrl\":\"https:\/\/progettotouring.it\/radiotouring104\/wp-content\/uploads\/sites\/6\/2024\/09\/Lamezia-Cigl-Autonomia-scaled.jpg\",\"keywords\":[\"autonomia differenziata\",\"Cigl Calabria\",\"Diritto allo studio\",\"Gianna Fracassi\"],\"articleSection\":[\"Calabria\",\"Home\",\"News\"],\"inLanguage\":\"it-IT\"},{\"@type\":\"WebPage\",\"@id\":\"https:\/\/progettotouring.it\/radiotouring104\/2024\/09\/18\/lamezia-incontro-cigl-calabria-sullautonomia-differenziata\/\",\"url\":\"https:\/\/progettotouring.it\/radiotouring104\/2024\/09\/18\/lamezia-incontro-cigl-calabria-sullautonomia-differenziata\/\",\"name\":\"Lamezia: incontro Cigl Calabria sull'Autonomia Differenziata - Radio Touring 104\",\"isPartOf\":{\"@id\":\"https:\/\/progettotouring.it\/radiotouring104\/#website\"},\"primaryImageOfPage\":{\"@id\":\"https:\/\/progettotouring.it\/radiotouring104\/2024\/09\/18\/lamezia-incontro-cigl-calabria-sullautonomia-differenziata\/#primaryimage\"},\"image\":{\"@id\":\"https:\/\/progettotouring.it\/radiotouring104\/2024\/09\/18\/lamezia-incontro-cigl-calabria-sullautonomia-differenziata\/#primaryimage\"},\"thumbnailUrl\":\"https:\/\/progettotouring.it\/radiotouring104\/wp-content\/uploads\/sites\/6\/2024\/09\/Lamezia-Cigl-Autonomia-scaled.jpg\",\"datePublished\":\"2024-09-18T09:10:07+00:00\",\"dateModified\":\"2024-09-18T09:12:14+00:00\",\"description\":\"A Lamezia iniziativa con la Segretaria Generale Flc Cgil Nazionale Gianna Fracassi si \u00e8 discusso di istruzione\",\"breadcrumb\":{\"@id\":\"https:\/\/progettotouring.it\/radiotouring104\/2024\/09\/18\/lamezia-incontro-cigl-calabria-sullautonomia-differenziata\/#breadcrumb\"},\"inLanguage\":\"it-IT\",\"potentialAction\":[{\"@type\":\"ReadAction\",\"target\":[\"https:\/\/progettotouring.it\/radiotouring104\/2024\/09\/18\/lamezia-incontro-cigl-calabria-sullautonomia-differenziata\/\"]}]},{\"@type\":\"ImageObject\",\"inLanguage\":\"it-IT\",\"@id\":\"https:\/\/progettotouring.it\/radiotouring104\/2024\/09\/18\/lamezia-incontro-cigl-calabria-sullautonomia-differenziata\/#primaryimage\",\"url\":\"https:\/\/progettotouring.it\/radiotouring104\/wp-content\/uploads\/sites\/6\/2024\/09\/Lamezia-Cigl-Autonomia-scaled.jpg\",\"contentUrl\":\"https:\/\/progettotouring.it\/radiotouring104\/wp-content\/uploads\/sites\/6\/2024\/09\/Lamezia-Cigl-Autonomia-scaled.jpg\",\"width\":2560,\"height\":1217},{\"@type\":\"BreadcrumbList\",\"@id\":\"https:\/\/progettotouring.it\/radiotouring104\/2024\/09\/18\/lamezia-incontro-cigl-calabria-sullautonomia-differenziata\/#breadcrumb\",\"itemListElement\":[{\"@type\":\"ListItem\",\"position\":1,\"name\":\"Home\",\"item\":\"https:\/\/progettotouring.it\/radiotouring104\/\"},{\"@type\":\"ListItem\",\"position\":2,\"name\":\"Lamezia: incontro Cigl Calabria sull&#8217;Autonomia Differenziata\"}]},{\"@type\":\"WebSite\",\"@id\":\"https:\/\/progettotouring.it\/radiotouring104\/#website\",\"url\":\"https:\/\/progettotouring.it\/radiotouring104\/\",\"name\":\"Radio Touring 104\",\"description\":\"La prima radio Reggina\",\"publisher\":{\"@id\":\"https:\/\/progettotouring.it\/radiotouring104\/#organization\"},\"potentialAction\":[{\"@type\":\"SearchAction\",\"target\":{\"@type\":\"EntryPoint\",\"urlTemplate\":\"https:\/\/progettotouring.it\/radiotouring104\/?s={search_term_string}\"},\"query-input\":{\"@type\":\"PropertyValueSpecification\",\"valueRequired\":true,\"valueName\":\"search_term_string\"}}],\"inLanguage\":\"it-IT\"},{\"@type\":\"Organization\",\"@id\":\"https:\/\/progettotouring.it\/radiotouring104\/#organization\",\"name\":\"Radio Touring 104\",\"url\":\"https:\/\/progettotouring.it\/radiotouring104\/\",\"logo\":{\"@type\":\"ImageObject\",\"inLanguage\":\"it-IT\",\"@id\":\"https:\/\/progettotouring.it\/radiotouring104\/#\/schema\/logo\/image\/\",\"url\":\"https:\/\/progettotouring.it\/radiotouring104\/wp-content\/uploads\/sites\/6\/2022\/02\/cropped-logo-radio-touring-104.png\",\"contentUrl\":\"https:\/\/progettotouring.it\/radiotouring104\/wp-content\/uploads\/sites\/6\/2022\/02\/cropped-logo-radio-touring-104.png\",\"width\":377,\"height\":182,\"caption\":\"Radio Touring 104\"},\"image\":{\"@id\":\"https:\/\/progettotouring.it\/radiotouring104\/#\/schema\/logo\/image\/\"}},{\"@type\":\"Person\",\"@id\":\"https:\/\/progettotouring.it\/radiotouring104\/#\/schema\/person\/78613917f1851f041f7483f5af1d422e\",\"name\":\"Sebastiano Plutino\",\"image\":{\"@type\":\"ImageObject\",\"inLanguage\":\"it-IT\",\"@id\":\"https:\/\/secure.gravatar.com\/avatar\/0546ffaa9b79224faf9f2a156b67a529ae861d3287c66c1d8ccfdf909bcba78d?s=96&d=mm&r=g\",\"url\":\"https:\/\/secure.gravatar.com\/avatar\/0546ffaa9b79224faf9f2a156b67a529ae861d3287c66c1d8ccfdf909bcba78d?s=96&d=mm&r=g\",\"contentUrl\":\"https:\/\/secure.gravatar.com\/avatar\/0546ffaa9b79224faf9f2a156b67a529ae861d3287c66c1d8ccfdf909bcba78d?s=96&d=mm&r=g\",\"caption\":\"Sebastiano Plutino\"},\"url\":\"https:\/\/progettotouring.it\/radiotouring104\/author\/sebastiano\/\"}]}<\/script>\n<!-- \/ Yoast SEO plugin. -->","yoast_head_json":{"title":"Lamezia: incontro Cigl Calabria sull'Autonomia Differenziata - Radio Touring 104","description":"A Lamezia iniziativa con la Segretaria Generale Flc Cgil Nazionale Gianna Fracassi si \u00e8 discusso di istruzione","robots":{"index":"index","follow":"follow","max-snippet":"max-snippet:-1","max-image-preview":"max-image-preview:large","max-video-preview":"max-video-preview:-1"},"canonical":"https:\/\/progettotouring.it\/radiotouring104\/2024\/09\/18\/lamezia-incontro-cigl-calabria-sullautonomia-differenziata\/","og_locale":"it_IT","og_type":"article","og_title":"Lamezia: incontro Cigl Calabria sull'Autonomia Differenziata - Radio Touring 104","og_description":"A Lamezia iniziativa con la Segretaria Generale Flc Cgil Nazionale Gianna Fracassi si \u00e8 discusso di istruzione","og_url":"https:\/\/progettotouring.it\/radiotouring104\/2024\/09\/18\/lamezia-incontro-cigl-calabria-sullautonomia-differenziata\/","og_site_name":"Radio Touring 104","article_published_time":"2024-09-18T09:10:07+00:00","article_modified_time":"2024-09-18T09:12:14+00:00","og_image":[{"width":2560,"height":1217,"url":"https:\/\/progettotouring.it\/radiotouring104\/wp-content\/uploads\/sites\/6\/2024\/09\/Lamezia-Cigl-Autonomia-scaled.jpg","type":"image\/jpeg"}],"author":"Sebastiano Plutino","twitter_card":"summary_large_image","twitter_misc":{"Scritto da":"Sebastiano Plutino","Tempo di lettura stimato":"2 minuti"},"schema":{"@context":"https:\/\/schema.org","@graph":[{"@type":"Article","@id":"https:\/\/progettotouring.it\/radiotouring104\/2024\/09\/18\/lamezia-incontro-cigl-calabria-sullautonomia-differenziata\/#article","isPartOf":{"@id":"https:\/\/progettotouring.it\/radiotouring104\/2024\/09\/18\/lamezia-incontro-cigl-calabria-sullautonomia-differenziata\/"},"author":{"name":"Sebastiano Plutino","@id":"https:\/\/progettotouring.it\/radiotouring104\/#\/schema\/person\/78613917f1851f041f7483f5af1d422e"},"headline":"Lamezia: incontro Cigl Calabria sull&#8217;Autonomia Differenziata","datePublished":"2024-09-18T09:10:07+00:00","dateModified":"2024-09-18T09:12:14+00:00","mainEntityOfPage":{"@id":"https:\/\/progettotouring.it\/radiotouring104\/2024\/09\/18\/lamezia-incontro-cigl-calabria-sullautonomia-differenziata\/"},"wordCount":447,"publisher":{"@id":"https:\/\/progettotouring.it\/radiotouring104\/#organization"},"image":{"@id":"https:\/\/progettotouring.it\/radiotouring104\/2024\/09\/18\/lamezia-incontro-cigl-calabria-sullautonomia-differenziata\/#primaryimage"},"thumbnailUrl":"https:\/\/progettotouring.it\/radiotouring104\/wp-content\/uploads\/sites\/6\/2024\/09\/Lamezia-Cigl-Autonomia-scaled.jpg","keywords":["autonomia differenziata","Cigl Calabria","Diritto allo studio","Gianna Fracassi"],"articleSection":["Calabria","Home","News"],"inLanguage":"it-IT"},{"@type":"WebPage","@id":"https:\/\/progettotouring.it\/radiotouring104\/2024\/09\/18\/lamezia-incontro-cigl-calabria-sullautonomia-differenziata\/","url":"https:\/\/progettotouring.it\/radiotouring104\/2024\/09\/18\/lamezia-incontro-cigl-calabria-sullautonomia-differenziata\/","name":"Lamezia: incontro Cigl Calabria sull'Autonomia Differenziata - Radio Touring 104","isPartOf":{"@id":"https:\/\/progettotouring.it\/radiotouring104\/#website"},"primaryImageOfPage":{"@id":"https:\/\/progettotouring.it\/radiotouring104\/2024\/09\/18\/lamezia-incontro-cigl-calabria-sullautonomia-differenziata\/#primaryimage"},"image":{"@id":"https:\/\/progettotouring.it\/radiotouring104\/2024\/09\/18\/lamezia-incontro-cigl-calabria-sullautonomia-differenziata\/#primaryimage"},"thumbnailUrl":"https:\/\/progettotouring.it\/radiotouring104\/wp-content\/uploads\/sites\/6\/2024\/09\/Lamezia-Cigl-Autonomia-scaled.jpg","datePublished":"2024-09-18T09:10:07+00:00","dateModified":"2024-09-18T09:12:14+00:00","description":"A Lamezia iniziativa con la Segretaria Generale Flc Cgil Nazionale Gianna Fracassi si \u00e8 discusso di istruzione","breadcrumb":{"@id":"https:\/\/progettotouring.it\/radiotouring104\/2024\/09\/18\/lamezia-incontro-cigl-calabria-sullautonomia-differenziata\/#breadcrumb"},"inLanguage":"it-IT","potentialAction":[{"@type":"ReadAction","target":["https:\/\/progettotouring.it\/radiotouring104\/2024\/09\/18\/lamezia-incontro-cigl-calabria-sullautonomia-differenziata\/"]}]},{"@type":"ImageObject","inLanguage":"it-IT","@id":"https:\/\/progettotouring.it\/radiotouring104\/2024\/09\/18\/lamezia-incontro-cigl-calabria-sullautonomia-differenziata\/#primaryimage","url":"https:\/\/progettotouring.it\/radiotouring104\/wp-content\/uploads\/sites\/6\/2024\/09\/Lamezia-Cigl-Autonomia-scaled.jpg","contentUrl":"https:\/\/progettotouring.it\/radiotouring104\/wp-content\/uploads\/sites\/6\/2024\/09\/Lamezia-Cigl-Autonomia-scaled.jpg","width":2560,"height":1217},{"@type":"BreadcrumbList","@id":"https:\/\/progettotouring.it\/radiotouring104\/2024\/09\/18\/lamezia-incontro-cigl-calabria-sullautonomia-differenziata\/#breadcrumb","itemListElement":[{"@type":"ListItem","position":1,"name":"Home","item":"https:\/\/progettotouring.it\/radiotouring104\/"},{"@type":"ListItem","position":2,"name":"Lamezia: incontro Cigl Calabria sull&#8217;Autonomia Differenziata"}]},{"@type":"WebSite","@id":"https:\/\/progettotouring.it\/radiotouring104\/#website","url":"https:\/\/progettotouring.it\/radiotouring104\/","name":"Radio Touring 104","description":"La prima radio Reggina","publisher":{"@id":"https:\/\/progettotouring.it\/radiotouring104\/#organization"},"potentialAction":[{"@type":"SearchAction","target":{"@type":"EntryPoint","urlTemplate":"https:\/\/progettotouring.it\/radiotouring104\/?s={search_term_string}"},"query-input":{"@type":"PropertyValueSpecification","valueRequired":true,"valueName":"search_term_string"}}],"inLanguage":"it-IT"},{"@type":"Organization","@id":"https:\/\/progettotouring.it\/radiotouring104\/#organization","name":"Radio Touring 104","url":"https:\/\/progettotouring.it\/radiotouring104\/","logo":{"@type":"ImageObject","inLanguage":"it-IT","@id":"https:\/\/progettotouring.it\/radiotouring104\/#\/schema\/logo\/image\/","url":"https:\/\/progettotouring.it\/radiotouring104\/wp-content\/uploads\/sites\/6\/2022\/02\/cropped-logo-radio-touring-104.png","contentUrl":"https:\/\/progettotouring.it\/radiotouring104\/wp-content\/uploads\/sites\/6\/2022\/02\/cropped-logo-radio-touring-104.png","width":377,"height":182,"caption":"Radio Touring 104"},"image":{"@id":"https:\/\/progettotouring.it\/radiotouring104\/#\/schema\/logo\/image\/"}},{"@type":"Person","@id":"https:\/\/progettotouring.it\/radiotouring104\/#\/schema\/person\/78613917f1851f041f7483f5af1d422e","name":"Sebastiano Plutino","image":{"@type":"ImageObject","inLanguage":"it-IT","@id":"https:\/\/secure.gravatar.com\/avatar\/0546ffaa9b79224faf9f2a156b67a529ae861d3287c66c1d8ccfdf909bcba78d?s=96&d=mm&r=g","url":"https:\/\/secure.gravatar.com\/avatar\/0546ffaa9b79224faf9f2a156b67a529ae861d3287c66c1d8ccfdf909bcba78d?s=96&d=mm&r=g","contentUrl":"https:\/\/secure.gravatar.com\/avatar\/0546ffaa9b79224faf9f2a156b67a529ae861d3287c66c1d8ccfdf909bcba78d?s=96&d=mm&r=g","caption":"Sebastiano Plutino"},"url":"https:\/\/progettotouring.it\/radiotouring104\/author\/sebastiano\/"}]}},"jetpack_publicize_connections":[],"jetpack_featured_media_url":"https:\/\/progettotouring.it\/radiotouring104\/wp-content\/uploads\/sites\/6\/2024\/09\/Lamezia-Cigl-Autonomia-scaled.jpg","jetpack_sharing_enabled":true,"_links":{"self":[{"href":"https:\/\/progettotouring.it\/radiotouring104\/wp-json\/wp\/v2\/posts\/57932","targetHints":{"allow":["GET"]}}],"collection":[{"href":"https:\/\/progettotouring.it\/radiotouring104\/wp-json\/wp\/v2\/posts"}],"about":[{"href":"https:\/\/progettotouring.it\/radiotouring104\/wp-json\/wp\/v2\/types\/post"}],"author":[{"embeddable":true,"href":"https:\/\/progettotouring.it\/radiotouring104\/wp-json\/wp\/v2\/users\/12"}],"replies":[{"embeddable":true,"href":"https:\/\/progettotouring.it\/radiotouring104\/wp-json\/wp\/v2\/comments?post=57932"}],"version-history":[{"count":1,"href":"https:\/\/progettotouring.it\/radiotouring104\/wp-json\/wp\/v2\/posts\/57932\/revisions"}],"predecessor-version":[{"id":57933,"href":"https:\/\/progettotouring.it\/radiotouring104\/wp-json\/wp\/v2\/posts\/57932\/revisions\/57933"}],"wp:featuredmedia":[{"embeddable":true,"href":"https:\/\/progettotouring.it\/radiotouring104\/wp-json\/wp\/v2\/media\/57934"}],"wp:attachment":[{"href":"https:\/\/progettotouring.it\/radiotouring104\/wp-json\/wp\/v2\/media?parent=57932"}],"wp:term":[{"taxonomy":"category","embeddable":true,"href":"https:\/\/progettotouring.it\/radiotouring104\/wp-json\/wp\/v2\/categories?post=57932"},{"taxonomy":"post_tag","embeddable":true,"href":"https:\/\/progettotouring.it\/radiotouring104\/wp-json\/wp\/v2\/tags?post=57932"}],"curies":[{"name":"wp","href":"https:\/\/api.w.org\/{rel}","templated":true}]}}