{"id":57954,"date":"2024-09-18T12:15:02","date_gmt":"2024-09-18T10:15:02","guid":{"rendered":"https:\/\/progettotouring.it\/radiotouring104\/?p=57954"},"modified":"2024-09-18T12:37:55","modified_gmt":"2024-09-18T10:37:55","slug":"dentro-e-fuori-le-mura-il-reggio-film-fest-in-carcere","status":"publish","type":"post","link":"https:\/\/progettotouring.it\/radiotouring104\/2024\/09\/18\/dentro-e-fuori-le-mura-il-reggio-film-fest-in-carcere\/","title":{"rendered":"&#8220;Dentro e fuori le mura&#8221;: il Reggio Film Fest in carcere"},"content":{"rendered":"<p class=\"xmprfx_gmail-Corpo\" style=\"text-align: justify\">Un film toccante, un Festival impegnato nella promozione del cinema a tutto tondo e il carcere.<span class=\"xmprfx_gmail-Apple-converted-space\">\u00a0<\/span><\/p>\n<p class=\"xmprfx_gmail-Corpo\" style=\"text-align: justify\"><i>Cinema dentro e fuori le mura<\/i>, sezione storica del<span class=\"xmprfx_gmail-Apple-converted-space\">\u00a0<\/span><b>Reggio FilmFest<\/b><span class=\"xmprfx_gmail-Apple-converted-space\">\u00a0<\/span>appena conclusosi, riunisce questi tre elementi in un unico evento, che viene organizzato dal Festival, fin dalla sua prima edizione, all\u2019interno degli istituti penitenziari \u2013 Palmi, Locri, Vibo Valentia, Cosenza e, negli ultimi anni, Reggio Calabria \u2013 dove la popolazione carceraria viene coinvolta nella proiezione di un film che offre ai detenuti una preziosa occasione di apertura verso la societ\u00e0 e un importante spunto di riflessione.<\/p>\n<p class=\"xmprfx_gmail-Corpo\" style=\"text-align: justify\">Un\u2019iniziativa il cui forte impatto emotivo e la grandissima valenza sociale sono stati confermati, nel corso dell\u2019incontro tenutosi nei giorni scorsi presso l\u2019Istituto Panzera di Reggio, dalle stesse detenute partecipanti, attraverso una lettera letta da una giovanissima ed emozionatissima reclusa. Una ventina in tutto le donne della sezione femminile invitate ad assistere alla proiezione del film<span class=\"xmprfx_gmail-Apple-converted-space\">\u00a0<\/span><i>Nella citt\u00e0 l\u2019inferno<\/i>, di Renato Castellani, preceduta da una breve ma significativa chiacchierata con il Direttore Generale del Reggio FilmFest<span class=\"xmprfx_gmail-Apple-converted-space\">\u00a0<\/span><b>Michele Geria<\/b>, la referente del progetto, avv.<span class=\"xmprfx_gmail-Apple-converted-space\">\u00a0<\/span><b>Giovanna Suriano<\/b>, la Garante dei diritti delle persone private della libert\u00e0 personale, avv.<span class=\"xmprfx_gmail-Apple-converted-space\">\u00a0<\/span><b>Giovanna Russo<\/b>, il critico cinematografico<span class=\"xmprfx_gmail-Apple-converted-space\">\u00a0<\/span><b>Paolo Micalizzi<\/b>, la giornalista<span class=\"xmprfx_gmail-Apple-converted-space\">\u00a0<\/span><b>Manuela Iat\u00ec<\/b>, conduttrice dell\u2019incontro, e il criminologo<span class=\"xmprfx_gmail-Apple-converted-space\">\u00a0<\/span><b>Sergio Caruso<\/b>.<span class=\"xmprfx_gmail-Apple-converted-space\">\u00a0<\/span><\/p>\n<p class=\"xmprfx_gmail-Corpo\" style=\"text-align: justify\"><span lang=\"AR-SA\">\u00ab<\/span>In carcere mantenere vivi i propri interessi e bisogni senza cadere nella monotonia \u00e8 una delle sfide pi\u00f9 dure, che ognuna di noi deve affrontare durante il proprio percorso\u00bb, legge, da un foglio scritto a penna e con voce rotta dall\u2019emozione, la giovane detenuta.<span class=\"xmprfx_gmail-Apple-converted-space\">\u00a0<\/span>\u00abEcco perch<span lang=\"FR\">\u00e9 vi ringraziamo per<span class=\"xmprfx_gmail-Apple-converted-space\">\u00a0<\/span><\/span>iniziative come questa, che<span class=\"xmprfx_gmail-Apple-converted-space\">\u00a0<\/span>hanno il fascino di scuotere le nostre coscienze e nutrire la nostra sensibilit\u00e0, facendoci sentire non emarginate, ma parte integrante della societ\u00e0, al di l\u00e0 di ogni pregiudizio, pur essendo fisicamente escluse. \u00c8 sempre un&#8217;emozione intensa \u2013 continua la ragazza, toccando i cuori dei presenti \u2013 percepire che qualcuno l\u00e0 fuori si ricorda di noi. Speriamo che questo ponte umano intriso di buoni sentimenti possa continuare, proiettandoci nella speranza che la societ\u00e0 sappia accoglierci nel migliore dei modi alla fine delle nostre pene\u00bb.<\/p>\n<p class=\"xmprfx_gmail-Corpo\" style=\"text-align: justify\">Parole commoventi, che dimostrano, ancora una volta, come con<span class=\"xmprfx_gmail-Apple-converted-space\">\u00a0<\/span><i>Cinema dentro e fuori le mura<\/i><span class=\"xmprfx_gmail-Apple-converted-space\">\u00a0<\/span>il RCFF sia, da ben 18 anni, sulla strada giusta.<span class=\"xmprfx_gmail-Apple-converted-space\">\u00a0<\/span><\/p>\n<p class=\"xmprfx_gmail-Corpo\" style=\"text-align: justify\">Lo rimarca anche il Direttore della casa circondariale reggina,<span class=\"xmprfx_gmail-Apple-converted-space\">\u00a0<\/span><b>Rosario<\/b><span class=\"xmprfx_gmail-Apple-converted-space\">\u00a0<\/span><b>Tortorella<\/b>:<span class=\"xmprfx_gmail-Apple-converted-space\">\u00a0<\/span>\u00abIl carcere dev\u2019essere ricordato dalla societ\u00e0, non deve essere dimenticato, perch\u00e9 la pena prima o poi finisce e si deve poter tornare fuori con pensieri diversi\u00bb, dice, rivolgendosi agli ospiti, ma soprattutto alle signore che dentro quel carcere stanno scontando la loro pena.<span class=\"xmprfx_gmail-Apple-converted-space\">\u00a0<\/span>\u00abAbbiamo scelto di coinvolgere in questo evento la sezione femminile perch\u00e9<span class=\"xmprfx_gmail-Apple-converted-space\">\u00a0<\/span>ci sembrava pi\u00f9 indicata per il tipo di film in programma, che pu\u00f2 sicuramente far breccia nei cuori. Ringrazio l\u2019avv. Russo e il Reggio FilmFest per l\u2019impegno e il valore di questo progetto, capace di unire cultura e rieducazione in un contesto cos\u00ec delicato\u00bb, continua.<span class=\"xmprfx_gmail-Apple-converted-space\">\u00a0<\/span><span lang=\"AR-SA\">\u00ab<\/span>Il cinema ha il potere unico di esplorare la realt\u00e0 attraverso la finzione e trasmettere messaggi di speranza e rinascita. Come questo film, che non solo stimola una riflessione critica sul passato, ma offre ai detenuti la possibilit\u00e0 di immaginare un futuro migliore e compiere scelte che facilitino il loro reinserimento. Le iniziative dall<span dir=\"RTL\" lang=\"AR-SA\">\u2019<\/span>esterno sono sempre ben accolte, poich<span lang=\"FR\">\u00e9<span class=\"xmprfx_gmail-Apple-converted-space\">\u00a0<\/span><\/span>il carcere non deve rimanere isolato. La cultura e l<span dir=\"RTL\" lang=\"AR-SA\">\u2019<\/span>arte sono strumenti preziosi di connessione e riflessione\u00bb, conclude.<\/p>\n<p class=\"xmprfx_gmail-Corpo\" style=\"text-align: justify\"><b>Michele Geria<\/b>, Direttore Generale del RCFF, ricorda fiero i 500 libri donati dal Festival nella prima edizione dell\u2019iniziativa, consentendo al carcere l\u2019apertura di una biblioteca:<span class=\"xmprfx_gmail-Apple-converted-space\">\u00a0<\/span>\u00abMi emoziona trovarmi in questo teatro dedicato all\u2019educatore<span class=\"xmprfx_gmail-Apple-converted-space\">\u00a0<\/span>Emilio Campolo<span class=\"xmprfx_gmail-Apple-converted-space\">\u00a0<\/span>\u2013 dice \u2013 l\u2019iniziativa \u00e8 nata infatti 18 anni fa grazie alla sua collaborazione,<span class=\"xmprfx_gmail-Apple-converted-space\">\u00a0<\/span>con l\u2019obiettivo di portare cultura ed emozioni all&#8217;interno delle carceri e ribadire che anche chi \u00e8 privato della libert\u00e0 ha il diritto di \u201cevadere\u201d attraverso un film o un libro. La cultura \u00e8 uno strumento potentissimo e, nel tempo, abbiamo anche visto detenuti trasformarsi in attori professionisti. Ricordo con emozione il tour delle carceri calabresi con il cast di<span class=\"xmprfx_gmail-Apple-converted-space\">\u00a0<\/span><i>Cesare deve morire<\/i><span class=\"xmprfx_gmail-Apple-converted-space\">\u00a0<\/span>dei fratelli Taviani, che offr\u00ec ai detenuti l<span dir=\"RTL\" lang=\"AR-SA\">\u2019<\/span>opportunit\u00e0 di scoprire il loro potenziale. Questo \u00e8 un momento di speranza e cambiamento, e speriamo che il nostro festival possa contribuire a un futuro migliore per chi affronta queste difficolt\u00e0\u00bb.<\/p>\n<p class=\"xmprfx_gmail-Corpo\" style=\"text-align: justify\">Gli fa eco la Garante comunale dei detenuti<span class=\"xmprfx_gmail-Apple-converted-space\">\u00a0<\/span><b>Giovanna Russo<\/b>:<span class=\"xmprfx_gmail-Apple-converted-space\">\u00a0<\/span><span lang=\"AR-SA\">\u00ab<\/span>Ho accettato con entusiasmo di supportare questo progetto perch\u00e9 \u00e8 essenziale non tirarsi indietro quando si ha l&#8217;opportunit\u00e0 di fare del bene per la reintegrazione e la speranza delle persone. Questo non \u00e8 solo un dovere, ma una risposta a un sentire profondo. Sono fermamente convinta che portare un messaggio di speranza e riconciliazione con l<span dir=\"RTL\" lang=\"AR-SA\">\u2019<\/span>esterno sia fondamentale\u00bb, afferma.<\/p>\n<p class=\"xmprfx_gmail-Corpo\" style=\"text-align: justify\"><b>Giovanna Suriano<\/b>, referente del Progetto, pronuncia parole appassionate nel sottolineare come l\u2019iniziativa abbia sempre contribuito a suscitare emozioni, sogni e speranza:<span class=\"xmprfx_gmail-Apple-converted-space\">\u00a0<\/span>\u00abCon questa sezione il Reggio FilmFest crea un ponte tra la societ\u00e0 e il carcere attraverso il cinema. Il progetto riconosce i diritti delle persone detenute, promuovendo momenti di cultura e leggerezza, fondamentali per la loro rieducazione e benessere. Quest&#8217;anno l&#8217;attenzione \u00e8 stata dedicata alle donne detenute, un<span class=\"xmprfx_gmail-Apple-converted-space\">\u00a0<\/span><\/p>\n<p class=\"xmprfx_gmail-Corpo\" style=\"text-align: justify\">universo complesso e carico di esperienze diverse. Attraverso la visione del film abbiamo voluto offrire loro un momento di sollievo e speranza. \u00c8 significativo ricordare il messaggio di Papa Francesco, rivolto ai detenuti, in cui sottolinea l&#8217;importanza di mantenere viva la speranza per un futuro migliore. Questo progetto evidenzia come il cinema possa essere uno strumento potente di cambiamento e riflessione, dentro e fuori le mura del carcere, contribuendo a un futuro diverso, migliore\u00bb.<\/p>\n<p class=\"xmprfx_gmail-Corpo\" style=\"text-align: justify\">A scegliere l\u2019opera oggetto di proiezione,<span class=\"xmprfx_gmail-Apple-converted-space\">\u00a0<\/span><b>Paolo Micalizzi<\/b>, decano dei critici cinematografici italiani, sostenitore da sempre del RCFF oltre che giurato del concorso per cortometraggi Millennial Movie, e tra i primi a credere nel valore dell\u2019iniziativa.<span class=\"xmprfx_gmail-Apple-converted-space\">\u00a0<\/span>\u00abQuesto \u00e8 un film drammatico degli anni \u201950, di uno dei maggiori registi italiani, e soprattutto \u00e8 una storia vera, che con la straordinaria interpretazione di Anna Magnani affronta il delicato tema proprio del carcere e della possibile riabilitazione. L\u2019inferno del titolo \u00e8 quello interiore, di persone sopraffatte dal destino, ma il film parla di speranza, attraverso il personaggio di<span class=\"xmprfx_gmail-Apple-converted-space\">\u00a0<\/span>\u201cMarietta\u201d, interpretato dalla giovanissima<span class=\"xmprfx_gmail-Apple-converted-space\">\u00a0<\/span>Cristina Gajoni. Marietta<span class=\"xmprfx_gmail-Apple-converted-space\">\u00a0<\/span>si innamora di un uomo che ha visto da dietro le sbarre, interpretato da Renato Salvatori, e sogna di sposarlo una volta libera. E\u2019 questo sogno che le d\u00e0 la spinta per resistere ed \u00e8 il riflesso potente delle storie di chi si trova recluso, che pu\u00f2 e deve continuare a sognare e sperare\u00bb.<\/p>\n<p class=\"xmprfx_gmail-Corpo\" style=\"text-align: justify\">Chiusura dell\u2019incontro affidata a<span class=\"xmprfx_gmail-Apple-converted-space\">\u00a0<\/span><b>Sergio Caruso<\/b>, criminologo ed esperto psicologo al carcere di Rossano, che ha spiegato con parole semplici quale sia il valore di portare il cinema in carcere, in particolare attraverso un festival di questo calibro:<span class=\"xmprfx_gmail-Apple-converted-space\">\u00a0<\/span>\u00abUn film, un libro, un momento<span class=\"xmprfx_gmail-Apple-converted-space\">\u00a0<\/span><\/p>\n<p class=\"xmprfx_gmail-Corpo\" style=\"text-align: justify\">come questo aiutano ad andare oltre questo luogo, la prigione, e anche oltre noi stessi. L\u2019amore, le emozioni, aiutano ad essere persone migliori, diverse. Ed \u00e8 questo ci\u00f2 a cui dovete puntare \u2013 dice alle donne che ascoltano in silenzio \u2013 Tutti nella vita sbagliano, ma l\u2019importante \u00e8 essere consapevoli, capire l\u2019errore. Un film aiuta la mentalizzazione, attraverso l\u2019immedesimazione e le emozioni, ha il potere di penetrare l\u2019inconscio, e il contenuto arriva, aiutando a crescere, aiutando i detenuti nella revisione critica di se stessi. Quella di oggi \u00e8 un\u2019importante occasione di confronto e scambio con finalit\u00e0<span class=\"xmprfx_gmail-Apple-converted-space\">\u00a0<\/span><span lang=\"PT\">terapeutica.<span class=\"xmprfx_gmail-Apple-converted-space\">\u00a0<\/span><\/span>\u00c8 anzi fondamentale che eventi come questi diventino sempre pi\u00f9 frequenti nei luoghi di sofferenza e riflessione come le carceri, poich<span lang=\"FR\">\u00e9<span class=\"xmprfx_gmail-Apple-converted-space\">\u00a0<\/span><\/span>il cinema pu\u00f2 offrire un supporto decisivo in tali contesti\u00bb, afferma.<\/p>\n<p class=\"xmprfx_gmail-Corpo\" style=\"text-align: justify\">E i sorrisi accennati e gli occhi attenti e a tratti commossi delle donne che ascoltano, spesso annuendo, le sue parole e quelle degli altri presenti, sono la risposta migliore e il giusto stimolo per chi porta arte e cultura in luoghi, come le carceri, normalmente percepiti come distanti e separati dalla societ\u00e0. Nel tentativo di abbattere le barriere e offrire l\u2019opportunit\u00e0, ai detenuti, di avvicinarsi, attraverso la magia del cinema, al mondo esterno.<\/p>\n","protected":false},"excerpt":{"rendered":"<p>Un film toccante, un Festival impegnato nella promozione del cinema a tutto tondo e il carcere.\u00a0 Cinema dentro e fuori le mura, sezione storica del\u00a0Reggio FilmFest\u00a0appena conclusosi, riunisce questi tre&hellip;<\/p>\n","protected":false},"author":12,"featured_media":57955,"comment_status":"closed","ping_status":"open","sticky":false,"template":"","format":"standard","meta":{"_jetpack_memberships_contains_paid_content":false,"footnotes":"","jetpack_publicize_message":"","jetpack_publicize_feature_enabled":true,"jetpack_social_post_already_shared":false,"jetpack_social_options":{"image_generator_settings":{"template":"highway","default_image_id":0,"font":"","enabled":false},"version":2}},"categories":[921,150,196,140],"tags":[35513,35252,35514,4202,35515],"class_list":["post-57954","post","type-post","status-publish","format-standard","has-post-thumbnail","hentry","category-home","category-in-primo-piano","category-news","category-reggio-calabria","tag-dentro-e-fuori-le-mura","tag-reggio-film-fest-2024","tag-detenute","tag-michele-geria","tag-reggio-film-fest-in-carcere"],"yoast_head":"<!-- This site is optimized with the Yoast SEO plugin v27.2 - https:\/\/yoast.com\/product\/yoast-seo-wordpress\/ -->\n<title>&quot;Dentro e fuori le mura&quot;: il Reggio Film Fest in carcere - Radio Touring 104<\/title>\n<meta name=\"description\" content=\"Iniziative come questa ci fanno sentire parte della societ\u00e0 al di la di ogni pregiudizio&quot;, la gratitudine delle detenute\" \/>\n<meta name=\"robots\" content=\"index, follow, max-snippet:-1, max-image-preview:large, max-video-preview:-1\" \/>\n<link rel=\"canonical\" href=\"https:\/\/progettotouring.it\/radiotouring104\/2024\/09\/18\/dentro-e-fuori-le-mura-il-reggio-film-fest-in-carcere\/\" \/>\n<meta property=\"og:locale\" content=\"it_IT\" \/>\n<meta property=\"og:type\" content=\"article\" \/>\n<meta property=\"og:title\" content=\"&quot;Dentro e fuori le mura&quot;: il Reggio Film Fest in carcere - Radio Touring 104\" \/>\n<meta property=\"og:description\" content=\"Iniziative come questa ci fanno sentire parte della societ\u00e0 al di la di ogni pregiudizio&quot;, la gratitudine delle detenute\" \/>\n<meta property=\"og:url\" content=\"https:\/\/progettotouring.it\/radiotouring104\/2024\/09\/18\/dentro-e-fuori-le-mura-il-reggio-film-fest-in-carcere\/\" \/>\n<meta property=\"og:site_name\" content=\"Radio Touring 104\" \/>\n<meta property=\"article:published_time\" content=\"2024-09-18T10:15:02+00:00\" \/>\n<meta property=\"article:modified_time\" content=\"2024-09-18T10:37:55+00:00\" \/>\n<meta property=\"og:image\" content=\"https:\/\/progettotouring.it\/radiotouring104\/wp-content\/uploads\/sites\/6\/2024\/09\/FOTO-Reggio-film-fest-CARCERE-1.png\" \/>\n\t<meta property=\"og:image:width\" content=\"1105\" \/>\n\t<meta property=\"og:image:height\" content=\"631\" \/>\n\t<meta property=\"og:image:type\" content=\"image\/png\" \/>\n<meta name=\"author\" content=\"Sebastiano Plutino\" \/>\n<meta name=\"twitter:card\" content=\"summary_large_image\" \/>\n<meta name=\"twitter:label1\" content=\"Scritto da\" \/>\n\t<meta name=\"twitter:data1\" content=\"Sebastiano Plutino\" \/>\n\t<meta name=\"twitter:label2\" content=\"Tempo di lettura stimato\" \/>\n\t<meta name=\"twitter:data2\" content=\"7 minuti\" \/>\n<script type=\"application\/ld+json\" class=\"yoast-schema-graph\">{\"@context\":\"https:\/\/schema.org\",\"@graph\":[{\"@type\":\"Article\",\"@id\":\"https:\/\/progettotouring.it\/radiotouring104\/2024\/09\/18\/dentro-e-fuori-le-mura-il-reggio-film-fest-in-carcere\/#article\",\"isPartOf\":{\"@id\":\"https:\/\/progettotouring.it\/radiotouring104\/2024\/09\/18\/dentro-e-fuori-le-mura-il-reggio-film-fest-in-carcere\/\"},\"author\":{\"name\":\"Sebastiano Plutino\",\"@id\":\"https:\/\/progettotouring.it\/radiotouring104\/#\/schema\/person\/78613917f1851f041f7483f5af1d422e\"},\"headline\":\"&#8220;Dentro e fuori le mura&#8221;: il Reggio Film Fest in carcere\",\"datePublished\":\"2024-09-18T10:15:02+00:00\",\"dateModified\":\"2024-09-18T10:37:55+00:00\",\"mainEntityOfPage\":{\"@id\":\"https:\/\/progettotouring.it\/radiotouring104\/2024\/09\/18\/dentro-e-fuori-le-mura-il-reggio-film-fest-in-carcere\/\"},\"wordCount\":1332,\"publisher\":{\"@id\":\"https:\/\/progettotouring.it\/radiotouring104\/#organization\"},\"image\":{\"@id\":\"https:\/\/progettotouring.it\/radiotouring104\/2024\/09\/18\/dentro-e-fuori-le-mura-il-reggio-film-fest-in-carcere\/#primaryimage\"},\"thumbnailUrl\":\"https:\/\/progettotouring.it\/radiotouring104\/wp-content\/uploads\/sites\/6\/2024\/09\/FOTO-Reggio-film-fest-CARCERE-1.png\",\"keywords\":[\"\\\"Dentro e fuori le mura\\\":\",\"\\\"Reggio Film Fest 2024\\\"\",\"detenute\",\"Michele Geria\",\"Reggio Film Fest in carcere\"],\"articleSection\":[\"Home\",\"In primo piano\",\"News\",\"Reggio Calabria\"],\"inLanguage\":\"it-IT\"},{\"@type\":\"WebPage\",\"@id\":\"https:\/\/progettotouring.it\/radiotouring104\/2024\/09\/18\/dentro-e-fuori-le-mura-il-reggio-film-fest-in-carcere\/\",\"url\":\"https:\/\/progettotouring.it\/radiotouring104\/2024\/09\/18\/dentro-e-fuori-le-mura-il-reggio-film-fest-in-carcere\/\",\"name\":\"\\\"Dentro e fuori le mura\\\": il Reggio Film Fest in carcere - Radio Touring 104\",\"isPartOf\":{\"@id\":\"https:\/\/progettotouring.it\/radiotouring104\/#website\"},\"primaryImageOfPage\":{\"@id\":\"https:\/\/progettotouring.it\/radiotouring104\/2024\/09\/18\/dentro-e-fuori-le-mura-il-reggio-film-fest-in-carcere\/#primaryimage\"},\"image\":{\"@id\":\"https:\/\/progettotouring.it\/radiotouring104\/2024\/09\/18\/dentro-e-fuori-le-mura-il-reggio-film-fest-in-carcere\/#primaryimage\"},\"thumbnailUrl\":\"https:\/\/progettotouring.it\/radiotouring104\/wp-content\/uploads\/sites\/6\/2024\/09\/FOTO-Reggio-film-fest-CARCERE-1.png\",\"datePublished\":\"2024-09-18T10:15:02+00:00\",\"dateModified\":\"2024-09-18T10:37:55+00:00\",\"description\":\"Iniziative come questa ci fanno sentire parte della societ\u00e0 al di la di ogni pregiudizio\\\", la gratitudine delle detenute\",\"breadcrumb\":{\"@id\":\"https:\/\/progettotouring.it\/radiotouring104\/2024\/09\/18\/dentro-e-fuori-le-mura-il-reggio-film-fest-in-carcere\/#breadcrumb\"},\"inLanguage\":\"it-IT\",\"potentialAction\":[{\"@type\":\"ReadAction\",\"target\":[\"https:\/\/progettotouring.it\/radiotouring104\/2024\/09\/18\/dentro-e-fuori-le-mura-il-reggio-film-fest-in-carcere\/\"]}]},{\"@type\":\"ImageObject\",\"inLanguage\":\"it-IT\",\"@id\":\"https:\/\/progettotouring.it\/radiotouring104\/2024\/09\/18\/dentro-e-fuori-le-mura-il-reggio-film-fest-in-carcere\/#primaryimage\",\"url\":\"https:\/\/progettotouring.it\/radiotouring104\/wp-content\/uploads\/sites\/6\/2024\/09\/FOTO-Reggio-film-fest-CARCERE-1.png\",\"contentUrl\":\"https:\/\/progettotouring.it\/radiotouring104\/wp-content\/uploads\/sites\/6\/2024\/09\/FOTO-Reggio-film-fest-CARCERE-1.png\",\"width\":1105,\"height\":631},{\"@type\":\"BreadcrumbList\",\"@id\":\"https:\/\/progettotouring.it\/radiotouring104\/2024\/09\/18\/dentro-e-fuori-le-mura-il-reggio-film-fest-in-carcere\/#breadcrumb\",\"itemListElement\":[{\"@type\":\"ListItem\",\"position\":1,\"name\":\"Home\",\"item\":\"https:\/\/progettotouring.it\/radiotouring104\/\"},{\"@type\":\"ListItem\",\"position\":2,\"name\":\"&#8220;Dentro e fuori le mura&#8221;: il Reggio Film Fest in carcere\"}]},{\"@type\":\"WebSite\",\"@id\":\"https:\/\/progettotouring.it\/radiotouring104\/#website\",\"url\":\"https:\/\/progettotouring.it\/radiotouring104\/\",\"name\":\"Radio Touring 104\",\"description\":\"La prima radio Reggina\",\"publisher\":{\"@id\":\"https:\/\/progettotouring.it\/radiotouring104\/#organization\"},\"potentialAction\":[{\"@type\":\"SearchAction\",\"target\":{\"@type\":\"EntryPoint\",\"urlTemplate\":\"https:\/\/progettotouring.it\/radiotouring104\/?s={search_term_string}\"},\"query-input\":{\"@type\":\"PropertyValueSpecification\",\"valueRequired\":true,\"valueName\":\"search_term_string\"}}],\"inLanguage\":\"it-IT\"},{\"@type\":\"Organization\",\"@id\":\"https:\/\/progettotouring.it\/radiotouring104\/#organization\",\"name\":\"Radio Touring 104\",\"url\":\"https:\/\/progettotouring.it\/radiotouring104\/\",\"logo\":{\"@type\":\"ImageObject\",\"inLanguage\":\"it-IT\",\"@id\":\"https:\/\/progettotouring.it\/radiotouring104\/#\/schema\/logo\/image\/\",\"url\":\"https:\/\/progettotouring.it\/radiotouring104\/wp-content\/uploads\/sites\/6\/2022\/02\/cropped-logo-radio-touring-104.png\",\"contentUrl\":\"https:\/\/progettotouring.it\/radiotouring104\/wp-content\/uploads\/sites\/6\/2022\/02\/cropped-logo-radio-touring-104.png\",\"width\":377,\"height\":182,\"caption\":\"Radio Touring 104\"},\"image\":{\"@id\":\"https:\/\/progettotouring.it\/radiotouring104\/#\/schema\/logo\/image\/\"}},{\"@type\":\"Person\",\"@id\":\"https:\/\/progettotouring.it\/radiotouring104\/#\/schema\/person\/78613917f1851f041f7483f5af1d422e\",\"name\":\"Sebastiano Plutino\",\"image\":{\"@type\":\"ImageObject\",\"inLanguage\":\"it-IT\",\"@id\":\"https:\/\/secure.gravatar.com\/avatar\/0546ffaa9b79224faf9f2a156b67a529ae861d3287c66c1d8ccfdf909bcba78d?s=96&d=mm&r=g\",\"url\":\"https:\/\/secure.gravatar.com\/avatar\/0546ffaa9b79224faf9f2a156b67a529ae861d3287c66c1d8ccfdf909bcba78d?s=96&d=mm&r=g\",\"contentUrl\":\"https:\/\/secure.gravatar.com\/avatar\/0546ffaa9b79224faf9f2a156b67a529ae861d3287c66c1d8ccfdf909bcba78d?s=96&d=mm&r=g\",\"caption\":\"Sebastiano Plutino\"},\"url\":\"https:\/\/progettotouring.it\/radiotouring104\/author\/sebastiano\/\"}]}<\/script>\n<!-- \/ Yoast SEO plugin. -->","yoast_head_json":{"title":"\"Dentro e fuori le mura\": il Reggio Film Fest in carcere - Radio Touring 104","description":"Iniziative come questa ci fanno sentire parte della societ\u00e0 al di la di ogni pregiudizio\", la gratitudine delle detenute","robots":{"index":"index","follow":"follow","max-snippet":"max-snippet:-1","max-image-preview":"max-image-preview:large","max-video-preview":"max-video-preview:-1"},"canonical":"https:\/\/progettotouring.it\/radiotouring104\/2024\/09\/18\/dentro-e-fuori-le-mura-il-reggio-film-fest-in-carcere\/","og_locale":"it_IT","og_type":"article","og_title":"\"Dentro e fuori le mura\": il Reggio Film Fest in carcere - Radio Touring 104","og_description":"Iniziative come questa ci fanno sentire parte della societ\u00e0 al di la di ogni pregiudizio\", la gratitudine delle detenute","og_url":"https:\/\/progettotouring.it\/radiotouring104\/2024\/09\/18\/dentro-e-fuori-le-mura-il-reggio-film-fest-in-carcere\/","og_site_name":"Radio Touring 104","article_published_time":"2024-09-18T10:15:02+00:00","article_modified_time":"2024-09-18T10:37:55+00:00","og_image":[{"width":1105,"height":631,"url":"https:\/\/progettotouring.it\/radiotouring104\/wp-content\/uploads\/sites\/6\/2024\/09\/FOTO-Reggio-film-fest-CARCERE-1.png","type":"image\/png"}],"author":"Sebastiano Plutino","twitter_card":"summary_large_image","twitter_misc":{"Scritto da":"Sebastiano Plutino","Tempo di lettura stimato":"7 minuti"},"schema":{"@context":"https:\/\/schema.org","@graph":[{"@type":"Article","@id":"https:\/\/progettotouring.it\/radiotouring104\/2024\/09\/18\/dentro-e-fuori-le-mura-il-reggio-film-fest-in-carcere\/#article","isPartOf":{"@id":"https:\/\/progettotouring.it\/radiotouring104\/2024\/09\/18\/dentro-e-fuori-le-mura-il-reggio-film-fest-in-carcere\/"},"author":{"name":"Sebastiano Plutino","@id":"https:\/\/progettotouring.it\/radiotouring104\/#\/schema\/person\/78613917f1851f041f7483f5af1d422e"},"headline":"&#8220;Dentro e fuori le mura&#8221;: il Reggio Film Fest in carcere","datePublished":"2024-09-18T10:15:02+00:00","dateModified":"2024-09-18T10:37:55+00:00","mainEntityOfPage":{"@id":"https:\/\/progettotouring.it\/radiotouring104\/2024\/09\/18\/dentro-e-fuori-le-mura-il-reggio-film-fest-in-carcere\/"},"wordCount":1332,"publisher":{"@id":"https:\/\/progettotouring.it\/radiotouring104\/#organization"},"image":{"@id":"https:\/\/progettotouring.it\/radiotouring104\/2024\/09\/18\/dentro-e-fuori-le-mura-il-reggio-film-fest-in-carcere\/#primaryimage"},"thumbnailUrl":"https:\/\/progettotouring.it\/radiotouring104\/wp-content\/uploads\/sites\/6\/2024\/09\/FOTO-Reggio-film-fest-CARCERE-1.png","keywords":["\"Dentro e fuori le mura\":","\"Reggio Film Fest 2024\"","detenute","Michele Geria","Reggio Film Fest in carcere"],"articleSection":["Home","In primo piano","News","Reggio Calabria"],"inLanguage":"it-IT"},{"@type":"WebPage","@id":"https:\/\/progettotouring.it\/radiotouring104\/2024\/09\/18\/dentro-e-fuori-le-mura-il-reggio-film-fest-in-carcere\/","url":"https:\/\/progettotouring.it\/radiotouring104\/2024\/09\/18\/dentro-e-fuori-le-mura-il-reggio-film-fest-in-carcere\/","name":"\"Dentro e fuori le mura\": il Reggio Film Fest in carcere - Radio Touring 104","isPartOf":{"@id":"https:\/\/progettotouring.it\/radiotouring104\/#website"},"primaryImageOfPage":{"@id":"https:\/\/progettotouring.it\/radiotouring104\/2024\/09\/18\/dentro-e-fuori-le-mura-il-reggio-film-fest-in-carcere\/#primaryimage"},"image":{"@id":"https:\/\/progettotouring.it\/radiotouring104\/2024\/09\/18\/dentro-e-fuori-le-mura-il-reggio-film-fest-in-carcere\/#primaryimage"},"thumbnailUrl":"https:\/\/progettotouring.it\/radiotouring104\/wp-content\/uploads\/sites\/6\/2024\/09\/FOTO-Reggio-film-fest-CARCERE-1.png","datePublished":"2024-09-18T10:15:02+00:00","dateModified":"2024-09-18T10:37:55+00:00","description":"Iniziative come questa ci fanno sentire parte della societ\u00e0 al di la di ogni pregiudizio\", la gratitudine delle detenute","breadcrumb":{"@id":"https:\/\/progettotouring.it\/radiotouring104\/2024\/09\/18\/dentro-e-fuori-le-mura-il-reggio-film-fest-in-carcere\/#breadcrumb"},"inLanguage":"it-IT","potentialAction":[{"@type":"ReadAction","target":["https:\/\/progettotouring.it\/radiotouring104\/2024\/09\/18\/dentro-e-fuori-le-mura-il-reggio-film-fest-in-carcere\/"]}]},{"@type":"ImageObject","inLanguage":"it-IT","@id":"https:\/\/progettotouring.it\/radiotouring104\/2024\/09\/18\/dentro-e-fuori-le-mura-il-reggio-film-fest-in-carcere\/#primaryimage","url":"https:\/\/progettotouring.it\/radiotouring104\/wp-content\/uploads\/sites\/6\/2024\/09\/FOTO-Reggio-film-fest-CARCERE-1.png","contentUrl":"https:\/\/progettotouring.it\/radiotouring104\/wp-content\/uploads\/sites\/6\/2024\/09\/FOTO-Reggio-film-fest-CARCERE-1.png","width":1105,"height":631},{"@type":"BreadcrumbList","@id":"https:\/\/progettotouring.it\/radiotouring104\/2024\/09\/18\/dentro-e-fuori-le-mura-il-reggio-film-fest-in-carcere\/#breadcrumb","itemListElement":[{"@type":"ListItem","position":1,"name":"Home","item":"https:\/\/progettotouring.it\/radiotouring104\/"},{"@type":"ListItem","position":2,"name":"&#8220;Dentro e fuori le mura&#8221;: il Reggio Film Fest in carcere"}]},{"@type":"WebSite","@id":"https:\/\/progettotouring.it\/radiotouring104\/#website","url":"https:\/\/progettotouring.it\/radiotouring104\/","name":"Radio Touring 104","description":"La prima radio Reggina","publisher":{"@id":"https:\/\/progettotouring.it\/radiotouring104\/#organization"},"potentialAction":[{"@type":"SearchAction","target":{"@type":"EntryPoint","urlTemplate":"https:\/\/progettotouring.it\/radiotouring104\/?s={search_term_string}"},"query-input":{"@type":"PropertyValueSpecification","valueRequired":true,"valueName":"search_term_string"}}],"inLanguage":"it-IT"},{"@type":"Organization","@id":"https:\/\/progettotouring.it\/radiotouring104\/#organization","name":"Radio Touring 104","url":"https:\/\/progettotouring.it\/radiotouring104\/","logo":{"@type":"ImageObject","inLanguage":"it-IT","@id":"https:\/\/progettotouring.it\/radiotouring104\/#\/schema\/logo\/image\/","url":"https:\/\/progettotouring.it\/radiotouring104\/wp-content\/uploads\/sites\/6\/2022\/02\/cropped-logo-radio-touring-104.png","contentUrl":"https:\/\/progettotouring.it\/radiotouring104\/wp-content\/uploads\/sites\/6\/2022\/02\/cropped-logo-radio-touring-104.png","width":377,"height":182,"caption":"Radio Touring 104"},"image":{"@id":"https:\/\/progettotouring.it\/radiotouring104\/#\/schema\/logo\/image\/"}},{"@type":"Person","@id":"https:\/\/progettotouring.it\/radiotouring104\/#\/schema\/person\/78613917f1851f041f7483f5af1d422e","name":"Sebastiano Plutino","image":{"@type":"ImageObject","inLanguage":"it-IT","@id":"https:\/\/secure.gravatar.com\/avatar\/0546ffaa9b79224faf9f2a156b67a529ae861d3287c66c1d8ccfdf909bcba78d?s=96&d=mm&r=g","url":"https:\/\/secure.gravatar.com\/avatar\/0546ffaa9b79224faf9f2a156b67a529ae861d3287c66c1d8ccfdf909bcba78d?s=96&d=mm&r=g","contentUrl":"https:\/\/secure.gravatar.com\/avatar\/0546ffaa9b79224faf9f2a156b67a529ae861d3287c66c1d8ccfdf909bcba78d?s=96&d=mm&r=g","caption":"Sebastiano Plutino"},"url":"https:\/\/progettotouring.it\/radiotouring104\/author\/sebastiano\/"}]}},"jetpack_publicize_connections":[],"jetpack_featured_media_url":"https:\/\/progettotouring.it\/radiotouring104\/wp-content\/uploads\/sites\/6\/2024\/09\/FOTO-Reggio-film-fest-CARCERE-1.png","jetpack_sharing_enabled":true,"_links":{"self":[{"href":"https:\/\/progettotouring.it\/radiotouring104\/wp-json\/wp\/v2\/posts\/57954","targetHints":{"allow":["GET"]}}],"collection":[{"href":"https:\/\/progettotouring.it\/radiotouring104\/wp-json\/wp\/v2\/posts"}],"about":[{"href":"https:\/\/progettotouring.it\/radiotouring104\/wp-json\/wp\/v2\/types\/post"}],"author":[{"embeddable":true,"href":"https:\/\/progettotouring.it\/radiotouring104\/wp-json\/wp\/v2\/users\/12"}],"replies":[{"embeddable":true,"href":"https:\/\/progettotouring.it\/radiotouring104\/wp-json\/wp\/v2\/comments?post=57954"}],"version-history":[{"count":2,"href":"https:\/\/progettotouring.it\/radiotouring104\/wp-json\/wp\/v2\/posts\/57954\/revisions"}],"predecessor-version":[{"id":57961,"href":"https:\/\/progettotouring.it\/radiotouring104\/wp-json\/wp\/v2\/posts\/57954\/revisions\/57961"}],"wp:featuredmedia":[{"embeddable":true,"href":"https:\/\/progettotouring.it\/radiotouring104\/wp-json\/wp\/v2\/media\/57955"}],"wp:attachment":[{"href":"https:\/\/progettotouring.it\/radiotouring104\/wp-json\/wp\/v2\/media?parent=57954"}],"wp:term":[{"taxonomy":"category","embeddable":true,"href":"https:\/\/progettotouring.it\/radiotouring104\/wp-json\/wp\/v2\/categories?post=57954"},{"taxonomy":"post_tag","embeddable":true,"href":"https:\/\/progettotouring.it\/radiotouring104\/wp-json\/wp\/v2\/tags?post=57954"}],"curies":[{"name":"wp","href":"https:\/\/api.w.org\/{rel}","templated":true}]}}