{"id":57957,"date":"2024-09-18T12:29:53","date_gmt":"2024-09-18T10:29:53","guid":{"rendered":"https:\/\/progettotouring.it\/radiotouring104\/?p=57957"},"modified":"2024-09-18T12:29:53","modified_gmt":"2024-09-18T10:29:53","slug":"toto-schillaci-morto-a-59-anni-leroe-delle-notti-magiche","status":"publish","type":"post","link":"https:\/\/progettotouring.it\/radiotouring104\/2024\/09\/18\/toto-schillaci-morto-a-59-anni-leroe-delle-notti-magiche\/","title":{"rendered":"Tot\u00f2 Schillaci: morto a 59 anni l&#8217;eroe delle notti magiche"},"content":{"rendered":"<p style=\"text-align: justify\"><strong>Tot\u00f2 Schillaci,<\/strong> idolo di Italia 90,<strong> \u00e8 morto a 59 anni.<\/strong><\/p>\n<p style=\"text-align: justify\"><strong>L&#8217;ex calciatore era stato ricoverato in gravi condizion<\/strong>i lo scorso 7 settembre <strong>nel reparto di pneumologia dell&#8217;ospedale Civico a Palermo.\u00a0<\/strong><\/p>\n<p style=\"text-align: justify\"><strong>Sbuc\u00f2 come un lampo dalle notti magiche e fu subito Tot\u00f2,<\/strong> ragazzo di Sicilia trasfigurato negli occhi e nelle giocate in eroe nazionale. Il calcio italiano dice addio a Salvatore Schillaci, al quale affid\u00f2 repentinamente nel 1990 il suo sogno mondiale: si \u00e8 spento a 59 anni dopo aver combattuto il cancro, che nelle ultime settimane aveva fatto aggravare le sue condizioni.<\/p>\n<p style=\"text-align: justify\"><strong>Sbuc\u00f2 come un lampo dalle notti magiche e fu subito Tot\u00f2,<\/strong> ragazzo di Sicilia trasfigurato negli occhi e nelle giocate in eroe nazionale. Il calcio italiano dice addio a Salvatore Schillaci, al quale affid\u00f2 repentinamente nel 1990 il suo sogno mondiale: si \u00e8 spento a 59 anni dopo aver combattuto il cancro, che nelle ultime settimane aveva fatto aggravare le sue condizioni.<\/p>\n<p style=\"text-align: justify\"><strong>La nazionale guidata da Vicini arriv\u00f2 terza tra tanti dubbi e polemiche,<\/strong> eliminata a Napoli in semifinale dall&#8217;Argentina di Maradona: Schillaci per\u00f2 si aggiudic\u00f2 i titoli di capocannoniere e di miglior giocatore della competizione. Se i rimpianti segnano il calcio italiano per quell&#8217;avventura mal condotta su molti fronti, lui invece ne era esente a tutto tondo: &#8220;Da piccolo sognavo di fare il calciatore e, insieme a questo, ho realizzato tutti i miei desideri: per esempio, giocare nella Juve. Mi sarei accontentato di poco, invece il calcio mi ha dato tutto: fama, vittorie, denaro&#8221; aveva raccontato qualche tempo fa in una intervista. Nato a Palermo il&#8217;1 dicembre 1964, dopo aver mancato il passaggio alla squadra della sua citt\u00e0 per pochi milioni di lire, Schillaci, che giocava nell&#8217;AMAT, fu acquistato dal Messina nel 1982, quando doveva ancora compiere 18 anni.<\/p>\n<p style=\"text-align: justify\"><strong>Dopo aver segnato 11 gol complessivi nelle sue prime 3 stagioni,<\/strong> ne fece altrettanti nella quarta, contribuendo in maniera decisiva alla promozione dei siciliani in Serie B. Nella categoria cadetta, guidato da Franco Scoglio, gioc\u00f2 per altre tre stagioni, segnando 13 gol nel 1987-1988 e addirittura 23 nel 1988-89, quando fu capocannoniere con Zdenek Zeman in panchina. Fu quella stagione a lanciarlo nel calcio che conta, verso la Juventus che lo acquist\u00f2 per 6 miliardi di lire. Gi\u00e0 dalla prima stagione divent\u00f2 titolare realizzando 15 gol in 30 partite di campionato. Contribu\u00ec in maniera decisiva alle vittoria del club bianconero in Coppa Italia e in Coppa Uefa. Queste ottime performance convinsero il ct Azeglio Vicini a convocarlo per il Mondiale del &#8217;90. Schillaci cominci\u00f2 dalla panchina come riserva di Carnevale.<\/p>\n<p style=\"text-align: justify\">Nella seconda met\u00e0 del secondo tempo dell&#8217;incontro di apertura contro l&#8217;Austria il match \u00e8 ancora 0-0. Tot\u00f2 entra in campo e dopo quattro minuti segna di testa il gol che permette agli azzurri di vincere la partita. Inevitabilmente, Schillaci diventa titolare dell&#8217;attacco italiano con Roberto Baggio e segna in tutte le successive gare giocate dagli azzurri. Insomma, diventa il simbolo di Italia &#8217;90. Ma nelle stagioni successive la sua stella si eclissa. Comincia a segnare sempre meno, tormentato anche da una separazione da giornali scandalistici con la prima moglie Rita Bonaccorso: in una partita contro il Bologna, minaccia il giocatore avversario Fabio Poli dicendogli &#8220;ti faccio sparare&#8221;.<\/p>\n<p style=\"text-align: justify\">Alla fine della stagione 1991-1992, con l&#8217;arrivo di Gianluca Vialli in bianconero, Schillaci trovando sempre meno spazio aveva lasciato il club torinese. Era passato quindi all&#8217;Inter per 8,5 miliardi di lire, segnando in due stagioni 11 gol in 30 partite e partecipando al vittorioso cammino nella coppa Uefa dei nerazzurri, pur se aveva lasciato il club nell&#8217;aprile del 1994. Trasferimento in Giappone allo J\u00fabilo Iwata dove diventa il primo calciatore italiano a militare nel campionato nipponico. Nel 1997 vince con la sua squadra la J. League, ma subisce anche un serio infortunio che lo relega definitivamente lontano dai campi di gioco, fino al ritiro ufficializzato nel 1999. Appesi gli scarpini al chiodo Schillaci torna a Palermo dove, nel 2001 si candida come consigliere comunale con Forza Italia. Eletto, si \u00e8 dimette dopo un paio d&#8217;anni. Nel 2004 partecipa al reality &#8220;L&#8217;isola dei famosi&#8221; e nel 2008 prende parte al film &#8220;Amori bugie e calcetto&#8221; insieme ad altri ex calciatori.<\/p>\n<p style=\"text-align: justify\">Nel 2011 interpreta il ruolo di un boss mafioso in una puntata di &#8220;Squadra antimafia &#8211; Palermo oggi&#8221;. L&#8217;anno dopo fa un cameo in un episodio della serie &#8220;Benvenuti a tavola &#8211; Nord vs Sud&#8221;. Con Andrea Mercurio, nel 2016, pubblica l&#8217;autobiografia &#8220;Il gol \u00e8 tutto&#8221;. Nel 2019 s&#8217;improvvisa rapper e partecipa al singolo &#8220;Gli anni degli anni&#8221; dei 78 Bit. Nel 2021 prende parte come concorrente al programma televisivo &#8220;Back to School&#8221;, nel 2023 in coppia con la moglie Barbara, arriva in semifinale nel reality &#8220;Pechino Express&#8221;: scampoli di popolarit\u00e0 per uno che in un&#8217;altra semifinale, nel 1990, era stato capace di far sognare pi\u00f9 di 27 milioni di telespettatori.<\/p>\n","protected":false},"excerpt":{"rendered":"<p>Tot\u00f2 Schillaci, idolo di Italia 90, \u00e8 morto a 59 anni. L&#8217;ex calciatore era stato ricoverato in gravi condizioni lo scorso 7 settembre nel reparto di pneumologia dell&#8217;ospedale Civico a&hellip;<\/p>\n","protected":false},"author":12,"featured_media":57959,"comment_status":"closed","ping_status":"open","sticky":false,"template":"","format":"standard","meta":{"_jetpack_memberships_contains_paid_content":false,"footnotes":"","jetpack_publicize_message":"","jetpack_publicize_feature_enabled":true,"jetpack_social_post_already_shared":false,"jetpack_social_options":{"image_generator_settings":{"template":"highway","default_image_id":0,"font":"","enabled":false},"version":2}},"categories":[196,143,144],"tags":[35519,35518,35517,35516],"class_list":["post-57957","post","type-post","status-publish","format-standard","has-post-thumbnail","hentry","category-news","category-sicilia","category-sport","tag-morto-toto-schillaci","tag-notti-magiche","tag-ospedale-civico-di-palermo","tag-toto-schillaci"],"yoast_head":"<!-- This site is optimized with the Yoast SEO plugin v27.2 - https:\/\/yoast.com\/product\/yoast-seo-wordpress\/ -->\n<title>Tot\u00f2 Schillaci: morto a 59 anni l&#039;eroe delle notti magiche - Radio Touring 104<\/title>\n<meta name=\"description\" content=\"L&#039;ex calciatore era stato ricoverato in gravi condizioni lo scorso 7 settembre nel reparto di pneumologia dell&#039;ospedale Civico a Palermo.\u00a0\" \/>\n<meta name=\"robots\" content=\"index, follow, max-snippet:-1, max-image-preview:large, max-video-preview:-1\" \/>\n<link rel=\"canonical\" href=\"https:\/\/progettotouring.it\/radiotouring104\/2024\/09\/18\/toto-schillaci-morto-a-59-anni-leroe-delle-notti-magiche\/\" \/>\n<meta property=\"og:locale\" content=\"it_IT\" \/>\n<meta property=\"og:type\" content=\"article\" \/>\n<meta property=\"og:title\" content=\"Tot\u00f2 Schillaci: morto a 59 anni l&#039;eroe delle notti magiche - Radio Touring 104\" \/>\n<meta property=\"og:description\" content=\"L&#039;ex calciatore era stato ricoverato in gravi condizioni lo scorso 7 settembre nel reparto di pneumologia dell&#039;ospedale Civico a Palermo.\u00a0\" \/>\n<meta property=\"og:url\" content=\"https:\/\/progettotouring.it\/radiotouring104\/2024\/09\/18\/toto-schillaci-morto-a-59-anni-leroe-delle-notti-magiche\/\" \/>\n<meta property=\"og:site_name\" content=\"Radio Touring 104\" \/>\n<meta property=\"article:published_time\" content=\"2024-09-18T10:29:53+00:00\" \/>\n<meta property=\"og:image\" content=\"https:\/\/progettotouring.it\/radiotouring104\/wp-content\/uploads\/sites\/6\/2024\/09\/Salvatore_Schillaci_-_Juventus_FC_1989-90.jpg\" \/>\n\t<meta property=\"og:image:width\" content=\"795\" \/>\n\t<meta property=\"og:image:height\" content=\"1080\" \/>\n\t<meta property=\"og:image:type\" content=\"image\/jpeg\" \/>\n<meta name=\"author\" content=\"Sebastiano Plutino\" \/>\n<meta name=\"twitter:card\" content=\"summary_large_image\" \/>\n<meta name=\"twitter:label1\" content=\"Scritto da\" \/>\n\t<meta name=\"twitter:data1\" content=\"Sebastiano Plutino\" \/>\n\t<meta name=\"twitter:label2\" content=\"Tempo di lettura stimato\" \/>\n\t<meta name=\"twitter:data2\" content=\"4 minuti\" \/>\n<script type=\"application\/ld+json\" class=\"yoast-schema-graph\">{\"@context\":\"https:\/\/schema.org\",\"@graph\":[{\"@type\":\"Article\",\"@id\":\"https:\/\/progettotouring.it\/radiotouring104\/2024\/09\/18\/toto-schillaci-morto-a-59-anni-leroe-delle-notti-magiche\/#article\",\"isPartOf\":{\"@id\":\"https:\/\/progettotouring.it\/radiotouring104\/2024\/09\/18\/toto-schillaci-morto-a-59-anni-leroe-delle-notti-magiche\/\"},\"author\":{\"name\":\"Sebastiano Plutino\",\"@id\":\"https:\/\/progettotouring.it\/radiotouring104\/#\/schema\/person\/78613917f1851f041f7483f5af1d422e\"},\"headline\":\"Tot\u00f2 Schillaci: morto a 59 anni l&#8217;eroe delle notti magiche\",\"datePublished\":\"2024-09-18T10:29:53+00:00\",\"mainEntityOfPage\":{\"@id\":\"https:\/\/progettotouring.it\/radiotouring104\/2024\/09\/18\/toto-schillaci-morto-a-59-anni-leroe-delle-notti-magiche\/\"},\"wordCount\":770,\"publisher\":{\"@id\":\"https:\/\/progettotouring.it\/radiotouring104\/#organization\"},\"image\":{\"@id\":\"https:\/\/progettotouring.it\/radiotouring104\/2024\/09\/18\/toto-schillaci-morto-a-59-anni-leroe-delle-notti-magiche\/#primaryimage\"},\"thumbnailUrl\":\"https:\/\/progettotouring.it\/radiotouring104\/wp-content\/uploads\/sites\/6\/2024\/09\/Salvatore_Schillaci_-_Juventus_FC_1989-90.jpg\",\"keywords\":[\"morto Tot\u00f2 Schillaci\",\"notti magiche\",\"ospedale civico di Palermo\",\"Tot\u00f2 Schillaci\"],\"articleSection\":[\"News\",\"Sicilia\",\"Sport\"],\"inLanguage\":\"it-IT\"},{\"@type\":\"WebPage\",\"@id\":\"https:\/\/progettotouring.it\/radiotouring104\/2024\/09\/18\/toto-schillaci-morto-a-59-anni-leroe-delle-notti-magiche\/\",\"url\":\"https:\/\/progettotouring.it\/radiotouring104\/2024\/09\/18\/toto-schillaci-morto-a-59-anni-leroe-delle-notti-magiche\/\",\"name\":\"Tot\u00f2 Schillaci: morto a 59 anni l'eroe delle notti magiche - Radio Touring 104\",\"isPartOf\":{\"@id\":\"https:\/\/progettotouring.it\/radiotouring104\/#website\"},\"primaryImageOfPage\":{\"@id\":\"https:\/\/progettotouring.it\/radiotouring104\/2024\/09\/18\/toto-schillaci-morto-a-59-anni-leroe-delle-notti-magiche\/#primaryimage\"},\"image\":{\"@id\":\"https:\/\/progettotouring.it\/radiotouring104\/2024\/09\/18\/toto-schillaci-morto-a-59-anni-leroe-delle-notti-magiche\/#primaryimage\"},\"thumbnailUrl\":\"https:\/\/progettotouring.it\/radiotouring104\/wp-content\/uploads\/sites\/6\/2024\/09\/Salvatore_Schillaci_-_Juventus_FC_1989-90.jpg\",\"datePublished\":\"2024-09-18T10:29:53+00:00\",\"description\":\"L'ex calciatore era stato ricoverato in gravi condizioni lo scorso 7 settembre nel reparto di pneumologia dell'ospedale Civico a Palermo.\u00a0\",\"breadcrumb\":{\"@id\":\"https:\/\/progettotouring.it\/radiotouring104\/2024\/09\/18\/toto-schillaci-morto-a-59-anni-leroe-delle-notti-magiche\/#breadcrumb\"},\"inLanguage\":\"it-IT\",\"potentialAction\":[{\"@type\":\"ReadAction\",\"target\":[\"https:\/\/progettotouring.it\/radiotouring104\/2024\/09\/18\/toto-schillaci-morto-a-59-anni-leroe-delle-notti-magiche\/\"]}]},{\"@type\":\"ImageObject\",\"inLanguage\":\"it-IT\",\"@id\":\"https:\/\/progettotouring.it\/radiotouring104\/2024\/09\/18\/toto-schillaci-morto-a-59-anni-leroe-delle-notti-magiche\/#primaryimage\",\"url\":\"https:\/\/progettotouring.it\/radiotouring104\/wp-content\/uploads\/sites\/6\/2024\/09\/Salvatore_Schillaci_-_Juventus_FC_1989-90.jpg\",\"contentUrl\":\"https:\/\/progettotouring.it\/radiotouring104\/wp-content\/uploads\/sites\/6\/2024\/09\/Salvatore_Schillaci_-_Juventus_FC_1989-90.jpg\",\"width\":795,\"height\":1080},{\"@type\":\"BreadcrumbList\",\"@id\":\"https:\/\/progettotouring.it\/radiotouring104\/2024\/09\/18\/toto-schillaci-morto-a-59-anni-leroe-delle-notti-magiche\/#breadcrumb\",\"itemListElement\":[{\"@type\":\"ListItem\",\"position\":1,\"name\":\"Home\",\"item\":\"https:\/\/progettotouring.it\/radiotouring104\/\"},{\"@type\":\"ListItem\",\"position\":2,\"name\":\"Tot\u00f2 Schillaci: morto a 59 anni l&#8217;eroe delle notti magiche\"}]},{\"@type\":\"WebSite\",\"@id\":\"https:\/\/progettotouring.it\/radiotouring104\/#website\",\"url\":\"https:\/\/progettotouring.it\/radiotouring104\/\",\"name\":\"Radio Touring 104\",\"description\":\"La prima radio Reggina\",\"publisher\":{\"@id\":\"https:\/\/progettotouring.it\/radiotouring104\/#organization\"},\"potentialAction\":[{\"@type\":\"SearchAction\",\"target\":{\"@type\":\"EntryPoint\",\"urlTemplate\":\"https:\/\/progettotouring.it\/radiotouring104\/?s={search_term_string}\"},\"query-input\":{\"@type\":\"PropertyValueSpecification\",\"valueRequired\":true,\"valueName\":\"search_term_string\"}}],\"inLanguage\":\"it-IT\"},{\"@type\":\"Organization\",\"@id\":\"https:\/\/progettotouring.it\/radiotouring104\/#organization\",\"name\":\"Radio Touring 104\",\"url\":\"https:\/\/progettotouring.it\/radiotouring104\/\",\"logo\":{\"@type\":\"ImageObject\",\"inLanguage\":\"it-IT\",\"@id\":\"https:\/\/progettotouring.it\/radiotouring104\/#\/schema\/logo\/image\/\",\"url\":\"https:\/\/progettotouring.it\/radiotouring104\/wp-content\/uploads\/sites\/6\/2022\/02\/cropped-logo-radio-touring-104.png\",\"contentUrl\":\"https:\/\/progettotouring.it\/radiotouring104\/wp-content\/uploads\/sites\/6\/2022\/02\/cropped-logo-radio-touring-104.png\",\"width\":377,\"height\":182,\"caption\":\"Radio Touring 104\"},\"image\":{\"@id\":\"https:\/\/progettotouring.it\/radiotouring104\/#\/schema\/logo\/image\/\"}},{\"@type\":\"Person\",\"@id\":\"https:\/\/progettotouring.it\/radiotouring104\/#\/schema\/person\/78613917f1851f041f7483f5af1d422e\",\"name\":\"Sebastiano Plutino\",\"image\":{\"@type\":\"ImageObject\",\"inLanguage\":\"it-IT\",\"@id\":\"https:\/\/secure.gravatar.com\/avatar\/0546ffaa9b79224faf9f2a156b67a529ae861d3287c66c1d8ccfdf909bcba78d?s=96&d=mm&r=g\",\"url\":\"https:\/\/secure.gravatar.com\/avatar\/0546ffaa9b79224faf9f2a156b67a529ae861d3287c66c1d8ccfdf909bcba78d?s=96&d=mm&r=g\",\"contentUrl\":\"https:\/\/secure.gravatar.com\/avatar\/0546ffaa9b79224faf9f2a156b67a529ae861d3287c66c1d8ccfdf909bcba78d?s=96&d=mm&r=g\",\"caption\":\"Sebastiano Plutino\"},\"url\":\"https:\/\/progettotouring.it\/radiotouring104\/author\/sebastiano\/\"}]}<\/script>\n<!-- \/ Yoast SEO plugin. -->","yoast_head_json":{"title":"Tot\u00f2 Schillaci: morto a 59 anni l'eroe delle notti magiche - Radio Touring 104","description":"L'ex calciatore era stato ricoverato in gravi condizioni lo scorso 7 settembre nel reparto di pneumologia dell'ospedale Civico a Palermo.\u00a0","robots":{"index":"index","follow":"follow","max-snippet":"max-snippet:-1","max-image-preview":"max-image-preview:large","max-video-preview":"max-video-preview:-1"},"canonical":"https:\/\/progettotouring.it\/radiotouring104\/2024\/09\/18\/toto-schillaci-morto-a-59-anni-leroe-delle-notti-magiche\/","og_locale":"it_IT","og_type":"article","og_title":"Tot\u00f2 Schillaci: morto a 59 anni l'eroe delle notti magiche - Radio Touring 104","og_description":"L'ex calciatore era stato ricoverato in gravi condizioni lo scorso 7 settembre nel reparto di pneumologia dell'ospedale Civico a Palermo.\u00a0","og_url":"https:\/\/progettotouring.it\/radiotouring104\/2024\/09\/18\/toto-schillaci-morto-a-59-anni-leroe-delle-notti-magiche\/","og_site_name":"Radio Touring 104","article_published_time":"2024-09-18T10:29:53+00:00","og_image":[{"width":795,"height":1080,"url":"https:\/\/progettotouring.it\/radiotouring104\/wp-content\/uploads\/sites\/6\/2024\/09\/Salvatore_Schillaci_-_Juventus_FC_1989-90.jpg","type":"image\/jpeg"}],"author":"Sebastiano Plutino","twitter_card":"summary_large_image","twitter_misc":{"Scritto da":"Sebastiano Plutino","Tempo di lettura stimato":"4 minuti"},"schema":{"@context":"https:\/\/schema.org","@graph":[{"@type":"Article","@id":"https:\/\/progettotouring.it\/radiotouring104\/2024\/09\/18\/toto-schillaci-morto-a-59-anni-leroe-delle-notti-magiche\/#article","isPartOf":{"@id":"https:\/\/progettotouring.it\/radiotouring104\/2024\/09\/18\/toto-schillaci-morto-a-59-anni-leroe-delle-notti-magiche\/"},"author":{"name":"Sebastiano Plutino","@id":"https:\/\/progettotouring.it\/radiotouring104\/#\/schema\/person\/78613917f1851f041f7483f5af1d422e"},"headline":"Tot\u00f2 Schillaci: morto a 59 anni l&#8217;eroe delle notti magiche","datePublished":"2024-09-18T10:29:53+00:00","mainEntityOfPage":{"@id":"https:\/\/progettotouring.it\/radiotouring104\/2024\/09\/18\/toto-schillaci-morto-a-59-anni-leroe-delle-notti-magiche\/"},"wordCount":770,"publisher":{"@id":"https:\/\/progettotouring.it\/radiotouring104\/#organization"},"image":{"@id":"https:\/\/progettotouring.it\/radiotouring104\/2024\/09\/18\/toto-schillaci-morto-a-59-anni-leroe-delle-notti-magiche\/#primaryimage"},"thumbnailUrl":"https:\/\/progettotouring.it\/radiotouring104\/wp-content\/uploads\/sites\/6\/2024\/09\/Salvatore_Schillaci_-_Juventus_FC_1989-90.jpg","keywords":["morto Tot\u00f2 Schillaci","notti magiche","ospedale civico di Palermo","Tot\u00f2 Schillaci"],"articleSection":["News","Sicilia","Sport"],"inLanguage":"it-IT"},{"@type":"WebPage","@id":"https:\/\/progettotouring.it\/radiotouring104\/2024\/09\/18\/toto-schillaci-morto-a-59-anni-leroe-delle-notti-magiche\/","url":"https:\/\/progettotouring.it\/radiotouring104\/2024\/09\/18\/toto-schillaci-morto-a-59-anni-leroe-delle-notti-magiche\/","name":"Tot\u00f2 Schillaci: morto a 59 anni l'eroe delle notti magiche - Radio Touring 104","isPartOf":{"@id":"https:\/\/progettotouring.it\/radiotouring104\/#website"},"primaryImageOfPage":{"@id":"https:\/\/progettotouring.it\/radiotouring104\/2024\/09\/18\/toto-schillaci-morto-a-59-anni-leroe-delle-notti-magiche\/#primaryimage"},"image":{"@id":"https:\/\/progettotouring.it\/radiotouring104\/2024\/09\/18\/toto-schillaci-morto-a-59-anni-leroe-delle-notti-magiche\/#primaryimage"},"thumbnailUrl":"https:\/\/progettotouring.it\/radiotouring104\/wp-content\/uploads\/sites\/6\/2024\/09\/Salvatore_Schillaci_-_Juventus_FC_1989-90.jpg","datePublished":"2024-09-18T10:29:53+00:00","description":"L'ex calciatore era stato ricoverato in gravi condizioni lo scorso 7 settembre nel reparto di pneumologia dell'ospedale Civico a Palermo.\u00a0","breadcrumb":{"@id":"https:\/\/progettotouring.it\/radiotouring104\/2024\/09\/18\/toto-schillaci-morto-a-59-anni-leroe-delle-notti-magiche\/#breadcrumb"},"inLanguage":"it-IT","potentialAction":[{"@type":"ReadAction","target":["https:\/\/progettotouring.it\/radiotouring104\/2024\/09\/18\/toto-schillaci-morto-a-59-anni-leroe-delle-notti-magiche\/"]}]},{"@type":"ImageObject","inLanguage":"it-IT","@id":"https:\/\/progettotouring.it\/radiotouring104\/2024\/09\/18\/toto-schillaci-morto-a-59-anni-leroe-delle-notti-magiche\/#primaryimage","url":"https:\/\/progettotouring.it\/radiotouring104\/wp-content\/uploads\/sites\/6\/2024\/09\/Salvatore_Schillaci_-_Juventus_FC_1989-90.jpg","contentUrl":"https:\/\/progettotouring.it\/radiotouring104\/wp-content\/uploads\/sites\/6\/2024\/09\/Salvatore_Schillaci_-_Juventus_FC_1989-90.jpg","width":795,"height":1080},{"@type":"BreadcrumbList","@id":"https:\/\/progettotouring.it\/radiotouring104\/2024\/09\/18\/toto-schillaci-morto-a-59-anni-leroe-delle-notti-magiche\/#breadcrumb","itemListElement":[{"@type":"ListItem","position":1,"name":"Home","item":"https:\/\/progettotouring.it\/radiotouring104\/"},{"@type":"ListItem","position":2,"name":"Tot\u00f2 Schillaci: morto a 59 anni l&#8217;eroe delle notti magiche"}]},{"@type":"WebSite","@id":"https:\/\/progettotouring.it\/radiotouring104\/#website","url":"https:\/\/progettotouring.it\/radiotouring104\/","name":"Radio Touring 104","description":"La prima radio Reggina","publisher":{"@id":"https:\/\/progettotouring.it\/radiotouring104\/#organization"},"potentialAction":[{"@type":"SearchAction","target":{"@type":"EntryPoint","urlTemplate":"https:\/\/progettotouring.it\/radiotouring104\/?s={search_term_string}"},"query-input":{"@type":"PropertyValueSpecification","valueRequired":true,"valueName":"search_term_string"}}],"inLanguage":"it-IT"},{"@type":"Organization","@id":"https:\/\/progettotouring.it\/radiotouring104\/#organization","name":"Radio Touring 104","url":"https:\/\/progettotouring.it\/radiotouring104\/","logo":{"@type":"ImageObject","inLanguage":"it-IT","@id":"https:\/\/progettotouring.it\/radiotouring104\/#\/schema\/logo\/image\/","url":"https:\/\/progettotouring.it\/radiotouring104\/wp-content\/uploads\/sites\/6\/2022\/02\/cropped-logo-radio-touring-104.png","contentUrl":"https:\/\/progettotouring.it\/radiotouring104\/wp-content\/uploads\/sites\/6\/2022\/02\/cropped-logo-radio-touring-104.png","width":377,"height":182,"caption":"Radio Touring 104"},"image":{"@id":"https:\/\/progettotouring.it\/radiotouring104\/#\/schema\/logo\/image\/"}},{"@type":"Person","@id":"https:\/\/progettotouring.it\/radiotouring104\/#\/schema\/person\/78613917f1851f041f7483f5af1d422e","name":"Sebastiano Plutino","image":{"@type":"ImageObject","inLanguage":"it-IT","@id":"https:\/\/secure.gravatar.com\/avatar\/0546ffaa9b79224faf9f2a156b67a529ae861d3287c66c1d8ccfdf909bcba78d?s=96&d=mm&r=g","url":"https:\/\/secure.gravatar.com\/avatar\/0546ffaa9b79224faf9f2a156b67a529ae861d3287c66c1d8ccfdf909bcba78d?s=96&d=mm&r=g","contentUrl":"https:\/\/secure.gravatar.com\/avatar\/0546ffaa9b79224faf9f2a156b67a529ae861d3287c66c1d8ccfdf909bcba78d?s=96&d=mm&r=g","caption":"Sebastiano Plutino"},"url":"https:\/\/progettotouring.it\/radiotouring104\/author\/sebastiano\/"}]}},"jetpack_publicize_connections":[],"jetpack_featured_media_url":"https:\/\/progettotouring.it\/radiotouring104\/wp-content\/uploads\/sites\/6\/2024\/09\/Salvatore_Schillaci_-_Juventus_FC_1989-90.jpg","jetpack_sharing_enabled":true,"_links":{"self":[{"href":"https:\/\/progettotouring.it\/radiotouring104\/wp-json\/wp\/v2\/posts\/57957","targetHints":{"allow":["GET"]}}],"collection":[{"href":"https:\/\/progettotouring.it\/radiotouring104\/wp-json\/wp\/v2\/posts"}],"about":[{"href":"https:\/\/progettotouring.it\/radiotouring104\/wp-json\/wp\/v2\/types\/post"}],"author":[{"embeddable":true,"href":"https:\/\/progettotouring.it\/radiotouring104\/wp-json\/wp\/v2\/users\/12"}],"replies":[{"embeddable":true,"href":"https:\/\/progettotouring.it\/radiotouring104\/wp-json\/wp\/v2\/comments?post=57957"}],"version-history":[{"count":1,"href":"https:\/\/progettotouring.it\/radiotouring104\/wp-json\/wp\/v2\/posts\/57957\/revisions"}],"predecessor-version":[{"id":57960,"href":"https:\/\/progettotouring.it\/radiotouring104\/wp-json\/wp\/v2\/posts\/57957\/revisions\/57960"}],"wp:featuredmedia":[{"embeddable":true,"href":"https:\/\/progettotouring.it\/radiotouring104\/wp-json\/wp\/v2\/media\/57959"}],"wp:attachment":[{"href":"https:\/\/progettotouring.it\/radiotouring104\/wp-json\/wp\/v2\/media?parent=57957"}],"wp:term":[{"taxonomy":"category","embeddable":true,"href":"https:\/\/progettotouring.it\/radiotouring104\/wp-json\/wp\/v2\/categories?post=57957"},{"taxonomy":"post_tag","embeddable":true,"href":"https:\/\/progettotouring.it\/radiotouring104\/wp-json\/wp\/v2\/tags?post=57957"}],"curies":[{"name":"wp","href":"https:\/\/api.w.org\/{rel}","templated":true}]}}