{"id":57967,"date":"2024-09-18T12:58:22","date_gmt":"2024-09-18T10:58:22","guid":{"rendered":"https:\/\/progettotouring.it\/radiotouring104\/?p=57967"},"modified":"2024-09-18T12:58:35","modified_gmt":"2024-09-18T10:58:35","slug":"feste-mariane-falcomata-tra-i-portatori-della-vara-alla-processione","status":"publish","type":"post","link":"https:\/\/progettotouring.it\/radiotouring104\/2024\/09\/18\/feste-mariane-falcomata-tra-i-portatori-della-vara-alla-processione\/","title":{"rendered":"Feste Mariane: Falcomat\u00e0 tra i portatori della Vara alla processione"},"content":{"rendered":"<p style=\"text-align: justify\"><strong>Al termine della tradizionale processione<\/strong> del marted\u00ec, quando il Quadro della Santa Patrona di Reggio Calabria, la Madonna della Consolazione, sfila per le vie del centro condotta in spalla dai portatori per salutare la citt\u00e0, <strong>il sindaco Giuseppe Falcomat\u00e0 ha parlato di<\/strong> <em>\u00abun momento estremamente emozionante\u00bb.<\/em><\/p>\n<div>\n<p style=\"text-align: justify\"><em>\u00abAnche quest\u2019anno<\/em> \u2013<strong> ha detto \u2013<\/strong> <em>ho avuto l\u2019onore di portare, per qualche tappa, il Quadro della Madonna della Consolazione e ringrazio di cuore i Portatori della Vara per questo gesto che mi onora tantissimo\u00bb.<\/em><em>\u00abE\u2019 stata \u2013<\/em> <strong>ha raccontato il sindaco<\/strong><em> &#8211; un\u2019altra cerimonia ricca di passione e commozione, a suo modo unica. Vedere passare la Vara lungo le vie della citt\u00e0 illuminate come non mai, vederla fare quella bellissima volata con tutta la comunit\u00e0 intorno ad accoglierla per aspettare il suo ingresso in Cattedrale, \u00e8 qualcosa difficile da raccontare in parole. Voglio esprimere i miei sentimenti di gratitudine al vescovo, sua eccellenza monsignor Fortunato Morrone, perch\u00e9 ha voluto riservare un passaggio del suo discorso ad una preghiera di vicinanza e incoraggiamento agli amministratori della citt\u00e0. Questo, per noi, \u00e8 molto importante. E\u2019 esattamente quello di cui hanno bisogno Reggio ed il nostro territorio\u00bb.<\/em><\/p>\n<p style=\"text-align: justify\"><em>\u00abMi auguro davvero<\/em> \u2013 <strong>ha concluso Giuseppe Falcomat\u00e0<\/strong> &#8211;<em> che sotto lo sguardo benevolo della Madonna della Consolazione tutta la citt\u00e0, radunata ai Suoi piedi, possa ritrovare unit\u00e0, riconciliazione e speranza\u00bb.<\/em><\/p>\n<\/div>\n","protected":false},"excerpt":{"rendered":"<p>Al termine della tradizionale processione del marted\u00ec, quando il Quadro della Santa Patrona di Reggio Calabria, la Madonna della Consolazione, sfila per le vie del centro condotta in spalla dai&hellip;<\/p>\n","protected":false},"author":12,"featured_media":57969,"comment_status":"closed","ping_status":"open","sticky":false,"template":"","format":"standard","meta":{"_jetpack_memberships_contains_paid_content":false,"footnotes":"","jetpack_publicize_message":"","jetpack_publicize_feature_enabled":true,"jetpack_social_post_already_shared":false,"jetpack_social_options":{"image_generator_settings":{"template":"highway","default_image_id":0,"font":"","enabled":false},"version":2}},"categories":[921,196,140],"tags":[30465,35520,4310,4430],"class_list":["post-57967","post","type-post","status-publish","format-standard","has-post-thumbnail","hentry","category-home","category-news","category-reggio-calabria","tag-falcomata-giuseppe","tag-falcomata-tra-i-portatori-della-vara","tag-madonna-della-consolazione","tag-processione"],"yoast_head":"<!-- This site is optimized with the Yoast SEO plugin v27.2 - https:\/\/yoast.com\/product\/yoast-seo-wordpress\/ -->\n<title>Feste Mariane: Falcomat\u00e0 tra i portatori della Vara alla processione<\/title>\n<meta name=\"description\" content=\"&quot;Momento emozionante che mi onora tantissimo. Grazie all&#039;Arcivescovo e ai Portatori&quot;, ha dichiarato il Sindaco Falcomat\u00e0, dopo la processione\" \/>\n<meta name=\"robots\" content=\"index, follow, max-snippet:-1, max-image-preview:large, max-video-preview:-1\" \/>\n<link rel=\"canonical\" href=\"https:\/\/progettotouring.it\/radiotouring104\/2024\/09\/18\/feste-mariane-falcomata-tra-i-portatori-della-vara-alla-processione\/\" \/>\n<meta property=\"og:locale\" content=\"it_IT\" \/>\n<meta property=\"og:type\" content=\"article\" \/>\n<meta property=\"og:title\" content=\"Feste Mariane: Falcomat\u00e0 tra i portatori della Vara alla processione\" \/>\n<meta property=\"og:description\" content=\"&quot;Momento emozionante che mi onora tantissimo. Grazie all&#039;Arcivescovo e ai Portatori&quot;, ha dichiarato il Sindaco Falcomat\u00e0, dopo la processione\" \/>\n<meta property=\"og:url\" content=\"https:\/\/progettotouring.it\/radiotouring104\/2024\/09\/18\/feste-mariane-falcomata-tra-i-portatori-della-vara-alla-processione\/\" \/>\n<meta property=\"og:site_name\" content=\"Radio Touring 104\" \/>\n<meta property=\"article:published_time\" content=\"2024-09-18T10:58:22+00:00\" \/>\n<meta property=\"article:modified_time\" content=\"2024-09-18T10:58:35+00:00\" \/>\n<meta property=\"og:image\" content=\"https:\/\/progettotouring.it\/radiotouring104\/wp-content\/uploads\/sites\/6\/2024\/09\/Falcomata-processione.jpeg\" \/>\n\t<meta property=\"og:image:width\" content=\"2560\" \/>\n\t<meta property=\"og:image:height\" content=\"1706\" \/>\n\t<meta property=\"og:image:type\" content=\"image\/jpeg\" \/>\n<meta name=\"author\" content=\"Sebastiano Plutino\" \/>\n<meta name=\"twitter:card\" content=\"summary_large_image\" \/>\n<meta name=\"twitter:label1\" content=\"Scritto da\" \/>\n\t<meta name=\"twitter:data1\" content=\"Sebastiano Plutino\" \/>\n\t<meta name=\"twitter:label2\" content=\"Tempo di lettura stimato\" \/>\n\t<meta name=\"twitter:data2\" content=\"1 minuto\" \/>\n<script type=\"application\/ld+json\" class=\"yoast-schema-graph\">{\"@context\":\"https:\/\/schema.org\",\"@graph\":[{\"@type\":\"Article\",\"@id\":\"https:\/\/progettotouring.it\/radiotouring104\/2024\/09\/18\/feste-mariane-falcomata-tra-i-portatori-della-vara-alla-processione\/#article\",\"isPartOf\":{\"@id\":\"https:\/\/progettotouring.it\/radiotouring104\/2024\/09\/18\/feste-mariane-falcomata-tra-i-portatori-della-vara-alla-processione\/\"},\"author\":{\"name\":\"Sebastiano Plutino\",\"@id\":\"https:\/\/progettotouring.it\/radiotouring104\/#\/schema\/person\/78613917f1851f041f7483f5af1d422e\"},\"headline\":\"Feste Mariane: Falcomat\u00e0 tra i portatori della Vara alla processione\",\"datePublished\":\"2024-09-18T10:58:22+00:00\",\"dateModified\":\"2024-09-18T10:58:35+00:00\",\"mainEntityOfPage\":{\"@id\":\"https:\/\/progettotouring.it\/radiotouring104\/2024\/09\/18\/feste-mariane-falcomata-tra-i-portatori-della-vara-alla-processione\/\"},\"wordCount\":229,\"publisher\":{\"@id\":\"https:\/\/progettotouring.it\/radiotouring104\/#organization\"},\"image\":{\"@id\":\"https:\/\/progettotouring.it\/radiotouring104\/2024\/09\/18\/feste-mariane-falcomata-tra-i-portatori-della-vara-alla-processione\/#primaryimage\"},\"thumbnailUrl\":\"https:\/\/progettotouring.it\/radiotouring104\/wp-content\/uploads\/sites\/6\/2024\/09\/Falcomata-processione.jpeg\",\"keywords\":[\"Falcomat\u00e0 Giuseppe\",\"Falcomat\u00e0 tra i portatori della Vara\",\"madonna della consolazione\",\"processione\"],\"articleSection\":[\"Home\",\"News\",\"Reggio Calabria\"],\"inLanguage\":\"it-IT\"},{\"@type\":\"WebPage\",\"@id\":\"https:\/\/progettotouring.it\/radiotouring104\/2024\/09\/18\/feste-mariane-falcomata-tra-i-portatori-della-vara-alla-processione\/\",\"url\":\"https:\/\/progettotouring.it\/radiotouring104\/2024\/09\/18\/feste-mariane-falcomata-tra-i-portatori-della-vara-alla-processione\/\",\"name\":\"Feste Mariane: Falcomat\u00e0 tra i portatori della Vara alla processione\",\"isPartOf\":{\"@id\":\"https:\/\/progettotouring.it\/radiotouring104\/#website\"},\"primaryImageOfPage\":{\"@id\":\"https:\/\/progettotouring.it\/radiotouring104\/2024\/09\/18\/feste-mariane-falcomata-tra-i-portatori-della-vara-alla-processione\/#primaryimage\"},\"image\":{\"@id\":\"https:\/\/progettotouring.it\/radiotouring104\/2024\/09\/18\/feste-mariane-falcomata-tra-i-portatori-della-vara-alla-processione\/#primaryimage\"},\"thumbnailUrl\":\"https:\/\/progettotouring.it\/radiotouring104\/wp-content\/uploads\/sites\/6\/2024\/09\/Falcomata-processione.jpeg\",\"datePublished\":\"2024-09-18T10:58:22+00:00\",\"dateModified\":\"2024-09-18T10:58:35+00:00\",\"description\":\"\\\"Momento emozionante che mi onora tantissimo. Grazie all'Arcivescovo e ai Portatori\\\", ha dichiarato il Sindaco Falcomat\u00e0, dopo la processione\",\"breadcrumb\":{\"@id\":\"https:\/\/progettotouring.it\/radiotouring104\/2024\/09\/18\/feste-mariane-falcomata-tra-i-portatori-della-vara-alla-processione\/#breadcrumb\"},\"inLanguage\":\"it-IT\",\"potentialAction\":[{\"@type\":\"ReadAction\",\"target\":[\"https:\/\/progettotouring.it\/radiotouring104\/2024\/09\/18\/feste-mariane-falcomata-tra-i-portatori-della-vara-alla-processione\/\"]}]},{\"@type\":\"ImageObject\",\"inLanguage\":\"it-IT\",\"@id\":\"https:\/\/progettotouring.it\/radiotouring104\/2024\/09\/18\/feste-mariane-falcomata-tra-i-portatori-della-vara-alla-processione\/#primaryimage\",\"url\":\"https:\/\/progettotouring.it\/radiotouring104\/wp-content\/uploads\/sites\/6\/2024\/09\/Falcomata-processione.jpeg\",\"contentUrl\":\"https:\/\/progettotouring.it\/radiotouring104\/wp-content\/uploads\/sites\/6\/2024\/09\/Falcomata-processione.jpeg\",\"width\":2560,\"height\":1706},{\"@type\":\"BreadcrumbList\",\"@id\":\"https:\/\/progettotouring.it\/radiotouring104\/2024\/09\/18\/feste-mariane-falcomata-tra-i-portatori-della-vara-alla-processione\/#breadcrumb\",\"itemListElement\":[{\"@type\":\"ListItem\",\"position\":1,\"name\":\"Home\",\"item\":\"https:\/\/progettotouring.it\/radiotouring104\/\"},{\"@type\":\"ListItem\",\"position\":2,\"name\":\"Feste Mariane: Falcomat\u00e0 tra i portatori della Vara alla processione\"}]},{\"@type\":\"WebSite\",\"@id\":\"https:\/\/progettotouring.it\/radiotouring104\/#website\",\"url\":\"https:\/\/progettotouring.it\/radiotouring104\/\",\"name\":\"Radio Touring 104\",\"description\":\"La prima radio Reggina\",\"publisher\":{\"@id\":\"https:\/\/progettotouring.it\/radiotouring104\/#organization\"},\"potentialAction\":[{\"@type\":\"SearchAction\",\"target\":{\"@type\":\"EntryPoint\",\"urlTemplate\":\"https:\/\/progettotouring.it\/radiotouring104\/?s={search_term_string}\"},\"query-input\":{\"@type\":\"PropertyValueSpecification\",\"valueRequired\":true,\"valueName\":\"search_term_string\"}}],\"inLanguage\":\"it-IT\"},{\"@type\":\"Organization\",\"@id\":\"https:\/\/progettotouring.it\/radiotouring104\/#organization\",\"name\":\"Radio Touring 104\",\"url\":\"https:\/\/progettotouring.it\/radiotouring104\/\",\"logo\":{\"@type\":\"ImageObject\",\"inLanguage\":\"it-IT\",\"@id\":\"https:\/\/progettotouring.it\/radiotouring104\/#\/schema\/logo\/image\/\",\"url\":\"https:\/\/progettotouring.it\/radiotouring104\/wp-content\/uploads\/sites\/6\/2022\/02\/cropped-logo-radio-touring-104.png\",\"contentUrl\":\"https:\/\/progettotouring.it\/radiotouring104\/wp-content\/uploads\/sites\/6\/2022\/02\/cropped-logo-radio-touring-104.png\",\"width\":377,\"height\":182,\"caption\":\"Radio Touring 104\"},\"image\":{\"@id\":\"https:\/\/progettotouring.it\/radiotouring104\/#\/schema\/logo\/image\/\"}},{\"@type\":\"Person\",\"@id\":\"https:\/\/progettotouring.it\/radiotouring104\/#\/schema\/person\/78613917f1851f041f7483f5af1d422e\",\"name\":\"Sebastiano Plutino\",\"image\":{\"@type\":\"ImageObject\",\"inLanguage\":\"it-IT\",\"@id\":\"https:\/\/secure.gravatar.com\/avatar\/0546ffaa9b79224faf9f2a156b67a529ae861d3287c66c1d8ccfdf909bcba78d?s=96&d=mm&r=g\",\"url\":\"https:\/\/secure.gravatar.com\/avatar\/0546ffaa9b79224faf9f2a156b67a529ae861d3287c66c1d8ccfdf909bcba78d?s=96&d=mm&r=g\",\"contentUrl\":\"https:\/\/secure.gravatar.com\/avatar\/0546ffaa9b79224faf9f2a156b67a529ae861d3287c66c1d8ccfdf909bcba78d?s=96&d=mm&r=g\",\"caption\":\"Sebastiano Plutino\"},\"url\":\"https:\/\/progettotouring.it\/radiotouring104\/author\/sebastiano\/\"}]}<\/script>\n<!-- \/ Yoast SEO plugin. -->","yoast_head_json":{"title":"Feste Mariane: Falcomat\u00e0 tra i portatori della Vara alla processione","description":"\"Momento emozionante che mi onora tantissimo. Grazie all'Arcivescovo e ai Portatori\", ha dichiarato il Sindaco Falcomat\u00e0, dopo la processione","robots":{"index":"index","follow":"follow","max-snippet":"max-snippet:-1","max-image-preview":"max-image-preview:large","max-video-preview":"max-video-preview:-1"},"canonical":"https:\/\/progettotouring.it\/radiotouring104\/2024\/09\/18\/feste-mariane-falcomata-tra-i-portatori-della-vara-alla-processione\/","og_locale":"it_IT","og_type":"article","og_title":"Feste Mariane: Falcomat\u00e0 tra i portatori della Vara alla processione","og_description":"\"Momento emozionante che mi onora tantissimo. Grazie all'Arcivescovo e ai Portatori\", ha dichiarato il Sindaco Falcomat\u00e0, dopo la processione","og_url":"https:\/\/progettotouring.it\/radiotouring104\/2024\/09\/18\/feste-mariane-falcomata-tra-i-portatori-della-vara-alla-processione\/","og_site_name":"Radio Touring 104","article_published_time":"2024-09-18T10:58:22+00:00","article_modified_time":"2024-09-18T10:58:35+00:00","og_image":[{"width":2560,"height":1706,"url":"https:\/\/progettotouring.it\/radiotouring104\/wp-content\/uploads\/sites\/6\/2024\/09\/Falcomata-processione.jpeg","type":"image\/jpeg"}],"author":"Sebastiano Plutino","twitter_card":"summary_large_image","twitter_misc":{"Scritto da":"Sebastiano Plutino","Tempo di lettura stimato":"1 minuto"},"schema":{"@context":"https:\/\/schema.org","@graph":[{"@type":"Article","@id":"https:\/\/progettotouring.it\/radiotouring104\/2024\/09\/18\/feste-mariane-falcomata-tra-i-portatori-della-vara-alla-processione\/#article","isPartOf":{"@id":"https:\/\/progettotouring.it\/radiotouring104\/2024\/09\/18\/feste-mariane-falcomata-tra-i-portatori-della-vara-alla-processione\/"},"author":{"name":"Sebastiano Plutino","@id":"https:\/\/progettotouring.it\/radiotouring104\/#\/schema\/person\/78613917f1851f041f7483f5af1d422e"},"headline":"Feste Mariane: Falcomat\u00e0 tra i portatori della Vara alla processione","datePublished":"2024-09-18T10:58:22+00:00","dateModified":"2024-09-18T10:58:35+00:00","mainEntityOfPage":{"@id":"https:\/\/progettotouring.it\/radiotouring104\/2024\/09\/18\/feste-mariane-falcomata-tra-i-portatori-della-vara-alla-processione\/"},"wordCount":229,"publisher":{"@id":"https:\/\/progettotouring.it\/radiotouring104\/#organization"},"image":{"@id":"https:\/\/progettotouring.it\/radiotouring104\/2024\/09\/18\/feste-mariane-falcomata-tra-i-portatori-della-vara-alla-processione\/#primaryimage"},"thumbnailUrl":"https:\/\/progettotouring.it\/radiotouring104\/wp-content\/uploads\/sites\/6\/2024\/09\/Falcomata-processione.jpeg","keywords":["Falcomat\u00e0 Giuseppe","Falcomat\u00e0 tra i portatori della Vara","madonna della consolazione","processione"],"articleSection":["Home","News","Reggio Calabria"],"inLanguage":"it-IT"},{"@type":"WebPage","@id":"https:\/\/progettotouring.it\/radiotouring104\/2024\/09\/18\/feste-mariane-falcomata-tra-i-portatori-della-vara-alla-processione\/","url":"https:\/\/progettotouring.it\/radiotouring104\/2024\/09\/18\/feste-mariane-falcomata-tra-i-portatori-della-vara-alla-processione\/","name":"Feste Mariane: Falcomat\u00e0 tra i portatori della Vara alla processione","isPartOf":{"@id":"https:\/\/progettotouring.it\/radiotouring104\/#website"},"primaryImageOfPage":{"@id":"https:\/\/progettotouring.it\/radiotouring104\/2024\/09\/18\/feste-mariane-falcomata-tra-i-portatori-della-vara-alla-processione\/#primaryimage"},"image":{"@id":"https:\/\/progettotouring.it\/radiotouring104\/2024\/09\/18\/feste-mariane-falcomata-tra-i-portatori-della-vara-alla-processione\/#primaryimage"},"thumbnailUrl":"https:\/\/progettotouring.it\/radiotouring104\/wp-content\/uploads\/sites\/6\/2024\/09\/Falcomata-processione.jpeg","datePublished":"2024-09-18T10:58:22+00:00","dateModified":"2024-09-18T10:58:35+00:00","description":"\"Momento emozionante che mi onora tantissimo. Grazie all'Arcivescovo e ai Portatori\", ha dichiarato il Sindaco Falcomat\u00e0, dopo la processione","breadcrumb":{"@id":"https:\/\/progettotouring.it\/radiotouring104\/2024\/09\/18\/feste-mariane-falcomata-tra-i-portatori-della-vara-alla-processione\/#breadcrumb"},"inLanguage":"it-IT","potentialAction":[{"@type":"ReadAction","target":["https:\/\/progettotouring.it\/radiotouring104\/2024\/09\/18\/feste-mariane-falcomata-tra-i-portatori-della-vara-alla-processione\/"]}]},{"@type":"ImageObject","inLanguage":"it-IT","@id":"https:\/\/progettotouring.it\/radiotouring104\/2024\/09\/18\/feste-mariane-falcomata-tra-i-portatori-della-vara-alla-processione\/#primaryimage","url":"https:\/\/progettotouring.it\/radiotouring104\/wp-content\/uploads\/sites\/6\/2024\/09\/Falcomata-processione.jpeg","contentUrl":"https:\/\/progettotouring.it\/radiotouring104\/wp-content\/uploads\/sites\/6\/2024\/09\/Falcomata-processione.jpeg","width":2560,"height":1706},{"@type":"BreadcrumbList","@id":"https:\/\/progettotouring.it\/radiotouring104\/2024\/09\/18\/feste-mariane-falcomata-tra-i-portatori-della-vara-alla-processione\/#breadcrumb","itemListElement":[{"@type":"ListItem","position":1,"name":"Home","item":"https:\/\/progettotouring.it\/radiotouring104\/"},{"@type":"ListItem","position":2,"name":"Feste Mariane: Falcomat\u00e0 tra i portatori della Vara alla processione"}]},{"@type":"WebSite","@id":"https:\/\/progettotouring.it\/radiotouring104\/#website","url":"https:\/\/progettotouring.it\/radiotouring104\/","name":"Radio Touring 104","description":"La prima radio Reggina","publisher":{"@id":"https:\/\/progettotouring.it\/radiotouring104\/#organization"},"potentialAction":[{"@type":"SearchAction","target":{"@type":"EntryPoint","urlTemplate":"https:\/\/progettotouring.it\/radiotouring104\/?s={search_term_string}"},"query-input":{"@type":"PropertyValueSpecification","valueRequired":true,"valueName":"search_term_string"}}],"inLanguage":"it-IT"},{"@type":"Organization","@id":"https:\/\/progettotouring.it\/radiotouring104\/#organization","name":"Radio Touring 104","url":"https:\/\/progettotouring.it\/radiotouring104\/","logo":{"@type":"ImageObject","inLanguage":"it-IT","@id":"https:\/\/progettotouring.it\/radiotouring104\/#\/schema\/logo\/image\/","url":"https:\/\/progettotouring.it\/radiotouring104\/wp-content\/uploads\/sites\/6\/2022\/02\/cropped-logo-radio-touring-104.png","contentUrl":"https:\/\/progettotouring.it\/radiotouring104\/wp-content\/uploads\/sites\/6\/2022\/02\/cropped-logo-radio-touring-104.png","width":377,"height":182,"caption":"Radio Touring 104"},"image":{"@id":"https:\/\/progettotouring.it\/radiotouring104\/#\/schema\/logo\/image\/"}},{"@type":"Person","@id":"https:\/\/progettotouring.it\/radiotouring104\/#\/schema\/person\/78613917f1851f041f7483f5af1d422e","name":"Sebastiano Plutino","image":{"@type":"ImageObject","inLanguage":"it-IT","@id":"https:\/\/secure.gravatar.com\/avatar\/0546ffaa9b79224faf9f2a156b67a529ae861d3287c66c1d8ccfdf909bcba78d?s=96&d=mm&r=g","url":"https:\/\/secure.gravatar.com\/avatar\/0546ffaa9b79224faf9f2a156b67a529ae861d3287c66c1d8ccfdf909bcba78d?s=96&d=mm&r=g","contentUrl":"https:\/\/secure.gravatar.com\/avatar\/0546ffaa9b79224faf9f2a156b67a529ae861d3287c66c1d8ccfdf909bcba78d?s=96&d=mm&r=g","caption":"Sebastiano Plutino"},"url":"https:\/\/progettotouring.it\/radiotouring104\/author\/sebastiano\/"}]}},"jetpack_publicize_connections":[],"jetpack_featured_media_url":"https:\/\/progettotouring.it\/radiotouring104\/wp-content\/uploads\/sites\/6\/2024\/09\/Falcomata-processione.jpeg","jetpack_sharing_enabled":true,"_links":{"self":[{"href":"https:\/\/progettotouring.it\/radiotouring104\/wp-json\/wp\/v2\/posts\/57967","targetHints":{"allow":["GET"]}}],"collection":[{"href":"https:\/\/progettotouring.it\/radiotouring104\/wp-json\/wp\/v2\/posts"}],"about":[{"href":"https:\/\/progettotouring.it\/radiotouring104\/wp-json\/wp\/v2\/types\/post"}],"author":[{"embeddable":true,"href":"https:\/\/progettotouring.it\/radiotouring104\/wp-json\/wp\/v2\/users\/12"}],"replies":[{"embeddable":true,"href":"https:\/\/progettotouring.it\/radiotouring104\/wp-json\/wp\/v2\/comments?post=57967"}],"version-history":[{"count":3,"href":"https:\/\/progettotouring.it\/radiotouring104\/wp-json\/wp\/v2\/posts\/57967\/revisions"}],"predecessor-version":[{"id":57971,"href":"https:\/\/progettotouring.it\/radiotouring104\/wp-json\/wp\/v2\/posts\/57967\/revisions\/57971"}],"wp:featuredmedia":[{"embeddable":true,"href":"https:\/\/progettotouring.it\/radiotouring104\/wp-json\/wp\/v2\/media\/57969"}],"wp:attachment":[{"href":"https:\/\/progettotouring.it\/radiotouring104\/wp-json\/wp\/v2\/media?parent=57967"}],"wp:term":[{"taxonomy":"category","embeddable":true,"href":"https:\/\/progettotouring.it\/radiotouring104\/wp-json\/wp\/v2\/categories?post=57967"},{"taxonomy":"post_tag","embeddable":true,"href":"https:\/\/progettotouring.it\/radiotouring104\/wp-json\/wp\/v2\/tags?post=57967"}],"curies":[{"name":"wp","href":"https:\/\/api.w.org\/{rel}","templated":true}]}}