{"id":57972,"date":"2024-09-18T17:21:37","date_gmt":"2024-09-18T15:21:37","guid":{"rendered":"https:\/\/progettotouring.it\/radiotouring104\/?p=57972"},"modified":"2024-09-18T17:21:37","modified_gmt":"2024-09-18T15:21:37","slug":"presentazione-ufficiale-progetto-audiovisivo-un-nuovo-volto-per-polsi","status":"publish","type":"post","link":"https:\/\/progettotouring.it\/radiotouring104\/2024\/09\/18\/presentazione-ufficiale-progetto-audiovisivo-un-nuovo-volto-per-polsi\/","title":{"rendered":"Presentazione ufficiale progetto audiovisivo &#8220;Un nuovo volto per Polsi&#8221;"},"content":{"rendered":"<p>Nell&#8217;ambito delle iniziative finalizzate a far conoscere ai ragazzi il valore culturale e religioso del Santuario Mariano, situato nel cuore del Parco Nazionale dell\u2019Aspromonte, modificando quella narrazione diffusa che attenziona gli aspetti connessi all\u2019organizzazione nel sito di incontri dei vertici della criminalit\u00e0, nella mattinata odierna, presso la Sala Conferenze del Santuario della Madonna di Polsi, si \u00e8 tenuto un incontro per la presentazione ufficiale del progetto audiovisivo \u201c<em>Un nuovo volto per Polsi<\/em>\u201d, realizzato degli alunni dell\u2019Istituto Comprensivo \u201cF. Pentimalli\u201d di Gioia Tauro.<\/p>\n<p>All\u2019evento erano presenti il Prefetto di Reggio Calabria, Clara Vaccaro, il Vescovo della Diocesi di Locri-Gerace, Mons. Francesco Oliva, il Procuratore della Repubblica di Locri, Giuseppe Casciaro, il Procuratore della Repubblica f.f. di Reggio Calabria, Giuseppe Lombardo, il Questore, Salvatore La Rosa, il Comandante Provinciale dei Carabinieri, Gen. Cesario Totaro, il Comandante Provinciale della Guardia di Finanza, Col. Agostino Tortora, il Rettore del Santuario, Don Tonino Saraco, il Commissario Prefettizio del Comune di San Luca, Rosario Fusaro, il Dirigente scolastico, Domenico Pirrotta, la regista del <em>docufilm<\/em>, Angelica Artemisia Pedatella, la Responsabile del Progetto \u201c<em>Alla scoperta del volto di Polsi<\/em>\u201d, Francesca Moricca.<\/p>\n<p>Il video realizzato \u00e8 il frutto di una preziosa attivit\u00e0 di approfondimento storico e di scoperta delle radici e dell\u2019identit\u00e0 del luogo da parte degli alunni che, con grande entusiasmo, si sono impegnati a restituire dignit\u00e0 storica e culturale ad una realt\u00e0 cos\u00ec complessa, dimostrando di voler costruire un futuro scevro dalla presenza opprimente della \u2018ndrangheta.<\/p>\n<p>Il <em>docufilm<\/em>, proiettato durante l\u2019evento, ha rafforzato la consapevolezza delle nuove generazioni dell\u2019importanza di valorizzare il patrimonio culturale calabrese, in un\u2019ottica di riscatto e di affermazione della legalit\u00e0.<\/p>\n<p>&nbsp;<\/p>\n","protected":false},"excerpt":{"rendered":"<p>Nell&#8217;ambito delle iniziative finalizzate a far conoscere ai ragazzi il valore culturale e religioso del Santuario Mariano, situato nel cuore del Parco Nazionale dell\u2019Aspromonte, modificando quella narrazione diffusa che attenziona&hellip;<\/p>\n","protected":false},"author":19,"featured_media":53540,"comment_status":"closed","ping_status":"open","sticky":false,"template":"","format":"standard","meta":{"_jetpack_memberships_contains_paid_content":false,"footnotes":"","jetpack_publicize_message":"","jetpack_publicize_feature_enabled":true,"jetpack_social_post_already_shared":false,"jetpack_social_options":{"image_generator_settings":{"template":"highway","default_image_id":0,"font":"","enabled":false},"version":2}},"categories":[142,145,921,196],"tags":[],"class_list":["post-57972","post","type-post","status-publish","format-standard","has-post-thumbnail","hentry","category-calabria","category-cultura","category-home","category-news"],"yoast_head":"<!-- This site is optimized with the Yoast SEO plugin v27.2 - https:\/\/yoast.com\/product\/yoast-seo-wordpress\/ -->\n<title>Presentazione ufficiale progetto audiovisivo &quot;Un nuovo volto per Polsi&quot; - Radio Touring 104<\/title>\n<meta name=\"description\" content=\"All&#039;evento, tra gli altri, presente il Prefetto di Reggio Calabria\" \/>\n<meta name=\"robots\" content=\"index, follow, max-snippet:-1, max-image-preview:large, max-video-preview:-1\" \/>\n<link rel=\"canonical\" href=\"https:\/\/progettotouring.it\/radiotouring104\/2024\/09\/18\/presentazione-ufficiale-progetto-audiovisivo-un-nuovo-volto-per-polsi\/\" \/>\n<meta property=\"og:locale\" content=\"it_IT\" \/>\n<meta property=\"og:type\" content=\"article\" \/>\n<meta property=\"og:title\" content=\"Presentazione ufficiale progetto audiovisivo &quot;Un nuovo volto per Polsi&quot; - Radio Touring 104\" \/>\n<meta property=\"og:description\" content=\"All&#039;evento, tra gli altri, presente il Prefetto di Reggio Calabria\" \/>\n<meta property=\"og:url\" content=\"https:\/\/progettotouring.it\/radiotouring104\/2024\/09\/18\/presentazione-ufficiale-progetto-audiovisivo-un-nuovo-volto-per-polsi\/\" \/>\n<meta property=\"og:site_name\" content=\"Radio Touring 104\" \/>\n<meta property=\"article:published_time\" content=\"2024-09-18T15:21:37+00:00\" \/>\n<meta property=\"og:image\" content=\"https:\/\/progettotouring.it\/radiotouring104\/wp-content\/uploads\/sites\/6\/2024\/06\/Santuario-Polsi.jpg\" \/>\n\t<meta property=\"og:image:width\" content=\"800\" \/>\n\t<meta property=\"og:image:height\" content=\"603\" \/>\n\t<meta property=\"og:image:type\" content=\"image\/jpeg\" \/>\n<meta name=\"author\" content=\"S L\" \/>\n<meta name=\"twitter:card\" content=\"summary_large_image\" \/>\n<meta name=\"twitter:label1\" content=\"Scritto da\" \/>\n\t<meta name=\"twitter:data1\" content=\"S L\" \/>\n\t<meta name=\"twitter:label2\" content=\"Tempo di lettura stimato\" \/>\n\t<meta name=\"twitter:data2\" content=\"1 minuto\" \/>\n<script type=\"application\/ld+json\" class=\"yoast-schema-graph\">{\"@context\":\"https:\/\/schema.org\",\"@graph\":[{\"@type\":\"Article\",\"@id\":\"https:\/\/progettotouring.it\/radiotouring104\/2024\/09\/18\/presentazione-ufficiale-progetto-audiovisivo-un-nuovo-volto-per-polsi\/#article\",\"isPartOf\":{\"@id\":\"https:\/\/progettotouring.it\/radiotouring104\/2024\/09\/18\/presentazione-ufficiale-progetto-audiovisivo-un-nuovo-volto-per-polsi\/\"},\"author\":{\"name\":\"S L\",\"@id\":\"https:\/\/progettotouring.it\/radiotouring104\/#\/schema\/person\/b9f9c3730b0a78814c9b9f3bfc52c619\"},\"headline\":\"Presentazione ufficiale progetto audiovisivo &#8220;Un nuovo volto per Polsi&#8221;\",\"datePublished\":\"2024-09-18T15:21:37+00:00\",\"mainEntityOfPage\":{\"@id\":\"https:\/\/progettotouring.it\/radiotouring104\/2024\/09\/18\/presentazione-ufficiale-progetto-audiovisivo-un-nuovo-volto-per-polsi\/\"},\"wordCount\":284,\"publisher\":{\"@id\":\"https:\/\/progettotouring.it\/radiotouring104\/#organization\"},\"image\":{\"@id\":\"https:\/\/progettotouring.it\/radiotouring104\/2024\/09\/18\/presentazione-ufficiale-progetto-audiovisivo-un-nuovo-volto-per-polsi\/#primaryimage\"},\"thumbnailUrl\":\"https:\/\/progettotouring.it\/radiotouring104\/wp-content\/uploads\/sites\/6\/2024\/06\/Santuario-Polsi.jpg\",\"articleSection\":[\"Calabria\",\"Cultura\",\"Home\",\"News\"],\"inLanguage\":\"it-IT\"},{\"@type\":\"WebPage\",\"@id\":\"https:\/\/progettotouring.it\/radiotouring104\/2024\/09\/18\/presentazione-ufficiale-progetto-audiovisivo-un-nuovo-volto-per-polsi\/\",\"url\":\"https:\/\/progettotouring.it\/radiotouring104\/2024\/09\/18\/presentazione-ufficiale-progetto-audiovisivo-un-nuovo-volto-per-polsi\/\",\"name\":\"Presentazione ufficiale progetto audiovisivo \\\"Un nuovo volto per Polsi\\\" - Radio Touring 104\",\"isPartOf\":{\"@id\":\"https:\/\/progettotouring.it\/radiotouring104\/#website\"},\"primaryImageOfPage\":{\"@id\":\"https:\/\/progettotouring.it\/radiotouring104\/2024\/09\/18\/presentazione-ufficiale-progetto-audiovisivo-un-nuovo-volto-per-polsi\/#primaryimage\"},\"image\":{\"@id\":\"https:\/\/progettotouring.it\/radiotouring104\/2024\/09\/18\/presentazione-ufficiale-progetto-audiovisivo-un-nuovo-volto-per-polsi\/#primaryimage\"},\"thumbnailUrl\":\"https:\/\/progettotouring.it\/radiotouring104\/wp-content\/uploads\/sites\/6\/2024\/06\/Santuario-Polsi.jpg\",\"datePublished\":\"2024-09-18T15:21:37+00:00\",\"description\":\"All'evento, tra gli altri, presente il Prefetto di Reggio Calabria\",\"breadcrumb\":{\"@id\":\"https:\/\/progettotouring.it\/radiotouring104\/2024\/09\/18\/presentazione-ufficiale-progetto-audiovisivo-un-nuovo-volto-per-polsi\/#breadcrumb\"},\"inLanguage\":\"it-IT\",\"potentialAction\":[{\"@type\":\"ReadAction\",\"target\":[\"https:\/\/progettotouring.it\/radiotouring104\/2024\/09\/18\/presentazione-ufficiale-progetto-audiovisivo-un-nuovo-volto-per-polsi\/\"]}]},{\"@type\":\"ImageObject\",\"inLanguage\":\"it-IT\",\"@id\":\"https:\/\/progettotouring.it\/radiotouring104\/2024\/09\/18\/presentazione-ufficiale-progetto-audiovisivo-un-nuovo-volto-per-polsi\/#primaryimage\",\"url\":\"https:\/\/progettotouring.it\/radiotouring104\/wp-content\/uploads\/sites\/6\/2024\/06\/Santuario-Polsi.jpg\",\"contentUrl\":\"https:\/\/progettotouring.it\/radiotouring104\/wp-content\/uploads\/sites\/6\/2024\/06\/Santuario-Polsi.jpg\",\"width\":800,\"height\":603},{\"@type\":\"BreadcrumbList\",\"@id\":\"https:\/\/progettotouring.it\/radiotouring104\/2024\/09\/18\/presentazione-ufficiale-progetto-audiovisivo-un-nuovo-volto-per-polsi\/#breadcrumb\",\"itemListElement\":[{\"@type\":\"ListItem\",\"position\":1,\"name\":\"Home\",\"item\":\"https:\/\/progettotouring.it\/radiotouring104\/\"},{\"@type\":\"ListItem\",\"position\":2,\"name\":\"Presentazione ufficiale progetto audiovisivo &#8220;Un nuovo volto per Polsi&#8221;\"}]},{\"@type\":\"WebSite\",\"@id\":\"https:\/\/progettotouring.it\/radiotouring104\/#website\",\"url\":\"https:\/\/progettotouring.it\/radiotouring104\/\",\"name\":\"Radio Touring 104\",\"description\":\"La prima radio Reggina\",\"publisher\":{\"@id\":\"https:\/\/progettotouring.it\/radiotouring104\/#organization\"},\"potentialAction\":[{\"@type\":\"SearchAction\",\"target\":{\"@type\":\"EntryPoint\",\"urlTemplate\":\"https:\/\/progettotouring.it\/radiotouring104\/?s={search_term_string}\"},\"query-input\":{\"@type\":\"PropertyValueSpecification\",\"valueRequired\":true,\"valueName\":\"search_term_string\"}}],\"inLanguage\":\"it-IT\"},{\"@type\":\"Organization\",\"@id\":\"https:\/\/progettotouring.it\/radiotouring104\/#organization\",\"name\":\"Radio Touring 104\",\"url\":\"https:\/\/progettotouring.it\/radiotouring104\/\",\"logo\":{\"@type\":\"ImageObject\",\"inLanguage\":\"it-IT\",\"@id\":\"https:\/\/progettotouring.it\/radiotouring104\/#\/schema\/logo\/image\/\",\"url\":\"https:\/\/progettotouring.it\/radiotouring104\/wp-content\/uploads\/sites\/6\/2022\/02\/cropped-logo-radio-touring-104.png\",\"contentUrl\":\"https:\/\/progettotouring.it\/radiotouring104\/wp-content\/uploads\/sites\/6\/2022\/02\/cropped-logo-radio-touring-104.png\",\"width\":377,\"height\":182,\"caption\":\"Radio Touring 104\"},\"image\":{\"@id\":\"https:\/\/progettotouring.it\/radiotouring104\/#\/schema\/logo\/image\/\"}},{\"@type\":\"Person\",\"@id\":\"https:\/\/progettotouring.it\/radiotouring104\/#\/schema\/person\/b9f9c3730b0a78814c9b9f3bfc52c619\",\"name\":\"S L\",\"image\":{\"@type\":\"ImageObject\",\"inLanguage\":\"it-IT\",\"@id\":\"https:\/\/secure.gravatar.com\/avatar\/652c51789d7030aaed9ff828331360502a68204fe6fb0831bc280515210e16d2?s=96&d=mm&r=g\",\"url\":\"https:\/\/secure.gravatar.com\/avatar\/652c51789d7030aaed9ff828331360502a68204fe6fb0831bc280515210e16d2?s=96&d=mm&r=g\",\"contentUrl\":\"https:\/\/secure.gravatar.com\/avatar\/652c51789d7030aaed9ff828331360502a68204fe6fb0831bc280515210e16d2?s=96&d=mm&r=g\",\"caption\":\"S L\"},\"url\":\"https:\/\/progettotouring.it\/radiotouring104\/author\/slibri\/\"}]}<\/script>\n<!-- \/ Yoast SEO plugin. -->","yoast_head_json":{"title":"Presentazione ufficiale progetto audiovisivo \"Un nuovo volto per Polsi\" - Radio Touring 104","description":"All'evento, tra gli altri, presente il Prefetto di Reggio Calabria","robots":{"index":"index","follow":"follow","max-snippet":"max-snippet:-1","max-image-preview":"max-image-preview:large","max-video-preview":"max-video-preview:-1"},"canonical":"https:\/\/progettotouring.it\/radiotouring104\/2024\/09\/18\/presentazione-ufficiale-progetto-audiovisivo-un-nuovo-volto-per-polsi\/","og_locale":"it_IT","og_type":"article","og_title":"Presentazione ufficiale progetto audiovisivo \"Un nuovo volto per Polsi\" - Radio Touring 104","og_description":"All'evento, tra gli altri, presente il Prefetto di Reggio Calabria","og_url":"https:\/\/progettotouring.it\/radiotouring104\/2024\/09\/18\/presentazione-ufficiale-progetto-audiovisivo-un-nuovo-volto-per-polsi\/","og_site_name":"Radio Touring 104","article_published_time":"2024-09-18T15:21:37+00:00","og_image":[{"width":800,"height":603,"url":"https:\/\/progettotouring.it\/radiotouring104\/wp-content\/uploads\/sites\/6\/2024\/06\/Santuario-Polsi.jpg","type":"image\/jpeg"}],"author":"S L","twitter_card":"summary_large_image","twitter_misc":{"Scritto da":"S L","Tempo di lettura stimato":"1 minuto"},"schema":{"@context":"https:\/\/schema.org","@graph":[{"@type":"Article","@id":"https:\/\/progettotouring.it\/radiotouring104\/2024\/09\/18\/presentazione-ufficiale-progetto-audiovisivo-un-nuovo-volto-per-polsi\/#article","isPartOf":{"@id":"https:\/\/progettotouring.it\/radiotouring104\/2024\/09\/18\/presentazione-ufficiale-progetto-audiovisivo-un-nuovo-volto-per-polsi\/"},"author":{"name":"S L","@id":"https:\/\/progettotouring.it\/radiotouring104\/#\/schema\/person\/b9f9c3730b0a78814c9b9f3bfc52c619"},"headline":"Presentazione ufficiale progetto audiovisivo &#8220;Un nuovo volto per Polsi&#8221;","datePublished":"2024-09-18T15:21:37+00:00","mainEntityOfPage":{"@id":"https:\/\/progettotouring.it\/radiotouring104\/2024\/09\/18\/presentazione-ufficiale-progetto-audiovisivo-un-nuovo-volto-per-polsi\/"},"wordCount":284,"publisher":{"@id":"https:\/\/progettotouring.it\/radiotouring104\/#organization"},"image":{"@id":"https:\/\/progettotouring.it\/radiotouring104\/2024\/09\/18\/presentazione-ufficiale-progetto-audiovisivo-un-nuovo-volto-per-polsi\/#primaryimage"},"thumbnailUrl":"https:\/\/progettotouring.it\/radiotouring104\/wp-content\/uploads\/sites\/6\/2024\/06\/Santuario-Polsi.jpg","articleSection":["Calabria","Cultura","Home","News"],"inLanguage":"it-IT"},{"@type":"WebPage","@id":"https:\/\/progettotouring.it\/radiotouring104\/2024\/09\/18\/presentazione-ufficiale-progetto-audiovisivo-un-nuovo-volto-per-polsi\/","url":"https:\/\/progettotouring.it\/radiotouring104\/2024\/09\/18\/presentazione-ufficiale-progetto-audiovisivo-un-nuovo-volto-per-polsi\/","name":"Presentazione ufficiale progetto audiovisivo \"Un nuovo volto per Polsi\" - Radio Touring 104","isPartOf":{"@id":"https:\/\/progettotouring.it\/radiotouring104\/#website"},"primaryImageOfPage":{"@id":"https:\/\/progettotouring.it\/radiotouring104\/2024\/09\/18\/presentazione-ufficiale-progetto-audiovisivo-un-nuovo-volto-per-polsi\/#primaryimage"},"image":{"@id":"https:\/\/progettotouring.it\/radiotouring104\/2024\/09\/18\/presentazione-ufficiale-progetto-audiovisivo-un-nuovo-volto-per-polsi\/#primaryimage"},"thumbnailUrl":"https:\/\/progettotouring.it\/radiotouring104\/wp-content\/uploads\/sites\/6\/2024\/06\/Santuario-Polsi.jpg","datePublished":"2024-09-18T15:21:37+00:00","description":"All'evento, tra gli altri, presente il Prefetto di Reggio Calabria","breadcrumb":{"@id":"https:\/\/progettotouring.it\/radiotouring104\/2024\/09\/18\/presentazione-ufficiale-progetto-audiovisivo-un-nuovo-volto-per-polsi\/#breadcrumb"},"inLanguage":"it-IT","potentialAction":[{"@type":"ReadAction","target":["https:\/\/progettotouring.it\/radiotouring104\/2024\/09\/18\/presentazione-ufficiale-progetto-audiovisivo-un-nuovo-volto-per-polsi\/"]}]},{"@type":"ImageObject","inLanguage":"it-IT","@id":"https:\/\/progettotouring.it\/radiotouring104\/2024\/09\/18\/presentazione-ufficiale-progetto-audiovisivo-un-nuovo-volto-per-polsi\/#primaryimage","url":"https:\/\/progettotouring.it\/radiotouring104\/wp-content\/uploads\/sites\/6\/2024\/06\/Santuario-Polsi.jpg","contentUrl":"https:\/\/progettotouring.it\/radiotouring104\/wp-content\/uploads\/sites\/6\/2024\/06\/Santuario-Polsi.jpg","width":800,"height":603},{"@type":"BreadcrumbList","@id":"https:\/\/progettotouring.it\/radiotouring104\/2024\/09\/18\/presentazione-ufficiale-progetto-audiovisivo-un-nuovo-volto-per-polsi\/#breadcrumb","itemListElement":[{"@type":"ListItem","position":1,"name":"Home","item":"https:\/\/progettotouring.it\/radiotouring104\/"},{"@type":"ListItem","position":2,"name":"Presentazione ufficiale progetto audiovisivo &#8220;Un nuovo volto per Polsi&#8221;"}]},{"@type":"WebSite","@id":"https:\/\/progettotouring.it\/radiotouring104\/#website","url":"https:\/\/progettotouring.it\/radiotouring104\/","name":"Radio Touring 104","description":"La prima radio Reggina","publisher":{"@id":"https:\/\/progettotouring.it\/radiotouring104\/#organization"},"potentialAction":[{"@type":"SearchAction","target":{"@type":"EntryPoint","urlTemplate":"https:\/\/progettotouring.it\/radiotouring104\/?s={search_term_string}"},"query-input":{"@type":"PropertyValueSpecification","valueRequired":true,"valueName":"search_term_string"}}],"inLanguage":"it-IT"},{"@type":"Organization","@id":"https:\/\/progettotouring.it\/radiotouring104\/#organization","name":"Radio Touring 104","url":"https:\/\/progettotouring.it\/radiotouring104\/","logo":{"@type":"ImageObject","inLanguage":"it-IT","@id":"https:\/\/progettotouring.it\/radiotouring104\/#\/schema\/logo\/image\/","url":"https:\/\/progettotouring.it\/radiotouring104\/wp-content\/uploads\/sites\/6\/2022\/02\/cropped-logo-radio-touring-104.png","contentUrl":"https:\/\/progettotouring.it\/radiotouring104\/wp-content\/uploads\/sites\/6\/2022\/02\/cropped-logo-radio-touring-104.png","width":377,"height":182,"caption":"Radio Touring 104"},"image":{"@id":"https:\/\/progettotouring.it\/radiotouring104\/#\/schema\/logo\/image\/"}},{"@type":"Person","@id":"https:\/\/progettotouring.it\/radiotouring104\/#\/schema\/person\/b9f9c3730b0a78814c9b9f3bfc52c619","name":"S L","image":{"@type":"ImageObject","inLanguage":"it-IT","@id":"https:\/\/secure.gravatar.com\/avatar\/652c51789d7030aaed9ff828331360502a68204fe6fb0831bc280515210e16d2?s=96&d=mm&r=g","url":"https:\/\/secure.gravatar.com\/avatar\/652c51789d7030aaed9ff828331360502a68204fe6fb0831bc280515210e16d2?s=96&d=mm&r=g","contentUrl":"https:\/\/secure.gravatar.com\/avatar\/652c51789d7030aaed9ff828331360502a68204fe6fb0831bc280515210e16d2?s=96&d=mm&r=g","caption":"S L"},"url":"https:\/\/progettotouring.it\/radiotouring104\/author\/slibri\/"}]}},"jetpack_publicize_connections":[],"jetpack_featured_media_url":"https:\/\/progettotouring.it\/radiotouring104\/wp-content\/uploads\/sites\/6\/2024\/06\/Santuario-Polsi.jpg","jetpack_sharing_enabled":true,"_links":{"self":[{"href":"https:\/\/progettotouring.it\/radiotouring104\/wp-json\/wp\/v2\/posts\/57972","targetHints":{"allow":["GET"]}}],"collection":[{"href":"https:\/\/progettotouring.it\/radiotouring104\/wp-json\/wp\/v2\/posts"}],"about":[{"href":"https:\/\/progettotouring.it\/radiotouring104\/wp-json\/wp\/v2\/types\/post"}],"author":[{"embeddable":true,"href":"https:\/\/progettotouring.it\/radiotouring104\/wp-json\/wp\/v2\/users\/19"}],"replies":[{"embeddable":true,"href":"https:\/\/progettotouring.it\/radiotouring104\/wp-json\/wp\/v2\/comments?post=57972"}],"version-history":[{"count":1,"href":"https:\/\/progettotouring.it\/radiotouring104\/wp-json\/wp\/v2\/posts\/57972\/revisions"}],"predecessor-version":[{"id":57973,"href":"https:\/\/progettotouring.it\/radiotouring104\/wp-json\/wp\/v2\/posts\/57972\/revisions\/57973"}],"wp:featuredmedia":[{"embeddable":true,"href":"https:\/\/progettotouring.it\/radiotouring104\/wp-json\/wp\/v2\/media\/53540"}],"wp:attachment":[{"href":"https:\/\/progettotouring.it\/radiotouring104\/wp-json\/wp\/v2\/media?parent=57972"}],"wp:term":[{"taxonomy":"category","embeddable":true,"href":"https:\/\/progettotouring.it\/radiotouring104\/wp-json\/wp\/v2\/categories?post=57972"},{"taxonomy":"post_tag","embeddable":true,"href":"https:\/\/progettotouring.it\/radiotouring104\/wp-json\/wp\/v2\/tags?post=57972"}],"curies":[{"name":"wp","href":"https:\/\/api.w.org\/{rel}","templated":true}]}}