{"id":58078,"date":"2024-09-20T11:30:44","date_gmt":"2024-09-20T09:30:44","guid":{"rendered":"https:\/\/progettotouring.it\/radiotouring104\/?p=58078"},"modified":"2024-09-20T14:25:35","modified_gmt":"2024-09-20T12:25:35","slug":"righi-boccioni-fermi-inaugurato-il-polo-tecnico-professionale","status":"publish","type":"post","link":"https:\/\/progettotouring.it\/radiotouring104\/2024\/09\/20\/righi-boccioni-fermi-inaugurato-il-polo-tecnico-professionale\/","title":{"rendered":"All&#8217;Arena dello Stretto l&#8217;inaugurazione del nuovo polo Tecnico Professionale &#8220;Righi Boccioni Fermi&#8221;"},"content":{"rendered":"<p style=\"text-align: justify;\"><strong>Inaugurato questa mattina<\/strong>, all&#8217;Arena dello Stretto, sul Lungomare &#8220;Italo Falcomat\u00e0&#8221;,<strong> il Polo Tecnico Professionale dell&#8217;Istituto scolastico &#8220;Righi Boccioni Fermi&#8221;,<\/strong> in un clima di grande entusiasmo e condivisione.<\/p>\n<p style=\"text-align: justify;\"><strong>A tagliare il nastro<\/strong>, stamattina alle ore 9,<strong> alla presenza del Sindaco Falcomat\u00e0 e l&#8217;assessora regionale Capponi,<\/strong> autorit\u00e0 militari e religiose, nonch\u00e9 di studenti e docenti,<strong> \u00e8 stata la Dirigente Anna Maria Cama.<\/strong><\/p>\n<p style=\"text-align: justify;\">Il Polo professionale inaugurato rapppresenta una vera e propria innovazione, voluta dal Ministro dell\u2019Istruzione e del Merito<strong> Giuseppe Valditara<\/strong>, il quale ha sottolineato come attraverso la filiera tecnico-professionale si costruisce<em> \u201cun canale di istruzione di serie A, in grado di dare <strong>una solida formazione ai nostri ragazzi<\/strong>, secondo programmi fortemente innovativi, che assicureranno competenze teoriche e pratiche di qualit\u00e0, anche grazie al contributo delle imprese\u201d.<\/em><\/p>\n<p style=\"text-align: justify;\">Una grande opportunit\u00e0 formativa, dunque, che si concretizza attraverso i<strong>l Polo Tecnico &#8211; Professionale<\/strong> Righi-Boccioni- Fermi che apre le porte alla citt\u00e0 e alla provincia tutta <strong>per offrire a studentesse e studenti una significativa opportunit\u00e0 formativa che aprir\u00e0 loro le porte nel mondo del lavoro<\/strong> in un quadro di formazione professionale europea.<\/p>\n<p style=\"text-align: justify;\"><strong>Ospite d\u2019onore<\/strong> dell&#8217;inaugurazione<strong> \u00e8 stato l\u2019artista Mimmo Cavallaro a cui \u00e8 stato consegnato il<\/strong> \u201cpremio passione\u201d.<\/p>\n<p style=\"text-align: justify;\">Un premio, come ha sottolineato la dirigente Anna Maria Cama<em>, \u201cche esprime in modo chiaro e diretto come e quanto nella vita bisogna lasciarsi abbracciare dalle passioni, da questo motore silenzioso e forte che muove le corde dell\u2019animo\u201d.<\/em><\/p>\n<p style=\"text-align: justify;\">L&#8217;artista Cavallaro, un esempio di chi ha seguito il cuore, rappresenta un modello per gli studenti i quali, oggi pi\u00f9 che mai, si devono lasciare trasportare dalle proprie inclinazioni per sentirsi realizzati.<\/p>\n<p style=\"text-align: justify;\">L\u2019Arena dello Stretto, popolata da numerosi studenti e docenti, solida cornice lungo il chilometro pi\u00f9 bello d\u2019Italia affermer\u00e0 come ciascuno, attraverso l\u2019amore per lo studio, potr\u00e0 pensare, progettare e costruire un mondo migliore.<\/p>\n","protected":false},"excerpt":{"rendered":"<p>Inaugurato questa mattina, all&#8217;Arena dello Stretto, sul Lungomare &#8220;Italo Falcomat\u00e0&#8221;, il Polo Tecnico Professionale dell&#8217;Istituto scolastico &#8220;Righi Boccioni Fermi&#8221;, in un clima di grande entusiasmo e condivisione. A tagliare il&hellip;<\/p>\n","protected":false},"author":12,"featured_media":58081,"comment_status":"closed","ping_status":"open","sticky":false,"template":"","format":"standard","meta":{"_jetpack_memberships_contains_paid_content":false,"footnotes":"","jetpack_publicize_message":"","jetpack_publicize_feature_enabled":true,"jetpack_social_post_already_shared":false,"jetpack_social_options":{"image_generator_settings":{"template":"highway","default_image_id":0,"font":"","enabled":false},"version":2}},"categories":[921,150,196,140],"tags":[247,3737,30465,35581,11671,35590],"class_list":["post-58078","post","type-post","status-publish","format-standard","has-post-thumbnail","hentry","category-home","category-in-primo-piano","category-news","category-reggio-calabria","tag-anna-maria-cama","tag-caterina-capponi","tag-falcomata-giuseppe","tag-inaugurato-polo-professionale","tag-mimmo-cavallaro","tag-righi-boccioni-fermi"],"yoast_head":"<!-- This site is optimized with the Yoast SEO plugin v27.2 - https:\/\/yoast.com\/product\/yoast-seo-wordpress\/ -->\n<title>Inaugurato il nuovo Tecnico Professionale &quot;Righi Boccioni Fermi<\/title>\n<meta name=\"description\" content=\"Questa mattina la cerimonia di inaugurazione all&#039;Arena dello Stretto, alla presenza delle autorit\u00e0 oltre a studenti e docenti\" \/>\n<meta name=\"robots\" content=\"index, follow, max-snippet:-1, max-image-preview:large, max-video-preview:-1\" \/>\n<link rel=\"canonical\" href=\"https:\/\/progettotouring.it\/radiotouring104\/2024\/09\/20\/righi-boccioni-fermi-inaugurato-il-polo-tecnico-professionale\/\" \/>\n<meta property=\"og:locale\" content=\"it_IT\" \/>\n<meta property=\"og:type\" content=\"article\" \/>\n<meta property=\"og:title\" content=\"Inaugurato il nuovo Tecnico Professionale &quot;Righi Boccioni Fermi\" \/>\n<meta property=\"og:description\" content=\"Questa mattina la cerimonia di inaugurazione all&#039;Arena dello Stretto, alla presenza delle autorit\u00e0 oltre a studenti e docenti\" \/>\n<meta property=\"og:url\" content=\"https:\/\/progettotouring.it\/radiotouring104\/2024\/09\/20\/righi-boccioni-fermi-inaugurato-il-polo-tecnico-professionale\/\" \/>\n<meta property=\"og:site_name\" content=\"Radio Touring 104\" \/>\n<meta property=\"article:published_time\" content=\"2024-09-20T09:30:44+00:00\" \/>\n<meta property=\"article:modified_time\" content=\"2024-09-20T12:25:35+00:00\" \/>\n<meta property=\"og:image\" content=\"https:\/\/progettotouring.it\/radiotouring104\/wp-content\/uploads\/sites\/6\/2024\/09\/polo-funzionale-boccioni-fermi-2-1.jpeg\" \/>\n\t<meta property=\"og:image:width\" content=\"2048\" \/>\n\t<meta property=\"og:image:height\" content=\"920\" \/>\n\t<meta property=\"og:image:type\" content=\"image\/jpeg\" \/>\n<meta name=\"author\" content=\"Sebastiano Plutino\" \/>\n<meta name=\"twitter:card\" content=\"summary_large_image\" \/>\n<meta name=\"twitter:label1\" content=\"Scritto da\" \/>\n\t<meta name=\"twitter:data1\" content=\"Sebastiano Plutino\" \/>\n\t<meta name=\"twitter:label2\" content=\"Tempo di lettura stimato\" \/>\n\t<meta name=\"twitter:data2\" content=\"1 minuto\" \/>\n<script type=\"application\/ld+json\" class=\"yoast-schema-graph\">{\"@context\":\"https:\/\/schema.org\",\"@graph\":[{\"@type\":\"Article\",\"@id\":\"https:\/\/progettotouring.it\/radiotouring104\/2024\/09\/20\/righi-boccioni-fermi-inaugurato-il-polo-tecnico-professionale\/#article\",\"isPartOf\":{\"@id\":\"https:\/\/progettotouring.it\/radiotouring104\/2024\/09\/20\/righi-boccioni-fermi-inaugurato-il-polo-tecnico-professionale\/\"},\"author\":{\"name\":\"Sebastiano Plutino\",\"@id\":\"https:\/\/progettotouring.it\/radiotouring104\/#\/schema\/person\/78613917f1851f041f7483f5af1d422e\"},\"headline\":\"All&#8217;Arena dello Stretto l&#8217;inaugurazione del nuovo polo Tecnico Professionale &#8220;Righi Boccioni Fermi&#8221;\",\"datePublished\":\"2024-09-20T09:30:44+00:00\",\"dateModified\":\"2024-09-20T12:25:35+00:00\",\"mainEntityOfPage\":{\"@id\":\"https:\/\/progettotouring.it\/radiotouring104\/2024\/09\/20\/righi-boccioni-fermi-inaugurato-il-polo-tecnico-professionale\/\"},\"wordCount\":311,\"publisher\":{\"@id\":\"https:\/\/progettotouring.it\/radiotouring104\/#organization\"},\"image\":{\"@id\":\"https:\/\/progettotouring.it\/radiotouring104\/2024\/09\/20\/righi-boccioni-fermi-inaugurato-il-polo-tecnico-professionale\/#primaryimage\"},\"thumbnailUrl\":\"https:\/\/progettotouring.it\/radiotouring104\/wp-content\/uploads\/sites\/6\/2024\/09\/polo-funzionale-boccioni-fermi-2-1.jpeg\",\"keywords\":[\"Anna Maria Cama\",\"Caterina Capponi\",\"Falcomat\u00e0 Giuseppe\",\"inaugurato polo professionale\",\"Mimmo Cavallaro\",\"righi boccioni fermi\"],\"articleSection\":[\"Home\",\"In primo piano\",\"News\",\"Reggio Calabria\"],\"inLanguage\":\"it-IT\"},{\"@type\":\"WebPage\",\"@id\":\"https:\/\/progettotouring.it\/radiotouring104\/2024\/09\/20\/righi-boccioni-fermi-inaugurato-il-polo-tecnico-professionale\/\",\"url\":\"https:\/\/progettotouring.it\/radiotouring104\/2024\/09\/20\/righi-boccioni-fermi-inaugurato-il-polo-tecnico-professionale\/\",\"name\":\"Inaugurato il nuovo Tecnico Professionale \\\"Righi Boccioni Fermi\",\"isPartOf\":{\"@id\":\"https:\/\/progettotouring.it\/radiotouring104\/#website\"},\"primaryImageOfPage\":{\"@id\":\"https:\/\/progettotouring.it\/radiotouring104\/2024\/09\/20\/righi-boccioni-fermi-inaugurato-il-polo-tecnico-professionale\/#primaryimage\"},\"image\":{\"@id\":\"https:\/\/progettotouring.it\/radiotouring104\/2024\/09\/20\/righi-boccioni-fermi-inaugurato-il-polo-tecnico-professionale\/#primaryimage\"},\"thumbnailUrl\":\"https:\/\/progettotouring.it\/radiotouring104\/wp-content\/uploads\/sites\/6\/2024\/09\/polo-funzionale-boccioni-fermi-2-1.jpeg\",\"datePublished\":\"2024-09-20T09:30:44+00:00\",\"dateModified\":\"2024-09-20T12:25:35+00:00\",\"description\":\"Questa mattina la cerimonia di inaugurazione all'Arena dello Stretto, alla presenza delle autorit\u00e0 oltre a studenti e docenti\",\"breadcrumb\":{\"@id\":\"https:\/\/progettotouring.it\/radiotouring104\/2024\/09\/20\/righi-boccioni-fermi-inaugurato-il-polo-tecnico-professionale\/#breadcrumb\"},\"inLanguage\":\"it-IT\",\"potentialAction\":[{\"@type\":\"ReadAction\",\"target\":[\"https:\/\/progettotouring.it\/radiotouring104\/2024\/09\/20\/righi-boccioni-fermi-inaugurato-il-polo-tecnico-professionale\/\"]}]},{\"@type\":\"ImageObject\",\"inLanguage\":\"it-IT\",\"@id\":\"https:\/\/progettotouring.it\/radiotouring104\/2024\/09\/20\/righi-boccioni-fermi-inaugurato-il-polo-tecnico-professionale\/#primaryimage\",\"url\":\"https:\/\/progettotouring.it\/radiotouring104\/wp-content\/uploads\/sites\/6\/2024\/09\/polo-funzionale-boccioni-fermi-2-1.jpeg\",\"contentUrl\":\"https:\/\/progettotouring.it\/radiotouring104\/wp-content\/uploads\/sites\/6\/2024\/09\/polo-funzionale-boccioni-fermi-2-1.jpeg\",\"width\":2048,\"height\":920},{\"@type\":\"BreadcrumbList\",\"@id\":\"https:\/\/progettotouring.it\/radiotouring104\/2024\/09\/20\/righi-boccioni-fermi-inaugurato-il-polo-tecnico-professionale\/#breadcrumb\",\"itemListElement\":[{\"@type\":\"ListItem\",\"position\":1,\"name\":\"Home\",\"item\":\"https:\/\/progettotouring.it\/radiotouring104\/\"},{\"@type\":\"ListItem\",\"position\":2,\"name\":\"All&#8217;Arena dello Stretto l&#8217;inaugurazione del nuovo polo Tecnico Professionale &#8220;Righi Boccioni Fermi&#8221;\"}]},{\"@type\":\"WebSite\",\"@id\":\"https:\/\/progettotouring.it\/radiotouring104\/#website\",\"url\":\"https:\/\/progettotouring.it\/radiotouring104\/\",\"name\":\"Radio Touring 104\",\"description\":\"La prima radio Reggina\",\"publisher\":{\"@id\":\"https:\/\/progettotouring.it\/radiotouring104\/#organization\"},\"potentialAction\":[{\"@type\":\"SearchAction\",\"target\":{\"@type\":\"EntryPoint\",\"urlTemplate\":\"https:\/\/progettotouring.it\/radiotouring104\/?s={search_term_string}\"},\"query-input\":{\"@type\":\"PropertyValueSpecification\",\"valueRequired\":true,\"valueName\":\"search_term_string\"}}],\"inLanguage\":\"it-IT\"},{\"@type\":\"Organization\",\"@id\":\"https:\/\/progettotouring.it\/radiotouring104\/#organization\",\"name\":\"Radio Touring 104\",\"url\":\"https:\/\/progettotouring.it\/radiotouring104\/\",\"logo\":{\"@type\":\"ImageObject\",\"inLanguage\":\"it-IT\",\"@id\":\"https:\/\/progettotouring.it\/radiotouring104\/#\/schema\/logo\/image\/\",\"url\":\"https:\/\/progettotouring.it\/radiotouring104\/wp-content\/uploads\/sites\/6\/2022\/02\/cropped-logo-radio-touring-104.png\",\"contentUrl\":\"https:\/\/progettotouring.it\/radiotouring104\/wp-content\/uploads\/sites\/6\/2022\/02\/cropped-logo-radio-touring-104.png\",\"width\":377,\"height\":182,\"caption\":\"Radio Touring 104\"},\"image\":{\"@id\":\"https:\/\/progettotouring.it\/radiotouring104\/#\/schema\/logo\/image\/\"}},{\"@type\":\"Person\",\"@id\":\"https:\/\/progettotouring.it\/radiotouring104\/#\/schema\/person\/78613917f1851f041f7483f5af1d422e\",\"name\":\"Sebastiano Plutino\",\"image\":{\"@type\":\"ImageObject\",\"inLanguage\":\"it-IT\",\"@id\":\"https:\/\/secure.gravatar.com\/avatar\/0546ffaa9b79224faf9f2a156b67a529ae861d3287c66c1d8ccfdf909bcba78d?s=96&d=mm&r=g\",\"url\":\"https:\/\/secure.gravatar.com\/avatar\/0546ffaa9b79224faf9f2a156b67a529ae861d3287c66c1d8ccfdf909bcba78d?s=96&d=mm&r=g\",\"contentUrl\":\"https:\/\/secure.gravatar.com\/avatar\/0546ffaa9b79224faf9f2a156b67a529ae861d3287c66c1d8ccfdf909bcba78d?s=96&d=mm&r=g\",\"caption\":\"Sebastiano Plutino\"},\"url\":\"https:\/\/progettotouring.it\/radiotouring104\/author\/sebastiano\/\"}]}<\/script>\n<!-- \/ Yoast SEO plugin. -->","yoast_head_json":{"title":"Inaugurato il nuovo Tecnico Professionale \"Righi Boccioni Fermi","description":"Questa mattina la cerimonia di inaugurazione all'Arena dello Stretto, alla presenza delle autorit\u00e0 oltre a studenti e docenti","robots":{"index":"index","follow":"follow","max-snippet":"max-snippet:-1","max-image-preview":"max-image-preview:large","max-video-preview":"max-video-preview:-1"},"canonical":"https:\/\/progettotouring.it\/radiotouring104\/2024\/09\/20\/righi-boccioni-fermi-inaugurato-il-polo-tecnico-professionale\/","og_locale":"it_IT","og_type":"article","og_title":"Inaugurato il nuovo Tecnico Professionale \"Righi Boccioni Fermi","og_description":"Questa mattina la cerimonia di inaugurazione all'Arena dello Stretto, alla presenza delle autorit\u00e0 oltre a studenti e docenti","og_url":"https:\/\/progettotouring.it\/radiotouring104\/2024\/09\/20\/righi-boccioni-fermi-inaugurato-il-polo-tecnico-professionale\/","og_site_name":"Radio Touring 104","article_published_time":"2024-09-20T09:30:44+00:00","article_modified_time":"2024-09-20T12:25:35+00:00","og_image":[{"width":2048,"height":920,"url":"https:\/\/progettotouring.it\/radiotouring104\/wp-content\/uploads\/sites\/6\/2024\/09\/polo-funzionale-boccioni-fermi-2-1.jpeg","type":"image\/jpeg"}],"author":"Sebastiano Plutino","twitter_card":"summary_large_image","twitter_misc":{"Scritto da":"Sebastiano Plutino","Tempo di lettura stimato":"1 minuto"},"schema":{"@context":"https:\/\/schema.org","@graph":[{"@type":"Article","@id":"https:\/\/progettotouring.it\/radiotouring104\/2024\/09\/20\/righi-boccioni-fermi-inaugurato-il-polo-tecnico-professionale\/#article","isPartOf":{"@id":"https:\/\/progettotouring.it\/radiotouring104\/2024\/09\/20\/righi-boccioni-fermi-inaugurato-il-polo-tecnico-professionale\/"},"author":{"name":"Sebastiano Plutino","@id":"https:\/\/progettotouring.it\/radiotouring104\/#\/schema\/person\/78613917f1851f041f7483f5af1d422e"},"headline":"All&#8217;Arena dello Stretto l&#8217;inaugurazione del nuovo polo Tecnico Professionale &#8220;Righi Boccioni Fermi&#8221;","datePublished":"2024-09-20T09:30:44+00:00","dateModified":"2024-09-20T12:25:35+00:00","mainEntityOfPage":{"@id":"https:\/\/progettotouring.it\/radiotouring104\/2024\/09\/20\/righi-boccioni-fermi-inaugurato-il-polo-tecnico-professionale\/"},"wordCount":311,"publisher":{"@id":"https:\/\/progettotouring.it\/radiotouring104\/#organization"},"image":{"@id":"https:\/\/progettotouring.it\/radiotouring104\/2024\/09\/20\/righi-boccioni-fermi-inaugurato-il-polo-tecnico-professionale\/#primaryimage"},"thumbnailUrl":"https:\/\/progettotouring.it\/radiotouring104\/wp-content\/uploads\/sites\/6\/2024\/09\/polo-funzionale-boccioni-fermi-2-1.jpeg","keywords":["Anna Maria Cama","Caterina Capponi","Falcomat\u00e0 Giuseppe","inaugurato polo professionale","Mimmo Cavallaro","righi boccioni fermi"],"articleSection":["Home","In primo piano","News","Reggio Calabria"],"inLanguage":"it-IT"},{"@type":"WebPage","@id":"https:\/\/progettotouring.it\/radiotouring104\/2024\/09\/20\/righi-boccioni-fermi-inaugurato-il-polo-tecnico-professionale\/","url":"https:\/\/progettotouring.it\/radiotouring104\/2024\/09\/20\/righi-boccioni-fermi-inaugurato-il-polo-tecnico-professionale\/","name":"Inaugurato il nuovo Tecnico Professionale \"Righi Boccioni Fermi","isPartOf":{"@id":"https:\/\/progettotouring.it\/radiotouring104\/#website"},"primaryImageOfPage":{"@id":"https:\/\/progettotouring.it\/radiotouring104\/2024\/09\/20\/righi-boccioni-fermi-inaugurato-il-polo-tecnico-professionale\/#primaryimage"},"image":{"@id":"https:\/\/progettotouring.it\/radiotouring104\/2024\/09\/20\/righi-boccioni-fermi-inaugurato-il-polo-tecnico-professionale\/#primaryimage"},"thumbnailUrl":"https:\/\/progettotouring.it\/radiotouring104\/wp-content\/uploads\/sites\/6\/2024\/09\/polo-funzionale-boccioni-fermi-2-1.jpeg","datePublished":"2024-09-20T09:30:44+00:00","dateModified":"2024-09-20T12:25:35+00:00","description":"Questa mattina la cerimonia di inaugurazione all'Arena dello Stretto, alla presenza delle autorit\u00e0 oltre a studenti e docenti","breadcrumb":{"@id":"https:\/\/progettotouring.it\/radiotouring104\/2024\/09\/20\/righi-boccioni-fermi-inaugurato-il-polo-tecnico-professionale\/#breadcrumb"},"inLanguage":"it-IT","potentialAction":[{"@type":"ReadAction","target":["https:\/\/progettotouring.it\/radiotouring104\/2024\/09\/20\/righi-boccioni-fermi-inaugurato-il-polo-tecnico-professionale\/"]}]},{"@type":"ImageObject","inLanguage":"it-IT","@id":"https:\/\/progettotouring.it\/radiotouring104\/2024\/09\/20\/righi-boccioni-fermi-inaugurato-il-polo-tecnico-professionale\/#primaryimage","url":"https:\/\/progettotouring.it\/radiotouring104\/wp-content\/uploads\/sites\/6\/2024\/09\/polo-funzionale-boccioni-fermi-2-1.jpeg","contentUrl":"https:\/\/progettotouring.it\/radiotouring104\/wp-content\/uploads\/sites\/6\/2024\/09\/polo-funzionale-boccioni-fermi-2-1.jpeg","width":2048,"height":920},{"@type":"BreadcrumbList","@id":"https:\/\/progettotouring.it\/radiotouring104\/2024\/09\/20\/righi-boccioni-fermi-inaugurato-il-polo-tecnico-professionale\/#breadcrumb","itemListElement":[{"@type":"ListItem","position":1,"name":"Home","item":"https:\/\/progettotouring.it\/radiotouring104\/"},{"@type":"ListItem","position":2,"name":"All&#8217;Arena dello Stretto l&#8217;inaugurazione del nuovo polo Tecnico Professionale &#8220;Righi Boccioni Fermi&#8221;"}]},{"@type":"WebSite","@id":"https:\/\/progettotouring.it\/radiotouring104\/#website","url":"https:\/\/progettotouring.it\/radiotouring104\/","name":"Radio Touring 104","description":"La prima radio Reggina","publisher":{"@id":"https:\/\/progettotouring.it\/radiotouring104\/#organization"},"potentialAction":[{"@type":"SearchAction","target":{"@type":"EntryPoint","urlTemplate":"https:\/\/progettotouring.it\/radiotouring104\/?s={search_term_string}"},"query-input":{"@type":"PropertyValueSpecification","valueRequired":true,"valueName":"search_term_string"}}],"inLanguage":"it-IT"},{"@type":"Organization","@id":"https:\/\/progettotouring.it\/radiotouring104\/#organization","name":"Radio Touring 104","url":"https:\/\/progettotouring.it\/radiotouring104\/","logo":{"@type":"ImageObject","inLanguage":"it-IT","@id":"https:\/\/progettotouring.it\/radiotouring104\/#\/schema\/logo\/image\/","url":"https:\/\/progettotouring.it\/radiotouring104\/wp-content\/uploads\/sites\/6\/2022\/02\/cropped-logo-radio-touring-104.png","contentUrl":"https:\/\/progettotouring.it\/radiotouring104\/wp-content\/uploads\/sites\/6\/2022\/02\/cropped-logo-radio-touring-104.png","width":377,"height":182,"caption":"Radio Touring 104"},"image":{"@id":"https:\/\/progettotouring.it\/radiotouring104\/#\/schema\/logo\/image\/"}},{"@type":"Person","@id":"https:\/\/progettotouring.it\/radiotouring104\/#\/schema\/person\/78613917f1851f041f7483f5af1d422e","name":"Sebastiano Plutino","image":{"@type":"ImageObject","inLanguage":"it-IT","@id":"https:\/\/secure.gravatar.com\/avatar\/0546ffaa9b79224faf9f2a156b67a529ae861d3287c66c1d8ccfdf909bcba78d?s=96&d=mm&r=g","url":"https:\/\/secure.gravatar.com\/avatar\/0546ffaa9b79224faf9f2a156b67a529ae861d3287c66c1d8ccfdf909bcba78d?s=96&d=mm&r=g","contentUrl":"https:\/\/secure.gravatar.com\/avatar\/0546ffaa9b79224faf9f2a156b67a529ae861d3287c66c1d8ccfdf909bcba78d?s=96&d=mm&r=g","caption":"Sebastiano Plutino"},"url":"https:\/\/progettotouring.it\/radiotouring104\/author\/sebastiano\/"}]}},"jetpack_publicize_connections":[],"jetpack_featured_media_url":"https:\/\/progettotouring.it\/radiotouring104\/wp-content\/uploads\/sites\/6\/2024\/09\/polo-funzionale-boccioni-fermi-2-1.jpeg","jetpack_sharing_enabled":true,"_links":{"self":[{"href":"https:\/\/progettotouring.it\/radiotouring104\/wp-json\/wp\/v2\/posts\/58078","targetHints":{"allow":["GET"]}}],"collection":[{"href":"https:\/\/progettotouring.it\/radiotouring104\/wp-json\/wp\/v2\/posts"}],"about":[{"href":"https:\/\/progettotouring.it\/radiotouring104\/wp-json\/wp\/v2\/types\/post"}],"author":[{"embeddable":true,"href":"https:\/\/progettotouring.it\/radiotouring104\/wp-json\/wp\/v2\/users\/12"}],"replies":[{"embeddable":true,"href":"https:\/\/progettotouring.it\/radiotouring104\/wp-json\/wp\/v2\/comments?post=58078"}],"version-history":[{"count":4,"href":"https:\/\/progettotouring.it\/radiotouring104\/wp-json\/wp\/v2\/posts\/58078\/revisions"}],"predecessor-version":[{"id":58112,"href":"https:\/\/progettotouring.it\/radiotouring104\/wp-json\/wp\/v2\/posts\/58078\/revisions\/58112"}],"wp:featuredmedia":[{"embeddable":true,"href":"https:\/\/progettotouring.it\/radiotouring104\/wp-json\/wp\/v2\/media\/58081"}],"wp:attachment":[{"href":"https:\/\/progettotouring.it\/radiotouring104\/wp-json\/wp\/v2\/media?parent=58078"}],"wp:term":[{"taxonomy":"category","embeddable":true,"href":"https:\/\/progettotouring.it\/radiotouring104\/wp-json\/wp\/v2\/categories?post=58078"},{"taxonomy":"post_tag","embeddable":true,"href":"https:\/\/progettotouring.it\/radiotouring104\/wp-json\/wp\/v2\/tags?post=58078"}],"curies":[{"name":"wp","href":"https:\/\/api.w.org\/{rel}","templated":true}]}}