{"id":58086,"date":"2024-09-20T11:49:29","date_gmt":"2024-09-20T09:49:29","guid":{"rendered":"https:\/\/progettotouring.it\/radiotouring104\/?p=58086"},"modified":"2024-09-20T11:49:29","modified_gmt":"2024-09-20T09:49:29","slug":"reggio-evento-sullartista-calabrese-cristina-benedetto","status":"publish","type":"post","link":"https:\/\/progettotouring.it\/radiotouring104\/2024\/09\/20\/reggio-evento-sullartista-calabrese-cristina-benedetto\/","title":{"rendered":"Reggio: evento sull\u2019artista calabrese Cristina Benedetto."},"content":{"rendered":"<p style=\"text-align: justify\"><strong>Con il patrocinio del Consiglio Regionale<\/strong> della Calabria, dell\u2019Associazione Culturale Le Muse e di Adisco Calabria lunedi <strong>alle ore 17 presso l\u2019Area Transatlantico del Consiglio Regionale<\/strong> di via Cardinale Portanova <strong>si terr\u00e0 un evento &#8211; retrospettiva sull\u2019artista calabrese Cristina Benedetto.<\/strong><\/p>\n<p style=\"text-align: justify\"><strong>Un percorso dell\u2019artista Cristina Benedetto che,<\/strong> oggi, dopo 50 anni di attivit\u00e0, nella qualit\u00e0 di docente<strong>, si presenta in un itinerario umano, creativo ed operativo,<\/strong> riunendo in un unicum la sua attivit\u00e0. Cristina Benedetto appartiene allo Jonio, a quel mare ed a quelle conformazioni geografiche che caratterizzano la cittadina di Saline Joniche ed, in particolare un piccolo Borgo denominato Rocca Calojero.<\/p>\n<p style=\"text-align: justify\">La strada della sua formazione, sin dai suoi anni giovanili, non le fa percorrere le attivit\u00e0 di famiglia dedicate al commercio, ma la inoltra alla formazione artistica, grazie alla sua emancipazione mentale, intellettuale e, dunque, ad una delle sue ragioni di vita, la formazione delle nuove generazioni.<\/p>\n<p style=\"text-align: justify\">Sono gli inizi degli anni \u201970 e l\u2019Istituto d\u2019Arte, luogo e crogiuolo di fermenti culturali e identit\u00e0 mutanti del panorama artistico e culturale tutt\u2019ora esistenti, diventa primo centro di arricchimento della Benedetto, iscritta al Corso di Indirizzo Tessitura.<\/p>\n<p style=\"text-align: justify\">Il Laboratorio era ambito di eccellenza a quel tempo e le attivit\u00e0 pratiche davano ai giovani aspiranti operatori dell\u2019arte, quella abilit\u00e0 di conoscenze, di richiami, di manualit\u00e0 collegate a quei telai lignei che costituivano i grandi laboratori voluti, creati da Alfonso Frangipane studioso, pittore, disegnatore, decoratore, saggista e studioso dell&#8217;arte italiano, che si \u00e8 occupato del patrimonio artistico della Calabria. La Benedetto consegue il titolo di maestra d\u2019arte nell\u2019Anno Scolastico 1970\/1971 e docenti come il compianto professore Menga saranno un approccio alla produzione tessile tra geometrie e richiami, oggi iconiche, di figure antropomorfe ed ancestrali tra cotoni, ginestre e colorazioni naturali. L\u2019artista continua il suo percorso presso l\u2019Accademia di Belle Arti di Reggio Calabria frequentando l\u2019Indirizzo Pittura e trova in un maestro come il prof. Giuseppe Marino, artista nato a Scilla, noto nel panorama delle arti visive per la sua trasfigurazione del paesaggio naturalista, una guida ed una fonte di ispirazione da chi, a quel tempo, era gi\u00e0 stato a contatto con i grandi Guttuso, Marzullo, Omiccioli.<\/p>\n<p style=\"text-align: justify\"><strong>Cristina Benedetto nel 1975 diviene cos\u00ec pittrice<\/strong>, iniziando il suo percorso come Artista e presentandosi a fine studi su un lavoro che racconta sogno e realt\u00e0 di un paese, a quel tempo dimenticato, ma ricco di fascino come la sua storia ancora oggi ci insegna, ovvero Pentedattilo. \u201cNon potevo non raccontare la mia terra -dice \u2013 la Benedetto-, la terra che conoscevo meglio e che avevo attraversato, quei territori che vedevo passando anche casualmente e che mentalmente volevo fare ritornare a nuova vita dopo il loro lento declino\u2026\u201d<\/p>\n<p style=\"text-align: justify\"><strong>Una vita per la pittura,<\/strong> s\u00ec, ma anche una serie di interessi che l\u2019artista sin da adolescente ha sempre avuto. Un percorso, quello della Benedetto, che trova cos\u00ec la strada la -Sua-, in due momenti: quello della libert\u00e0 espressiva che continua fino ad oggi e quello del mondo della formazione e della didattica che in trentatr\u00e9 anni di attivit\u00e0 l\u2019ha vista insegnare in scuole medie ed istituti comprensivi quella che un tempo, veniva definita \u201cEducazione artistica\u201d ed oggi tramutata in \u201cArte ed Immagine\u201d. L\u2019Area Grecanica ed i suoi paesi, invece, i luoghi di questo percorso a cui la stessa, oltre alla formazione, si \u00e8 dedicata anche per lasciare traccia del suo attraversamento, realizzando murales ed affreschi ancora oggi visibili in cui, tra trompe-l&#8217;\u0153il e prospettive\u00a0 ed antichi borghi, ritrovare luoghi e memorie o ancora il ricordo di animate rue e piazze, creando sfondamenti e rivisitazioni di spazi urbani dentro edifici scolastici in esperienze progettuali in cooperazione col mondo dei ragazzi. La produzione pittorica di Cristina Benedetto \u00e8 sicuramente viva ed autentica ed \u00e8 dedita al racconto, quello narrativo, in cui la Calabria ne \u00e8 parte attiva continua a ricordare il professore Giuseppe Livoti presidente Muse e di Adisco Calabria. Le associazioni servono a mantenere i rapporti sul territorio fa presente \u00a0Livoti ed \u00e8 importante che questo evento si amplifichi a livello regionale in un luogo che \u00e8 la casa del calabresi. La manifestazione vedr\u00e0 il saluto introduttivo dell\u2019onorevole Tilde Minasi, la presentazione critica e biografica di Livoti e la partecipazione di uomini e donne del mondo della cultura e dell\u2019arte che in questi anni hanno collaborato e\/o conosciuto la Benedetto nel suo itinerario di cantore della Calabria. Proprio per creare l\u2019atmosfera della cultura diffusa nell\u2019area grecanica l\u2019evento si aprir\u00e0 con Coro delle Muse diretto dai maestri Enza e Marina Cuzzola con l\u2019accompagnamento alla tastiera del maestro Mary Ardissone.<strong> La mostra sar\u00e0 aperta al pubblico da ogni giorno fino a venerdi 27 settembre dalle ore 9,30 alle ore 12,30 e dalle ore 15,30 alle ore 18.<\/strong><\/p>\n","protected":false},"excerpt":{"rendered":"<p>Con il patrocinio del Consiglio Regionale della Calabria, dell\u2019Associazione Culturale Le Muse e di Adisco Calabria lunedi alle ore 17 presso l\u2019Area Transatlantico del Consiglio Regionale di via Cardinale Portanova&hellip;<\/p>\n","protected":false},"author":12,"featured_media":50169,"comment_status":"closed","ping_status":"open","sticky":false,"template":"","format":"standard","meta":{"_jetpack_memberships_contains_paid_content":false,"footnotes":"","jetpack_publicize_message":"","jetpack_publicize_feature_enabled":true,"jetpack_social_post_already_shared":false,"jetpack_social_options":{"image_generator_settings":{"template":"highway","default_image_id":0,"font":"","enabled":false},"version":2}},"categories":[921,196,140],"tags":[15328,11708,5764,20063],"class_list":["post-58086","post","type-post","status-publish","format-standard","has-post-thumbnail","hentry","category-home","category-news","category-reggio-calabria","tag-adisco-calabria","tag-associazione-culturale-le-muse","tag-consiglio-regionale-della-calabria","tag-cristina-benedetto"],"yoast_head":"<!-- This site is optimized with the Yoast SEO plugin v27.2 - https:\/\/yoast.com\/product\/yoast-seo-wordpress\/ -->\n<title>Reggio: evento sull\u2019artista calabrese Cristina Benedetto.<\/title>\n<meta name=\"description\" content=\"L&#039;evento, patrocinato dall&#039;Ass. Le Muse ed Adisco, si terr\u00e0 luned\u00ec alle 17, presso il Consiglio Regionale della Calabria\" \/>\n<meta name=\"robots\" content=\"index, follow, max-snippet:-1, max-image-preview:large, max-video-preview:-1\" \/>\n<link rel=\"canonical\" href=\"https:\/\/progettotouring.it\/radiotouring104\/2024\/09\/20\/reggio-evento-sullartista-calabrese-cristina-benedetto\/\" \/>\n<meta property=\"og:locale\" content=\"it_IT\" \/>\n<meta property=\"og:type\" content=\"article\" \/>\n<meta property=\"og:title\" content=\"Reggio: evento sull\u2019artista calabrese Cristina Benedetto.\" \/>\n<meta property=\"og:description\" content=\"L&#039;evento, patrocinato dall&#039;Ass. Le Muse ed Adisco, si terr\u00e0 luned\u00ec alle 17, presso il Consiglio Regionale della Calabria\" \/>\n<meta property=\"og:url\" content=\"https:\/\/progettotouring.it\/radiotouring104\/2024\/09\/20\/reggio-evento-sullartista-calabrese-cristina-benedetto\/\" \/>\n<meta property=\"og:site_name\" content=\"Radio Touring 104\" \/>\n<meta property=\"article:published_time\" content=\"2024-09-20T09:49:29+00:00\" \/>\n<meta property=\"og:image\" content=\"https:\/\/progettotouring.it\/radiotouring104\/wp-content\/uploads\/sites\/6\/2024\/04\/Le-Muse-opera-San-Giorgio-Cristina-Benedetto.jpg\" \/>\n\t<meta property=\"og:image:width\" content=\"1042\" \/>\n\t<meta property=\"og:image:height\" content=\"695\" \/>\n\t<meta property=\"og:image:type\" content=\"image\/jpeg\" \/>\n<meta name=\"author\" content=\"Sebastiano Plutino\" \/>\n<meta name=\"twitter:card\" content=\"summary_large_image\" \/>\n<meta name=\"twitter:label1\" content=\"Scritto da\" \/>\n\t<meta name=\"twitter:data1\" content=\"Sebastiano Plutino\" \/>\n\t<meta name=\"twitter:label2\" content=\"Tempo di lettura stimato\" \/>\n\t<meta name=\"twitter:data2\" content=\"4 minuti\" \/>\n<script type=\"application\/ld+json\" class=\"yoast-schema-graph\">{\"@context\":\"https:\/\/schema.org\",\"@graph\":[{\"@type\":\"Article\",\"@id\":\"https:\/\/progettotouring.it\/radiotouring104\/2024\/09\/20\/reggio-evento-sullartista-calabrese-cristina-benedetto\/#article\",\"isPartOf\":{\"@id\":\"https:\/\/progettotouring.it\/radiotouring104\/2024\/09\/20\/reggio-evento-sullartista-calabrese-cristina-benedetto\/\"},\"author\":{\"name\":\"Sebastiano Plutino\",\"@id\":\"https:\/\/progettotouring.it\/radiotouring104\/#\/schema\/person\/78613917f1851f041f7483f5af1d422e\"},\"headline\":\"Reggio: evento sull\u2019artista calabrese Cristina Benedetto.\",\"datePublished\":\"2024-09-20T09:49:29+00:00\",\"mainEntityOfPage\":{\"@id\":\"https:\/\/progettotouring.it\/radiotouring104\/2024\/09\/20\/reggio-evento-sullartista-calabrese-cristina-benedetto\/\"},\"wordCount\":789,\"publisher\":{\"@id\":\"https:\/\/progettotouring.it\/radiotouring104\/#organization\"},\"image\":{\"@id\":\"https:\/\/progettotouring.it\/radiotouring104\/2024\/09\/20\/reggio-evento-sullartista-calabrese-cristina-benedetto\/#primaryimage\"},\"thumbnailUrl\":\"https:\/\/progettotouring.it\/radiotouring104\/wp-content\/uploads\/sites\/6\/2024\/04\/Le-Muse-opera-San-Giorgio-Cristina-Benedetto.jpg\",\"keywords\":[\"Adisco Calabria\",\"Associazione Culturale \\\"Le Muse\\\"\",\"Consiglio regionale della Calabria\",\"Cristina Benedetto.\"],\"articleSection\":[\"Home\",\"News\",\"Reggio Calabria\"],\"inLanguage\":\"it-IT\"},{\"@type\":\"WebPage\",\"@id\":\"https:\/\/progettotouring.it\/radiotouring104\/2024\/09\/20\/reggio-evento-sullartista-calabrese-cristina-benedetto\/\",\"url\":\"https:\/\/progettotouring.it\/radiotouring104\/2024\/09\/20\/reggio-evento-sullartista-calabrese-cristina-benedetto\/\",\"name\":\"Reggio: evento sull\u2019artista calabrese Cristina Benedetto.\",\"isPartOf\":{\"@id\":\"https:\/\/progettotouring.it\/radiotouring104\/#website\"},\"primaryImageOfPage\":{\"@id\":\"https:\/\/progettotouring.it\/radiotouring104\/2024\/09\/20\/reggio-evento-sullartista-calabrese-cristina-benedetto\/#primaryimage\"},\"image\":{\"@id\":\"https:\/\/progettotouring.it\/radiotouring104\/2024\/09\/20\/reggio-evento-sullartista-calabrese-cristina-benedetto\/#primaryimage\"},\"thumbnailUrl\":\"https:\/\/progettotouring.it\/radiotouring104\/wp-content\/uploads\/sites\/6\/2024\/04\/Le-Muse-opera-San-Giorgio-Cristina-Benedetto.jpg\",\"datePublished\":\"2024-09-20T09:49:29+00:00\",\"description\":\"L'evento, patrocinato dall'Ass. Le Muse ed Adisco, si terr\u00e0 luned\u00ec alle 17, presso il Consiglio Regionale della Calabria\",\"breadcrumb\":{\"@id\":\"https:\/\/progettotouring.it\/radiotouring104\/2024\/09\/20\/reggio-evento-sullartista-calabrese-cristina-benedetto\/#breadcrumb\"},\"inLanguage\":\"it-IT\",\"potentialAction\":[{\"@type\":\"ReadAction\",\"target\":[\"https:\/\/progettotouring.it\/radiotouring104\/2024\/09\/20\/reggio-evento-sullartista-calabrese-cristina-benedetto\/\"]}]},{\"@type\":\"ImageObject\",\"inLanguage\":\"it-IT\",\"@id\":\"https:\/\/progettotouring.it\/radiotouring104\/2024\/09\/20\/reggio-evento-sullartista-calabrese-cristina-benedetto\/#primaryimage\",\"url\":\"https:\/\/progettotouring.it\/radiotouring104\/wp-content\/uploads\/sites\/6\/2024\/04\/Le-Muse-opera-San-Giorgio-Cristina-Benedetto.jpg\",\"contentUrl\":\"https:\/\/progettotouring.it\/radiotouring104\/wp-content\/uploads\/sites\/6\/2024\/04\/Le-Muse-opera-San-Giorgio-Cristina-Benedetto.jpg\",\"width\":1042,\"height\":695},{\"@type\":\"BreadcrumbList\",\"@id\":\"https:\/\/progettotouring.it\/radiotouring104\/2024\/09\/20\/reggio-evento-sullartista-calabrese-cristina-benedetto\/#breadcrumb\",\"itemListElement\":[{\"@type\":\"ListItem\",\"position\":1,\"name\":\"Home\",\"item\":\"https:\/\/progettotouring.it\/radiotouring104\/\"},{\"@type\":\"ListItem\",\"position\":2,\"name\":\"Reggio: evento sull\u2019artista calabrese Cristina Benedetto.\"}]},{\"@type\":\"WebSite\",\"@id\":\"https:\/\/progettotouring.it\/radiotouring104\/#website\",\"url\":\"https:\/\/progettotouring.it\/radiotouring104\/\",\"name\":\"Radio Touring 104\",\"description\":\"La prima radio Reggina\",\"publisher\":{\"@id\":\"https:\/\/progettotouring.it\/radiotouring104\/#organization\"},\"potentialAction\":[{\"@type\":\"SearchAction\",\"target\":{\"@type\":\"EntryPoint\",\"urlTemplate\":\"https:\/\/progettotouring.it\/radiotouring104\/?s={search_term_string}\"},\"query-input\":{\"@type\":\"PropertyValueSpecification\",\"valueRequired\":true,\"valueName\":\"search_term_string\"}}],\"inLanguage\":\"it-IT\"},{\"@type\":\"Organization\",\"@id\":\"https:\/\/progettotouring.it\/radiotouring104\/#organization\",\"name\":\"Radio Touring 104\",\"url\":\"https:\/\/progettotouring.it\/radiotouring104\/\",\"logo\":{\"@type\":\"ImageObject\",\"inLanguage\":\"it-IT\",\"@id\":\"https:\/\/progettotouring.it\/radiotouring104\/#\/schema\/logo\/image\/\",\"url\":\"https:\/\/progettotouring.it\/radiotouring104\/wp-content\/uploads\/sites\/6\/2022\/02\/cropped-logo-radio-touring-104.png\",\"contentUrl\":\"https:\/\/progettotouring.it\/radiotouring104\/wp-content\/uploads\/sites\/6\/2022\/02\/cropped-logo-radio-touring-104.png\",\"width\":377,\"height\":182,\"caption\":\"Radio Touring 104\"},\"image\":{\"@id\":\"https:\/\/progettotouring.it\/radiotouring104\/#\/schema\/logo\/image\/\"}},{\"@type\":\"Person\",\"@id\":\"https:\/\/progettotouring.it\/radiotouring104\/#\/schema\/person\/78613917f1851f041f7483f5af1d422e\",\"name\":\"Sebastiano Plutino\",\"image\":{\"@type\":\"ImageObject\",\"inLanguage\":\"it-IT\",\"@id\":\"https:\/\/secure.gravatar.com\/avatar\/0546ffaa9b79224faf9f2a156b67a529ae861d3287c66c1d8ccfdf909bcba78d?s=96&d=mm&r=g\",\"url\":\"https:\/\/secure.gravatar.com\/avatar\/0546ffaa9b79224faf9f2a156b67a529ae861d3287c66c1d8ccfdf909bcba78d?s=96&d=mm&r=g\",\"contentUrl\":\"https:\/\/secure.gravatar.com\/avatar\/0546ffaa9b79224faf9f2a156b67a529ae861d3287c66c1d8ccfdf909bcba78d?s=96&d=mm&r=g\",\"caption\":\"Sebastiano Plutino\"},\"url\":\"https:\/\/progettotouring.it\/radiotouring104\/author\/sebastiano\/\"}]}<\/script>\n<!-- \/ Yoast SEO plugin. -->","yoast_head_json":{"title":"Reggio: evento sull\u2019artista calabrese Cristina Benedetto.","description":"L'evento, patrocinato dall'Ass. Le Muse ed Adisco, si terr\u00e0 luned\u00ec alle 17, presso il Consiglio Regionale della Calabria","robots":{"index":"index","follow":"follow","max-snippet":"max-snippet:-1","max-image-preview":"max-image-preview:large","max-video-preview":"max-video-preview:-1"},"canonical":"https:\/\/progettotouring.it\/radiotouring104\/2024\/09\/20\/reggio-evento-sullartista-calabrese-cristina-benedetto\/","og_locale":"it_IT","og_type":"article","og_title":"Reggio: evento sull\u2019artista calabrese Cristina Benedetto.","og_description":"L'evento, patrocinato dall'Ass. Le Muse ed Adisco, si terr\u00e0 luned\u00ec alle 17, presso il Consiglio Regionale della Calabria","og_url":"https:\/\/progettotouring.it\/radiotouring104\/2024\/09\/20\/reggio-evento-sullartista-calabrese-cristina-benedetto\/","og_site_name":"Radio Touring 104","article_published_time":"2024-09-20T09:49:29+00:00","og_image":[{"width":1042,"height":695,"url":"https:\/\/progettotouring.it\/radiotouring104\/wp-content\/uploads\/sites\/6\/2024\/04\/Le-Muse-opera-San-Giorgio-Cristina-Benedetto.jpg","type":"image\/jpeg"}],"author":"Sebastiano Plutino","twitter_card":"summary_large_image","twitter_misc":{"Scritto da":"Sebastiano Plutino","Tempo di lettura stimato":"4 minuti"},"schema":{"@context":"https:\/\/schema.org","@graph":[{"@type":"Article","@id":"https:\/\/progettotouring.it\/radiotouring104\/2024\/09\/20\/reggio-evento-sullartista-calabrese-cristina-benedetto\/#article","isPartOf":{"@id":"https:\/\/progettotouring.it\/radiotouring104\/2024\/09\/20\/reggio-evento-sullartista-calabrese-cristina-benedetto\/"},"author":{"name":"Sebastiano Plutino","@id":"https:\/\/progettotouring.it\/radiotouring104\/#\/schema\/person\/78613917f1851f041f7483f5af1d422e"},"headline":"Reggio: evento sull\u2019artista calabrese Cristina Benedetto.","datePublished":"2024-09-20T09:49:29+00:00","mainEntityOfPage":{"@id":"https:\/\/progettotouring.it\/radiotouring104\/2024\/09\/20\/reggio-evento-sullartista-calabrese-cristina-benedetto\/"},"wordCount":789,"publisher":{"@id":"https:\/\/progettotouring.it\/radiotouring104\/#organization"},"image":{"@id":"https:\/\/progettotouring.it\/radiotouring104\/2024\/09\/20\/reggio-evento-sullartista-calabrese-cristina-benedetto\/#primaryimage"},"thumbnailUrl":"https:\/\/progettotouring.it\/radiotouring104\/wp-content\/uploads\/sites\/6\/2024\/04\/Le-Muse-opera-San-Giorgio-Cristina-Benedetto.jpg","keywords":["Adisco Calabria","Associazione Culturale \"Le Muse\"","Consiglio regionale della Calabria","Cristina Benedetto."],"articleSection":["Home","News","Reggio Calabria"],"inLanguage":"it-IT"},{"@type":"WebPage","@id":"https:\/\/progettotouring.it\/radiotouring104\/2024\/09\/20\/reggio-evento-sullartista-calabrese-cristina-benedetto\/","url":"https:\/\/progettotouring.it\/radiotouring104\/2024\/09\/20\/reggio-evento-sullartista-calabrese-cristina-benedetto\/","name":"Reggio: evento sull\u2019artista calabrese Cristina Benedetto.","isPartOf":{"@id":"https:\/\/progettotouring.it\/radiotouring104\/#website"},"primaryImageOfPage":{"@id":"https:\/\/progettotouring.it\/radiotouring104\/2024\/09\/20\/reggio-evento-sullartista-calabrese-cristina-benedetto\/#primaryimage"},"image":{"@id":"https:\/\/progettotouring.it\/radiotouring104\/2024\/09\/20\/reggio-evento-sullartista-calabrese-cristina-benedetto\/#primaryimage"},"thumbnailUrl":"https:\/\/progettotouring.it\/radiotouring104\/wp-content\/uploads\/sites\/6\/2024\/04\/Le-Muse-opera-San-Giorgio-Cristina-Benedetto.jpg","datePublished":"2024-09-20T09:49:29+00:00","description":"L'evento, patrocinato dall'Ass. Le Muse ed Adisco, si terr\u00e0 luned\u00ec alle 17, presso il Consiglio Regionale della Calabria","breadcrumb":{"@id":"https:\/\/progettotouring.it\/radiotouring104\/2024\/09\/20\/reggio-evento-sullartista-calabrese-cristina-benedetto\/#breadcrumb"},"inLanguage":"it-IT","potentialAction":[{"@type":"ReadAction","target":["https:\/\/progettotouring.it\/radiotouring104\/2024\/09\/20\/reggio-evento-sullartista-calabrese-cristina-benedetto\/"]}]},{"@type":"ImageObject","inLanguage":"it-IT","@id":"https:\/\/progettotouring.it\/radiotouring104\/2024\/09\/20\/reggio-evento-sullartista-calabrese-cristina-benedetto\/#primaryimage","url":"https:\/\/progettotouring.it\/radiotouring104\/wp-content\/uploads\/sites\/6\/2024\/04\/Le-Muse-opera-San-Giorgio-Cristina-Benedetto.jpg","contentUrl":"https:\/\/progettotouring.it\/radiotouring104\/wp-content\/uploads\/sites\/6\/2024\/04\/Le-Muse-opera-San-Giorgio-Cristina-Benedetto.jpg","width":1042,"height":695},{"@type":"BreadcrumbList","@id":"https:\/\/progettotouring.it\/radiotouring104\/2024\/09\/20\/reggio-evento-sullartista-calabrese-cristina-benedetto\/#breadcrumb","itemListElement":[{"@type":"ListItem","position":1,"name":"Home","item":"https:\/\/progettotouring.it\/radiotouring104\/"},{"@type":"ListItem","position":2,"name":"Reggio: evento sull\u2019artista calabrese Cristina Benedetto."}]},{"@type":"WebSite","@id":"https:\/\/progettotouring.it\/radiotouring104\/#website","url":"https:\/\/progettotouring.it\/radiotouring104\/","name":"Radio Touring 104","description":"La prima radio Reggina","publisher":{"@id":"https:\/\/progettotouring.it\/radiotouring104\/#organization"},"potentialAction":[{"@type":"SearchAction","target":{"@type":"EntryPoint","urlTemplate":"https:\/\/progettotouring.it\/radiotouring104\/?s={search_term_string}"},"query-input":{"@type":"PropertyValueSpecification","valueRequired":true,"valueName":"search_term_string"}}],"inLanguage":"it-IT"},{"@type":"Organization","@id":"https:\/\/progettotouring.it\/radiotouring104\/#organization","name":"Radio Touring 104","url":"https:\/\/progettotouring.it\/radiotouring104\/","logo":{"@type":"ImageObject","inLanguage":"it-IT","@id":"https:\/\/progettotouring.it\/radiotouring104\/#\/schema\/logo\/image\/","url":"https:\/\/progettotouring.it\/radiotouring104\/wp-content\/uploads\/sites\/6\/2022\/02\/cropped-logo-radio-touring-104.png","contentUrl":"https:\/\/progettotouring.it\/radiotouring104\/wp-content\/uploads\/sites\/6\/2022\/02\/cropped-logo-radio-touring-104.png","width":377,"height":182,"caption":"Radio Touring 104"},"image":{"@id":"https:\/\/progettotouring.it\/radiotouring104\/#\/schema\/logo\/image\/"}},{"@type":"Person","@id":"https:\/\/progettotouring.it\/radiotouring104\/#\/schema\/person\/78613917f1851f041f7483f5af1d422e","name":"Sebastiano Plutino","image":{"@type":"ImageObject","inLanguage":"it-IT","@id":"https:\/\/secure.gravatar.com\/avatar\/0546ffaa9b79224faf9f2a156b67a529ae861d3287c66c1d8ccfdf909bcba78d?s=96&d=mm&r=g","url":"https:\/\/secure.gravatar.com\/avatar\/0546ffaa9b79224faf9f2a156b67a529ae861d3287c66c1d8ccfdf909bcba78d?s=96&d=mm&r=g","contentUrl":"https:\/\/secure.gravatar.com\/avatar\/0546ffaa9b79224faf9f2a156b67a529ae861d3287c66c1d8ccfdf909bcba78d?s=96&d=mm&r=g","caption":"Sebastiano Plutino"},"url":"https:\/\/progettotouring.it\/radiotouring104\/author\/sebastiano\/"}]}},"jetpack_publicize_connections":[],"jetpack_featured_media_url":"https:\/\/progettotouring.it\/radiotouring104\/wp-content\/uploads\/sites\/6\/2024\/04\/Le-Muse-opera-San-Giorgio-Cristina-Benedetto.jpg","jetpack_sharing_enabled":true,"_links":{"self":[{"href":"https:\/\/progettotouring.it\/radiotouring104\/wp-json\/wp\/v2\/posts\/58086","targetHints":{"allow":["GET"]}}],"collection":[{"href":"https:\/\/progettotouring.it\/radiotouring104\/wp-json\/wp\/v2\/posts"}],"about":[{"href":"https:\/\/progettotouring.it\/radiotouring104\/wp-json\/wp\/v2\/types\/post"}],"author":[{"embeddable":true,"href":"https:\/\/progettotouring.it\/radiotouring104\/wp-json\/wp\/v2\/users\/12"}],"replies":[{"embeddable":true,"href":"https:\/\/progettotouring.it\/radiotouring104\/wp-json\/wp\/v2\/comments?post=58086"}],"version-history":[{"count":1,"href":"https:\/\/progettotouring.it\/radiotouring104\/wp-json\/wp\/v2\/posts\/58086\/revisions"}],"predecessor-version":[{"id":58087,"href":"https:\/\/progettotouring.it\/radiotouring104\/wp-json\/wp\/v2\/posts\/58086\/revisions\/58087"}],"wp:featuredmedia":[{"embeddable":true,"href":"https:\/\/progettotouring.it\/radiotouring104\/wp-json\/wp\/v2\/media\/50169"}],"wp:attachment":[{"href":"https:\/\/progettotouring.it\/radiotouring104\/wp-json\/wp\/v2\/media?parent=58086"}],"wp:term":[{"taxonomy":"category","embeddable":true,"href":"https:\/\/progettotouring.it\/radiotouring104\/wp-json\/wp\/v2\/categories?post=58086"},{"taxonomy":"post_tag","embeddable":true,"href":"https:\/\/progettotouring.it\/radiotouring104\/wp-json\/wp\/v2\/tags?post=58086"}],"curies":[{"name":"wp","href":"https:\/\/api.w.org\/{rel}","templated":true}]}}