{"id":58091,"date":"2024-09-20T12:04:22","date_gmt":"2024-09-20T10:04:22","guid":{"rendered":"https:\/\/progettotouring.it\/radiotouring104\/?p=58091"},"modified":"2024-09-20T12:04:22","modified_gmt":"2024-09-20T10:04:22","slug":"reggio-sindaco-falcomata-e-vicesindaco-versace-inaugurano-lanno-scolastico-allistituto-ferraris","status":"publish","type":"post","link":"https:\/\/progettotouring.it\/radiotouring104\/2024\/09\/20\/reggio-sindaco-falcomata-e-vicesindaco-versace-inaugurano-lanno-scolastico-allistituto-ferraris\/","title":{"rendered":"Reggio: Sindaco Falcomat\u00e0 e Vicesindaco Versace inaugurano l&#8217;anno scolastico all&#8217;istituto &#8220;Ferraris&#8221;"},"content":{"rendered":"<div style=\"text-align: justify\">\u201cSiamo molto contenti, come Citt\u00e0 metropolitana, di avere consegnato a Reggio Calabria i primi lavori sulle scuole realizzati con i fondi del Pnrr, in questo caso al \u2018Ferraris\u2019 che oggi, grazie a questi interventi, \u00e8 senza dubbio, tra le scuole pi\u00f9 rinnovate e sicure della citt\u00e0, rispettando tutte le normative di Stato e dell\u2019Unione Europea. E\u2019 stata una riapertura della scuola che abbiamo condiviso con gli studenti, il personale Ata, i docenti e la dirigente scolastica, che ringrazio, insieme a tutti quelli che hanno lavorato affinch\u00e9 oggi si potesse entrare in questa scuola, in particolar modo il vicesindaco metropolitano Carmelo Versace, il dirigente del settore edilizia Mezzatesta e la ditta esecutrice\u201d. Cos\u00ec il Sindaco metropolitano di Reggio Calabria, Giuseppe Falcomat\u00e0, partecipando oggi, al plesso scolastico \u2018Ferraris\u2019 dell\u2019Ite \u2018Piria-Ferraris-Da Empoli\u2019 di Reggio Calabria alla cerimonia di riapertura dell\u2019anno scolastico 2024\/2025.<\/p>\n<p>\u201cCredo \u2013 ha aggiunto &#8211; che questo modello di intervento sia la strada giusta da percorrere, abbiamo gi\u00e0 visto in questi in queste settimane quanto, anche i lavori da parte del Comune, abbiano portato a un\u2019indagine generale sulle oltre 30 scuole medie-inferiori che ci sono in citt\u00e0. I risultati conseguiti, in certi casi, hanno comportato la chiusura\u201d. Stiamo lavorando su due direzioni: quella della sicurezza dei plessi e dell\u2019ammodernamento. Naturalmente &#8211; ha concluso il primo cittadino &#8211; tutto questo deve essere funzionale a un ragionamento su come distribuire, ad oggi, sul territorio i plessi scolastici, anche nell\u2019ottica dell\u2019organizzazione delle famiglie\u201d.<\/p><\/div>\n<div style=\"text-align: justify\"><\/div>\n<div style=\"text-align: justify\">Nel corso della cerimonia erano presenti anche il vicesindaco metropolitano, Carmelo Versace che ha dichiarato \u201cQuale migliore occasione se non quella dell\u2019apertura dell\u2019anno scolastico per procedere all\u2019inaugurazione del plesso in chiave moderna e adeguata alle nuove tecnologie, risultato raggiunto grazie ai fondi Pnrr. Si tratta della prima opera finanzia e la prima ad essere conclusa\u201d. Sugli aspetti tecnici dei lavori eseguiti \u00e8 intervenuto il dirigente metropolitano Giuseppe Vito Mezzatesta. \u201cLa struttura \u2013 ha detto &#8211; \u00e8 stata adeguata agli standard di legge e potr\u00e0 contare su tecnologie che, al giorno d\u2019oggi, non possono mancare come l\u2019installazione di un impianto fotovoltaico che consentir\u00e0 una gestione energetica green e la dotazione di strumenti domotici che offriranno la possibilit\u00e0 di un\u2019autoalimentazione energetica\u201d.<\/p>\n<p>Nello specifico i lavori del plesso scolastico \u2018Ferraris\u2019, hanno riguardato il rifacimento, previa demolizione dell\u2019esistente, di tutto il manto di copertura con l\u2019impermeabilizzazione del terrazzo dell\u2019ultimo piano, il rifacimento degli intonaci del secondo piano, il rinforzo strutturale dei solai fortemente compromessi dalle infiltrazioni piovane dal tetto di copertura e trattamento dei ferri d\u2019armatura, il rifacimento dei servizi igienici con sostituzione di tutte le rubinetterie e dei sanitari, la realizzazione di una controsoffittatura antincendio estesa a tutto il piano, la tinteggiatura del piano secondo, la predisposizione impianto antincendio piano secondo, il rifacimento impianto elettrico e di gestione domotizzata delle aule del secondo piano, la distribuzione degli impianti principale di energia piano terra e primo piano, la sostituzione degli infissi al piano terra, primo e secondo piano e la realizzazione dell\u2019impianto fotovoltaico per un importo complessivo di 2.1 milioni di euro.<\/p><\/div>\n","protected":false},"excerpt":{"rendered":"<p>\u201cSiamo molto contenti, come Citt\u00e0 metropolitana, di avere consegnato a Reggio Calabria i primi lavori sulle scuole realizzati con i fondi del Pnrr, in questo caso al \u2018Ferraris\u2019 che oggi,&hellip;<\/p>\n","protected":false},"author":12,"featured_media":58092,"comment_status":"closed","ping_status":"open","sticky":false,"template":"","format":"standard","meta":{"_jetpack_memberships_contains_paid_content":false,"footnotes":"","jetpack_publicize_message":"","jetpack_publicize_feature_enabled":true,"jetpack_social_post_already_shared":false,"jetpack_social_options":{"image_generator_settings":{"template":"highway","default_image_id":0,"font":"","enabled":false},"version":2}},"categories":[921,196,140],"tags":[22986,30465,35461,1834],"class_list":["post-58091","post","type-post","status-publish","format-standard","has-post-thumbnail","hentry","category-home","category-news","category-reggio-calabria","tag-avv-carmelo-versace","tag-falcomata-giuseppe","tag-inaugurazione-anno-scolastico","tag-ite-piria-ferraris-da-empoli"],"yoast_head":"<!-- This site is optimized with the Yoast SEO plugin v27.2 - https:\/\/yoast.com\/product\/yoast-seo-wordpress\/ -->\n<title>Falcomat\u00e0 e Versace all&#039;inaugurazione anno scolastico al Ferraris<\/title>\n<meta name=\"description\" content=\"Il Sindaco Falcomat\u00e0 ed il Vicesindaco Versace hanno partecipato all&#039;inaugurazione dell&#039;anno scolastico all&#039;istituto &quot;Ferraris&quot;\" \/>\n<meta name=\"robots\" content=\"index, follow, max-snippet:-1, max-image-preview:large, max-video-preview:-1\" \/>\n<link rel=\"canonical\" href=\"https:\/\/progettotouring.it\/radiotouring104\/2024\/09\/20\/reggio-sindaco-falcomata-e-vicesindaco-versace-inaugurano-lanno-scolastico-allistituto-ferraris\/\" \/>\n<meta property=\"og:locale\" content=\"it_IT\" \/>\n<meta property=\"og:type\" content=\"article\" \/>\n<meta property=\"og:title\" content=\"Falcomat\u00e0 e Versace all&#039;inaugurazione anno scolastico al Ferraris\" \/>\n<meta property=\"og:description\" content=\"Il Sindaco Falcomat\u00e0 ed il Vicesindaco Versace hanno partecipato all&#039;inaugurazione dell&#039;anno scolastico all&#039;istituto &quot;Ferraris&quot;\" \/>\n<meta property=\"og:url\" content=\"https:\/\/progettotouring.it\/radiotouring104\/2024\/09\/20\/reggio-sindaco-falcomata-e-vicesindaco-versace-inaugurano-lanno-scolastico-allistituto-ferraris\/\" \/>\n<meta property=\"og:site_name\" content=\"Radio Touring 104\" \/>\n<meta property=\"article:published_time\" content=\"2024-09-20T10:04:22+00:00\" \/>\n<meta property=\"og:image\" content=\"https:\/\/progettotouring.it\/radiotouring104\/wp-content\/uploads\/sites\/6\/2024\/09\/ferraris-1.jpeg\" \/>\n\t<meta property=\"og:image:width\" content=\"2016\" \/>\n\t<meta property=\"og:image:height\" content=\"1134\" \/>\n\t<meta property=\"og:image:type\" content=\"image\/jpeg\" \/>\n<meta name=\"author\" content=\"Sebastiano Plutino\" \/>\n<meta name=\"twitter:card\" content=\"summary_large_image\" \/>\n<meta name=\"twitter:label1\" content=\"Scritto da\" \/>\n\t<meta name=\"twitter:data1\" content=\"Sebastiano Plutino\" \/>\n\t<meta name=\"twitter:label2\" content=\"Tempo di lettura stimato\" \/>\n\t<meta name=\"twitter:data2\" content=\"3 minuti\" \/>\n<script type=\"application\/ld+json\" class=\"yoast-schema-graph\">{\"@context\":\"https:\/\/schema.org\",\"@graph\":[{\"@type\":\"Article\",\"@id\":\"https:\/\/progettotouring.it\/radiotouring104\/2024\/09\/20\/reggio-sindaco-falcomata-e-vicesindaco-versace-inaugurano-lanno-scolastico-allistituto-ferraris\/#article\",\"isPartOf\":{\"@id\":\"https:\/\/progettotouring.it\/radiotouring104\/2024\/09\/20\/reggio-sindaco-falcomata-e-vicesindaco-versace-inaugurano-lanno-scolastico-allistituto-ferraris\/\"},\"author\":{\"name\":\"Sebastiano Plutino\",\"@id\":\"https:\/\/progettotouring.it\/radiotouring104\/#\/schema\/person\/78613917f1851f041f7483f5af1d422e\"},\"headline\":\"Reggio: Sindaco Falcomat\u00e0 e Vicesindaco Versace inaugurano l&#8217;anno scolastico all&#8217;istituto &#8220;Ferraris&#8221;\",\"datePublished\":\"2024-09-20T10:04:22+00:00\",\"mainEntityOfPage\":{\"@id\":\"https:\/\/progettotouring.it\/radiotouring104\/2024\/09\/20\/reggio-sindaco-falcomata-e-vicesindaco-versace-inaugurano-lanno-scolastico-allistituto-ferraris\/\"},\"wordCount\":518,\"publisher\":{\"@id\":\"https:\/\/progettotouring.it\/radiotouring104\/#organization\"},\"image\":{\"@id\":\"https:\/\/progettotouring.it\/radiotouring104\/2024\/09\/20\/reggio-sindaco-falcomata-e-vicesindaco-versace-inaugurano-lanno-scolastico-allistituto-ferraris\/#primaryimage\"},\"thumbnailUrl\":\"https:\/\/progettotouring.it\/radiotouring104\/wp-content\/uploads\/sites\/6\/2024\/09\/ferraris-1.jpeg\",\"keywords\":[\"Avv. Carmelo Versace\",\"Falcomat\u00e0 Giuseppe\",\"inaugurazione anno scolastico\",\"ITE Piria- Ferraris- Da Empoli\"],\"articleSection\":[\"Home\",\"News\",\"Reggio Calabria\"],\"inLanguage\":\"it-IT\"},{\"@type\":\"WebPage\",\"@id\":\"https:\/\/progettotouring.it\/radiotouring104\/2024\/09\/20\/reggio-sindaco-falcomata-e-vicesindaco-versace-inaugurano-lanno-scolastico-allistituto-ferraris\/\",\"url\":\"https:\/\/progettotouring.it\/radiotouring104\/2024\/09\/20\/reggio-sindaco-falcomata-e-vicesindaco-versace-inaugurano-lanno-scolastico-allistituto-ferraris\/\",\"name\":\"Falcomat\u00e0 e Versace all'inaugurazione anno scolastico al Ferraris\",\"isPartOf\":{\"@id\":\"https:\/\/progettotouring.it\/radiotouring104\/#website\"},\"primaryImageOfPage\":{\"@id\":\"https:\/\/progettotouring.it\/radiotouring104\/2024\/09\/20\/reggio-sindaco-falcomata-e-vicesindaco-versace-inaugurano-lanno-scolastico-allistituto-ferraris\/#primaryimage\"},\"image\":{\"@id\":\"https:\/\/progettotouring.it\/radiotouring104\/2024\/09\/20\/reggio-sindaco-falcomata-e-vicesindaco-versace-inaugurano-lanno-scolastico-allistituto-ferraris\/#primaryimage\"},\"thumbnailUrl\":\"https:\/\/progettotouring.it\/radiotouring104\/wp-content\/uploads\/sites\/6\/2024\/09\/ferraris-1.jpeg\",\"datePublished\":\"2024-09-20T10:04:22+00:00\",\"description\":\"Il Sindaco Falcomat\u00e0 ed il Vicesindaco Versace hanno partecipato all'inaugurazione dell'anno scolastico all'istituto \\\"Ferraris\\\"\",\"breadcrumb\":{\"@id\":\"https:\/\/progettotouring.it\/radiotouring104\/2024\/09\/20\/reggio-sindaco-falcomata-e-vicesindaco-versace-inaugurano-lanno-scolastico-allistituto-ferraris\/#breadcrumb\"},\"inLanguage\":\"it-IT\",\"potentialAction\":[{\"@type\":\"ReadAction\",\"target\":[\"https:\/\/progettotouring.it\/radiotouring104\/2024\/09\/20\/reggio-sindaco-falcomata-e-vicesindaco-versace-inaugurano-lanno-scolastico-allistituto-ferraris\/\"]}]},{\"@type\":\"ImageObject\",\"inLanguage\":\"it-IT\",\"@id\":\"https:\/\/progettotouring.it\/radiotouring104\/2024\/09\/20\/reggio-sindaco-falcomata-e-vicesindaco-versace-inaugurano-lanno-scolastico-allistituto-ferraris\/#primaryimage\",\"url\":\"https:\/\/progettotouring.it\/radiotouring104\/wp-content\/uploads\/sites\/6\/2024\/09\/ferraris-1.jpeg\",\"contentUrl\":\"https:\/\/progettotouring.it\/radiotouring104\/wp-content\/uploads\/sites\/6\/2024\/09\/ferraris-1.jpeg\",\"width\":2016,\"height\":1134},{\"@type\":\"BreadcrumbList\",\"@id\":\"https:\/\/progettotouring.it\/radiotouring104\/2024\/09\/20\/reggio-sindaco-falcomata-e-vicesindaco-versace-inaugurano-lanno-scolastico-allistituto-ferraris\/#breadcrumb\",\"itemListElement\":[{\"@type\":\"ListItem\",\"position\":1,\"name\":\"Home\",\"item\":\"https:\/\/progettotouring.it\/radiotouring104\/\"},{\"@type\":\"ListItem\",\"position\":2,\"name\":\"Reggio: Sindaco Falcomat\u00e0 e Vicesindaco Versace inaugurano l&#8217;anno scolastico all&#8217;istituto &#8220;Ferraris&#8221;\"}]},{\"@type\":\"WebSite\",\"@id\":\"https:\/\/progettotouring.it\/radiotouring104\/#website\",\"url\":\"https:\/\/progettotouring.it\/radiotouring104\/\",\"name\":\"Radio Touring 104\",\"description\":\"La prima radio Reggina\",\"publisher\":{\"@id\":\"https:\/\/progettotouring.it\/radiotouring104\/#organization\"},\"potentialAction\":[{\"@type\":\"SearchAction\",\"target\":{\"@type\":\"EntryPoint\",\"urlTemplate\":\"https:\/\/progettotouring.it\/radiotouring104\/?s={search_term_string}\"},\"query-input\":{\"@type\":\"PropertyValueSpecification\",\"valueRequired\":true,\"valueName\":\"search_term_string\"}}],\"inLanguage\":\"it-IT\"},{\"@type\":\"Organization\",\"@id\":\"https:\/\/progettotouring.it\/radiotouring104\/#organization\",\"name\":\"Radio Touring 104\",\"url\":\"https:\/\/progettotouring.it\/radiotouring104\/\",\"logo\":{\"@type\":\"ImageObject\",\"inLanguage\":\"it-IT\",\"@id\":\"https:\/\/progettotouring.it\/radiotouring104\/#\/schema\/logo\/image\/\",\"url\":\"https:\/\/progettotouring.it\/radiotouring104\/wp-content\/uploads\/sites\/6\/2022\/02\/cropped-logo-radio-touring-104.png\",\"contentUrl\":\"https:\/\/progettotouring.it\/radiotouring104\/wp-content\/uploads\/sites\/6\/2022\/02\/cropped-logo-radio-touring-104.png\",\"width\":377,\"height\":182,\"caption\":\"Radio Touring 104\"},\"image\":{\"@id\":\"https:\/\/progettotouring.it\/radiotouring104\/#\/schema\/logo\/image\/\"}},{\"@type\":\"Person\",\"@id\":\"https:\/\/progettotouring.it\/radiotouring104\/#\/schema\/person\/78613917f1851f041f7483f5af1d422e\",\"name\":\"Sebastiano Plutino\",\"image\":{\"@type\":\"ImageObject\",\"inLanguage\":\"it-IT\",\"@id\":\"https:\/\/secure.gravatar.com\/avatar\/0546ffaa9b79224faf9f2a156b67a529ae861d3287c66c1d8ccfdf909bcba78d?s=96&d=mm&r=g\",\"url\":\"https:\/\/secure.gravatar.com\/avatar\/0546ffaa9b79224faf9f2a156b67a529ae861d3287c66c1d8ccfdf909bcba78d?s=96&d=mm&r=g\",\"contentUrl\":\"https:\/\/secure.gravatar.com\/avatar\/0546ffaa9b79224faf9f2a156b67a529ae861d3287c66c1d8ccfdf909bcba78d?s=96&d=mm&r=g\",\"caption\":\"Sebastiano Plutino\"},\"url\":\"https:\/\/progettotouring.it\/radiotouring104\/author\/sebastiano\/\"}]}<\/script>\n<!-- \/ Yoast SEO plugin. -->","yoast_head_json":{"title":"Falcomat\u00e0 e Versace all'inaugurazione anno scolastico al Ferraris","description":"Il Sindaco Falcomat\u00e0 ed il Vicesindaco Versace hanno partecipato all'inaugurazione dell'anno scolastico all'istituto \"Ferraris\"","robots":{"index":"index","follow":"follow","max-snippet":"max-snippet:-1","max-image-preview":"max-image-preview:large","max-video-preview":"max-video-preview:-1"},"canonical":"https:\/\/progettotouring.it\/radiotouring104\/2024\/09\/20\/reggio-sindaco-falcomata-e-vicesindaco-versace-inaugurano-lanno-scolastico-allistituto-ferraris\/","og_locale":"it_IT","og_type":"article","og_title":"Falcomat\u00e0 e Versace all'inaugurazione anno scolastico al Ferraris","og_description":"Il Sindaco Falcomat\u00e0 ed il Vicesindaco Versace hanno partecipato all'inaugurazione dell'anno scolastico all'istituto \"Ferraris\"","og_url":"https:\/\/progettotouring.it\/radiotouring104\/2024\/09\/20\/reggio-sindaco-falcomata-e-vicesindaco-versace-inaugurano-lanno-scolastico-allistituto-ferraris\/","og_site_name":"Radio Touring 104","article_published_time":"2024-09-20T10:04:22+00:00","og_image":[{"width":2016,"height":1134,"url":"https:\/\/progettotouring.it\/radiotouring104\/wp-content\/uploads\/sites\/6\/2024\/09\/ferraris-1.jpeg","type":"image\/jpeg"}],"author":"Sebastiano Plutino","twitter_card":"summary_large_image","twitter_misc":{"Scritto da":"Sebastiano Plutino","Tempo di lettura stimato":"3 minuti"},"schema":{"@context":"https:\/\/schema.org","@graph":[{"@type":"Article","@id":"https:\/\/progettotouring.it\/radiotouring104\/2024\/09\/20\/reggio-sindaco-falcomata-e-vicesindaco-versace-inaugurano-lanno-scolastico-allistituto-ferraris\/#article","isPartOf":{"@id":"https:\/\/progettotouring.it\/radiotouring104\/2024\/09\/20\/reggio-sindaco-falcomata-e-vicesindaco-versace-inaugurano-lanno-scolastico-allistituto-ferraris\/"},"author":{"name":"Sebastiano Plutino","@id":"https:\/\/progettotouring.it\/radiotouring104\/#\/schema\/person\/78613917f1851f041f7483f5af1d422e"},"headline":"Reggio: Sindaco Falcomat\u00e0 e Vicesindaco Versace inaugurano l&#8217;anno scolastico all&#8217;istituto &#8220;Ferraris&#8221;","datePublished":"2024-09-20T10:04:22+00:00","mainEntityOfPage":{"@id":"https:\/\/progettotouring.it\/radiotouring104\/2024\/09\/20\/reggio-sindaco-falcomata-e-vicesindaco-versace-inaugurano-lanno-scolastico-allistituto-ferraris\/"},"wordCount":518,"publisher":{"@id":"https:\/\/progettotouring.it\/radiotouring104\/#organization"},"image":{"@id":"https:\/\/progettotouring.it\/radiotouring104\/2024\/09\/20\/reggio-sindaco-falcomata-e-vicesindaco-versace-inaugurano-lanno-scolastico-allistituto-ferraris\/#primaryimage"},"thumbnailUrl":"https:\/\/progettotouring.it\/radiotouring104\/wp-content\/uploads\/sites\/6\/2024\/09\/ferraris-1.jpeg","keywords":["Avv. Carmelo Versace","Falcomat\u00e0 Giuseppe","inaugurazione anno scolastico","ITE Piria- Ferraris- Da Empoli"],"articleSection":["Home","News","Reggio Calabria"],"inLanguage":"it-IT"},{"@type":"WebPage","@id":"https:\/\/progettotouring.it\/radiotouring104\/2024\/09\/20\/reggio-sindaco-falcomata-e-vicesindaco-versace-inaugurano-lanno-scolastico-allistituto-ferraris\/","url":"https:\/\/progettotouring.it\/radiotouring104\/2024\/09\/20\/reggio-sindaco-falcomata-e-vicesindaco-versace-inaugurano-lanno-scolastico-allistituto-ferraris\/","name":"Falcomat\u00e0 e Versace all'inaugurazione anno scolastico al Ferraris","isPartOf":{"@id":"https:\/\/progettotouring.it\/radiotouring104\/#website"},"primaryImageOfPage":{"@id":"https:\/\/progettotouring.it\/radiotouring104\/2024\/09\/20\/reggio-sindaco-falcomata-e-vicesindaco-versace-inaugurano-lanno-scolastico-allistituto-ferraris\/#primaryimage"},"image":{"@id":"https:\/\/progettotouring.it\/radiotouring104\/2024\/09\/20\/reggio-sindaco-falcomata-e-vicesindaco-versace-inaugurano-lanno-scolastico-allistituto-ferraris\/#primaryimage"},"thumbnailUrl":"https:\/\/progettotouring.it\/radiotouring104\/wp-content\/uploads\/sites\/6\/2024\/09\/ferraris-1.jpeg","datePublished":"2024-09-20T10:04:22+00:00","description":"Il Sindaco Falcomat\u00e0 ed il Vicesindaco Versace hanno partecipato all'inaugurazione dell'anno scolastico all'istituto \"Ferraris\"","breadcrumb":{"@id":"https:\/\/progettotouring.it\/radiotouring104\/2024\/09\/20\/reggio-sindaco-falcomata-e-vicesindaco-versace-inaugurano-lanno-scolastico-allistituto-ferraris\/#breadcrumb"},"inLanguage":"it-IT","potentialAction":[{"@type":"ReadAction","target":["https:\/\/progettotouring.it\/radiotouring104\/2024\/09\/20\/reggio-sindaco-falcomata-e-vicesindaco-versace-inaugurano-lanno-scolastico-allistituto-ferraris\/"]}]},{"@type":"ImageObject","inLanguage":"it-IT","@id":"https:\/\/progettotouring.it\/radiotouring104\/2024\/09\/20\/reggio-sindaco-falcomata-e-vicesindaco-versace-inaugurano-lanno-scolastico-allistituto-ferraris\/#primaryimage","url":"https:\/\/progettotouring.it\/radiotouring104\/wp-content\/uploads\/sites\/6\/2024\/09\/ferraris-1.jpeg","contentUrl":"https:\/\/progettotouring.it\/radiotouring104\/wp-content\/uploads\/sites\/6\/2024\/09\/ferraris-1.jpeg","width":2016,"height":1134},{"@type":"BreadcrumbList","@id":"https:\/\/progettotouring.it\/radiotouring104\/2024\/09\/20\/reggio-sindaco-falcomata-e-vicesindaco-versace-inaugurano-lanno-scolastico-allistituto-ferraris\/#breadcrumb","itemListElement":[{"@type":"ListItem","position":1,"name":"Home","item":"https:\/\/progettotouring.it\/radiotouring104\/"},{"@type":"ListItem","position":2,"name":"Reggio: Sindaco Falcomat\u00e0 e Vicesindaco Versace inaugurano l&#8217;anno scolastico all&#8217;istituto &#8220;Ferraris&#8221;"}]},{"@type":"WebSite","@id":"https:\/\/progettotouring.it\/radiotouring104\/#website","url":"https:\/\/progettotouring.it\/radiotouring104\/","name":"Radio Touring 104","description":"La prima radio Reggina","publisher":{"@id":"https:\/\/progettotouring.it\/radiotouring104\/#organization"},"potentialAction":[{"@type":"SearchAction","target":{"@type":"EntryPoint","urlTemplate":"https:\/\/progettotouring.it\/radiotouring104\/?s={search_term_string}"},"query-input":{"@type":"PropertyValueSpecification","valueRequired":true,"valueName":"search_term_string"}}],"inLanguage":"it-IT"},{"@type":"Organization","@id":"https:\/\/progettotouring.it\/radiotouring104\/#organization","name":"Radio Touring 104","url":"https:\/\/progettotouring.it\/radiotouring104\/","logo":{"@type":"ImageObject","inLanguage":"it-IT","@id":"https:\/\/progettotouring.it\/radiotouring104\/#\/schema\/logo\/image\/","url":"https:\/\/progettotouring.it\/radiotouring104\/wp-content\/uploads\/sites\/6\/2022\/02\/cropped-logo-radio-touring-104.png","contentUrl":"https:\/\/progettotouring.it\/radiotouring104\/wp-content\/uploads\/sites\/6\/2022\/02\/cropped-logo-radio-touring-104.png","width":377,"height":182,"caption":"Radio Touring 104"},"image":{"@id":"https:\/\/progettotouring.it\/radiotouring104\/#\/schema\/logo\/image\/"}},{"@type":"Person","@id":"https:\/\/progettotouring.it\/radiotouring104\/#\/schema\/person\/78613917f1851f041f7483f5af1d422e","name":"Sebastiano Plutino","image":{"@type":"ImageObject","inLanguage":"it-IT","@id":"https:\/\/secure.gravatar.com\/avatar\/0546ffaa9b79224faf9f2a156b67a529ae861d3287c66c1d8ccfdf909bcba78d?s=96&d=mm&r=g","url":"https:\/\/secure.gravatar.com\/avatar\/0546ffaa9b79224faf9f2a156b67a529ae861d3287c66c1d8ccfdf909bcba78d?s=96&d=mm&r=g","contentUrl":"https:\/\/secure.gravatar.com\/avatar\/0546ffaa9b79224faf9f2a156b67a529ae861d3287c66c1d8ccfdf909bcba78d?s=96&d=mm&r=g","caption":"Sebastiano Plutino"},"url":"https:\/\/progettotouring.it\/radiotouring104\/author\/sebastiano\/"}]}},"jetpack_publicize_connections":[],"jetpack_featured_media_url":"https:\/\/progettotouring.it\/radiotouring104\/wp-content\/uploads\/sites\/6\/2024\/09\/ferraris-1.jpeg","jetpack_sharing_enabled":true,"_links":{"self":[{"href":"https:\/\/progettotouring.it\/radiotouring104\/wp-json\/wp\/v2\/posts\/58091","targetHints":{"allow":["GET"]}}],"collection":[{"href":"https:\/\/progettotouring.it\/radiotouring104\/wp-json\/wp\/v2\/posts"}],"about":[{"href":"https:\/\/progettotouring.it\/radiotouring104\/wp-json\/wp\/v2\/types\/post"}],"author":[{"embeddable":true,"href":"https:\/\/progettotouring.it\/radiotouring104\/wp-json\/wp\/v2\/users\/12"}],"replies":[{"embeddable":true,"href":"https:\/\/progettotouring.it\/radiotouring104\/wp-json\/wp\/v2\/comments?post=58091"}],"version-history":[{"count":1,"href":"https:\/\/progettotouring.it\/radiotouring104\/wp-json\/wp\/v2\/posts\/58091\/revisions"}],"predecessor-version":[{"id":58093,"href":"https:\/\/progettotouring.it\/radiotouring104\/wp-json\/wp\/v2\/posts\/58091\/revisions\/58093"}],"wp:featuredmedia":[{"embeddable":true,"href":"https:\/\/progettotouring.it\/radiotouring104\/wp-json\/wp\/v2\/media\/58092"}],"wp:attachment":[{"href":"https:\/\/progettotouring.it\/radiotouring104\/wp-json\/wp\/v2\/media?parent=58091"}],"wp:term":[{"taxonomy":"category","embeddable":true,"href":"https:\/\/progettotouring.it\/radiotouring104\/wp-json\/wp\/v2\/categories?post=58091"},{"taxonomy":"post_tag","embeddable":true,"href":"https:\/\/progettotouring.it\/radiotouring104\/wp-json\/wp\/v2\/tags?post=58091"}],"curies":[{"name":"wp","href":"https:\/\/api.w.org\/{rel}","templated":true}]}}