{"id":58097,"date":"2024-09-20T12:10:13","date_gmt":"2024-09-20T10:10:13","guid":{"rendered":"https:\/\/progettotouring.it\/radiotouring104\/?p=58097"},"modified":"2024-09-20T12:10:13","modified_gmt":"2024-09-20T10:10:13","slug":"reggio-il-vicesindaco-brunetti-alla-presentazione-della-nuova-edizione-di-bergare","status":"publish","type":"post","link":"https:\/\/progettotouring.it\/radiotouring104\/2024\/09\/20\/reggio-il-vicesindaco-brunetti-alla-presentazione-della-nuova-edizione-di-bergare\/","title":{"rendered":"Reggio: il Vicesindaco Brunetti alla presentazione della nuova edizione di &#8220;Bergar\u00e8&#8221;"},"content":{"rendered":"<div>Si \u00e8 svolta presso la Camera di Commercio di Reggio Calabria la conferenza stampa di presentazione della nuova edizione di \u201cBergar\u00e8\u201d, la manifestazione tematica sul bergamotto. L\u2019evento \u00e8 stato descritto puntualmente dal Presidente Ninni Tramontana in presenza della vicepresidente Patrizia Rodi Campolo, della segretaria Natina Crea e degli ospiti istituzionali il vicesindaco del Comune di Reggio Paolo Brunetti ed il magnifico Rettore della Mediterranea Giuseppe Zimbalatti.\u00a0Presenti in sala, oltre il Consigliere delegato al turismo Giovanni Latella, anche i rappresentanti delle associazioni di categoria che hanno aderito e contribuito all\u2019organizzazione dell\u2019iniziativa nonch\u00e9 quelli dei vari partners.<\/p>\n<div style=\"text-align: justify\">\nL\u2019evento si svolger\u00e0 dal 3 al 6 di ottobre presso il Castello Aragonese con un ricco e variegato programma grazie alla sinergia con vari soggetti territoriali: una mostra di foto, strumentazioni ed altri elementi, molti in custodia presso la Stazione Sperimentale delle Essenze, a cura dell\u2019Accademia di Belle Arti; il \u201cVillaggio di Bergar\u00e8\u201d con le imprese della filiera del bergamotto, l\u2019area \u201cStreet food\u201d curata da circa 40 aziende con intrattenimento musicale e esibizioni dal vivo offerte dalla Citt\u00e0 Metropolitana, \u201cBergar\u00e8 in tavola\u201d per degustare le preparazioni a base di bergamotto di 8 ristoranti reggini che hanno aderito all\u2019iniziativa.<\/div>\n<div style=\"text-align: justify\"><\/div>\n<div style=\"text-align: justify\">Non mancheranno i dolci con La Pasticceria incontra il Bergamotto, il vino con il consorzio di Bivongi e Vinum Reginum, \u201cArea Talk\u201d per incontri tematici di confronto ed approfondimento, l\u2019anteprima nazionale dello spettacolo teatrale \u201cIl giro d\u2019Italia in 80 dolci\u201d di Tiziana Di Masi (alias \u201cLa Signora in Dolce\u201d).<\/p>\n<p>Di assoluto rilievo anche l\u2019Hackathon Berga-Thon (una maratona creativa con varie start-up) e il workshop \u201cBergamotto di Reggio Calabria: tra identit\u00e0 locale e attrattivit\u00e0 turistica\u201d per approfondire e divulgare le qualit\u00e0 del prezioso agrume in ogni ambito, con un accento particolare alle ricadute sul settore turistico e dell\u2019innovazione quale volano di sviluppo del territorio. Spazio anche ad un \u201cPress tour\u201d con giornalisti, blogger, influencer ed esperti di settore provenienti da tutta Italia.<\/p>\n<p>Parteciper\u00e0 all\u2019evento Bergar\u00e8 anche una delegazione di tour operator e buyer francesi dell\u2019agroalimentare, in visita nel nostro territorio nell\u2019ambito di un progetto in atto con la Camera di commercio italiana in Francia di Marsiglia.<\/p>\n<p>Per il vicesindaco Brunetti il Bergar\u00e8 \u00e8 divenuto ormai \u201cun appuntamento fisso, anche se alla seconda edizione, che d\u00e0 l\u2019opportunit\u00e0 di mettere in risalto i nostri tesori; ovviamente, in tal caso, il bergamotto. Un prodotto spesso poco conosciuto anche dai nostri stessi concittadini che pu\u00f2 essere impiegato tanto in cucina e pasticceria quanto nella farmaceutica. La Camera di Commercio ha dato prova, gi\u00e0 l\u2019anno scorso alla prima edizione, di saper gestire in modo eccezionale questa iniziativa tanto da riuscire ad immaginare difficilmente di poter superare il livello gi\u00e0 raggiunto l\u2019anno scorso, ma siamo fiduciosi che tutto ci\u00f2 avverr\u00e0 con un ulteriore evento di qualit\u00e0 che consentir\u00e0 di raccontare i migliori aspetti della nostra citt\u00e0\u201d.<\/p>\n<p>Il vicesindaco ha anche sollecitato le associazioni di categoria, dopo averle ringraziate per la loro preziosa collaborazione, a sensibilizzare gli operatori del settore della ristorazione e dell&#8217;enogastronomia a proporre maggiormente a turisti e visitatori i nostri prodotti locali e, soprattutto, quelli a base di bergamotto.<\/p><\/div>\n<\/div>\n","protected":false},"excerpt":{"rendered":"<p>Si \u00e8 svolta presso la Camera di Commercio di Reggio Calabria la conferenza stampa di presentazione della nuova edizione di \u201cBergar\u00e8\u201d, la manifestazione tematica sul bergamotto. L\u2019evento \u00e8 stato descritto&hellip;<\/p>\n","protected":false},"author":12,"featured_media":58098,"comment_status":"closed","ping_status":"open","sticky":false,"template":"","format":"standard","meta":{"_jetpack_memberships_contains_paid_content":false,"footnotes":"","jetpack_publicize_message":"","jetpack_publicize_feature_enabled":true,"jetpack_social_post_already_shared":false,"jetpack_social_options":{"image_generator_settings":{"template":"highway","default_image_id":0,"font":"","enabled":false},"version":2}},"categories":[921,140],"tags":[4962,15973,35586,19950],"class_list":["post-58097","post","type-post","status-publish","format-standard","has-post-thumbnail","hentry","category-home","category-reggio-calabria","tag-bergare","tag-confcommercio-di-reggio-calabria","tag-presentazione-nuova-edizione","tag-sindaco-brunetti"],"yoast_head":"<!-- This site is optimized with the Yoast SEO plugin v27.2 - https:\/\/yoast.com\/product\/yoast-seo-wordpress\/ -->\n<title>Reggio: Brunetti alla presentazione di &quot;Bergar\u00e8&quot;<\/title>\n<meta name=\"description\" content=\"Il Vicesindaco Brunetti ha partecipato alla presentazione della nuova edizione, dedicata al bergamotto, promossa da Confocommercio Rc\" \/>\n<meta name=\"robots\" content=\"index, follow, max-snippet:-1, max-image-preview:large, max-video-preview:-1\" \/>\n<link rel=\"canonical\" href=\"https:\/\/progettotouring.it\/radiotouring104\/2024\/09\/20\/reggio-il-vicesindaco-brunetti-alla-presentazione-della-nuova-edizione-di-bergare\/\" \/>\n<meta property=\"og:locale\" content=\"it_IT\" \/>\n<meta property=\"og:type\" content=\"article\" \/>\n<meta property=\"og:title\" content=\"Reggio: Brunetti alla presentazione di &quot;Bergar\u00e8&quot;\" \/>\n<meta property=\"og:description\" content=\"Il Vicesindaco Brunetti ha partecipato alla presentazione della nuova edizione, dedicata al bergamotto, promossa da Confocommercio Rc\" \/>\n<meta property=\"og:url\" content=\"https:\/\/progettotouring.it\/radiotouring104\/2024\/09\/20\/reggio-il-vicesindaco-brunetti-alla-presentazione-della-nuova-edizione-di-bergare\/\" \/>\n<meta property=\"og:site_name\" content=\"Radio Touring 104\" \/>\n<meta property=\"article:published_time\" content=\"2024-09-20T10:10:13+00:00\" \/>\n<meta property=\"og:image\" content=\"https:\/\/progettotouring.it\/radiotouring104\/wp-content\/uploads\/sites\/6\/2024\/09\/bergare-brunetti.jpeg\" \/>\n\t<meta property=\"og:image:width\" content=\"2040\" \/>\n\t<meta property=\"og:image:height\" content=\"1530\" \/>\n\t<meta property=\"og:image:type\" content=\"image\/jpeg\" \/>\n<meta name=\"author\" content=\"Sebastiano Plutino\" \/>\n<meta name=\"twitter:card\" content=\"summary_large_image\" \/>\n<meta name=\"twitter:label1\" content=\"Scritto da\" \/>\n\t<meta name=\"twitter:data1\" content=\"Sebastiano Plutino\" \/>\n\t<meta name=\"twitter:label2\" content=\"Tempo di lettura stimato\" \/>\n\t<meta name=\"twitter:data2\" content=\"3 minuti\" \/>\n<script type=\"application\/ld+json\" class=\"yoast-schema-graph\">{\"@context\":\"https:\/\/schema.org\",\"@graph\":[{\"@type\":\"Article\",\"@id\":\"https:\/\/progettotouring.it\/radiotouring104\/2024\/09\/20\/reggio-il-vicesindaco-brunetti-alla-presentazione-della-nuova-edizione-di-bergare\/#article\",\"isPartOf\":{\"@id\":\"https:\/\/progettotouring.it\/radiotouring104\/2024\/09\/20\/reggio-il-vicesindaco-brunetti-alla-presentazione-della-nuova-edizione-di-bergare\/\"},\"author\":{\"name\":\"Sebastiano Plutino\",\"@id\":\"https:\/\/progettotouring.it\/radiotouring104\/#\/schema\/person\/78613917f1851f041f7483f5af1d422e\"},\"headline\":\"Reggio: il Vicesindaco Brunetti alla presentazione della nuova edizione di &#8220;Bergar\u00e8&#8221;\",\"datePublished\":\"2024-09-20T10:10:13+00:00\",\"mainEntityOfPage\":{\"@id\":\"https:\/\/progettotouring.it\/radiotouring104\/2024\/09\/20\/reggio-il-vicesindaco-brunetti-alla-presentazione-della-nuova-edizione-di-bergare\/\"},\"wordCount\":528,\"publisher\":{\"@id\":\"https:\/\/progettotouring.it\/radiotouring104\/#organization\"},\"image\":{\"@id\":\"https:\/\/progettotouring.it\/radiotouring104\/2024\/09\/20\/reggio-il-vicesindaco-brunetti-alla-presentazione-della-nuova-edizione-di-bergare\/#primaryimage\"},\"thumbnailUrl\":\"https:\/\/progettotouring.it\/radiotouring104\/wp-content\/uploads\/sites\/6\/2024\/09\/bergare-brunetti.jpeg\",\"keywords\":[\"bergar\u00e9\",\"Confcommercio di Reggio Calabria\",\"presentazione nuova edizione\",\"Sindaco Brunetti.\"],\"articleSection\":[\"Home\",\"Reggio Calabria\"],\"inLanguage\":\"it-IT\"},{\"@type\":\"WebPage\",\"@id\":\"https:\/\/progettotouring.it\/radiotouring104\/2024\/09\/20\/reggio-il-vicesindaco-brunetti-alla-presentazione-della-nuova-edizione-di-bergare\/\",\"url\":\"https:\/\/progettotouring.it\/radiotouring104\/2024\/09\/20\/reggio-il-vicesindaco-brunetti-alla-presentazione-della-nuova-edizione-di-bergare\/\",\"name\":\"Reggio: Brunetti alla presentazione di \\\"Bergar\u00e8\\\"\",\"isPartOf\":{\"@id\":\"https:\/\/progettotouring.it\/radiotouring104\/#website\"},\"primaryImageOfPage\":{\"@id\":\"https:\/\/progettotouring.it\/radiotouring104\/2024\/09\/20\/reggio-il-vicesindaco-brunetti-alla-presentazione-della-nuova-edizione-di-bergare\/#primaryimage\"},\"image\":{\"@id\":\"https:\/\/progettotouring.it\/radiotouring104\/2024\/09\/20\/reggio-il-vicesindaco-brunetti-alla-presentazione-della-nuova-edizione-di-bergare\/#primaryimage\"},\"thumbnailUrl\":\"https:\/\/progettotouring.it\/radiotouring104\/wp-content\/uploads\/sites\/6\/2024\/09\/bergare-brunetti.jpeg\",\"datePublished\":\"2024-09-20T10:10:13+00:00\",\"description\":\"Il Vicesindaco Brunetti ha partecipato alla presentazione della nuova edizione, dedicata al bergamotto, promossa da Confocommercio Rc\",\"breadcrumb\":{\"@id\":\"https:\/\/progettotouring.it\/radiotouring104\/2024\/09\/20\/reggio-il-vicesindaco-brunetti-alla-presentazione-della-nuova-edizione-di-bergare\/#breadcrumb\"},\"inLanguage\":\"it-IT\",\"potentialAction\":[{\"@type\":\"ReadAction\",\"target\":[\"https:\/\/progettotouring.it\/radiotouring104\/2024\/09\/20\/reggio-il-vicesindaco-brunetti-alla-presentazione-della-nuova-edizione-di-bergare\/\"]}]},{\"@type\":\"ImageObject\",\"inLanguage\":\"it-IT\",\"@id\":\"https:\/\/progettotouring.it\/radiotouring104\/2024\/09\/20\/reggio-il-vicesindaco-brunetti-alla-presentazione-della-nuova-edizione-di-bergare\/#primaryimage\",\"url\":\"https:\/\/progettotouring.it\/radiotouring104\/wp-content\/uploads\/sites\/6\/2024\/09\/bergare-brunetti.jpeg\",\"contentUrl\":\"https:\/\/progettotouring.it\/radiotouring104\/wp-content\/uploads\/sites\/6\/2024\/09\/bergare-brunetti.jpeg\",\"width\":2040,\"height\":1530},{\"@type\":\"BreadcrumbList\",\"@id\":\"https:\/\/progettotouring.it\/radiotouring104\/2024\/09\/20\/reggio-il-vicesindaco-brunetti-alla-presentazione-della-nuova-edizione-di-bergare\/#breadcrumb\",\"itemListElement\":[{\"@type\":\"ListItem\",\"position\":1,\"name\":\"Home\",\"item\":\"https:\/\/progettotouring.it\/radiotouring104\/\"},{\"@type\":\"ListItem\",\"position\":2,\"name\":\"Reggio: il Vicesindaco Brunetti alla presentazione della nuova edizione di &#8220;Bergar\u00e8&#8221;\"}]},{\"@type\":\"WebSite\",\"@id\":\"https:\/\/progettotouring.it\/radiotouring104\/#website\",\"url\":\"https:\/\/progettotouring.it\/radiotouring104\/\",\"name\":\"Radio Touring 104\",\"description\":\"La prima radio Reggina\",\"publisher\":{\"@id\":\"https:\/\/progettotouring.it\/radiotouring104\/#organization\"},\"potentialAction\":[{\"@type\":\"SearchAction\",\"target\":{\"@type\":\"EntryPoint\",\"urlTemplate\":\"https:\/\/progettotouring.it\/radiotouring104\/?s={search_term_string}\"},\"query-input\":{\"@type\":\"PropertyValueSpecification\",\"valueRequired\":true,\"valueName\":\"search_term_string\"}}],\"inLanguage\":\"it-IT\"},{\"@type\":\"Organization\",\"@id\":\"https:\/\/progettotouring.it\/radiotouring104\/#organization\",\"name\":\"Radio Touring 104\",\"url\":\"https:\/\/progettotouring.it\/radiotouring104\/\",\"logo\":{\"@type\":\"ImageObject\",\"inLanguage\":\"it-IT\",\"@id\":\"https:\/\/progettotouring.it\/radiotouring104\/#\/schema\/logo\/image\/\",\"url\":\"https:\/\/progettotouring.it\/radiotouring104\/wp-content\/uploads\/sites\/6\/2022\/02\/cropped-logo-radio-touring-104.png\",\"contentUrl\":\"https:\/\/progettotouring.it\/radiotouring104\/wp-content\/uploads\/sites\/6\/2022\/02\/cropped-logo-radio-touring-104.png\",\"width\":377,\"height\":182,\"caption\":\"Radio Touring 104\"},\"image\":{\"@id\":\"https:\/\/progettotouring.it\/radiotouring104\/#\/schema\/logo\/image\/\"}},{\"@type\":\"Person\",\"@id\":\"https:\/\/progettotouring.it\/radiotouring104\/#\/schema\/person\/78613917f1851f041f7483f5af1d422e\",\"name\":\"Sebastiano Plutino\",\"image\":{\"@type\":\"ImageObject\",\"inLanguage\":\"it-IT\",\"@id\":\"https:\/\/secure.gravatar.com\/avatar\/0546ffaa9b79224faf9f2a156b67a529ae861d3287c66c1d8ccfdf909bcba78d?s=96&d=mm&r=g\",\"url\":\"https:\/\/secure.gravatar.com\/avatar\/0546ffaa9b79224faf9f2a156b67a529ae861d3287c66c1d8ccfdf909bcba78d?s=96&d=mm&r=g\",\"contentUrl\":\"https:\/\/secure.gravatar.com\/avatar\/0546ffaa9b79224faf9f2a156b67a529ae861d3287c66c1d8ccfdf909bcba78d?s=96&d=mm&r=g\",\"caption\":\"Sebastiano Plutino\"},\"url\":\"https:\/\/progettotouring.it\/radiotouring104\/author\/sebastiano\/\"}]}<\/script>\n<!-- \/ Yoast SEO plugin. -->","yoast_head_json":{"title":"Reggio: Brunetti alla presentazione di \"Bergar\u00e8\"","description":"Il Vicesindaco Brunetti ha partecipato alla presentazione della nuova edizione, dedicata al bergamotto, promossa da Confocommercio Rc","robots":{"index":"index","follow":"follow","max-snippet":"max-snippet:-1","max-image-preview":"max-image-preview:large","max-video-preview":"max-video-preview:-1"},"canonical":"https:\/\/progettotouring.it\/radiotouring104\/2024\/09\/20\/reggio-il-vicesindaco-brunetti-alla-presentazione-della-nuova-edizione-di-bergare\/","og_locale":"it_IT","og_type":"article","og_title":"Reggio: Brunetti alla presentazione di \"Bergar\u00e8\"","og_description":"Il Vicesindaco Brunetti ha partecipato alla presentazione della nuova edizione, dedicata al bergamotto, promossa da Confocommercio Rc","og_url":"https:\/\/progettotouring.it\/radiotouring104\/2024\/09\/20\/reggio-il-vicesindaco-brunetti-alla-presentazione-della-nuova-edizione-di-bergare\/","og_site_name":"Radio Touring 104","article_published_time":"2024-09-20T10:10:13+00:00","og_image":[{"width":2040,"height":1530,"url":"https:\/\/progettotouring.it\/radiotouring104\/wp-content\/uploads\/sites\/6\/2024\/09\/bergare-brunetti.jpeg","type":"image\/jpeg"}],"author":"Sebastiano Plutino","twitter_card":"summary_large_image","twitter_misc":{"Scritto da":"Sebastiano Plutino","Tempo di lettura stimato":"3 minuti"},"schema":{"@context":"https:\/\/schema.org","@graph":[{"@type":"Article","@id":"https:\/\/progettotouring.it\/radiotouring104\/2024\/09\/20\/reggio-il-vicesindaco-brunetti-alla-presentazione-della-nuova-edizione-di-bergare\/#article","isPartOf":{"@id":"https:\/\/progettotouring.it\/radiotouring104\/2024\/09\/20\/reggio-il-vicesindaco-brunetti-alla-presentazione-della-nuova-edizione-di-bergare\/"},"author":{"name":"Sebastiano Plutino","@id":"https:\/\/progettotouring.it\/radiotouring104\/#\/schema\/person\/78613917f1851f041f7483f5af1d422e"},"headline":"Reggio: il Vicesindaco Brunetti alla presentazione della nuova edizione di &#8220;Bergar\u00e8&#8221;","datePublished":"2024-09-20T10:10:13+00:00","mainEntityOfPage":{"@id":"https:\/\/progettotouring.it\/radiotouring104\/2024\/09\/20\/reggio-il-vicesindaco-brunetti-alla-presentazione-della-nuova-edizione-di-bergare\/"},"wordCount":528,"publisher":{"@id":"https:\/\/progettotouring.it\/radiotouring104\/#organization"},"image":{"@id":"https:\/\/progettotouring.it\/radiotouring104\/2024\/09\/20\/reggio-il-vicesindaco-brunetti-alla-presentazione-della-nuova-edizione-di-bergare\/#primaryimage"},"thumbnailUrl":"https:\/\/progettotouring.it\/radiotouring104\/wp-content\/uploads\/sites\/6\/2024\/09\/bergare-brunetti.jpeg","keywords":["bergar\u00e9","Confcommercio di Reggio Calabria","presentazione nuova edizione","Sindaco Brunetti."],"articleSection":["Home","Reggio Calabria"],"inLanguage":"it-IT"},{"@type":"WebPage","@id":"https:\/\/progettotouring.it\/radiotouring104\/2024\/09\/20\/reggio-il-vicesindaco-brunetti-alla-presentazione-della-nuova-edizione-di-bergare\/","url":"https:\/\/progettotouring.it\/radiotouring104\/2024\/09\/20\/reggio-il-vicesindaco-brunetti-alla-presentazione-della-nuova-edizione-di-bergare\/","name":"Reggio: Brunetti alla presentazione di \"Bergar\u00e8\"","isPartOf":{"@id":"https:\/\/progettotouring.it\/radiotouring104\/#website"},"primaryImageOfPage":{"@id":"https:\/\/progettotouring.it\/radiotouring104\/2024\/09\/20\/reggio-il-vicesindaco-brunetti-alla-presentazione-della-nuova-edizione-di-bergare\/#primaryimage"},"image":{"@id":"https:\/\/progettotouring.it\/radiotouring104\/2024\/09\/20\/reggio-il-vicesindaco-brunetti-alla-presentazione-della-nuova-edizione-di-bergare\/#primaryimage"},"thumbnailUrl":"https:\/\/progettotouring.it\/radiotouring104\/wp-content\/uploads\/sites\/6\/2024\/09\/bergare-brunetti.jpeg","datePublished":"2024-09-20T10:10:13+00:00","description":"Il Vicesindaco Brunetti ha partecipato alla presentazione della nuova edizione, dedicata al bergamotto, promossa da Confocommercio Rc","breadcrumb":{"@id":"https:\/\/progettotouring.it\/radiotouring104\/2024\/09\/20\/reggio-il-vicesindaco-brunetti-alla-presentazione-della-nuova-edizione-di-bergare\/#breadcrumb"},"inLanguage":"it-IT","potentialAction":[{"@type":"ReadAction","target":["https:\/\/progettotouring.it\/radiotouring104\/2024\/09\/20\/reggio-il-vicesindaco-brunetti-alla-presentazione-della-nuova-edizione-di-bergare\/"]}]},{"@type":"ImageObject","inLanguage":"it-IT","@id":"https:\/\/progettotouring.it\/radiotouring104\/2024\/09\/20\/reggio-il-vicesindaco-brunetti-alla-presentazione-della-nuova-edizione-di-bergare\/#primaryimage","url":"https:\/\/progettotouring.it\/radiotouring104\/wp-content\/uploads\/sites\/6\/2024\/09\/bergare-brunetti.jpeg","contentUrl":"https:\/\/progettotouring.it\/radiotouring104\/wp-content\/uploads\/sites\/6\/2024\/09\/bergare-brunetti.jpeg","width":2040,"height":1530},{"@type":"BreadcrumbList","@id":"https:\/\/progettotouring.it\/radiotouring104\/2024\/09\/20\/reggio-il-vicesindaco-brunetti-alla-presentazione-della-nuova-edizione-di-bergare\/#breadcrumb","itemListElement":[{"@type":"ListItem","position":1,"name":"Home","item":"https:\/\/progettotouring.it\/radiotouring104\/"},{"@type":"ListItem","position":2,"name":"Reggio: il Vicesindaco Brunetti alla presentazione della nuova edizione di &#8220;Bergar\u00e8&#8221;"}]},{"@type":"WebSite","@id":"https:\/\/progettotouring.it\/radiotouring104\/#website","url":"https:\/\/progettotouring.it\/radiotouring104\/","name":"Radio Touring 104","description":"La prima radio Reggina","publisher":{"@id":"https:\/\/progettotouring.it\/radiotouring104\/#organization"},"potentialAction":[{"@type":"SearchAction","target":{"@type":"EntryPoint","urlTemplate":"https:\/\/progettotouring.it\/radiotouring104\/?s={search_term_string}"},"query-input":{"@type":"PropertyValueSpecification","valueRequired":true,"valueName":"search_term_string"}}],"inLanguage":"it-IT"},{"@type":"Organization","@id":"https:\/\/progettotouring.it\/radiotouring104\/#organization","name":"Radio Touring 104","url":"https:\/\/progettotouring.it\/radiotouring104\/","logo":{"@type":"ImageObject","inLanguage":"it-IT","@id":"https:\/\/progettotouring.it\/radiotouring104\/#\/schema\/logo\/image\/","url":"https:\/\/progettotouring.it\/radiotouring104\/wp-content\/uploads\/sites\/6\/2022\/02\/cropped-logo-radio-touring-104.png","contentUrl":"https:\/\/progettotouring.it\/radiotouring104\/wp-content\/uploads\/sites\/6\/2022\/02\/cropped-logo-radio-touring-104.png","width":377,"height":182,"caption":"Radio Touring 104"},"image":{"@id":"https:\/\/progettotouring.it\/radiotouring104\/#\/schema\/logo\/image\/"}},{"@type":"Person","@id":"https:\/\/progettotouring.it\/radiotouring104\/#\/schema\/person\/78613917f1851f041f7483f5af1d422e","name":"Sebastiano Plutino","image":{"@type":"ImageObject","inLanguage":"it-IT","@id":"https:\/\/secure.gravatar.com\/avatar\/0546ffaa9b79224faf9f2a156b67a529ae861d3287c66c1d8ccfdf909bcba78d?s=96&d=mm&r=g","url":"https:\/\/secure.gravatar.com\/avatar\/0546ffaa9b79224faf9f2a156b67a529ae861d3287c66c1d8ccfdf909bcba78d?s=96&d=mm&r=g","contentUrl":"https:\/\/secure.gravatar.com\/avatar\/0546ffaa9b79224faf9f2a156b67a529ae861d3287c66c1d8ccfdf909bcba78d?s=96&d=mm&r=g","caption":"Sebastiano Plutino"},"url":"https:\/\/progettotouring.it\/radiotouring104\/author\/sebastiano\/"}]}},"jetpack_publicize_connections":[],"jetpack_featured_media_url":"https:\/\/progettotouring.it\/radiotouring104\/wp-content\/uploads\/sites\/6\/2024\/09\/bergare-brunetti.jpeg","jetpack_sharing_enabled":true,"_links":{"self":[{"href":"https:\/\/progettotouring.it\/radiotouring104\/wp-json\/wp\/v2\/posts\/58097","targetHints":{"allow":["GET"]}}],"collection":[{"href":"https:\/\/progettotouring.it\/radiotouring104\/wp-json\/wp\/v2\/posts"}],"about":[{"href":"https:\/\/progettotouring.it\/radiotouring104\/wp-json\/wp\/v2\/types\/post"}],"author":[{"embeddable":true,"href":"https:\/\/progettotouring.it\/radiotouring104\/wp-json\/wp\/v2\/users\/12"}],"replies":[{"embeddable":true,"href":"https:\/\/progettotouring.it\/radiotouring104\/wp-json\/wp\/v2\/comments?post=58097"}],"version-history":[{"count":1,"href":"https:\/\/progettotouring.it\/radiotouring104\/wp-json\/wp\/v2\/posts\/58097\/revisions"}],"predecessor-version":[{"id":58099,"href":"https:\/\/progettotouring.it\/radiotouring104\/wp-json\/wp\/v2\/posts\/58097\/revisions\/58099"}],"wp:featuredmedia":[{"embeddable":true,"href":"https:\/\/progettotouring.it\/radiotouring104\/wp-json\/wp\/v2\/media\/58098"}],"wp:attachment":[{"href":"https:\/\/progettotouring.it\/radiotouring104\/wp-json\/wp\/v2\/media?parent=58097"}],"wp:term":[{"taxonomy":"category","embeddable":true,"href":"https:\/\/progettotouring.it\/radiotouring104\/wp-json\/wp\/v2\/categories?post=58097"},{"taxonomy":"post_tag","embeddable":true,"href":"https:\/\/progettotouring.it\/radiotouring104\/wp-json\/wp\/v2\/tags?post=58097"}],"curies":[{"name":"wp","href":"https:\/\/api.w.org\/{rel}","templated":true}]}}