{"id":58104,"date":"2024-09-20T12:18:53","date_gmt":"2024-09-20T10:18:53","guid":{"rendered":"https:\/\/progettotouring.it\/radiotouring104\/?p=58104"},"modified":"2024-09-20T12:20:07","modified_gmt":"2024-09-20T10:20:07","slug":"il-planetarium-ospite-al-marrc-per-celebrare-lequinozio-dautunno","status":"publish","type":"post","link":"https:\/\/progettotouring.it\/radiotouring104\/2024\/09\/20\/il-planetarium-ospite-al-marrc-per-celebrare-lequinozio-dautunno\/","title":{"rendered":"Il Planetarium ospite al MArRC per celebrare l&#8217;Equinozio d&#8217;Autunno"},"content":{"rendered":"<p style=\"text-align: justify\">&#8220;Ancora un paio di giorni e saluteremo l\u2019Estate &#8211; scrive lo staff del Planetarium nella presentazione dell&#8217;evento &#8211; in verit\u00e0 questo arrivederci \u00e8 nell&#8217;aria gi\u00e0 da qualche giorno ma, ufficialmente, si entra nell\u2019Autunno astronomico il 22 settembre alle 14:43 ora dell\u2019Europa centrale, quando il Sole, nel suo apparente cammino, si trover\u00e0 nel punto di intersezione dell\u2019eclittica con l\u2019equatore celeste: la porta del buio! Da questo momento le ore di luce diminuiscono e prevalgono quelle di buio, la durata del giorno diminuisce sensibilmente, fino a toccare la durata minima il giorno del Solstizio d\u2019Inverno&#8221;.<\/p>\n<p style=\"text-align: justify\">&#8220;L\u2019Autunno ha rivestito un ruolo importante nelle culture dell\u2019antichit\u00e0, a partire dai Greci che, proprio nel mese di settembre, festeggiavano i misteri eleusini che si celebravano nel santuario di Demetra nell\u2019antica citt\u00e0 di Eleusi, dove vi figurava un antico culto agrario. La scelta di aspettare l\u2019arrivo dell\u2019Autunno con una conversazione sul tema \u201cEquinozio d\u2019Autunno: la porta del buio\u201d presso il nostro Museo non \u00e8 casuale. Il mito di Persefone e Demetra, la grande Dea, che in Primavera sale dagli inferi per portare abbondanza ed in Autunno ridiscende sotto terra per conservare i semi, \u00e8 splendidamente rappresentato nelle pinakes esposte presso il Museo. Dopo i saluti Istituzionale del Direttore del Museo, dott. Fabrizio Sudano, e del Delegato alla Cultura della Citt\u00e0 Metropolitana, dottor Filippo Quartuccio, il prof Marco Romeo, esperto del Planetario, terr\u00e0 una conversazione dove mito e scienza si intrecceranno per raccontare questo momento che ha sempre rappresentato nell&#8217;antichit\u00e0 un momento speciale ed \u00e8, ancora oggi, un giorno di\u00a0celebrazioni&#8221;.<\/p>\n<div>\n<div class=\"xmprfx_gmail_signature\" dir=\"ltr\" data-smartmail=\"gmail_signature\">\n<div dir=\"ltr\">\n<div>\n<div><\/div>\n<\/div>\n<\/div>\n<\/div>\n<\/div>\n","protected":false},"excerpt":{"rendered":"<p>&#8220;Ancora un paio di giorni e saluteremo l\u2019Estate &#8211; scrive lo staff del Planetarium nella presentazione dell&#8217;evento &#8211; in verit\u00e0 questo arrivederci \u00e8 nell&#8217;aria gi\u00e0 da qualche giorno ma, ufficialmente,&hellip;<\/p>\n","protected":false},"author":12,"featured_media":58107,"comment_status":"closed","ping_status":"open","sticky":false,"template":"","format":"standard","meta":{"_jetpack_memberships_contains_paid_content":false,"footnotes":"","jetpack_publicize_message":"","jetpack_publicize_feature_enabled":true,"jetpack_social_post_already_shared":false,"jetpack_social_options":{"image_generator_settings":{"template":"highway","default_image_id":0,"font":"","enabled":false},"version":2}},"categories":[921,196,140],"tags":[4523,531,7362,25970],"class_list":["post-58104","post","type-post","status-publish","format-standard","has-post-thumbnail","hentry","category-home","category-news","category-reggio-calabria","tag-equinozio-dautunno","tag-metrocity","tag-museo-archeologico-di-reggio-calabria","tag-planetarium-plhytagoras"],"yoast_head":"<!-- This site is optimized with the Yoast SEO plugin v27.2 - https:\/\/yoast.com\/product\/yoast-seo-wordpress\/ -->\n<title>Il Planetarium ospite al MArRC per celebrare l&#039;Equinozio d&#039;Autunno<\/title>\n<meta name=\"description\" content=\"Oggi al Museo Il Planetarium Pythagoras di Metrocity celebra al Museo di Reggio l&#039;arrivo dell&#039;Equinozio d&#039;autunno.\" \/>\n<meta name=\"robots\" content=\"index, follow, max-snippet:-1, max-image-preview:large, max-video-preview:-1\" \/>\n<link rel=\"canonical\" href=\"https:\/\/progettotouring.it\/radiotouring104\/2024\/09\/20\/il-planetarium-ospite-al-marrc-per-celebrare-lequinozio-dautunno\/\" \/>\n<meta property=\"og:locale\" content=\"it_IT\" \/>\n<meta property=\"og:type\" content=\"article\" \/>\n<meta property=\"og:title\" content=\"Il Planetarium ospite al MArRC per celebrare l&#039;Equinozio d&#039;Autunno\" \/>\n<meta property=\"og:description\" content=\"Oggi al Museo Il Planetarium Pythagoras di Metrocity celebra al Museo di Reggio l&#039;arrivo dell&#039;Equinozio d&#039;autunno.\" \/>\n<meta property=\"og:url\" content=\"https:\/\/progettotouring.it\/radiotouring104\/2024\/09\/20\/il-planetarium-ospite-al-marrc-per-celebrare-lequinozio-dautunno\/\" \/>\n<meta property=\"og:site_name\" content=\"Radio Touring 104\" \/>\n<meta property=\"article:published_time\" content=\"2024-09-20T10:18:53+00:00\" \/>\n<meta property=\"article:modified_time\" content=\"2024-09-20T10:20:07+00:00\" \/>\n<meta property=\"og:image\" content=\"https:\/\/progettotouring.it\/radiotouring104\/wp-content\/uploads\/sites\/6\/2024\/09\/Planetarium-Pythagoras.jpg\" \/>\n\t<meta property=\"og:image:width\" content=\"1413\" \/>\n\t<meta property=\"og:image:height\" content=\"893\" \/>\n\t<meta property=\"og:image:type\" content=\"image\/jpeg\" \/>\n<meta name=\"author\" content=\"Sebastiano Plutino\" \/>\n<meta name=\"twitter:card\" content=\"summary_large_image\" \/>\n<meta name=\"twitter:label1\" content=\"Scritto da\" \/>\n\t<meta name=\"twitter:data1\" content=\"Sebastiano Plutino\" \/>\n\t<meta name=\"twitter:label2\" content=\"Tempo di lettura stimato\" \/>\n\t<meta name=\"twitter:data2\" content=\"1 minuto\" \/>\n<script type=\"application\/ld+json\" class=\"yoast-schema-graph\">{\"@context\":\"https:\/\/schema.org\",\"@graph\":[{\"@type\":\"Article\",\"@id\":\"https:\/\/progettotouring.it\/radiotouring104\/2024\/09\/20\/il-planetarium-ospite-al-marrc-per-celebrare-lequinozio-dautunno\/#article\",\"isPartOf\":{\"@id\":\"https:\/\/progettotouring.it\/radiotouring104\/2024\/09\/20\/il-planetarium-ospite-al-marrc-per-celebrare-lequinozio-dautunno\/\"},\"author\":{\"name\":\"Sebastiano Plutino\",\"@id\":\"https:\/\/progettotouring.it\/radiotouring104\/#\/schema\/person\/78613917f1851f041f7483f5af1d422e\"},\"headline\":\"Il Planetarium ospite al MArRC per celebrare l&#8217;Equinozio d&#8217;Autunno\",\"datePublished\":\"2024-09-20T10:18:53+00:00\",\"dateModified\":\"2024-09-20T10:20:07+00:00\",\"mainEntityOfPage\":{\"@id\":\"https:\/\/progettotouring.it\/radiotouring104\/2024\/09\/20\/il-planetarium-ospite-al-marrc-per-celebrare-lequinozio-dautunno\/\"},\"wordCount\":268,\"publisher\":{\"@id\":\"https:\/\/progettotouring.it\/radiotouring104\/#organization\"},\"image\":{\"@id\":\"https:\/\/progettotouring.it\/radiotouring104\/2024\/09\/20\/il-planetarium-ospite-al-marrc-per-celebrare-lequinozio-dautunno\/#primaryimage\"},\"thumbnailUrl\":\"https:\/\/progettotouring.it\/radiotouring104\/wp-content\/uploads\/sites\/6\/2024\/09\/Planetarium-Pythagoras.jpg\",\"keywords\":[\"Equinozio d\u2019Autunno\",\"Metrocity\",\"Museo Archeologico di Reggio Calabria\",\"Planetarium Plhytagoras\"],\"articleSection\":[\"Home\",\"News\",\"Reggio Calabria\"],\"inLanguage\":\"it-IT\"},{\"@type\":\"WebPage\",\"@id\":\"https:\/\/progettotouring.it\/radiotouring104\/2024\/09\/20\/il-planetarium-ospite-al-marrc-per-celebrare-lequinozio-dautunno\/\",\"url\":\"https:\/\/progettotouring.it\/radiotouring104\/2024\/09\/20\/il-planetarium-ospite-al-marrc-per-celebrare-lequinozio-dautunno\/\",\"name\":\"Il Planetarium ospite al MArRC per celebrare l'Equinozio d'Autunno\",\"isPartOf\":{\"@id\":\"https:\/\/progettotouring.it\/radiotouring104\/#website\"},\"primaryImageOfPage\":{\"@id\":\"https:\/\/progettotouring.it\/radiotouring104\/2024\/09\/20\/il-planetarium-ospite-al-marrc-per-celebrare-lequinozio-dautunno\/#primaryimage\"},\"image\":{\"@id\":\"https:\/\/progettotouring.it\/radiotouring104\/2024\/09\/20\/il-planetarium-ospite-al-marrc-per-celebrare-lequinozio-dautunno\/#primaryimage\"},\"thumbnailUrl\":\"https:\/\/progettotouring.it\/radiotouring104\/wp-content\/uploads\/sites\/6\/2024\/09\/Planetarium-Pythagoras.jpg\",\"datePublished\":\"2024-09-20T10:18:53+00:00\",\"dateModified\":\"2024-09-20T10:20:07+00:00\",\"description\":\"Oggi al Museo Il Planetarium Pythagoras di Metrocity celebra al Museo di Reggio l'arrivo dell'Equinozio d'autunno.\",\"breadcrumb\":{\"@id\":\"https:\/\/progettotouring.it\/radiotouring104\/2024\/09\/20\/il-planetarium-ospite-al-marrc-per-celebrare-lequinozio-dautunno\/#breadcrumb\"},\"inLanguage\":\"it-IT\",\"potentialAction\":[{\"@type\":\"ReadAction\",\"target\":[\"https:\/\/progettotouring.it\/radiotouring104\/2024\/09\/20\/il-planetarium-ospite-al-marrc-per-celebrare-lequinozio-dautunno\/\"]}]},{\"@type\":\"ImageObject\",\"inLanguage\":\"it-IT\",\"@id\":\"https:\/\/progettotouring.it\/radiotouring104\/2024\/09\/20\/il-planetarium-ospite-al-marrc-per-celebrare-lequinozio-dautunno\/#primaryimage\",\"url\":\"https:\/\/progettotouring.it\/radiotouring104\/wp-content\/uploads\/sites\/6\/2024\/09\/Planetarium-Pythagoras.jpg\",\"contentUrl\":\"https:\/\/progettotouring.it\/radiotouring104\/wp-content\/uploads\/sites\/6\/2024\/09\/Planetarium-Pythagoras.jpg\",\"width\":1413,\"height\":893},{\"@type\":\"BreadcrumbList\",\"@id\":\"https:\/\/progettotouring.it\/radiotouring104\/2024\/09\/20\/il-planetarium-ospite-al-marrc-per-celebrare-lequinozio-dautunno\/#breadcrumb\",\"itemListElement\":[{\"@type\":\"ListItem\",\"position\":1,\"name\":\"Home\",\"item\":\"https:\/\/progettotouring.it\/radiotouring104\/\"},{\"@type\":\"ListItem\",\"position\":2,\"name\":\"Il Planetarium ospite al MArRC per celebrare l&#8217;Equinozio d&#8217;Autunno\"}]},{\"@type\":\"WebSite\",\"@id\":\"https:\/\/progettotouring.it\/radiotouring104\/#website\",\"url\":\"https:\/\/progettotouring.it\/radiotouring104\/\",\"name\":\"Radio Touring 104\",\"description\":\"La prima radio Reggina\",\"publisher\":{\"@id\":\"https:\/\/progettotouring.it\/radiotouring104\/#organization\"},\"potentialAction\":[{\"@type\":\"SearchAction\",\"target\":{\"@type\":\"EntryPoint\",\"urlTemplate\":\"https:\/\/progettotouring.it\/radiotouring104\/?s={search_term_string}\"},\"query-input\":{\"@type\":\"PropertyValueSpecification\",\"valueRequired\":true,\"valueName\":\"search_term_string\"}}],\"inLanguage\":\"it-IT\"},{\"@type\":\"Organization\",\"@id\":\"https:\/\/progettotouring.it\/radiotouring104\/#organization\",\"name\":\"Radio Touring 104\",\"url\":\"https:\/\/progettotouring.it\/radiotouring104\/\",\"logo\":{\"@type\":\"ImageObject\",\"inLanguage\":\"it-IT\",\"@id\":\"https:\/\/progettotouring.it\/radiotouring104\/#\/schema\/logo\/image\/\",\"url\":\"https:\/\/progettotouring.it\/radiotouring104\/wp-content\/uploads\/sites\/6\/2022\/02\/cropped-logo-radio-touring-104.png\",\"contentUrl\":\"https:\/\/progettotouring.it\/radiotouring104\/wp-content\/uploads\/sites\/6\/2022\/02\/cropped-logo-radio-touring-104.png\",\"width\":377,\"height\":182,\"caption\":\"Radio Touring 104\"},\"image\":{\"@id\":\"https:\/\/progettotouring.it\/radiotouring104\/#\/schema\/logo\/image\/\"}},{\"@type\":\"Person\",\"@id\":\"https:\/\/progettotouring.it\/radiotouring104\/#\/schema\/person\/78613917f1851f041f7483f5af1d422e\",\"name\":\"Sebastiano Plutino\",\"image\":{\"@type\":\"ImageObject\",\"inLanguage\":\"it-IT\",\"@id\":\"https:\/\/secure.gravatar.com\/avatar\/0546ffaa9b79224faf9f2a156b67a529ae861d3287c66c1d8ccfdf909bcba78d?s=96&d=mm&r=g\",\"url\":\"https:\/\/secure.gravatar.com\/avatar\/0546ffaa9b79224faf9f2a156b67a529ae861d3287c66c1d8ccfdf909bcba78d?s=96&d=mm&r=g\",\"contentUrl\":\"https:\/\/secure.gravatar.com\/avatar\/0546ffaa9b79224faf9f2a156b67a529ae861d3287c66c1d8ccfdf909bcba78d?s=96&d=mm&r=g\",\"caption\":\"Sebastiano Plutino\"},\"url\":\"https:\/\/progettotouring.it\/radiotouring104\/author\/sebastiano\/\"}]}<\/script>\n<!-- \/ Yoast SEO plugin. -->","yoast_head_json":{"title":"Il Planetarium ospite al MArRC per celebrare l'Equinozio d'Autunno","description":"Oggi al Museo Il Planetarium Pythagoras di Metrocity celebra al Museo di Reggio l'arrivo dell'Equinozio d'autunno.","robots":{"index":"index","follow":"follow","max-snippet":"max-snippet:-1","max-image-preview":"max-image-preview:large","max-video-preview":"max-video-preview:-1"},"canonical":"https:\/\/progettotouring.it\/radiotouring104\/2024\/09\/20\/il-planetarium-ospite-al-marrc-per-celebrare-lequinozio-dautunno\/","og_locale":"it_IT","og_type":"article","og_title":"Il Planetarium ospite al MArRC per celebrare l'Equinozio d'Autunno","og_description":"Oggi al Museo Il Planetarium Pythagoras di Metrocity celebra al Museo di Reggio l'arrivo dell'Equinozio d'autunno.","og_url":"https:\/\/progettotouring.it\/radiotouring104\/2024\/09\/20\/il-planetarium-ospite-al-marrc-per-celebrare-lequinozio-dautunno\/","og_site_name":"Radio Touring 104","article_published_time":"2024-09-20T10:18:53+00:00","article_modified_time":"2024-09-20T10:20:07+00:00","og_image":[{"width":1413,"height":893,"url":"https:\/\/progettotouring.it\/radiotouring104\/wp-content\/uploads\/sites\/6\/2024\/09\/Planetarium-Pythagoras.jpg","type":"image\/jpeg"}],"author":"Sebastiano Plutino","twitter_card":"summary_large_image","twitter_misc":{"Scritto da":"Sebastiano Plutino","Tempo di lettura stimato":"1 minuto"},"schema":{"@context":"https:\/\/schema.org","@graph":[{"@type":"Article","@id":"https:\/\/progettotouring.it\/radiotouring104\/2024\/09\/20\/il-planetarium-ospite-al-marrc-per-celebrare-lequinozio-dautunno\/#article","isPartOf":{"@id":"https:\/\/progettotouring.it\/radiotouring104\/2024\/09\/20\/il-planetarium-ospite-al-marrc-per-celebrare-lequinozio-dautunno\/"},"author":{"name":"Sebastiano Plutino","@id":"https:\/\/progettotouring.it\/radiotouring104\/#\/schema\/person\/78613917f1851f041f7483f5af1d422e"},"headline":"Il Planetarium ospite al MArRC per celebrare l&#8217;Equinozio d&#8217;Autunno","datePublished":"2024-09-20T10:18:53+00:00","dateModified":"2024-09-20T10:20:07+00:00","mainEntityOfPage":{"@id":"https:\/\/progettotouring.it\/radiotouring104\/2024\/09\/20\/il-planetarium-ospite-al-marrc-per-celebrare-lequinozio-dautunno\/"},"wordCount":268,"publisher":{"@id":"https:\/\/progettotouring.it\/radiotouring104\/#organization"},"image":{"@id":"https:\/\/progettotouring.it\/radiotouring104\/2024\/09\/20\/il-planetarium-ospite-al-marrc-per-celebrare-lequinozio-dautunno\/#primaryimage"},"thumbnailUrl":"https:\/\/progettotouring.it\/radiotouring104\/wp-content\/uploads\/sites\/6\/2024\/09\/Planetarium-Pythagoras.jpg","keywords":["Equinozio d\u2019Autunno","Metrocity","Museo Archeologico di Reggio Calabria","Planetarium Plhytagoras"],"articleSection":["Home","News","Reggio Calabria"],"inLanguage":"it-IT"},{"@type":"WebPage","@id":"https:\/\/progettotouring.it\/radiotouring104\/2024\/09\/20\/il-planetarium-ospite-al-marrc-per-celebrare-lequinozio-dautunno\/","url":"https:\/\/progettotouring.it\/radiotouring104\/2024\/09\/20\/il-planetarium-ospite-al-marrc-per-celebrare-lequinozio-dautunno\/","name":"Il Planetarium ospite al MArRC per celebrare l'Equinozio d'Autunno","isPartOf":{"@id":"https:\/\/progettotouring.it\/radiotouring104\/#website"},"primaryImageOfPage":{"@id":"https:\/\/progettotouring.it\/radiotouring104\/2024\/09\/20\/il-planetarium-ospite-al-marrc-per-celebrare-lequinozio-dautunno\/#primaryimage"},"image":{"@id":"https:\/\/progettotouring.it\/radiotouring104\/2024\/09\/20\/il-planetarium-ospite-al-marrc-per-celebrare-lequinozio-dautunno\/#primaryimage"},"thumbnailUrl":"https:\/\/progettotouring.it\/radiotouring104\/wp-content\/uploads\/sites\/6\/2024\/09\/Planetarium-Pythagoras.jpg","datePublished":"2024-09-20T10:18:53+00:00","dateModified":"2024-09-20T10:20:07+00:00","description":"Oggi al Museo Il Planetarium Pythagoras di Metrocity celebra al Museo di Reggio l'arrivo dell'Equinozio d'autunno.","breadcrumb":{"@id":"https:\/\/progettotouring.it\/radiotouring104\/2024\/09\/20\/il-planetarium-ospite-al-marrc-per-celebrare-lequinozio-dautunno\/#breadcrumb"},"inLanguage":"it-IT","potentialAction":[{"@type":"ReadAction","target":["https:\/\/progettotouring.it\/radiotouring104\/2024\/09\/20\/il-planetarium-ospite-al-marrc-per-celebrare-lequinozio-dautunno\/"]}]},{"@type":"ImageObject","inLanguage":"it-IT","@id":"https:\/\/progettotouring.it\/radiotouring104\/2024\/09\/20\/il-planetarium-ospite-al-marrc-per-celebrare-lequinozio-dautunno\/#primaryimage","url":"https:\/\/progettotouring.it\/radiotouring104\/wp-content\/uploads\/sites\/6\/2024\/09\/Planetarium-Pythagoras.jpg","contentUrl":"https:\/\/progettotouring.it\/radiotouring104\/wp-content\/uploads\/sites\/6\/2024\/09\/Planetarium-Pythagoras.jpg","width":1413,"height":893},{"@type":"BreadcrumbList","@id":"https:\/\/progettotouring.it\/radiotouring104\/2024\/09\/20\/il-planetarium-ospite-al-marrc-per-celebrare-lequinozio-dautunno\/#breadcrumb","itemListElement":[{"@type":"ListItem","position":1,"name":"Home","item":"https:\/\/progettotouring.it\/radiotouring104\/"},{"@type":"ListItem","position":2,"name":"Il Planetarium ospite al MArRC per celebrare l&#8217;Equinozio d&#8217;Autunno"}]},{"@type":"WebSite","@id":"https:\/\/progettotouring.it\/radiotouring104\/#website","url":"https:\/\/progettotouring.it\/radiotouring104\/","name":"Radio Touring 104","description":"La prima radio Reggina","publisher":{"@id":"https:\/\/progettotouring.it\/radiotouring104\/#organization"},"potentialAction":[{"@type":"SearchAction","target":{"@type":"EntryPoint","urlTemplate":"https:\/\/progettotouring.it\/radiotouring104\/?s={search_term_string}"},"query-input":{"@type":"PropertyValueSpecification","valueRequired":true,"valueName":"search_term_string"}}],"inLanguage":"it-IT"},{"@type":"Organization","@id":"https:\/\/progettotouring.it\/radiotouring104\/#organization","name":"Radio Touring 104","url":"https:\/\/progettotouring.it\/radiotouring104\/","logo":{"@type":"ImageObject","inLanguage":"it-IT","@id":"https:\/\/progettotouring.it\/radiotouring104\/#\/schema\/logo\/image\/","url":"https:\/\/progettotouring.it\/radiotouring104\/wp-content\/uploads\/sites\/6\/2022\/02\/cropped-logo-radio-touring-104.png","contentUrl":"https:\/\/progettotouring.it\/radiotouring104\/wp-content\/uploads\/sites\/6\/2022\/02\/cropped-logo-radio-touring-104.png","width":377,"height":182,"caption":"Radio Touring 104"},"image":{"@id":"https:\/\/progettotouring.it\/radiotouring104\/#\/schema\/logo\/image\/"}},{"@type":"Person","@id":"https:\/\/progettotouring.it\/radiotouring104\/#\/schema\/person\/78613917f1851f041f7483f5af1d422e","name":"Sebastiano Plutino","image":{"@type":"ImageObject","inLanguage":"it-IT","@id":"https:\/\/secure.gravatar.com\/avatar\/0546ffaa9b79224faf9f2a156b67a529ae861d3287c66c1d8ccfdf909bcba78d?s=96&d=mm&r=g","url":"https:\/\/secure.gravatar.com\/avatar\/0546ffaa9b79224faf9f2a156b67a529ae861d3287c66c1d8ccfdf909bcba78d?s=96&d=mm&r=g","contentUrl":"https:\/\/secure.gravatar.com\/avatar\/0546ffaa9b79224faf9f2a156b67a529ae861d3287c66c1d8ccfdf909bcba78d?s=96&d=mm&r=g","caption":"Sebastiano Plutino"},"url":"https:\/\/progettotouring.it\/radiotouring104\/author\/sebastiano\/"}]}},"jetpack_publicize_connections":[],"jetpack_featured_media_url":"https:\/\/progettotouring.it\/radiotouring104\/wp-content\/uploads\/sites\/6\/2024\/09\/Planetarium-Pythagoras.jpg","jetpack_sharing_enabled":true,"_links":{"self":[{"href":"https:\/\/progettotouring.it\/radiotouring104\/wp-json\/wp\/v2\/posts\/58104","targetHints":{"allow":["GET"]}}],"collection":[{"href":"https:\/\/progettotouring.it\/radiotouring104\/wp-json\/wp\/v2\/posts"}],"about":[{"href":"https:\/\/progettotouring.it\/radiotouring104\/wp-json\/wp\/v2\/types\/post"}],"author":[{"embeddable":true,"href":"https:\/\/progettotouring.it\/radiotouring104\/wp-json\/wp\/v2\/users\/12"}],"replies":[{"embeddable":true,"href":"https:\/\/progettotouring.it\/radiotouring104\/wp-json\/wp\/v2\/comments?post=58104"}],"version-history":[{"count":2,"href":"https:\/\/progettotouring.it\/radiotouring104\/wp-json\/wp\/v2\/posts\/58104\/revisions"}],"predecessor-version":[{"id":58106,"href":"https:\/\/progettotouring.it\/radiotouring104\/wp-json\/wp\/v2\/posts\/58104\/revisions\/58106"}],"wp:featuredmedia":[{"embeddable":true,"href":"https:\/\/progettotouring.it\/radiotouring104\/wp-json\/wp\/v2\/media\/58107"}],"wp:attachment":[{"href":"https:\/\/progettotouring.it\/radiotouring104\/wp-json\/wp\/v2\/media?parent=58104"}],"wp:term":[{"taxonomy":"category","embeddable":true,"href":"https:\/\/progettotouring.it\/radiotouring104\/wp-json\/wp\/v2\/categories?post=58104"},{"taxonomy":"post_tag","embeddable":true,"href":"https:\/\/progettotouring.it\/radiotouring104\/wp-json\/wp\/v2\/tags?post=58104"}],"curies":[{"name":"wp","href":"https:\/\/api.w.org\/{rel}","templated":true}]}}