{"id":58108,"date":"2024-09-20T12:33:37","date_gmt":"2024-09-20T10:33:37","guid":{"rendered":"https:\/\/progettotouring.it\/radiotouring104\/?p=58108"},"modified":"2024-09-20T12:33:37","modified_gmt":"2024-09-20T10:33:37","slug":"barreca-sul-discorso-di-morrone-il-futuro-della-citta-passa-dai-giovani","status":"publish","type":"post","link":"https:\/\/progettotouring.it\/radiotouring104\/2024\/09\/20\/barreca-sul-discorso-di-morrone-il-futuro-della-citta-passa-dai-giovani\/","title":{"rendered":"Barreca sul discorso di Morrone: &#8220;Il futuro della citt\u00e0 passa dai giovani&#8221;"},"content":{"rendered":"<p style=\"text-align: justify\">&#8220;Il messaggio &#8220;lanciato&#8221; dal Vescovo Fortunato Morrone con l&#8217;omelia pronunciata marted\u00ec scorso in cattedrale merita la nostra pi\u00f9 viva attenzione. Provo un sentimento di sincera gratitudine e stima nei confronti del &#8220;pastore&#8221; della Chiesa reggina, il quale, da diversi mesi, dimostra di voler accompagnare e sostenere autentici percorsi di impegno civico e sociale, nel solco della pastorale sociale di Papa Francesco, costruttore di una Chiesa aperta capace di andare incontro alla persona&#8221;. E&#8217; quanto afferma in una nota il consigliere comunale reggino del Partito Democratico Franco Barreca.<\/p>\n<p>&#8220;E&#8217; evidente che non basta essere bravi cristiani cattolici dentro il chiuso &#8220;comodo&#8221; delle sagrestie, ma \u00e8 necessario diventare costruttori di bene comune &#8220;dentro&#8221; la societ\u00e0 dell&#8217;uomo. Oggi il nostro Arcivescovo ci propone un tema centrale, direi decisivo: il futuro della citt\u00e0 passa dai giovani. Per questo \u00e8 urgente fermarsi e riflettere, in una logica unitaria e sinergica, per elaborare un progetto e convergere su azioni che consentano di rendere il nostro territorio &#8220;attraente&#8221; per i giovani e capace di valorizzare a pieno le capacit\u00e0 e le risorse delle nuove generazioni. Una sfida epocale per una realt\u00e0 che registra una crescente depressione lavorativa.<\/p>\n<p>&#8220;Molti nostri giovani sono destinati a non poter esercitare le loro competenze, risultato di studi e di sacrifici. Vanno via , non per scelta, ma perch\u00e9 costretti dalla mancanza di opportunit\u00e0 lavorative. Questa situazione, atavica, rischia di degenerare ulteriormente a causa dell&#8217;autonomia differenziata: un vero &#8220;colpo alla nuca&#8221; per spegnere ogni timido segnale di speranza&#8221;.<\/p>\n<p>&#8220;Per questo motivo &#8211; ha aggiunto Barreca &#8211; \u00e8 necessario, e non pi\u00f9 procrastinabile, cominciare a lavorare uno accanto all&#8217;altro, abbandonando egoismi e personalismi, svestendo casacche ed appartenenze, mettendo al centro dell&#8217;azione politica ogni utile iniziativa a costruire, mattone dopo mattone, un futuro comune per i figli del sud. Siamo coscienti che non sar\u00e0 facile, ma bisogna iniziare cogliendo l&#8217;invito della nostra guida spirituale, con la speranza che la nostra azione possa rappresentare l&#8217;inizio di un riscatto sociale&#8221;.<\/p>\n","protected":false},"excerpt":{"rendered":"<p>&#8220;Il messaggio &#8220;lanciato&#8221; dal Vescovo Fortunato Morrone con l&#8217;omelia pronunciata marted\u00ec scorso in cattedrale merita la nostra pi\u00f9 viva attenzione. Provo un sentimento di sincera gratitudine e stima nei confronti&hellip;<\/p>\n","protected":false},"author":12,"featured_media":5666,"comment_status":"closed","ping_status":"open","sticky":false,"template":"","format":"standard","meta":{"_jetpack_memberships_contains_paid_content":false,"footnotes":"","jetpack_publicize_message":"","jetpack_publicize_feature_enabled":true,"jetpack_social_post_already_shared":false,"jetpack_social_options":{"image_generator_settings":{"template":"highway","default_image_id":0,"font":"","enabled":false},"version":2}},"categories":[921,196,140],"tags":[5119,5016,35589],"class_list":["post-58108","post","type-post","status-publish","format-standard","has-post-thumbnail","hentry","category-home","category-news","category-reggio-calabria","tag-fortunato-morrone","tag-franco-barreca","tag-futuro-della-citta-passa-dai-giovani"],"yoast_head":"<!-- This site is optimized with the Yoast SEO plugin v27.2 - https:\/\/yoast.com\/product\/yoast-seo-wordpress\/ -->\n<title>Barreca sul discorso di Morrone: &quot;Il futuro citt\u00e0 passa dai giovani&quot;<\/title>\n<meta name=\"description\" content=\"&quot;Lavoriamo uno accanto all&#039;altro per costruire un futuro comune per i figli del sud&quot;, interviene il Consigliere sul discorso dell&#039;Arcivescovo\" \/>\n<meta name=\"robots\" content=\"index, follow, max-snippet:-1, max-image-preview:large, max-video-preview:-1\" \/>\n<link rel=\"canonical\" href=\"https:\/\/progettotouring.it\/radiotouring104\/2024\/09\/20\/barreca-sul-discorso-di-morrone-il-futuro-della-citta-passa-dai-giovani\/\" \/>\n<meta property=\"og:locale\" content=\"it_IT\" \/>\n<meta property=\"og:type\" content=\"article\" \/>\n<meta property=\"og:title\" content=\"Barreca sul discorso di Morrone: &quot;Il futuro citt\u00e0 passa dai giovani&quot;\" \/>\n<meta property=\"og:description\" content=\"&quot;Lavoriamo uno accanto all&#039;altro per costruire un futuro comune per i figli del sud&quot;, interviene il Consigliere sul discorso dell&#039;Arcivescovo\" \/>\n<meta property=\"og:url\" content=\"https:\/\/progettotouring.it\/radiotouring104\/2024\/09\/20\/barreca-sul-discorso-di-morrone-il-futuro-della-citta-passa-dai-giovani\/\" \/>\n<meta property=\"og:site_name\" content=\"Radio Touring 104\" \/>\n<meta property=\"article:published_time\" content=\"2024-09-20T10:33:37+00:00\" \/>\n<meta property=\"og:image\" content=\"https:\/\/progettotouring.it\/radiotouring104\/wp-content\/uploads\/sites\/6\/2022\/05\/san-giorgio-comune.jpg\" \/>\n\t<meta property=\"og:image:width\" content=\"1920\" \/>\n\t<meta property=\"og:image:height\" content=\"1080\" \/>\n\t<meta property=\"og:image:type\" content=\"image\/jpeg\" \/>\n<meta name=\"author\" content=\"Sebastiano Plutino\" \/>\n<meta name=\"twitter:card\" content=\"summary_large_image\" \/>\n<meta name=\"twitter:label1\" content=\"Scritto da\" \/>\n\t<meta name=\"twitter:data1\" content=\"Sebastiano Plutino\" \/>\n\t<meta name=\"twitter:label2\" content=\"Tempo di lettura stimato\" \/>\n\t<meta name=\"twitter:data2\" content=\"2 minuti\" \/>\n<script type=\"application\/ld+json\" class=\"yoast-schema-graph\">{\"@context\":\"https:\/\/schema.org\",\"@graph\":[{\"@type\":\"Article\",\"@id\":\"https:\/\/progettotouring.it\/radiotouring104\/2024\/09\/20\/barreca-sul-discorso-di-morrone-il-futuro-della-citta-passa-dai-giovani\/#article\",\"isPartOf\":{\"@id\":\"https:\/\/progettotouring.it\/radiotouring104\/2024\/09\/20\/barreca-sul-discorso-di-morrone-il-futuro-della-citta-passa-dai-giovani\/\"},\"author\":{\"name\":\"Sebastiano Plutino\",\"@id\":\"https:\/\/progettotouring.it\/radiotouring104\/#\/schema\/person\/78613917f1851f041f7483f5af1d422e\"},\"headline\":\"Barreca sul discorso di Morrone: &#8220;Il futuro della citt\u00e0 passa dai giovani&#8221;\",\"datePublished\":\"2024-09-20T10:33:37+00:00\",\"mainEntityOfPage\":{\"@id\":\"https:\/\/progettotouring.it\/radiotouring104\/2024\/09\/20\/barreca-sul-discorso-di-morrone-il-futuro-della-citta-passa-dai-giovani\/\"},\"wordCount\":331,\"publisher\":{\"@id\":\"https:\/\/progettotouring.it\/radiotouring104\/#organization\"},\"image\":{\"@id\":\"https:\/\/progettotouring.it\/radiotouring104\/2024\/09\/20\/barreca-sul-discorso-di-morrone-il-futuro-della-citta-passa-dai-giovani\/#primaryimage\"},\"thumbnailUrl\":\"https:\/\/progettotouring.it\/radiotouring104\/wp-content\/uploads\/sites\/6\/2022\/05\/san-giorgio-comune.jpg\",\"keywords\":[\"Fortunato Morrone\",\"Franco Barreca\",\"futuro della citt\u00e0 passa dai giovani\"],\"articleSection\":[\"Home\",\"News\",\"Reggio Calabria\"],\"inLanguage\":\"it-IT\"},{\"@type\":\"WebPage\",\"@id\":\"https:\/\/progettotouring.it\/radiotouring104\/2024\/09\/20\/barreca-sul-discorso-di-morrone-il-futuro-della-citta-passa-dai-giovani\/\",\"url\":\"https:\/\/progettotouring.it\/radiotouring104\/2024\/09\/20\/barreca-sul-discorso-di-morrone-il-futuro-della-citta-passa-dai-giovani\/\",\"name\":\"Barreca sul discorso di Morrone: \\\"Il futuro citt\u00e0 passa dai giovani\\\"\",\"isPartOf\":{\"@id\":\"https:\/\/progettotouring.it\/radiotouring104\/#website\"},\"primaryImageOfPage\":{\"@id\":\"https:\/\/progettotouring.it\/radiotouring104\/2024\/09\/20\/barreca-sul-discorso-di-morrone-il-futuro-della-citta-passa-dai-giovani\/#primaryimage\"},\"image\":{\"@id\":\"https:\/\/progettotouring.it\/radiotouring104\/2024\/09\/20\/barreca-sul-discorso-di-morrone-il-futuro-della-citta-passa-dai-giovani\/#primaryimage\"},\"thumbnailUrl\":\"https:\/\/progettotouring.it\/radiotouring104\/wp-content\/uploads\/sites\/6\/2022\/05\/san-giorgio-comune.jpg\",\"datePublished\":\"2024-09-20T10:33:37+00:00\",\"description\":\"\\\"Lavoriamo uno accanto all'altro per costruire un futuro comune per i figli del sud\\\", interviene il Consigliere sul discorso dell'Arcivescovo\",\"breadcrumb\":{\"@id\":\"https:\/\/progettotouring.it\/radiotouring104\/2024\/09\/20\/barreca-sul-discorso-di-morrone-il-futuro-della-citta-passa-dai-giovani\/#breadcrumb\"},\"inLanguage\":\"it-IT\",\"potentialAction\":[{\"@type\":\"ReadAction\",\"target\":[\"https:\/\/progettotouring.it\/radiotouring104\/2024\/09\/20\/barreca-sul-discorso-di-morrone-il-futuro-della-citta-passa-dai-giovani\/\"]}]},{\"@type\":\"ImageObject\",\"inLanguage\":\"it-IT\",\"@id\":\"https:\/\/progettotouring.it\/radiotouring104\/2024\/09\/20\/barreca-sul-discorso-di-morrone-il-futuro-della-citta-passa-dai-giovani\/#primaryimage\",\"url\":\"https:\/\/progettotouring.it\/radiotouring104\/wp-content\/uploads\/sites\/6\/2022\/05\/san-giorgio-comune.jpg\",\"contentUrl\":\"https:\/\/progettotouring.it\/radiotouring104\/wp-content\/uploads\/sites\/6\/2022\/05\/san-giorgio-comune.jpg\",\"width\":1920,\"height\":1080},{\"@type\":\"BreadcrumbList\",\"@id\":\"https:\/\/progettotouring.it\/radiotouring104\/2024\/09\/20\/barreca-sul-discorso-di-morrone-il-futuro-della-citta-passa-dai-giovani\/#breadcrumb\",\"itemListElement\":[{\"@type\":\"ListItem\",\"position\":1,\"name\":\"Home\",\"item\":\"https:\/\/progettotouring.it\/radiotouring104\/\"},{\"@type\":\"ListItem\",\"position\":2,\"name\":\"Barreca sul discorso di Morrone: &#8220;Il futuro della citt\u00e0 passa dai giovani&#8221;\"}]},{\"@type\":\"WebSite\",\"@id\":\"https:\/\/progettotouring.it\/radiotouring104\/#website\",\"url\":\"https:\/\/progettotouring.it\/radiotouring104\/\",\"name\":\"Radio Touring 104\",\"description\":\"La prima radio Reggina\",\"publisher\":{\"@id\":\"https:\/\/progettotouring.it\/radiotouring104\/#organization\"},\"potentialAction\":[{\"@type\":\"SearchAction\",\"target\":{\"@type\":\"EntryPoint\",\"urlTemplate\":\"https:\/\/progettotouring.it\/radiotouring104\/?s={search_term_string}\"},\"query-input\":{\"@type\":\"PropertyValueSpecification\",\"valueRequired\":true,\"valueName\":\"search_term_string\"}}],\"inLanguage\":\"it-IT\"},{\"@type\":\"Organization\",\"@id\":\"https:\/\/progettotouring.it\/radiotouring104\/#organization\",\"name\":\"Radio Touring 104\",\"url\":\"https:\/\/progettotouring.it\/radiotouring104\/\",\"logo\":{\"@type\":\"ImageObject\",\"inLanguage\":\"it-IT\",\"@id\":\"https:\/\/progettotouring.it\/radiotouring104\/#\/schema\/logo\/image\/\",\"url\":\"https:\/\/progettotouring.it\/radiotouring104\/wp-content\/uploads\/sites\/6\/2022\/02\/cropped-logo-radio-touring-104.png\",\"contentUrl\":\"https:\/\/progettotouring.it\/radiotouring104\/wp-content\/uploads\/sites\/6\/2022\/02\/cropped-logo-radio-touring-104.png\",\"width\":377,\"height\":182,\"caption\":\"Radio Touring 104\"},\"image\":{\"@id\":\"https:\/\/progettotouring.it\/radiotouring104\/#\/schema\/logo\/image\/\"}},{\"@type\":\"Person\",\"@id\":\"https:\/\/progettotouring.it\/radiotouring104\/#\/schema\/person\/78613917f1851f041f7483f5af1d422e\",\"name\":\"Sebastiano Plutino\",\"image\":{\"@type\":\"ImageObject\",\"inLanguage\":\"it-IT\",\"@id\":\"https:\/\/secure.gravatar.com\/avatar\/0546ffaa9b79224faf9f2a156b67a529ae861d3287c66c1d8ccfdf909bcba78d?s=96&d=mm&r=g\",\"url\":\"https:\/\/secure.gravatar.com\/avatar\/0546ffaa9b79224faf9f2a156b67a529ae861d3287c66c1d8ccfdf909bcba78d?s=96&d=mm&r=g\",\"contentUrl\":\"https:\/\/secure.gravatar.com\/avatar\/0546ffaa9b79224faf9f2a156b67a529ae861d3287c66c1d8ccfdf909bcba78d?s=96&d=mm&r=g\",\"caption\":\"Sebastiano Plutino\"},\"url\":\"https:\/\/progettotouring.it\/radiotouring104\/author\/sebastiano\/\"}]}<\/script>\n<!-- \/ Yoast SEO plugin. -->","yoast_head_json":{"title":"Barreca sul discorso di Morrone: \"Il futuro citt\u00e0 passa dai giovani\"","description":"\"Lavoriamo uno accanto all'altro per costruire un futuro comune per i figli del sud\", interviene il Consigliere sul discorso dell'Arcivescovo","robots":{"index":"index","follow":"follow","max-snippet":"max-snippet:-1","max-image-preview":"max-image-preview:large","max-video-preview":"max-video-preview:-1"},"canonical":"https:\/\/progettotouring.it\/radiotouring104\/2024\/09\/20\/barreca-sul-discorso-di-morrone-il-futuro-della-citta-passa-dai-giovani\/","og_locale":"it_IT","og_type":"article","og_title":"Barreca sul discorso di Morrone: \"Il futuro citt\u00e0 passa dai giovani\"","og_description":"\"Lavoriamo uno accanto all'altro per costruire un futuro comune per i figli del sud\", interviene il Consigliere sul discorso dell'Arcivescovo","og_url":"https:\/\/progettotouring.it\/radiotouring104\/2024\/09\/20\/barreca-sul-discorso-di-morrone-il-futuro-della-citta-passa-dai-giovani\/","og_site_name":"Radio Touring 104","article_published_time":"2024-09-20T10:33:37+00:00","og_image":[{"width":1920,"height":1080,"url":"https:\/\/progettotouring.it\/radiotouring104\/wp-content\/uploads\/sites\/6\/2022\/05\/san-giorgio-comune.jpg","type":"image\/jpeg"}],"author":"Sebastiano Plutino","twitter_card":"summary_large_image","twitter_misc":{"Scritto da":"Sebastiano Plutino","Tempo di lettura stimato":"2 minuti"},"schema":{"@context":"https:\/\/schema.org","@graph":[{"@type":"Article","@id":"https:\/\/progettotouring.it\/radiotouring104\/2024\/09\/20\/barreca-sul-discorso-di-morrone-il-futuro-della-citta-passa-dai-giovani\/#article","isPartOf":{"@id":"https:\/\/progettotouring.it\/radiotouring104\/2024\/09\/20\/barreca-sul-discorso-di-morrone-il-futuro-della-citta-passa-dai-giovani\/"},"author":{"name":"Sebastiano Plutino","@id":"https:\/\/progettotouring.it\/radiotouring104\/#\/schema\/person\/78613917f1851f041f7483f5af1d422e"},"headline":"Barreca sul discorso di Morrone: &#8220;Il futuro della citt\u00e0 passa dai giovani&#8221;","datePublished":"2024-09-20T10:33:37+00:00","mainEntityOfPage":{"@id":"https:\/\/progettotouring.it\/radiotouring104\/2024\/09\/20\/barreca-sul-discorso-di-morrone-il-futuro-della-citta-passa-dai-giovani\/"},"wordCount":331,"publisher":{"@id":"https:\/\/progettotouring.it\/radiotouring104\/#organization"},"image":{"@id":"https:\/\/progettotouring.it\/radiotouring104\/2024\/09\/20\/barreca-sul-discorso-di-morrone-il-futuro-della-citta-passa-dai-giovani\/#primaryimage"},"thumbnailUrl":"https:\/\/progettotouring.it\/radiotouring104\/wp-content\/uploads\/sites\/6\/2022\/05\/san-giorgio-comune.jpg","keywords":["Fortunato Morrone","Franco Barreca","futuro della citt\u00e0 passa dai giovani"],"articleSection":["Home","News","Reggio Calabria"],"inLanguage":"it-IT"},{"@type":"WebPage","@id":"https:\/\/progettotouring.it\/radiotouring104\/2024\/09\/20\/barreca-sul-discorso-di-morrone-il-futuro-della-citta-passa-dai-giovani\/","url":"https:\/\/progettotouring.it\/radiotouring104\/2024\/09\/20\/barreca-sul-discorso-di-morrone-il-futuro-della-citta-passa-dai-giovani\/","name":"Barreca sul discorso di Morrone: \"Il futuro citt\u00e0 passa dai giovani\"","isPartOf":{"@id":"https:\/\/progettotouring.it\/radiotouring104\/#website"},"primaryImageOfPage":{"@id":"https:\/\/progettotouring.it\/radiotouring104\/2024\/09\/20\/barreca-sul-discorso-di-morrone-il-futuro-della-citta-passa-dai-giovani\/#primaryimage"},"image":{"@id":"https:\/\/progettotouring.it\/radiotouring104\/2024\/09\/20\/barreca-sul-discorso-di-morrone-il-futuro-della-citta-passa-dai-giovani\/#primaryimage"},"thumbnailUrl":"https:\/\/progettotouring.it\/radiotouring104\/wp-content\/uploads\/sites\/6\/2022\/05\/san-giorgio-comune.jpg","datePublished":"2024-09-20T10:33:37+00:00","description":"\"Lavoriamo uno accanto all'altro per costruire un futuro comune per i figli del sud\", interviene il Consigliere sul discorso dell'Arcivescovo","breadcrumb":{"@id":"https:\/\/progettotouring.it\/radiotouring104\/2024\/09\/20\/barreca-sul-discorso-di-morrone-il-futuro-della-citta-passa-dai-giovani\/#breadcrumb"},"inLanguage":"it-IT","potentialAction":[{"@type":"ReadAction","target":["https:\/\/progettotouring.it\/radiotouring104\/2024\/09\/20\/barreca-sul-discorso-di-morrone-il-futuro-della-citta-passa-dai-giovani\/"]}]},{"@type":"ImageObject","inLanguage":"it-IT","@id":"https:\/\/progettotouring.it\/radiotouring104\/2024\/09\/20\/barreca-sul-discorso-di-morrone-il-futuro-della-citta-passa-dai-giovani\/#primaryimage","url":"https:\/\/progettotouring.it\/radiotouring104\/wp-content\/uploads\/sites\/6\/2022\/05\/san-giorgio-comune.jpg","contentUrl":"https:\/\/progettotouring.it\/radiotouring104\/wp-content\/uploads\/sites\/6\/2022\/05\/san-giorgio-comune.jpg","width":1920,"height":1080},{"@type":"BreadcrumbList","@id":"https:\/\/progettotouring.it\/radiotouring104\/2024\/09\/20\/barreca-sul-discorso-di-morrone-il-futuro-della-citta-passa-dai-giovani\/#breadcrumb","itemListElement":[{"@type":"ListItem","position":1,"name":"Home","item":"https:\/\/progettotouring.it\/radiotouring104\/"},{"@type":"ListItem","position":2,"name":"Barreca sul discorso di Morrone: &#8220;Il futuro della citt\u00e0 passa dai giovani&#8221;"}]},{"@type":"WebSite","@id":"https:\/\/progettotouring.it\/radiotouring104\/#website","url":"https:\/\/progettotouring.it\/radiotouring104\/","name":"Radio Touring 104","description":"La prima radio Reggina","publisher":{"@id":"https:\/\/progettotouring.it\/radiotouring104\/#organization"},"potentialAction":[{"@type":"SearchAction","target":{"@type":"EntryPoint","urlTemplate":"https:\/\/progettotouring.it\/radiotouring104\/?s={search_term_string}"},"query-input":{"@type":"PropertyValueSpecification","valueRequired":true,"valueName":"search_term_string"}}],"inLanguage":"it-IT"},{"@type":"Organization","@id":"https:\/\/progettotouring.it\/radiotouring104\/#organization","name":"Radio Touring 104","url":"https:\/\/progettotouring.it\/radiotouring104\/","logo":{"@type":"ImageObject","inLanguage":"it-IT","@id":"https:\/\/progettotouring.it\/radiotouring104\/#\/schema\/logo\/image\/","url":"https:\/\/progettotouring.it\/radiotouring104\/wp-content\/uploads\/sites\/6\/2022\/02\/cropped-logo-radio-touring-104.png","contentUrl":"https:\/\/progettotouring.it\/radiotouring104\/wp-content\/uploads\/sites\/6\/2022\/02\/cropped-logo-radio-touring-104.png","width":377,"height":182,"caption":"Radio Touring 104"},"image":{"@id":"https:\/\/progettotouring.it\/radiotouring104\/#\/schema\/logo\/image\/"}},{"@type":"Person","@id":"https:\/\/progettotouring.it\/radiotouring104\/#\/schema\/person\/78613917f1851f041f7483f5af1d422e","name":"Sebastiano Plutino","image":{"@type":"ImageObject","inLanguage":"it-IT","@id":"https:\/\/secure.gravatar.com\/avatar\/0546ffaa9b79224faf9f2a156b67a529ae861d3287c66c1d8ccfdf909bcba78d?s=96&d=mm&r=g","url":"https:\/\/secure.gravatar.com\/avatar\/0546ffaa9b79224faf9f2a156b67a529ae861d3287c66c1d8ccfdf909bcba78d?s=96&d=mm&r=g","contentUrl":"https:\/\/secure.gravatar.com\/avatar\/0546ffaa9b79224faf9f2a156b67a529ae861d3287c66c1d8ccfdf909bcba78d?s=96&d=mm&r=g","caption":"Sebastiano Plutino"},"url":"https:\/\/progettotouring.it\/radiotouring104\/author\/sebastiano\/"}]}},"jetpack_publicize_connections":[],"jetpack_featured_media_url":"https:\/\/progettotouring.it\/radiotouring104\/wp-content\/uploads\/sites\/6\/2022\/05\/san-giorgio-comune.jpg","jetpack_sharing_enabled":true,"_links":{"self":[{"href":"https:\/\/progettotouring.it\/radiotouring104\/wp-json\/wp\/v2\/posts\/58108","targetHints":{"allow":["GET"]}}],"collection":[{"href":"https:\/\/progettotouring.it\/radiotouring104\/wp-json\/wp\/v2\/posts"}],"about":[{"href":"https:\/\/progettotouring.it\/radiotouring104\/wp-json\/wp\/v2\/types\/post"}],"author":[{"embeddable":true,"href":"https:\/\/progettotouring.it\/radiotouring104\/wp-json\/wp\/v2\/users\/12"}],"replies":[{"embeddable":true,"href":"https:\/\/progettotouring.it\/radiotouring104\/wp-json\/wp\/v2\/comments?post=58108"}],"version-history":[{"count":1,"href":"https:\/\/progettotouring.it\/radiotouring104\/wp-json\/wp\/v2\/posts\/58108\/revisions"}],"predecessor-version":[{"id":58109,"href":"https:\/\/progettotouring.it\/radiotouring104\/wp-json\/wp\/v2\/posts\/58108\/revisions\/58109"}],"wp:featuredmedia":[{"embeddable":true,"href":"https:\/\/progettotouring.it\/radiotouring104\/wp-json\/wp\/v2\/media\/5666"}],"wp:attachment":[{"href":"https:\/\/progettotouring.it\/radiotouring104\/wp-json\/wp\/v2\/media?parent=58108"}],"wp:term":[{"taxonomy":"category","embeddable":true,"href":"https:\/\/progettotouring.it\/radiotouring104\/wp-json\/wp\/v2\/categories?post=58108"},{"taxonomy":"post_tag","embeddable":true,"href":"https:\/\/progettotouring.it\/radiotouring104\/wp-json\/wp\/v2\/tags?post=58108"}],"curies":[{"name":"wp","href":"https:\/\/api.w.org\/{rel}","templated":true}]}}