{"id":58194,"date":"2024-09-23T11:07:23","date_gmt":"2024-09-23T09:07:23","guid":{"rendered":"https:\/\/progettotouring.it\/radiotouring104\/?p=58194"},"modified":"2024-09-23T11:14:45","modified_gmt":"2024-09-23T09:14:45","slug":"reggio-conclusa-la-prima-rassegna-della-2-edizione-della-biennale-dello-stretto","status":"publish","type":"post","link":"https:\/\/progettotouring.it\/radiotouring104\/2024\/09\/23\/reggio-conclusa-la-prima-rassegna-della-2-edizione-della-biennale-dello-stretto\/","title":{"rendered":"Reggio: conclusa la prima rassegna della 2\u00b0 edizione della Biennale dello Stretto"},"content":{"rendered":"<p style=\"text-align: justify\"><strong><img fetchpriority=\"high\" decoding=\"async\" class=\"alignnone size-medium wp-image-58208\" src=\"https:\/\/progettotouring.it\/radiotouring104\/wp-content\/uploads\/sites\/6\/2024\/09\/WhatsApp-Image-2024-09-23-at-10.57.45-1-225x300.jpeg\" alt=\"\" width=\"225\" height=\"300\" srcset=\"https:\/\/progettotouring.it\/radiotouring104\/wp-content\/uploads\/sites\/6\/2024\/09\/WhatsApp-Image-2024-09-23-at-10.57.45-1-225x300.jpeg 225w, https:\/\/progettotouring.it\/radiotouring104\/wp-content\/uploads\/sites\/6\/2024\/09\/WhatsApp-Image-2024-09-23-at-10.57.45-1-768x1024.jpeg 768w, https:\/\/progettotouring.it\/radiotouring104\/wp-content\/uploads\/sites\/6\/2024\/09\/WhatsApp-Image-2024-09-23-at-10.57.45-1-1152x1536.jpeg 1152w, https:\/\/progettotouring.it\/radiotouring104\/wp-content\/uploads\/sites\/6\/2024\/09\/WhatsApp-Image-2024-09-23-at-10.57.45-1-1170x1560.jpeg 1170w, https:\/\/progettotouring.it\/radiotouring104\/wp-content\/uploads\/sites\/6\/2024\/09\/WhatsApp-Image-2024-09-23-at-10.57.45-1-585x780.jpeg 585w, https:\/\/progettotouring.it\/radiotouring104\/wp-content\/uploads\/sites\/6\/2024\/09\/WhatsApp-Image-2024-09-23-at-10.57.45-1.jpeg 1536w\" sizes=\"(max-width: 225px) 100vw, 225px\" \/> <img decoding=\"async\" class=\"alignnone size-medium wp-image-58210\" src=\"https:\/\/progettotouring.it\/radiotouring104\/wp-content\/uploads\/sites\/6\/2024\/09\/WhatsApp-Image-2024-09-23-at-10.57.46-9-1-225x300.jpeg\" alt=\"\" width=\"225\" height=\"300\" srcset=\"https:\/\/progettotouring.it\/radiotouring104\/wp-content\/uploads\/sites\/6\/2024\/09\/WhatsApp-Image-2024-09-23-at-10.57.46-9-1-225x300.jpeg 225w, https:\/\/progettotouring.it\/radiotouring104\/wp-content\/uploads\/sites\/6\/2024\/09\/WhatsApp-Image-2024-09-23-at-10.57.46-9-1-768x1024.jpeg 768w, https:\/\/progettotouring.it\/radiotouring104\/wp-content\/uploads\/sites\/6\/2024\/09\/WhatsApp-Image-2024-09-23-at-10.57.46-9-1-1152x1536.jpeg 1152w, https:\/\/progettotouring.it\/radiotouring104\/wp-content\/uploads\/sites\/6\/2024\/09\/WhatsApp-Image-2024-09-23-at-10.57.46-9-1-1170x1560.jpeg 1170w, https:\/\/progettotouring.it\/radiotouring104\/wp-content\/uploads\/sites\/6\/2024\/09\/WhatsApp-Image-2024-09-23-at-10.57.46-9-1-585x780.jpeg 585w, https:\/\/progettotouring.it\/radiotouring104\/wp-content\/uploads\/sites\/6\/2024\/09\/WhatsApp-Image-2024-09-23-at-10.57.46-9-1.jpeg 1536w\" sizes=\"(max-width: 225px) 100vw, 225px\" \/> <img decoding=\"async\" class=\"alignnone size-medium wp-image-58211\" src=\"https:\/\/progettotouring.it\/radiotouring104\/wp-content\/uploads\/sites\/6\/2024\/09\/WhatsApp-Image-2024-09-23-at-10.57.46-8-1-225x300.jpeg\" alt=\"\" width=\"225\" height=\"300\" srcset=\"https:\/\/progettotouring.it\/radiotouring104\/wp-content\/uploads\/sites\/6\/2024\/09\/WhatsApp-Image-2024-09-23-at-10.57.46-8-1-225x300.jpeg 225w, https:\/\/progettotouring.it\/radiotouring104\/wp-content\/uploads\/sites\/6\/2024\/09\/WhatsApp-Image-2024-09-23-at-10.57.46-8-1-768x1024.jpeg 768w, https:\/\/progettotouring.it\/radiotouring104\/wp-content\/uploads\/sites\/6\/2024\/09\/WhatsApp-Image-2024-09-23-at-10.57.46-8-1-1152x1536.jpeg 1152w, https:\/\/progettotouring.it\/radiotouring104\/wp-content\/uploads\/sites\/6\/2024\/09\/WhatsApp-Image-2024-09-23-at-10.57.46-8-1-1170x1560.jpeg 1170w, https:\/\/progettotouring.it\/radiotouring104\/wp-content\/uploads\/sites\/6\/2024\/09\/WhatsApp-Image-2024-09-23-at-10.57.46-8-1-585x780.jpeg 585w, https:\/\/progettotouring.it\/radiotouring104\/wp-content\/uploads\/sites\/6\/2024\/09\/WhatsApp-Image-2024-09-23-at-10.57.46-8-1.jpeg 1536w\" sizes=\"(max-width: 225px) 100vw, 225px\" \/> <img loading=\"lazy\" decoding=\"async\" class=\"alignnone size-medium wp-image-58212\" src=\"https:\/\/progettotouring.it\/radiotouring104\/wp-content\/uploads\/sites\/6\/2024\/09\/WhatsApp-Image-2024-09-23-at-10.57.46-7-1-225x300.jpeg\" alt=\"\" width=\"225\" height=\"300\" srcset=\"https:\/\/progettotouring.it\/radiotouring104\/wp-content\/uploads\/sites\/6\/2024\/09\/WhatsApp-Image-2024-09-23-at-10.57.46-7-1-225x300.jpeg 225w, https:\/\/progettotouring.it\/radiotouring104\/wp-content\/uploads\/sites\/6\/2024\/09\/WhatsApp-Image-2024-09-23-at-10.57.46-7-1-768x1024.jpeg 768w, https:\/\/progettotouring.it\/radiotouring104\/wp-content\/uploads\/sites\/6\/2024\/09\/WhatsApp-Image-2024-09-23-at-10.57.46-7-1-1152x1536.jpeg 1152w, https:\/\/progettotouring.it\/radiotouring104\/wp-content\/uploads\/sites\/6\/2024\/09\/WhatsApp-Image-2024-09-23-at-10.57.46-7-1-1170x1560.jpeg 1170w, https:\/\/progettotouring.it\/radiotouring104\/wp-content\/uploads\/sites\/6\/2024\/09\/WhatsApp-Image-2024-09-23-at-10.57.46-7-1-585x780.jpeg 585w, https:\/\/progettotouring.it\/radiotouring104\/wp-content\/uploads\/sites\/6\/2024\/09\/WhatsApp-Image-2024-09-23-at-10.57.46-7-1.jpeg 1536w\" sizes=\"(max-width: 225px) 100vw, 225px\" \/> \u00a0<img loading=\"lazy\" decoding=\"async\" class=\"alignnone size-medium wp-image-58214\" src=\"https:\/\/progettotouring.it\/radiotouring104\/wp-content\/uploads\/sites\/6\/2024\/09\/WhatsApp-Image-2024-09-23-at-10.57.46-5-1-225x300.jpeg\" alt=\"\" width=\"225\" height=\"300\" srcset=\"https:\/\/progettotouring.it\/radiotouring104\/wp-content\/uploads\/sites\/6\/2024\/09\/WhatsApp-Image-2024-09-23-at-10.57.46-5-1-225x300.jpeg 225w, https:\/\/progettotouring.it\/radiotouring104\/wp-content\/uploads\/sites\/6\/2024\/09\/WhatsApp-Image-2024-09-23-at-10.57.46-5-1-768x1024.jpeg 768w, https:\/\/progettotouring.it\/radiotouring104\/wp-content\/uploads\/sites\/6\/2024\/09\/WhatsApp-Image-2024-09-23-at-10.57.46-5-1-1152x1536.jpeg 1152w, https:\/\/progettotouring.it\/radiotouring104\/wp-content\/uploads\/sites\/6\/2024\/09\/WhatsApp-Image-2024-09-23-at-10.57.46-5-1-1170x1560.jpeg 1170w, https:\/\/progettotouring.it\/radiotouring104\/wp-content\/uploads\/sites\/6\/2024\/09\/WhatsApp-Image-2024-09-23-at-10.57.46-5-1-585x780.jpeg 585w, https:\/\/progettotouring.it\/radiotouring104\/wp-content\/uploads\/sites\/6\/2024\/09\/WhatsApp-Image-2024-09-23-at-10.57.46-5-1.jpeg 1536w\" sizes=\"(max-width: 225px) 100vw, 225px\" \/> <img loading=\"lazy\" decoding=\"async\" class=\"alignnone size-medium wp-image-58215\" src=\"https:\/\/progettotouring.it\/radiotouring104\/wp-content\/uploads\/sites\/6\/2024\/09\/WhatsApp-Image-2024-09-23-at-10.57.46-4-1-225x300.jpeg\" alt=\"\" width=\"225\" height=\"300\" srcset=\"https:\/\/progettotouring.it\/radiotouring104\/wp-content\/uploads\/sites\/6\/2024\/09\/WhatsApp-Image-2024-09-23-at-10.57.46-4-1-225x300.jpeg 225w, https:\/\/progettotouring.it\/radiotouring104\/wp-content\/uploads\/sites\/6\/2024\/09\/WhatsApp-Image-2024-09-23-at-10.57.46-4-1-768x1024.jpeg 768w, https:\/\/progettotouring.it\/radiotouring104\/wp-content\/uploads\/sites\/6\/2024\/09\/WhatsApp-Image-2024-09-23-at-10.57.46-4-1-1152x1536.jpeg 1152w, https:\/\/progettotouring.it\/radiotouring104\/wp-content\/uploads\/sites\/6\/2024\/09\/WhatsApp-Image-2024-09-23-at-10.57.46-4-1-1170x1560.jpeg 1170w, https:\/\/progettotouring.it\/radiotouring104\/wp-content\/uploads\/sites\/6\/2024\/09\/WhatsApp-Image-2024-09-23-at-10.57.46-4-1-585x780.jpeg 585w, https:\/\/progettotouring.it\/radiotouring104\/wp-content\/uploads\/sites\/6\/2024\/09\/WhatsApp-Image-2024-09-23-at-10.57.46-4-1.jpeg 1536w\" sizes=\"(max-width: 225px) 100vw, 225px\" \/> <img loading=\"lazy\" decoding=\"async\" class=\"alignnone size-medium wp-image-58216\" src=\"https:\/\/progettotouring.it\/radiotouring104\/wp-content\/uploads\/sites\/6\/2024\/09\/WhatsApp-Image-2024-09-23-at-10.57.46-3-1-225x300.jpeg\" alt=\"\" width=\"225\" height=\"300\" srcset=\"https:\/\/progettotouring.it\/radiotouring104\/wp-content\/uploads\/sites\/6\/2024\/09\/WhatsApp-Image-2024-09-23-at-10.57.46-3-1-225x300.jpeg 225w, https:\/\/progettotouring.it\/radiotouring104\/wp-content\/uploads\/sites\/6\/2024\/09\/WhatsApp-Image-2024-09-23-at-10.57.46-3-1-768x1024.jpeg 768w, https:\/\/progettotouring.it\/radiotouring104\/wp-content\/uploads\/sites\/6\/2024\/09\/WhatsApp-Image-2024-09-23-at-10.57.46-3-1-1152x1536.jpeg 1152w, https:\/\/progettotouring.it\/radiotouring104\/wp-content\/uploads\/sites\/6\/2024\/09\/WhatsApp-Image-2024-09-23-at-10.57.46-3-1-1170x1560.jpeg 1170w, https:\/\/progettotouring.it\/radiotouring104\/wp-content\/uploads\/sites\/6\/2024\/09\/WhatsApp-Image-2024-09-23-at-10.57.46-3-1-585x780.jpeg 585w, https:\/\/progettotouring.it\/radiotouring104\/wp-content\/uploads\/sites\/6\/2024\/09\/WhatsApp-Image-2024-09-23-at-10.57.46-3-1.jpeg 1536w\" sizes=\"(max-width: 225px) 100vw, 225px\" \/> <img loading=\"lazy\" decoding=\"async\" class=\"alignnone size-medium wp-image-58217\" src=\"https:\/\/progettotouring.it\/radiotouring104\/wp-content\/uploads\/sites\/6\/2024\/09\/WhatsApp-Image-2024-09-23-at-10.57.46-2-1-225x300.jpeg\" alt=\"\" width=\"225\" height=\"300\" srcset=\"https:\/\/progettotouring.it\/radiotouring104\/wp-content\/uploads\/sites\/6\/2024\/09\/WhatsApp-Image-2024-09-23-at-10.57.46-2-1-225x300.jpeg 225w, https:\/\/progettotouring.it\/radiotouring104\/wp-content\/uploads\/sites\/6\/2024\/09\/WhatsApp-Image-2024-09-23-at-10.57.46-2-1-768x1024.jpeg 768w, https:\/\/progettotouring.it\/radiotouring104\/wp-content\/uploads\/sites\/6\/2024\/09\/WhatsApp-Image-2024-09-23-at-10.57.46-2-1-1152x1536.jpeg 1152w, https:\/\/progettotouring.it\/radiotouring104\/wp-content\/uploads\/sites\/6\/2024\/09\/WhatsApp-Image-2024-09-23-at-10.57.46-2-1-1170x1560.jpeg 1170w, https:\/\/progettotouring.it\/radiotouring104\/wp-content\/uploads\/sites\/6\/2024\/09\/WhatsApp-Image-2024-09-23-at-10.57.46-2-1-585x780.jpeg 585w, https:\/\/progettotouring.it\/radiotouring104\/wp-content\/uploads\/sites\/6\/2024\/09\/WhatsApp-Image-2024-09-23-at-10.57.46-2-1.jpeg 1536w\" sizes=\"(max-width: 225px) 100vw, 225px\" \/> <img loading=\"lazy\" decoding=\"async\" class=\"alignnone size-medium wp-image-58218\" src=\"https:\/\/progettotouring.it\/radiotouring104\/wp-content\/uploads\/sites\/6\/2024\/09\/WhatsApp-Image-2024-09-23-at-10.57.46-1-1-225x300.jpeg\" alt=\"\" width=\"225\" height=\"300\" srcset=\"https:\/\/progettotouring.it\/radiotouring104\/wp-content\/uploads\/sites\/6\/2024\/09\/WhatsApp-Image-2024-09-23-at-10.57.46-1-1-225x300.jpeg 225w, https:\/\/progettotouring.it\/radiotouring104\/wp-content\/uploads\/sites\/6\/2024\/09\/WhatsApp-Image-2024-09-23-at-10.57.46-1-1-768x1024.jpeg 768w, https:\/\/progettotouring.it\/radiotouring104\/wp-content\/uploads\/sites\/6\/2024\/09\/WhatsApp-Image-2024-09-23-at-10.57.46-1-1-1152x1536.jpeg 1152w, https:\/\/progettotouring.it\/radiotouring104\/wp-content\/uploads\/sites\/6\/2024\/09\/WhatsApp-Image-2024-09-23-at-10.57.46-1-1-1170x1560.jpeg 1170w, https:\/\/progettotouring.it\/radiotouring104\/wp-content\/uploads\/sites\/6\/2024\/09\/WhatsApp-Image-2024-09-23-at-10.57.46-1-1-585x780.jpeg 585w, https:\/\/progettotouring.it\/radiotouring104\/wp-content\/uploads\/sites\/6\/2024\/09\/WhatsApp-Image-2024-09-23-at-10.57.46-1-1.jpeg 1536w\" sizes=\"(max-width: 225px) 100vw, 225px\" \/> <img loading=\"lazy\" decoding=\"async\" class=\"alignnone size-medium wp-image-58219\" src=\"https:\/\/progettotouring.it\/radiotouring104\/wp-content\/uploads\/sites\/6\/2024\/09\/WhatsApp-Image-2024-09-23-at-10.57.46-10-225x300.jpeg\" alt=\"\" width=\"225\" height=\"300\" srcset=\"https:\/\/progettotouring.it\/radiotouring104\/wp-content\/uploads\/sites\/6\/2024\/09\/WhatsApp-Image-2024-09-23-at-10.57.46-10-225x300.jpeg 225w, https:\/\/progettotouring.it\/radiotouring104\/wp-content\/uploads\/sites\/6\/2024\/09\/WhatsApp-Image-2024-09-23-at-10.57.46-10-768x1024.jpeg 768w, https:\/\/progettotouring.it\/radiotouring104\/wp-content\/uploads\/sites\/6\/2024\/09\/WhatsApp-Image-2024-09-23-at-10.57.46-10-1152x1536.jpeg 1152w, https:\/\/progettotouring.it\/radiotouring104\/wp-content\/uploads\/sites\/6\/2024\/09\/WhatsApp-Image-2024-09-23-at-10.57.46-10-1170x1560.jpeg 1170w, https:\/\/progettotouring.it\/radiotouring104\/wp-content\/uploads\/sites\/6\/2024\/09\/WhatsApp-Image-2024-09-23-at-10.57.46-10-585x780.jpeg 585w, https:\/\/progettotouring.it\/radiotouring104\/wp-content\/uploads\/sites\/6\/2024\/09\/WhatsApp-Image-2024-09-23-at-10.57.46-10.jpeg 1536w\" sizes=\"(max-width: 225px) 100vw, 225px\" \/> <img loading=\"lazy\" decoding=\"async\" class=\"alignnone size-medium wp-image-58220\" src=\"https:\/\/progettotouring.it\/radiotouring104\/wp-content\/uploads\/sites\/6\/2024\/09\/WhatsApp-Image-2024-09-23-at-10.55.14-1-225x300.jpeg\" alt=\"\" width=\"225\" height=\"300\" srcset=\"https:\/\/progettotouring.it\/radiotouring104\/wp-content\/uploads\/sites\/6\/2024\/09\/WhatsApp-Image-2024-09-23-at-10.55.14-1-225x300.jpeg 225w, https:\/\/progettotouring.it\/radiotouring104\/wp-content\/uploads\/sites\/6\/2024\/09\/WhatsApp-Image-2024-09-23-at-10.55.14-1-768x1024.jpeg 768w, https:\/\/progettotouring.it\/radiotouring104\/wp-content\/uploads\/sites\/6\/2024\/09\/WhatsApp-Image-2024-09-23-at-10.55.14-1-1152x1536.jpeg 1152w, https:\/\/progettotouring.it\/radiotouring104\/wp-content\/uploads\/sites\/6\/2024\/09\/WhatsApp-Image-2024-09-23-at-10.55.14-1-1170x1560.jpeg 1170w, https:\/\/progettotouring.it\/radiotouring104\/wp-content\/uploads\/sites\/6\/2024\/09\/WhatsApp-Image-2024-09-23-at-10.55.14-1-585x780.jpeg 585w, https:\/\/progettotouring.it\/radiotouring104\/wp-content\/uploads\/sites\/6\/2024\/09\/WhatsApp-Image-2024-09-23-at-10.55.14-1.jpeg 1536w\" sizes=\"(max-width: 225px) 100vw, 225px\" \/>Si \u00e8 conclusa ieri la prima rassegna della 2\u00b0 edizione della Biennale dello Stretto,<\/strong> evento che continuer\u00e0 ad essere aperto al pubblico, fino a dicembre ed ha chiuso ieri la prima rassegna di dibattiti e confronti a Forte Batteria Siacci di Campo Calabro, a partire dalle ore 10.00.<\/p>\n<p style=\"text-align: justify\"><strong>I lavori si sono avviati con il panel<\/strong> Atto IV &#8211; Baricentri delle Citt\u00e0 \/ Design non in senso Stretto, con il talk \u201cDesign e Cultura d\u2019impresa\u201d che vedr\u00e0 i contributi di <strong>Luciano Galimberti,<\/strong> architetto presidente ADI e Giorgio Tartaro, giornalista design e architettura.<\/p>\n<p style=\"text-align: justify\"><strong>E&#8217; seguito il talk \u201c<\/strong>Dal cucchiaio al condominio. Il Design come Esplorazione tra forma, relazione e territorio\u201d, con il contributo della designer Sara Ricciardi, Creative Director e docente di Social design NABA e, subito dopo il talk dedicato al Laboratorio di Progettazione Urbana<em> \u201cLa Citt\u00e0 e il mare\u201d,<\/em> esposto anche in mostra, che vedr\u00e0 protagonisti gli studenti under 14 della Scuola Media Pirandello, intervistati da <strong>Giorgio Tartaro,<\/strong> con la loro Dirigente scolastica, <strong>Serafina Corrado<\/strong> e la Referente del progetto,<strong> Santina Dattola,<\/strong> Segretario del Consiglio dell\u2019OAPPC di Reggio Calabria.<\/p>\n<p style=\"text-align: justify\">Infine ha chiuso il panel il dibattito \u201cImprese e Territorio\u201d, moderato da<strong> Giorgio Tartaro<\/strong> con i contributi di Francesco Alati, delegato territoriale ADI Calabria, <strong>Vince Castellana,<\/strong> coordinatore scientifico ADI Sicilia, in dialogo con <strong>Nino Scarcella,<\/strong> Ego Italiano,<strong> Dante Cariboni<\/strong>, Cariboni Group, <strong>Marco Predari,<\/strong> Universal Selecta e <strong>Giuseppe Capicotto,<\/strong> eFM.<\/p>\n<p style=\"text-align: justify\">La mattinata si \u00e8 conclusa con il primo talk del Atto IV &#8211; Baricentri delle Citt\u00e0 \/ Imprese &#8211; Imprese, Giovani e Futuro. \u201cFare impresa con il design\u201d, moderato da<strong> Giorgio Tartaro<\/strong>, con<strong> Francesco Alati,<\/strong> delegato territoriale ADI Calabria, <strong>Annalisa Spadola,<\/strong> delegato territoriale ADI Sicilia, in dialogo con gli imprenditori<strong> Irene Tranchina,<\/strong> Orografie, <strong>Daniele Morabito,<\/strong> Karpeta + Texturae e<strong> Salvatore Mistretta,<\/strong> Domus laboratorio d\u2019arredo.<\/p>\n<p style=\"text-align: justify\">Nella sessione pomeridiana, i lavori sono ripresi alle 15.00 con il \u201cReport Laboratorio Design\u201d, moderato da <strong>Alfonso Femia,<\/strong> con protagonisti gli studenti del master con il direttore del master <strong>Vince Castellana<\/strong> e la coordinatrice e docente del master <strong>Caterina Scandurra<\/strong>. E&#8217; seguito il<em> \u201cReport Laboratorio Urbanistica Tattica\u201d,<\/em> con <strong>Gaia Sgaramella<\/strong> della Fondazione Mobilit\u00e0 in citt\u00e0, Federico Parolotto, MIC-HUB, <strong>Mariangela Cama,<\/strong> direttrice Biennale dello Stretto, <strong>Giusi Caminiti,<\/strong> sindaca di Villa San Giovanni e con <strong>Alessia Mendichi e Chiara Pezzano,<\/strong> team di Urbanistica tattica per Fondazione Mobilit\u00e0 in citt\u00e0.<\/p>\n<p style=\"text-align: justify\"><strong>La seconda met\u00e0 del pomeriggio con<\/strong> l\u2019atto IV &#8211; Baricentri delle citt\u00e0 \/ cultura, antropologia contemporanea, narrativa, ha accolto il talk \u201cImmaginare\u201d con i contributi dell\u2019antropologo Benoit Carbone, PhD, University College London e dell\u2019antropologa Giuliana San\u00f2, docente Universit\u00e0 degli Studi di Messina in dialogo con Mauro Francesco Minervino, scrittore e antropologo, Accademia di Belle Arti di Catanzaro.<\/p>\n<p style=\"text-align: justify\">A seguire sono saliti sul palco gli artisti con le installazioni della mostra permanente. Alle 17.00 \u201cL\u2019arte e le installazioni in Biennale dello Stretto\u201d &#8211; Arte e Architettura a cura di <strong>Angela Pellican\u00f2 e gli artisti. Introdurr\u00e0 Mariangela Cama<\/strong> con <strong>Irene Calabr\u00f2<\/strong> dell\u2019Associazione Culturale Nike con<strong> Marco Bassan, Spazio Taverna, Diorama e Demetrio Megalizzi,<\/strong> Gobo Service, che illustreranno le loro installazioni.<\/p>\n<p style=\"text-align: justify\"><strong>Alle 17.45 si sono conclusi i i lavori con il Finissage,<\/strong> nel corso del quale i direttori della Biennale<strong> Mariangela Cama, Alfonso Femia, Francesca Moraci<\/strong> con il sindaco di Campo Calabro <strong>Rocco Alessandro Repaci<\/strong> concluderanno sul significato della Biennale per il territorio e a seguire presenteranno le prossime sessioni di ottobre e di dicembre, la Biennale diffusa.<\/p>\n<p style=\"text-align: justify\"><em>Casa come me. <\/em><br \/>\n<em>Si sommano tutti i significati pi\u00f9 forti sprigionati negli spazi chiusi o aperti e si ribaltano simboli, scarnificati fino a diventare sostanze luminose o voragini dopo un\u2019esplosione, oppure ancora, segni cristallizzati in un tempo cronologico in una sequenza di due, tre, cinque e ancora molteplici spazi. <\/em><br \/>\n<em>Il tempo di cui ragioniamo, \u00e8 campo di rappresentazione della memoria, luogo astratto dell\u2019indagine e messa a fuoco del significato che Arte ha per gli esseri tutti. <\/em><br \/>\n<em>La sua stratificazione fatta di gesti ed esperienze millenarie, di segni, tracce, patti di condivisione, secondo Platone \u00e8 \u201cImmagine mobile dell\u2019 eternit\u00e0\u201d. <\/em><br \/>\n<em>Ma il Tempo \u00e8 anche l\u2019estensione di una visione che non possiamo chiudere dentro un confine fisico, una capsula che circoscrive mente e cuore e poi, in quel luogo del confronto pubblico che noi chiamiamo \u201cSpazio\u201d dove si creano e si ribaltano idoli, si sommano esperienze, ci si evolve attraversandolo, restare in bal\u00eca delle contraddizioni. Fare \u201cspazio dentro\u201d \u00e8 una contemplazione del moto perpetuo, un esercizio; \u00e8 aver compreso ci\u00f2 che \u00e8 necessario, lineare. <\/em><br \/>\n<em>Ora, immaginiamo di attraversarlo questo spazio- tempo ascensionale, di risalita, come una infinita scala di Casa Malaparte e, tutto ad un tratto, lo scenario che si presenta agli occhi abituati da secoli alla terraferma, trasla in un luogo che funziona, simbolicamente, come un mondo di sopra. <\/em><br \/>\n<em>Sopra le nostre teste, improvvisamente inonda la luce cristallina, e dentro le nostre teste, qualcosa scavalcher\u00e0 i limiti del controllo di quelle categorie. Casa Malaparte dentro questa mostra, \u00e8 tutto questo. <\/em><br \/>\n<em>Dove, (anche se non \u00e8 accaduto davvero), un tempo i bambini fluttuando in tondo su se stessi entravano nel vortice che li stremava a terra mentre il tutto continuava a girare nella loro testa. Una sensazione di contrazione dello spazio-tempo si impadroniva fino alla nausea. \u00c8 questo gioco di rimandi la chiave per scrivere e riflettere su una rappresentazione che \u00e8 da intendersi come operazione documentaristica e visionaria, costruzione artigianale di idee capaci di conquistare una verit\u00e0 profonda. La condizione di spaesamento creativo che qui si azzarda \u00e8 spingere oltre una narrazione gi\u00e0 scritta che per status, decreta il bello e il brutto, il giusto e il sopruso, l\u2019estetica e l\u2019etica, la menzogna dall\u2019ideale del vero fino alla condizione generica ormai storicizzata di luogo consumato in immagini, come \u00e8 avvenuto per Forte Siacci gi\u00e0 visto troppe volte e spesso invisibile nella sua essenza, nonostante tutto. <\/em><br \/>\n<em>Quell\u2019universo spiazzante, un livello di realt\u00e0 pi\u00f9 introspettiva di cui resta memoria nelle parole di Curzio Malaparte quando scrive \u201c casa come me\u201d,<\/em><strong> descrive cosi l&#8217;evento Angela Pellican\u00f2.<\/strong><\/p>\n<p style=\"text-align: justify\"><strong>Il programma si \u00e8 concluso con il Concerto al Forte di Sara Berni Blues Band.<\/strong><\/p>\n","protected":false},"excerpt":{"rendered":"<p>\u00a0 Si \u00e8 conclusa ieri la prima rassegna della 2\u00b0 edizione della Biennale dello Stretto, evento che continuer\u00e0 ad essere aperto al pubblico, fino a dicembre ed ha chiuso ieri&hellip;<\/p>\n","protected":false},"author":12,"featured_media":58206,"comment_status":"closed","ping_status":"open","sticky":false,"template":"","format":"standard","meta":{"_jetpack_memberships_contains_paid_content":false,"footnotes":"","jetpack_publicize_message":"","jetpack_publicize_feature_enabled":true,"jetpack_social_post_already_shared":false,"jetpack_social_options":{"image_generator_settings":{"template":"highway","default_image_id":0,"font":"","enabled":false},"version":2}},"categories":[921,150,196,140],"tags":[23332,4737,32063,35526,4415,35605,22435,345,32300],"class_list":["post-58194","post","type-post","status-publish","format-standard","has-post-thumbnail","hentry","category-home","category-in-primo-piano","category-news","category-reggio-calabria","tag-2-edizione","tag-alfonso-femia","tag-angela-pellicano","tag-batteria-forte-siacci","tag-biennale-dello-stretto","tag-conclusa-prima-rassegna","tag-dott-sandro-repaci","tag-irene-calabro","tag-marangela-cama"],"yoast_head":"<!-- This site is optimized with the Yoast SEO plugin v27.2 - https:\/\/yoast.com\/product\/yoast-seo-wordpress\/ -->\n<title>Reggio: conclusa la 1\u00b0 rassegna della Biennale dello Stretto<\/title>\n<meta name=\"description\" content=\"Conclusa ieri la 2\u00b0 edizione della Biennale, tra dibattiti, installazioni e spettacoli, visitabile ancora nei weekend fino a dicembre\" \/>\n<meta name=\"robots\" content=\"index, follow, max-snippet:-1, max-image-preview:large, max-video-preview:-1\" \/>\n<link rel=\"canonical\" href=\"https:\/\/progettotouring.it\/radiotouring104\/2024\/09\/23\/reggio-conclusa-la-prima-rassegna-della-2-edizione-della-biennale-dello-stretto\/\" \/>\n<meta property=\"og:locale\" content=\"it_IT\" \/>\n<meta property=\"og:type\" content=\"article\" \/>\n<meta property=\"og:title\" content=\"Reggio: conclusa la 1\u00b0 rassegna della Biennale dello Stretto\" \/>\n<meta property=\"og:description\" content=\"Conclusa ieri la 2\u00b0 edizione della Biennale, tra dibattiti, installazioni e spettacoli, visitabile ancora nei weekend fino a dicembre\" \/>\n<meta property=\"og:url\" content=\"https:\/\/progettotouring.it\/radiotouring104\/2024\/09\/23\/reggio-conclusa-la-prima-rassegna-della-2-edizione-della-biennale-dello-stretto\/\" \/>\n<meta property=\"og:site_name\" content=\"Radio Touring 104\" \/>\n<meta property=\"article:published_time\" content=\"2024-09-23T09:07:23+00:00\" \/>\n<meta property=\"article:modified_time\" content=\"2024-09-23T09:14:45+00:00\" \/>\n<meta property=\"og:image\" content=\"https:\/\/progettotouring.it\/radiotouring104\/wp-content\/uploads\/sites\/6\/2024\/09\/WhatsApp-Image-2024-09-23-at-10.55.14.jpeg\" \/>\n\t<meta property=\"og:image:width\" content=\"1536\" \/>\n\t<meta property=\"og:image:height\" content=\"2048\" \/>\n\t<meta property=\"og:image:type\" content=\"image\/jpeg\" \/>\n<meta name=\"author\" content=\"Sebastiano Plutino\" \/>\n<meta name=\"twitter:card\" content=\"summary_large_image\" \/>\n<meta name=\"twitter:label1\" content=\"Scritto da\" \/>\n\t<meta name=\"twitter:data1\" content=\"Sebastiano Plutino\" \/>\n\t<meta name=\"twitter:label2\" content=\"Tempo di lettura stimato\" \/>\n\t<meta name=\"twitter:data2\" content=\"5 minuti\" \/>\n<script type=\"application\/ld+json\" class=\"yoast-schema-graph\">{\"@context\":\"https:\/\/schema.org\",\"@graph\":[{\"@type\":\"Article\",\"@id\":\"https:\/\/progettotouring.it\/radiotouring104\/2024\/09\/23\/reggio-conclusa-la-prima-rassegna-della-2-edizione-della-biennale-dello-stretto\/#article\",\"isPartOf\":{\"@id\":\"https:\/\/progettotouring.it\/radiotouring104\/2024\/09\/23\/reggio-conclusa-la-prima-rassegna-della-2-edizione-della-biennale-dello-stretto\/\"},\"author\":{\"name\":\"Sebastiano Plutino\",\"@id\":\"https:\/\/progettotouring.it\/radiotouring104\/#\/schema\/person\/78613917f1851f041f7483f5af1d422e\"},\"headline\":\"Reggio: conclusa la prima rassegna della 2\u00b0 edizione della Biennale dello Stretto\",\"datePublished\":\"2024-09-23T09:07:23+00:00\",\"dateModified\":\"2024-09-23T09:14:45+00:00\",\"mainEntityOfPage\":{\"@id\":\"https:\/\/progettotouring.it\/radiotouring104\/2024\/09\/23\/reggio-conclusa-la-prima-rassegna-della-2-edizione-della-biennale-dello-stretto\/\"},\"wordCount\":993,\"publisher\":{\"@id\":\"https:\/\/progettotouring.it\/radiotouring104\/#organization\"},\"image\":{\"@id\":\"https:\/\/progettotouring.it\/radiotouring104\/2024\/09\/23\/reggio-conclusa-la-prima-rassegna-della-2-edizione-della-biennale-dello-stretto\/#primaryimage\"},\"thumbnailUrl\":\"https:\/\/progettotouring.it\/radiotouring104\/wp-content\/uploads\/sites\/6\/2024\/09\/WhatsApp-Image-2024-09-23-at-10.55.14.jpeg\",\"keywords\":[\"2\u00b0 edizione\",\"Alfonso Femia\",\"Angela Pellican\u00f2\",\"batteria forte siacci\",\"Biennale dello Stretto\",\"conclusa prima rassegna\",\"Dott. Sandro Repaci\",\"Irene Calabr\u00f2\",\"Marangela Cama\"],\"articleSection\":[\"Home\",\"In primo piano\",\"News\",\"Reggio Calabria\"],\"inLanguage\":\"it-IT\"},{\"@type\":\"WebPage\",\"@id\":\"https:\/\/progettotouring.it\/radiotouring104\/2024\/09\/23\/reggio-conclusa-la-prima-rassegna-della-2-edizione-della-biennale-dello-stretto\/\",\"url\":\"https:\/\/progettotouring.it\/radiotouring104\/2024\/09\/23\/reggio-conclusa-la-prima-rassegna-della-2-edizione-della-biennale-dello-stretto\/\",\"name\":\"Reggio: conclusa la 1\u00b0 rassegna della Biennale dello Stretto\",\"isPartOf\":{\"@id\":\"https:\/\/progettotouring.it\/radiotouring104\/#website\"},\"primaryImageOfPage\":{\"@id\":\"https:\/\/progettotouring.it\/radiotouring104\/2024\/09\/23\/reggio-conclusa-la-prima-rassegna-della-2-edizione-della-biennale-dello-stretto\/#primaryimage\"},\"image\":{\"@id\":\"https:\/\/progettotouring.it\/radiotouring104\/2024\/09\/23\/reggio-conclusa-la-prima-rassegna-della-2-edizione-della-biennale-dello-stretto\/#primaryimage\"},\"thumbnailUrl\":\"https:\/\/progettotouring.it\/radiotouring104\/wp-content\/uploads\/sites\/6\/2024\/09\/WhatsApp-Image-2024-09-23-at-10.55.14.jpeg\",\"datePublished\":\"2024-09-23T09:07:23+00:00\",\"dateModified\":\"2024-09-23T09:14:45+00:00\",\"description\":\"Conclusa ieri la 2\u00b0 edizione della Biennale, tra dibattiti, installazioni e spettacoli, visitabile ancora nei weekend fino a dicembre\",\"breadcrumb\":{\"@id\":\"https:\/\/progettotouring.it\/radiotouring104\/2024\/09\/23\/reggio-conclusa-la-prima-rassegna-della-2-edizione-della-biennale-dello-stretto\/#breadcrumb\"},\"inLanguage\":\"it-IT\",\"potentialAction\":[{\"@type\":\"ReadAction\",\"target\":[\"https:\/\/progettotouring.it\/radiotouring104\/2024\/09\/23\/reggio-conclusa-la-prima-rassegna-della-2-edizione-della-biennale-dello-stretto\/\"]}]},{\"@type\":\"ImageObject\",\"inLanguage\":\"it-IT\",\"@id\":\"https:\/\/progettotouring.it\/radiotouring104\/2024\/09\/23\/reggio-conclusa-la-prima-rassegna-della-2-edizione-della-biennale-dello-stretto\/#primaryimage\",\"url\":\"https:\/\/progettotouring.it\/radiotouring104\/wp-content\/uploads\/sites\/6\/2024\/09\/WhatsApp-Image-2024-09-23-at-10.55.14.jpeg\",\"contentUrl\":\"https:\/\/progettotouring.it\/radiotouring104\/wp-content\/uploads\/sites\/6\/2024\/09\/WhatsApp-Image-2024-09-23-at-10.55.14.jpeg\",\"width\":1536,\"height\":2048},{\"@type\":\"BreadcrumbList\",\"@id\":\"https:\/\/progettotouring.it\/radiotouring104\/2024\/09\/23\/reggio-conclusa-la-prima-rassegna-della-2-edizione-della-biennale-dello-stretto\/#breadcrumb\",\"itemListElement\":[{\"@type\":\"ListItem\",\"position\":1,\"name\":\"Home\",\"item\":\"https:\/\/progettotouring.it\/radiotouring104\/\"},{\"@type\":\"ListItem\",\"position\":2,\"name\":\"Reggio: conclusa la prima rassegna della 2\u00b0 edizione della Biennale dello Stretto\"}]},{\"@type\":\"WebSite\",\"@id\":\"https:\/\/progettotouring.it\/radiotouring104\/#website\",\"url\":\"https:\/\/progettotouring.it\/radiotouring104\/\",\"name\":\"Radio Touring 104\",\"description\":\"La prima radio Reggina\",\"publisher\":{\"@id\":\"https:\/\/progettotouring.it\/radiotouring104\/#organization\"},\"potentialAction\":[{\"@type\":\"SearchAction\",\"target\":{\"@type\":\"EntryPoint\",\"urlTemplate\":\"https:\/\/progettotouring.it\/radiotouring104\/?s={search_term_string}\"},\"query-input\":{\"@type\":\"PropertyValueSpecification\",\"valueRequired\":true,\"valueName\":\"search_term_string\"}}],\"inLanguage\":\"it-IT\"},{\"@type\":\"Organization\",\"@id\":\"https:\/\/progettotouring.it\/radiotouring104\/#organization\",\"name\":\"Radio Touring 104\",\"url\":\"https:\/\/progettotouring.it\/radiotouring104\/\",\"logo\":{\"@type\":\"ImageObject\",\"inLanguage\":\"it-IT\",\"@id\":\"https:\/\/progettotouring.it\/radiotouring104\/#\/schema\/logo\/image\/\",\"url\":\"https:\/\/progettotouring.it\/radiotouring104\/wp-content\/uploads\/sites\/6\/2022\/02\/cropped-logo-radio-touring-104.png\",\"contentUrl\":\"https:\/\/progettotouring.it\/radiotouring104\/wp-content\/uploads\/sites\/6\/2022\/02\/cropped-logo-radio-touring-104.png\",\"width\":377,\"height\":182,\"caption\":\"Radio Touring 104\"},\"image\":{\"@id\":\"https:\/\/progettotouring.it\/radiotouring104\/#\/schema\/logo\/image\/\"}},{\"@type\":\"Person\",\"@id\":\"https:\/\/progettotouring.it\/radiotouring104\/#\/schema\/person\/78613917f1851f041f7483f5af1d422e\",\"name\":\"Sebastiano Plutino\",\"image\":{\"@type\":\"ImageObject\",\"inLanguage\":\"it-IT\",\"@id\":\"https:\/\/secure.gravatar.com\/avatar\/0546ffaa9b79224faf9f2a156b67a529ae861d3287c66c1d8ccfdf909bcba78d?s=96&d=mm&r=g\",\"url\":\"https:\/\/secure.gravatar.com\/avatar\/0546ffaa9b79224faf9f2a156b67a529ae861d3287c66c1d8ccfdf909bcba78d?s=96&d=mm&r=g\",\"contentUrl\":\"https:\/\/secure.gravatar.com\/avatar\/0546ffaa9b79224faf9f2a156b67a529ae861d3287c66c1d8ccfdf909bcba78d?s=96&d=mm&r=g\",\"caption\":\"Sebastiano Plutino\"},\"url\":\"https:\/\/progettotouring.it\/radiotouring104\/author\/sebastiano\/\"}]}<\/script>\n<!-- \/ Yoast SEO plugin. -->","yoast_head_json":{"title":"Reggio: conclusa la 1\u00b0 rassegna della Biennale dello Stretto","description":"Conclusa ieri la 2\u00b0 edizione della Biennale, tra dibattiti, installazioni e spettacoli, visitabile ancora nei weekend fino a dicembre","robots":{"index":"index","follow":"follow","max-snippet":"max-snippet:-1","max-image-preview":"max-image-preview:large","max-video-preview":"max-video-preview:-1"},"canonical":"https:\/\/progettotouring.it\/radiotouring104\/2024\/09\/23\/reggio-conclusa-la-prima-rassegna-della-2-edizione-della-biennale-dello-stretto\/","og_locale":"it_IT","og_type":"article","og_title":"Reggio: conclusa la 1\u00b0 rassegna della Biennale dello Stretto","og_description":"Conclusa ieri la 2\u00b0 edizione della Biennale, tra dibattiti, installazioni e spettacoli, visitabile ancora nei weekend fino a dicembre","og_url":"https:\/\/progettotouring.it\/radiotouring104\/2024\/09\/23\/reggio-conclusa-la-prima-rassegna-della-2-edizione-della-biennale-dello-stretto\/","og_site_name":"Radio Touring 104","article_published_time":"2024-09-23T09:07:23+00:00","article_modified_time":"2024-09-23T09:14:45+00:00","og_image":[{"width":1536,"height":2048,"url":"https:\/\/progettotouring.it\/radiotouring104\/wp-content\/uploads\/sites\/6\/2024\/09\/WhatsApp-Image-2024-09-23-at-10.55.14.jpeg","type":"image\/jpeg"}],"author":"Sebastiano Plutino","twitter_card":"summary_large_image","twitter_misc":{"Scritto da":"Sebastiano Plutino","Tempo di lettura stimato":"5 minuti"},"schema":{"@context":"https:\/\/schema.org","@graph":[{"@type":"Article","@id":"https:\/\/progettotouring.it\/radiotouring104\/2024\/09\/23\/reggio-conclusa-la-prima-rassegna-della-2-edizione-della-biennale-dello-stretto\/#article","isPartOf":{"@id":"https:\/\/progettotouring.it\/radiotouring104\/2024\/09\/23\/reggio-conclusa-la-prima-rassegna-della-2-edizione-della-biennale-dello-stretto\/"},"author":{"name":"Sebastiano Plutino","@id":"https:\/\/progettotouring.it\/radiotouring104\/#\/schema\/person\/78613917f1851f041f7483f5af1d422e"},"headline":"Reggio: conclusa la prima rassegna della 2\u00b0 edizione della Biennale dello Stretto","datePublished":"2024-09-23T09:07:23+00:00","dateModified":"2024-09-23T09:14:45+00:00","mainEntityOfPage":{"@id":"https:\/\/progettotouring.it\/radiotouring104\/2024\/09\/23\/reggio-conclusa-la-prima-rassegna-della-2-edizione-della-biennale-dello-stretto\/"},"wordCount":993,"publisher":{"@id":"https:\/\/progettotouring.it\/radiotouring104\/#organization"},"image":{"@id":"https:\/\/progettotouring.it\/radiotouring104\/2024\/09\/23\/reggio-conclusa-la-prima-rassegna-della-2-edizione-della-biennale-dello-stretto\/#primaryimage"},"thumbnailUrl":"https:\/\/progettotouring.it\/radiotouring104\/wp-content\/uploads\/sites\/6\/2024\/09\/WhatsApp-Image-2024-09-23-at-10.55.14.jpeg","keywords":["2\u00b0 edizione","Alfonso Femia","Angela Pellican\u00f2","batteria forte siacci","Biennale dello Stretto","conclusa prima rassegna","Dott. Sandro Repaci","Irene Calabr\u00f2","Marangela Cama"],"articleSection":["Home","In primo piano","News","Reggio Calabria"],"inLanguage":"it-IT"},{"@type":"WebPage","@id":"https:\/\/progettotouring.it\/radiotouring104\/2024\/09\/23\/reggio-conclusa-la-prima-rassegna-della-2-edizione-della-biennale-dello-stretto\/","url":"https:\/\/progettotouring.it\/radiotouring104\/2024\/09\/23\/reggio-conclusa-la-prima-rassegna-della-2-edizione-della-biennale-dello-stretto\/","name":"Reggio: conclusa la 1\u00b0 rassegna della Biennale dello Stretto","isPartOf":{"@id":"https:\/\/progettotouring.it\/radiotouring104\/#website"},"primaryImageOfPage":{"@id":"https:\/\/progettotouring.it\/radiotouring104\/2024\/09\/23\/reggio-conclusa-la-prima-rassegna-della-2-edizione-della-biennale-dello-stretto\/#primaryimage"},"image":{"@id":"https:\/\/progettotouring.it\/radiotouring104\/2024\/09\/23\/reggio-conclusa-la-prima-rassegna-della-2-edizione-della-biennale-dello-stretto\/#primaryimage"},"thumbnailUrl":"https:\/\/progettotouring.it\/radiotouring104\/wp-content\/uploads\/sites\/6\/2024\/09\/WhatsApp-Image-2024-09-23-at-10.55.14.jpeg","datePublished":"2024-09-23T09:07:23+00:00","dateModified":"2024-09-23T09:14:45+00:00","description":"Conclusa ieri la 2\u00b0 edizione della Biennale, tra dibattiti, installazioni e spettacoli, visitabile ancora nei weekend fino a dicembre","breadcrumb":{"@id":"https:\/\/progettotouring.it\/radiotouring104\/2024\/09\/23\/reggio-conclusa-la-prima-rassegna-della-2-edizione-della-biennale-dello-stretto\/#breadcrumb"},"inLanguage":"it-IT","potentialAction":[{"@type":"ReadAction","target":["https:\/\/progettotouring.it\/radiotouring104\/2024\/09\/23\/reggio-conclusa-la-prima-rassegna-della-2-edizione-della-biennale-dello-stretto\/"]}]},{"@type":"ImageObject","inLanguage":"it-IT","@id":"https:\/\/progettotouring.it\/radiotouring104\/2024\/09\/23\/reggio-conclusa-la-prima-rassegna-della-2-edizione-della-biennale-dello-stretto\/#primaryimage","url":"https:\/\/progettotouring.it\/radiotouring104\/wp-content\/uploads\/sites\/6\/2024\/09\/WhatsApp-Image-2024-09-23-at-10.55.14.jpeg","contentUrl":"https:\/\/progettotouring.it\/radiotouring104\/wp-content\/uploads\/sites\/6\/2024\/09\/WhatsApp-Image-2024-09-23-at-10.55.14.jpeg","width":1536,"height":2048},{"@type":"BreadcrumbList","@id":"https:\/\/progettotouring.it\/radiotouring104\/2024\/09\/23\/reggio-conclusa-la-prima-rassegna-della-2-edizione-della-biennale-dello-stretto\/#breadcrumb","itemListElement":[{"@type":"ListItem","position":1,"name":"Home","item":"https:\/\/progettotouring.it\/radiotouring104\/"},{"@type":"ListItem","position":2,"name":"Reggio: conclusa la prima rassegna della 2\u00b0 edizione della Biennale dello Stretto"}]},{"@type":"WebSite","@id":"https:\/\/progettotouring.it\/radiotouring104\/#website","url":"https:\/\/progettotouring.it\/radiotouring104\/","name":"Radio Touring 104","description":"La prima radio Reggina","publisher":{"@id":"https:\/\/progettotouring.it\/radiotouring104\/#organization"},"potentialAction":[{"@type":"SearchAction","target":{"@type":"EntryPoint","urlTemplate":"https:\/\/progettotouring.it\/radiotouring104\/?s={search_term_string}"},"query-input":{"@type":"PropertyValueSpecification","valueRequired":true,"valueName":"search_term_string"}}],"inLanguage":"it-IT"},{"@type":"Organization","@id":"https:\/\/progettotouring.it\/radiotouring104\/#organization","name":"Radio Touring 104","url":"https:\/\/progettotouring.it\/radiotouring104\/","logo":{"@type":"ImageObject","inLanguage":"it-IT","@id":"https:\/\/progettotouring.it\/radiotouring104\/#\/schema\/logo\/image\/","url":"https:\/\/progettotouring.it\/radiotouring104\/wp-content\/uploads\/sites\/6\/2022\/02\/cropped-logo-radio-touring-104.png","contentUrl":"https:\/\/progettotouring.it\/radiotouring104\/wp-content\/uploads\/sites\/6\/2022\/02\/cropped-logo-radio-touring-104.png","width":377,"height":182,"caption":"Radio Touring 104"},"image":{"@id":"https:\/\/progettotouring.it\/radiotouring104\/#\/schema\/logo\/image\/"}},{"@type":"Person","@id":"https:\/\/progettotouring.it\/radiotouring104\/#\/schema\/person\/78613917f1851f041f7483f5af1d422e","name":"Sebastiano Plutino","image":{"@type":"ImageObject","inLanguage":"it-IT","@id":"https:\/\/secure.gravatar.com\/avatar\/0546ffaa9b79224faf9f2a156b67a529ae861d3287c66c1d8ccfdf909bcba78d?s=96&d=mm&r=g","url":"https:\/\/secure.gravatar.com\/avatar\/0546ffaa9b79224faf9f2a156b67a529ae861d3287c66c1d8ccfdf909bcba78d?s=96&d=mm&r=g","contentUrl":"https:\/\/secure.gravatar.com\/avatar\/0546ffaa9b79224faf9f2a156b67a529ae861d3287c66c1d8ccfdf909bcba78d?s=96&d=mm&r=g","caption":"Sebastiano Plutino"},"url":"https:\/\/progettotouring.it\/radiotouring104\/author\/sebastiano\/"}]}},"jetpack_publicize_connections":[],"jetpack_featured_media_url":"https:\/\/progettotouring.it\/radiotouring104\/wp-content\/uploads\/sites\/6\/2024\/09\/WhatsApp-Image-2024-09-23-at-10.55.14.jpeg","jetpack_sharing_enabled":true,"_links":{"self":[{"href":"https:\/\/progettotouring.it\/radiotouring104\/wp-json\/wp\/v2\/posts\/58194","targetHints":{"allow":["GET"]}}],"collection":[{"href":"https:\/\/progettotouring.it\/radiotouring104\/wp-json\/wp\/v2\/posts"}],"about":[{"href":"https:\/\/progettotouring.it\/radiotouring104\/wp-json\/wp\/v2\/types\/post"}],"author":[{"embeddable":true,"href":"https:\/\/progettotouring.it\/radiotouring104\/wp-json\/wp\/v2\/users\/12"}],"replies":[{"embeddable":true,"href":"https:\/\/progettotouring.it\/radiotouring104\/wp-json\/wp\/v2\/comments?post=58194"}],"version-history":[{"count":3,"href":"https:\/\/progettotouring.it\/radiotouring104\/wp-json\/wp\/v2\/posts\/58194\/revisions"}],"predecessor-version":[{"id":58222,"href":"https:\/\/progettotouring.it\/radiotouring104\/wp-json\/wp\/v2\/posts\/58194\/revisions\/58222"}],"wp:featuredmedia":[{"embeddable":true,"href":"https:\/\/progettotouring.it\/radiotouring104\/wp-json\/wp\/v2\/media\/58206"}],"wp:attachment":[{"href":"https:\/\/progettotouring.it\/radiotouring104\/wp-json\/wp\/v2\/media?parent=58194"}],"wp:term":[{"taxonomy":"category","embeddable":true,"href":"https:\/\/progettotouring.it\/radiotouring104\/wp-json\/wp\/v2\/categories?post=58194"},{"taxonomy":"post_tag","embeddable":true,"href":"https:\/\/progettotouring.it\/radiotouring104\/wp-json\/wp\/v2\/tags?post=58194"}],"curies":[{"name":"wp","href":"https:\/\/api.w.org\/{rel}","templated":true}]}}