{"id":58209,"date":"2024-09-23T11:16:58","date_gmt":"2024-09-23T09:16:58","guid":{"rendered":"https:\/\/progettotouring.it\/radiotouring104\/?p=58209"},"modified":"2024-09-23T11:19:11","modified_gmt":"2024-09-23T09:19:11","slug":"serrata-rc-sequestrato-un-autolavaggio","status":"publish","type":"post","link":"https:\/\/progettotouring.it\/radiotouring104\/2024\/09\/23\/serrata-rc-sequestrato-un-autolavaggio\/","title":{"rendered":"Serrata (Rc): sequestrato un autolavaggio abusivo"},"content":{"rendered":"<p style=\"text-align: justify\">Nel pomeriggio del 19 settembre, <strong>i Carabinieri<\/strong> della Stazione <strong>di Serrata,<\/strong> nell\u2019ambito dei controlli finalizzati al contrasto ai reati ambientali e all\u2019abusivismo edilizio,<strong> hanno deferito in stato di libert\u00e0 un uomo di 57 anni di San Pietro di Carid\u00e0<\/strong> il quale, <strong>senza alcun tipo di autorizzazione, aveva adibito un terreno di sua propriet\u00e0 ad autolavaggio.<\/strong> L\u2019intera struttura, che veniva alimentata attraverso un allaccio abusivo alla condotta idrica comunale, \u00e8 risultata priva di qualsivoglia titolo edilizio nonch\u00e9 delle <strong>previste infrastrutture finalizzate ad impedire l\u2019immissione delle acque reflue<\/strong> nell\u2019ambiente circostante.<\/p>\n<p style=\"text-align: justify\"><strong>L\u2019attivit\u00e0 \u00e8 stata perci\u00f2 interrotta e l\u2019uomo \u00e8 stato denunciato<\/strong> alla Procura della Repubblica di Palmi per furto aggravato e violazione della normativa edilizia e ambientale.<\/p>\n<p style=\"text-align: justify\">\u00c8 opportuno sottolineare che<strong> i fatti sopra descritti dovranno essere oggetto di un vaglio giudiziario,<\/strong> essendo il neo-instaurato procedimento ancora nella fase delle indagini preliminari, e<strong> la persona coinvolta deve essere considerata non colpevole sino alla condanna definitiva.<\/strong><\/p>\n","protected":false},"excerpt":{"rendered":"<p>Nel pomeriggio del 19 settembre, i Carabinieri della Stazione di Serrata, nell\u2019ambito dei controlli finalizzati al contrasto ai reati ambientali e all\u2019abusivismo edilizio, hanno deferito in stato di libert\u00e0 un&hellip;<\/p>\n","protected":false},"author":12,"featured_media":58223,"comment_status":"closed","ping_status":"open","sticky":false,"template":"","format":"standard","meta":{"_jetpack_memberships_contains_paid_content":false,"footnotes":"","jetpack_publicize_message":"","jetpack_publicize_feature_enabled":true,"jetpack_social_post_already_shared":false,"jetpack_social_options":{"image_generator_settings":{"template":"highway","default_image_id":0,"font":"","enabled":false},"version":2}},"categories":[921,196,140],"tags":[35608,35606,29720,35607],"class_list":["post-58209","post","type-post","status-publish","format-standard","has-post-thumbnail","hentry","category-home","category-news","category-reggio-calabria","tag-57enne-denunciato","tag-carabinieri-di-serrata","tag-mancanza-autorizzazioni","tag-sequestrato-autolavaggio-abusivo"],"yoast_head":"<!-- This site is optimized with the Yoast SEO plugin v27.2 - https:\/\/yoast.com\/product\/yoast-seo-wordpress\/ -->\n<title>Serrata (Rc): sequestrato un autolavaggio abusivo<\/title>\n<meta name=\"description\" content=\"Sequestrato dai Carabinieri di Serrata un autolavaggio abusivo. Denunciato un 57enne di San Pietro di Carid\u00e0\" \/>\n<meta name=\"robots\" content=\"index, follow, max-snippet:-1, max-image-preview:large, max-video-preview:-1\" \/>\n<link rel=\"canonical\" href=\"https:\/\/progettotouring.it\/radiotouring104\/2024\/09\/23\/serrata-rc-sequestrato-un-autolavaggio\/\" \/>\n<meta property=\"og:locale\" content=\"it_IT\" \/>\n<meta property=\"og:type\" content=\"article\" \/>\n<meta property=\"og:title\" content=\"Serrata (Rc): sequestrato un autolavaggio abusivo\" \/>\n<meta property=\"og:description\" content=\"Sequestrato dai Carabinieri di Serrata un autolavaggio abusivo. Denunciato un 57enne di San Pietro di Carid\u00e0\" \/>\n<meta property=\"og:url\" content=\"https:\/\/progettotouring.it\/radiotouring104\/2024\/09\/23\/serrata-rc-sequestrato-un-autolavaggio\/\" \/>\n<meta property=\"og:site_name\" content=\"Radio Touring 104\" \/>\n<meta property=\"article:published_time\" content=\"2024-09-23T09:16:58+00:00\" \/>\n<meta property=\"article:modified_time\" content=\"2024-09-23T09:19:11+00:00\" \/>\n<meta property=\"og:image\" content=\"https:\/\/progettotouring.it\/radiotouring104\/wp-content\/uploads\/sites\/6\/2024\/09\/Carabinieri-Serrata-Rc.jpg\" \/>\n\t<meta property=\"og:image:width\" content=\"643\" \/>\n\t<meta property=\"og:image:height\" content=\"625\" \/>\n\t<meta property=\"og:image:type\" content=\"image\/jpeg\" \/>\n<meta name=\"author\" content=\"Sebastiano Plutino\" \/>\n<meta name=\"twitter:card\" content=\"summary_large_image\" \/>\n<meta name=\"twitter:label1\" content=\"Scritto da\" \/>\n\t<meta name=\"twitter:data1\" content=\"Sebastiano Plutino\" \/>\n\t<meta name=\"twitter:label2\" content=\"Tempo di lettura stimato\" \/>\n\t<meta name=\"twitter:data2\" content=\"1 minuto\" \/>\n<script type=\"application\/ld+json\" class=\"yoast-schema-graph\">{\"@context\":\"https:\/\/schema.org\",\"@graph\":[{\"@type\":\"Article\",\"@id\":\"https:\/\/progettotouring.it\/radiotouring104\/2024\/09\/23\/serrata-rc-sequestrato-un-autolavaggio\/#article\",\"isPartOf\":{\"@id\":\"https:\/\/progettotouring.it\/radiotouring104\/2024\/09\/23\/serrata-rc-sequestrato-un-autolavaggio\/\"},\"author\":{\"name\":\"Sebastiano Plutino\",\"@id\":\"https:\/\/progettotouring.it\/radiotouring104\/#\/schema\/person\/78613917f1851f041f7483f5af1d422e\"},\"headline\":\"Serrata (Rc): sequestrato un autolavaggio abusivo\",\"datePublished\":\"2024-09-23T09:16:58+00:00\",\"dateModified\":\"2024-09-23T09:19:11+00:00\",\"mainEntityOfPage\":{\"@id\":\"https:\/\/progettotouring.it\/radiotouring104\/2024\/09\/23\/serrata-rc-sequestrato-un-autolavaggio\/\"},\"wordCount\":159,\"publisher\":{\"@id\":\"https:\/\/progettotouring.it\/radiotouring104\/#organization\"},\"image\":{\"@id\":\"https:\/\/progettotouring.it\/radiotouring104\/2024\/09\/23\/serrata-rc-sequestrato-un-autolavaggio\/#primaryimage\"},\"thumbnailUrl\":\"https:\/\/progettotouring.it\/radiotouring104\/wp-content\/uploads\/sites\/6\/2024\/09\/Carabinieri-Serrata-Rc.jpg\",\"keywords\":[\"57enne denunciato\",\"Carabinieri di Serrata\",\"mancanza autorizzazioni\",\"sequestrato autolavaggio abusivo\"],\"articleSection\":[\"Home\",\"News\",\"Reggio Calabria\"],\"inLanguage\":\"it-IT\"},{\"@type\":\"WebPage\",\"@id\":\"https:\/\/progettotouring.it\/radiotouring104\/2024\/09\/23\/serrata-rc-sequestrato-un-autolavaggio\/\",\"url\":\"https:\/\/progettotouring.it\/radiotouring104\/2024\/09\/23\/serrata-rc-sequestrato-un-autolavaggio\/\",\"name\":\"Serrata (Rc): sequestrato un autolavaggio abusivo\",\"isPartOf\":{\"@id\":\"https:\/\/progettotouring.it\/radiotouring104\/#website\"},\"primaryImageOfPage\":{\"@id\":\"https:\/\/progettotouring.it\/radiotouring104\/2024\/09\/23\/serrata-rc-sequestrato-un-autolavaggio\/#primaryimage\"},\"image\":{\"@id\":\"https:\/\/progettotouring.it\/radiotouring104\/2024\/09\/23\/serrata-rc-sequestrato-un-autolavaggio\/#primaryimage\"},\"thumbnailUrl\":\"https:\/\/progettotouring.it\/radiotouring104\/wp-content\/uploads\/sites\/6\/2024\/09\/Carabinieri-Serrata-Rc.jpg\",\"datePublished\":\"2024-09-23T09:16:58+00:00\",\"dateModified\":\"2024-09-23T09:19:11+00:00\",\"description\":\"Sequestrato dai Carabinieri di Serrata un autolavaggio abusivo. Denunciato un 57enne di San Pietro di Carid\u00e0\",\"breadcrumb\":{\"@id\":\"https:\/\/progettotouring.it\/radiotouring104\/2024\/09\/23\/serrata-rc-sequestrato-un-autolavaggio\/#breadcrumb\"},\"inLanguage\":\"it-IT\",\"potentialAction\":[{\"@type\":\"ReadAction\",\"target\":[\"https:\/\/progettotouring.it\/radiotouring104\/2024\/09\/23\/serrata-rc-sequestrato-un-autolavaggio\/\"]}]},{\"@type\":\"ImageObject\",\"inLanguage\":\"it-IT\",\"@id\":\"https:\/\/progettotouring.it\/radiotouring104\/2024\/09\/23\/serrata-rc-sequestrato-un-autolavaggio\/#primaryimage\",\"url\":\"https:\/\/progettotouring.it\/radiotouring104\/wp-content\/uploads\/sites\/6\/2024\/09\/Carabinieri-Serrata-Rc.jpg\",\"contentUrl\":\"https:\/\/progettotouring.it\/radiotouring104\/wp-content\/uploads\/sites\/6\/2024\/09\/Carabinieri-Serrata-Rc.jpg\",\"width\":643,\"height\":625},{\"@type\":\"BreadcrumbList\",\"@id\":\"https:\/\/progettotouring.it\/radiotouring104\/2024\/09\/23\/serrata-rc-sequestrato-un-autolavaggio\/#breadcrumb\",\"itemListElement\":[{\"@type\":\"ListItem\",\"position\":1,\"name\":\"Home\",\"item\":\"https:\/\/progettotouring.it\/radiotouring104\/\"},{\"@type\":\"ListItem\",\"position\":2,\"name\":\"Serrata (Rc): sequestrato un autolavaggio abusivo\"}]},{\"@type\":\"WebSite\",\"@id\":\"https:\/\/progettotouring.it\/radiotouring104\/#website\",\"url\":\"https:\/\/progettotouring.it\/radiotouring104\/\",\"name\":\"Radio Touring 104\",\"description\":\"La prima radio Reggina\",\"publisher\":{\"@id\":\"https:\/\/progettotouring.it\/radiotouring104\/#organization\"},\"potentialAction\":[{\"@type\":\"SearchAction\",\"target\":{\"@type\":\"EntryPoint\",\"urlTemplate\":\"https:\/\/progettotouring.it\/radiotouring104\/?s={search_term_string}\"},\"query-input\":{\"@type\":\"PropertyValueSpecification\",\"valueRequired\":true,\"valueName\":\"search_term_string\"}}],\"inLanguage\":\"it-IT\"},{\"@type\":\"Organization\",\"@id\":\"https:\/\/progettotouring.it\/radiotouring104\/#organization\",\"name\":\"Radio Touring 104\",\"url\":\"https:\/\/progettotouring.it\/radiotouring104\/\",\"logo\":{\"@type\":\"ImageObject\",\"inLanguage\":\"it-IT\",\"@id\":\"https:\/\/progettotouring.it\/radiotouring104\/#\/schema\/logo\/image\/\",\"url\":\"https:\/\/progettotouring.it\/radiotouring104\/wp-content\/uploads\/sites\/6\/2022\/02\/cropped-logo-radio-touring-104.png\",\"contentUrl\":\"https:\/\/progettotouring.it\/radiotouring104\/wp-content\/uploads\/sites\/6\/2022\/02\/cropped-logo-radio-touring-104.png\",\"width\":377,\"height\":182,\"caption\":\"Radio Touring 104\"},\"image\":{\"@id\":\"https:\/\/progettotouring.it\/radiotouring104\/#\/schema\/logo\/image\/\"}},{\"@type\":\"Person\",\"@id\":\"https:\/\/progettotouring.it\/radiotouring104\/#\/schema\/person\/78613917f1851f041f7483f5af1d422e\",\"name\":\"Sebastiano Plutino\",\"image\":{\"@type\":\"ImageObject\",\"inLanguage\":\"it-IT\",\"@id\":\"https:\/\/secure.gravatar.com\/avatar\/0546ffaa9b79224faf9f2a156b67a529ae861d3287c66c1d8ccfdf909bcba78d?s=96&d=mm&r=g\",\"url\":\"https:\/\/secure.gravatar.com\/avatar\/0546ffaa9b79224faf9f2a156b67a529ae861d3287c66c1d8ccfdf909bcba78d?s=96&d=mm&r=g\",\"contentUrl\":\"https:\/\/secure.gravatar.com\/avatar\/0546ffaa9b79224faf9f2a156b67a529ae861d3287c66c1d8ccfdf909bcba78d?s=96&d=mm&r=g\",\"caption\":\"Sebastiano Plutino\"},\"url\":\"https:\/\/progettotouring.it\/radiotouring104\/author\/sebastiano\/\"}]}<\/script>\n<!-- \/ Yoast SEO plugin. -->","yoast_head_json":{"title":"Serrata (Rc): sequestrato un autolavaggio abusivo","description":"Sequestrato dai Carabinieri di Serrata un autolavaggio abusivo. Denunciato un 57enne di San Pietro di Carid\u00e0","robots":{"index":"index","follow":"follow","max-snippet":"max-snippet:-1","max-image-preview":"max-image-preview:large","max-video-preview":"max-video-preview:-1"},"canonical":"https:\/\/progettotouring.it\/radiotouring104\/2024\/09\/23\/serrata-rc-sequestrato-un-autolavaggio\/","og_locale":"it_IT","og_type":"article","og_title":"Serrata (Rc): sequestrato un autolavaggio abusivo","og_description":"Sequestrato dai Carabinieri di Serrata un autolavaggio abusivo. Denunciato un 57enne di San Pietro di Carid\u00e0","og_url":"https:\/\/progettotouring.it\/radiotouring104\/2024\/09\/23\/serrata-rc-sequestrato-un-autolavaggio\/","og_site_name":"Radio Touring 104","article_published_time":"2024-09-23T09:16:58+00:00","article_modified_time":"2024-09-23T09:19:11+00:00","og_image":[{"width":643,"height":625,"url":"https:\/\/progettotouring.it\/radiotouring104\/wp-content\/uploads\/sites\/6\/2024\/09\/Carabinieri-Serrata-Rc.jpg","type":"image\/jpeg"}],"author":"Sebastiano Plutino","twitter_card":"summary_large_image","twitter_misc":{"Scritto da":"Sebastiano Plutino","Tempo di lettura stimato":"1 minuto"},"schema":{"@context":"https:\/\/schema.org","@graph":[{"@type":"Article","@id":"https:\/\/progettotouring.it\/radiotouring104\/2024\/09\/23\/serrata-rc-sequestrato-un-autolavaggio\/#article","isPartOf":{"@id":"https:\/\/progettotouring.it\/radiotouring104\/2024\/09\/23\/serrata-rc-sequestrato-un-autolavaggio\/"},"author":{"name":"Sebastiano Plutino","@id":"https:\/\/progettotouring.it\/radiotouring104\/#\/schema\/person\/78613917f1851f041f7483f5af1d422e"},"headline":"Serrata (Rc): sequestrato un autolavaggio abusivo","datePublished":"2024-09-23T09:16:58+00:00","dateModified":"2024-09-23T09:19:11+00:00","mainEntityOfPage":{"@id":"https:\/\/progettotouring.it\/radiotouring104\/2024\/09\/23\/serrata-rc-sequestrato-un-autolavaggio\/"},"wordCount":159,"publisher":{"@id":"https:\/\/progettotouring.it\/radiotouring104\/#organization"},"image":{"@id":"https:\/\/progettotouring.it\/radiotouring104\/2024\/09\/23\/serrata-rc-sequestrato-un-autolavaggio\/#primaryimage"},"thumbnailUrl":"https:\/\/progettotouring.it\/radiotouring104\/wp-content\/uploads\/sites\/6\/2024\/09\/Carabinieri-Serrata-Rc.jpg","keywords":["57enne denunciato","Carabinieri di Serrata","mancanza autorizzazioni","sequestrato autolavaggio abusivo"],"articleSection":["Home","News","Reggio Calabria"],"inLanguage":"it-IT"},{"@type":"WebPage","@id":"https:\/\/progettotouring.it\/radiotouring104\/2024\/09\/23\/serrata-rc-sequestrato-un-autolavaggio\/","url":"https:\/\/progettotouring.it\/radiotouring104\/2024\/09\/23\/serrata-rc-sequestrato-un-autolavaggio\/","name":"Serrata (Rc): sequestrato un autolavaggio abusivo","isPartOf":{"@id":"https:\/\/progettotouring.it\/radiotouring104\/#website"},"primaryImageOfPage":{"@id":"https:\/\/progettotouring.it\/radiotouring104\/2024\/09\/23\/serrata-rc-sequestrato-un-autolavaggio\/#primaryimage"},"image":{"@id":"https:\/\/progettotouring.it\/radiotouring104\/2024\/09\/23\/serrata-rc-sequestrato-un-autolavaggio\/#primaryimage"},"thumbnailUrl":"https:\/\/progettotouring.it\/radiotouring104\/wp-content\/uploads\/sites\/6\/2024\/09\/Carabinieri-Serrata-Rc.jpg","datePublished":"2024-09-23T09:16:58+00:00","dateModified":"2024-09-23T09:19:11+00:00","description":"Sequestrato dai Carabinieri di Serrata un autolavaggio abusivo. Denunciato un 57enne di San Pietro di Carid\u00e0","breadcrumb":{"@id":"https:\/\/progettotouring.it\/radiotouring104\/2024\/09\/23\/serrata-rc-sequestrato-un-autolavaggio\/#breadcrumb"},"inLanguage":"it-IT","potentialAction":[{"@type":"ReadAction","target":["https:\/\/progettotouring.it\/radiotouring104\/2024\/09\/23\/serrata-rc-sequestrato-un-autolavaggio\/"]}]},{"@type":"ImageObject","inLanguage":"it-IT","@id":"https:\/\/progettotouring.it\/radiotouring104\/2024\/09\/23\/serrata-rc-sequestrato-un-autolavaggio\/#primaryimage","url":"https:\/\/progettotouring.it\/radiotouring104\/wp-content\/uploads\/sites\/6\/2024\/09\/Carabinieri-Serrata-Rc.jpg","contentUrl":"https:\/\/progettotouring.it\/radiotouring104\/wp-content\/uploads\/sites\/6\/2024\/09\/Carabinieri-Serrata-Rc.jpg","width":643,"height":625},{"@type":"BreadcrumbList","@id":"https:\/\/progettotouring.it\/radiotouring104\/2024\/09\/23\/serrata-rc-sequestrato-un-autolavaggio\/#breadcrumb","itemListElement":[{"@type":"ListItem","position":1,"name":"Home","item":"https:\/\/progettotouring.it\/radiotouring104\/"},{"@type":"ListItem","position":2,"name":"Serrata (Rc): sequestrato un autolavaggio abusivo"}]},{"@type":"WebSite","@id":"https:\/\/progettotouring.it\/radiotouring104\/#website","url":"https:\/\/progettotouring.it\/radiotouring104\/","name":"Radio Touring 104","description":"La prima radio Reggina","publisher":{"@id":"https:\/\/progettotouring.it\/radiotouring104\/#organization"},"potentialAction":[{"@type":"SearchAction","target":{"@type":"EntryPoint","urlTemplate":"https:\/\/progettotouring.it\/radiotouring104\/?s={search_term_string}"},"query-input":{"@type":"PropertyValueSpecification","valueRequired":true,"valueName":"search_term_string"}}],"inLanguage":"it-IT"},{"@type":"Organization","@id":"https:\/\/progettotouring.it\/radiotouring104\/#organization","name":"Radio Touring 104","url":"https:\/\/progettotouring.it\/radiotouring104\/","logo":{"@type":"ImageObject","inLanguage":"it-IT","@id":"https:\/\/progettotouring.it\/radiotouring104\/#\/schema\/logo\/image\/","url":"https:\/\/progettotouring.it\/radiotouring104\/wp-content\/uploads\/sites\/6\/2022\/02\/cropped-logo-radio-touring-104.png","contentUrl":"https:\/\/progettotouring.it\/radiotouring104\/wp-content\/uploads\/sites\/6\/2022\/02\/cropped-logo-radio-touring-104.png","width":377,"height":182,"caption":"Radio Touring 104"},"image":{"@id":"https:\/\/progettotouring.it\/radiotouring104\/#\/schema\/logo\/image\/"}},{"@type":"Person","@id":"https:\/\/progettotouring.it\/radiotouring104\/#\/schema\/person\/78613917f1851f041f7483f5af1d422e","name":"Sebastiano Plutino","image":{"@type":"ImageObject","inLanguage":"it-IT","@id":"https:\/\/secure.gravatar.com\/avatar\/0546ffaa9b79224faf9f2a156b67a529ae861d3287c66c1d8ccfdf909bcba78d?s=96&d=mm&r=g","url":"https:\/\/secure.gravatar.com\/avatar\/0546ffaa9b79224faf9f2a156b67a529ae861d3287c66c1d8ccfdf909bcba78d?s=96&d=mm&r=g","contentUrl":"https:\/\/secure.gravatar.com\/avatar\/0546ffaa9b79224faf9f2a156b67a529ae861d3287c66c1d8ccfdf909bcba78d?s=96&d=mm&r=g","caption":"Sebastiano Plutino"},"url":"https:\/\/progettotouring.it\/radiotouring104\/author\/sebastiano\/"}]}},"jetpack_publicize_connections":[],"jetpack_featured_media_url":"https:\/\/progettotouring.it\/radiotouring104\/wp-content\/uploads\/sites\/6\/2024\/09\/Carabinieri-Serrata-Rc.jpg","jetpack_sharing_enabled":true,"_links":{"self":[{"href":"https:\/\/progettotouring.it\/radiotouring104\/wp-json\/wp\/v2\/posts\/58209","targetHints":{"allow":["GET"]}}],"collection":[{"href":"https:\/\/progettotouring.it\/radiotouring104\/wp-json\/wp\/v2\/posts"}],"about":[{"href":"https:\/\/progettotouring.it\/radiotouring104\/wp-json\/wp\/v2\/types\/post"}],"author":[{"embeddable":true,"href":"https:\/\/progettotouring.it\/radiotouring104\/wp-json\/wp\/v2\/users\/12"}],"replies":[{"embeddable":true,"href":"https:\/\/progettotouring.it\/radiotouring104\/wp-json\/wp\/v2\/comments?post=58209"}],"version-history":[{"count":3,"href":"https:\/\/progettotouring.it\/radiotouring104\/wp-json\/wp\/v2\/posts\/58209\/revisions"}],"predecessor-version":[{"id":58226,"href":"https:\/\/progettotouring.it\/radiotouring104\/wp-json\/wp\/v2\/posts\/58209\/revisions\/58226"}],"wp:featuredmedia":[{"embeddable":true,"href":"https:\/\/progettotouring.it\/radiotouring104\/wp-json\/wp\/v2\/media\/58223"}],"wp:attachment":[{"href":"https:\/\/progettotouring.it\/radiotouring104\/wp-json\/wp\/v2\/media?parent=58209"}],"wp:term":[{"taxonomy":"category","embeddable":true,"href":"https:\/\/progettotouring.it\/radiotouring104\/wp-json\/wp\/v2\/categories?post=58209"},{"taxonomy":"post_tag","embeddable":true,"href":"https:\/\/progettotouring.it\/radiotouring104\/wp-json\/wp\/v2\/tags?post=58209"}],"curies":[{"name":"wp","href":"https:\/\/api.w.org\/{rel}","templated":true}]}}