{"id":58228,"date":"2024-09-23T12:39:21","date_gmt":"2024-09-23T10:39:21","guid":{"rendered":"https:\/\/progettotouring.it\/radiotouring104\/?p=58228"},"modified":"2024-09-23T12:39:21","modified_gmt":"2024-09-23T10:39:21","slug":"reggio-grande-partecipazione-per-levento-sport-city-day","status":"publish","type":"post","link":"https:\/\/progettotouring.it\/radiotouring104\/2024\/09\/23\/reggio-grande-partecipazione-per-levento-sport-city-day\/","title":{"rendered":"Reggio: grande partecipazione per l&#8217;evento Sport City Day"},"content":{"rendered":"<p style=\"text-align: justify\">Si \u00e8<strong> svolta ieri mattina a piazza duomo, la quarta edizione di Sportcity Day,<\/strong> l&#8217;<strong>evento sportivo<\/strong> nazionale che invade le strade, le piazze, i parchi e le strutture sportive urbane di tutta Italia per la pi\u00f9 grande festa del movimento d\u2019Europa. <strong>Promosso dall&#8217;omonima fondazione,<\/strong> quest\u2019anno si \u00e8 avvalso della collaborazione sia nazionale che locale di ASI.<strong> Un importante evento di promozione in cui Radio e Video Touring hanno svolto il ruolo di partner<\/strong> animando la giornata con i propri speaker e la suggestiva walking radio.<br \/>\n<strong>All\u2019ultima edizione di Sportcity Day hanno aderito 160 citt\u00e0 italiane<\/strong> che, insieme, hanno lanciato \u2018La Repubblica del Movimento\u201d, realizzata grazie all&#8217;attivismo di oltre 500.000 persone in tutta Italia, testimoni di come sia possibile alimentare il benessere psico-fisico dei cittadini semplicemente mediante l&#8217;offerta di spazi urbani per praticare attivit\u00e0 fisica e mutandoli in veri e propri Hub della Salute.<br \/>\n<strong>Sono state oltre 90 le attivit\u00e0 proposte in tutte le regioni ed oltre 700 realt\u00e0 associative<\/strong> coinvolte con pi\u00f9 di 1500 operatori del movimento qualificati che hanno fatto vivere ai cittadini di tutte le et\u00e0 una giornata di sport e divertimento. Il Ministero dell\u2019Ambiente e della Sostenibilit\u00e0 ambientale \u00e8 stato anche quest&#8217;anno coinvolto e parte attiva, in continuit\u00e0 col proprio impegno di promuovere lo sport come strumento per diffondere una nuova cultura dell\u2019educazione ambientale per tutte le et\u00e0.<br \/>\nIeri <strong>quindi in citt\u00e0,<\/strong> grazie all\u2019impegno dei responsabili regionali di Sportcity e ASI <strong>Giandomenico Stilo e Giuseppe Melissi,<\/strong> coadiuvati dai loro staff, <strong>con la collaborazione tecnica di Progetto Touring<\/strong> e il patrocinio Metrocity e del Comune di Reggio Calabria, del CONI, del Comitato Italiano Paralimpico, di Special Olimpics e di ECampus Universit\u00e0, in <strong>piazza Duomo dalle 9 alle 13 molteplici sono svolte le suddette attivit\u00e0, gratuite e con iscrizione in loco.<\/strong><\/p>\n","protected":false},"excerpt":{"rendered":"<p>Si \u00e8 svolta ieri mattina a piazza duomo, la quarta edizione di Sportcity Day, l&#8217;evento sportivo nazionale che invade le strade, le piazze, i parchi e le strutture sportive urbane&hellip;<\/p>\n","protected":false},"author":12,"featured_media":0,"comment_status":"closed","ping_status":"open","sticky":false,"template":"","format":"standard","meta":{"_jetpack_memberships_contains_paid_content":false,"footnotes":"","jetpack_publicize_message":"","jetpack_publicize_feature_enabled":true,"jetpack_social_post_already_shared":false,"jetpack_social_options":{"image_generator_settings":{"template":"highway","default_image_id":0,"font":"","enabled":false},"version":2}},"categories":[921,196,140],"tags":[35620,35621,498,35619,35618,1583],"class_list":["post-58228","post","type-post","status-publish","format-standard","hentry","category-home","category-news","category-reggio-calabria","tag-evento-sportivo","tag-fondazionee-sport-city-day","tag-piazza-duomo","tag-quarta-edizione","tag-sport-city-day","tag-videotouring"],"yoast_head":"<!-- This site is optimized with the Yoast SEO plugin v27.2 - https:\/\/yoast.com\/product\/yoast-seo-wordpress\/ -->\n<title>Reggio: grande partecipazione per l&#039;evento Sport City Day<\/title>\n<meta name=\"description\" content=\"La quarta edizione dell&#039;evento, cui RadioVideo Touring ha svolto il ruolo di partner, si \u00e8 svolta ieri mattina a Piazza Duomo.\" \/>\n<meta name=\"robots\" content=\"index, follow, max-snippet:-1, max-image-preview:large, max-video-preview:-1\" \/>\n<link rel=\"canonical\" href=\"https:\/\/progettotouring.it\/radiotouring104\/2024\/09\/23\/reggio-grande-partecipazione-per-levento-sport-city-day\/\" \/>\n<meta property=\"og:locale\" content=\"it_IT\" \/>\n<meta property=\"og:type\" content=\"article\" \/>\n<meta property=\"og:title\" content=\"Reggio: grande partecipazione per l&#039;evento Sport City Day\" \/>\n<meta property=\"og:description\" content=\"La quarta edizione dell&#039;evento, cui RadioVideo Touring ha svolto il ruolo di partner, si \u00e8 svolta ieri mattina a Piazza Duomo.\" \/>\n<meta property=\"og:url\" content=\"https:\/\/progettotouring.it\/radiotouring104\/2024\/09\/23\/reggio-grande-partecipazione-per-levento-sport-city-day\/\" \/>\n<meta property=\"og:site_name\" content=\"Radio Touring 104\" \/>\n<meta property=\"article:published_time\" content=\"2024-09-23T10:39:21+00:00\" \/>\n<meta property=\"og:image\" content=\"https:\/\/progettotouring.it\/radiotouring104\/wp-content\/uploads\/sites\/6\/2024\/09\/sport-city-day-2024.jpeg\" \/>\n\t<meta property=\"og:image:width\" content=\"1170\" \/>\n\t<meta property=\"og:image:height\" content=\"656\" \/>\n\t<meta property=\"og:image:type\" content=\"image\/jpeg\" \/>\n<meta name=\"author\" content=\"Sebastiano Plutino\" \/>\n<meta name=\"twitter:card\" content=\"summary_large_image\" \/>\n<meta name=\"twitter:label1\" content=\"Scritto da\" \/>\n\t<meta name=\"twitter:data1\" content=\"Sebastiano Plutino\" \/>\n\t<meta name=\"twitter:label2\" content=\"Tempo di lettura stimato\" \/>\n\t<meta name=\"twitter:data2\" content=\"1 minuto\" \/>\n<script type=\"application\/ld+json\" class=\"yoast-schema-graph\">{\"@context\":\"https:\/\/schema.org\",\"@graph\":[{\"@type\":\"Article\",\"@id\":\"https:\/\/progettotouring.it\/radiotouring104\/2024\/09\/23\/reggio-grande-partecipazione-per-levento-sport-city-day\/#article\",\"isPartOf\":{\"@id\":\"https:\/\/progettotouring.it\/radiotouring104\/2024\/09\/23\/reggio-grande-partecipazione-per-levento-sport-city-day\/\"},\"author\":{\"name\":\"Sebastiano Plutino\",\"@id\":\"https:\/\/progettotouring.it\/radiotouring104\/#\/schema\/person\/78613917f1851f041f7483f5af1d422e\"},\"headline\":\"Reggio: grande partecipazione per l&#8217;evento Sport City Day\",\"datePublished\":\"2024-09-23T10:39:21+00:00\",\"mainEntityOfPage\":{\"@id\":\"https:\/\/progettotouring.it\/radiotouring104\/2024\/09\/23\/reggio-grande-partecipazione-per-levento-sport-city-day\/\"},\"wordCount\":296,\"publisher\":{\"@id\":\"https:\/\/progettotouring.it\/radiotouring104\/#organization\"},\"keywords\":[\"evento sportivo\",\"Fondazionee Sport City Day\",\"Piazza Duomo\",\"quarta edizione\",\"Sport City Day\",\"videotouring\"],\"articleSection\":[\"Home\",\"News\",\"Reggio Calabria\"],\"inLanguage\":\"it-IT\"},{\"@type\":\"WebPage\",\"@id\":\"https:\/\/progettotouring.it\/radiotouring104\/2024\/09\/23\/reggio-grande-partecipazione-per-levento-sport-city-day\/\",\"url\":\"https:\/\/progettotouring.it\/radiotouring104\/2024\/09\/23\/reggio-grande-partecipazione-per-levento-sport-city-day\/\",\"name\":\"Reggio: grande partecipazione per l'evento Sport City Day\",\"isPartOf\":{\"@id\":\"https:\/\/progettotouring.it\/radiotouring104\/#website\"},\"datePublished\":\"2024-09-23T10:39:21+00:00\",\"description\":\"La quarta edizione dell'evento, cui RadioVideo Touring ha svolto il ruolo di partner, si \u00e8 svolta ieri mattina a Piazza Duomo.\",\"breadcrumb\":{\"@id\":\"https:\/\/progettotouring.it\/radiotouring104\/2024\/09\/23\/reggio-grande-partecipazione-per-levento-sport-city-day\/#breadcrumb\"},\"inLanguage\":\"it-IT\",\"potentialAction\":[{\"@type\":\"ReadAction\",\"target\":[\"https:\/\/progettotouring.it\/radiotouring104\/2024\/09\/23\/reggio-grande-partecipazione-per-levento-sport-city-day\/\"]}]},{\"@type\":\"BreadcrumbList\",\"@id\":\"https:\/\/progettotouring.it\/radiotouring104\/2024\/09\/23\/reggio-grande-partecipazione-per-levento-sport-city-day\/#breadcrumb\",\"itemListElement\":[{\"@type\":\"ListItem\",\"position\":1,\"name\":\"Home\",\"item\":\"https:\/\/progettotouring.it\/radiotouring104\/\"},{\"@type\":\"ListItem\",\"position\":2,\"name\":\"Reggio: grande partecipazione per l&#8217;evento Sport City Day\"}]},{\"@type\":\"WebSite\",\"@id\":\"https:\/\/progettotouring.it\/radiotouring104\/#website\",\"url\":\"https:\/\/progettotouring.it\/radiotouring104\/\",\"name\":\"Radio Touring 104\",\"description\":\"La prima radio Reggina\",\"publisher\":{\"@id\":\"https:\/\/progettotouring.it\/radiotouring104\/#organization\"},\"potentialAction\":[{\"@type\":\"SearchAction\",\"target\":{\"@type\":\"EntryPoint\",\"urlTemplate\":\"https:\/\/progettotouring.it\/radiotouring104\/?s={search_term_string}\"},\"query-input\":{\"@type\":\"PropertyValueSpecification\",\"valueRequired\":true,\"valueName\":\"search_term_string\"}}],\"inLanguage\":\"it-IT\"},{\"@type\":\"Organization\",\"@id\":\"https:\/\/progettotouring.it\/radiotouring104\/#organization\",\"name\":\"Radio Touring 104\",\"url\":\"https:\/\/progettotouring.it\/radiotouring104\/\",\"logo\":{\"@type\":\"ImageObject\",\"inLanguage\":\"it-IT\",\"@id\":\"https:\/\/progettotouring.it\/radiotouring104\/#\/schema\/logo\/image\/\",\"url\":\"https:\/\/progettotouring.it\/radiotouring104\/wp-content\/uploads\/sites\/6\/2022\/02\/cropped-logo-radio-touring-104.png\",\"contentUrl\":\"https:\/\/progettotouring.it\/radiotouring104\/wp-content\/uploads\/sites\/6\/2022\/02\/cropped-logo-radio-touring-104.png\",\"width\":377,\"height\":182,\"caption\":\"Radio Touring 104\"},\"image\":{\"@id\":\"https:\/\/progettotouring.it\/radiotouring104\/#\/schema\/logo\/image\/\"}},{\"@type\":\"Person\",\"@id\":\"https:\/\/progettotouring.it\/radiotouring104\/#\/schema\/person\/78613917f1851f041f7483f5af1d422e\",\"name\":\"Sebastiano Plutino\",\"image\":{\"@type\":\"ImageObject\",\"inLanguage\":\"it-IT\",\"@id\":\"https:\/\/secure.gravatar.com\/avatar\/0546ffaa9b79224faf9f2a156b67a529ae861d3287c66c1d8ccfdf909bcba78d?s=96&d=mm&r=g\",\"url\":\"https:\/\/secure.gravatar.com\/avatar\/0546ffaa9b79224faf9f2a156b67a529ae861d3287c66c1d8ccfdf909bcba78d?s=96&d=mm&r=g\",\"contentUrl\":\"https:\/\/secure.gravatar.com\/avatar\/0546ffaa9b79224faf9f2a156b67a529ae861d3287c66c1d8ccfdf909bcba78d?s=96&d=mm&r=g\",\"caption\":\"Sebastiano Plutino\"},\"url\":\"https:\/\/progettotouring.it\/radiotouring104\/author\/sebastiano\/\"}]}<\/script>\n<!-- \/ Yoast SEO plugin. -->","yoast_head_json":{"title":"Reggio: grande partecipazione per l'evento Sport City Day","description":"La quarta edizione dell'evento, cui RadioVideo Touring ha svolto il ruolo di partner, si \u00e8 svolta ieri mattina a Piazza Duomo.","robots":{"index":"index","follow":"follow","max-snippet":"max-snippet:-1","max-image-preview":"max-image-preview:large","max-video-preview":"max-video-preview:-1"},"canonical":"https:\/\/progettotouring.it\/radiotouring104\/2024\/09\/23\/reggio-grande-partecipazione-per-levento-sport-city-day\/","og_locale":"it_IT","og_type":"article","og_title":"Reggio: grande partecipazione per l'evento Sport City Day","og_description":"La quarta edizione dell'evento, cui RadioVideo Touring ha svolto il ruolo di partner, si \u00e8 svolta ieri mattina a Piazza Duomo.","og_url":"https:\/\/progettotouring.it\/radiotouring104\/2024\/09\/23\/reggio-grande-partecipazione-per-levento-sport-city-day\/","og_site_name":"Radio Touring 104","article_published_time":"2024-09-23T10:39:21+00:00","og_image":[{"width":1170,"height":656,"url":"https:\/\/progettotouring.it\/radiotouring104\/wp-content\/uploads\/sites\/6\/2024\/09\/sport-city-day-2024.jpeg","type":"image\/jpeg"}],"author":"Sebastiano Plutino","twitter_card":"summary_large_image","twitter_misc":{"Scritto da":"Sebastiano Plutino","Tempo di lettura stimato":"1 minuto"},"schema":{"@context":"https:\/\/schema.org","@graph":[{"@type":"Article","@id":"https:\/\/progettotouring.it\/radiotouring104\/2024\/09\/23\/reggio-grande-partecipazione-per-levento-sport-city-day\/#article","isPartOf":{"@id":"https:\/\/progettotouring.it\/radiotouring104\/2024\/09\/23\/reggio-grande-partecipazione-per-levento-sport-city-day\/"},"author":{"name":"Sebastiano Plutino","@id":"https:\/\/progettotouring.it\/radiotouring104\/#\/schema\/person\/78613917f1851f041f7483f5af1d422e"},"headline":"Reggio: grande partecipazione per l&#8217;evento Sport City Day","datePublished":"2024-09-23T10:39:21+00:00","mainEntityOfPage":{"@id":"https:\/\/progettotouring.it\/radiotouring104\/2024\/09\/23\/reggio-grande-partecipazione-per-levento-sport-city-day\/"},"wordCount":296,"publisher":{"@id":"https:\/\/progettotouring.it\/radiotouring104\/#organization"},"keywords":["evento sportivo","Fondazionee Sport City Day","Piazza Duomo","quarta edizione","Sport City Day","videotouring"],"articleSection":["Home","News","Reggio Calabria"],"inLanguage":"it-IT"},{"@type":"WebPage","@id":"https:\/\/progettotouring.it\/radiotouring104\/2024\/09\/23\/reggio-grande-partecipazione-per-levento-sport-city-day\/","url":"https:\/\/progettotouring.it\/radiotouring104\/2024\/09\/23\/reggio-grande-partecipazione-per-levento-sport-city-day\/","name":"Reggio: grande partecipazione per l'evento Sport City Day","isPartOf":{"@id":"https:\/\/progettotouring.it\/radiotouring104\/#website"},"datePublished":"2024-09-23T10:39:21+00:00","description":"La quarta edizione dell'evento, cui RadioVideo Touring ha svolto il ruolo di partner, si \u00e8 svolta ieri mattina a Piazza Duomo.","breadcrumb":{"@id":"https:\/\/progettotouring.it\/radiotouring104\/2024\/09\/23\/reggio-grande-partecipazione-per-levento-sport-city-day\/#breadcrumb"},"inLanguage":"it-IT","potentialAction":[{"@type":"ReadAction","target":["https:\/\/progettotouring.it\/radiotouring104\/2024\/09\/23\/reggio-grande-partecipazione-per-levento-sport-city-day\/"]}]},{"@type":"BreadcrumbList","@id":"https:\/\/progettotouring.it\/radiotouring104\/2024\/09\/23\/reggio-grande-partecipazione-per-levento-sport-city-day\/#breadcrumb","itemListElement":[{"@type":"ListItem","position":1,"name":"Home","item":"https:\/\/progettotouring.it\/radiotouring104\/"},{"@type":"ListItem","position":2,"name":"Reggio: grande partecipazione per l&#8217;evento Sport City Day"}]},{"@type":"WebSite","@id":"https:\/\/progettotouring.it\/radiotouring104\/#website","url":"https:\/\/progettotouring.it\/radiotouring104\/","name":"Radio Touring 104","description":"La prima radio Reggina","publisher":{"@id":"https:\/\/progettotouring.it\/radiotouring104\/#organization"},"potentialAction":[{"@type":"SearchAction","target":{"@type":"EntryPoint","urlTemplate":"https:\/\/progettotouring.it\/radiotouring104\/?s={search_term_string}"},"query-input":{"@type":"PropertyValueSpecification","valueRequired":true,"valueName":"search_term_string"}}],"inLanguage":"it-IT"},{"@type":"Organization","@id":"https:\/\/progettotouring.it\/radiotouring104\/#organization","name":"Radio Touring 104","url":"https:\/\/progettotouring.it\/radiotouring104\/","logo":{"@type":"ImageObject","inLanguage":"it-IT","@id":"https:\/\/progettotouring.it\/radiotouring104\/#\/schema\/logo\/image\/","url":"https:\/\/progettotouring.it\/radiotouring104\/wp-content\/uploads\/sites\/6\/2022\/02\/cropped-logo-radio-touring-104.png","contentUrl":"https:\/\/progettotouring.it\/radiotouring104\/wp-content\/uploads\/sites\/6\/2022\/02\/cropped-logo-radio-touring-104.png","width":377,"height":182,"caption":"Radio Touring 104"},"image":{"@id":"https:\/\/progettotouring.it\/radiotouring104\/#\/schema\/logo\/image\/"}},{"@type":"Person","@id":"https:\/\/progettotouring.it\/radiotouring104\/#\/schema\/person\/78613917f1851f041f7483f5af1d422e","name":"Sebastiano Plutino","image":{"@type":"ImageObject","inLanguage":"it-IT","@id":"https:\/\/secure.gravatar.com\/avatar\/0546ffaa9b79224faf9f2a156b67a529ae861d3287c66c1d8ccfdf909bcba78d?s=96&d=mm&r=g","url":"https:\/\/secure.gravatar.com\/avatar\/0546ffaa9b79224faf9f2a156b67a529ae861d3287c66c1d8ccfdf909bcba78d?s=96&d=mm&r=g","contentUrl":"https:\/\/secure.gravatar.com\/avatar\/0546ffaa9b79224faf9f2a156b67a529ae861d3287c66c1d8ccfdf909bcba78d?s=96&d=mm&r=g","caption":"Sebastiano Plutino"},"url":"https:\/\/progettotouring.it\/radiotouring104\/author\/sebastiano\/"}]}},"jetpack_publicize_connections":[],"jetpack_featured_media_url":"","jetpack_sharing_enabled":true,"_links":{"self":[{"href":"https:\/\/progettotouring.it\/radiotouring104\/wp-json\/wp\/v2\/posts\/58228","targetHints":{"allow":["GET"]}}],"collection":[{"href":"https:\/\/progettotouring.it\/radiotouring104\/wp-json\/wp\/v2\/posts"}],"about":[{"href":"https:\/\/progettotouring.it\/radiotouring104\/wp-json\/wp\/v2\/types\/post"}],"author":[{"embeddable":true,"href":"https:\/\/progettotouring.it\/radiotouring104\/wp-json\/wp\/v2\/users\/12"}],"replies":[{"embeddable":true,"href":"https:\/\/progettotouring.it\/radiotouring104\/wp-json\/wp\/v2\/comments?post=58228"}],"version-history":[{"count":1,"href":"https:\/\/progettotouring.it\/radiotouring104\/wp-json\/wp\/v2\/posts\/58228\/revisions"}],"predecessor-version":[{"id":58246,"href":"https:\/\/progettotouring.it\/radiotouring104\/wp-json\/wp\/v2\/posts\/58228\/revisions\/58246"}],"wp:attachment":[{"href":"https:\/\/progettotouring.it\/radiotouring104\/wp-json\/wp\/v2\/media?parent=58228"}],"wp:term":[{"taxonomy":"category","embeddable":true,"href":"https:\/\/progettotouring.it\/radiotouring104\/wp-json\/wp\/v2\/categories?post=58228"},{"taxonomy":"post_tag","embeddable":true,"href":"https:\/\/progettotouring.it\/radiotouring104\/wp-json\/wp\/v2\/tags?post=58228"}],"curies":[{"name":"wp","href":"https:\/\/api.w.org\/{rel}","templated":true}]}}