{"id":58231,"date":"2024-09-23T12:06:45","date_gmt":"2024-09-23T10:06:45","guid":{"rendered":"https:\/\/progettotouring.it\/radiotouring104\/?p=58231"},"modified":"2024-09-23T12:07:00","modified_gmt":"2024-09-23T10:07:00","slug":"reggio-celebra-il-santo-patrono-della-citta-metropolitana-san-gaetano-catanoso","status":"publish","type":"post","link":"https:\/\/progettotouring.it\/radiotouring104\/2024\/09\/23\/reggio-celebra-il-santo-patrono-della-citta-metropolitana-san-gaetano-catanoso\/","title":{"rendered":"Reggio celebra il Santo Patrono della Citt\u00e0 Metropolitana San Gaetano Catanoso"},"content":{"rendered":"<p style=\"text-align: justify\"><strong>Il sindaco<\/strong> Giuseppe <strong>Falcomat\u00e0 ha preso parte alla processione in onore di San Gaetano Catanoso,<\/strong> patrono della Citt\u00e0 Metropolitana e del Corpo di Polizia metropolitana.<\/p>\n<p style=\"text-align: justify\"><strong>Nel quartiere di Spirito Santo,<\/strong> a Reggio Calabria, <strong>Falcomat\u00e0 ha indossato il tradizionale fazzoletto<\/strong> giallo e percorso, <strong>insieme a<\/strong> tanti fedeli fra i quali il consigliere delegato<strong> Filippo Quartuccio,<\/strong> l\u2019assessora comunale <strong>Marisa Lanucara<\/strong> ed il comandante della Polizia metropolitana <strong>Francesco Macheda<\/strong>, presente il Consigliere regionale <strong>Giovanni Muraca,<\/strong> la strada che separa la chiesa del rione dal santuario che porta il nome del santo di Chorio di San Lorenzo.<\/p>\n<p style=\"text-align: justify\"><em>\u201cUn\u2019importante, bellissima e sentita processione\u201d<\/em> <strong>ha detto il sindaco Falcomat\u00e0 riflettendo su un evento che<\/strong> \u201c<em>succede ad una settimana intensa di attivit\u00e0 per la nostra Madonna della Consolazione\u201d.<\/em> <em>\u201cGaetano Catanoso &#8211;<\/em> <strong>ha detto<\/strong> &#8211; <em>Santo Patrono della Citt\u00e0 Metropolitana \u00e8 un santo che \u00e8 ben radicato in diversi centri del nostro territorio, in particolare nell\u2019area di Spirito Santo e Reggio Campi, dove insiste una comunit\u00e0 viva, molto devota e numerosa, protagonista di questa splendido momento di fede al quale partecipiamo in maniera convinta spinti da ci\u00f2 che, in vita, san Gaetano ha fatto per il nostro territorio\u201d.<\/em><\/p>\n<p style=\"text-align: justify\"><strong>Per Filippo Quartuccio, San Gaetano<\/strong><em> \u201c\u00e8 il santo reggino, umile, vicino ai poveri che ha generato bene per la citt\u00e0 vivendo in una comunit\u00e0 piegata dalla guerra e dalla povert\u00e0\u201d. \u201cHa saputo lasciare un segno tangibile del suo impegno per la gente\u201d,<\/em><strong> ha ricordato Quartuccio pensando alla Congregazione delle suore veroniche del volto santo che<\/strong> <em>\u201copera molto proficuamente nel nostro territorio ed a Chorio di San Lorenzo dove insiste la casa del santo\u201d.<\/em><\/p>\n<p style=\"text-align: justify\"><em>\u201cE\u2019 importante essere a questa processione<\/em> <strong>&#8211; ha continuato il consigliere metropolitano<\/strong> &#8211;<em> per rendere omaggio e commemorare san Gaetano. Per la comunit\u00e0 parrocchiale del quartiere \u00e8 un momento intimo, importante e culturalmente elevato. E\u2019 una testimonianza della fede del nostro rione, devoto alla figura di santo Catanoso, ad un mese dalla ricorrenza della sua canonizzazione\u201d. \u201cLa Citt\u00e0 Metropolitana &#8211;<\/em><strong> ha concluso Filippo Quartuccio<\/strong> <em>&#8211; col sindaco Falcomat\u00e0, \u00e8 sempre presente accanto al patrono della Citt\u00e0 Metropolitana e della Polizia metropolitana\u201d.<\/em><\/p>\n<div><\/div>\n","protected":false},"excerpt":{"rendered":"<p>Il sindaco Giuseppe Falcomat\u00e0 ha preso parte alla processione in onore di San Gaetano Catanoso, patrono della Citt\u00e0 Metropolitana e del Corpo di Polizia metropolitana. Nel quartiere di Spirito Santo,&hellip;<\/p>\n","protected":false},"author":12,"featured_media":58232,"comment_status":"closed","ping_status":"open","sticky":false,"template":"","format":"standard","meta":{"_jetpack_memberships_contains_paid_content":false,"footnotes":"","jetpack_publicize_message":"","jetpack_publicize_feature_enabled":true,"jetpack_social_post_already_shared":false,"jetpack_social_options":{"image_generator_settings":{"template":"highway","default_image_id":0,"font":"","enabled":false},"version":2}},"categories":[921,196,140],"tags":[30465,468,5494,35612,35397],"class_list":["post-58231","post","type-post","status-publish","format-standard","has-post-thumbnail","hentry","category-home","category-news","category-reggio-calabria","tag-falcomata-giuseppe","tag-filippo-quartuccio","tag-giovanni-muraca","tag-san-gaetano-catanoso","tag-spirito-santo-reggio-calabria"],"yoast_head":"<!-- This site is optimized with the Yoast SEO plugin v27.2 - https:\/\/yoast.com\/product\/yoast-seo-wordpress\/ -->\n<title>Reggio celebra il Patrono di Metrocity San Gaetano Catanoso<\/title>\n<meta name=\"description\" content=\"A Spirito Santo la processione alla presenza di autorit\u00e0 politiche comunali e regionali e del Capo della Polizia Metropolitana\" \/>\n<meta name=\"robots\" content=\"index, follow, max-snippet:-1, max-image-preview:large, max-video-preview:-1\" \/>\n<link rel=\"canonical\" href=\"https:\/\/progettotouring.it\/radiotouring104\/2024\/09\/23\/reggio-celebra-il-santo-patrono-della-citta-metropolitana-san-gaetano-catanoso\/\" \/>\n<meta property=\"og:locale\" content=\"it_IT\" \/>\n<meta property=\"og:type\" content=\"article\" \/>\n<meta property=\"og:title\" content=\"Reggio celebra il Patrono di Metrocity San Gaetano Catanoso\" \/>\n<meta property=\"og:description\" content=\"A Spirito Santo la processione alla presenza di autorit\u00e0 politiche comunali e regionali e del Capo della Polizia Metropolitana\" \/>\n<meta property=\"og:url\" content=\"https:\/\/progettotouring.it\/radiotouring104\/2024\/09\/23\/reggio-celebra-il-santo-patrono-della-citta-metropolitana-san-gaetano-catanoso\/\" \/>\n<meta property=\"og:site_name\" content=\"Radio Touring 104\" \/>\n<meta property=\"article:published_time\" content=\"2024-09-23T10:06:45+00:00\" \/>\n<meta property=\"article:modified_time\" content=\"2024-09-23T10:07:00+00:00\" \/>\n<meta property=\"og:image\" content=\"https:\/\/progettotouring.it\/radiotouring104\/wp-content\/uploads\/sites\/6\/2024\/09\/san-gaetano-1.jpeg\" \/>\n\t<meta property=\"og:image:width\" content=\"2560\" \/>\n\t<meta property=\"og:image:height\" content=\"1706\" \/>\n\t<meta property=\"og:image:type\" content=\"image\/jpeg\" \/>\n<meta name=\"author\" content=\"Sebastiano Plutino\" \/>\n<meta name=\"twitter:card\" content=\"summary_large_image\" \/>\n<meta name=\"twitter:label1\" content=\"Scritto da\" \/>\n\t<meta name=\"twitter:data1\" content=\"Sebastiano Plutino\" \/>\n\t<meta name=\"twitter:label2\" content=\"Tempo di lettura stimato\" \/>\n\t<meta name=\"twitter:data2\" content=\"2 minuti\" \/>\n<script type=\"application\/ld+json\" class=\"yoast-schema-graph\">{\"@context\":\"https:\/\/schema.org\",\"@graph\":[{\"@type\":\"Article\",\"@id\":\"https:\/\/progettotouring.it\/radiotouring104\/2024\/09\/23\/reggio-celebra-il-santo-patrono-della-citta-metropolitana-san-gaetano-catanoso\/#article\",\"isPartOf\":{\"@id\":\"https:\/\/progettotouring.it\/radiotouring104\/2024\/09\/23\/reggio-celebra-il-santo-patrono-della-citta-metropolitana-san-gaetano-catanoso\/\"},\"author\":{\"name\":\"Sebastiano Plutino\",\"@id\":\"https:\/\/progettotouring.it\/radiotouring104\/#\/schema\/person\/78613917f1851f041f7483f5af1d422e\"},\"headline\":\"Reggio celebra il Santo Patrono della Citt\u00e0 Metropolitana San Gaetano Catanoso\",\"datePublished\":\"2024-09-23T10:06:45+00:00\",\"dateModified\":\"2024-09-23T10:07:00+00:00\",\"mainEntityOfPage\":{\"@id\":\"https:\/\/progettotouring.it\/radiotouring104\/2024\/09\/23\/reggio-celebra-il-santo-patrono-della-citta-metropolitana-san-gaetano-catanoso\/\"},\"wordCount\":353,\"publisher\":{\"@id\":\"https:\/\/progettotouring.it\/radiotouring104\/#organization\"},\"image\":{\"@id\":\"https:\/\/progettotouring.it\/radiotouring104\/2024\/09\/23\/reggio-celebra-il-santo-patrono-della-citta-metropolitana-san-gaetano-catanoso\/#primaryimage\"},\"thumbnailUrl\":\"https:\/\/progettotouring.it\/radiotouring104\/wp-content\/uploads\/sites\/6\/2024\/09\/san-gaetano-1.jpeg\",\"keywords\":[\"Falcomat\u00e0 Giuseppe\",\"filippo quartuccio\",\"Giovanni Muraca\",\"San Gaetano Catanoso\",\"Spirito Santo Reggio Calabria\"],\"articleSection\":[\"Home\",\"News\",\"Reggio Calabria\"],\"inLanguage\":\"it-IT\"},{\"@type\":\"WebPage\",\"@id\":\"https:\/\/progettotouring.it\/radiotouring104\/2024\/09\/23\/reggio-celebra-il-santo-patrono-della-citta-metropolitana-san-gaetano-catanoso\/\",\"url\":\"https:\/\/progettotouring.it\/radiotouring104\/2024\/09\/23\/reggio-celebra-il-santo-patrono-della-citta-metropolitana-san-gaetano-catanoso\/\",\"name\":\"Reggio celebra il Patrono di Metrocity San Gaetano Catanoso\",\"isPartOf\":{\"@id\":\"https:\/\/progettotouring.it\/radiotouring104\/#website\"},\"primaryImageOfPage\":{\"@id\":\"https:\/\/progettotouring.it\/radiotouring104\/2024\/09\/23\/reggio-celebra-il-santo-patrono-della-citta-metropolitana-san-gaetano-catanoso\/#primaryimage\"},\"image\":{\"@id\":\"https:\/\/progettotouring.it\/radiotouring104\/2024\/09\/23\/reggio-celebra-il-santo-patrono-della-citta-metropolitana-san-gaetano-catanoso\/#primaryimage\"},\"thumbnailUrl\":\"https:\/\/progettotouring.it\/radiotouring104\/wp-content\/uploads\/sites\/6\/2024\/09\/san-gaetano-1.jpeg\",\"datePublished\":\"2024-09-23T10:06:45+00:00\",\"dateModified\":\"2024-09-23T10:07:00+00:00\",\"description\":\"A Spirito Santo la processione alla presenza di autorit\u00e0 politiche comunali e regionali e del Capo della Polizia Metropolitana\",\"breadcrumb\":{\"@id\":\"https:\/\/progettotouring.it\/radiotouring104\/2024\/09\/23\/reggio-celebra-il-santo-patrono-della-citta-metropolitana-san-gaetano-catanoso\/#breadcrumb\"},\"inLanguage\":\"it-IT\",\"potentialAction\":[{\"@type\":\"ReadAction\",\"target\":[\"https:\/\/progettotouring.it\/radiotouring104\/2024\/09\/23\/reggio-celebra-il-santo-patrono-della-citta-metropolitana-san-gaetano-catanoso\/\"]}]},{\"@type\":\"ImageObject\",\"inLanguage\":\"it-IT\",\"@id\":\"https:\/\/progettotouring.it\/radiotouring104\/2024\/09\/23\/reggio-celebra-il-santo-patrono-della-citta-metropolitana-san-gaetano-catanoso\/#primaryimage\",\"url\":\"https:\/\/progettotouring.it\/radiotouring104\/wp-content\/uploads\/sites\/6\/2024\/09\/san-gaetano-1.jpeg\",\"contentUrl\":\"https:\/\/progettotouring.it\/radiotouring104\/wp-content\/uploads\/sites\/6\/2024\/09\/san-gaetano-1.jpeg\",\"width\":2560,\"height\":1706},{\"@type\":\"BreadcrumbList\",\"@id\":\"https:\/\/progettotouring.it\/radiotouring104\/2024\/09\/23\/reggio-celebra-il-santo-patrono-della-citta-metropolitana-san-gaetano-catanoso\/#breadcrumb\",\"itemListElement\":[{\"@type\":\"ListItem\",\"position\":1,\"name\":\"Home\",\"item\":\"https:\/\/progettotouring.it\/radiotouring104\/\"},{\"@type\":\"ListItem\",\"position\":2,\"name\":\"Reggio celebra il Santo Patrono della Citt\u00e0 Metropolitana San Gaetano Catanoso\"}]},{\"@type\":\"WebSite\",\"@id\":\"https:\/\/progettotouring.it\/radiotouring104\/#website\",\"url\":\"https:\/\/progettotouring.it\/radiotouring104\/\",\"name\":\"Radio Touring 104\",\"description\":\"La prima radio Reggina\",\"publisher\":{\"@id\":\"https:\/\/progettotouring.it\/radiotouring104\/#organization\"},\"potentialAction\":[{\"@type\":\"SearchAction\",\"target\":{\"@type\":\"EntryPoint\",\"urlTemplate\":\"https:\/\/progettotouring.it\/radiotouring104\/?s={search_term_string}\"},\"query-input\":{\"@type\":\"PropertyValueSpecification\",\"valueRequired\":true,\"valueName\":\"search_term_string\"}}],\"inLanguage\":\"it-IT\"},{\"@type\":\"Organization\",\"@id\":\"https:\/\/progettotouring.it\/radiotouring104\/#organization\",\"name\":\"Radio Touring 104\",\"url\":\"https:\/\/progettotouring.it\/radiotouring104\/\",\"logo\":{\"@type\":\"ImageObject\",\"inLanguage\":\"it-IT\",\"@id\":\"https:\/\/progettotouring.it\/radiotouring104\/#\/schema\/logo\/image\/\",\"url\":\"https:\/\/progettotouring.it\/radiotouring104\/wp-content\/uploads\/sites\/6\/2022\/02\/cropped-logo-radio-touring-104.png\",\"contentUrl\":\"https:\/\/progettotouring.it\/radiotouring104\/wp-content\/uploads\/sites\/6\/2022\/02\/cropped-logo-radio-touring-104.png\",\"width\":377,\"height\":182,\"caption\":\"Radio Touring 104\"},\"image\":{\"@id\":\"https:\/\/progettotouring.it\/radiotouring104\/#\/schema\/logo\/image\/\"}},{\"@type\":\"Person\",\"@id\":\"https:\/\/progettotouring.it\/radiotouring104\/#\/schema\/person\/78613917f1851f041f7483f5af1d422e\",\"name\":\"Sebastiano Plutino\",\"image\":{\"@type\":\"ImageObject\",\"inLanguage\":\"it-IT\",\"@id\":\"https:\/\/secure.gravatar.com\/avatar\/0546ffaa9b79224faf9f2a156b67a529ae861d3287c66c1d8ccfdf909bcba78d?s=96&d=mm&r=g\",\"url\":\"https:\/\/secure.gravatar.com\/avatar\/0546ffaa9b79224faf9f2a156b67a529ae861d3287c66c1d8ccfdf909bcba78d?s=96&d=mm&r=g\",\"contentUrl\":\"https:\/\/secure.gravatar.com\/avatar\/0546ffaa9b79224faf9f2a156b67a529ae861d3287c66c1d8ccfdf909bcba78d?s=96&d=mm&r=g\",\"caption\":\"Sebastiano Plutino\"},\"url\":\"https:\/\/progettotouring.it\/radiotouring104\/author\/sebastiano\/\"}]}<\/script>\n<!-- \/ Yoast SEO plugin. -->","yoast_head_json":{"title":"Reggio celebra il Patrono di Metrocity San Gaetano Catanoso","description":"A Spirito Santo la processione alla presenza di autorit\u00e0 politiche comunali e regionali e del Capo della Polizia Metropolitana","robots":{"index":"index","follow":"follow","max-snippet":"max-snippet:-1","max-image-preview":"max-image-preview:large","max-video-preview":"max-video-preview:-1"},"canonical":"https:\/\/progettotouring.it\/radiotouring104\/2024\/09\/23\/reggio-celebra-il-santo-patrono-della-citta-metropolitana-san-gaetano-catanoso\/","og_locale":"it_IT","og_type":"article","og_title":"Reggio celebra il Patrono di Metrocity San Gaetano Catanoso","og_description":"A Spirito Santo la processione alla presenza di autorit\u00e0 politiche comunali e regionali e del Capo della Polizia Metropolitana","og_url":"https:\/\/progettotouring.it\/radiotouring104\/2024\/09\/23\/reggio-celebra-il-santo-patrono-della-citta-metropolitana-san-gaetano-catanoso\/","og_site_name":"Radio Touring 104","article_published_time":"2024-09-23T10:06:45+00:00","article_modified_time":"2024-09-23T10:07:00+00:00","og_image":[{"width":2560,"height":1706,"url":"https:\/\/progettotouring.it\/radiotouring104\/wp-content\/uploads\/sites\/6\/2024\/09\/san-gaetano-1.jpeg","type":"image\/jpeg"}],"author":"Sebastiano Plutino","twitter_card":"summary_large_image","twitter_misc":{"Scritto da":"Sebastiano Plutino","Tempo di lettura stimato":"2 minuti"},"schema":{"@context":"https:\/\/schema.org","@graph":[{"@type":"Article","@id":"https:\/\/progettotouring.it\/radiotouring104\/2024\/09\/23\/reggio-celebra-il-santo-patrono-della-citta-metropolitana-san-gaetano-catanoso\/#article","isPartOf":{"@id":"https:\/\/progettotouring.it\/radiotouring104\/2024\/09\/23\/reggio-celebra-il-santo-patrono-della-citta-metropolitana-san-gaetano-catanoso\/"},"author":{"name":"Sebastiano Plutino","@id":"https:\/\/progettotouring.it\/radiotouring104\/#\/schema\/person\/78613917f1851f041f7483f5af1d422e"},"headline":"Reggio celebra il Santo Patrono della Citt\u00e0 Metropolitana San Gaetano Catanoso","datePublished":"2024-09-23T10:06:45+00:00","dateModified":"2024-09-23T10:07:00+00:00","mainEntityOfPage":{"@id":"https:\/\/progettotouring.it\/radiotouring104\/2024\/09\/23\/reggio-celebra-il-santo-patrono-della-citta-metropolitana-san-gaetano-catanoso\/"},"wordCount":353,"publisher":{"@id":"https:\/\/progettotouring.it\/radiotouring104\/#organization"},"image":{"@id":"https:\/\/progettotouring.it\/radiotouring104\/2024\/09\/23\/reggio-celebra-il-santo-patrono-della-citta-metropolitana-san-gaetano-catanoso\/#primaryimage"},"thumbnailUrl":"https:\/\/progettotouring.it\/radiotouring104\/wp-content\/uploads\/sites\/6\/2024\/09\/san-gaetano-1.jpeg","keywords":["Falcomat\u00e0 Giuseppe","filippo quartuccio","Giovanni Muraca","San Gaetano Catanoso","Spirito Santo Reggio Calabria"],"articleSection":["Home","News","Reggio Calabria"],"inLanguage":"it-IT"},{"@type":"WebPage","@id":"https:\/\/progettotouring.it\/radiotouring104\/2024\/09\/23\/reggio-celebra-il-santo-patrono-della-citta-metropolitana-san-gaetano-catanoso\/","url":"https:\/\/progettotouring.it\/radiotouring104\/2024\/09\/23\/reggio-celebra-il-santo-patrono-della-citta-metropolitana-san-gaetano-catanoso\/","name":"Reggio celebra il Patrono di Metrocity San Gaetano Catanoso","isPartOf":{"@id":"https:\/\/progettotouring.it\/radiotouring104\/#website"},"primaryImageOfPage":{"@id":"https:\/\/progettotouring.it\/radiotouring104\/2024\/09\/23\/reggio-celebra-il-santo-patrono-della-citta-metropolitana-san-gaetano-catanoso\/#primaryimage"},"image":{"@id":"https:\/\/progettotouring.it\/radiotouring104\/2024\/09\/23\/reggio-celebra-il-santo-patrono-della-citta-metropolitana-san-gaetano-catanoso\/#primaryimage"},"thumbnailUrl":"https:\/\/progettotouring.it\/radiotouring104\/wp-content\/uploads\/sites\/6\/2024\/09\/san-gaetano-1.jpeg","datePublished":"2024-09-23T10:06:45+00:00","dateModified":"2024-09-23T10:07:00+00:00","description":"A Spirito Santo la processione alla presenza di autorit\u00e0 politiche comunali e regionali e del Capo della Polizia Metropolitana","breadcrumb":{"@id":"https:\/\/progettotouring.it\/radiotouring104\/2024\/09\/23\/reggio-celebra-il-santo-patrono-della-citta-metropolitana-san-gaetano-catanoso\/#breadcrumb"},"inLanguage":"it-IT","potentialAction":[{"@type":"ReadAction","target":["https:\/\/progettotouring.it\/radiotouring104\/2024\/09\/23\/reggio-celebra-il-santo-patrono-della-citta-metropolitana-san-gaetano-catanoso\/"]}]},{"@type":"ImageObject","inLanguage":"it-IT","@id":"https:\/\/progettotouring.it\/radiotouring104\/2024\/09\/23\/reggio-celebra-il-santo-patrono-della-citta-metropolitana-san-gaetano-catanoso\/#primaryimage","url":"https:\/\/progettotouring.it\/radiotouring104\/wp-content\/uploads\/sites\/6\/2024\/09\/san-gaetano-1.jpeg","contentUrl":"https:\/\/progettotouring.it\/radiotouring104\/wp-content\/uploads\/sites\/6\/2024\/09\/san-gaetano-1.jpeg","width":2560,"height":1706},{"@type":"BreadcrumbList","@id":"https:\/\/progettotouring.it\/radiotouring104\/2024\/09\/23\/reggio-celebra-il-santo-patrono-della-citta-metropolitana-san-gaetano-catanoso\/#breadcrumb","itemListElement":[{"@type":"ListItem","position":1,"name":"Home","item":"https:\/\/progettotouring.it\/radiotouring104\/"},{"@type":"ListItem","position":2,"name":"Reggio celebra il Santo Patrono della Citt\u00e0 Metropolitana San Gaetano Catanoso"}]},{"@type":"WebSite","@id":"https:\/\/progettotouring.it\/radiotouring104\/#website","url":"https:\/\/progettotouring.it\/radiotouring104\/","name":"Radio Touring 104","description":"La prima radio Reggina","publisher":{"@id":"https:\/\/progettotouring.it\/radiotouring104\/#organization"},"potentialAction":[{"@type":"SearchAction","target":{"@type":"EntryPoint","urlTemplate":"https:\/\/progettotouring.it\/radiotouring104\/?s={search_term_string}"},"query-input":{"@type":"PropertyValueSpecification","valueRequired":true,"valueName":"search_term_string"}}],"inLanguage":"it-IT"},{"@type":"Organization","@id":"https:\/\/progettotouring.it\/radiotouring104\/#organization","name":"Radio Touring 104","url":"https:\/\/progettotouring.it\/radiotouring104\/","logo":{"@type":"ImageObject","inLanguage":"it-IT","@id":"https:\/\/progettotouring.it\/radiotouring104\/#\/schema\/logo\/image\/","url":"https:\/\/progettotouring.it\/radiotouring104\/wp-content\/uploads\/sites\/6\/2022\/02\/cropped-logo-radio-touring-104.png","contentUrl":"https:\/\/progettotouring.it\/radiotouring104\/wp-content\/uploads\/sites\/6\/2022\/02\/cropped-logo-radio-touring-104.png","width":377,"height":182,"caption":"Radio Touring 104"},"image":{"@id":"https:\/\/progettotouring.it\/radiotouring104\/#\/schema\/logo\/image\/"}},{"@type":"Person","@id":"https:\/\/progettotouring.it\/radiotouring104\/#\/schema\/person\/78613917f1851f041f7483f5af1d422e","name":"Sebastiano Plutino","image":{"@type":"ImageObject","inLanguage":"it-IT","@id":"https:\/\/secure.gravatar.com\/avatar\/0546ffaa9b79224faf9f2a156b67a529ae861d3287c66c1d8ccfdf909bcba78d?s=96&d=mm&r=g","url":"https:\/\/secure.gravatar.com\/avatar\/0546ffaa9b79224faf9f2a156b67a529ae861d3287c66c1d8ccfdf909bcba78d?s=96&d=mm&r=g","contentUrl":"https:\/\/secure.gravatar.com\/avatar\/0546ffaa9b79224faf9f2a156b67a529ae861d3287c66c1d8ccfdf909bcba78d?s=96&d=mm&r=g","caption":"Sebastiano Plutino"},"url":"https:\/\/progettotouring.it\/radiotouring104\/author\/sebastiano\/"}]}},"jetpack_publicize_connections":[],"jetpack_featured_media_url":"https:\/\/progettotouring.it\/radiotouring104\/wp-content\/uploads\/sites\/6\/2024\/09\/san-gaetano-1.jpeg","jetpack_sharing_enabled":true,"_links":{"self":[{"href":"https:\/\/progettotouring.it\/radiotouring104\/wp-json\/wp\/v2\/posts\/58231","targetHints":{"allow":["GET"]}}],"collection":[{"href":"https:\/\/progettotouring.it\/radiotouring104\/wp-json\/wp\/v2\/posts"}],"about":[{"href":"https:\/\/progettotouring.it\/radiotouring104\/wp-json\/wp\/v2\/types\/post"}],"author":[{"embeddable":true,"href":"https:\/\/progettotouring.it\/radiotouring104\/wp-json\/wp\/v2\/users\/12"}],"replies":[{"embeddable":true,"href":"https:\/\/progettotouring.it\/radiotouring104\/wp-json\/wp\/v2\/comments?post=58231"}],"version-history":[{"count":2,"href":"https:\/\/progettotouring.it\/radiotouring104\/wp-json\/wp\/v2\/posts\/58231\/revisions"}],"predecessor-version":[{"id":58234,"href":"https:\/\/progettotouring.it\/radiotouring104\/wp-json\/wp\/v2\/posts\/58231\/revisions\/58234"}],"wp:featuredmedia":[{"embeddable":true,"href":"https:\/\/progettotouring.it\/radiotouring104\/wp-json\/wp\/v2\/media\/58232"}],"wp:attachment":[{"href":"https:\/\/progettotouring.it\/radiotouring104\/wp-json\/wp\/v2\/media?parent=58231"}],"wp:term":[{"taxonomy":"category","embeddable":true,"href":"https:\/\/progettotouring.it\/radiotouring104\/wp-json\/wp\/v2\/categories?post=58231"},{"taxonomy":"post_tag","embeddable":true,"href":"https:\/\/progettotouring.it\/radiotouring104\/wp-json\/wp\/v2\/tags?post=58231"}],"curies":[{"name":"wp","href":"https:\/\/api.w.org\/{rel}","templated":true}]}}