{"id":58239,"date":"2024-09-23T12:22:35","date_gmt":"2024-09-23T10:22:35","guid":{"rendered":"https:\/\/progettotouring.it\/radiotouring104\/?p=58239"},"modified":"2024-09-23T12:22:35","modified_gmt":"2024-09-23T10:22:35","slug":"villa-s-g-novita-sul-servizio-rifiuti-arriva-teknoservice-e-previsto-il-porta-a-porta","status":"publish","type":"post","link":"https:\/\/progettotouring.it\/radiotouring104\/2024\/09\/23\/villa-s-g-novita-sul-servizio-rifiuti-arriva-teknoservice-e-previsto-il-porta-a-porta\/","title":{"rendered":"Villa S.G., novit\u00e0 sul servizio rifiuti: arriva Teknoservice e previsto il &#8220;porta a porta&#8221;"},"content":{"rendered":"<div dir=\"auto\" style=\"text-align: justify\">La Citt\u00e0 a breve avr\u00e0 quel decoro che ci viene chiesto sin dalla campagna elettorale: il 20 settembre infatti la SUAM (stazione unica appaltante di Citt\u00e0 Metropolitana) ha pubblicato l\u2019esito della gara del nuovo servizio dei rifiuti e della pulizia della nostra Citt\u00e0, decretando l\u2019aggiudicazione alla societ\u00e0 Teknosevice Italia, azienda torinese consolidata nel settore e che opera con buoni risultati in 10 regioni d\u2019Italia. Un iter partito ad inizio anno con un atto di indirizzo della giunta, prontamente recepito dagli uffici comunali che, nonostante la complessit\u00e0, hanno lavorato in tempi celeri per garantire una tempestiva risposta alla pi\u00f9 pressante delle richieste cittadine. Da qui a qualche mese avremo un servizio nuovo ed efficiente per il quale abbiamo lavorato, facendo tesoro dei limiti riscontrati con il precedente capitolato ma, soprattutto, costruendo un progetto specifico per la nostra Citt\u00e0. Un progetto che \u00e8 stato cucito addosso al nostro territorio, alle esigenze dei singoli, delle famiglie, delle attivit\u00e0 commerciali e delle aziende: siamo convinti che solo un vestito ad hoc permetter\u00e0 di avere la citt\u00e0 pulita cui tutti aneliamo. In questi mesi siamo stati impegnati nella presentazione delle novit\u00e0 progettuali, anche con una campagna di sensibilizzazione ancora in atto, che diventer\u00e0 comunicazione mano a mano che il servizio prender\u00e0 piede. Tra le novit\u00e0: il centro di raccolta comunale, i nuovi mastelli per tutti gli utenti, il lavaggio strade e marciapiedi, lo sfalcio meccanizzato, la pulizia mensile dei cimiteri, la pulizia delle spiagge anche d\u2019inverno, la cura del verde pubblico, i cestini anche per le deiezioni canine, differenti calendari di raccolta per utenze domestiche ed attivit\u00e0 commerciali. Il quartiere di Cannitello sar\u00e0 protagonista di un servizio misto sperimentale: raccolta porta a porta per umido ed indifferenziato, cassoni stradali con tessera e fotocamera per plastica, carta e vetro; diminuiremo al 50% i passaggi per la raccolta dell\u2019indifferenziato, potenziando il servizio a richiesta per lo smaltimento di rifiuti tessili sanitari (panni e pannoloni). Condivideremo ogni informazione con la Citt\u00e0, al fine di migliorare la differenziata, tutelando l\u2019ambiente e favorendo il recupero, il riutilizzo e il riciclo di pi\u00f9 materiali possibili.<\/div>\n<div dir=\"auto\"><\/div>\n<div dir=\"auto\" style=\"text-align: justify\"><em>\u201cQuest\u2019Amministrazione<\/em> &#8211;<strong> commenta l\u2019assessore al ramo Ruggero Marra<\/strong> &#8211;<em> si era impegnata in campagna elettorale a una nuova gara che potesse rispondere alle esigenze della comunit\u00e0: la partecipazione al bando SUAM di otto aziende ha dimostrato la bont\u00e0 del progetto; l\u2019aggiudicazione odierna ci avvicina all\u2019obiettivo finale e ci permette di flaggare un importante punto del programma elettorale-amministrativo che avevamo indicato come RIFIUTI ZERO\u201d.<\/em> Sar\u00e0 un impegno vero per tutti noi cittadini, la cui collaborazione \u00e8 fondamentale per la buona riuscita di un progetto che mira a differenziare correttamente per la tutela del paesaggio e dell\u2019ambiente, la salubrit\u00e0 del territorio, per essere davvero soddisfatti di vivere in una Citt\u00e0 pi\u00f9 pulita e a misura d\u2019uomo.<\/div>\n<div dir=\"auto\"><\/div>\n","protected":false},"excerpt":{"rendered":"<p>La Citt\u00e0 a breve avr\u00e0 quel decoro che ci viene chiesto sin dalla campagna elettorale: il 20 settembre infatti la SUAM (stazione unica appaltante di Citt\u00e0 Metropolitana) ha pubblicato l\u2019esito&hellip;<\/p>\n","protected":false},"author":12,"featured_media":34749,"comment_status":"closed","ping_status":"open","sticky":false,"template":"","format":"standard","meta":{"_jetpack_memberships_contains_paid_content":false,"footnotes":"","jetpack_publicize_message":"","jetpack_publicize_feature_enabled":true,"jetpack_social_post_already_shared":false,"jetpack_social_options":{"image_generator_settings":{"template":"highway","default_image_id":0,"font":"","enabled":false},"version":2}},"categories":[921,196,140],"tags":[16388,35615,10999,35614,35616,1902],"class_list":["post-58239","post","type-post","status-publish","format-standard","has-post-thumbnail","hentry","category-home","category-news","category-reggio-calabria","tag-comune-di-villa-san-giovanni","tag-porta-a-porta","tag-ruggero-marra","tag-servizizo-rifiuti","tag-suam","tag-teknoservice"],"yoast_head":"<!-- This site is optimized with the Yoast SEO plugin v27.2 - https:\/\/yoast.com\/product\/yoast-seo-wordpress\/ -->\n<title>Villa S.G., novit\u00e0 sui rifiuti: arriva Teknoservice<\/title>\n<meta name=\"description\" content=\"&quot;La partecipazione al bando Suam di otto aziende ha dimostrato la bont\u00e0 del progetto&quot;, dichiara soddisfatto l&#039;asssessore Marra\" \/>\n<meta name=\"robots\" content=\"index, follow, max-snippet:-1, max-image-preview:large, max-video-preview:-1\" \/>\n<link rel=\"canonical\" href=\"https:\/\/progettotouring.it\/radiotouring104\/2024\/09\/23\/villa-s-g-novita-sul-servizio-rifiuti-arriva-teknoservice-e-previsto-il-porta-a-porta\/\" \/>\n<meta property=\"og:locale\" content=\"it_IT\" \/>\n<meta property=\"og:type\" content=\"article\" \/>\n<meta property=\"og:title\" content=\"Villa S.G., novit\u00e0 sui rifiuti: arriva Teknoservice\" \/>\n<meta property=\"og:description\" content=\"&quot;La partecipazione al bando Suam di otto aziende ha dimostrato la bont\u00e0 del progetto&quot;, dichiara soddisfatto l&#039;asssessore Marra\" \/>\n<meta property=\"og:url\" content=\"https:\/\/progettotouring.it\/radiotouring104\/2024\/09\/23\/villa-s-g-novita-sul-servizio-rifiuti-arriva-teknoservice-e-previsto-il-porta-a-porta\/\" \/>\n<meta property=\"og:site_name\" content=\"Radio Touring 104\" \/>\n<meta property=\"article:published_time\" content=\"2024-09-23T10:22:35+00:00\" \/>\n<meta property=\"og:image\" content=\"https:\/\/progettotouring.it\/radiotouring104\/wp-content\/uploads\/sites\/6\/2023\/09\/Villa-San-Giovanni-comune.jpg\" \/>\n\t<meta property=\"og:image:width\" content=\"857\" \/>\n\t<meta property=\"og:image:height\" content=\"857\" \/>\n\t<meta property=\"og:image:type\" content=\"image\/jpeg\" \/>\n<meta name=\"author\" content=\"Sebastiano Plutino\" \/>\n<meta name=\"twitter:card\" content=\"summary_large_image\" \/>\n<meta name=\"twitter:label1\" content=\"Scritto da\" \/>\n\t<meta name=\"twitter:data1\" content=\"Sebastiano Plutino\" \/>\n\t<meta name=\"twitter:label2\" content=\"Tempo di lettura stimato\" \/>\n\t<meta name=\"twitter:data2\" content=\"2 minuti\" \/>\n<script type=\"application\/ld+json\" class=\"yoast-schema-graph\">{\"@context\":\"https:\/\/schema.org\",\"@graph\":[{\"@type\":\"Article\",\"@id\":\"https:\/\/progettotouring.it\/radiotouring104\/2024\/09\/23\/villa-s-g-novita-sul-servizio-rifiuti-arriva-teknoservice-e-previsto-il-porta-a-porta\/#article\",\"isPartOf\":{\"@id\":\"https:\/\/progettotouring.it\/radiotouring104\/2024\/09\/23\/villa-s-g-novita-sul-servizio-rifiuti-arriva-teknoservice-e-previsto-il-porta-a-porta\/\"},\"author\":{\"name\":\"Sebastiano Plutino\",\"@id\":\"https:\/\/progettotouring.it\/radiotouring104\/#\/schema\/person\/78613917f1851f041f7483f5af1d422e\"},\"headline\":\"Villa S.G., novit\u00e0 sul servizio rifiuti: arriva Teknoservice e previsto il &#8220;porta a porta&#8221;\",\"datePublished\":\"2024-09-23T10:22:35+00:00\",\"mainEntityOfPage\":{\"@id\":\"https:\/\/progettotouring.it\/radiotouring104\/2024\/09\/23\/villa-s-g-novita-sul-servizio-rifiuti-arriva-teknoservice-e-previsto-il-porta-a-porta\/\"},\"wordCount\":480,\"publisher\":{\"@id\":\"https:\/\/progettotouring.it\/radiotouring104\/#organization\"},\"image\":{\"@id\":\"https:\/\/progettotouring.it\/radiotouring104\/2024\/09\/23\/villa-s-g-novita-sul-servizio-rifiuti-arriva-teknoservice-e-previsto-il-porta-a-porta\/#primaryimage\"},\"thumbnailUrl\":\"https:\/\/progettotouring.it\/radiotouring104\/wp-content\/uploads\/sites\/6\/2023\/09\/Villa-San-Giovanni-comune.jpg\",\"keywords\":[\"Comune di Villa\u00a0San\u00a0Giovanni.\",\"porta a porta\",\"Ruggero Marra\",\"servizizo rifiuti\",\"suam\",\"teknoservice\"],\"articleSection\":[\"Home\",\"News\",\"Reggio Calabria\"],\"inLanguage\":\"it-IT\"},{\"@type\":\"WebPage\",\"@id\":\"https:\/\/progettotouring.it\/radiotouring104\/2024\/09\/23\/villa-s-g-novita-sul-servizio-rifiuti-arriva-teknoservice-e-previsto-il-porta-a-porta\/\",\"url\":\"https:\/\/progettotouring.it\/radiotouring104\/2024\/09\/23\/villa-s-g-novita-sul-servizio-rifiuti-arriva-teknoservice-e-previsto-il-porta-a-porta\/\",\"name\":\"Villa S.G., novit\u00e0 sui rifiuti: arriva Teknoservice\",\"isPartOf\":{\"@id\":\"https:\/\/progettotouring.it\/radiotouring104\/#website\"},\"primaryImageOfPage\":{\"@id\":\"https:\/\/progettotouring.it\/radiotouring104\/2024\/09\/23\/villa-s-g-novita-sul-servizio-rifiuti-arriva-teknoservice-e-previsto-il-porta-a-porta\/#primaryimage\"},\"image\":{\"@id\":\"https:\/\/progettotouring.it\/radiotouring104\/2024\/09\/23\/villa-s-g-novita-sul-servizio-rifiuti-arriva-teknoservice-e-previsto-il-porta-a-porta\/#primaryimage\"},\"thumbnailUrl\":\"https:\/\/progettotouring.it\/radiotouring104\/wp-content\/uploads\/sites\/6\/2023\/09\/Villa-San-Giovanni-comune.jpg\",\"datePublished\":\"2024-09-23T10:22:35+00:00\",\"description\":\"\\\"La partecipazione al bando Suam di otto aziende ha dimostrato la bont\u00e0 del progetto\\\", dichiara soddisfatto l'asssessore Marra\",\"breadcrumb\":{\"@id\":\"https:\/\/progettotouring.it\/radiotouring104\/2024\/09\/23\/villa-s-g-novita-sul-servizio-rifiuti-arriva-teknoservice-e-previsto-il-porta-a-porta\/#breadcrumb\"},\"inLanguage\":\"it-IT\",\"potentialAction\":[{\"@type\":\"ReadAction\",\"target\":[\"https:\/\/progettotouring.it\/radiotouring104\/2024\/09\/23\/villa-s-g-novita-sul-servizio-rifiuti-arriva-teknoservice-e-previsto-il-porta-a-porta\/\"]}]},{\"@type\":\"ImageObject\",\"inLanguage\":\"it-IT\",\"@id\":\"https:\/\/progettotouring.it\/radiotouring104\/2024\/09\/23\/villa-s-g-novita-sul-servizio-rifiuti-arriva-teknoservice-e-previsto-il-porta-a-porta\/#primaryimage\",\"url\":\"https:\/\/progettotouring.it\/radiotouring104\/wp-content\/uploads\/sites\/6\/2023\/09\/Villa-San-Giovanni-comune.jpg\",\"contentUrl\":\"https:\/\/progettotouring.it\/radiotouring104\/wp-content\/uploads\/sites\/6\/2023\/09\/Villa-San-Giovanni-comune.jpg\",\"width\":857,\"height\":857},{\"@type\":\"BreadcrumbList\",\"@id\":\"https:\/\/progettotouring.it\/radiotouring104\/2024\/09\/23\/villa-s-g-novita-sul-servizio-rifiuti-arriva-teknoservice-e-previsto-il-porta-a-porta\/#breadcrumb\",\"itemListElement\":[{\"@type\":\"ListItem\",\"position\":1,\"name\":\"Home\",\"item\":\"https:\/\/progettotouring.it\/radiotouring104\/\"},{\"@type\":\"ListItem\",\"position\":2,\"name\":\"Villa S.G., novit\u00e0 sul servizio rifiuti: arriva Teknoservice e previsto il &#8220;porta a porta&#8221;\"}]},{\"@type\":\"WebSite\",\"@id\":\"https:\/\/progettotouring.it\/radiotouring104\/#website\",\"url\":\"https:\/\/progettotouring.it\/radiotouring104\/\",\"name\":\"Radio Touring 104\",\"description\":\"La prima radio Reggina\",\"publisher\":{\"@id\":\"https:\/\/progettotouring.it\/radiotouring104\/#organization\"},\"potentialAction\":[{\"@type\":\"SearchAction\",\"target\":{\"@type\":\"EntryPoint\",\"urlTemplate\":\"https:\/\/progettotouring.it\/radiotouring104\/?s={search_term_string}\"},\"query-input\":{\"@type\":\"PropertyValueSpecification\",\"valueRequired\":true,\"valueName\":\"search_term_string\"}}],\"inLanguage\":\"it-IT\"},{\"@type\":\"Organization\",\"@id\":\"https:\/\/progettotouring.it\/radiotouring104\/#organization\",\"name\":\"Radio Touring 104\",\"url\":\"https:\/\/progettotouring.it\/radiotouring104\/\",\"logo\":{\"@type\":\"ImageObject\",\"inLanguage\":\"it-IT\",\"@id\":\"https:\/\/progettotouring.it\/radiotouring104\/#\/schema\/logo\/image\/\",\"url\":\"https:\/\/progettotouring.it\/radiotouring104\/wp-content\/uploads\/sites\/6\/2022\/02\/cropped-logo-radio-touring-104.png\",\"contentUrl\":\"https:\/\/progettotouring.it\/radiotouring104\/wp-content\/uploads\/sites\/6\/2022\/02\/cropped-logo-radio-touring-104.png\",\"width\":377,\"height\":182,\"caption\":\"Radio Touring 104\"},\"image\":{\"@id\":\"https:\/\/progettotouring.it\/radiotouring104\/#\/schema\/logo\/image\/\"}},{\"@type\":\"Person\",\"@id\":\"https:\/\/progettotouring.it\/radiotouring104\/#\/schema\/person\/78613917f1851f041f7483f5af1d422e\",\"name\":\"Sebastiano Plutino\",\"image\":{\"@type\":\"ImageObject\",\"inLanguage\":\"it-IT\",\"@id\":\"https:\/\/secure.gravatar.com\/avatar\/0546ffaa9b79224faf9f2a156b67a529ae861d3287c66c1d8ccfdf909bcba78d?s=96&d=mm&r=g\",\"url\":\"https:\/\/secure.gravatar.com\/avatar\/0546ffaa9b79224faf9f2a156b67a529ae861d3287c66c1d8ccfdf909bcba78d?s=96&d=mm&r=g\",\"contentUrl\":\"https:\/\/secure.gravatar.com\/avatar\/0546ffaa9b79224faf9f2a156b67a529ae861d3287c66c1d8ccfdf909bcba78d?s=96&d=mm&r=g\",\"caption\":\"Sebastiano Plutino\"},\"url\":\"https:\/\/progettotouring.it\/radiotouring104\/author\/sebastiano\/\"}]}<\/script>\n<!-- \/ Yoast SEO plugin. -->","yoast_head_json":{"title":"Villa S.G., novit\u00e0 sui rifiuti: arriva Teknoservice","description":"\"La partecipazione al bando Suam di otto aziende ha dimostrato la bont\u00e0 del progetto\", dichiara soddisfatto l'asssessore Marra","robots":{"index":"index","follow":"follow","max-snippet":"max-snippet:-1","max-image-preview":"max-image-preview:large","max-video-preview":"max-video-preview:-1"},"canonical":"https:\/\/progettotouring.it\/radiotouring104\/2024\/09\/23\/villa-s-g-novita-sul-servizio-rifiuti-arriva-teknoservice-e-previsto-il-porta-a-porta\/","og_locale":"it_IT","og_type":"article","og_title":"Villa S.G., novit\u00e0 sui rifiuti: arriva Teknoservice","og_description":"\"La partecipazione al bando Suam di otto aziende ha dimostrato la bont\u00e0 del progetto\", dichiara soddisfatto l'asssessore Marra","og_url":"https:\/\/progettotouring.it\/radiotouring104\/2024\/09\/23\/villa-s-g-novita-sul-servizio-rifiuti-arriva-teknoservice-e-previsto-il-porta-a-porta\/","og_site_name":"Radio Touring 104","article_published_time":"2024-09-23T10:22:35+00:00","og_image":[{"width":857,"height":857,"url":"https:\/\/progettotouring.it\/radiotouring104\/wp-content\/uploads\/sites\/6\/2023\/09\/Villa-San-Giovanni-comune.jpg","type":"image\/jpeg"}],"author":"Sebastiano Plutino","twitter_card":"summary_large_image","twitter_misc":{"Scritto da":"Sebastiano Plutino","Tempo di lettura stimato":"2 minuti"},"schema":{"@context":"https:\/\/schema.org","@graph":[{"@type":"Article","@id":"https:\/\/progettotouring.it\/radiotouring104\/2024\/09\/23\/villa-s-g-novita-sul-servizio-rifiuti-arriva-teknoservice-e-previsto-il-porta-a-porta\/#article","isPartOf":{"@id":"https:\/\/progettotouring.it\/radiotouring104\/2024\/09\/23\/villa-s-g-novita-sul-servizio-rifiuti-arriva-teknoservice-e-previsto-il-porta-a-porta\/"},"author":{"name":"Sebastiano Plutino","@id":"https:\/\/progettotouring.it\/radiotouring104\/#\/schema\/person\/78613917f1851f041f7483f5af1d422e"},"headline":"Villa S.G., novit\u00e0 sul servizio rifiuti: arriva Teknoservice e previsto il &#8220;porta a porta&#8221;","datePublished":"2024-09-23T10:22:35+00:00","mainEntityOfPage":{"@id":"https:\/\/progettotouring.it\/radiotouring104\/2024\/09\/23\/villa-s-g-novita-sul-servizio-rifiuti-arriva-teknoservice-e-previsto-il-porta-a-porta\/"},"wordCount":480,"publisher":{"@id":"https:\/\/progettotouring.it\/radiotouring104\/#organization"},"image":{"@id":"https:\/\/progettotouring.it\/radiotouring104\/2024\/09\/23\/villa-s-g-novita-sul-servizio-rifiuti-arriva-teknoservice-e-previsto-il-porta-a-porta\/#primaryimage"},"thumbnailUrl":"https:\/\/progettotouring.it\/radiotouring104\/wp-content\/uploads\/sites\/6\/2023\/09\/Villa-San-Giovanni-comune.jpg","keywords":["Comune di Villa\u00a0San\u00a0Giovanni.","porta a porta","Ruggero Marra","servizizo rifiuti","suam","teknoservice"],"articleSection":["Home","News","Reggio Calabria"],"inLanguage":"it-IT"},{"@type":"WebPage","@id":"https:\/\/progettotouring.it\/radiotouring104\/2024\/09\/23\/villa-s-g-novita-sul-servizio-rifiuti-arriva-teknoservice-e-previsto-il-porta-a-porta\/","url":"https:\/\/progettotouring.it\/radiotouring104\/2024\/09\/23\/villa-s-g-novita-sul-servizio-rifiuti-arriva-teknoservice-e-previsto-il-porta-a-porta\/","name":"Villa S.G., novit\u00e0 sui rifiuti: arriva Teknoservice","isPartOf":{"@id":"https:\/\/progettotouring.it\/radiotouring104\/#website"},"primaryImageOfPage":{"@id":"https:\/\/progettotouring.it\/radiotouring104\/2024\/09\/23\/villa-s-g-novita-sul-servizio-rifiuti-arriva-teknoservice-e-previsto-il-porta-a-porta\/#primaryimage"},"image":{"@id":"https:\/\/progettotouring.it\/radiotouring104\/2024\/09\/23\/villa-s-g-novita-sul-servizio-rifiuti-arriva-teknoservice-e-previsto-il-porta-a-porta\/#primaryimage"},"thumbnailUrl":"https:\/\/progettotouring.it\/radiotouring104\/wp-content\/uploads\/sites\/6\/2023\/09\/Villa-San-Giovanni-comune.jpg","datePublished":"2024-09-23T10:22:35+00:00","description":"\"La partecipazione al bando Suam di otto aziende ha dimostrato la bont\u00e0 del progetto\", dichiara soddisfatto l'asssessore Marra","breadcrumb":{"@id":"https:\/\/progettotouring.it\/radiotouring104\/2024\/09\/23\/villa-s-g-novita-sul-servizio-rifiuti-arriva-teknoservice-e-previsto-il-porta-a-porta\/#breadcrumb"},"inLanguage":"it-IT","potentialAction":[{"@type":"ReadAction","target":["https:\/\/progettotouring.it\/radiotouring104\/2024\/09\/23\/villa-s-g-novita-sul-servizio-rifiuti-arriva-teknoservice-e-previsto-il-porta-a-porta\/"]}]},{"@type":"ImageObject","inLanguage":"it-IT","@id":"https:\/\/progettotouring.it\/radiotouring104\/2024\/09\/23\/villa-s-g-novita-sul-servizio-rifiuti-arriva-teknoservice-e-previsto-il-porta-a-porta\/#primaryimage","url":"https:\/\/progettotouring.it\/radiotouring104\/wp-content\/uploads\/sites\/6\/2023\/09\/Villa-San-Giovanni-comune.jpg","contentUrl":"https:\/\/progettotouring.it\/radiotouring104\/wp-content\/uploads\/sites\/6\/2023\/09\/Villa-San-Giovanni-comune.jpg","width":857,"height":857},{"@type":"BreadcrumbList","@id":"https:\/\/progettotouring.it\/radiotouring104\/2024\/09\/23\/villa-s-g-novita-sul-servizio-rifiuti-arriva-teknoservice-e-previsto-il-porta-a-porta\/#breadcrumb","itemListElement":[{"@type":"ListItem","position":1,"name":"Home","item":"https:\/\/progettotouring.it\/radiotouring104\/"},{"@type":"ListItem","position":2,"name":"Villa S.G., novit\u00e0 sul servizio rifiuti: arriva Teknoservice e previsto il &#8220;porta a porta&#8221;"}]},{"@type":"WebSite","@id":"https:\/\/progettotouring.it\/radiotouring104\/#website","url":"https:\/\/progettotouring.it\/radiotouring104\/","name":"Radio Touring 104","description":"La prima radio Reggina","publisher":{"@id":"https:\/\/progettotouring.it\/radiotouring104\/#organization"},"potentialAction":[{"@type":"SearchAction","target":{"@type":"EntryPoint","urlTemplate":"https:\/\/progettotouring.it\/radiotouring104\/?s={search_term_string}"},"query-input":{"@type":"PropertyValueSpecification","valueRequired":true,"valueName":"search_term_string"}}],"inLanguage":"it-IT"},{"@type":"Organization","@id":"https:\/\/progettotouring.it\/radiotouring104\/#organization","name":"Radio Touring 104","url":"https:\/\/progettotouring.it\/radiotouring104\/","logo":{"@type":"ImageObject","inLanguage":"it-IT","@id":"https:\/\/progettotouring.it\/radiotouring104\/#\/schema\/logo\/image\/","url":"https:\/\/progettotouring.it\/radiotouring104\/wp-content\/uploads\/sites\/6\/2022\/02\/cropped-logo-radio-touring-104.png","contentUrl":"https:\/\/progettotouring.it\/radiotouring104\/wp-content\/uploads\/sites\/6\/2022\/02\/cropped-logo-radio-touring-104.png","width":377,"height":182,"caption":"Radio Touring 104"},"image":{"@id":"https:\/\/progettotouring.it\/radiotouring104\/#\/schema\/logo\/image\/"}},{"@type":"Person","@id":"https:\/\/progettotouring.it\/radiotouring104\/#\/schema\/person\/78613917f1851f041f7483f5af1d422e","name":"Sebastiano Plutino","image":{"@type":"ImageObject","inLanguage":"it-IT","@id":"https:\/\/secure.gravatar.com\/avatar\/0546ffaa9b79224faf9f2a156b67a529ae861d3287c66c1d8ccfdf909bcba78d?s=96&d=mm&r=g","url":"https:\/\/secure.gravatar.com\/avatar\/0546ffaa9b79224faf9f2a156b67a529ae861d3287c66c1d8ccfdf909bcba78d?s=96&d=mm&r=g","contentUrl":"https:\/\/secure.gravatar.com\/avatar\/0546ffaa9b79224faf9f2a156b67a529ae861d3287c66c1d8ccfdf909bcba78d?s=96&d=mm&r=g","caption":"Sebastiano Plutino"},"url":"https:\/\/progettotouring.it\/radiotouring104\/author\/sebastiano\/"}]}},"jetpack_publicize_connections":[],"jetpack_featured_media_url":"https:\/\/progettotouring.it\/radiotouring104\/wp-content\/uploads\/sites\/6\/2023\/09\/Villa-San-Giovanni-comune.jpg","jetpack_sharing_enabled":true,"_links":{"self":[{"href":"https:\/\/progettotouring.it\/radiotouring104\/wp-json\/wp\/v2\/posts\/58239","targetHints":{"allow":["GET"]}}],"collection":[{"href":"https:\/\/progettotouring.it\/radiotouring104\/wp-json\/wp\/v2\/posts"}],"about":[{"href":"https:\/\/progettotouring.it\/radiotouring104\/wp-json\/wp\/v2\/types\/post"}],"author":[{"embeddable":true,"href":"https:\/\/progettotouring.it\/radiotouring104\/wp-json\/wp\/v2\/users\/12"}],"replies":[{"embeddable":true,"href":"https:\/\/progettotouring.it\/radiotouring104\/wp-json\/wp\/v2\/comments?post=58239"}],"version-history":[{"count":1,"href":"https:\/\/progettotouring.it\/radiotouring104\/wp-json\/wp\/v2\/posts\/58239\/revisions"}],"predecessor-version":[{"id":58240,"href":"https:\/\/progettotouring.it\/radiotouring104\/wp-json\/wp\/v2\/posts\/58239\/revisions\/58240"}],"wp:featuredmedia":[{"embeddable":true,"href":"https:\/\/progettotouring.it\/radiotouring104\/wp-json\/wp\/v2\/media\/34749"}],"wp:attachment":[{"href":"https:\/\/progettotouring.it\/radiotouring104\/wp-json\/wp\/v2\/media?parent=58239"}],"wp:term":[{"taxonomy":"category","embeddable":true,"href":"https:\/\/progettotouring.it\/radiotouring104\/wp-json\/wp\/v2\/categories?post=58239"},{"taxonomy":"post_tag","embeddable":true,"href":"https:\/\/progettotouring.it\/radiotouring104\/wp-json\/wp\/v2\/tags?post=58239"}],"curies":[{"name":"wp","href":"https:\/\/api.w.org\/{rel}","templated":true}]}}