{"id":58250,"date":"2024-09-23T12:51:38","date_gmt":"2024-09-23T10:51:38","guid":{"rendered":"https:\/\/progettotouring.it\/radiotouring104\/?p=58250"},"modified":"2024-09-23T12:51:38","modified_gmt":"2024-09-23T10:51:38","slug":"puliamo-il-mondo-2024-ecoblitz-di-legambiente-rc-in-aspromonte","status":"publish","type":"post","link":"https:\/\/progettotouring.it\/radiotouring104\/2024\/09\/23\/puliamo-il-mondo-2024-ecoblitz-di-legambiente-rc-in-aspromonte\/","title":{"rendered":"Puliamo il Mondo 2024: ecoblitz di Legambiente Rc in Aspromonte"},"content":{"rendered":"<p style=\"text-align: justify\">Ecoblitz in Aspromonte: \u00e8 stata denominata significativamente cos\u00ec dagli organizzatori l\u2019incursione rapida, convinta ed efficace che il Circolo Legambiente Reggio Calabria \u201cCitt\u00e0 dello Stretto\u201d insieme al CAI e alle Guide Ufficiali del Parco Nazionale dell\u2019Aspromonte (con il patrocinio morale della Citt\u00e0 Metropolitana di Reggio Calabria), ha effettuato sabato scorso nell\u2019area attorno a Polsi nel cuore del Parco Nazionale. L\u2019occasione colta al volo \u00e8 stata quella offerta dalla trentaduesima edizione di \u201cPuliamo il mondo\u201d (il pi\u00f9 grande appuntamento internazionale di volontariato ambientale), capace di contestualizzare l\u2019evento dentro un ambito pi\u00f9 vasto e dare il giusto risalto non solo locale.<\/p>\n<p style=\"text-align: justify\">Una intensa giornata che si \u00e8 sviluppata al mattino \u2013 tra un trekking e una camminata meno impegnativa in base alla scelta dei singoli partecipanti \u2013 nei luoghi devastati dagli ultimi, recenti incendi e, nel pomeriggio, nel confronto serrato tra le varie associazioni presso il Rifugio CAI \u201cRiccardo Virdia\u201d ubicato presso un bene confiscato. Lo scopo della missione era quello di discutere su come reagire e provare ad operare pi\u00f9 efficacemente, unendo le forze e coinvolgendo altri soggetti interessati, a fronte del perdurare di un fenomeno, quello dei roghi, che colpisce e distrugge e cancella un patrimonio ambientale e identitario d\u2019immenso valore che va, invece, protetto, fatto conoscere di pi\u00f9 e valorizzato adeguatamente. Un fenomeno che, come \u00e8 confermato da decenni da ogni report, \u00e8 causato per la maggior parte dall\u2019uomo in modo colposo o doloso.<\/p>\n<p style=\"text-align: justify\">\u00abLa scelta di organizzare l\u2019edizione di \u201cPuliamo il mondo\u201d in Aspromonte \u2013 ha spiegato Daniele Cartisano, presidente del Circolo Legambiente di Reggio Calabria \u2013 \u00e8 stato un modo per vedere con i nostri occhi l\u2019emergenza incendi in Aspromonte e ricavarne un maggiore stimolo per mettere in campo insieme alle Guide del Parco, il CAI e altre associazioni disponibili, partendo da una riflessione a pi\u00f9 voci, una pluralit\u00e0 di azioni a livello di volontariato, ma anche di proposte concrete da sottoporre alle istituzioni per stimolare un deciso cambio di passo. In tal senso potr\u00e0 certamente tornare utile il contributo specifico del nostro Rapporto Ecomafia, i cui dati e proposte mettiamo subito a disposizione\u00bb.<\/p>\n<p style=\"text-align: justify\">\u00abOltre diecimila ettari di boschi e vegetazione \u2013 ha evidenziato Luca Lombardi, presidente delle Guide del Parco \u2013 sono andati in fumo negli ultimi anni. Questi numeri mettono in luce una situazione drammatica che si ripete ciclicamente ogni anno e che non pu\u00f2 pi\u00f9 essere gestita come un\u2019emergenza ma richiede impegno e programmazione da parte di tutti.\u00bb<\/p>\n<p style=\"text-align: justify\">\u00abQuello di oggi, sar\u00e0 solo il primo di una serie di appuntamenti e incontri che faremo con le associazioni e con la comunit\u00e0 scientifica \u2013 ha chiosato Augusta Piredda, presidente del CAI \u2013 con l\u2019obiettivo di arrivare a di mettere in campo delle iniziative volte a far conoscere la bellezza del nostro parco e a prevenire ulteriori disastri ambientali.\u00bb<\/p>\n<p style=\"text-align: justify\">Su questa linea, a conclusione della giornata, \u00e8 stata da tutti gli intervenuti messa in rilievo l\u2019importanza che, accanto a misure di gestione degli interventi e di repressione quando avvengono i roghi, venga prioritariamente data maggiore importanza alla fase di prevenzione e di sensibilizzazione anche in termini di informazioni ed educazione ambientale, per favorire consapevolezza del prezioso bene comune che \u00e8 l\u2019Aspromonte e limitarne preventivamente quantomeno il numero.<\/p>\n","protected":false},"excerpt":{"rendered":"<p>Ecoblitz in Aspromonte: \u00e8 stata denominata significativamente cos\u00ec dagli organizzatori l\u2019incursione rapida, convinta ed efficace che il Circolo Legambiente Reggio Calabria \u201cCitt\u00e0 dello Stretto\u201d insieme al CAI e alle Guide&hellip;<\/p>\n","protected":false},"author":12,"featured_media":58251,"comment_status":"closed","ping_status":"open","sticky":false,"template":"","format":"standard","meta":{"_jetpack_memberships_contains_paid_content":false,"footnotes":"","jetpack_publicize_message":"","jetpack_publicize_feature_enabled":true,"jetpack_social_post_already_shared":false,"jetpack_social_options":{"image_generator_settings":{"template":"highway","default_image_id":0,"font":"","enabled":false},"version":2}},"categories":[921,196,140],"tags":[33472,35623,5130,35624],"class_list":["post-58250","post","type-post","status-publish","format-standard","has-post-thumbnail","hentry","category-home","category-news","category-reggio-calabria","tag-cai-reggio-calabria","tag-ecoblltz-in-aspromonte","tag-legambiente-reggio-calabria","tag-puliamo-il-mondo-2024"],"yoast_head":"<!-- This site is optimized with the Yoast SEO plugin v27.2 - https:\/\/yoast.com\/product\/yoast-seo-wordpress\/ -->\n<title>Puliamo il Mondo 2024: ecoblitz di Legambiente Rc in Aspromonte<\/title>\n<meta name=\"description\" content=\"Legambiente Reggio Calabria ha effettuato sabato scorso un ecoblitz nell\u2019area attorno a Polsi nel cuore del Parco Nazionale\" \/>\n<meta name=\"robots\" content=\"index, follow, max-snippet:-1, max-image-preview:large, max-video-preview:-1\" \/>\n<link rel=\"canonical\" href=\"https:\/\/progettotouring.it\/radiotouring104\/2024\/09\/23\/puliamo-il-mondo-2024-ecoblitz-di-legambiente-rc-in-aspromonte\/\" \/>\n<meta property=\"og:locale\" content=\"it_IT\" \/>\n<meta property=\"og:type\" content=\"article\" \/>\n<meta property=\"og:title\" content=\"Puliamo il Mondo 2024: ecoblitz di Legambiente Rc in Aspromonte\" \/>\n<meta property=\"og:description\" content=\"Legambiente Reggio Calabria ha effettuato sabato scorso un ecoblitz nell\u2019area attorno a Polsi nel cuore del Parco Nazionale\" \/>\n<meta property=\"og:url\" content=\"https:\/\/progettotouring.it\/radiotouring104\/2024\/09\/23\/puliamo-il-mondo-2024-ecoblitz-di-legambiente-rc-in-aspromonte\/\" \/>\n<meta property=\"og:site_name\" content=\"Radio Touring 104\" \/>\n<meta property=\"article:published_time\" content=\"2024-09-23T10:51:38+00:00\" \/>\n<meta property=\"og:image\" content=\"https:\/\/progettotouring.it\/radiotouring104\/wp-content\/uploads\/sites\/6\/2024\/09\/Puliamo-il-Mondo-2024_Foto-1-Legambiente-Rc.jpg\" \/>\n\t<meta property=\"og:image:width\" content=\"1292\" \/>\n\t<meta property=\"og:image:height\" content=\"1038\" \/>\n\t<meta property=\"og:image:type\" content=\"image\/jpeg\" \/>\n<meta name=\"author\" content=\"Sebastiano Plutino\" \/>\n<meta name=\"twitter:card\" content=\"summary_large_image\" \/>\n<meta name=\"twitter:label1\" content=\"Scritto da\" \/>\n\t<meta name=\"twitter:data1\" content=\"Sebastiano Plutino\" \/>\n\t<meta name=\"twitter:label2\" content=\"Tempo di lettura stimato\" \/>\n\t<meta name=\"twitter:data2\" content=\"3 minuti\" \/>\n<script type=\"application\/ld+json\" class=\"yoast-schema-graph\">{\"@context\":\"https:\/\/schema.org\",\"@graph\":[{\"@type\":\"Article\",\"@id\":\"https:\/\/progettotouring.it\/radiotouring104\/2024\/09\/23\/puliamo-il-mondo-2024-ecoblitz-di-legambiente-rc-in-aspromonte\/#article\",\"isPartOf\":{\"@id\":\"https:\/\/progettotouring.it\/radiotouring104\/2024\/09\/23\/puliamo-il-mondo-2024-ecoblitz-di-legambiente-rc-in-aspromonte\/\"},\"author\":{\"name\":\"Sebastiano Plutino\",\"@id\":\"https:\/\/progettotouring.it\/radiotouring104\/#\/schema\/person\/78613917f1851f041f7483f5af1d422e\"},\"headline\":\"Puliamo il Mondo 2024: ecoblitz di Legambiente Rc in Aspromonte\",\"datePublished\":\"2024-09-23T10:51:38+00:00\",\"mainEntityOfPage\":{\"@id\":\"https:\/\/progettotouring.it\/radiotouring104\/2024\/09\/23\/puliamo-il-mondo-2024-ecoblitz-di-legambiente-rc-in-aspromonte\/\"},\"wordCount\":536,\"publisher\":{\"@id\":\"https:\/\/progettotouring.it\/radiotouring104\/#organization\"},\"image\":{\"@id\":\"https:\/\/progettotouring.it\/radiotouring104\/2024\/09\/23\/puliamo-il-mondo-2024-ecoblitz-di-legambiente-rc-in-aspromonte\/#primaryimage\"},\"thumbnailUrl\":\"https:\/\/progettotouring.it\/radiotouring104\/wp-content\/uploads\/sites\/6\/2024\/09\/Puliamo-il-Mondo-2024_Foto-1-Legambiente-Rc.jpg\",\"keywords\":[\"Cai Reggio Calabria\",\"ecoblltz in Aspromonte\",\"Legambiente Reggio Calabria\",\"Puliamo il Mondo 2024\"],\"articleSection\":[\"Home\",\"News\",\"Reggio Calabria\"],\"inLanguage\":\"it-IT\"},{\"@type\":\"WebPage\",\"@id\":\"https:\/\/progettotouring.it\/radiotouring104\/2024\/09\/23\/puliamo-il-mondo-2024-ecoblitz-di-legambiente-rc-in-aspromonte\/\",\"url\":\"https:\/\/progettotouring.it\/radiotouring104\/2024\/09\/23\/puliamo-il-mondo-2024-ecoblitz-di-legambiente-rc-in-aspromonte\/\",\"name\":\"Puliamo il Mondo 2024: ecoblitz di Legambiente Rc in Aspromonte\",\"isPartOf\":{\"@id\":\"https:\/\/progettotouring.it\/radiotouring104\/#website\"},\"primaryImageOfPage\":{\"@id\":\"https:\/\/progettotouring.it\/radiotouring104\/2024\/09\/23\/puliamo-il-mondo-2024-ecoblitz-di-legambiente-rc-in-aspromonte\/#primaryimage\"},\"image\":{\"@id\":\"https:\/\/progettotouring.it\/radiotouring104\/2024\/09\/23\/puliamo-il-mondo-2024-ecoblitz-di-legambiente-rc-in-aspromonte\/#primaryimage\"},\"thumbnailUrl\":\"https:\/\/progettotouring.it\/radiotouring104\/wp-content\/uploads\/sites\/6\/2024\/09\/Puliamo-il-Mondo-2024_Foto-1-Legambiente-Rc.jpg\",\"datePublished\":\"2024-09-23T10:51:38+00:00\",\"description\":\"Legambiente Reggio Calabria ha effettuato sabato scorso un ecoblitz nell\u2019area attorno a Polsi nel cuore del Parco Nazionale\",\"breadcrumb\":{\"@id\":\"https:\/\/progettotouring.it\/radiotouring104\/2024\/09\/23\/puliamo-il-mondo-2024-ecoblitz-di-legambiente-rc-in-aspromonte\/#breadcrumb\"},\"inLanguage\":\"it-IT\",\"potentialAction\":[{\"@type\":\"ReadAction\",\"target\":[\"https:\/\/progettotouring.it\/radiotouring104\/2024\/09\/23\/puliamo-il-mondo-2024-ecoblitz-di-legambiente-rc-in-aspromonte\/\"]}]},{\"@type\":\"ImageObject\",\"inLanguage\":\"it-IT\",\"@id\":\"https:\/\/progettotouring.it\/radiotouring104\/2024\/09\/23\/puliamo-il-mondo-2024-ecoblitz-di-legambiente-rc-in-aspromonte\/#primaryimage\",\"url\":\"https:\/\/progettotouring.it\/radiotouring104\/wp-content\/uploads\/sites\/6\/2024\/09\/Puliamo-il-Mondo-2024_Foto-1-Legambiente-Rc.jpg\",\"contentUrl\":\"https:\/\/progettotouring.it\/radiotouring104\/wp-content\/uploads\/sites\/6\/2024\/09\/Puliamo-il-Mondo-2024_Foto-1-Legambiente-Rc.jpg\",\"width\":1292,\"height\":1038},{\"@type\":\"BreadcrumbList\",\"@id\":\"https:\/\/progettotouring.it\/radiotouring104\/2024\/09\/23\/puliamo-il-mondo-2024-ecoblitz-di-legambiente-rc-in-aspromonte\/#breadcrumb\",\"itemListElement\":[{\"@type\":\"ListItem\",\"position\":1,\"name\":\"Home\",\"item\":\"https:\/\/progettotouring.it\/radiotouring104\/\"},{\"@type\":\"ListItem\",\"position\":2,\"name\":\"Puliamo il Mondo 2024: ecoblitz di Legambiente Rc in Aspromonte\"}]},{\"@type\":\"WebSite\",\"@id\":\"https:\/\/progettotouring.it\/radiotouring104\/#website\",\"url\":\"https:\/\/progettotouring.it\/radiotouring104\/\",\"name\":\"Radio Touring 104\",\"description\":\"La prima radio Reggina\",\"publisher\":{\"@id\":\"https:\/\/progettotouring.it\/radiotouring104\/#organization\"},\"potentialAction\":[{\"@type\":\"SearchAction\",\"target\":{\"@type\":\"EntryPoint\",\"urlTemplate\":\"https:\/\/progettotouring.it\/radiotouring104\/?s={search_term_string}\"},\"query-input\":{\"@type\":\"PropertyValueSpecification\",\"valueRequired\":true,\"valueName\":\"search_term_string\"}}],\"inLanguage\":\"it-IT\"},{\"@type\":\"Organization\",\"@id\":\"https:\/\/progettotouring.it\/radiotouring104\/#organization\",\"name\":\"Radio Touring 104\",\"url\":\"https:\/\/progettotouring.it\/radiotouring104\/\",\"logo\":{\"@type\":\"ImageObject\",\"inLanguage\":\"it-IT\",\"@id\":\"https:\/\/progettotouring.it\/radiotouring104\/#\/schema\/logo\/image\/\",\"url\":\"https:\/\/progettotouring.it\/radiotouring104\/wp-content\/uploads\/sites\/6\/2022\/02\/cropped-logo-radio-touring-104.png\",\"contentUrl\":\"https:\/\/progettotouring.it\/radiotouring104\/wp-content\/uploads\/sites\/6\/2022\/02\/cropped-logo-radio-touring-104.png\",\"width\":377,\"height\":182,\"caption\":\"Radio Touring 104\"},\"image\":{\"@id\":\"https:\/\/progettotouring.it\/radiotouring104\/#\/schema\/logo\/image\/\"}},{\"@type\":\"Person\",\"@id\":\"https:\/\/progettotouring.it\/radiotouring104\/#\/schema\/person\/78613917f1851f041f7483f5af1d422e\",\"name\":\"Sebastiano Plutino\",\"image\":{\"@type\":\"ImageObject\",\"inLanguage\":\"it-IT\",\"@id\":\"https:\/\/secure.gravatar.com\/avatar\/0546ffaa9b79224faf9f2a156b67a529ae861d3287c66c1d8ccfdf909bcba78d?s=96&d=mm&r=g\",\"url\":\"https:\/\/secure.gravatar.com\/avatar\/0546ffaa9b79224faf9f2a156b67a529ae861d3287c66c1d8ccfdf909bcba78d?s=96&d=mm&r=g\",\"contentUrl\":\"https:\/\/secure.gravatar.com\/avatar\/0546ffaa9b79224faf9f2a156b67a529ae861d3287c66c1d8ccfdf909bcba78d?s=96&d=mm&r=g\",\"caption\":\"Sebastiano Plutino\"},\"url\":\"https:\/\/progettotouring.it\/radiotouring104\/author\/sebastiano\/\"}]}<\/script>\n<!-- \/ Yoast SEO plugin. -->","yoast_head_json":{"title":"Puliamo il Mondo 2024: ecoblitz di Legambiente Rc in Aspromonte","description":"Legambiente Reggio Calabria ha effettuato sabato scorso un ecoblitz nell\u2019area attorno a Polsi nel cuore del Parco Nazionale","robots":{"index":"index","follow":"follow","max-snippet":"max-snippet:-1","max-image-preview":"max-image-preview:large","max-video-preview":"max-video-preview:-1"},"canonical":"https:\/\/progettotouring.it\/radiotouring104\/2024\/09\/23\/puliamo-il-mondo-2024-ecoblitz-di-legambiente-rc-in-aspromonte\/","og_locale":"it_IT","og_type":"article","og_title":"Puliamo il Mondo 2024: ecoblitz di Legambiente Rc in Aspromonte","og_description":"Legambiente Reggio Calabria ha effettuato sabato scorso un ecoblitz nell\u2019area attorno a Polsi nel cuore del Parco Nazionale","og_url":"https:\/\/progettotouring.it\/radiotouring104\/2024\/09\/23\/puliamo-il-mondo-2024-ecoblitz-di-legambiente-rc-in-aspromonte\/","og_site_name":"Radio Touring 104","article_published_time":"2024-09-23T10:51:38+00:00","og_image":[{"width":1292,"height":1038,"url":"https:\/\/progettotouring.it\/radiotouring104\/wp-content\/uploads\/sites\/6\/2024\/09\/Puliamo-il-Mondo-2024_Foto-1-Legambiente-Rc.jpg","type":"image\/jpeg"}],"author":"Sebastiano Plutino","twitter_card":"summary_large_image","twitter_misc":{"Scritto da":"Sebastiano Plutino","Tempo di lettura stimato":"3 minuti"},"schema":{"@context":"https:\/\/schema.org","@graph":[{"@type":"Article","@id":"https:\/\/progettotouring.it\/radiotouring104\/2024\/09\/23\/puliamo-il-mondo-2024-ecoblitz-di-legambiente-rc-in-aspromonte\/#article","isPartOf":{"@id":"https:\/\/progettotouring.it\/radiotouring104\/2024\/09\/23\/puliamo-il-mondo-2024-ecoblitz-di-legambiente-rc-in-aspromonte\/"},"author":{"name":"Sebastiano Plutino","@id":"https:\/\/progettotouring.it\/radiotouring104\/#\/schema\/person\/78613917f1851f041f7483f5af1d422e"},"headline":"Puliamo il Mondo 2024: ecoblitz di Legambiente Rc in Aspromonte","datePublished":"2024-09-23T10:51:38+00:00","mainEntityOfPage":{"@id":"https:\/\/progettotouring.it\/radiotouring104\/2024\/09\/23\/puliamo-il-mondo-2024-ecoblitz-di-legambiente-rc-in-aspromonte\/"},"wordCount":536,"publisher":{"@id":"https:\/\/progettotouring.it\/radiotouring104\/#organization"},"image":{"@id":"https:\/\/progettotouring.it\/radiotouring104\/2024\/09\/23\/puliamo-il-mondo-2024-ecoblitz-di-legambiente-rc-in-aspromonte\/#primaryimage"},"thumbnailUrl":"https:\/\/progettotouring.it\/radiotouring104\/wp-content\/uploads\/sites\/6\/2024\/09\/Puliamo-il-Mondo-2024_Foto-1-Legambiente-Rc.jpg","keywords":["Cai Reggio Calabria","ecoblltz in Aspromonte","Legambiente Reggio Calabria","Puliamo il Mondo 2024"],"articleSection":["Home","News","Reggio Calabria"],"inLanguage":"it-IT"},{"@type":"WebPage","@id":"https:\/\/progettotouring.it\/radiotouring104\/2024\/09\/23\/puliamo-il-mondo-2024-ecoblitz-di-legambiente-rc-in-aspromonte\/","url":"https:\/\/progettotouring.it\/radiotouring104\/2024\/09\/23\/puliamo-il-mondo-2024-ecoblitz-di-legambiente-rc-in-aspromonte\/","name":"Puliamo il Mondo 2024: ecoblitz di Legambiente Rc in Aspromonte","isPartOf":{"@id":"https:\/\/progettotouring.it\/radiotouring104\/#website"},"primaryImageOfPage":{"@id":"https:\/\/progettotouring.it\/radiotouring104\/2024\/09\/23\/puliamo-il-mondo-2024-ecoblitz-di-legambiente-rc-in-aspromonte\/#primaryimage"},"image":{"@id":"https:\/\/progettotouring.it\/radiotouring104\/2024\/09\/23\/puliamo-il-mondo-2024-ecoblitz-di-legambiente-rc-in-aspromonte\/#primaryimage"},"thumbnailUrl":"https:\/\/progettotouring.it\/radiotouring104\/wp-content\/uploads\/sites\/6\/2024\/09\/Puliamo-il-Mondo-2024_Foto-1-Legambiente-Rc.jpg","datePublished":"2024-09-23T10:51:38+00:00","description":"Legambiente Reggio Calabria ha effettuato sabato scorso un ecoblitz nell\u2019area attorno a Polsi nel cuore del Parco Nazionale","breadcrumb":{"@id":"https:\/\/progettotouring.it\/radiotouring104\/2024\/09\/23\/puliamo-il-mondo-2024-ecoblitz-di-legambiente-rc-in-aspromonte\/#breadcrumb"},"inLanguage":"it-IT","potentialAction":[{"@type":"ReadAction","target":["https:\/\/progettotouring.it\/radiotouring104\/2024\/09\/23\/puliamo-il-mondo-2024-ecoblitz-di-legambiente-rc-in-aspromonte\/"]}]},{"@type":"ImageObject","inLanguage":"it-IT","@id":"https:\/\/progettotouring.it\/radiotouring104\/2024\/09\/23\/puliamo-il-mondo-2024-ecoblitz-di-legambiente-rc-in-aspromonte\/#primaryimage","url":"https:\/\/progettotouring.it\/radiotouring104\/wp-content\/uploads\/sites\/6\/2024\/09\/Puliamo-il-Mondo-2024_Foto-1-Legambiente-Rc.jpg","contentUrl":"https:\/\/progettotouring.it\/radiotouring104\/wp-content\/uploads\/sites\/6\/2024\/09\/Puliamo-il-Mondo-2024_Foto-1-Legambiente-Rc.jpg","width":1292,"height":1038},{"@type":"BreadcrumbList","@id":"https:\/\/progettotouring.it\/radiotouring104\/2024\/09\/23\/puliamo-il-mondo-2024-ecoblitz-di-legambiente-rc-in-aspromonte\/#breadcrumb","itemListElement":[{"@type":"ListItem","position":1,"name":"Home","item":"https:\/\/progettotouring.it\/radiotouring104\/"},{"@type":"ListItem","position":2,"name":"Puliamo il Mondo 2024: ecoblitz di Legambiente Rc in Aspromonte"}]},{"@type":"WebSite","@id":"https:\/\/progettotouring.it\/radiotouring104\/#website","url":"https:\/\/progettotouring.it\/radiotouring104\/","name":"Radio Touring 104","description":"La prima radio Reggina","publisher":{"@id":"https:\/\/progettotouring.it\/radiotouring104\/#organization"},"potentialAction":[{"@type":"SearchAction","target":{"@type":"EntryPoint","urlTemplate":"https:\/\/progettotouring.it\/radiotouring104\/?s={search_term_string}"},"query-input":{"@type":"PropertyValueSpecification","valueRequired":true,"valueName":"search_term_string"}}],"inLanguage":"it-IT"},{"@type":"Organization","@id":"https:\/\/progettotouring.it\/radiotouring104\/#organization","name":"Radio Touring 104","url":"https:\/\/progettotouring.it\/radiotouring104\/","logo":{"@type":"ImageObject","inLanguage":"it-IT","@id":"https:\/\/progettotouring.it\/radiotouring104\/#\/schema\/logo\/image\/","url":"https:\/\/progettotouring.it\/radiotouring104\/wp-content\/uploads\/sites\/6\/2022\/02\/cropped-logo-radio-touring-104.png","contentUrl":"https:\/\/progettotouring.it\/radiotouring104\/wp-content\/uploads\/sites\/6\/2022\/02\/cropped-logo-radio-touring-104.png","width":377,"height":182,"caption":"Radio Touring 104"},"image":{"@id":"https:\/\/progettotouring.it\/radiotouring104\/#\/schema\/logo\/image\/"}},{"@type":"Person","@id":"https:\/\/progettotouring.it\/radiotouring104\/#\/schema\/person\/78613917f1851f041f7483f5af1d422e","name":"Sebastiano Plutino","image":{"@type":"ImageObject","inLanguage":"it-IT","@id":"https:\/\/secure.gravatar.com\/avatar\/0546ffaa9b79224faf9f2a156b67a529ae861d3287c66c1d8ccfdf909bcba78d?s=96&d=mm&r=g","url":"https:\/\/secure.gravatar.com\/avatar\/0546ffaa9b79224faf9f2a156b67a529ae861d3287c66c1d8ccfdf909bcba78d?s=96&d=mm&r=g","contentUrl":"https:\/\/secure.gravatar.com\/avatar\/0546ffaa9b79224faf9f2a156b67a529ae861d3287c66c1d8ccfdf909bcba78d?s=96&d=mm&r=g","caption":"Sebastiano Plutino"},"url":"https:\/\/progettotouring.it\/radiotouring104\/author\/sebastiano\/"}]}},"jetpack_publicize_connections":[],"jetpack_featured_media_url":"https:\/\/progettotouring.it\/radiotouring104\/wp-content\/uploads\/sites\/6\/2024\/09\/Puliamo-il-Mondo-2024_Foto-1-Legambiente-Rc.jpg","jetpack_sharing_enabled":true,"_links":{"self":[{"href":"https:\/\/progettotouring.it\/radiotouring104\/wp-json\/wp\/v2\/posts\/58250","targetHints":{"allow":["GET"]}}],"collection":[{"href":"https:\/\/progettotouring.it\/radiotouring104\/wp-json\/wp\/v2\/posts"}],"about":[{"href":"https:\/\/progettotouring.it\/radiotouring104\/wp-json\/wp\/v2\/types\/post"}],"author":[{"embeddable":true,"href":"https:\/\/progettotouring.it\/radiotouring104\/wp-json\/wp\/v2\/users\/12"}],"replies":[{"embeddable":true,"href":"https:\/\/progettotouring.it\/radiotouring104\/wp-json\/wp\/v2\/comments?post=58250"}],"version-history":[{"count":1,"href":"https:\/\/progettotouring.it\/radiotouring104\/wp-json\/wp\/v2\/posts\/58250\/revisions"}],"predecessor-version":[{"id":58252,"href":"https:\/\/progettotouring.it\/radiotouring104\/wp-json\/wp\/v2\/posts\/58250\/revisions\/58252"}],"wp:featuredmedia":[{"embeddable":true,"href":"https:\/\/progettotouring.it\/radiotouring104\/wp-json\/wp\/v2\/media\/58251"}],"wp:attachment":[{"href":"https:\/\/progettotouring.it\/radiotouring104\/wp-json\/wp\/v2\/media?parent=58250"}],"wp:term":[{"taxonomy":"category","embeddable":true,"href":"https:\/\/progettotouring.it\/radiotouring104\/wp-json\/wp\/v2\/categories?post=58250"},{"taxonomy":"post_tag","embeddable":true,"href":"https:\/\/progettotouring.it\/radiotouring104\/wp-json\/wp\/v2\/tags?post=58250"}],"curies":[{"name":"wp","href":"https:\/\/api.w.org\/{rel}","templated":true}]}}