{"id":58256,"date":"2024-09-23T13:01:43","date_gmt":"2024-09-23T11:01:43","guid":{"rendered":"https:\/\/progettotouring.it\/radiotouring104\/?p=58256"},"modified":"2024-09-23T13:01:43","modified_gmt":"2024-09-23T11:01:43","slug":"lingua-blu-regione-e-asp-avviano-lacquisto-di-500-mila-vaccini","status":"publish","type":"post","link":"https:\/\/progettotouring.it\/radiotouring104\/2024\/09\/23\/lingua-blu-regione-e-asp-avviano-lacquisto-di-500-mila-vaccini\/","title":{"rendered":"Lingua blu: Regione e Asp avviano l&#8217;acquisto di 500 mila vaccini"},"content":{"rendered":"<p style=\"text-align: justify\">Il dirigente generale del Dipartimento regionale Salute e Welfare, Tommaso Calabr\u00f2, ha presieduto a Catanzaro una riunione in merito agli aggiornamenti sulla problematica della &#8220;Lingua Blu&#8221;, con i dirigenti dei servizi veterinari delle cinque Aziende sanitarie provinciali calabresi, con il dirigente generale del dipartimento Agricoltura, Giuseppe Iiritano, il commissario dell&#8217;Asp di Crotone, Antonio Brambilla, la dirigente generale dell&#8217;Asp di Reggio Calabria, Lucia Di Furia.<\/p>\n<p style=\"text-align: justify\">\u00a0&#8220;Nell&#8217;incontro, conseguente ai numerosi confronti con le stesse Asp, con rappresentanti istituzionali, il ministero della Salute e a quello del 19 settembre con l&#8217;assessore Gianluca Gallo &#8211; \u00e8 detto in una nota della Regione &#8211; \u00e8 stato fatto il punto sulle attivit\u00e0 gi\u00e0 avviate e stabilita la linea di intervento finale per il controllo del fenomeno in corso, basato sui dati aggiornati, sull&#8217;esatta e puntuale condizione sanitaria degli allevamenti, supportata dalle certificazioni ed analisi ufficiali.<\/p>\n<p style=\"text-align: justify\">La direzione generale ha condiviso la decisione di avviare una campagna di vaccinazione che seppur non obbligatoria, sar\u00e0 utile a controllare la malattia, e dunque, con il commissario Brambilla sono state avviate le procedure per l&#8217;acquisto di 500.000 dosi di vaccino&#8221;.<\/p>\n<p style=\"text-align: justify\">\u00a0&#8220;Contestualmente \u00e8 stato avviato &#8211; riporta la nota &#8211; l&#8217;iter per la predisposizione del piano da sottoporre all&#8217;autorizzazione dei ministeri competenti ed interessato l&#8217;Istituto zooprofilattico di Portici.<\/p>\n<p style=\"text-align: justify\">Saranno, altres\u00ec, agevolate finanziariamente, attraverso l&#8217;impegno del Dipartimento regionale all&#8217;Agricoltura, la vaccinazione delle greggi e la disinfestazione degli ovili, nonch\u00e9 lo smaltimento delle carcasse.<br \/>\nIl dg Calabr\u00f2 ha, infine, ribadito che il dipartimento Sanit\u00e0 della Regione Calabria, sotto la costante attenzione del presidente Roberto Occhiuto, far\u00e0 la sua parte e che sar\u00e0 sempre al fianco della Amministrazioni pubbliche e degli allevatori, sottolineando che ognuno \u00e8 chiamato a svolgere il proprio ruolo in modo concreto e collaborativo e responsabile delle azioni di competenza&#8221;.<\/p>\n<p id=\"ob\">\n<div id=\"inArticle\">\n<aside>\n<div class=\"ob-smartfeed-wrapper feedIdx-0\">\n<div id=\"outbrain_widget_0\" class=\"OUTBRAIN\" data-src=\"DROP_PERMALINK_HERE\" data-widget-id=\"AR_4\" data-ob-mark=\"true\" data-browser=\"chrome\" data-os=\"win32\" data-dynload=\"\" data-idx=\"0\">\n<div class=\"ob-widget ob-feed-layout CR_7\">\n<div class=\"ob-widget-header\"><\/div>\n<\/div>\n<\/div>\n<\/div>\n<\/aside>\n<\/div>\n","protected":false},"excerpt":{"rendered":"<p>Il dirigente generale del Dipartimento regionale Salute e Welfare, Tommaso Calabr\u00f2, ha presieduto a Catanzaro una riunione in merito agli aggiornamenti sulla problematica della &#8220;Lingua Blu&#8221;, con i dirigenti dei&hellip;<\/p>\n","protected":false},"author":12,"featured_media":5832,"comment_status":"closed","ping_status":"open","sticky":false,"template":"","format":"standard","meta":{"_jetpack_memberships_contains_paid_content":false,"footnotes":"","jetpack_publicize_message":"","jetpack_publicize_feature_enabled":true,"jetpack_social_post_already_shared":false,"jetpack_social_options":{"image_generator_settings":{"template":"highway","default_image_id":0,"font":"","enabled":false},"version":2}},"categories":[142,921,196],"tags":[35629,35626,698,35627,219,35628],"class_list":["post-58256","post","type-post","status-publish","format-standard","has-post-thumbnail","hentry","category-calabria","category-home","category-news","tag-acquisto-di-500-mila-vaccini","tag-asp-calabresi","tag-catanzaro","tag-lingua-blu","tag-regione-calabria","tag-riunione"],"yoast_head":"<!-- This site is optimized with the Yoast SEO plugin v27.2 - https:\/\/yoast.com\/product\/yoast-seo-wordpress\/ -->\n<title>Lingua blu: Regione e Asp avviano l&#039;acquisto di 500 mila vaccini<\/title>\n<meta name=\"description\" content=\"Svolta a Catanzaro riunione sul problema &quot;Lingua Blu&quot;, con i dirigenti dei servizi veterinari delle cinque Asp calabresi\" \/>\n<meta name=\"robots\" content=\"index, follow, max-snippet:-1, max-image-preview:large, max-video-preview:-1\" \/>\n<link rel=\"canonical\" href=\"https:\/\/progettotouring.it\/radiotouring104\/2024\/09\/23\/lingua-blu-regione-e-asp-avviano-lacquisto-di-500-mila-vaccini\/\" \/>\n<meta property=\"og:locale\" content=\"it_IT\" \/>\n<meta property=\"og:type\" content=\"article\" \/>\n<meta property=\"og:title\" content=\"Lingua blu: Regione e Asp avviano l&#039;acquisto di 500 mila vaccini\" \/>\n<meta property=\"og:description\" content=\"Svolta a Catanzaro riunione sul problema &quot;Lingua Blu&quot;, con i dirigenti dei servizi veterinari delle cinque Asp calabresi\" \/>\n<meta property=\"og:url\" content=\"https:\/\/progettotouring.it\/radiotouring104\/2024\/09\/23\/lingua-blu-regione-e-asp-avviano-lacquisto-di-500-mila-vaccini\/\" \/>\n<meta property=\"og:site_name\" content=\"Radio Touring 104\" \/>\n<meta property=\"article:published_time\" content=\"2024-09-23T11:01:43+00:00\" \/>\n<meta property=\"og:image\" content=\"https:\/\/progettotouring.it\/radiotouring104\/wp-content\/uploads\/sites\/6\/2022\/05\/asp-reggio-calabria.jpg\" \/>\n\t<meta property=\"og:image:width\" content=\"520\" \/>\n\t<meta property=\"og:image:height\" content=\"280\" \/>\n\t<meta property=\"og:image:type\" content=\"image\/jpeg\" \/>\n<meta name=\"author\" content=\"Sebastiano Plutino\" \/>\n<meta name=\"twitter:card\" content=\"summary_large_image\" \/>\n<meta name=\"twitter:label1\" content=\"Scritto da\" \/>\n\t<meta name=\"twitter:data1\" content=\"Sebastiano Plutino\" \/>\n\t<meta name=\"twitter:label2\" content=\"Tempo di lettura stimato\" \/>\n\t<meta name=\"twitter:data2\" content=\"1 minuto\" \/>\n<script type=\"application\/ld+json\" class=\"yoast-schema-graph\">{\"@context\":\"https:\/\/schema.org\",\"@graph\":[{\"@type\":\"Article\",\"@id\":\"https:\/\/progettotouring.it\/radiotouring104\/2024\/09\/23\/lingua-blu-regione-e-asp-avviano-lacquisto-di-500-mila-vaccini\/#article\",\"isPartOf\":{\"@id\":\"https:\/\/progettotouring.it\/radiotouring104\/2024\/09\/23\/lingua-blu-regione-e-asp-avviano-lacquisto-di-500-mila-vaccini\/\"},\"author\":{\"name\":\"Sebastiano Plutino\",\"@id\":\"https:\/\/progettotouring.it\/radiotouring104\/#\/schema\/person\/78613917f1851f041f7483f5af1d422e\"},\"headline\":\"Lingua blu: Regione e Asp avviano l&#8217;acquisto di 500 mila vaccini\",\"datePublished\":\"2024-09-23T11:01:43+00:00\",\"mainEntityOfPage\":{\"@id\":\"https:\/\/progettotouring.it\/radiotouring104\/2024\/09\/23\/lingua-blu-regione-e-asp-avviano-lacquisto-di-500-mila-vaccini\/\"},\"wordCount\":293,\"publisher\":{\"@id\":\"https:\/\/progettotouring.it\/radiotouring104\/#organization\"},\"image\":{\"@id\":\"https:\/\/progettotouring.it\/radiotouring104\/2024\/09\/23\/lingua-blu-regione-e-asp-avviano-lacquisto-di-500-mila-vaccini\/#primaryimage\"},\"thumbnailUrl\":\"https:\/\/progettotouring.it\/radiotouring104\/wp-content\/uploads\/sites\/6\/2022\/05\/asp-reggio-calabria.jpg\",\"keywords\":[\"acquisto di 500 mila vaccini\",\"Asp Calabresi\",\"catanzaro\",\"lingua blu\",\"regione calabria\",\"riunione\"],\"articleSection\":[\"Calabria\",\"Home\",\"News\"],\"inLanguage\":\"it-IT\"},{\"@type\":\"WebPage\",\"@id\":\"https:\/\/progettotouring.it\/radiotouring104\/2024\/09\/23\/lingua-blu-regione-e-asp-avviano-lacquisto-di-500-mila-vaccini\/\",\"url\":\"https:\/\/progettotouring.it\/radiotouring104\/2024\/09\/23\/lingua-blu-regione-e-asp-avviano-lacquisto-di-500-mila-vaccini\/\",\"name\":\"Lingua blu: Regione e Asp avviano l'acquisto di 500 mila vaccini\",\"isPartOf\":{\"@id\":\"https:\/\/progettotouring.it\/radiotouring104\/#website\"},\"primaryImageOfPage\":{\"@id\":\"https:\/\/progettotouring.it\/radiotouring104\/2024\/09\/23\/lingua-blu-regione-e-asp-avviano-lacquisto-di-500-mila-vaccini\/#primaryimage\"},\"image\":{\"@id\":\"https:\/\/progettotouring.it\/radiotouring104\/2024\/09\/23\/lingua-blu-regione-e-asp-avviano-lacquisto-di-500-mila-vaccini\/#primaryimage\"},\"thumbnailUrl\":\"https:\/\/progettotouring.it\/radiotouring104\/wp-content\/uploads\/sites\/6\/2022\/05\/asp-reggio-calabria.jpg\",\"datePublished\":\"2024-09-23T11:01:43+00:00\",\"description\":\"Svolta a Catanzaro riunione sul problema \\\"Lingua Blu\\\", con i dirigenti dei servizi veterinari delle cinque Asp calabresi\",\"breadcrumb\":{\"@id\":\"https:\/\/progettotouring.it\/radiotouring104\/2024\/09\/23\/lingua-blu-regione-e-asp-avviano-lacquisto-di-500-mila-vaccini\/#breadcrumb\"},\"inLanguage\":\"it-IT\",\"potentialAction\":[{\"@type\":\"ReadAction\",\"target\":[\"https:\/\/progettotouring.it\/radiotouring104\/2024\/09\/23\/lingua-blu-regione-e-asp-avviano-lacquisto-di-500-mila-vaccini\/\"]}]},{\"@type\":\"ImageObject\",\"inLanguage\":\"it-IT\",\"@id\":\"https:\/\/progettotouring.it\/radiotouring104\/2024\/09\/23\/lingua-blu-regione-e-asp-avviano-lacquisto-di-500-mila-vaccini\/#primaryimage\",\"url\":\"https:\/\/progettotouring.it\/radiotouring104\/wp-content\/uploads\/sites\/6\/2022\/05\/asp-reggio-calabria.jpg\",\"contentUrl\":\"https:\/\/progettotouring.it\/radiotouring104\/wp-content\/uploads\/sites\/6\/2022\/05\/asp-reggio-calabria.jpg\",\"width\":520,\"height\":280},{\"@type\":\"BreadcrumbList\",\"@id\":\"https:\/\/progettotouring.it\/radiotouring104\/2024\/09\/23\/lingua-blu-regione-e-asp-avviano-lacquisto-di-500-mila-vaccini\/#breadcrumb\",\"itemListElement\":[{\"@type\":\"ListItem\",\"position\":1,\"name\":\"Home\",\"item\":\"https:\/\/progettotouring.it\/radiotouring104\/\"},{\"@type\":\"ListItem\",\"position\":2,\"name\":\"Lingua blu: Regione e Asp avviano l&#8217;acquisto di 500 mila vaccini\"}]},{\"@type\":\"WebSite\",\"@id\":\"https:\/\/progettotouring.it\/radiotouring104\/#website\",\"url\":\"https:\/\/progettotouring.it\/radiotouring104\/\",\"name\":\"Radio Touring 104\",\"description\":\"La prima radio Reggina\",\"publisher\":{\"@id\":\"https:\/\/progettotouring.it\/radiotouring104\/#organization\"},\"potentialAction\":[{\"@type\":\"SearchAction\",\"target\":{\"@type\":\"EntryPoint\",\"urlTemplate\":\"https:\/\/progettotouring.it\/radiotouring104\/?s={search_term_string}\"},\"query-input\":{\"@type\":\"PropertyValueSpecification\",\"valueRequired\":true,\"valueName\":\"search_term_string\"}}],\"inLanguage\":\"it-IT\"},{\"@type\":\"Organization\",\"@id\":\"https:\/\/progettotouring.it\/radiotouring104\/#organization\",\"name\":\"Radio Touring 104\",\"url\":\"https:\/\/progettotouring.it\/radiotouring104\/\",\"logo\":{\"@type\":\"ImageObject\",\"inLanguage\":\"it-IT\",\"@id\":\"https:\/\/progettotouring.it\/radiotouring104\/#\/schema\/logo\/image\/\",\"url\":\"https:\/\/progettotouring.it\/radiotouring104\/wp-content\/uploads\/sites\/6\/2022\/02\/cropped-logo-radio-touring-104.png\",\"contentUrl\":\"https:\/\/progettotouring.it\/radiotouring104\/wp-content\/uploads\/sites\/6\/2022\/02\/cropped-logo-radio-touring-104.png\",\"width\":377,\"height\":182,\"caption\":\"Radio Touring 104\"},\"image\":{\"@id\":\"https:\/\/progettotouring.it\/radiotouring104\/#\/schema\/logo\/image\/\"}},{\"@type\":\"Person\",\"@id\":\"https:\/\/progettotouring.it\/radiotouring104\/#\/schema\/person\/78613917f1851f041f7483f5af1d422e\",\"name\":\"Sebastiano Plutino\",\"image\":{\"@type\":\"ImageObject\",\"inLanguage\":\"it-IT\",\"@id\":\"https:\/\/secure.gravatar.com\/avatar\/0546ffaa9b79224faf9f2a156b67a529ae861d3287c66c1d8ccfdf909bcba78d?s=96&d=mm&r=g\",\"url\":\"https:\/\/secure.gravatar.com\/avatar\/0546ffaa9b79224faf9f2a156b67a529ae861d3287c66c1d8ccfdf909bcba78d?s=96&d=mm&r=g\",\"contentUrl\":\"https:\/\/secure.gravatar.com\/avatar\/0546ffaa9b79224faf9f2a156b67a529ae861d3287c66c1d8ccfdf909bcba78d?s=96&d=mm&r=g\",\"caption\":\"Sebastiano Plutino\"},\"url\":\"https:\/\/progettotouring.it\/radiotouring104\/author\/sebastiano\/\"}]}<\/script>\n<!-- \/ Yoast SEO plugin. -->","yoast_head_json":{"title":"Lingua blu: Regione e Asp avviano l'acquisto di 500 mila vaccini","description":"Svolta a Catanzaro riunione sul problema \"Lingua Blu\", con i dirigenti dei servizi veterinari delle cinque Asp calabresi","robots":{"index":"index","follow":"follow","max-snippet":"max-snippet:-1","max-image-preview":"max-image-preview:large","max-video-preview":"max-video-preview:-1"},"canonical":"https:\/\/progettotouring.it\/radiotouring104\/2024\/09\/23\/lingua-blu-regione-e-asp-avviano-lacquisto-di-500-mila-vaccini\/","og_locale":"it_IT","og_type":"article","og_title":"Lingua blu: Regione e Asp avviano l'acquisto di 500 mila vaccini","og_description":"Svolta a Catanzaro riunione sul problema \"Lingua Blu\", con i dirigenti dei servizi veterinari delle cinque Asp calabresi","og_url":"https:\/\/progettotouring.it\/radiotouring104\/2024\/09\/23\/lingua-blu-regione-e-asp-avviano-lacquisto-di-500-mila-vaccini\/","og_site_name":"Radio Touring 104","article_published_time":"2024-09-23T11:01:43+00:00","og_image":[{"width":520,"height":280,"url":"https:\/\/progettotouring.it\/radiotouring104\/wp-content\/uploads\/sites\/6\/2022\/05\/asp-reggio-calabria.jpg","type":"image\/jpeg"}],"author":"Sebastiano Plutino","twitter_card":"summary_large_image","twitter_misc":{"Scritto da":"Sebastiano Plutino","Tempo di lettura stimato":"1 minuto"},"schema":{"@context":"https:\/\/schema.org","@graph":[{"@type":"Article","@id":"https:\/\/progettotouring.it\/radiotouring104\/2024\/09\/23\/lingua-blu-regione-e-asp-avviano-lacquisto-di-500-mila-vaccini\/#article","isPartOf":{"@id":"https:\/\/progettotouring.it\/radiotouring104\/2024\/09\/23\/lingua-blu-regione-e-asp-avviano-lacquisto-di-500-mila-vaccini\/"},"author":{"name":"Sebastiano Plutino","@id":"https:\/\/progettotouring.it\/radiotouring104\/#\/schema\/person\/78613917f1851f041f7483f5af1d422e"},"headline":"Lingua blu: Regione e Asp avviano l&#8217;acquisto di 500 mila vaccini","datePublished":"2024-09-23T11:01:43+00:00","mainEntityOfPage":{"@id":"https:\/\/progettotouring.it\/radiotouring104\/2024\/09\/23\/lingua-blu-regione-e-asp-avviano-lacquisto-di-500-mila-vaccini\/"},"wordCount":293,"publisher":{"@id":"https:\/\/progettotouring.it\/radiotouring104\/#organization"},"image":{"@id":"https:\/\/progettotouring.it\/radiotouring104\/2024\/09\/23\/lingua-blu-regione-e-asp-avviano-lacquisto-di-500-mila-vaccini\/#primaryimage"},"thumbnailUrl":"https:\/\/progettotouring.it\/radiotouring104\/wp-content\/uploads\/sites\/6\/2022\/05\/asp-reggio-calabria.jpg","keywords":["acquisto di 500 mila vaccini","Asp Calabresi","catanzaro","lingua blu","regione calabria","riunione"],"articleSection":["Calabria","Home","News"],"inLanguage":"it-IT"},{"@type":"WebPage","@id":"https:\/\/progettotouring.it\/radiotouring104\/2024\/09\/23\/lingua-blu-regione-e-asp-avviano-lacquisto-di-500-mila-vaccini\/","url":"https:\/\/progettotouring.it\/radiotouring104\/2024\/09\/23\/lingua-blu-regione-e-asp-avviano-lacquisto-di-500-mila-vaccini\/","name":"Lingua blu: Regione e Asp avviano l'acquisto di 500 mila vaccini","isPartOf":{"@id":"https:\/\/progettotouring.it\/radiotouring104\/#website"},"primaryImageOfPage":{"@id":"https:\/\/progettotouring.it\/radiotouring104\/2024\/09\/23\/lingua-blu-regione-e-asp-avviano-lacquisto-di-500-mila-vaccini\/#primaryimage"},"image":{"@id":"https:\/\/progettotouring.it\/radiotouring104\/2024\/09\/23\/lingua-blu-regione-e-asp-avviano-lacquisto-di-500-mila-vaccini\/#primaryimage"},"thumbnailUrl":"https:\/\/progettotouring.it\/radiotouring104\/wp-content\/uploads\/sites\/6\/2022\/05\/asp-reggio-calabria.jpg","datePublished":"2024-09-23T11:01:43+00:00","description":"Svolta a Catanzaro riunione sul problema \"Lingua Blu\", con i dirigenti dei servizi veterinari delle cinque Asp calabresi","breadcrumb":{"@id":"https:\/\/progettotouring.it\/radiotouring104\/2024\/09\/23\/lingua-blu-regione-e-asp-avviano-lacquisto-di-500-mila-vaccini\/#breadcrumb"},"inLanguage":"it-IT","potentialAction":[{"@type":"ReadAction","target":["https:\/\/progettotouring.it\/radiotouring104\/2024\/09\/23\/lingua-blu-regione-e-asp-avviano-lacquisto-di-500-mila-vaccini\/"]}]},{"@type":"ImageObject","inLanguage":"it-IT","@id":"https:\/\/progettotouring.it\/radiotouring104\/2024\/09\/23\/lingua-blu-regione-e-asp-avviano-lacquisto-di-500-mila-vaccini\/#primaryimage","url":"https:\/\/progettotouring.it\/radiotouring104\/wp-content\/uploads\/sites\/6\/2022\/05\/asp-reggio-calabria.jpg","contentUrl":"https:\/\/progettotouring.it\/radiotouring104\/wp-content\/uploads\/sites\/6\/2022\/05\/asp-reggio-calabria.jpg","width":520,"height":280},{"@type":"BreadcrumbList","@id":"https:\/\/progettotouring.it\/radiotouring104\/2024\/09\/23\/lingua-blu-regione-e-asp-avviano-lacquisto-di-500-mila-vaccini\/#breadcrumb","itemListElement":[{"@type":"ListItem","position":1,"name":"Home","item":"https:\/\/progettotouring.it\/radiotouring104\/"},{"@type":"ListItem","position":2,"name":"Lingua blu: Regione e Asp avviano l&#8217;acquisto di 500 mila vaccini"}]},{"@type":"WebSite","@id":"https:\/\/progettotouring.it\/radiotouring104\/#website","url":"https:\/\/progettotouring.it\/radiotouring104\/","name":"Radio Touring 104","description":"La prima radio Reggina","publisher":{"@id":"https:\/\/progettotouring.it\/radiotouring104\/#organization"},"potentialAction":[{"@type":"SearchAction","target":{"@type":"EntryPoint","urlTemplate":"https:\/\/progettotouring.it\/radiotouring104\/?s={search_term_string}"},"query-input":{"@type":"PropertyValueSpecification","valueRequired":true,"valueName":"search_term_string"}}],"inLanguage":"it-IT"},{"@type":"Organization","@id":"https:\/\/progettotouring.it\/radiotouring104\/#organization","name":"Radio Touring 104","url":"https:\/\/progettotouring.it\/radiotouring104\/","logo":{"@type":"ImageObject","inLanguage":"it-IT","@id":"https:\/\/progettotouring.it\/radiotouring104\/#\/schema\/logo\/image\/","url":"https:\/\/progettotouring.it\/radiotouring104\/wp-content\/uploads\/sites\/6\/2022\/02\/cropped-logo-radio-touring-104.png","contentUrl":"https:\/\/progettotouring.it\/radiotouring104\/wp-content\/uploads\/sites\/6\/2022\/02\/cropped-logo-radio-touring-104.png","width":377,"height":182,"caption":"Radio Touring 104"},"image":{"@id":"https:\/\/progettotouring.it\/radiotouring104\/#\/schema\/logo\/image\/"}},{"@type":"Person","@id":"https:\/\/progettotouring.it\/radiotouring104\/#\/schema\/person\/78613917f1851f041f7483f5af1d422e","name":"Sebastiano Plutino","image":{"@type":"ImageObject","inLanguage":"it-IT","@id":"https:\/\/secure.gravatar.com\/avatar\/0546ffaa9b79224faf9f2a156b67a529ae861d3287c66c1d8ccfdf909bcba78d?s=96&d=mm&r=g","url":"https:\/\/secure.gravatar.com\/avatar\/0546ffaa9b79224faf9f2a156b67a529ae861d3287c66c1d8ccfdf909bcba78d?s=96&d=mm&r=g","contentUrl":"https:\/\/secure.gravatar.com\/avatar\/0546ffaa9b79224faf9f2a156b67a529ae861d3287c66c1d8ccfdf909bcba78d?s=96&d=mm&r=g","caption":"Sebastiano Plutino"},"url":"https:\/\/progettotouring.it\/radiotouring104\/author\/sebastiano\/"}]}},"jetpack_publicize_connections":[],"jetpack_featured_media_url":"https:\/\/progettotouring.it\/radiotouring104\/wp-content\/uploads\/sites\/6\/2022\/05\/asp-reggio-calabria.jpg","jetpack_sharing_enabled":true,"_links":{"self":[{"href":"https:\/\/progettotouring.it\/radiotouring104\/wp-json\/wp\/v2\/posts\/58256","targetHints":{"allow":["GET"]}}],"collection":[{"href":"https:\/\/progettotouring.it\/radiotouring104\/wp-json\/wp\/v2\/posts"}],"about":[{"href":"https:\/\/progettotouring.it\/radiotouring104\/wp-json\/wp\/v2\/types\/post"}],"author":[{"embeddable":true,"href":"https:\/\/progettotouring.it\/radiotouring104\/wp-json\/wp\/v2\/users\/12"}],"replies":[{"embeddable":true,"href":"https:\/\/progettotouring.it\/radiotouring104\/wp-json\/wp\/v2\/comments?post=58256"}],"version-history":[{"count":1,"href":"https:\/\/progettotouring.it\/radiotouring104\/wp-json\/wp\/v2\/posts\/58256\/revisions"}],"predecessor-version":[{"id":58257,"href":"https:\/\/progettotouring.it\/radiotouring104\/wp-json\/wp\/v2\/posts\/58256\/revisions\/58257"}],"wp:featuredmedia":[{"embeddable":true,"href":"https:\/\/progettotouring.it\/radiotouring104\/wp-json\/wp\/v2\/media\/5832"}],"wp:attachment":[{"href":"https:\/\/progettotouring.it\/radiotouring104\/wp-json\/wp\/v2\/media?parent=58256"}],"wp:term":[{"taxonomy":"category","embeddable":true,"href":"https:\/\/progettotouring.it\/radiotouring104\/wp-json\/wp\/v2\/categories?post=58256"},{"taxonomy":"post_tag","embeddable":true,"href":"https:\/\/progettotouring.it\/radiotouring104\/wp-json\/wp\/v2\/tags?post=58256"}],"curies":[{"name":"wp","href":"https:\/\/api.w.org\/{rel}","templated":true}]}}