{"id":58262,"date":"2024-09-24T09:52:47","date_gmt":"2024-09-24T07:52:47","guid":{"rendered":"https:\/\/progettotouring.it\/radiotouring104\/?p=58262"},"modified":"2024-09-24T12:29:19","modified_gmt":"2024-09-24T10:29:19","slug":"comune-di-villa-s-g-minoranza-attacca-aumento-dei-costi-del-servizio-rifiuti-ingiustificato","status":"publish","type":"post","link":"https:\/\/progettotouring.it\/radiotouring104\/2024\/09\/24\/comune-di-villa-s-g-minoranza-attacca-aumento-dei-costi-del-servizio-rifiuti-ingiustificato\/","title":{"rendered":"Comune di Villa S.G., minoranza attacca: &#8220;Aumento dei costi del servizio rifiuti ingiustificato&#8221;"},"content":{"rendered":"<p style=\"text-align: justify\">Il recente annuncio dell\u2019a<strong>mministrazione Caminiti sull&#8217;aggiudicazione del nuovo servizio di gestione rifiuti rappresenta un tema di enorme preoccupazione<\/strong> per i cittadini.<\/p>\n<p style=\"text-align: justify\">Gi\u00e0 durante il Consiglio comunale,<strong> i Consiglieri di minoranza Marco Santoro, Filippo Lucisano, Daniele Siclari, Stefania Calderone e Domenico De Marco avevano espresso forti riserve riguardo al bando di gara,<\/strong> sollevando dubbi sulla sua opportunit\u00e0 e, soprattutto, sul notevole aumento dei costi che ne sarebbe derivato. Oggi, dopo la pubblicazione dei dettagli del nuovo servizio, risulta ancora pi\u00f9 evidente la gravit\u00e0 della situazione.<\/p>\n<p style=\"text-align: justify\">L\u2019introduzione di questo <strong>nuovo servizio comporter\u00e0 un significativo aumento dei costi per i cittadini,<\/strong> che si vedranno costretti a pagare somme molto pi\u00f9 elevate rispetto al passato. A questo punto, \u00e8 legittimo chiedersi se un tale incremento delle tariffe sia davvero necessario. In un momento in cui <strong>molte famiglie stanno gi\u00e0 affrontando difficolt\u00e0 economiche<\/strong> a causa dell\u2019aumento del costo della vita, \u00e8 inaccettabile che l\u2019amministrazione scelga di gravare ulteriormente sulle tasche dei cittadini per un servizio che, ad oggi, non mostra miglioramenti tangibili rispetto alla gestione precedente.<\/p>\n<p style=\"text-align: justify\">Quello che appare ancora pi\u00f9 preoccupante \u00e8 che non ci sono garanzie di un reale miglioramento nella qualit\u00e0 del servizio. Se <strong>da un lato si promettono interventi di pulizia straordinaria, la realt\u00e0 dei fatti racconta una storia ben diversa.<\/strong> Le novit\u00e0 introdotte, come la riduzione dei passaggi per la raccolta dell&#8217;indifferenziato e l&#8217;introduzione di cassonetti automatizzati per plastica, carta e vetro, rischiano di peggiorare il servizio piuttosto che migliorarlo.<strong> Ridurre i passaggi per l&#8217;indifferenziato<\/strong> in una fase in cui il problema della gestione dei rifiuti \u00e8 gi\u00e0 critico non pu\u00f2 essere considerato un passo avanti:<strong> rischia invece di generare disagi ancora pi\u00f9 gravi, con il rischio di accumulo di rifiuti,<\/strong> aumento del degrado e conseguenze negative per la salute pubblica e il decoro urbano.<\/p>\n<p style=\"text-align: justify\"><strong>L&#8217;aumento dei costi \u00e8 dunque doppio:<\/strong> non solo si chieder\u00e0 ai cittadini di pagare di pi\u00f9, ma si offre in cambio un servizio che potrebbe essere addirittura meno efficiente. Questo non \u00e8 solo un problema economico, ma anche di equit\u00e0 e trasparenza. Invece di affrontare le criticit\u00e0 strutturali emerse nella gestione precedente, l\u2019amministrazione ha deciso di puntare su un nuovo progetto, mascherando con un\u2019operazione di facciata quella che \u00e8 una vera e propria incapacit\u00e0 di migliorare il servizio.<\/p>\n<p style=\"text-align: justify\"><strong>A ci\u00f2 si aggiunge un ulteriore punto critico:<\/strong> l\u2019amministrazione ha parlato di un &#8220;progetto su misura&#8221;, fatto su &#8220;misura&#8221; per le esigenze del territorio. Tuttavia, questa espressione sembra essere pi\u00f9 che altro uno slogan. Nella pratica, il nuovo piano non risponde alle necessit\u00e0 dei cittadini. In molte aree, dove gi\u00e0 il servizio ha mostrato gravi carenze, la riduzione della frequenza della raccolta rischia di peggiorare la situazione. Il costo aggiuntivo che i cittadini dovranno sostenere non si tradurr\u00e0 in un miglioramento, ma in un servizio potenzialmente ancora pi\u00f9 caotico e disorganizzato.<\/p>\n<p style=\"text-align: justify\">In questo contesto, \u00e8 cruciale che i cittadini siano consapevoli delle reali conseguenze di queste scelte amministrative. Il nuovo servizio non risolver\u00e0 i problemi che hanno afflitto il sistema di gestione dei rifiuti negli ultimi anni. Al contrario, l\u2019onerosit\u00e0 del <strong>progetto ricadr\u00e0 interamente sulla comunit\u00e0, che si trover\u00e0 a pagare somme ingenti per un servizio che non soddisfa<\/strong> le aspettative n\u00e9 risponde alle esigenze reali del territorio. Inoltre, manca una visione chiara su come verranno affrontati e risolti i problemi strutturali che hanno reso inefficiente la gestione dei rifiuti in passato.<\/p>\n<p style=\"text-align: justify\">In sintesi, l\u2019amministrazione Caminiti ha scelto di nascondere la propria inefficienza dietro a un nuovo contratto, che si rivela molto pi\u00f9 oneroso del precedente e che, di fatto, non introduce le innovazioni necessarie per migliorare davvero il servizio. Il risultato? I cittadini si troveranno a pagare molto di pi\u00f9 per un servizio che rischia di essere addirittura peggiore. \u00c8 fondamentale che la comunit\u00e0 sia informata su questa situazione e che venga chiesta maggiore trasparenza e responsabilit\u00e0 all\u2019amministrazione comunale.<\/p>\n<p style=\"text-align: justify\">Il messaggio \u00e8 chiaro: non \u00e8 accettabile aumentare i costi del servizio senza prima dimostrare di essere capaci di fornire una gestione pi\u00f9 efficiente e adeguata alle esigenze del territorio. Le famiglie, gi\u00e0 in difficolt\u00e0 economiche, non possono essere ulteriormente appesantite da un progetto che appare tanto costoso quanto inadeguato. I cittadini meritano di pi\u00f9 e, soprattutto, meritano chiarezza su come vengono spesi i loro soldi.<\/p>\n<p>&nbsp;<\/p>\n","protected":false},"excerpt":{"rendered":"<p>Il recente annuncio dell\u2019amministrazione Caminiti sull&#8217;aggiudicazione del nuovo servizio di gestione rifiuti rappresenta un tema di enorme preoccupazione per i cittadini. Gi\u00e0 durante il Consiglio comunale, i Consiglieri di minoranza&hellip;<\/p>\n","protected":false},"author":12,"featured_media":34749,"comment_status":"closed","ping_status":"open","sticky":false,"template":"","format":"standard","meta":{"_jetpack_memberships_contains_paid_content":false,"footnotes":"","jetpack_publicize_message":"","jetpack_publicize_feature_enabled":true,"jetpack_social_post_already_shared":false,"jetpack_social_options":{"image_generator_settings":{"template":"highway","default_image_id":0,"font":"","enabled":false},"version":2}},"categories":[921,150,196,140],"tags":[35636,16388,3779,35634,35635,35637],"class_list":["post-58262","post","type-post","status-publish","format-standard","has-post-thumbnail","hentry","category-home","category-in-primo-piano","category-news","category-reggio-calabria","tag-aumento-costi-servizio-rifiuti","tag-comune-di-villa-san-giovanni","tag-domenico-de-marco","tag-minoranza-attacca-amministrazione-caminiti","tag-servizio-rifiuti","tag-servizio-rifiuti-inefficente"],"yoast_head":"<!-- This site is optimized with the Yoast SEO plugin v27.2 - https:\/\/yoast.com\/product\/yoast-seo-wordpress\/ -->\n<title>Villa S.G., minoranza: &quot;Aumento costi servizio rifiuti ingiustificato&quot;<\/title>\n<meta name=\"description\" content=\"I consiglieri di minoranza del Comune di Villa San Giovanni attaccano l&#039;Amministrazione Caminiti sul servizio rifiuti, costoso ed inefficente\" \/>\n<meta name=\"robots\" content=\"index, follow, max-snippet:-1, max-image-preview:large, max-video-preview:-1\" \/>\n<link rel=\"canonical\" href=\"https:\/\/progettotouring.it\/radiotouring104\/2024\/09\/24\/comune-di-villa-s-g-minoranza-attacca-aumento-dei-costi-del-servizio-rifiuti-ingiustificato\/\" \/>\n<meta property=\"og:locale\" content=\"it_IT\" \/>\n<meta property=\"og:type\" content=\"article\" \/>\n<meta property=\"og:title\" content=\"Villa S.G., minoranza: &quot;Aumento costi servizio rifiuti ingiustificato&quot;\" \/>\n<meta property=\"og:description\" content=\"I consiglieri di minoranza del Comune di Villa San Giovanni attaccano l&#039;Amministrazione Caminiti sul servizio rifiuti, costoso ed inefficente\" \/>\n<meta property=\"og:url\" content=\"https:\/\/progettotouring.it\/radiotouring104\/2024\/09\/24\/comune-di-villa-s-g-minoranza-attacca-aumento-dei-costi-del-servizio-rifiuti-ingiustificato\/\" \/>\n<meta property=\"og:site_name\" content=\"Radio Touring 104\" \/>\n<meta property=\"article:published_time\" content=\"2024-09-24T07:52:47+00:00\" \/>\n<meta property=\"article:modified_time\" content=\"2024-09-24T10:29:19+00:00\" \/>\n<meta property=\"og:image\" content=\"https:\/\/progettotouring.it\/radiotouring104\/wp-content\/uploads\/sites\/6\/2023\/09\/Villa-San-Giovanni-comune.jpg\" \/>\n\t<meta property=\"og:image:width\" content=\"857\" \/>\n\t<meta property=\"og:image:height\" content=\"857\" \/>\n\t<meta property=\"og:image:type\" content=\"image\/jpeg\" \/>\n<meta name=\"author\" content=\"Sebastiano Plutino\" \/>\n<meta name=\"twitter:card\" content=\"summary_large_image\" \/>\n<meta name=\"twitter:label1\" content=\"Scritto da\" \/>\n\t<meta name=\"twitter:data1\" content=\"Sebastiano Plutino\" \/>\n\t<meta name=\"twitter:label2\" content=\"Tempo di lettura stimato\" \/>\n\t<meta name=\"twitter:data2\" content=\"3 minuti\" \/>\n<script type=\"application\/ld+json\" class=\"yoast-schema-graph\">{\"@context\":\"https:\/\/schema.org\",\"@graph\":[{\"@type\":\"Article\",\"@id\":\"https:\/\/progettotouring.it\/radiotouring104\/2024\/09\/24\/comune-di-villa-s-g-minoranza-attacca-aumento-dei-costi-del-servizio-rifiuti-ingiustificato\/#article\",\"isPartOf\":{\"@id\":\"https:\/\/progettotouring.it\/radiotouring104\/2024\/09\/24\/comune-di-villa-s-g-minoranza-attacca-aumento-dei-costi-del-servizio-rifiuti-ingiustificato\/\"},\"author\":{\"name\":\"Sebastiano Plutino\",\"@id\":\"https:\/\/progettotouring.it\/radiotouring104\/#\/schema\/person\/78613917f1851f041f7483f5af1d422e\"},\"headline\":\"Comune di Villa S.G., minoranza attacca: &#8220;Aumento dei costi del servizio rifiuti ingiustificato&#8221;\",\"datePublished\":\"2024-09-24T07:52:47+00:00\",\"dateModified\":\"2024-09-24T10:29:19+00:00\",\"mainEntityOfPage\":{\"@id\":\"https:\/\/progettotouring.it\/radiotouring104\/2024\/09\/24\/comune-di-villa-s-g-minoranza-attacca-aumento-dei-costi-del-servizio-rifiuti-ingiustificato\/\"},\"wordCount\":713,\"publisher\":{\"@id\":\"https:\/\/progettotouring.it\/radiotouring104\/#organization\"},\"image\":{\"@id\":\"https:\/\/progettotouring.it\/radiotouring104\/2024\/09\/24\/comune-di-villa-s-g-minoranza-attacca-aumento-dei-costi-del-servizio-rifiuti-ingiustificato\/#primaryimage\"},\"thumbnailUrl\":\"https:\/\/progettotouring.it\/radiotouring104\/wp-content\/uploads\/sites\/6\/2023\/09\/Villa-San-Giovanni-comune.jpg\",\"keywords\":[\"aumento costi servizio rifiuti\",\"Comune di Villa\u00a0San\u00a0Giovanni.\",\"domenico de marco\",\"minoranza attacca amministrazione Caminiti\",\"servizio rifiuti\",\"servizio rifiuti inefficente\"],\"articleSection\":[\"Home\",\"In primo piano\",\"News\",\"Reggio Calabria\"],\"inLanguage\":\"it-IT\"},{\"@type\":\"WebPage\",\"@id\":\"https:\/\/progettotouring.it\/radiotouring104\/2024\/09\/24\/comune-di-villa-s-g-minoranza-attacca-aumento-dei-costi-del-servizio-rifiuti-ingiustificato\/\",\"url\":\"https:\/\/progettotouring.it\/radiotouring104\/2024\/09\/24\/comune-di-villa-s-g-minoranza-attacca-aumento-dei-costi-del-servizio-rifiuti-ingiustificato\/\",\"name\":\"Villa S.G., minoranza: \\\"Aumento costi servizio rifiuti ingiustificato\\\"\",\"isPartOf\":{\"@id\":\"https:\/\/progettotouring.it\/radiotouring104\/#website\"},\"primaryImageOfPage\":{\"@id\":\"https:\/\/progettotouring.it\/radiotouring104\/2024\/09\/24\/comune-di-villa-s-g-minoranza-attacca-aumento-dei-costi-del-servizio-rifiuti-ingiustificato\/#primaryimage\"},\"image\":{\"@id\":\"https:\/\/progettotouring.it\/radiotouring104\/2024\/09\/24\/comune-di-villa-s-g-minoranza-attacca-aumento-dei-costi-del-servizio-rifiuti-ingiustificato\/#primaryimage\"},\"thumbnailUrl\":\"https:\/\/progettotouring.it\/radiotouring104\/wp-content\/uploads\/sites\/6\/2023\/09\/Villa-San-Giovanni-comune.jpg\",\"datePublished\":\"2024-09-24T07:52:47+00:00\",\"dateModified\":\"2024-09-24T10:29:19+00:00\",\"description\":\"I consiglieri di minoranza del Comune di Villa San Giovanni attaccano l'Amministrazione Caminiti sul servizio rifiuti, costoso ed inefficente\",\"breadcrumb\":{\"@id\":\"https:\/\/progettotouring.it\/radiotouring104\/2024\/09\/24\/comune-di-villa-s-g-minoranza-attacca-aumento-dei-costi-del-servizio-rifiuti-ingiustificato\/#breadcrumb\"},\"inLanguage\":\"it-IT\",\"potentialAction\":[{\"@type\":\"ReadAction\",\"target\":[\"https:\/\/progettotouring.it\/radiotouring104\/2024\/09\/24\/comune-di-villa-s-g-minoranza-attacca-aumento-dei-costi-del-servizio-rifiuti-ingiustificato\/\"]}]},{\"@type\":\"ImageObject\",\"inLanguage\":\"it-IT\",\"@id\":\"https:\/\/progettotouring.it\/radiotouring104\/2024\/09\/24\/comune-di-villa-s-g-minoranza-attacca-aumento-dei-costi-del-servizio-rifiuti-ingiustificato\/#primaryimage\",\"url\":\"https:\/\/progettotouring.it\/radiotouring104\/wp-content\/uploads\/sites\/6\/2023\/09\/Villa-San-Giovanni-comune.jpg\",\"contentUrl\":\"https:\/\/progettotouring.it\/radiotouring104\/wp-content\/uploads\/sites\/6\/2023\/09\/Villa-San-Giovanni-comune.jpg\",\"width\":857,\"height\":857},{\"@type\":\"BreadcrumbList\",\"@id\":\"https:\/\/progettotouring.it\/radiotouring104\/2024\/09\/24\/comune-di-villa-s-g-minoranza-attacca-aumento-dei-costi-del-servizio-rifiuti-ingiustificato\/#breadcrumb\",\"itemListElement\":[{\"@type\":\"ListItem\",\"position\":1,\"name\":\"Home\",\"item\":\"https:\/\/progettotouring.it\/radiotouring104\/\"},{\"@type\":\"ListItem\",\"position\":2,\"name\":\"Comune di Villa S.G., minoranza attacca: &#8220;Aumento dei costi del servizio rifiuti ingiustificato&#8221;\"}]},{\"@type\":\"WebSite\",\"@id\":\"https:\/\/progettotouring.it\/radiotouring104\/#website\",\"url\":\"https:\/\/progettotouring.it\/radiotouring104\/\",\"name\":\"Radio Touring 104\",\"description\":\"La prima radio Reggina\",\"publisher\":{\"@id\":\"https:\/\/progettotouring.it\/radiotouring104\/#organization\"},\"potentialAction\":[{\"@type\":\"SearchAction\",\"target\":{\"@type\":\"EntryPoint\",\"urlTemplate\":\"https:\/\/progettotouring.it\/radiotouring104\/?s={search_term_string}\"},\"query-input\":{\"@type\":\"PropertyValueSpecification\",\"valueRequired\":true,\"valueName\":\"search_term_string\"}}],\"inLanguage\":\"it-IT\"},{\"@type\":\"Organization\",\"@id\":\"https:\/\/progettotouring.it\/radiotouring104\/#organization\",\"name\":\"Radio Touring 104\",\"url\":\"https:\/\/progettotouring.it\/radiotouring104\/\",\"logo\":{\"@type\":\"ImageObject\",\"inLanguage\":\"it-IT\",\"@id\":\"https:\/\/progettotouring.it\/radiotouring104\/#\/schema\/logo\/image\/\",\"url\":\"https:\/\/progettotouring.it\/radiotouring104\/wp-content\/uploads\/sites\/6\/2022\/02\/cropped-logo-radio-touring-104.png\",\"contentUrl\":\"https:\/\/progettotouring.it\/radiotouring104\/wp-content\/uploads\/sites\/6\/2022\/02\/cropped-logo-radio-touring-104.png\",\"width\":377,\"height\":182,\"caption\":\"Radio Touring 104\"},\"image\":{\"@id\":\"https:\/\/progettotouring.it\/radiotouring104\/#\/schema\/logo\/image\/\"}},{\"@type\":\"Person\",\"@id\":\"https:\/\/progettotouring.it\/radiotouring104\/#\/schema\/person\/78613917f1851f041f7483f5af1d422e\",\"name\":\"Sebastiano Plutino\",\"image\":{\"@type\":\"ImageObject\",\"inLanguage\":\"it-IT\",\"@id\":\"https:\/\/secure.gravatar.com\/avatar\/0546ffaa9b79224faf9f2a156b67a529ae861d3287c66c1d8ccfdf909bcba78d?s=96&d=mm&r=g\",\"url\":\"https:\/\/secure.gravatar.com\/avatar\/0546ffaa9b79224faf9f2a156b67a529ae861d3287c66c1d8ccfdf909bcba78d?s=96&d=mm&r=g\",\"contentUrl\":\"https:\/\/secure.gravatar.com\/avatar\/0546ffaa9b79224faf9f2a156b67a529ae861d3287c66c1d8ccfdf909bcba78d?s=96&d=mm&r=g\",\"caption\":\"Sebastiano Plutino\"},\"url\":\"https:\/\/progettotouring.it\/radiotouring104\/author\/sebastiano\/\"}]}<\/script>\n<!-- \/ Yoast SEO plugin. -->","yoast_head_json":{"title":"Villa S.G., minoranza: \"Aumento costi servizio rifiuti ingiustificato\"","description":"I consiglieri di minoranza del Comune di Villa San Giovanni attaccano l'Amministrazione Caminiti sul servizio rifiuti, costoso ed inefficente","robots":{"index":"index","follow":"follow","max-snippet":"max-snippet:-1","max-image-preview":"max-image-preview:large","max-video-preview":"max-video-preview:-1"},"canonical":"https:\/\/progettotouring.it\/radiotouring104\/2024\/09\/24\/comune-di-villa-s-g-minoranza-attacca-aumento-dei-costi-del-servizio-rifiuti-ingiustificato\/","og_locale":"it_IT","og_type":"article","og_title":"Villa S.G., minoranza: \"Aumento costi servizio rifiuti ingiustificato\"","og_description":"I consiglieri di minoranza del Comune di Villa San Giovanni attaccano l'Amministrazione Caminiti sul servizio rifiuti, costoso ed inefficente","og_url":"https:\/\/progettotouring.it\/radiotouring104\/2024\/09\/24\/comune-di-villa-s-g-minoranza-attacca-aumento-dei-costi-del-servizio-rifiuti-ingiustificato\/","og_site_name":"Radio Touring 104","article_published_time":"2024-09-24T07:52:47+00:00","article_modified_time":"2024-09-24T10:29:19+00:00","og_image":[{"width":857,"height":857,"url":"https:\/\/progettotouring.it\/radiotouring104\/wp-content\/uploads\/sites\/6\/2023\/09\/Villa-San-Giovanni-comune.jpg","type":"image\/jpeg"}],"author":"Sebastiano Plutino","twitter_card":"summary_large_image","twitter_misc":{"Scritto da":"Sebastiano Plutino","Tempo di lettura stimato":"3 minuti"},"schema":{"@context":"https:\/\/schema.org","@graph":[{"@type":"Article","@id":"https:\/\/progettotouring.it\/radiotouring104\/2024\/09\/24\/comune-di-villa-s-g-minoranza-attacca-aumento-dei-costi-del-servizio-rifiuti-ingiustificato\/#article","isPartOf":{"@id":"https:\/\/progettotouring.it\/radiotouring104\/2024\/09\/24\/comune-di-villa-s-g-minoranza-attacca-aumento-dei-costi-del-servizio-rifiuti-ingiustificato\/"},"author":{"name":"Sebastiano Plutino","@id":"https:\/\/progettotouring.it\/radiotouring104\/#\/schema\/person\/78613917f1851f041f7483f5af1d422e"},"headline":"Comune di Villa S.G., minoranza attacca: &#8220;Aumento dei costi del servizio rifiuti ingiustificato&#8221;","datePublished":"2024-09-24T07:52:47+00:00","dateModified":"2024-09-24T10:29:19+00:00","mainEntityOfPage":{"@id":"https:\/\/progettotouring.it\/radiotouring104\/2024\/09\/24\/comune-di-villa-s-g-minoranza-attacca-aumento-dei-costi-del-servizio-rifiuti-ingiustificato\/"},"wordCount":713,"publisher":{"@id":"https:\/\/progettotouring.it\/radiotouring104\/#organization"},"image":{"@id":"https:\/\/progettotouring.it\/radiotouring104\/2024\/09\/24\/comune-di-villa-s-g-minoranza-attacca-aumento-dei-costi-del-servizio-rifiuti-ingiustificato\/#primaryimage"},"thumbnailUrl":"https:\/\/progettotouring.it\/radiotouring104\/wp-content\/uploads\/sites\/6\/2023\/09\/Villa-San-Giovanni-comune.jpg","keywords":["aumento costi servizio rifiuti","Comune di Villa\u00a0San\u00a0Giovanni.","domenico de marco","minoranza attacca amministrazione Caminiti","servizio rifiuti","servizio rifiuti inefficente"],"articleSection":["Home","In primo piano","News","Reggio Calabria"],"inLanguage":"it-IT"},{"@type":"WebPage","@id":"https:\/\/progettotouring.it\/radiotouring104\/2024\/09\/24\/comune-di-villa-s-g-minoranza-attacca-aumento-dei-costi-del-servizio-rifiuti-ingiustificato\/","url":"https:\/\/progettotouring.it\/radiotouring104\/2024\/09\/24\/comune-di-villa-s-g-minoranza-attacca-aumento-dei-costi-del-servizio-rifiuti-ingiustificato\/","name":"Villa S.G., minoranza: \"Aumento costi servizio rifiuti ingiustificato\"","isPartOf":{"@id":"https:\/\/progettotouring.it\/radiotouring104\/#website"},"primaryImageOfPage":{"@id":"https:\/\/progettotouring.it\/radiotouring104\/2024\/09\/24\/comune-di-villa-s-g-minoranza-attacca-aumento-dei-costi-del-servizio-rifiuti-ingiustificato\/#primaryimage"},"image":{"@id":"https:\/\/progettotouring.it\/radiotouring104\/2024\/09\/24\/comune-di-villa-s-g-minoranza-attacca-aumento-dei-costi-del-servizio-rifiuti-ingiustificato\/#primaryimage"},"thumbnailUrl":"https:\/\/progettotouring.it\/radiotouring104\/wp-content\/uploads\/sites\/6\/2023\/09\/Villa-San-Giovanni-comune.jpg","datePublished":"2024-09-24T07:52:47+00:00","dateModified":"2024-09-24T10:29:19+00:00","description":"I consiglieri di minoranza del Comune di Villa San Giovanni attaccano l'Amministrazione Caminiti sul servizio rifiuti, costoso ed inefficente","breadcrumb":{"@id":"https:\/\/progettotouring.it\/radiotouring104\/2024\/09\/24\/comune-di-villa-s-g-minoranza-attacca-aumento-dei-costi-del-servizio-rifiuti-ingiustificato\/#breadcrumb"},"inLanguage":"it-IT","potentialAction":[{"@type":"ReadAction","target":["https:\/\/progettotouring.it\/radiotouring104\/2024\/09\/24\/comune-di-villa-s-g-minoranza-attacca-aumento-dei-costi-del-servizio-rifiuti-ingiustificato\/"]}]},{"@type":"ImageObject","inLanguage":"it-IT","@id":"https:\/\/progettotouring.it\/radiotouring104\/2024\/09\/24\/comune-di-villa-s-g-minoranza-attacca-aumento-dei-costi-del-servizio-rifiuti-ingiustificato\/#primaryimage","url":"https:\/\/progettotouring.it\/radiotouring104\/wp-content\/uploads\/sites\/6\/2023\/09\/Villa-San-Giovanni-comune.jpg","contentUrl":"https:\/\/progettotouring.it\/radiotouring104\/wp-content\/uploads\/sites\/6\/2023\/09\/Villa-San-Giovanni-comune.jpg","width":857,"height":857},{"@type":"BreadcrumbList","@id":"https:\/\/progettotouring.it\/radiotouring104\/2024\/09\/24\/comune-di-villa-s-g-minoranza-attacca-aumento-dei-costi-del-servizio-rifiuti-ingiustificato\/#breadcrumb","itemListElement":[{"@type":"ListItem","position":1,"name":"Home","item":"https:\/\/progettotouring.it\/radiotouring104\/"},{"@type":"ListItem","position":2,"name":"Comune di Villa S.G., minoranza attacca: &#8220;Aumento dei costi del servizio rifiuti ingiustificato&#8221;"}]},{"@type":"WebSite","@id":"https:\/\/progettotouring.it\/radiotouring104\/#website","url":"https:\/\/progettotouring.it\/radiotouring104\/","name":"Radio Touring 104","description":"La prima radio Reggina","publisher":{"@id":"https:\/\/progettotouring.it\/radiotouring104\/#organization"},"potentialAction":[{"@type":"SearchAction","target":{"@type":"EntryPoint","urlTemplate":"https:\/\/progettotouring.it\/radiotouring104\/?s={search_term_string}"},"query-input":{"@type":"PropertyValueSpecification","valueRequired":true,"valueName":"search_term_string"}}],"inLanguage":"it-IT"},{"@type":"Organization","@id":"https:\/\/progettotouring.it\/radiotouring104\/#organization","name":"Radio Touring 104","url":"https:\/\/progettotouring.it\/radiotouring104\/","logo":{"@type":"ImageObject","inLanguage":"it-IT","@id":"https:\/\/progettotouring.it\/radiotouring104\/#\/schema\/logo\/image\/","url":"https:\/\/progettotouring.it\/radiotouring104\/wp-content\/uploads\/sites\/6\/2022\/02\/cropped-logo-radio-touring-104.png","contentUrl":"https:\/\/progettotouring.it\/radiotouring104\/wp-content\/uploads\/sites\/6\/2022\/02\/cropped-logo-radio-touring-104.png","width":377,"height":182,"caption":"Radio Touring 104"},"image":{"@id":"https:\/\/progettotouring.it\/radiotouring104\/#\/schema\/logo\/image\/"}},{"@type":"Person","@id":"https:\/\/progettotouring.it\/radiotouring104\/#\/schema\/person\/78613917f1851f041f7483f5af1d422e","name":"Sebastiano Plutino","image":{"@type":"ImageObject","inLanguage":"it-IT","@id":"https:\/\/secure.gravatar.com\/avatar\/0546ffaa9b79224faf9f2a156b67a529ae861d3287c66c1d8ccfdf909bcba78d?s=96&d=mm&r=g","url":"https:\/\/secure.gravatar.com\/avatar\/0546ffaa9b79224faf9f2a156b67a529ae861d3287c66c1d8ccfdf909bcba78d?s=96&d=mm&r=g","contentUrl":"https:\/\/secure.gravatar.com\/avatar\/0546ffaa9b79224faf9f2a156b67a529ae861d3287c66c1d8ccfdf909bcba78d?s=96&d=mm&r=g","caption":"Sebastiano Plutino"},"url":"https:\/\/progettotouring.it\/radiotouring104\/author\/sebastiano\/"}]}},"jetpack_publicize_connections":[],"jetpack_featured_media_url":"https:\/\/progettotouring.it\/radiotouring104\/wp-content\/uploads\/sites\/6\/2023\/09\/Villa-San-Giovanni-comune.jpg","jetpack_sharing_enabled":true,"_links":{"self":[{"href":"https:\/\/progettotouring.it\/radiotouring104\/wp-json\/wp\/v2\/posts\/58262","targetHints":{"allow":["GET"]}}],"collection":[{"href":"https:\/\/progettotouring.it\/radiotouring104\/wp-json\/wp\/v2\/posts"}],"about":[{"href":"https:\/\/progettotouring.it\/radiotouring104\/wp-json\/wp\/v2\/types\/post"}],"author":[{"embeddable":true,"href":"https:\/\/progettotouring.it\/radiotouring104\/wp-json\/wp\/v2\/users\/12"}],"replies":[{"embeddable":true,"href":"https:\/\/progettotouring.it\/radiotouring104\/wp-json\/wp\/v2\/comments?post=58262"}],"version-history":[{"count":3,"href":"https:\/\/progettotouring.it\/radiotouring104\/wp-json\/wp\/v2\/posts\/58262\/revisions"}],"predecessor-version":[{"id":58278,"href":"https:\/\/progettotouring.it\/radiotouring104\/wp-json\/wp\/v2\/posts\/58262\/revisions\/58278"}],"wp:featuredmedia":[{"embeddable":true,"href":"https:\/\/progettotouring.it\/radiotouring104\/wp-json\/wp\/v2\/media\/34749"}],"wp:attachment":[{"href":"https:\/\/progettotouring.it\/radiotouring104\/wp-json\/wp\/v2\/media?parent=58262"}],"wp:term":[{"taxonomy":"category","embeddable":true,"href":"https:\/\/progettotouring.it\/radiotouring104\/wp-json\/wp\/v2\/categories?post=58262"},{"taxonomy":"post_tag","embeddable":true,"href":"https:\/\/progettotouring.it\/radiotouring104\/wp-json\/wp\/v2\/tags?post=58262"}],"curies":[{"name":"wp","href":"https:\/\/api.w.org\/{rel}","templated":true}]}}