{"id":58265,"date":"2024-09-24T10:03:57","date_gmt":"2024-09-24T08:03:57","guid":{"rendered":"https:\/\/progettotouring.it\/radiotouring104\/?p=58265"},"modified":"2024-09-24T10:04:47","modified_gmt":"2024-09-24T08:04:47","slug":"autonomia-differenziata-nucera-e-olivieri-la-calabria-ha-tutto-da-guadagnare","status":"publish","type":"post","link":"https:\/\/progettotouring.it\/radiotouring104\/2024\/09\/24\/autonomia-differenziata-nucera-e-olivieri-la-calabria-ha-tutto-da-guadagnare\/","title":{"rendered":"Autonomia Differenziata, Nucera e Olivieri: \u201cLa Calabria ha tutto da guadagnare\u201d"},"content":{"rendered":"<p style=\"text-align: justify\">\u201cIl clima culturale sviluppatosi intorno al tema dell\u2019autonomia differenziata sta diventando ogni giorno sempre pi\u00f9 ostile, e questo scoraggia molte persone dal prendere posizione pubblica a favore. Eppure, una rapida analisi dei \u201cconti pubblici territoriali\u201d dimostra che la Calabria avrebbe tutto da guadagnare dal passaggio all\u2019autonomia differenziata.<\/p>\n<p style=\"text-align: justify\">Gli ultimi dati dell\u2019Agenzia della Coesione (peraltro incompleti e fermi al 2021) ci informano infatti che la spesa pubblica territoriale viene dirottata quasi interamente nelle regioni a statuto speciale\u201d.<\/p>\n<p style=\"text-align: justify\">La nota \u00e8 il <strong>primo documento prodotto dal Gruppo di Lavoro sull\u2019Autonomia Differenziata<\/strong>, che si \u00e8 <strong>costituito il 6 settembre al convegno del Resort Costa Blu a Sellia Marina.<\/strong><\/p>\n<p style=\"text-align: justify\">\u201cCome per magia, le province autonome di Trento e Bolzano ricevono rispettivamente 25 e 23 mila euro per abitante, mentre la Calabria poco meno di 14 mila (Fonte: Agenzia per la Coesione Territoriale). Un cittadino calabrese vale di meno di uno di Bolzano? La Calabria, che ha quasi 4 volte la popolazione del Trentino A.A., riceve per\u00f2 il 40% in meno di risorse destinate a servizi pubblici, i quali \u2013 gi\u00e0 oggi \u2013 non sono uniformi sul territorio nazionale, con buona pace di quanti si dicono contrari all\u2019autonomia differenziata. Anche cambiando gli indicatori di riferimento, il risultato \u00e8 sempre lo stesso: la Calabria, che ha una popolazione residente pari al 3% circa del totale nazionale, riceve risorse pubbliche pari a circa il 2,5% delle entrate tributarie erariali, dunque al di sotto della media pro-capite. Al contrario il Trentino A.A., che di popolazione residente ne ha circa l\u20191,8% del totale nazionale, ottiene la stessa percentuale di risorse della Calabria.<\/p>\n<p style=\"text-align: justify\">L\u2019attuale meccanismo di finanza pubblica prevede un \u201cdoppio binario\u201d: uno per le regioni a statuto ordinario, alle quali viene assegnata annualmente una quota di compartecipazione ai tributi erariali (attualmente intorno al 67%, da ripartire ulteriormente sulla base della media dei consumi triennali rilevati dall\u2019Istat) ed uno per le regioni a statuto speciale. Enormi differenze sussistono tuttavia anche tra le stesse regioni a statuto speciale, visto che \u2013 per esempio \u2013 in Valle d\u2019Aosta rimane il 100% del gettito IVA prodotto sul territorio, mentre il 90% rimane nelle province autonome di Trento e Bolzano, il 70% in Sardegna, e appena il 36,4% in Sicilia (nota 1).<\/p>\n<p style=\"text-align: justify\">Visto che i diritti di cittadinanza garantiti dalla Costituzione devono essere validi su tutto il territorio nazionale, non si capisce perch\u00e9 alcuni territori debbano avere risorse \u201cspeciali\u201d destinate a servizi pubblici che invece mancano in altri territori.<\/p>\n<p style=\"text-align: justify\">Sarebbe sufficiente riequilibrare la spesa pubblic al livello della popolazione per restituire alla Calabria almeno un 20% di risorse che \u2013 pur prodotte qui \u2013 finiscono altrove e forse, col tempo veder sparire quel debito sanitario da cui la Calabria non riesce ad uscire.<\/p>\n<p style=\"text-align: justify\">Anche sul lato della spesa esistono numerose iniquit\u00e0, poich\u00e9 le regioni a statuto speciale non sono chiamate a contribuire ai programmi di riduzione della spesa pubblica nazionale (salvo una piccola quota forfetaria), a differenza delle regioni a statuto ordinario, dove i tagli alla spesa pubblica sembrano non finire mai. Questa iniqua ripartizione della finanza pubblica, che crea vincitori e vinti, va avanti da almeno un quarto di secolo, e si \u00e8 ulteriormente accentuata dopo la pandemia, sebbene finora nessuno vi abbia posto mano.<\/p>\n<p style=\"text-align: justify\">E, bench\u00e9 non esistano studi ufficiali esaustivi sull\u2019argomento, viene spontaneo chiedersi se l\u2019aumento dei divari socioeconomici a livello territoriale tra Nord e Sud sia da attribuire all\u2019attuale assurdo meccanismo di ripartizione della finanza pubblica a livello territoriale, anzich\u00e9 alla solita, stancante tesi del Mezzogiorno vagabondo e inefficiente. Ad uno studio pi\u00f9 attento si scoprirebbe che l\u2019attuale meccanismo di ripartizione della spesa pubblica \u00e8 completamente aleatorio: il calcolo dei \u201cresidui fiscali\u201d (ossia la differenza tra entrate e spesa primaria) non \u00e8 oggettivo ma dipende dalla metodologia adottata, che peraltro differisce nelle rilevazioni di Banca d\u2018Italia o della Ragioneria Generale dello Stato oppure Istat ecc. Inoltre, il \u201cresiduo fiscale\u201d \u00e8 oggetto di contrattazione politica in seno alla Conferenza Stato-Regioni, e ci\u00f2 toglie non solo ogni credibilit\u00e0 a tale parametro decisionale, che non \u00e8 indipendente, ma solleva legittime perplessit\u00e0 sul peso politico della rappresentanza calabrese nei tavoli nazionali.<\/p>\n<p style=\"text-align: justify\"><strong>Prosegue il gruppo di lavoro coordinato dall\u2019imprenditore Giuseppe Nucera del moviment<\/strong>o \u2018La Calabria che vogliamo\u2019<strong> e l\u2019economista Matteo Olivieri.<\/strong><\/p>\n<p style=\"text-align: justify\">Il passaggio all\u2019autonomia differenziata cancellerebbe di colpo queste storture, e consentirebbe alla Calabria di usufruire sul proprio territorio di risorse finanziarie che oggi finiscono fuori regione per finanziare la spesa altrui.<\/p>\n<p style=\"text-align: justify\">A ben vedere, l\u2019autonomia differenziata non contrappone il Nord al Sud, ma aggiunge trasparenza al meccanismo di ripartizione della spesa pubblica (tramite cui garantire i diritti costituzionali), e riequilibra la distribuzione di risorse tra regioni a statuto ordinario e quelle a statuto speciale attraverso il superamento della c.d. \u201cspesa storica\u201d e la contemporanea definizione di Livelli Essenziali delle Prestazioni (LEP), che lo Stato si impegna a finanziare interamente.<\/p>\n<p style=\"text-align: justify\">Per questo motivo, la definizione di livelli essenziali di spesa comporterebbe molto probabilmente un aumento (!) delle risorse finanziarie a favore del Meridione, e non invece una sua diminuzione, come invece in molti vanno sostenendo. Un esempio aiuter\u00e0 a capirci: il numero di asili nido sono stati inclusi nei LEP nella misura del 33% di posti da garantire per i bambini sotto i tre anni entro il 2027. Ebbene, dalle rilevazioni condotte (nota 2) nell\u2019anno educativo 2022\/2023, risulta che \u00abi posti disponibili nei nidi, nelle sezioni primavera e nei servizi integrativi pubblici e privati hanno raggiunto sul territorio nazionale una copertura pari a 30 posti ogni 100 bambini residenti fra 0 e 2 anni (14,3 posti per 100 bambini sono in servizi a titolarit\u00e0 pubblica).\u00bb<\/p>\n<p style=\"text-align: justify\">Tutte le regioni del Centro-Nord hanno raggiunto o superato il livello minimo di copertura di 33 posti, con la sola eccezione della Provincia Autonoma di Bolzano, mentre nel Mezzogiorno solo la Sardegna si colloca al di sopra di tale parametro con 35,2 posti. Pertanto, la Calabria si trova \u201ccostretta\u201d a raggiungere tale obiettivo minimo entro un tempo prestabilito inderogabilmente, e dunque a poter chiedere ulteriori risorse per raggiungere tale obiettivo. Ci\u00f2 comporta degli indubbi vantaggi inattesi per la nostra regione, poich\u00e9 da quest\u2019obbligo consegue pure un maggior potere di controllo del bilancio delle PP.AA. da parte dello Stato e dei cittadini, evitando cos\u00ec che le risorse vengano spese in ambiti clientelari o comunque non prioritari.<\/p>\n<p style=\"text-align: justify\">L\u2019evidente miglioramento della capacit\u00e0 di monitoraggio della spesa pubblica avverrebbe poi salvaguardando gli equilibri di bilancio statale e regionale, come recita la legge 86\/2024. Infatti, le stime fatta dalla Banca d\u2019Italia, secondo cui per il finanziamento dei LEP occorrerebbero 100 miliardi di Euro, non comporterebbero l\u2019assunzione di nuovo debito pubblico (col conseguente paventato rischio di collasso dei conti pubblici) ma semplicemente una nuova modalit\u00e0 di ripartizione di risorse finanziarie gi\u00e0 esistenti.<\/p>\n<p style=\"text-align: justify\">Appaiono dunque infondate le critiche mosse alla legge sulla autonomia differenziata, accusata di voler spaccare l\u2019unit\u00e0 nazionale, di creare un \u201cfar-west\u201d, oppure uno \u201cStato arlecchino\u201d o la \u201csecessione dei ricchi\u201d. A dirla tutta, la legge 86\/2024 (\u201cc.d. legge Calderoli\u201d) prevede ampi e adeguati meccaanismi di garanzia contro la rottura dell\u2019unit\u00e0 nazionale: si va dal doppio voto a maggioranza assoluta del Parlamento sulla bozza preliminare di intesa Stato-Regioni e poi sul documento finale, alla possibilit\u00e0 di rivedere ogni tre anni i LEP per adeguarli al mutato contesto socioeconomico, al ritiro unilaterale dell\u2019intesa da parte del Governo qualora ci fossero fondati motivi per ritenere a rischio l\u2019unit\u00e0 nazionale.<\/p>\n<p style=\"text-align: justify\">Sono dunque auspicabili tante occasioni di dibattito pubblico per spiegare ai calabresi i vantaggi reali della autonomia differenziata, al di l\u00e0 di letture ideologiche, semplicistiche o denigratorie del tema, che purtroppo confondono le menti e inquinano il leale confronto tra posizioni differenti.<\/p>\n<p style=\"text-align: justify\">(1) Cfr. Camera dei Deputati, Servizio Studi XIX Legislatura, \u201cLa finanza regionale\u201d, 5 agosto 2024. (2) Cfr. \u201cAttivit\u00e0 conoscitiva sull\u2019attuazione e sulle prospettive del federalismo fiscale\u201d. Audizione dell\u2019Istituto Nazionale di Statistica Dott. Stefano Menghinello, Direttore della Direzione centrale per l\u2019analisi e la valorizzazione nell\u2019area delle statistiche economiche e per i fabbisogni del Piano Nazionale di Ripresa e Resilienza. Commissione parlamentare per l\u2019attuazione del federalismo fiscale, 26 giugno 2024\u2033.<\/p>\n","protected":false},"excerpt":{"rendered":"<p>\u201cIl clima culturale sviluppatosi intorno al tema dell\u2019autonomia differenziata sta diventando ogni giorno sempre pi\u00f9 ostile, e questo scoraggia molte persone dal prendere posizione pubblica a favore. Eppure, una rapida&hellip;<\/p>\n","protected":false},"author":12,"featured_media":58266,"comment_status":"closed","ping_status":"open","sticky":false,"template":"","format":"standard","meta":{"_jetpack_memberships_contains_paid_content":false,"footnotes":"","jetpack_publicize_message":"","jetpack_publicize_feature_enabled":true,"jetpack_social_post_already_shared":false,"jetpack_social_options":{"image_generator_settings":{"template":"highway","default_image_id":0,"font":"","enabled":false},"version":2}},"categories":[921,196,140],"tags":[6518,8130,35638,9794,35639,5819],"class_list":["post-58265","post","type-post","status-publish","format-standard","has-post-thumbnail","hentry","category-home","category-news","category-reggio-calabria","tag-autonomia-differenziata","tag-giuseppe-nucera","tag-gruppo-di-lavoro-sullautonomia","tag-la-calabria-che-vogliamo","tag-la-calabria-ha-tutto-da-guadagnare","tag-sellia-marina"],"yoast_head":"<!-- This site is optimized with the Yoast SEO plugin v27.2 - https:\/\/yoast.com\/product\/yoast-seo-wordpress\/ -->\n<title>Autonomia, Nucera e Olivieri: \u201cLa Calabria ha tutto da guadagnare\u201d<\/title>\n<meta name=\"description\" content=\"La nota sul 1\u00b0 documento prodotto dal Gruppo di Lavoro sull\u2019Autonomia, costituito il 6 settembre al convegno tenutosi a Sellia Marina.\" \/>\n<meta name=\"robots\" content=\"index, follow, max-snippet:-1, max-image-preview:large, max-video-preview:-1\" \/>\n<link rel=\"canonical\" href=\"https:\/\/progettotouring.it\/radiotouring104\/2024\/09\/24\/autonomia-differenziata-nucera-e-olivieri-la-calabria-ha-tutto-da-guadagnare\/\" \/>\n<meta property=\"og:locale\" content=\"it_IT\" \/>\n<meta property=\"og:type\" content=\"article\" \/>\n<meta property=\"og:title\" content=\"Autonomia, Nucera e Olivieri: \u201cLa Calabria ha tutto da guadagnare\u201d\" \/>\n<meta property=\"og:description\" content=\"La nota sul 1\u00b0 documento prodotto dal Gruppo di Lavoro sull\u2019Autonomia, costituito il 6 settembre al convegno tenutosi a Sellia Marina.\" \/>\n<meta property=\"og:url\" content=\"https:\/\/progettotouring.it\/radiotouring104\/2024\/09\/24\/autonomia-differenziata-nucera-e-olivieri-la-calabria-ha-tutto-da-guadagnare\/\" \/>\n<meta property=\"og:site_name\" content=\"Radio Touring 104\" \/>\n<meta property=\"article:published_time\" content=\"2024-09-24T08:03:57+00:00\" \/>\n<meta property=\"article:modified_time\" content=\"2024-09-24T08:04:47+00:00\" \/>\n<meta property=\"og:image\" content=\"https:\/\/progettotouring.it\/radiotouring104\/wp-content\/uploads\/sites\/6\/2024\/09\/gruppo-lavoro-autonomia-differenziata.jpeg\" \/>\n\t<meta property=\"og:image:width\" content=\"800\" \/>\n\t<meta property=\"og:image:height\" content=\"514\" \/>\n\t<meta property=\"og:image:type\" content=\"image\/jpeg\" \/>\n<meta name=\"author\" content=\"Sebastiano Plutino\" \/>\n<meta name=\"twitter:card\" content=\"summary_large_image\" \/>\n<meta name=\"twitter:label1\" content=\"Scritto da\" \/>\n\t<meta name=\"twitter:data1\" content=\"Sebastiano Plutino\" \/>\n\t<meta name=\"twitter:label2\" content=\"Tempo di lettura stimato\" \/>\n\t<meta name=\"twitter:data2\" content=\"7 minuti\" \/>\n<script type=\"application\/ld+json\" class=\"yoast-schema-graph\">{\"@context\":\"https:\/\/schema.org\",\"@graph\":[{\"@type\":\"Article\",\"@id\":\"https:\/\/progettotouring.it\/radiotouring104\/2024\/09\/24\/autonomia-differenziata-nucera-e-olivieri-la-calabria-ha-tutto-da-guadagnare\/#article\",\"isPartOf\":{\"@id\":\"https:\/\/progettotouring.it\/radiotouring104\/2024\/09\/24\/autonomia-differenziata-nucera-e-olivieri-la-calabria-ha-tutto-da-guadagnare\/\"},\"author\":{\"name\":\"Sebastiano Plutino\",\"@id\":\"https:\/\/progettotouring.it\/radiotouring104\/#\/schema\/person\/78613917f1851f041f7483f5af1d422e\"},\"headline\":\"Autonomia Differenziata, Nucera e Olivieri: \u201cLa Calabria ha tutto da guadagnare\u201d\",\"datePublished\":\"2024-09-24T08:03:57+00:00\",\"dateModified\":\"2024-09-24T08:04:47+00:00\",\"mainEntityOfPage\":{\"@id\":\"https:\/\/progettotouring.it\/radiotouring104\/2024\/09\/24\/autonomia-differenziata-nucera-e-olivieri-la-calabria-ha-tutto-da-guadagnare\/\"},\"wordCount\":1317,\"publisher\":{\"@id\":\"https:\/\/progettotouring.it\/radiotouring104\/#organization\"},\"image\":{\"@id\":\"https:\/\/progettotouring.it\/radiotouring104\/2024\/09\/24\/autonomia-differenziata-nucera-e-olivieri-la-calabria-ha-tutto-da-guadagnare\/#primaryimage\"},\"thumbnailUrl\":\"https:\/\/progettotouring.it\/radiotouring104\/wp-content\/uploads\/sites\/6\/2024\/09\/gruppo-lavoro-autonomia-differenziata.jpeg\",\"keywords\":[\"autonomia differenziata\",\"Giuseppe Nucera\",\"Gruppo di Lavoro sull\u2019Autonomia\",\"La Calabria che vogliamo\",\"la calabria ha tutto da guadagnare\",\"Sellia Marina\"],\"articleSection\":[\"Home\",\"News\",\"Reggio Calabria\"],\"inLanguage\":\"it-IT\"},{\"@type\":\"WebPage\",\"@id\":\"https:\/\/progettotouring.it\/radiotouring104\/2024\/09\/24\/autonomia-differenziata-nucera-e-olivieri-la-calabria-ha-tutto-da-guadagnare\/\",\"url\":\"https:\/\/progettotouring.it\/radiotouring104\/2024\/09\/24\/autonomia-differenziata-nucera-e-olivieri-la-calabria-ha-tutto-da-guadagnare\/\",\"name\":\"Autonomia, Nucera e Olivieri: \u201cLa Calabria ha tutto da guadagnare\u201d\",\"isPartOf\":{\"@id\":\"https:\/\/progettotouring.it\/radiotouring104\/#website\"},\"primaryImageOfPage\":{\"@id\":\"https:\/\/progettotouring.it\/radiotouring104\/2024\/09\/24\/autonomia-differenziata-nucera-e-olivieri-la-calabria-ha-tutto-da-guadagnare\/#primaryimage\"},\"image\":{\"@id\":\"https:\/\/progettotouring.it\/radiotouring104\/2024\/09\/24\/autonomia-differenziata-nucera-e-olivieri-la-calabria-ha-tutto-da-guadagnare\/#primaryimage\"},\"thumbnailUrl\":\"https:\/\/progettotouring.it\/radiotouring104\/wp-content\/uploads\/sites\/6\/2024\/09\/gruppo-lavoro-autonomia-differenziata.jpeg\",\"datePublished\":\"2024-09-24T08:03:57+00:00\",\"dateModified\":\"2024-09-24T08:04:47+00:00\",\"description\":\"La nota sul 1\u00b0 documento prodotto dal Gruppo di Lavoro sull\u2019Autonomia, costituito il 6 settembre al convegno tenutosi a Sellia Marina.\",\"breadcrumb\":{\"@id\":\"https:\/\/progettotouring.it\/radiotouring104\/2024\/09\/24\/autonomia-differenziata-nucera-e-olivieri-la-calabria-ha-tutto-da-guadagnare\/#breadcrumb\"},\"inLanguage\":\"it-IT\",\"potentialAction\":[{\"@type\":\"ReadAction\",\"target\":[\"https:\/\/progettotouring.it\/radiotouring104\/2024\/09\/24\/autonomia-differenziata-nucera-e-olivieri-la-calabria-ha-tutto-da-guadagnare\/\"]}]},{\"@type\":\"ImageObject\",\"inLanguage\":\"it-IT\",\"@id\":\"https:\/\/progettotouring.it\/radiotouring104\/2024\/09\/24\/autonomia-differenziata-nucera-e-olivieri-la-calabria-ha-tutto-da-guadagnare\/#primaryimage\",\"url\":\"https:\/\/progettotouring.it\/radiotouring104\/wp-content\/uploads\/sites\/6\/2024\/09\/gruppo-lavoro-autonomia-differenziata.jpeg\",\"contentUrl\":\"https:\/\/progettotouring.it\/radiotouring104\/wp-content\/uploads\/sites\/6\/2024\/09\/gruppo-lavoro-autonomia-differenziata.jpeg\",\"width\":800,\"height\":514},{\"@type\":\"BreadcrumbList\",\"@id\":\"https:\/\/progettotouring.it\/radiotouring104\/2024\/09\/24\/autonomia-differenziata-nucera-e-olivieri-la-calabria-ha-tutto-da-guadagnare\/#breadcrumb\",\"itemListElement\":[{\"@type\":\"ListItem\",\"position\":1,\"name\":\"Home\",\"item\":\"https:\/\/progettotouring.it\/radiotouring104\/\"},{\"@type\":\"ListItem\",\"position\":2,\"name\":\"Autonomia Differenziata, Nucera e Olivieri: \u201cLa Calabria ha tutto da guadagnare\u201d\"}]},{\"@type\":\"WebSite\",\"@id\":\"https:\/\/progettotouring.it\/radiotouring104\/#website\",\"url\":\"https:\/\/progettotouring.it\/radiotouring104\/\",\"name\":\"Radio Touring 104\",\"description\":\"La prima radio Reggina\",\"publisher\":{\"@id\":\"https:\/\/progettotouring.it\/radiotouring104\/#organization\"},\"potentialAction\":[{\"@type\":\"SearchAction\",\"target\":{\"@type\":\"EntryPoint\",\"urlTemplate\":\"https:\/\/progettotouring.it\/radiotouring104\/?s={search_term_string}\"},\"query-input\":{\"@type\":\"PropertyValueSpecification\",\"valueRequired\":true,\"valueName\":\"search_term_string\"}}],\"inLanguage\":\"it-IT\"},{\"@type\":\"Organization\",\"@id\":\"https:\/\/progettotouring.it\/radiotouring104\/#organization\",\"name\":\"Radio Touring 104\",\"url\":\"https:\/\/progettotouring.it\/radiotouring104\/\",\"logo\":{\"@type\":\"ImageObject\",\"inLanguage\":\"it-IT\",\"@id\":\"https:\/\/progettotouring.it\/radiotouring104\/#\/schema\/logo\/image\/\",\"url\":\"https:\/\/progettotouring.it\/radiotouring104\/wp-content\/uploads\/sites\/6\/2022\/02\/cropped-logo-radio-touring-104.png\",\"contentUrl\":\"https:\/\/progettotouring.it\/radiotouring104\/wp-content\/uploads\/sites\/6\/2022\/02\/cropped-logo-radio-touring-104.png\",\"width\":377,\"height\":182,\"caption\":\"Radio Touring 104\"},\"image\":{\"@id\":\"https:\/\/progettotouring.it\/radiotouring104\/#\/schema\/logo\/image\/\"}},{\"@type\":\"Person\",\"@id\":\"https:\/\/progettotouring.it\/radiotouring104\/#\/schema\/person\/78613917f1851f041f7483f5af1d422e\",\"name\":\"Sebastiano Plutino\",\"image\":{\"@type\":\"ImageObject\",\"inLanguage\":\"it-IT\",\"@id\":\"https:\/\/secure.gravatar.com\/avatar\/0546ffaa9b79224faf9f2a156b67a529ae861d3287c66c1d8ccfdf909bcba78d?s=96&d=mm&r=g\",\"url\":\"https:\/\/secure.gravatar.com\/avatar\/0546ffaa9b79224faf9f2a156b67a529ae861d3287c66c1d8ccfdf909bcba78d?s=96&d=mm&r=g\",\"contentUrl\":\"https:\/\/secure.gravatar.com\/avatar\/0546ffaa9b79224faf9f2a156b67a529ae861d3287c66c1d8ccfdf909bcba78d?s=96&d=mm&r=g\",\"caption\":\"Sebastiano Plutino\"},\"url\":\"https:\/\/progettotouring.it\/radiotouring104\/author\/sebastiano\/\"}]}<\/script>\n<!-- \/ Yoast SEO plugin. -->","yoast_head_json":{"title":"Autonomia, Nucera e Olivieri: \u201cLa Calabria ha tutto da guadagnare\u201d","description":"La nota sul 1\u00b0 documento prodotto dal Gruppo di Lavoro sull\u2019Autonomia, costituito il 6 settembre al convegno tenutosi a Sellia Marina.","robots":{"index":"index","follow":"follow","max-snippet":"max-snippet:-1","max-image-preview":"max-image-preview:large","max-video-preview":"max-video-preview:-1"},"canonical":"https:\/\/progettotouring.it\/radiotouring104\/2024\/09\/24\/autonomia-differenziata-nucera-e-olivieri-la-calabria-ha-tutto-da-guadagnare\/","og_locale":"it_IT","og_type":"article","og_title":"Autonomia, Nucera e Olivieri: \u201cLa Calabria ha tutto da guadagnare\u201d","og_description":"La nota sul 1\u00b0 documento prodotto dal Gruppo di Lavoro sull\u2019Autonomia, costituito il 6 settembre al convegno tenutosi a Sellia Marina.","og_url":"https:\/\/progettotouring.it\/radiotouring104\/2024\/09\/24\/autonomia-differenziata-nucera-e-olivieri-la-calabria-ha-tutto-da-guadagnare\/","og_site_name":"Radio Touring 104","article_published_time":"2024-09-24T08:03:57+00:00","article_modified_time":"2024-09-24T08:04:47+00:00","og_image":[{"width":800,"height":514,"url":"https:\/\/progettotouring.it\/radiotouring104\/wp-content\/uploads\/sites\/6\/2024\/09\/gruppo-lavoro-autonomia-differenziata.jpeg","type":"image\/jpeg"}],"author":"Sebastiano Plutino","twitter_card":"summary_large_image","twitter_misc":{"Scritto da":"Sebastiano Plutino","Tempo di lettura stimato":"7 minuti"},"schema":{"@context":"https:\/\/schema.org","@graph":[{"@type":"Article","@id":"https:\/\/progettotouring.it\/radiotouring104\/2024\/09\/24\/autonomia-differenziata-nucera-e-olivieri-la-calabria-ha-tutto-da-guadagnare\/#article","isPartOf":{"@id":"https:\/\/progettotouring.it\/radiotouring104\/2024\/09\/24\/autonomia-differenziata-nucera-e-olivieri-la-calabria-ha-tutto-da-guadagnare\/"},"author":{"name":"Sebastiano Plutino","@id":"https:\/\/progettotouring.it\/radiotouring104\/#\/schema\/person\/78613917f1851f041f7483f5af1d422e"},"headline":"Autonomia Differenziata, Nucera e Olivieri: \u201cLa Calabria ha tutto da guadagnare\u201d","datePublished":"2024-09-24T08:03:57+00:00","dateModified":"2024-09-24T08:04:47+00:00","mainEntityOfPage":{"@id":"https:\/\/progettotouring.it\/radiotouring104\/2024\/09\/24\/autonomia-differenziata-nucera-e-olivieri-la-calabria-ha-tutto-da-guadagnare\/"},"wordCount":1317,"publisher":{"@id":"https:\/\/progettotouring.it\/radiotouring104\/#organization"},"image":{"@id":"https:\/\/progettotouring.it\/radiotouring104\/2024\/09\/24\/autonomia-differenziata-nucera-e-olivieri-la-calabria-ha-tutto-da-guadagnare\/#primaryimage"},"thumbnailUrl":"https:\/\/progettotouring.it\/radiotouring104\/wp-content\/uploads\/sites\/6\/2024\/09\/gruppo-lavoro-autonomia-differenziata.jpeg","keywords":["autonomia differenziata","Giuseppe Nucera","Gruppo di Lavoro sull\u2019Autonomia","La Calabria che vogliamo","la calabria ha tutto da guadagnare","Sellia Marina"],"articleSection":["Home","News","Reggio Calabria"],"inLanguage":"it-IT"},{"@type":"WebPage","@id":"https:\/\/progettotouring.it\/radiotouring104\/2024\/09\/24\/autonomia-differenziata-nucera-e-olivieri-la-calabria-ha-tutto-da-guadagnare\/","url":"https:\/\/progettotouring.it\/radiotouring104\/2024\/09\/24\/autonomia-differenziata-nucera-e-olivieri-la-calabria-ha-tutto-da-guadagnare\/","name":"Autonomia, Nucera e Olivieri: \u201cLa Calabria ha tutto da guadagnare\u201d","isPartOf":{"@id":"https:\/\/progettotouring.it\/radiotouring104\/#website"},"primaryImageOfPage":{"@id":"https:\/\/progettotouring.it\/radiotouring104\/2024\/09\/24\/autonomia-differenziata-nucera-e-olivieri-la-calabria-ha-tutto-da-guadagnare\/#primaryimage"},"image":{"@id":"https:\/\/progettotouring.it\/radiotouring104\/2024\/09\/24\/autonomia-differenziata-nucera-e-olivieri-la-calabria-ha-tutto-da-guadagnare\/#primaryimage"},"thumbnailUrl":"https:\/\/progettotouring.it\/radiotouring104\/wp-content\/uploads\/sites\/6\/2024\/09\/gruppo-lavoro-autonomia-differenziata.jpeg","datePublished":"2024-09-24T08:03:57+00:00","dateModified":"2024-09-24T08:04:47+00:00","description":"La nota sul 1\u00b0 documento prodotto dal Gruppo di Lavoro sull\u2019Autonomia, costituito il 6 settembre al convegno tenutosi a Sellia Marina.","breadcrumb":{"@id":"https:\/\/progettotouring.it\/radiotouring104\/2024\/09\/24\/autonomia-differenziata-nucera-e-olivieri-la-calabria-ha-tutto-da-guadagnare\/#breadcrumb"},"inLanguage":"it-IT","potentialAction":[{"@type":"ReadAction","target":["https:\/\/progettotouring.it\/radiotouring104\/2024\/09\/24\/autonomia-differenziata-nucera-e-olivieri-la-calabria-ha-tutto-da-guadagnare\/"]}]},{"@type":"ImageObject","inLanguage":"it-IT","@id":"https:\/\/progettotouring.it\/radiotouring104\/2024\/09\/24\/autonomia-differenziata-nucera-e-olivieri-la-calabria-ha-tutto-da-guadagnare\/#primaryimage","url":"https:\/\/progettotouring.it\/radiotouring104\/wp-content\/uploads\/sites\/6\/2024\/09\/gruppo-lavoro-autonomia-differenziata.jpeg","contentUrl":"https:\/\/progettotouring.it\/radiotouring104\/wp-content\/uploads\/sites\/6\/2024\/09\/gruppo-lavoro-autonomia-differenziata.jpeg","width":800,"height":514},{"@type":"BreadcrumbList","@id":"https:\/\/progettotouring.it\/radiotouring104\/2024\/09\/24\/autonomia-differenziata-nucera-e-olivieri-la-calabria-ha-tutto-da-guadagnare\/#breadcrumb","itemListElement":[{"@type":"ListItem","position":1,"name":"Home","item":"https:\/\/progettotouring.it\/radiotouring104\/"},{"@type":"ListItem","position":2,"name":"Autonomia Differenziata, Nucera e Olivieri: \u201cLa Calabria ha tutto da guadagnare\u201d"}]},{"@type":"WebSite","@id":"https:\/\/progettotouring.it\/radiotouring104\/#website","url":"https:\/\/progettotouring.it\/radiotouring104\/","name":"Radio Touring 104","description":"La prima radio Reggina","publisher":{"@id":"https:\/\/progettotouring.it\/radiotouring104\/#organization"},"potentialAction":[{"@type":"SearchAction","target":{"@type":"EntryPoint","urlTemplate":"https:\/\/progettotouring.it\/radiotouring104\/?s={search_term_string}"},"query-input":{"@type":"PropertyValueSpecification","valueRequired":true,"valueName":"search_term_string"}}],"inLanguage":"it-IT"},{"@type":"Organization","@id":"https:\/\/progettotouring.it\/radiotouring104\/#organization","name":"Radio Touring 104","url":"https:\/\/progettotouring.it\/radiotouring104\/","logo":{"@type":"ImageObject","inLanguage":"it-IT","@id":"https:\/\/progettotouring.it\/radiotouring104\/#\/schema\/logo\/image\/","url":"https:\/\/progettotouring.it\/radiotouring104\/wp-content\/uploads\/sites\/6\/2022\/02\/cropped-logo-radio-touring-104.png","contentUrl":"https:\/\/progettotouring.it\/radiotouring104\/wp-content\/uploads\/sites\/6\/2022\/02\/cropped-logo-radio-touring-104.png","width":377,"height":182,"caption":"Radio Touring 104"},"image":{"@id":"https:\/\/progettotouring.it\/radiotouring104\/#\/schema\/logo\/image\/"}},{"@type":"Person","@id":"https:\/\/progettotouring.it\/radiotouring104\/#\/schema\/person\/78613917f1851f041f7483f5af1d422e","name":"Sebastiano Plutino","image":{"@type":"ImageObject","inLanguage":"it-IT","@id":"https:\/\/secure.gravatar.com\/avatar\/0546ffaa9b79224faf9f2a156b67a529ae861d3287c66c1d8ccfdf909bcba78d?s=96&d=mm&r=g","url":"https:\/\/secure.gravatar.com\/avatar\/0546ffaa9b79224faf9f2a156b67a529ae861d3287c66c1d8ccfdf909bcba78d?s=96&d=mm&r=g","contentUrl":"https:\/\/secure.gravatar.com\/avatar\/0546ffaa9b79224faf9f2a156b67a529ae861d3287c66c1d8ccfdf909bcba78d?s=96&d=mm&r=g","caption":"Sebastiano Plutino"},"url":"https:\/\/progettotouring.it\/radiotouring104\/author\/sebastiano\/"}]}},"jetpack_publicize_connections":[],"jetpack_featured_media_url":"https:\/\/progettotouring.it\/radiotouring104\/wp-content\/uploads\/sites\/6\/2024\/09\/gruppo-lavoro-autonomia-differenziata.jpeg","jetpack_sharing_enabled":true,"_links":{"self":[{"href":"https:\/\/progettotouring.it\/radiotouring104\/wp-json\/wp\/v2\/posts\/58265","targetHints":{"allow":["GET"]}}],"collection":[{"href":"https:\/\/progettotouring.it\/radiotouring104\/wp-json\/wp\/v2\/posts"}],"about":[{"href":"https:\/\/progettotouring.it\/radiotouring104\/wp-json\/wp\/v2\/types\/post"}],"author":[{"embeddable":true,"href":"https:\/\/progettotouring.it\/radiotouring104\/wp-json\/wp\/v2\/users\/12"}],"replies":[{"embeddable":true,"href":"https:\/\/progettotouring.it\/radiotouring104\/wp-json\/wp\/v2\/comments?post=58265"}],"version-history":[{"count":2,"href":"https:\/\/progettotouring.it\/radiotouring104\/wp-json\/wp\/v2\/posts\/58265\/revisions"}],"predecessor-version":[{"id":58268,"href":"https:\/\/progettotouring.it\/radiotouring104\/wp-json\/wp\/v2\/posts\/58265\/revisions\/58268"}],"wp:featuredmedia":[{"embeddable":true,"href":"https:\/\/progettotouring.it\/radiotouring104\/wp-json\/wp\/v2\/media\/58266"}],"wp:attachment":[{"href":"https:\/\/progettotouring.it\/radiotouring104\/wp-json\/wp\/v2\/media?parent=58265"}],"wp:term":[{"taxonomy":"category","embeddable":true,"href":"https:\/\/progettotouring.it\/radiotouring104\/wp-json\/wp\/v2\/categories?post=58265"},{"taxonomy":"post_tag","embeddable":true,"href":"https:\/\/progettotouring.it\/radiotouring104\/wp-json\/wp\/v2\/tags?post=58265"}],"curies":[{"name":"wp","href":"https:\/\/api.w.org\/{rel}","templated":true}]}}