{"id":58270,"date":"2024-09-24T10:14:25","date_gmt":"2024-09-24T08:14:25","guid":{"rendered":"https:\/\/progettotouring.it\/radiotouring104\/?p=58270"},"modified":"2024-09-24T10:30:21","modified_gmt":"2024-09-24T08:30:21","slug":"reggio-venerdi-la-premiazione-dei-vincitori-del-concorso-gonfia-la-rete-promosso-dal-co-re-com","status":"publish","type":"post","link":"https:\/\/progettotouring.it\/radiotouring104\/2024\/09\/24\/reggio-venerdi-la-premiazione-dei-vincitori-del-concorso-gonfia-la-rete-promosso-dal-co-re-com\/","title":{"rendered":"Reggio: al Consiglio regionale la premiazione dei vincitori del concorso &#8220;Gonfia la rete&#8221;, promosso dal Co.re.com"},"content":{"rendered":"<p style=\"text-align: justify\"><strong>L\u2019evento conclusivo della terza edizione del concorso<\/strong> \u201cGonfia la Rete, Vinci sul Web\u201d<strong>, promosso dal Co.re.com. Calabria, si terr\u00e0 il 27 settembre alle ore 10:30,<\/strong> nella suggestiva cornice della sala &#8220;F. Fortugno&#8221; del Consiglio regionale della Calabria. <strong>La cerimonia di premiazione<\/strong>, attesa con grande entusiasmo, <strong>vedr\u00e0 la consegna dei riconoscimenti ai vincitori<\/strong> e agli assegnatari delle menzioni speciali, selezionati con grande cura dalla giuria.<\/p>\n<p style=\"text-align: justify\">A presiedere la commissione giudicatrice l\u2019Assessore regionale alla Cultura e alle Politiche Giovanili,<strong> Caterina Capponi,<\/strong> affiancata da<strong> Giuseppe Soluri,<\/strong> Presidente regionale dell&#8217;Ordine dei Giornalisti, e da <strong>Maurizio Priolo,<\/strong> Direttore del Co.re.com. Calabria. La giuria, composta da figure di spicco nei rispettivi settori, ha attentamente valutato le opere, premiando i giovani che si sono distinti per originalit\u00e0 e capacit\u00e0 di interpretare al meglio i temi del concorso.<\/p>\n<p style=\"text-align: justify\"><strong>L\u2019iniziativa<\/strong> rientra in una serie di azioni messe in campo dal <strong>Co.re.com. Calabria<\/strong>, sotto la guida del Presidente Fulvio Scarpino, del Vicepresidente <strong>Mario Mazza<\/strong> e del Segretario <strong>Pasquale Petrolo,<\/strong> volte a promuovere un utilizzo consapevole del web e dei social media, specialmente tra i pi\u00f9 giovani. In un contesto in cui il dibattito sui rischi legati all&#8217;uso eccessivo delle tecnologie digitali \u00e8 sempre pi\u00f9 acceso, il Co.re.com. Calabria si pone come protagonista nella promozione di un approccio responsabile e sicuro all\u2019ambiente digitale.<\/p>\n<p style=\"text-align: justify\">Il tema del concorso \u00e8 particolarmente attuale, soprattutto alla luce delle recenti direttive del Ministro dell\u2019Istruzione, che ha vietato l&#8217;uso degli smartphone nelle scuole primarie e secondarie di primo grado. Psicologi, psicoterapeuti e pedagoghi hanno recentemente lanciato un appello per vietare l\u2019uso degli smartphone fino ai 14 anni e limitare l\u2019accesso ai social media fino ai 16. Mentre il dibattito pubblico su queste questioni si intensifica e si attendono nuove normative nei prossimi mesi, il Co.re.com. Calabria continua a sensibilizzare l\u2019opinione pubblica sull\u2019importanza di fissare dei limiti adeguati all\u2019uso delle tecnologie, soprattutto nell\u2019et\u00e0 evolutiva.<\/p>\n<p style=\"text-align: justify\">A conferma dell\u2019importanza dell\u2019iniziativa,<strong> durante la cerimonia del 27 settembre interverranno anche il Garante per<\/strong> l&#8217;Infanzia e l&#8217;Adolescenza,<strong> Antonio Marziale,<\/strong> e la Presidente della Commissione Pari Opportunit\u00e0 della Calabria,<strong> Anna De Gaio.<\/strong> Le loro autorevoli voci arricchiranno il dibattito su come tutelare i pi\u00f9 giovani e guidarli verso un utilizzo consapevole e responsabile del web.<\/p>\n<p style=\"text-align: justify\">Il crescente successo del concorso testimonia l\u2019impegno del Co.re.com. Calabria nel promuovere una cultura digitale consapevole. L\u2019evento del 27 settembre non sar\u00e0 solo un momento di celebrazione per i vincitori, ma anche un&#8217;occasione di riflessione sulla protezione dei minori e sul ruolo centrale che il Co.re.com. Calabria, in sinergia con altre istituzioni, sta svolgendo in questa importante battaglia culturale e sociale.<\/p>\n","protected":false},"excerpt":{"rendered":"<p>L\u2019evento conclusivo della terza edizione del concorso \u201cGonfia la Rete, Vinci sul Web\u201d, promosso dal Co.re.com. Calabria, si terr\u00e0 il 27 settembre alle ore 10:30, nella suggestiva cornice della sala&hellip;<\/p>\n","protected":false},"author":12,"featured_media":58271,"comment_status":"closed","ping_status":"open","sticky":false,"template":"","format":"standard","meta":{"_jetpack_memberships_contains_paid_content":false,"footnotes":"","jetpack_publicize_message":"","jetpack_publicize_feature_enabled":true,"jetpack_social_post_already_shared":false,"jetpack_social_options":{"image_generator_settings":{"template":"highway","default_image_id":0,"font":"","enabled":false},"version":2}},"categories":[921,196,140],"tags":[10919,5248,5764,5636,5637,5638],"class_list":["post-58270","post","type-post","status-publish","format-standard","has-post-thumbnail","hentry","category-home","category-news","category-reggio-calabria","tag-co-re-com-calabria","tag-concorso-gonfia-la-rete","tag-consiglio-regionale-della-calabria","tag-fulvio-scarpino","tag-mario-mazza","tag-pasquale-petrolo"],"yoast_head":"<!-- This site is optimized with the Yoast SEO plugin v27.2 - https:\/\/yoast.com\/product\/yoast-seo-wordpress\/ -->\n<title>Reggio: premiazione dei vincitori del concorso &quot;Gonfia la rete&quot;<\/title>\n<meta name=\"description\" content=\"Si terr\u00e0 il 27 settembre, alle 10:30, al Consiglio Regionale la premiazione del concorso &quot;Gonfia la rete&quot;, promosso dal Co.re.com\" \/>\n<meta name=\"robots\" content=\"index, follow, max-snippet:-1, max-image-preview:large, max-video-preview:-1\" \/>\n<link rel=\"canonical\" href=\"https:\/\/progettotouring.it\/radiotouring104\/2024\/09\/24\/reggio-venerdi-la-premiazione-dei-vincitori-del-concorso-gonfia-la-rete-promosso-dal-co-re-com\/\" \/>\n<meta property=\"og:locale\" content=\"it_IT\" \/>\n<meta property=\"og:type\" content=\"article\" \/>\n<meta property=\"og:title\" content=\"Reggio: premiazione dei vincitori del concorso &quot;Gonfia la rete&quot;\" \/>\n<meta property=\"og:description\" content=\"Si terr\u00e0 il 27 settembre, alle 10:30, al Consiglio Regionale la premiazione del concorso &quot;Gonfia la rete&quot;, promosso dal Co.re.com\" \/>\n<meta property=\"og:url\" content=\"https:\/\/progettotouring.it\/radiotouring104\/2024\/09\/24\/reggio-venerdi-la-premiazione-dei-vincitori-del-concorso-gonfia-la-rete-promosso-dal-co-re-com\/\" \/>\n<meta property=\"og:site_name\" content=\"Radio Touring 104\" \/>\n<meta property=\"article:published_time\" content=\"2024-09-24T08:14:25+00:00\" \/>\n<meta property=\"article:modified_time\" content=\"2024-09-24T08:30:21+00:00\" \/>\n<meta property=\"og:image\" content=\"https:\/\/progettotouring.it\/radiotouring104\/wp-content\/uploads\/sites\/6\/2024\/09\/Corecom-Calabria-gonfia-la-rete.jpeg\" \/>\n\t<meta property=\"og:image:width\" content=\"1600\" \/>\n\t<meta property=\"og:image:height\" content=\"1200\" \/>\n\t<meta property=\"og:image:type\" content=\"image\/jpeg\" \/>\n<meta name=\"author\" content=\"Sebastiano Plutino\" \/>\n<meta name=\"twitter:card\" content=\"summary_large_image\" \/>\n<meta name=\"twitter:label1\" content=\"Scritto da\" \/>\n\t<meta name=\"twitter:data1\" content=\"Sebastiano Plutino\" \/>\n\t<meta name=\"twitter:label2\" content=\"Tempo di lettura stimato\" \/>\n\t<meta name=\"twitter:data2\" content=\"2 minuti\" \/>\n<script type=\"application\/ld+json\" class=\"yoast-schema-graph\">{\"@context\":\"https:\/\/schema.org\",\"@graph\":[{\"@type\":\"Article\",\"@id\":\"https:\/\/progettotouring.it\/radiotouring104\/2024\/09\/24\/reggio-venerdi-la-premiazione-dei-vincitori-del-concorso-gonfia-la-rete-promosso-dal-co-re-com\/#article\",\"isPartOf\":{\"@id\":\"https:\/\/progettotouring.it\/radiotouring104\/2024\/09\/24\/reggio-venerdi-la-premiazione-dei-vincitori-del-concorso-gonfia-la-rete-promosso-dal-co-re-com\/\"},\"author\":{\"name\":\"Sebastiano Plutino\",\"@id\":\"https:\/\/progettotouring.it\/radiotouring104\/#\/schema\/person\/78613917f1851f041f7483f5af1d422e\"},\"headline\":\"Reggio: al Consiglio regionale la premiazione dei vincitori del concorso &#8220;Gonfia la rete&#8221;, promosso dal Co.re.com\",\"datePublished\":\"2024-09-24T08:14:25+00:00\",\"dateModified\":\"2024-09-24T08:30:21+00:00\",\"mainEntityOfPage\":{\"@id\":\"https:\/\/progettotouring.it\/radiotouring104\/2024\/09\/24\/reggio-venerdi-la-premiazione-dei-vincitori-del-concorso-gonfia-la-rete-promosso-dal-co-re-com\/\"},\"wordCount\":461,\"publisher\":{\"@id\":\"https:\/\/progettotouring.it\/radiotouring104\/#organization\"},\"image\":{\"@id\":\"https:\/\/progettotouring.it\/radiotouring104\/2024\/09\/24\/reggio-venerdi-la-premiazione-dei-vincitori-del-concorso-gonfia-la-rete-promosso-dal-co-re-com\/#primaryimage\"},\"thumbnailUrl\":\"https:\/\/progettotouring.it\/radiotouring104\/wp-content\/uploads\/sites\/6\/2024\/09\/Corecom-Calabria-gonfia-la-rete.jpeg\",\"keywords\":[\"Co.Re.Com\u00a0Calabria\",\"Concorso Gonfia la rete\",\"Consiglio regionale della Calabria\",\"Fulvio Scarpino\",\"Mario Mazza\",\"Pasquale Petrolo\"],\"articleSection\":[\"Home\",\"News\",\"Reggio Calabria\"],\"inLanguage\":\"it-IT\"},{\"@type\":\"WebPage\",\"@id\":\"https:\/\/progettotouring.it\/radiotouring104\/2024\/09\/24\/reggio-venerdi-la-premiazione-dei-vincitori-del-concorso-gonfia-la-rete-promosso-dal-co-re-com\/\",\"url\":\"https:\/\/progettotouring.it\/radiotouring104\/2024\/09\/24\/reggio-venerdi-la-premiazione-dei-vincitori-del-concorso-gonfia-la-rete-promosso-dal-co-re-com\/\",\"name\":\"Reggio: premiazione dei vincitori del concorso \\\"Gonfia la rete\\\"\",\"isPartOf\":{\"@id\":\"https:\/\/progettotouring.it\/radiotouring104\/#website\"},\"primaryImageOfPage\":{\"@id\":\"https:\/\/progettotouring.it\/radiotouring104\/2024\/09\/24\/reggio-venerdi-la-premiazione-dei-vincitori-del-concorso-gonfia-la-rete-promosso-dal-co-re-com\/#primaryimage\"},\"image\":{\"@id\":\"https:\/\/progettotouring.it\/radiotouring104\/2024\/09\/24\/reggio-venerdi-la-premiazione-dei-vincitori-del-concorso-gonfia-la-rete-promosso-dal-co-re-com\/#primaryimage\"},\"thumbnailUrl\":\"https:\/\/progettotouring.it\/radiotouring104\/wp-content\/uploads\/sites\/6\/2024\/09\/Corecom-Calabria-gonfia-la-rete.jpeg\",\"datePublished\":\"2024-09-24T08:14:25+00:00\",\"dateModified\":\"2024-09-24T08:30:21+00:00\",\"description\":\"Si terr\u00e0 il 27 settembre, alle 10:30, al Consiglio Regionale la premiazione del concorso \\\"Gonfia la rete\\\", promosso dal Co.re.com\",\"breadcrumb\":{\"@id\":\"https:\/\/progettotouring.it\/radiotouring104\/2024\/09\/24\/reggio-venerdi-la-premiazione-dei-vincitori-del-concorso-gonfia-la-rete-promosso-dal-co-re-com\/#breadcrumb\"},\"inLanguage\":\"it-IT\",\"potentialAction\":[{\"@type\":\"ReadAction\",\"target\":[\"https:\/\/progettotouring.it\/radiotouring104\/2024\/09\/24\/reggio-venerdi-la-premiazione-dei-vincitori-del-concorso-gonfia-la-rete-promosso-dal-co-re-com\/\"]}]},{\"@type\":\"ImageObject\",\"inLanguage\":\"it-IT\",\"@id\":\"https:\/\/progettotouring.it\/radiotouring104\/2024\/09\/24\/reggio-venerdi-la-premiazione-dei-vincitori-del-concorso-gonfia-la-rete-promosso-dal-co-re-com\/#primaryimage\",\"url\":\"https:\/\/progettotouring.it\/radiotouring104\/wp-content\/uploads\/sites\/6\/2024\/09\/Corecom-Calabria-gonfia-la-rete.jpeg\",\"contentUrl\":\"https:\/\/progettotouring.it\/radiotouring104\/wp-content\/uploads\/sites\/6\/2024\/09\/Corecom-Calabria-gonfia-la-rete.jpeg\",\"width\":1600,\"height\":1200},{\"@type\":\"BreadcrumbList\",\"@id\":\"https:\/\/progettotouring.it\/radiotouring104\/2024\/09\/24\/reggio-venerdi-la-premiazione-dei-vincitori-del-concorso-gonfia-la-rete-promosso-dal-co-re-com\/#breadcrumb\",\"itemListElement\":[{\"@type\":\"ListItem\",\"position\":1,\"name\":\"Home\",\"item\":\"https:\/\/progettotouring.it\/radiotouring104\/\"},{\"@type\":\"ListItem\",\"position\":2,\"name\":\"Reggio: al Consiglio regionale la premiazione dei vincitori del concorso &#8220;Gonfia la rete&#8221;, promosso dal Co.re.com\"}]},{\"@type\":\"WebSite\",\"@id\":\"https:\/\/progettotouring.it\/radiotouring104\/#website\",\"url\":\"https:\/\/progettotouring.it\/radiotouring104\/\",\"name\":\"Radio Touring 104\",\"description\":\"La prima radio Reggina\",\"publisher\":{\"@id\":\"https:\/\/progettotouring.it\/radiotouring104\/#organization\"},\"potentialAction\":[{\"@type\":\"SearchAction\",\"target\":{\"@type\":\"EntryPoint\",\"urlTemplate\":\"https:\/\/progettotouring.it\/radiotouring104\/?s={search_term_string}\"},\"query-input\":{\"@type\":\"PropertyValueSpecification\",\"valueRequired\":true,\"valueName\":\"search_term_string\"}}],\"inLanguage\":\"it-IT\"},{\"@type\":\"Organization\",\"@id\":\"https:\/\/progettotouring.it\/radiotouring104\/#organization\",\"name\":\"Radio Touring 104\",\"url\":\"https:\/\/progettotouring.it\/radiotouring104\/\",\"logo\":{\"@type\":\"ImageObject\",\"inLanguage\":\"it-IT\",\"@id\":\"https:\/\/progettotouring.it\/radiotouring104\/#\/schema\/logo\/image\/\",\"url\":\"https:\/\/progettotouring.it\/radiotouring104\/wp-content\/uploads\/sites\/6\/2022\/02\/cropped-logo-radio-touring-104.png\",\"contentUrl\":\"https:\/\/progettotouring.it\/radiotouring104\/wp-content\/uploads\/sites\/6\/2022\/02\/cropped-logo-radio-touring-104.png\",\"width\":377,\"height\":182,\"caption\":\"Radio Touring 104\"},\"image\":{\"@id\":\"https:\/\/progettotouring.it\/radiotouring104\/#\/schema\/logo\/image\/\"}},{\"@type\":\"Person\",\"@id\":\"https:\/\/progettotouring.it\/radiotouring104\/#\/schema\/person\/78613917f1851f041f7483f5af1d422e\",\"name\":\"Sebastiano Plutino\",\"image\":{\"@type\":\"ImageObject\",\"inLanguage\":\"it-IT\",\"@id\":\"https:\/\/secure.gravatar.com\/avatar\/0546ffaa9b79224faf9f2a156b67a529ae861d3287c66c1d8ccfdf909bcba78d?s=96&d=mm&r=g\",\"url\":\"https:\/\/secure.gravatar.com\/avatar\/0546ffaa9b79224faf9f2a156b67a529ae861d3287c66c1d8ccfdf909bcba78d?s=96&d=mm&r=g\",\"contentUrl\":\"https:\/\/secure.gravatar.com\/avatar\/0546ffaa9b79224faf9f2a156b67a529ae861d3287c66c1d8ccfdf909bcba78d?s=96&d=mm&r=g\",\"caption\":\"Sebastiano Plutino\"},\"url\":\"https:\/\/progettotouring.it\/radiotouring104\/author\/sebastiano\/\"}]}<\/script>\n<!-- \/ Yoast SEO plugin. -->","yoast_head_json":{"title":"Reggio: premiazione dei vincitori del concorso \"Gonfia la rete\"","description":"Si terr\u00e0 il 27 settembre, alle 10:30, al Consiglio Regionale la premiazione del concorso \"Gonfia la rete\", promosso dal Co.re.com","robots":{"index":"index","follow":"follow","max-snippet":"max-snippet:-1","max-image-preview":"max-image-preview:large","max-video-preview":"max-video-preview:-1"},"canonical":"https:\/\/progettotouring.it\/radiotouring104\/2024\/09\/24\/reggio-venerdi-la-premiazione-dei-vincitori-del-concorso-gonfia-la-rete-promosso-dal-co-re-com\/","og_locale":"it_IT","og_type":"article","og_title":"Reggio: premiazione dei vincitori del concorso \"Gonfia la rete\"","og_description":"Si terr\u00e0 il 27 settembre, alle 10:30, al Consiglio Regionale la premiazione del concorso \"Gonfia la rete\", promosso dal Co.re.com","og_url":"https:\/\/progettotouring.it\/radiotouring104\/2024\/09\/24\/reggio-venerdi-la-premiazione-dei-vincitori-del-concorso-gonfia-la-rete-promosso-dal-co-re-com\/","og_site_name":"Radio Touring 104","article_published_time":"2024-09-24T08:14:25+00:00","article_modified_time":"2024-09-24T08:30:21+00:00","og_image":[{"width":1600,"height":1200,"url":"https:\/\/progettotouring.it\/radiotouring104\/wp-content\/uploads\/sites\/6\/2024\/09\/Corecom-Calabria-gonfia-la-rete.jpeg","type":"image\/jpeg"}],"author":"Sebastiano Plutino","twitter_card":"summary_large_image","twitter_misc":{"Scritto da":"Sebastiano Plutino","Tempo di lettura stimato":"2 minuti"},"schema":{"@context":"https:\/\/schema.org","@graph":[{"@type":"Article","@id":"https:\/\/progettotouring.it\/radiotouring104\/2024\/09\/24\/reggio-venerdi-la-premiazione-dei-vincitori-del-concorso-gonfia-la-rete-promosso-dal-co-re-com\/#article","isPartOf":{"@id":"https:\/\/progettotouring.it\/radiotouring104\/2024\/09\/24\/reggio-venerdi-la-premiazione-dei-vincitori-del-concorso-gonfia-la-rete-promosso-dal-co-re-com\/"},"author":{"name":"Sebastiano Plutino","@id":"https:\/\/progettotouring.it\/radiotouring104\/#\/schema\/person\/78613917f1851f041f7483f5af1d422e"},"headline":"Reggio: al Consiglio regionale la premiazione dei vincitori del concorso &#8220;Gonfia la rete&#8221;, promosso dal Co.re.com","datePublished":"2024-09-24T08:14:25+00:00","dateModified":"2024-09-24T08:30:21+00:00","mainEntityOfPage":{"@id":"https:\/\/progettotouring.it\/radiotouring104\/2024\/09\/24\/reggio-venerdi-la-premiazione-dei-vincitori-del-concorso-gonfia-la-rete-promosso-dal-co-re-com\/"},"wordCount":461,"publisher":{"@id":"https:\/\/progettotouring.it\/radiotouring104\/#organization"},"image":{"@id":"https:\/\/progettotouring.it\/radiotouring104\/2024\/09\/24\/reggio-venerdi-la-premiazione-dei-vincitori-del-concorso-gonfia-la-rete-promosso-dal-co-re-com\/#primaryimage"},"thumbnailUrl":"https:\/\/progettotouring.it\/radiotouring104\/wp-content\/uploads\/sites\/6\/2024\/09\/Corecom-Calabria-gonfia-la-rete.jpeg","keywords":["Co.Re.Com\u00a0Calabria","Concorso Gonfia la rete","Consiglio regionale della Calabria","Fulvio Scarpino","Mario Mazza","Pasquale Petrolo"],"articleSection":["Home","News","Reggio Calabria"],"inLanguage":"it-IT"},{"@type":"WebPage","@id":"https:\/\/progettotouring.it\/radiotouring104\/2024\/09\/24\/reggio-venerdi-la-premiazione-dei-vincitori-del-concorso-gonfia-la-rete-promosso-dal-co-re-com\/","url":"https:\/\/progettotouring.it\/radiotouring104\/2024\/09\/24\/reggio-venerdi-la-premiazione-dei-vincitori-del-concorso-gonfia-la-rete-promosso-dal-co-re-com\/","name":"Reggio: premiazione dei vincitori del concorso \"Gonfia la rete\"","isPartOf":{"@id":"https:\/\/progettotouring.it\/radiotouring104\/#website"},"primaryImageOfPage":{"@id":"https:\/\/progettotouring.it\/radiotouring104\/2024\/09\/24\/reggio-venerdi-la-premiazione-dei-vincitori-del-concorso-gonfia-la-rete-promosso-dal-co-re-com\/#primaryimage"},"image":{"@id":"https:\/\/progettotouring.it\/radiotouring104\/2024\/09\/24\/reggio-venerdi-la-premiazione-dei-vincitori-del-concorso-gonfia-la-rete-promosso-dal-co-re-com\/#primaryimage"},"thumbnailUrl":"https:\/\/progettotouring.it\/radiotouring104\/wp-content\/uploads\/sites\/6\/2024\/09\/Corecom-Calabria-gonfia-la-rete.jpeg","datePublished":"2024-09-24T08:14:25+00:00","dateModified":"2024-09-24T08:30:21+00:00","description":"Si terr\u00e0 il 27 settembre, alle 10:30, al Consiglio Regionale la premiazione del concorso \"Gonfia la rete\", promosso dal Co.re.com","breadcrumb":{"@id":"https:\/\/progettotouring.it\/radiotouring104\/2024\/09\/24\/reggio-venerdi-la-premiazione-dei-vincitori-del-concorso-gonfia-la-rete-promosso-dal-co-re-com\/#breadcrumb"},"inLanguage":"it-IT","potentialAction":[{"@type":"ReadAction","target":["https:\/\/progettotouring.it\/radiotouring104\/2024\/09\/24\/reggio-venerdi-la-premiazione-dei-vincitori-del-concorso-gonfia-la-rete-promosso-dal-co-re-com\/"]}]},{"@type":"ImageObject","inLanguage":"it-IT","@id":"https:\/\/progettotouring.it\/radiotouring104\/2024\/09\/24\/reggio-venerdi-la-premiazione-dei-vincitori-del-concorso-gonfia-la-rete-promosso-dal-co-re-com\/#primaryimage","url":"https:\/\/progettotouring.it\/radiotouring104\/wp-content\/uploads\/sites\/6\/2024\/09\/Corecom-Calabria-gonfia-la-rete.jpeg","contentUrl":"https:\/\/progettotouring.it\/radiotouring104\/wp-content\/uploads\/sites\/6\/2024\/09\/Corecom-Calabria-gonfia-la-rete.jpeg","width":1600,"height":1200},{"@type":"BreadcrumbList","@id":"https:\/\/progettotouring.it\/radiotouring104\/2024\/09\/24\/reggio-venerdi-la-premiazione-dei-vincitori-del-concorso-gonfia-la-rete-promosso-dal-co-re-com\/#breadcrumb","itemListElement":[{"@type":"ListItem","position":1,"name":"Home","item":"https:\/\/progettotouring.it\/radiotouring104\/"},{"@type":"ListItem","position":2,"name":"Reggio: al Consiglio regionale la premiazione dei vincitori del concorso &#8220;Gonfia la rete&#8221;, promosso dal Co.re.com"}]},{"@type":"WebSite","@id":"https:\/\/progettotouring.it\/radiotouring104\/#website","url":"https:\/\/progettotouring.it\/radiotouring104\/","name":"Radio Touring 104","description":"La prima radio Reggina","publisher":{"@id":"https:\/\/progettotouring.it\/radiotouring104\/#organization"},"potentialAction":[{"@type":"SearchAction","target":{"@type":"EntryPoint","urlTemplate":"https:\/\/progettotouring.it\/radiotouring104\/?s={search_term_string}"},"query-input":{"@type":"PropertyValueSpecification","valueRequired":true,"valueName":"search_term_string"}}],"inLanguage":"it-IT"},{"@type":"Organization","@id":"https:\/\/progettotouring.it\/radiotouring104\/#organization","name":"Radio Touring 104","url":"https:\/\/progettotouring.it\/radiotouring104\/","logo":{"@type":"ImageObject","inLanguage":"it-IT","@id":"https:\/\/progettotouring.it\/radiotouring104\/#\/schema\/logo\/image\/","url":"https:\/\/progettotouring.it\/radiotouring104\/wp-content\/uploads\/sites\/6\/2022\/02\/cropped-logo-radio-touring-104.png","contentUrl":"https:\/\/progettotouring.it\/radiotouring104\/wp-content\/uploads\/sites\/6\/2022\/02\/cropped-logo-radio-touring-104.png","width":377,"height":182,"caption":"Radio Touring 104"},"image":{"@id":"https:\/\/progettotouring.it\/radiotouring104\/#\/schema\/logo\/image\/"}},{"@type":"Person","@id":"https:\/\/progettotouring.it\/radiotouring104\/#\/schema\/person\/78613917f1851f041f7483f5af1d422e","name":"Sebastiano Plutino","image":{"@type":"ImageObject","inLanguage":"it-IT","@id":"https:\/\/secure.gravatar.com\/avatar\/0546ffaa9b79224faf9f2a156b67a529ae861d3287c66c1d8ccfdf909bcba78d?s=96&d=mm&r=g","url":"https:\/\/secure.gravatar.com\/avatar\/0546ffaa9b79224faf9f2a156b67a529ae861d3287c66c1d8ccfdf909bcba78d?s=96&d=mm&r=g","contentUrl":"https:\/\/secure.gravatar.com\/avatar\/0546ffaa9b79224faf9f2a156b67a529ae861d3287c66c1d8ccfdf909bcba78d?s=96&d=mm&r=g","caption":"Sebastiano Plutino"},"url":"https:\/\/progettotouring.it\/radiotouring104\/author\/sebastiano\/"}]}},"jetpack_publicize_connections":[],"jetpack_featured_media_url":"https:\/\/progettotouring.it\/radiotouring104\/wp-content\/uploads\/sites\/6\/2024\/09\/Corecom-Calabria-gonfia-la-rete.jpeg","jetpack_sharing_enabled":true,"_links":{"self":[{"href":"https:\/\/progettotouring.it\/radiotouring104\/wp-json\/wp\/v2\/posts\/58270","targetHints":{"allow":["GET"]}}],"collection":[{"href":"https:\/\/progettotouring.it\/radiotouring104\/wp-json\/wp\/v2\/posts"}],"about":[{"href":"https:\/\/progettotouring.it\/radiotouring104\/wp-json\/wp\/v2\/types\/post"}],"author":[{"embeddable":true,"href":"https:\/\/progettotouring.it\/radiotouring104\/wp-json\/wp\/v2\/users\/12"}],"replies":[{"embeddable":true,"href":"https:\/\/progettotouring.it\/radiotouring104\/wp-json\/wp\/v2\/comments?post=58270"}],"version-history":[{"count":4,"href":"https:\/\/progettotouring.it\/radiotouring104\/wp-json\/wp\/v2\/posts\/58270\/revisions"}],"predecessor-version":[{"id":58280,"href":"https:\/\/progettotouring.it\/radiotouring104\/wp-json\/wp\/v2\/posts\/58270\/revisions\/58280"}],"wp:featuredmedia":[{"embeddable":true,"href":"https:\/\/progettotouring.it\/radiotouring104\/wp-json\/wp\/v2\/media\/58271"}],"wp:attachment":[{"href":"https:\/\/progettotouring.it\/radiotouring104\/wp-json\/wp\/v2\/media?parent=58270"}],"wp:term":[{"taxonomy":"category","embeddable":true,"href":"https:\/\/progettotouring.it\/radiotouring104\/wp-json\/wp\/v2\/categories?post=58270"},{"taxonomy":"post_tag","embeddable":true,"href":"https:\/\/progettotouring.it\/radiotouring104\/wp-json\/wp\/v2\/tags?post=58270"}],"curies":[{"name":"wp","href":"https:\/\/api.w.org\/{rel}","templated":true}]}}