{"id":58281,"date":"2024-09-24T10:36:10","date_gmt":"2024-09-24T08:36:10","guid":{"rendered":"https:\/\/progettotouring.it\/radiotouring104\/?p=58281"},"modified":"2024-09-24T10:41:52","modified_gmt":"2024-09-24T08:41:52","slug":"reggio-stasera-al-planetarium-lezione-del-prof-cordi-su-einstein","status":"publish","type":"post","link":"https:\/\/progettotouring.it\/radiotouring104\/2024\/09\/24\/reggio-stasera-al-planetarium-lezione-del-prof-cordi-su-einstein\/","title":{"rendered":"Reggio: stasera al Planetarium lezione del prof Cordi su Einstein"},"content":{"rendered":"<div style=\"text-align: justify\"><b><br \/>\n<\/b><strong>Stasera, alle ore 21.00 presso il Planetarium<\/strong> Pythagoras della Citt\u00e0 Metropolitana di Reggio Calabria <strong>si svolger\u00e0 il primo dei quattro incontri, curati dal professor Gianfranco Cord\u00ec<\/strong>, previsti all\u2019interno del programma<em> \u201cThe work of the mind \u2013 Quattro grandi scienziati del Novecento\u201d.<\/em> Lo scienziato su cui si porr\u00e0 l\u2019attenzione in questo primo incontro \u00e8 Albert Einstein.<strong>Gianfranco Cord\u00ec,<\/strong> filosofo della scienza, durante il suo intervento <strong>metter\u00e0 in risalto come l\u2019evoluzione della scienza del 1900 abbia influenzato tutte le altre componenti della sfera culturale di questo secolo.<\/strong><\/div>\n<div style=\"text-align: justify\"><\/div>\n<div style=\"text-align: justify\">\n<p>In questo senso, la figura di Albert Einstein, visto nel corso degli avvenimenti che hanno contraddistinto la sua vita e nel corso della esplicitazione del suo pensiero scientifico nelle opere, rappresenta il punto di giuntura tra la scienza tradizionale, o classica, della quale la relativit\u00e0 si propone come un\u2019estensione e la nuova scienza della meccanica quantistica.<\/p>\n<p>La dualit\u00e0 tra le leggi che valgono nel microcosmo e quelle che valgono nel macrocosmo simbolicamente \u00e8 quella di un secolo ambiguo e \u201cbreve\u201d, come ha affermato lo storico Eric Hobsbawm, che si configura nell\u2019immagine della \u201ccomplessit\u00e0\u201d.<\/p>\n<\/div>\n<div style=\"text-align: justify\"><strong>Gli scienziati che saranno oggetto di approfondimento nei successivi tre incontri<\/strong> che si svolgeranno sempre<strong> al Planetario con inizio ore 21.00 saranno:<\/strong> il 25 ottobre con Richard Feynman, il 29 novembre con John von Neumann, il 17 dicembre con Alan Turing. L\u2019ingresso \u00e8 libero e gratuito.<\/div>\n","protected":false},"excerpt":{"rendered":"<p>Stasera, alle ore 21.00 presso il Planetarium Pythagoras della Citt\u00e0 Metropolitana di Reggio Calabria si svolger\u00e0 il primo dei quattro incontri, curati dal professor Gianfranco Cord\u00ec, previsti all\u2019interno del programma&hellip;<\/p>\n","protected":false},"author":12,"featured_media":8296,"comment_status":"closed","ping_status":"open","sticky":false,"template":"","format":"standard","meta":{"_jetpack_memberships_contains_paid_content":false,"footnotes":"","jetpack_publicize_message":"","jetpack_publicize_feature_enabled":true,"jetpack_social_post_already_shared":false,"jetpack_social_options":{"image_generator_settings":{"template":"highway","default_image_id":0,"font":"","enabled":false},"version":2}},"categories":[921,196,140],"tags":[35641,32277,25970],"class_list":["post-58281","post","type-post","status-publish","format-standard","has-post-thumbnail","hentry","category-home","category-news","category-reggio-calabria","tag-albert-eenstein","tag-gianfranco-cordi","tag-planetarium-plhytagoras"],"yoast_head":"<!-- This site is optimized with the Yoast SEO plugin v27.2 - https:\/\/yoast.com\/product\/yoast-seo-wordpress\/ -->\n<title>Reggio: stasera al Planetarium lezione del prof Cordi su Einstein - Radio Touring 104<\/title>\n<meta name=\"description\" content=\"Stasera, alle ore 21.00 presso il Planetarium, la prima delle quattro lezioni, condotta dal prof Cordi, su Einsten\" \/>\n<meta name=\"robots\" content=\"index, follow, max-snippet:-1, max-image-preview:large, max-video-preview:-1\" \/>\n<link rel=\"canonical\" href=\"https:\/\/progettotouring.it\/radiotouring104\/2024\/09\/24\/reggio-stasera-al-planetarium-lezione-del-prof-cordi-su-einstein\/\" \/>\n<meta property=\"og:locale\" content=\"it_IT\" \/>\n<meta property=\"og:type\" content=\"article\" \/>\n<meta property=\"og:title\" content=\"Reggio: stasera al Planetarium lezione del prof Cordi su Einstein - Radio Touring 104\" \/>\n<meta property=\"og:description\" content=\"Stasera, alle ore 21.00 presso il Planetarium, la prima delle quattro lezioni, condotta dal prof Cordi, su Einsten\" \/>\n<meta property=\"og:url\" content=\"https:\/\/progettotouring.it\/radiotouring104\/2024\/09\/24\/reggio-stasera-al-planetarium-lezione-del-prof-cordi-su-einstein\/\" \/>\n<meta property=\"og:site_name\" content=\"Radio Touring 104\" \/>\n<meta property=\"article:published_time\" content=\"2024-09-24T08:36:10+00:00\" \/>\n<meta property=\"article:modified_time\" content=\"2024-09-24T08:41:52+00:00\" \/>\n<meta property=\"og:image\" content=\"https:\/\/progettotouring.it\/radiotouring104\/wp-content\/uploads\/sites\/6\/2022\/07\/planetarium-pythagoras.jpg\" \/>\n\t<meta property=\"og:image:width\" content=\"550\" \/>\n\t<meta property=\"og:image:height\" content=\"412\" \/>\n\t<meta property=\"og:image:type\" content=\"image\/jpeg\" \/>\n<meta name=\"author\" content=\"Sebastiano Plutino\" \/>\n<meta name=\"twitter:card\" content=\"summary_large_image\" \/>\n<meta name=\"twitter:label1\" content=\"Scritto da\" \/>\n\t<meta name=\"twitter:data1\" content=\"Sebastiano Plutino\" \/>\n\t<meta name=\"twitter:label2\" content=\"Tempo di lettura stimato\" \/>\n\t<meta name=\"twitter:data2\" content=\"1 minuto\" \/>\n<script type=\"application\/ld+json\" class=\"yoast-schema-graph\">{\"@context\":\"https:\/\/schema.org\",\"@graph\":[{\"@type\":\"Article\",\"@id\":\"https:\/\/progettotouring.it\/radiotouring104\/2024\/09\/24\/reggio-stasera-al-planetarium-lezione-del-prof-cordi-su-einstein\/#article\",\"isPartOf\":{\"@id\":\"https:\/\/progettotouring.it\/radiotouring104\/2024\/09\/24\/reggio-stasera-al-planetarium-lezione-del-prof-cordi-su-einstein\/\"},\"author\":{\"name\":\"Sebastiano Plutino\",\"@id\":\"https:\/\/progettotouring.it\/radiotouring104\/#\/schema\/person\/78613917f1851f041f7483f5af1d422e\"},\"headline\":\"Reggio: stasera al Planetarium lezione del prof Cordi su Einstein\",\"datePublished\":\"2024-09-24T08:36:10+00:00\",\"dateModified\":\"2024-09-24T08:41:52+00:00\",\"mainEntityOfPage\":{\"@id\":\"https:\/\/progettotouring.it\/radiotouring104\/2024\/09\/24\/reggio-stasera-al-planetarium-lezione-del-prof-cordi-su-einstein\/\"},\"wordCount\":230,\"publisher\":{\"@id\":\"https:\/\/progettotouring.it\/radiotouring104\/#organization\"},\"image\":{\"@id\":\"https:\/\/progettotouring.it\/radiotouring104\/2024\/09\/24\/reggio-stasera-al-planetarium-lezione-del-prof-cordi-su-einstein\/#primaryimage\"},\"thumbnailUrl\":\"https:\/\/progettotouring.it\/radiotouring104\/wp-content\/uploads\/sites\/6\/2022\/07\/planetarium-pythagoras.jpg\",\"keywords\":[\"Albert eEnstein\",\"Gianfranco Cordi\",\"Planetarium Plhytagoras\"],\"articleSection\":[\"Home\",\"News\",\"Reggio Calabria\"],\"inLanguage\":\"it-IT\"},{\"@type\":\"WebPage\",\"@id\":\"https:\/\/progettotouring.it\/radiotouring104\/2024\/09\/24\/reggio-stasera-al-planetarium-lezione-del-prof-cordi-su-einstein\/\",\"url\":\"https:\/\/progettotouring.it\/radiotouring104\/2024\/09\/24\/reggio-stasera-al-planetarium-lezione-del-prof-cordi-su-einstein\/\",\"name\":\"Reggio: stasera al Planetarium lezione del prof Cordi su Einstein - Radio Touring 104\",\"isPartOf\":{\"@id\":\"https:\/\/progettotouring.it\/radiotouring104\/#website\"},\"primaryImageOfPage\":{\"@id\":\"https:\/\/progettotouring.it\/radiotouring104\/2024\/09\/24\/reggio-stasera-al-planetarium-lezione-del-prof-cordi-su-einstein\/#primaryimage\"},\"image\":{\"@id\":\"https:\/\/progettotouring.it\/radiotouring104\/2024\/09\/24\/reggio-stasera-al-planetarium-lezione-del-prof-cordi-su-einstein\/#primaryimage\"},\"thumbnailUrl\":\"https:\/\/progettotouring.it\/radiotouring104\/wp-content\/uploads\/sites\/6\/2022\/07\/planetarium-pythagoras.jpg\",\"datePublished\":\"2024-09-24T08:36:10+00:00\",\"dateModified\":\"2024-09-24T08:41:52+00:00\",\"description\":\"Stasera, alle ore 21.00 presso il Planetarium, la prima delle quattro lezioni, condotta dal prof Cordi, su Einsten\",\"breadcrumb\":{\"@id\":\"https:\/\/progettotouring.it\/radiotouring104\/2024\/09\/24\/reggio-stasera-al-planetarium-lezione-del-prof-cordi-su-einstein\/#breadcrumb\"},\"inLanguage\":\"it-IT\",\"potentialAction\":[{\"@type\":\"ReadAction\",\"target\":[\"https:\/\/progettotouring.it\/radiotouring104\/2024\/09\/24\/reggio-stasera-al-planetarium-lezione-del-prof-cordi-su-einstein\/\"]}]},{\"@type\":\"ImageObject\",\"inLanguage\":\"it-IT\",\"@id\":\"https:\/\/progettotouring.it\/radiotouring104\/2024\/09\/24\/reggio-stasera-al-planetarium-lezione-del-prof-cordi-su-einstein\/#primaryimage\",\"url\":\"https:\/\/progettotouring.it\/radiotouring104\/wp-content\/uploads\/sites\/6\/2022\/07\/planetarium-pythagoras.jpg\",\"contentUrl\":\"https:\/\/progettotouring.it\/radiotouring104\/wp-content\/uploads\/sites\/6\/2022\/07\/planetarium-pythagoras.jpg\",\"width\":550,\"height\":412},{\"@type\":\"BreadcrumbList\",\"@id\":\"https:\/\/progettotouring.it\/radiotouring104\/2024\/09\/24\/reggio-stasera-al-planetarium-lezione-del-prof-cordi-su-einstein\/#breadcrumb\",\"itemListElement\":[{\"@type\":\"ListItem\",\"position\":1,\"name\":\"Home\",\"item\":\"https:\/\/progettotouring.it\/radiotouring104\/\"},{\"@type\":\"ListItem\",\"position\":2,\"name\":\"Reggio: stasera al Planetarium lezione del prof Cordi su Einstein\"}]},{\"@type\":\"WebSite\",\"@id\":\"https:\/\/progettotouring.it\/radiotouring104\/#website\",\"url\":\"https:\/\/progettotouring.it\/radiotouring104\/\",\"name\":\"Radio Touring 104\",\"description\":\"La prima radio Reggina\",\"publisher\":{\"@id\":\"https:\/\/progettotouring.it\/radiotouring104\/#organization\"},\"potentialAction\":[{\"@type\":\"SearchAction\",\"target\":{\"@type\":\"EntryPoint\",\"urlTemplate\":\"https:\/\/progettotouring.it\/radiotouring104\/?s={search_term_string}\"},\"query-input\":{\"@type\":\"PropertyValueSpecification\",\"valueRequired\":true,\"valueName\":\"search_term_string\"}}],\"inLanguage\":\"it-IT\"},{\"@type\":\"Organization\",\"@id\":\"https:\/\/progettotouring.it\/radiotouring104\/#organization\",\"name\":\"Radio Touring 104\",\"url\":\"https:\/\/progettotouring.it\/radiotouring104\/\",\"logo\":{\"@type\":\"ImageObject\",\"inLanguage\":\"it-IT\",\"@id\":\"https:\/\/progettotouring.it\/radiotouring104\/#\/schema\/logo\/image\/\",\"url\":\"https:\/\/progettotouring.it\/radiotouring104\/wp-content\/uploads\/sites\/6\/2022\/02\/cropped-logo-radio-touring-104.png\",\"contentUrl\":\"https:\/\/progettotouring.it\/radiotouring104\/wp-content\/uploads\/sites\/6\/2022\/02\/cropped-logo-radio-touring-104.png\",\"width\":377,\"height\":182,\"caption\":\"Radio Touring 104\"},\"image\":{\"@id\":\"https:\/\/progettotouring.it\/radiotouring104\/#\/schema\/logo\/image\/\"}},{\"@type\":\"Person\",\"@id\":\"https:\/\/progettotouring.it\/radiotouring104\/#\/schema\/person\/78613917f1851f041f7483f5af1d422e\",\"name\":\"Sebastiano Plutino\",\"image\":{\"@type\":\"ImageObject\",\"inLanguage\":\"it-IT\",\"@id\":\"https:\/\/secure.gravatar.com\/avatar\/0546ffaa9b79224faf9f2a156b67a529ae861d3287c66c1d8ccfdf909bcba78d?s=96&d=mm&r=g\",\"url\":\"https:\/\/secure.gravatar.com\/avatar\/0546ffaa9b79224faf9f2a156b67a529ae861d3287c66c1d8ccfdf909bcba78d?s=96&d=mm&r=g\",\"contentUrl\":\"https:\/\/secure.gravatar.com\/avatar\/0546ffaa9b79224faf9f2a156b67a529ae861d3287c66c1d8ccfdf909bcba78d?s=96&d=mm&r=g\",\"caption\":\"Sebastiano Plutino\"},\"url\":\"https:\/\/progettotouring.it\/radiotouring104\/author\/sebastiano\/\"}]}<\/script>\n<!-- \/ Yoast SEO plugin. -->","yoast_head_json":{"title":"Reggio: stasera al Planetarium lezione del prof Cordi su Einstein - Radio Touring 104","description":"Stasera, alle ore 21.00 presso il Planetarium, la prima delle quattro lezioni, condotta dal prof Cordi, su Einsten","robots":{"index":"index","follow":"follow","max-snippet":"max-snippet:-1","max-image-preview":"max-image-preview:large","max-video-preview":"max-video-preview:-1"},"canonical":"https:\/\/progettotouring.it\/radiotouring104\/2024\/09\/24\/reggio-stasera-al-planetarium-lezione-del-prof-cordi-su-einstein\/","og_locale":"it_IT","og_type":"article","og_title":"Reggio: stasera al Planetarium lezione del prof Cordi su Einstein - Radio Touring 104","og_description":"Stasera, alle ore 21.00 presso il Planetarium, la prima delle quattro lezioni, condotta dal prof Cordi, su Einsten","og_url":"https:\/\/progettotouring.it\/radiotouring104\/2024\/09\/24\/reggio-stasera-al-planetarium-lezione-del-prof-cordi-su-einstein\/","og_site_name":"Radio Touring 104","article_published_time":"2024-09-24T08:36:10+00:00","article_modified_time":"2024-09-24T08:41:52+00:00","og_image":[{"width":550,"height":412,"url":"https:\/\/progettotouring.it\/radiotouring104\/wp-content\/uploads\/sites\/6\/2022\/07\/planetarium-pythagoras.jpg","type":"image\/jpeg"}],"author":"Sebastiano Plutino","twitter_card":"summary_large_image","twitter_misc":{"Scritto da":"Sebastiano Plutino","Tempo di lettura stimato":"1 minuto"},"schema":{"@context":"https:\/\/schema.org","@graph":[{"@type":"Article","@id":"https:\/\/progettotouring.it\/radiotouring104\/2024\/09\/24\/reggio-stasera-al-planetarium-lezione-del-prof-cordi-su-einstein\/#article","isPartOf":{"@id":"https:\/\/progettotouring.it\/radiotouring104\/2024\/09\/24\/reggio-stasera-al-planetarium-lezione-del-prof-cordi-su-einstein\/"},"author":{"name":"Sebastiano Plutino","@id":"https:\/\/progettotouring.it\/radiotouring104\/#\/schema\/person\/78613917f1851f041f7483f5af1d422e"},"headline":"Reggio: stasera al Planetarium lezione del prof Cordi su Einstein","datePublished":"2024-09-24T08:36:10+00:00","dateModified":"2024-09-24T08:41:52+00:00","mainEntityOfPage":{"@id":"https:\/\/progettotouring.it\/radiotouring104\/2024\/09\/24\/reggio-stasera-al-planetarium-lezione-del-prof-cordi-su-einstein\/"},"wordCount":230,"publisher":{"@id":"https:\/\/progettotouring.it\/radiotouring104\/#organization"},"image":{"@id":"https:\/\/progettotouring.it\/radiotouring104\/2024\/09\/24\/reggio-stasera-al-planetarium-lezione-del-prof-cordi-su-einstein\/#primaryimage"},"thumbnailUrl":"https:\/\/progettotouring.it\/radiotouring104\/wp-content\/uploads\/sites\/6\/2022\/07\/planetarium-pythagoras.jpg","keywords":["Albert eEnstein","Gianfranco Cordi","Planetarium Plhytagoras"],"articleSection":["Home","News","Reggio Calabria"],"inLanguage":"it-IT"},{"@type":"WebPage","@id":"https:\/\/progettotouring.it\/radiotouring104\/2024\/09\/24\/reggio-stasera-al-planetarium-lezione-del-prof-cordi-su-einstein\/","url":"https:\/\/progettotouring.it\/radiotouring104\/2024\/09\/24\/reggio-stasera-al-planetarium-lezione-del-prof-cordi-su-einstein\/","name":"Reggio: stasera al Planetarium lezione del prof Cordi su Einstein - Radio Touring 104","isPartOf":{"@id":"https:\/\/progettotouring.it\/radiotouring104\/#website"},"primaryImageOfPage":{"@id":"https:\/\/progettotouring.it\/radiotouring104\/2024\/09\/24\/reggio-stasera-al-planetarium-lezione-del-prof-cordi-su-einstein\/#primaryimage"},"image":{"@id":"https:\/\/progettotouring.it\/radiotouring104\/2024\/09\/24\/reggio-stasera-al-planetarium-lezione-del-prof-cordi-su-einstein\/#primaryimage"},"thumbnailUrl":"https:\/\/progettotouring.it\/radiotouring104\/wp-content\/uploads\/sites\/6\/2022\/07\/planetarium-pythagoras.jpg","datePublished":"2024-09-24T08:36:10+00:00","dateModified":"2024-09-24T08:41:52+00:00","description":"Stasera, alle ore 21.00 presso il Planetarium, la prima delle quattro lezioni, condotta dal prof Cordi, su Einsten","breadcrumb":{"@id":"https:\/\/progettotouring.it\/radiotouring104\/2024\/09\/24\/reggio-stasera-al-planetarium-lezione-del-prof-cordi-su-einstein\/#breadcrumb"},"inLanguage":"it-IT","potentialAction":[{"@type":"ReadAction","target":["https:\/\/progettotouring.it\/radiotouring104\/2024\/09\/24\/reggio-stasera-al-planetarium-lezione-del-prof-cordi-su-einstein\/"]}]},{"@type":"ImageObject","inLanguage":"it-IT","@id":"https:\/\/progettotouring.it\/radiotouring104\/2024\/09\/24\/reggio-stasera-al-planetarium-lezione-del-prof-cordi-su-einstein\/#primaryimage","url":"https:\/\/progettotouring.it\/radiotouring104\/wp-content\/uploads\/sites\/6\/2022\/07\/planetarium-pythagoras.jpg","contentUrl":"https:\/\/progettotouring.it\/radiotouring104\/wp-content\/uploads\/sites\/6\/2022\/07\/planetarium-pythagoras.jpg","width":550,"height":412},{"@type":"BreadcrumbList","@id":"https:\/\/progettotouring.it\/radiotouring104\/2024\/09\/24\/reggio-stasera-al-planetarium-lezione-del-prof-cordi-su-einstein\/#breadcrumb","itemListElement":[{"@type":"ListItem","position":1,"name":"Home","item":"https:\/\/progettotouring.it\/radiotouring104\/"},{"@type":"ListItem","position":2,"name":"Reggio: stasera al Planetarium lezione del prof Cordi su Einstein"}]},{"@type":"WebSite","@id":"https:\/\/progettotouring.it\/radiotouring104\/#website","url":"https:\/\/progettotouring.it\/radiotouring104\/","name":"Radio Touring 104","description":"La prima radio Reggina","publisher":{"@id":"https:\/\/progettotouring.it\/radiotouring104\/#organization"},"potentialAction":[{"@type":"SearchAction","target":{"@type":"EntryPoint","urlTemplate":"https:\/\/progettotouring.it\/radiotouring104\/?s={search_term_string}"},"query-input":{"@type":"PropertyValueSpecification","valueRequired":true,"valueName":"search_term_string"}}],"inLanguage":"it-IT"},{"@type":"Organization","@id":"https:\/\/progettotouring.it\/radiotouring104\/#organization","name":"Radio Touring 104","url":"https:\/\/progettotouring.it\/radiotouring104\/","logo":{"@type":"ImageObject","inLanguage":"it-IT","@id":"https:\/\/progettotouring.it\/radiotouring104\/#\/schema\/logo\/image\/","url":"https:\/\/progettotouring.it\/radiotouring104\/wp-content\/uploads\/sites\/6\/2022\/02\/cropped-logo-radio-touring-104.png","contentUrl":"https:\/\/progettotouring.it\/radiotouring104\/wp-content\/uploads\/sites\/6\/2022\/02\/cropped-logo-radio-touring-104.png","width":377,"height":182,"caption":"Radio Touring 104"},"image":{"@id":"https:\/\/progettotouring.it\/radiotouring104\/#\/schema\/logo\/image\/"}},{"@type":"Person","@id":"https:\/\/progettotouring.it\/radiotouring104\/#\/schema\/person\/78613917f1851f041f7483f5af1d422e","name":"Sebastiano Plutino","image":{"@type":"ImageObject","inLanguage":"it-IT","@id":"https:\/\/secure.gravatar.com\/avatar\/0546ffaa9b79224faf9f2a156b67a529ae861d3287c66c1d8ccfdf909bcba78d?s=96&d=mm&r=g","url":"https:\/\/secure.gravatar.com\/avatar\/0546ffaa9b79224faf9f2a156b67a529ae861d3287c66c1d8ccfdf909bcba78d?s=96&d=mm&r=g","contentUrl":"https:\/\/secure.gravatar.com\/avatar\/0546ffaa9b79224faf9f2a156b67a529ae861d3287c66c1d8ccfdf909bcba78d?s=96&d=mm&r=g","caption":"Sebastiano Plutino"},"url":"https:\/\/progettotouring.it\/radiotouring104\/author\/sebastiano\/"}]}},"jetpack_publicize_connections":[],"jetpack_featured_media_url":"https:\/\/progettotouring.it\/radiotouring104\/wp-content\/uploads\/sites\/6\/2022\/07\/planetarium-pythagoras.jpg","jetpack_sharing_enabled":true,"_links":{"self":[{"href":"https:\/\/progettotouring.it\/radiotouring104\/wp-json\/wp\/v2\/posts\/58281","targetHints":{"allow":["GET"]}}],"collection":[{"href":"https:\/\/progettotouring.it\/radiotouring104\/wp-json\/wp\/v2\/posts"}],"about":[{"href":"https:\/\/progettotouring.it\/radiotouring104\/wp-json\/wp\/v2\/types\/post"}],"author":[{"embeddable":true,"href":"https:\/\/progettotouring.it\/radiotouring104\/wp-json\/wp\/v2\/users\/12"}],"replies":[{"embeddable":true,"href":"https:\/\/progettotouring.it\/radiotouring104\/wp-json\/wp\/v2\/comments?post=58281"}],"version-history":[{"count":3,"href":"https:\/\/progettotouring.it\/radiotouring104\/wp-json\/wp\/v2\/posts\/58281\/revisions"}],"predecessor-version":[{"id":58285,"href":"https:\/\/progettotouring.it\/radiotouring104\/wp-json\/wp\/v2\/posts\/58281\/revisions\/58285"}],"wp:featuredmedia":[{"embeddable":true,"href":"https:\/\/progettotouring.it\/radiotouring104\/wp-json\/wp\/v2\/media\/8296"}],"wp:attachment":[{"href":"https:\/\/progettotouring.it\/radiotouring104\/wp-json\/wp\/v2\/media?parent=58281"}],"wp:term":[{"taxonomy":"category","embeddable":true,"href":"https:\/\/progettotouring.it\/radiotouring104\/wp-json\/wp\/v2\/categories?post=58281"},{"taxonomy":"post_tag","embeddable":true,"href":"https:\/\/progettotouring.it\/radiotouring104\/wp-json\/wp\/v2\/tags?post=58281"}],"curies":[{"name":"wp","href":"https:\/\/api.w.org\/{rel}","templated":true}]}}