{"id":58287,"date":"2024-09-24T11:03:35","date_gmt":"2024-09-24T09:03:35","guid":{"rendered":"https:\/\/progettotouring.it\/radiotouring104\/?p=58287"},"modified":"2024-09-24T11:03:35","modified_gmt":"2024-09-24T09:03:35","slug":"consiglio-regionale-rinnovati-i-locali-degli-uffici-di-presidenza-delle-commissioni","status":"publish","type":"post","link":"https:\/\/progettotouring.it\/radiotouring104\/2024\/09\/24\/consiglio-regionale-rinnovati-i-locali-degli-uffici-di-presidenza-delle-commissioni\/","title":{"rendered":"Consiglio Regionale: rinnovati i locali degli Uffici di Presidenza delle Commissioni"},"content":{"rendered":"<div class=\"application-pane\">\n<div class=\"main-pane\">\n<div id=\"application-stack\" class=\"dijitContainer dijitStackContainer dijitLayoutContainer\" dir=\"ltr\" role=\"tabpanel\">\n<div id=\"webmail-page\" class=\"main-page dijitContentPane dijitStackContainer-child dijitStackContainer-dijitContentPane dijitVisible menu-not-pinned is-next is-previous\" role=\"group\">\n<div class=\"main-page-center-pane\">\n<div class=\"main-page-pane-with-toolbar\">\n<div class=\"main-content\">\n<div id=\"uiLogic_util_StackContainer_0\" class=\"content-stack-container dijitContainer dijitStackContainer dijitLayoutContainer leading-active componentVisible\" dir=\"ltr\" role=\"tabpanel\">\n<div id=\"uiLogic_webmail_WebmailFoldersManager_0\" class=\"webmailfoldersmanager messages-compose-compofeedback-stack dijitContainer dijitStackContainer dijitLayoutContainer dijitStackContainer-child dijitStackContainer-dijitStackContainer dijitVisible componentVisible\" dir=\"ltr\" role=\"tabpanel\">\n<div id=\"dijit_layout_BorderContainer_0\" class=\"trailing-1 messages-container dijitContainer dijitBorderContainer dijitStackContainer-child dijitStackContainer-dijitBorderContainer dijitVisible componentVisible center-active trailing-active\" dir=\"ltr\" lang=\"\">\n<div id=\"dijit_layout_ContentPane_0\" class=\"dijitContentPane dijitBorderContainer-child dijitBorderContainer-dijitContentPane dijitBorderContainerPane dijitContentPaneSingleChild\" dir=\"ltr\" lang=\"\" role=\"group\">\n<div id=\"xandmail_widget_layout_RelativeBorderContainer_0\" class=\"dijitContainer dijitBorderContainer\" dir=\"ltr\" lang=\"\">\n<div id=\"dijit_layout_StackContainer_0\" class=\"dijitContainer dijitStackContainer dijitLayoutContainer dijitBorderContainer-child dijitBorderContainer-dijitStackContainer dijitBorderContainerPane\" dir=\"ltr\" lang=\"\" role=\"tabpanel\">\n<div id=\"dijit_layout_ContentPane_4\" class=\"component-page item-view webmail-view trailing-1 webmail-view-page dijitContentPane dijitStackContainer-child dijitStackContainer-dijitContentPane dijitVisible dijitContentPaneSingleChild\" dir=\"ltr\" lang=\"\" role=\"group\">\n<div id=\"dijit_layout_BorderContainer_4\" class=\"message dijitContainer dijitBorderContainer\" dir=\"ltr\">\n<div id=\"dijit_layout_ContentPane_15\" class=\"content dijitContentPane dijitBorderContainer-child dijitBorderContainer-dijitContentPane dijitBorderContainerPane\" dir=\"ltr\" role=\"group\">\n<div class=\"message-section\">\n<div class=\"content-message\">\n<div class=\"text msg-view-text\" role=\"text\">\n<div class=\"msg-view-text-cnt\">\n<div class=\"xam_msg_class\">\n<div>\n<p style=\"text-align: justify\">A conclusione delle procedure per il<strong> rinnovamento degli Uffici di Presidenza delle Commissioni del Consiglio regionale, il presidente Filippo Mancuso ha affermato:<\/strong><em> \u201cNon dubito che le Commissioni permanenti e speciali, con gli Uffici di Presidenza rinnovati, continueranno ad adoperarsi, come \u00e8 avvenuto fin qui, per avvalorare la loro delicata funzione di sedi istituzionali in cui, oltre alla ricerca delle convergenze politiche, il dibattito entra nel merito delle questioni prima di consegnare all\u2019Aula i provvedimenti da approvare. La qualit\u00e0 dell\u2019impegno profuso nelle Commissioni \u00e8 estremamente importante, perch\u00e9 condiziona, quasi automaticamente, la qualit\u00e0 della produzione legislativa dell\u2019Assemblea, nella consapevolezza che il miglioramento della tecnica normativa \u00e8 la premessa basilare per ridurre la distanza tra istituzioni e societ\u00e0. Tutto ci\u00f2<\/em> <strong>&#8211; ha aggiunto Mancuso<\/strong> &#8211;<em> senza trascurare che le Commissioni, attraverso le audizioni delle istanze pi\u00f9 rappresentative, garantiscono il diritto, riconosciuto dallo Statuto regionale, alla partecipazione della comunit\u00e0 calabrese sulle scelte legislative. Non c\u2019\u00e8 dubbio, pertanto, che l\u2019impegno di tutti, specie in una fase che esige dinamismo e rapidit\u00e0 per fronteggiare le nuove sfide, continuer\u00e0 ad essere serio e rigoroso\u201d.<\/em><\/p>\n<p style=\"text-align: justify\"><strong>GLI UFFICI DI PRESIDENZA DELLE COMMISSIONI PERMANENTI E SPECIALI:<\/strong><\/p>\n<p style=\"text-align: justify\">\u00a01^ Commissione \u2018Affari istituzionali, affari generali e normativa elettorale\u2019<\/p>\n<p style=\"text-align: justify\">Presidente Luciana DE FRANCESCO<\/p>\n<p style=\"text-align: justify\">Vicepresidente Ernesto Francesco ALECCI<\/p>\n<p style=\"text-align: justify\">Segretario Giuseppe MATTIANI<\/p>\n<p style=\"text-align: justify\">2^ Commissione \u2018Bilancio, programmazione economica e attivit\u00e0 produttive, affari dell\u2019Unione europea e relazioni con l\u2019estero\u2019<\/p>\n<p style=\"text-align: justify\">Presidente Antonio MONTUORO<\/p>\n<p style=\"text-align: justify\">Vicepresidente Raffaele MAMMOLITI<\/p>\n<p style=\"text-align: justify\">Segretario Francesco DE NISI<\/p>\n<p style=\"text-align: justify\">3^ Commissione \u2018Sanit\u00e0, Attivit\u00e0 sociali, culturali e formative\u2019<\/p>\n<p style=\"text-align: justify\">Presidente Pasqualina STRAFACE<\/p>\n<p style=\"text-align: justify\">Vicepresidente Ferdinando LAGHI<\/p>\n<p style=\"text-align: justify\">Segretario Pietro RASO<\/p>\n<p style=\"text-align: justify\">4^ Commissione \u2018Assetto e utilizzazione del territorio e protezione dell\u2019ambiente\u2019<\/p>\n<p style=\"text-align: justify\">Presidente Pietro RASO<\/p>\n<p style=\"text-align: justify\">Vicepresidente Ferdinando LAGHI<\/p>\n<p style=\"text-align: justify\">Segretario Pasqualina STRAFACE<\/p>\n<p style=\"text-align: justify\">5^ Commissione \u2018Riforme\u2019<\/p>\n<p style=\"text-align: justify\">Presidente Giuseppe MATTIANI<\/p>\n<p style=\"text-align: justify\">Vicepresidente Francesco Antonio IACUCCI<\/p>\n<p style=\"text-align: justify\">Segretario Giacomo Pietro CRINO\u2019<\/p>\n<p style=\"text-align: justify\">6^ Commissione\u00a0\u00a0\u2018Agricoltura e foreste, Consorzi di bonifica, Turismo, Commercio, Risorse naturali, Sport e Politiche giovanili\u2019<\/p>\n<p style=\"text-align: justify\">Presidente Katya GENTILE<\/p>\n<p style=\"text-align: justify\">Vicepresidente Davide TAVERNISE<\/p>\n<p style=\"text-align: justify\">Segretario Giuseppe GRAZIANO<\/p>\n<p style=\"text-align: justify\">Commissione consiliare contro il fenomeno della \u2018ndrangheta, della corruzione e dell\u2019illegalit\u00e0 diffusa\u2019<\/p>\n<p style=\"text-align: justify\">Presidente Pietro MOLINARO<\/p>\n<p style=\"text-align: justify\">Vicepresidente Amalia BRUNI<\/p>\n<p style=\"text-align: justify\">Segretario Antonio MONTUORO<\/p>\n<p style=\"text-align: justify\">Commissione speciale di Vigilanza<\/p>\n<p style=\"text-align: justify\">Presidente Domenico GIANNETTA<\/p>\n<p style=\"text-align: justify\">Segretario Luciana DE FRANCESCO<\/p>\n<\/div>\n<\/div>\n<\/div>\n<div class=\"msg-view-attach-preview\"><\/div>\n<\/div>\n<\/div>\n<\/div>\n<div id=\"uiLogic_webmail__view_ListReceipt_0\" class=\"pec-receipts-section light-list spaced-view webmail-inbox-list\" dir=\"ltr\">\n<div><\/div>\n<\/div>\n<\/div>\n<div id=\"dijit_layout_ContentPane_15_splitter\" class=\"dijitGutter dijitGutterV\" role=\"presentation\"><\/div>\n<\/div>\n<\/div>\n<\/div>\n<div id=\"dijit_layout_StackContainer_0_splitter\" class=\"dijitSplitter dijitSplitterV\" role=\"separator\">\n<div class=\"dijitSplitterThumb\"><\/div>\n<\/div>\n<\/div>\n<\/div>\n<div id=\"dijit_layout_ContentPane_0_splitter\" class=\"dijitGutter dijitGutterV\" role=\"presentation\"><\/div>\n<\/div>\n<\/div>\n<\/div>\n<\/div>\n<\/div>\n<\/div>\n<\/div>\n<\/div>\n<\/div>\n<div id=\"xamGlobalDock\" class=\"xamDock\" dir=\"ltr\">\n<div class=\"docking-pane-container\"><\/div>\n<div class=\"summary-pane-container\"><\/div>\n<\/div>\n<\/div>\n<div class=\"dijitPopup\" role=\"presentation\">\n<div id=\"dijit_TooltipDialog_0\" class=\"user-ffn-tooltip-dialog dijitTooltipABRight dijitTooltipDialog\" dir=\"ltr\" lang=\"\" role=\"presentation\">\n<div class=\"dijitTooltipContainer\" role=\"presentation\">\n<div class=\"dijitTooltipContents dijitTooltipFocusNode\" role=\"dialog\">\n<div class=\"user-menu\">\n<div class=\"user-menu-title\">\n<div id=\"uiLogic_util_UserAvatarPicker_0\" class=\"avatar-picker-cnt avatar-picker default-avatar avatar-picker-text\" dir=\"ltr\" lang=\"\">\n<div class=\"avatar-picker-photo-cnt\">\n<div class=\"avatar-picker-photo\">\n<div><\/div>\n<\/div>\n<\/div>\n<\/div>\n<div class=\"user-menu-title-cnt flex-column\">\n<div class=\"flex\">\n<div class=\"user-menu-emailffn-cnt flex-column\">\n<div class=\"user-menu-ffn\"><\/div>\n<div class=\"user-menu-email-cnt\">\n<div class=\"user-menu-email\"><\/div>\n<div class=\"user-pecplus\"><\/div>\n<\/div>\n<\/div>\n<div class=\"user-menu-link link\" data-monitoring-name=\"pe_profile_logout\"><\/div>\n<\/div>\n<\/div>\n<\/div>\n<\/div>\n<\/div>\n<\/div>\n<\/div>\n<\/div>\n<div class=\"dijitPopup\" role=\"presentation\">\n<table id=\"uiLogic_webmail_selection_MessageMenu_0\" class=\"dijit dijitMenu dijitMenuPassive dijitReset dijitMenuTable\" role=\"menu\" cellspacing=\"0\">\n<tbody class=\"dijitReset\">\n<tr id=\"dijit_MenuItem_37\" class=\"dijitReset dijitMenuItem\" role=\"menuitem\" aria-labelledby=\"dijit_MenuItem_37_text dijit_MenuItem_37_accel\">\n<td class=\"dijitReset dijitMenuItemIconCell\" role=\"presentation\"><img decoding=\"async\" class=\"dijitIcon dijitMenuItemIcon\" src=\"https:\/\/webmail.aruba.it\/smart\/javascript\/release\/dojo\/dojo\/resources\/blank.gif\" alt=\"\" \/><\/td>\n<td id=\"dijit_MenuItem_37_text\" class=\"dijitReset dijitMenuItemLabel\" colspan=\"2\"><\/td>\n<td class=\"dijitReset dijitMenuArrowCell\" role=\"presentation\">\n<div><img decoding=\"async\" class=\"dijitMenuExpand\" src=\"https:\/\/webmail.aruba.it\/smart\/javascript\/release\/dojo\/dojo\/resources\/blank.gif\" alt=\"\" \/><\/div>\n<\/td>\n<\/tr>\n<tr id=\"dijit_MenuItem_38\" class=\"dijitReset dijitMenuItem\" role=\"menuitem\" aria-labelledby=\"dijit_MenuItem_38_text dijit_MenuItem_38_accel\">\n<td class=\"dijitReset dijitMenuItemIconCell\" role=\"presentation\"><img decoding=\"async\" class=\"dijitIcon dijitMenuItemIcon\" src=\"https:\/\/webmail.aruba.it\/smart\/javascript\/release\/dojo\/dojo\/resources\/blank.gif\" alt=\"\" \/><\/td>\n<td id=\"dijit_MenuItem_38_text\" class=\"dijitReset dijitMenuItemLabel\" colspan=\"2\"><\/td>\n<td class=\"dijitReset dijitMenuArrowCell\" role=\"presentation\">\n<div><img decoding=\"async\" class=\"dijitMenuExpand\" src=\"https:\/\/webmail.aruba.it\/smart\/javascript\/release\/dojo\/dojo\/resources\/blank.gif\" alt=\"\" \/><\/div>\n<\/td>\n<\/tr>\n<tr id=\"dijit_MenuItem_39\" class=\"dijitReset dijitMenuItem\" role=\"menuitem\" aria-labelledby=\"dijit_MenuItem_39_text dijit_MenuItem_39_accel\">\n<td class=\"dijitReset dijitMenuItemIconCell\" role=\"presentation\"><img decoding=\"async\" class=\"dijitIcon dijitMenuItemIcon\" src=\"https:\/\/webmail.aruba.it\/smart\/javascript\/release\/dojo\/dojo\/resources\/blank.gif\" alt=\"\" \/><\/td>\n<td id=\"dijit_MenuItem_39_text\" class=\"dijitReset dijitMenuItemLabel\" colspan=\"2\"><\/td>\n<td class=\"dijitReset dijitMenuArrowCell\" role=\"presentation\">\n<div><img decoding=\"async\" class=\"dijitMenuExpand\" src=\"https:\/\/webmail.aruba.it\/smart\/javascript\/release\/dojo\/dojo\/resources\/blank.gif\" alt=\"\" \/><\/div>\n<\/td>\n<\/tr>\n<tr id=\"dijit_MenuItem_40\" class=\"dijitReset dijitMenuItem\" role=\"menuitem\" aria-labelledby=\"dijit_MenuItem_40_text dijit_MenuItem_40_accel\">\n<td class=\"dijitReset dijitMenuItemIconCell\" role=\"presentation\"><img decoding=\"async\" class=\"dijitIcon dijitMenuItemIcon\" src=\"https:\/\/webmail.aruba.it\/smart\/javascript\/release\/dojo\/dojo\/resources\/blank.gif\" alt=\"\" \/><\/td>\n<td id=\"dijit_MenuItem_40_text\" class=\"dijitReset dijitMenuItemLabel\" colspan=\"2\"><\/td>\n<td class=\"dijitReset dijitMenuArrowCell\" role=\"presentation\">\n<div><img decoding=\"async\" class=\"dijitMenuExpand\" src=\"https:\/\/webmail.aruba.it\/smart\/javascript\/release\/dojo\/dojo\/resources\/blank.gif\" alt=\"\" \/><\/div>\n<\/td>\n<\/tr>\n<tr id=\"dijit_MenuSeparator_5\" class=\"dijitMenuSeparator\">\n<td class=\"dijitMenuSeparatorIconCell\">\n<div class=\"dijitMenuSeparatorTop\"><\/div>\n<div class=\"dijitMenuSeparatorBottom\"><\/div>\n<\/td>\n<td class=\"dijitMenuSeparatorLabelCell\" colspan=\"3\">\n<div class=\"dijitMenuSeparatorTop dijitMenuSeparatorLabel\"><\/div>\n<div class=\"dijitMenuSeparatorBottom\"><\/div>\n<\/td>\n<\/tr>\n<tr id=\"dijit_MenuItem_41\" class=\"dijitReset dijitMenuItem\" role=\"menuitem\" aria-labelledby=\"dijit_MenuItem_41_text dijit_MenuItem_41_accel\">\n<td class=\"dijitReset dijitMenuItemIconCell\" role=\"presentation\"><img decoding=\"async\" class=\"dijitIcon dijitMenuItemIcon\" src=\"https:\/\/webmail.aruba.it\/smart\/javascript\/release\/dojo\/dojo\/resources\/blank.gif\" alt=\"\" \/><\/td>\n<td id=\"dijit_MenuItem_41_text\" class=\"dijitReset dijitMenuItemLabel\" colspan=\"2\"><\/td>\n<td class=\"dijitReset dijitMenuArrowCell\" role=\"presentation\">\n<div><img decoding=\"async\" class=\"dijitMenuExpand\" src=\"https:\/\/webmail.aruba.it\/smart\/javascript\/release\/dojo\/dojo\/resources\/blank.gif\" alt=\"\" \/><\/div>\n<\/td>\n<\/tr>\n<tr id=\"dijit_PopupMenuItem_1\" class=\"dijitReset dijitMenuItem\" role=\"menuitem\" aria-labelledby=\"dijit_PopupMenuItem_1_text dijit_PopupMenuItem_1_accel\">\n<td class=\"dijitReset dijitMenuItemIconCell\" role=\"presentation\"><img decoding=\"async\" class=\"dijitIcon dijitMenuItemIcon\" src=\"https:\/\/webmail.aruba.it\/smart\/javascript\/release\/dojo\/dojo\/resources\/blank.gif\" alt=\"\" \/><\/td>\n<td id=\"dijit_PopupMenuItem_1_text\" class=\"dijitReset dijitMenuItemLabel\" colspan=\"2\"><\/td>\n<td class=\"dijitReset dijitMenuArrowCell\" role=\"presentation\">\n<div><img decoding=\"async\" class=\"dijitMenuExpand\" src=\"https:\/\/webmail.aruba.it\/smart\/javascript\/release\/dojo\/dojo\/resources\/blank.gif\" alt=\"\" \/><\/div>\n<\/td>\n<\/tr>\n<tr id=\"dijit_MenuItem_48\" class=\"dijitReset dijitMenuItem\" role=\"menuitem\" aria-labelledby=\"dijit_MenuItem_48_text dijit_MenuItem_48_accel\">\n<td class=\"dijitReset dijitMenuItemIconCell\" role=\"presentation\"><img decoding=\"async\" class=\"dijitIcon dijitMenuItemIcon\" src=\"https:\/\/webmail.aruba.it\/smart\/javascript\/release\/dojo\/dojo\/resources\/blank.gif\" alt=\"\" \/><\/td>\n<td id=\"dijit_MenuItem_48_text\" class=\"dijitReset dijitMenuItemLabel\" colspan=\"2\"><\/td>\n<td class=\"dijitReset dijitMenuArrowCell\" role=\"presentation\">\n<div><img decoding=\"async\" class=\"dijitMenuExpand\" src=\"https:\/\/webmail.aruba.it\/smart\/javascript\/release\/dojo\/dojo\/resources\/blank.gif\" alt=\"\" \/><\/div>\n<\/td>\n<\/tr>\n<tr id=\"dijit_MenuItem_49\" class=\"dijitReset dijitMenuItem\" role=\"menuitem\" aria-labelledby=\"dijit_MenuItem_49_text dijit_MenuItem_49_accel\">\n<td class=\"dijitReset dijitMenuItemIconCell\" role=\"presentation\"><img decoding=\"async\" class=\"dijitIcon dijitMenuItemIcon\" src=\"https:\/\/webmail.aruba.it\/smart\/javascript\/release\/dojo\/dojo\/resources\/blank.gif\" alt=\"\" \/><\/td>\n<td id=\"dijit_MenuItem_49_text\" class=\"dijitReset dijitMenuItemLabel\" colspan=\"2\"><\/td>\n<td class=\"dijitReset dijitMenuArrowCell\" role=\"presentation\">\n<div><img decoding=\"async\" class=\"dijitMenuExpand\" src=\"https:\/\/webmail.aruba.it\/smart\/javascript\/release\/dojo\/dojo\/resources\/blank.gif\" alt=\"\" \/><\/div>\n<\/td>\n<\/tr>\n<tr id=\"dijit_MenuItem_50\" class=\"dijitReset dijitMenuItem\" role=\"menuitem\" aria-labelledby=\"dijit_MenuItem_50_text dijit_MenuItem_50_accel\">\n<td class=\"dijitReset dijitMenuItemIconCell\" role=\"presentation\"><img decoding=\"async\" class=\"dijitIcon dijitMenuItemIcon\" src=\"https:\/\/webmail.aruba.it\/smart\/javascript\/release\/dojo\/dojo\/resources\/blank.gif\" alt=\"\" \/><\/td>\n<td id=\"dijit_MenuItem_50_text\" class=\"dijitReset dijitMenuItemLabel\" colspan=\"2\"><\/td>\n<td class=\"dijitReset dijitMenuArrowCell\" role=\"presentation\">\n<div><img decoding=\"async\" class=\"dijitMenuExpand\" src=\"https:\/\/webmail.aruba.it\/smart\/javascript\/release\/dojo\/dojo\/resources\/blank.gif\" alt=\"\" \/><\/div>\n<\/td>\n<\/tr>\n<tr id=\"dijit_MenuItem_51\" class=\"dijitReset dijitMenuItem\" role=\"menuitem\" aria-labelledby=\"dijit_MenuItem_51_text dijit_MenuItem_51_accel\">\n<td class=\"dijitReset dijitMenuItemIconCell\" role=\"presentation\"><img decoding=\"async\" class=\"dijitIcon dijitMenuItemIcon\" src=\"https:\/\/webmail.aruba.it\/smart\/javascript\/release\/dojo\/dojo\/resources\/blank.gif\" alt=\"\" \/><\/td>\n<td id=\"dijit_MenuItem_51_text\" class=\"dijitReset dijitMenuItemLabel\" colspan=\"2\"><\/td>\n<td class=\"dijitReset dijitMenuArrowCell\" role=\"presentation\">\n<div><img decoding=\"async\" class=\"dijitMenuExpand\" src=\"https:\/\/webmail.aruba.it\/smart\/javascript\/release\/dojo\/dojo\/resources\/blank.gif\" alt=\"\" \/><\/div>\n<\/td>\n<\/tr>\n<tr id=\"dijit_MenuSeparator_7\" class=\"dijitMenuSeparator\">\n<td class=\"dijitMenuSeparatorIconCell\">\n<div class=\"dijitMenuSeparatorTop\"><\/div>\n<div class=\"dijitMenuSeparatorBottom\"><\/div>\n<\/td>\n<td class=\"dijitMenuSeparatorLabelCell\" colspan=\"3\">\n<div class=\"dijitMenuSeparatorTop dijitMenuSeparatorLabel\"><\/div>\n<div class=\"dijitMenuSeparatorBottom\"><\/div>\n<\/td>\n<\/tr>\n<tr id=\"dijit_PopupMenuItem_2\" class=\"dijitReset dijitMenuItem\" role=\"menuitem\" aria-labelledby=\"dijit_PopupMenuItem_2_text dijit_PopupMenuItem_2_accel\">\n<td class=\"dijitReset dijitMenuItemIconCell\" role=\"presentation\"><img decoding=\"async\" class=\"dijitIcon dijitMenuItemIcon\" src=\"https:\/\/webmail.aruba.it\/smart\/javascript\/release\/dojo\/dojo\/resources\/blank.gif\" alt=\"\" \/><\/td>\n<td id=\"dijit_PopupMenuItem_2_text\" class=\"dijitReset dijitMenuItemLabel\" colspan=\"2\"><\/td>\n<td class=\"dijitReset dijitMenuArrowCell\" role=\"presentation\">\n<div><img decoding=\"async\" class=\"dijitMenuExpand\" src=\"https:\/\/webmail.aruba.it\/smart\/javascript\/release\/dojo\/dojo\/resources\/blank.gif\" alt=\"\" \/><\/div>\n<\/td>\n<\/tr>\n<tr id=\"dijit_MenuItem_56\" class=\"dijitReset dijitMenuItem\" role=\"menuitem\" aria-labelledby=\"dijit_MenuItem_56_text dijit_MenuItem_56_accel\">\n<td class=\"dijitReset dijitMenuItemIconCell\" role=\"presentation\"><img decoding=\"async\" class=\"dijitIcon dijitMenuItemIcon\" src=\"https:\/\/webmail.aruba.it\/smart\/javascript\/release\/dojo\/dojo\/resources\/blank.gif\" alt=\"\" \/><\/td>\n<td id=\"dijit_MenuItem_56_text\" class=\"dijitReset dijitMenuItemLabel\" colspan=\"2\"><\/td>\n<td class=\"dijitReset dijitMenuArrowCell\" role=\"presentation\">\n<div><img decoding=\"async\" class=\"dijitMenuExpand\" src=\"https:\/\/webmail.aruba.it\/smart\/javascript\/release\/dojo\/dojo\/resources\/blank.gif\" alt=\"\" \/><\/div>\n<\/td>\n<\/tr>\n<tr id=\"dijit_MenuSeparator_8\" class=\"dijitMenuSeparator\">\n<td class=\"dijitMenuSeparatorIconCell\">\n<div class=\"dijitMenuSeparatorTop\"><\/div>\n<div class=\"dijitMenuSeparatorBottom\"><\/div>\n<\/td>\n<td class=\"dijitMenuSeparatorLabelCell\" colspan=\"3\">\n<div class=\"dijitMenuSeparatorTop dijitMenuSeparatorLabel\"><\/div>\n<div class=\"dijitMenuSeparatorBottom\"><\/div>\n<\/td>\n<\/tr>\n<tr id=\"dijit_MenuItem_57\" class=\"dijitReset dijitMenuItem\" role=\"menuitem\" aria-labelledby=\"dijit_MenuItem_57_text dijit_MenuItem_57_accel\">\n<td class=\"dijitReset dijitMenuItemIconCell\" role=\"presentation\"><img decoding=\"async\" class=\"dijitIcon dijitMenuItemIcon\" src=\"https:\/\/webmail.aruba.it\/smart\/javascript\/release\/dojo\/dojo\/resources\/blank.gif\" alt=\"\" \/><\/td>\n<td id=\"dijit_MenuItem_57_text\" class=\"dijitReset dijitMenuItemLabel\" colspan=\"2\"><\/td>\n<td class=\"dijitReset dijitMenuArrowCell\" role=\"presentation\">\n<div><img decoding=\"async\" class=\"dijitMenuExpand\" src=\"https:\/\/webmail.aruba.it\/smart\/javascript\/release\/dojo\/dojo\/resources\/blank.gif\" alt=\"\" \/><\/div>\n<\/td>\n<\/tr>\n<tr id=\"dijit_MenuItem_58\" class=\"dijitReset dijitMenuItem\" role=\"menuitem\" aria-labelledby=\"dijit_MenuItem_58_text dijit_MenuItem_58_accel\">\n<td class=\"dijitReset dijitMenuItemIconCell\" role=\"presentation\"><img decoding=\"async\" class=\"dijitIcon dijitMenuItemIcon\" src=\"https:\/\/webmail.aruba.it\/smart\/javascript\/release\/dojo\/dojo\/resources\/blank.gif\" alt=\"\" \/><\/td>\n<td id=\"dijit_MenuItem_58_text\" class=\"dijitReset dijitMenuItemLabel\" colspan=\"2\"><\/td>\n<td class=\"dijitReset dijitMenuArrowCell\" role=\"presentation\">\n<div><img decoding=\"async\" class=\"dijitMenuExpand\" src=\"https:\/\/webmail.aruba.it\/smart\/javascript\/release\/dojo\/dojo\/resources\/blank.gif\" alt=\"\" \/><\/div>\n<\/td>\n<\/tr>\n<\/tbody>\n<\/table>\n<\/div>\n<div id=\"usabilla_live_button_container_165874554\" class=\"usabilla_live_button_container\" role=\"button\" aria-label=\"Usabilla Feedback Button\"><\/div>\n","protected":false},"excerpt":{"rendered":"<p>A conclusione delle procedure per il rinnovamento degli Uffici di Presidenza delle Commissioni del Consiglio regionale, il presidente Filippo Mancuso ha affermato: \u201cNon dubito che le Commissioni permanenti e speciali,&hellip;<\/p>\n","protected":false},"author":12,"featured_media":45170,"comment_status":"closed","ping_status":"open","sticky":false,"template":"","format":"standard","meta":{"_jetpack_memberships_contains_paid_content":false,"footnotes":"","jetpack_publicize_message":"","jetpack_publicize_feature_enabled":true,"jetpack_social_post_already_shared":false,"jetpack_social_options":{"image_generator_settings":{"template":"highway","default_image_id":0,"font":"","enabled":false},"version":2}},"categories":[921,196,140],"tags":[5764,594,35642],"class_list":["post-58287","post","type-post","status-publish","format-standard","has-post-thumbnail","hentry","category-home","category-news","category-reggio-calabria","tag-consiglio-regionale-della-calabria","tag-filippo-mancuso","tag-rinnovamento-degli-uffici-di-presidenza-delle-commissioni"],"yoast_head":"<!-- This site is optimized with the Yoast SEO plugin v27.2 - https:\/\/yoast.com\/product\/yoast-seo-wordpress\/ -->\n<title>Consiglio Regionale: rinnovati Uffici Presidenza delle Commissioni<\/title>\n<meta name=\"description\" content=\"Rinnovati i locali degli Uffici di Presidenza delle Commissioni del Consiglio regionale, Mancuso: &quot;Impegno serio e doveroso&quot;\" \/>\n<meta name=\"robots\" content=\"index, follow, max-snippet:-1, max-image-preview:large, max-video-preview:-1\" \/>\n<link rel=\"canonical\" href=\"https:\/\/progettotouring.it\/radiotouring104\/2024\/09\/24\/consiglio-regionale-rinnovati-i-locali-degli-uffici-di-presidenza-delle-commissioni\/\" \/>\n<meta property=\"og:locale\" content=\"it_IT\" \/>\n<meta property=\"og:type\" content=\"article\" \/>\n<meta property=\"og:title\" content=\"Consiglio Regionale: rinnovati Uffici Presidenza delle Commissioni\" \/>\n<meta property=\"og:description\" content=\"Rinnovati i locali degli Uffici di Presidenza delle Commissioni del Consiglio regionale, Mancuso: &quot;Impegno serio e doveroso&quot;\" \/>\n<meta property=\"og:url\" content=\"https:\/\/progettotouring.it\/radiotouring104\/2024\/09\/24\/consiglio-regionale-rinnovati-i-locali-degli-uffici-di-presidenza-delle-commissioni\/\" \/>\n<meta property=\"og:site_name\" content=\"Radio Touring 104\" \/>\n<meta property=\"article:published_time\" content=\"2024-09-24T09:03:35+00:00\" \/>\n<meta property=\"og:image\" content=\"https:\/\/progettotouring.it\/radiotouring104\/wp-content\/uploads\/sites\/6\/2024\/02\/Consiglio-Regionale.jpeg\" \/>\n\t<meta property=\"og:image:width\" content=\"1600\" \/>\n\t<meta property=\"og:image:height\" content=\"1067\" \/>\n\t<meta property=\"og:image:type\" content=\"image\/jpeg\" \/>\n<meta name=\"author\" content=\"Sebastiano Plutino\" \/>\n<meta name=\"twitter:card\" content=\"summary_large_image\" \/>\n<meta name=\"twitter:label1\" content=\"Scritto da\" \/>\n\t<meta name=\"twitter:data1\" content=\"Sebastiano Plutino\" \/>\n\t<meta name=\"twitter:label2\" content=\"Tempo di lettura stimato\" \/>\n\t<meta name=\"twitter:data2\" content=\"2 minuti\" \/>\n<script type=\"application\/ld+json\" class=\"yoast-schema-graph\">{\"@context\":\"https:\/\/schema.org\",\"@graph\":[{\"@type\":\"Article\",\"@id\":\"https:\/\/progettotouring.it\/radiotouring104\/2024\/09\/24\/consiglio-regionale-rinnovati-i-locali-degli-uffici-di-presidenza-delle-commissioni\/#article\",\"isPartOf\":{\"@id\":\"https:\/\/progettotouring.it\/radiotouring104\/2024\/09\/24\/consiglio-regionale-rinnovati-i-locali-degli-uffici-di-presidenza-delle-commissioni\/\"},\"author\":{\"name\":\"Sebastiano Plutino\",\"@id\":\"https:\/\/progettotouring.it\/radiotouring104\/#\/schema\/person\/78613917f1851f041f7483f5af1d422e\"},\"headline\":\"Consiglio Regionale: rinnovati i locali degli Uffici di Presidenza delle Commissioni\",\"datePublished\":\"2024-09-24T09:03:35+00:00\",\"mainEntityOfPage\":{\"@id\":\"https:\/\/progettotouring.it\/radiotouring104\/2024\/09\/24\/consiglio-regionale-rinnovati-i-locali-degli-uffici-di-presidenza-delle-commissioni\/\"},\"wordCount\":348,\"publisher\":{\"@id\":\"https:\/\/progettotouring.it\/radiotouring104\/#organization\"},\"image\":{\"@id\":\"https:\/\/progettotouring.it\/radiotouring104\/2024\/09\/24\/consiglio-regionale-rinnovati-i-locali-degli-uffici-di-presidenza-delle-commissioni\/#primaryimage\"},\"thumbnailUrl\":\"https:\/\/progettotouring.it\/radiotouring104\/wp-content\/uploads\/sites\/6\/2024\/02\/Consiglio-Regionale.jpeg\",\"keywords\":[\"Consiglio regionale della Calabria\",\"Filippo Mancuso\",\"rinnovamento degli Uffici di Presidenza delle Commissioni\"],\"articleSection\":[\"Home\",\"News\",\"Reggio Calabria\"],\"inLanguage\":\"it-IT\"},{\"@type\":\"WebPage\",\"@id\":\"https:\/\/progettotouring.it\/radiotouring104\/2024\/09\/24\/consiglio-regionale-rinnovati-i-locali-degli-uffici-di-presidenza-delle-commissioni\/\",\"url\":\"https:\/\/progettotouring.it\/radiotouring104\/2024\/09\/24\/consiglio-regionale-rinnovati-i-locali-degli-uffici-di-presidenza-delle-commissioni\/\",\"name\":\"Consiglio Regionale: rinnovati Uffici Presidenza delle Commissioni\",\"isPartOf\":{\"@id\":\"https:\/\/progettotouring.it\/radiotouring104\/#website\"},\"primaryImageOfPage\":{\"@id\":\"https:\/\/progettotouring.it\/radiotouring104\/2024\/09\/24\/consiglio-regionale-rinnovati-i-locali-degli-uffici-di-presidenza-delle-commissioni\/#primaryimage\"},\"image\":{\"@id\":\"https:\/\/progettotouring.it\/radiotouring104\/2024\/09\/24\/consiglio-regionale-rinnovati-i-locali-degli-uffici-di-presidenza-delle-commissioni\/#primaryimage\"},\"thumbnailUrl\":\"https:\/\/progettotouring.it\/radiotouring104\/wp-content\/uploads\/sites\/6\/2024\/02\/Consiglio-Regionale.jpeg\",\"datePublished\":\"2024-09-24T09:03:35+00:00\",\"description\":\"Rinnovati i locali degli Uffici di Presidenza delle Commissioni del Consiglio regionale, Mancuso: \\\"Impegno serio e doveroso\\\"\",\"breadcrumb\":{\"@id\":\"https:\/\/progettotouring.it\/radiotouring104\/2024\/09\/24\/consiglio-regionale-rinnovati-i-locali-degli-uffici-di-presidenza-delle-commissioni\/#breadcrumb\"},\"inLanguage\":\"it-IT\",\"potentialAction\":[{\"@type\":\"ReadAction\",\"target\":[\"https:\/\/progettotouring.it\/radiotouring104\/2024\/09\/24\/consiglio-regionale-rinnovati-i-locali-degli-uffici-di-presidenza-delle-commissioni\/\"]}]},{\"@type\":\"ImageObject\",\"inLanguage\":\"it-IT\",\"@id\":\"https:\/\/progettotouring.it\/radiotouring104\/2024\/09\/24\/consiglio-regionale-rinnovati-i-locali-degli-uffici-di-presidenza-delle-commissioni\/#primaryimage\",\"url\":\"https:\/\/progettotouring.it\/radiotouring104\/wp-content\/uploads\/sites\/6\/2024\/02\/Consiglio-Regionale.jpeg\",\"contentUrl\":\"https:\/\/progettotouring.it\/radiotouring104\/wp-content\/uploads\/sites\/6\/2024\/02\/Consiglio-Regionale.jpeg\",\"width\":1600,\"height\":1067},{\"@type\":\"BreadcrumbList\",\"@id\":\"https:\/\/progettotouring.it\/radiotouring104\/2024\/09\/24\/consiglio-regionale-rinnovati-i-locali-degli-uffici-di-presidenza-delle-commissioni\/#breadcrumb\",\"itemListElement\":[{\"@type\":\"ListItem\",\"position\":1,\"name\":\"Home\",\"item\":\"https:\/\/progettotouring.it\/radiotouring104\/\"},{\"@type\":\"ListItem\",\"position\":2,\"name\":\"Consiglio Regionale: rinnovati i locali degli Uffici di Presidenza delle Commissioni\"}]},{\"@type\":\"WebSite\",\"@id\":\"https:\/\/progettotouring.it\/radiotouring104\/#website\",\"url\":\"https:\/\/progettotouring.it\/radiotouring104\/\",\"name\":\"Radio Touring 104\",\"description\":\"La prima radio Reggina\",\"publisher\":{\"@id\":\"https:\/\/progettotouring.it\/radiotouring104\/#organization\"},\"potentialAction\":[{\"@type\":\"SearchAction\",\"target\":{\"@type\":\"EntryPoint\",\"urlTemplate\":\"https:\/\/progettotouring.it\/radiotouring104\/?s={search_term_string}\"},\"query-input\":{\"@type\":\"PropertyValueSpecification\",\"valueRequired\":true,\"valueName\":\"search_term_string\"}}],\"inLanguage\":\"it-IT\"},{\"@type\":\"Organization\",\"@id\":\"https:\/\/progettotouring.it\/radiotouring104\/#organization\",\"name\":\"Radio Touring 104\",\"url\":\"https:\/\/progettotouring.it\/radiotouring104\/\",\"logo\":{\"@type\":\"ImageObject\",\"inLanguage\":\"it-IT\",\"@id\":\"https:\/\/progettotouring.it\/radiotouring104\/#\/schema\/logo\/image\/\",\"url\":\"https:\/\/progettotouring.it\/radiotouring104\/wp-content\/uploads\/sites\/6\/2022\/02\/cropped-logo-radio-touring-104.png\",\"contentUrl\":\"https:\/\/progettotouring.it\/radiotouring104\/wp-content\/uploads\/sites\/6\/2022\/02\/cropped-logo-radio-touring-104.png\",\"width\":377,\"height\":182,\"caption\":\"Radio Touring 104\"},\"image\":{\"@id\":\"https:\/\/progettotouring.it\/radiotouring104\/#\/schema\/logo\/image\/\"}},{\"@type\":\"Person\",\"@id\":\"https:\/\/progettotouring.it\/radiotouring104\/#\/schema\/person\/78613917f1851f041f7483f5af1d422e\",\"name\":\"Sebastiano Plutino\",\"image\":{\"@type\":\"ImageObject\",\"inLanguage\":\"it-IT\",\"@id\":\"https:\/\/secure.gravatar.com\/avatar\/0546ffaa9b79224faf9f2a156b67a529ae861d3287c66c1d8ccfdf909bcba78d?s=96&d=mm&r=g\",\"url\":\"https:\/\/secure.gravatar.com\/avatar\/0546ffaa9b79224faf9f2a156b67a529ae861d3287c66c1d8ccfdf909bcba78d?s=96&d=mm&r=g\",\"contentUrl\":\"https:\/\/secure.gravatar.com\/avatar\/0546ffaa9b79224faf9f2a156b67a529ae861d3287c66c1d8ccfdf909bcba78d?s=96&d=mm&r=g\",\"caption\":\"Sebastiano Plutino\"},\"url\":\"https:\/\/progettotouring.it\/radiotouring104\/author\/sebastiano\/\"}]}<\/script>\n<!-- \/ Yoast SEO plugin. -->","yoast_head_json":{"title":"Consiglio Regionale: rinnovati Uffici Presidenza delle Commissioni","description":"Rinnovati i locali degli Uffici di Presidenza delle Commissioni del Consiglio regionale, Mancuso: \"Impegno serio e doveroso\"","robots":{"index":"index","follow":"follow","max-snippet":"max-snippet:-1","max-image-preview":"max-image-preview:large","max-video-preview":"max-video-preview:-1"},"canonical":"https:\/\/progettotouring.it\/radiotouring104\/2024\/09\/24\/consiglio-regionale-rinnovati-i-locali-degli-uffici-di-presidenza-delle-commissioni\/","og_locale":"it_IT","og_type":"article","og_title":"Consiglio Regionale: rinnovati Uffici Presidenza delle Commissioni","og_description":"Rinnovati i locali degli Uffici di Presidenza delle Commissioni del Consiglio regionale, Mancuso: \"Impegno serio e doveroso\"","og_url":"https:\/\/progettotouring.it\/radiotouring104\/2024\/09\/24\/consiglio-regionale-rinnovati-i-locali-degli-uffici-di-presidenza-delle-commissioni\/","og_site_name":"Radio Touring 104","article_published_time":"2024-09-24T09:03:35+00:00","og_image":[{"width":1600,"height":1067,"url":"https:\/\/progettotouring.it\/radiotouring104\/wp-content\/uploads\/sites\/6\/2024\/02\/Consiglio-Regionale.jpeg","type":"image\/jpeg"}],"author":"Sebastiano Plutino","twitter_card":"summary_large_image","twitter_misc":{"Scritto da":"Sebastiano Plutino","Tempo di lettura stimato":"2 minuti"},"schema":{"@context":"https:\/\/schema.org","@graph":[{"@type":"Article","@id":"https:\/\/progettotouring.it\/radiotouring104\/2024\/09\/24\/consiglio-regionale-rinnovati-i-locali-degli-uffici-di-presidenza-delle-commissioni\/#article","isPartOf":{"@id":"https:\/\/progettotouring.it\/radiotouring104\/2024\/09\/24\/consiglio-regionale-rinnovati-i-locali-degli-uffici-di-presidenza-delle-commissioni\/"},"author":{"name":"Sebastiano Plutino","@id":"https:\/\/progettotouring.it\/radiotouring104\/#\/schema\/person\/78613917f1851f041f7483f5af1d422e"},"headline":"Consiglio Regionale: rinnovati i locali degli Uffici di Presidenza delle Commissioni","datePublished":"2024-09-24T09:03:35+00:00","mainEntityOfPage":{"@id":"https:\/\/progettotouring.it\/radiotouring104\/2024\/09\/24\/consiglio-regionale-rinnovati-i-locali-degli-uffici-di-presidenza-delle-commissioni\/"},"wordCount":348,"publisher":{"@id":"https:\/\/progettotouring.it\/radiotouring104\/#organization"},"image":{"@id":"https:\/\/progettotouring.it\/radiotouring104\/2024\/09\/24\/consiglio-regionale-rinnovati-i-locali-degli-uffici-di-presidenza-delle-commissioni\/#primaryimage"},"thumbnailUrl":"https:\/\/progettotouring.it\/radiotouring104\/wp-content\/uploads\/sites\/6\/2024\/02\/Consiglio-Regionale.jpeg","keywords":["Consiglio regionale della Calabria","Filippo Mancuso","rinnovamento degli Uffici di Presidenza delle Commissioni"],"articleSection":["Home","News","Reggio Calabria"],"inLanguage":"it-IT"},{"@type":"WebPage","@id":"https:\/\/progettotouring.it\/radiotouring104\/2024\/09\/24\/consiglio-regionale-rinnovati-i-locali-degli-uffici-di-presidenza-delle-commissioni\/","url":"https:\/\/progettotouring.it\/radiotouring104\/2024\/09\/24\/consiglio-regionale-rinnovati-i-locali-degli-uffici-di-presidenza-delle-commissioni\/","name":"Consiglio Regionale: rinnovati Uffici Presidenza delle Commissioni","isPartOf":{"@id":"https:\/\/progettotouring.it\/radiotouring104\/#website"},"primaryImageOfPage":{"@id":"https:\/\/progettotouring.it\/radiotouring104\/2024\/09\/24\/consiglio-regionale-rinnovati-i-locali-degli-uffici-di-presidenza-delle-commissioni\/#primaryimage"},"image":{"@id":"https:\/\/progettotouring.it\/radiotouring104\/2024\/09\/24\/consiglio-regionale-rinnovati-i-locali-degli-uffici-di-presidenza-delle-commissioni\/#primaryimage"},"thumbnailUrl":"https:\/\/progettotouring.it\/radiotouring104\/wp-content\/uploads\/sites\/6\/2024\/02\/Consiglio-Regionale.jpeg","datePublished":"2024-09-24T09:03:35+00:00","description":"Rinnovati i locali degli Uffici di Presidenza delle Commissioni del Consiglio regionale, Mancuso: \"Impegno serio e doveroso\"","breadcrumb":{"@id":"https:\/\/progettotouring.it\/radiotouring104\/2024\/09\/24\/consiglio-regionale-rinnovati-i-locali-degli-uffici-di-presidenza-delle-commissioni\/#breadcrumb"},"inLanguage":"it-IT","potentialAction":[{"@type":"ReadAction","target":["https:\/\/progettotouring.it\/radiotouring104\/2024\/09\/24\/consiglio-regionale-rinnovati-i-locali-degli-uffici-di-presidenza-delle-commissioni\/"]}]},{"@type":"ImageObject","inLanguage":"it-IT","@id":"https:\/\/progettotouring.it\/radiotouring104\/2024\/09\/24\/consiglio-regionale-rinnovati-i-locali-degli-uffici-di-presidenza-delle-commissioni\/#primaryimage","url":"https:\/\/progettotouring.it\/radiotouring104\/wp-content\/uploads\/sites\/6\/2024\/02\/Consiglio-Regionale.jpeg","contentUrl":"https:\/\/progettotouring.it\/radiotouring104\/wp-content\/uploads\/sites\/6\/2024\/02\/Consiglio-Regionale.jpeg","width":1600,"height":1067},{"@type":"BreadcrumbList","@id":"https:\/\/progettotouring.it\/radiotouring104\/2024\/09\/24\/consiglio-regionale-rinnovati-i-locali-degli-uffici-di-presidenza-delle-commissioni\/#breadcrumb","itemListElement":[{"@type":"ListItem","position":1,"name":"Home","item":"https:\/\/progettotouring.it\/radiotouring104\/"},{"@type":"ListItem","position":2,"name":"Consiglio Regionale: rinnovati i locali degli Uffici di Presidenza delle Commissioni"}]},{"@type":"WebSite","@id":"https:\/\/progettotouring.it\/radiotouring104\/#website","url":"https:\/\/progettotouring.it\/radiotouring104\/","name":"Radio Touring 104","description":"La prima radio Reggina","publisher":{"@id":"https:\/\/progettotouring.it\/radiotouring104\/#organization"},"potentialAction":[{"@type":"SearchAction","target":{"@type":"EntryPoint","urlTemplate":"https:\/\/progettotouring.it\/radiotouring104\/?s={search_term_string}"},"query-input":{"@type":"PropertyValueSpecification","valueRequired":true,"valueName":"search_term_string"}}],"inLanguage":"it-IT"},{"@type":"Organization","@id":"https:\/\/progettotouring.it\/radiotouring104\/#organization","name":"Radio Touring 104","url":"https:\/\/progettotouring.it\/radiotouring104\/","logo":{"@type":"ImageObject","inLanguage":"it-IT","@id":"https:\/\/progettotouring.it\/radiotouring104\/#\/schema\/logo\/image\/","url":"https:\/\/progettotouring.it\/radiotouring104\/wp-content\/uploads\/sites\/6\/2022\/02\/cropped-logo-radio-touring-104.png","contentUrl":"https:\/\/progettotouring.it\/radiotouring104\/wp-content\/uploads\/sites\/6\/2022\/02\/cropped-logo-radio-touring-104.png","width":377,"height":182,"caption":"Radio Touring 104"},"image":{"@id":"https:\/\/progettotouring.it\/radiotouring104\/#\/schema\/logo\/image\/"}},{"@type":"Person","@id":"https:\/\/progettotouring.it\/radiotouring104\/#\/schema\/person\/78613917f1851f041f7483f5af1d422e","name":"Sebastiano Plutino","image":{"@type":"ImageObject","inLanguage":"it-IT","@id":"https:\/\/secure.gravatar.com\/avatar\/0546ffaa9b79224faf9f2a156b67a529ae861d3287c66c1d8ccfdf909bcba78d?s=96&d=mm&r=g","url":"https:\/\/secure.gravatar.com\/avatar\/0546ffaa9b79224faf9f2a156b67a529ae861d3287c66c1d8ccfdf909bcba78d?s=96&d=mm&r=g","contentUrl":"https:\/\/secure.gravatar.com\/avatar\/0546ffaa9b79224faf9f2a156b67a529ae861d3287c66c1d8ccfdf909bcba78d?s=96&d=mm&r=g","caption":"Sebastiano Plutino"},"url":"https:\/\/progettotouring.it\/radiotouring104\/author\/sebastiano\/"}]}},"jetpack_publicize_connections":[],"jetpack_featured_media_url":"https:\/\/progettotouring.it\/radiotouring104\/wp-content\/uploads\/sites\/6\/2024\/02\/Consiglio-Regionale.jpeg","jetpack_sharing_enabled":true,"_links":{"self":[{"href":"https:\/\/progettotouring.it\/radiotouring104\/wp-json\/wp\/v2\/posts\/58287","targetHints":{"allow":["GET"]}}],"collection":[{"href":"https:\/\/progettotouring.it\/radiotouring104\/wp-json\/wp\/v2\/posts"}],"about":[{"href":"https:\/\/progettotouring.it\/radiotouring104\/wp-json\/wp\/v2\/types\/post"}],"author":[{"embeddable":true,"href":"https:\/\/progettotouring.it\/radiotouring104\/wp-json\/wp\/v2\/users\/12"}],"replies":[{"embeddable":true,"href":"https:\/\/progettotouring.it\/radiotouring104\/wp-json\/wp\/v2\/comments?post=58287"}],"version-history":[{"count":1,"href":"https:\/\/progettotouring.it\/radiotouring104\/wp-json\/wp\/v2\/posts\/58287\/revisions"}],"predecessor-version":[{"id":58288,"href":"https:\/\/progettotouring.it\/radiotouring104\/wp-json\/wp\/v2\/posts\/58287\/revisions\/58288"}],"wp:featuredmedia":[{"embeddable":true,"href":"https:\/\/progettotouring.it\/radiotouring104\/wp-json\/wp\/v2\/media\/45170"}],"wp:attachment":[{"href":"https:\/\/progettotouring.it\/radiotouring104\/wp-json\/wp\/v2\/media?parent=58287"}],"wp:term":[{"taxonomy":"category","embeddable":true,"href":"https:\/\/progettotouring.it\/radiotouring104\/wp-json\/wp\/v2\/categories?post=58287"},{"taxonomy":"post_tag","embeddable":true,"href":"https:\/\/progettotouring.it\/radiotouring104\/wp-json\/wp\/v2\/tags?post=58287"}],"curies":[{"name":"wp","href":"https:\/\/api.w.org\/{rel}","templated":true}]}}