{"id":58289,"date":"2024-09-24T11:18:51","date_gmt":"2024-09-24T09:18:51","guid":{"rendered":"https:\/\/progettotouring.it\/radiotouring104\/?p=58289"},"modified":"2024-09-24T11:18:51","modified_gmt":"2024-09-24T09:18:51","slug":"boldrini-visita-in-carcere-lattivista-maysoon-majidi-paradosso-insopportabile","status":"publish","type":"post","link":"https:\/\/progettotouring.it\/radiotouring104\/2024\/09\/24\/boldrini-visita-in-carcere-lattivista-maysoon-majidi-paradosso-insopportabile\/","title":{"rendered":"Boldrini visita in carcere l&#8217;attivista Maysoon Majidi: &#8220;Paradosso insopportabile&#8221;"},"content":{"rendered":"<p style=\"text-align: justify\"><em>&#8220;Dal punto di vista fisico l&#8217;ho trovata assolutamente magra, direi deperita. Per\u00f2 \u00e8 molto determinata a portare avanti le sue ragioni.Non si d\u00e0 pace di tutto quello che sta accadendo&#8221;<\/em><strong>\u00a0ha dichiarato Laura Boldrini,<\/strong> deputata del Pd e presidente del Comitato permanente della Camera sui diritti umani nel Mondo, <strong>a Reggio Calabria dove ha incontrato, in carcere Maysoon Majidi, l<\/strong>&#8216;attivista curda iraniana di 28 anni arrestata con l&#8217;accusa di essere una scafista.<\/p>\n<p style=\"text-align: justify\">&#8220;<em>Quello che le viene attribuito<\/em> &#8211; afferma Boldrini <em>&#8211; \u00e8 assolutamente falso. C&#8217;\u00e8 un grande equivoco alla base di tutto legato alle traduzioni fatte da persone che non parlano la stessa lingua. Ma \u00e8 possibile che tutti possono parlare con i due sedicenti accusatori e, invece, il Tribunale non riesce ad acquisire le loro testimonianze? Ho molta fiducia nella magistratura giudicante e spero che appunto venga fatta chiarezza perch\u00e9 effettivamente l&#8217;impianto accusatorio, portato avanti finora, non risponde alla realt\u00e0 dei fatti. Non vorrei che questa modalit\u00e0, sull&#8217;onda dell&#8217;idea che bisogna trovare nel globo terraqueo tutti gli scafisti, possa influenzare e arrivare anche laddove invece bisogna valutare sulla base della realt\u00e0&#8221;.<\/em><\/p>\n<p style=\"text-align: justify\"><strong>Su Maysoon,<\/strong> <em>&#8220;il Pd &#8211;<\/em> <strong>aggiunge &#8211;<\/strong> <em>ha fatto un&#8217;interrogazione parlamentare. Io stessa ho chiesto l&#8217;intervento di Nordio che venisse a riferire in aula. Voglio sperare che tutto quello che sta avvenendo a Maysoon non sia dovuto a un clima politico. \u00c8 chiaro che c&#8217;\u00e8 una grossa pressione sulla magistratura attaccata costantemente dal governo e questo toglie serenit\u00e0 nella valutazione, non c&#8217;\u00e8 dubbio. Ho ragione di credere che la magistratura non si far\u00e0 influenzare per\u00f2 \u00e8 anche evidente che mai l&#8217;esecutivo dovrebbe entrare a gamba tesa come sta facendo contro la magistratura proprio nell&#8217;ottica della separazione dei poteri su cui si basa lo stato di diritto. Noi parliamo del movimento &#8216;donna, vita, libert\u00e0&#8217; delle donne che scendono in piazza in Iran e rischiano la vita, &#8211;<\/em> <strong>sostiene la parlamentare<\/strong> <em>&#8211; poi quando queste donne riescono a mettersi in salvo le sbattiamo in galera. Ma vi rendete conto che cortocircuito insopportabile? Per questo bisogna andare fino in fondo e io mi auguro che la magistratura lo faccia con senso di responsabilit\u00e0 perch\u00e9, altrimenti, questa giovane donna rischia anni e anni di galera quando pensava di essersi messa in salvo. Un paradosso insopportabile&#8221;.<\/em><\/p>\n<p id=\"ob\">\n<div id=\"inArticle\">\n<aside>\n<div class=\"ob-smartfeed-wrapper feedIdx-0\">\n<div id=\"outbrain_widget_0\" class=\"OUTBRAIN\" data-src=\"DROP_PERMALINK_HERE\" data-widget-id=\"AR_4\" data-ob-mark=\"true\" data-browser=\"chrome\" data-os=\"win32\" data-dynload=\"\" data-idx=\"0\">\n<div class=\"ob-widget ob-feed-layout CR_7\">\n<div class=\"ob-widget-header\"><span class=\"ob-widget-text\">\u00a0<\/span><\/div>\n<\/div>\n<\/div>\n<\/div>\n<\/aside>\n<\/div>\n","protected":false},"excerpt":{"rendered":"<p>&#8220;Dal punto di vista fisico l&#8217;ho trovata assolutamente magra, direi deperita. Per\u00f2 \u00e8 molto determinata a portare avanti le sue ragioni.Non si d\u00e0 pace di tutto quello che sta accadendo&#8221;\u00a0ha&hellip;<\/p>\n","protected":false},"author":12,"featured_media":58290,"comment_status":"closed","ping_status":"open","sticky":false,"template":"","format":"standard","meta":{"_jetpack_memberships_contains_paid_content":false,"footnotes":"","jetpack_publicize_message":"","jetpack_publicize_feature_enabled":true,"jetpack_social_post_already_shared":false,"jetpack_social_options":{"image_generator_settings":{"template":"highway","default_image_id":0,"font":"","enabled":false},"version":2}},"categories":[921,196,140],"tags":[24028,31152,35643,35054],"class_list":["post-58289","post","type-post","status-publish","format-standard","has-post-thumbnail","hentry","category-home","category-news","category-reggio-calabria","tag-laura-boldrini","tag-maysoon-majidi","tag-paradosso-insopportabile","tag-visita-in-carcere"],"yoast_head":"<!-- This site is optimized with the Yoast SEO plugin v27.2 - https:\/\/yoast.com\/product\/yoast-seo-wordpress\/ -->\n<title>Boldrini visita in carcere Majidi: &quot;Paradosso insopportabile&quot;<\/title>\n<meta name=\"description\" content=\"&quot;Fiducia nella magistratura giudicante, spero faccia chiarezza&quot;, ha dichiarato la deputata del Pd, dopo la visita in carcere all&#039;attivista\" \/>\n<meta name=\"robots\" content=\"index, follow, max-snippet:-1, max-image-preview:large, max-video-preview:-1\" \/>\n<link rel=\"canonical\" href=\"https:\/\/progettotouring.it\/radiotouring104\/2024\/09\/24\/boldrini-visita-in-carcere-lattivista-maysoon-majidi-paradosso-insopportabile\/\" \/>\n<meta property=\"og:locale\" content=\"it_IT\" \/>\n<meta property=\"og:type\" content=\"article\" \/>\n<meta property=\"og:title\" content=\"Boldrini visita in carcere Majidi: &quot;Paradosso insopportabile&quot;\" \/>\n<meta property=\"og:description\" content=\"&quot;Fiducia nella magistratura giudicante, spero faccia chiarezza&quot;, ha dichiarato la deputata del Pd, dopo la visita in carcere all&#039;attivista\" \/>\n<meta property=\"og:url\" content=\"https:\/\/progettotouring.it\/radiotouring104\/2024\/09\/24\/boldrini-visita-in-carcere-lattivista-maysoon-majidi-paradosso-insopportabile\/\" \/>\n<meta property=\"og:site_name\" content=\"Radio Touring 104\" \/>\n<meta property=\"article:published_time\" content=\"2024-09-24T09:18:51+00:00\" \/>\n<meta property=\"og:image\" content=\"https:\/\/progettotouring.it\/radiotouring104\/wp-content\/uploads\/sites\/6\/2024\/09\/Laura_Boldrini_2016.jpg\" \/>\n\t<meta property=\"og:image:width\" content=\"750\" \/>\n\t<meta property=\"og:image:height\" content=\"1081\" \/>\n\t<meta property=\"og:image:type\" content=\"image\/jpeg\" \/>\n<meta name=\"author\" content=\"Sebastiano Plutino\" \/>\n<meta name=\"twitter:card\" content=\"summary_large_image\" \/>\n<meta name=\"twitter:label1\" content=\"Scritto da\" \/>\n\t<meta name=\"twitter:data1\" content=\"Sebastiano Plutino\" \/>\n\t<meta name=\"twitter:label2\" content=\"Tempo di lettura stimato\" \/>\n\t<meta name=\"twitter:data2\" content=\"2 minuti\" \/>\n<script type=\"application\/ld+json\" class=\"yoast-schema-graph\">{\"@context\":\"https:\/\/schema.org\",\"@graph\":[{\"@type\":\"Article\",\"@id\":\"https:\/\/progettotouring.it\/radiotouring104\/2024\/09\/24\/boldrini-visita-in-carcere-lattivista-maysoon-majidi-paradosso-insopportabile\/#article\",\"isPartOf\":{\"@id\":\"https:\/\/progettotouring.it\/radiotouring104\/2024\/09\/24\/boldrini-visita-in-carcere-lattivista-maysoon-majidi-paradosso-insopportabile\/\"},\"author\":{\"name\":\"Sebastiano Plutino\",\"@id\":\"https:\/\/progettotouring.it\/radiotouring104\/#\/schema\/person\/78613917f1851f041f7483f5af1d422e\"},\"headline\":\"Boldrini visita in carcere l&#8217;attivista Maysoon Majidi: &#8220;Paradosso insopportabile&#8221;\",\"datePublished\":\"2024-09-24T09:18:51+00:00\",\"mainEntityOfPage\":{\"@id\":\"https:\/\/progettotouring.it\/radiotouring104\/2024\/09\/24\/boldrini-visita-in-carcere-lattivista-maysoon-majidi-paradosso-insopportabile\/\"},\"wordCount\":378,\"publisher\":{\"@id\":\"https:\/\/progettotouring.it\/radiotouring104\/#organization\"},\"image\":{\"@id\":\"https:\/\/progettotouring.it\/radiotouring104\/2024\/09\/24\/boldrini-visita-in-carcere-lattivista-maysoon-majidi-paradosso-insopportabile\/#primaryimage\"},\"thumbnailUrl\":\"https:\/\/progettotouring.it\/radiotouring104\/wp-content\/uploads\/sites\/6\/2024\/09\/Laura_Boldrini_2016.jpg\",\"keywords\":[\"Laura Boldrini\",\"Maysoon Majidi\",\"paradosso insopportabile\",\"visita in carcere\"],\"articleSection\":[\"Home\",\"News\",\"Reggio Calabria\"],\"inLanguage\":\"it-IT\"},{\"@type\":\"WebPage\",\"@id\":\"https:\/\/progettotouring.it\/radiotouring104\/2024\/09\/24\/boldrini-visita-in-carcere-lattivista-maysoon-majidi-paradosso-insopportabile\/\",\"url\":\"https:\/\/progettotouring.it\/radiotouring104\/2024\/09\/24\/boldrini-visita-in-carcere-lattivista-maysoon-majidi-paradosso-insopportabile\/\",\"name\":\"Boldrini visita in carcere Majidi: \\\"Paradosso insopportabile\\\"\",\"isPartOf\":{\"@id\":\"https:\/\/progettotouring.it\/radiotouring104\/#website\"},\"primaryImageOfPage\":{\"@id\":\"https:\/\/progettotouring.it\/radiotouring104\/2024\/09\/24\/boldrini-visita-in-carcere-lattivista-maysoon-majidi-paradosso-insopportabile\/#primaryimage\"},\"image\":{\"@id\":\"https:\/\/progettotouring.it\/radiotouring104\/2024\/09\/24\/boldrini-visita-in-carcere-lattivista-maysoon-majidi-paradosso-insopportabile\/#primaryimage\"},\"thumbnailUrl\":\"https:\/\/progettotouring.it\/radiotouring104\/wp-content\/uploads\/sites\/6\/2024\/09\/Laura_Boldrini_2016.jpg\",\"datePublished\":\"2024-09-24T09:18:51+00:00\",\"description\":\"\\\"Fiducia nella magistratura giudicante, spero faccia chiarezza\\\", ha dichiarato la deputata del Pd, dopo la visita in carcere all'attivista\",\"breadcrumb\":{\"@id\":\"https:\/\/progettotouring.it\/radiotouring104\/2024\/09\/24\/boldrini-visita-in-carcere-lattivista-maysoon-majidi-paradosso-insopportabile\/#breadcrumb\"},\"inLanguage\":\"it-IT\",\"potentialAction\":[{\"@type\":\"ReadAction\",\"target\":[\"https:\/\/progettotouring.it\/radiotouring104\/2024\/09\/24\/boldrini-visita-in-carcere-lattivista-maysoon-majidi-paradosso-insopportabile\/\"]}]},{\"@type\":\"ImageObject\",\"inLanguage\":\"it-IT\",\"@id\":\"https:\/\/progettotouring.it\/radiotouring104\/2024\/09\/24\/boldrini-visita-in-carcere-lattivista-maysoon-majidi-paradosso-insopportabile\/#primaryimage\",\"url\":\"https:\/\/progettotouring.it\/radiotouring104\/wp-content\/uploads\/sites\/6\/2024\/09\/Laura_Boldrini_2016.jpg\",\"contentUrl\":\"https:\/\/progettotouring.it\/radiotouring104\/wp-content\/uploads\/sites\/6\/2024\/09\/Laura_Boldrini_2016.jpg\",\"width\":750,\"height\":1081},{\"@type\":\"BreadcrumbList\",\"@id\":\"https:\/\/progettotouring.it\/radiotouring104\/2024\/09\/24\/boldrini-visita-in-carcere-lattivista-maysoon-majidi-paradosso-insopportabile\/#breadcrumb\",\"itemListElement\":[{\"@type\":\"ListItem\",\"position\":1,\"name\":\"Home\",\"item\":\"https:\/\/progettotouring.it\/radiotouring104\/\"},{\"@type\":\"ListItem\",\"position\":2,\"name\":\"Boldrini visita in carcere l&#8217;attivista Maysoon Majidi: &#8220;Paradosso insopportabile&#8221;\"}]},{\"@type\":\"WebSite\",\"@id\":\"https:\/\/progettotouring.it\/radiotouring104\/#website\",\"url\":\"https:\/\/progettotouring.it\/radiotouring104\/\",\"name\":\"Radio Touring 104\",\"description\":\"La prima radio Reggina\",\"publisher\":{\"@id\":\"https:\/\/progettotouring.it\/radiotouring104\/#organization\"},\"potentialAction\":[{\"@type\":\"SearchAction\",\"target\":{\"@type\":\"EntryPoint\",\"urlTemplate\":\"https:\/\/progettotouring.it\/radiotouring104\/?s={search_term_string}\"},\"query-input\":{\"@type\":\"PropertyValueSpecification\",\"valueRequired\":true,\"valueName\":\"search_term_string\"}}],\"inLanguage\":\"it-IT\"},{\"@type\":\"Organization\",\"@id\":\"https:\/\/progettotouring.it\/radiotouring104\/#organization\",\"name\":\"Radio Touring 104\",\"url\":\"https:\/\/progettotouring.it\/radiotouring104\/\",\"logo\":{\"@type\":\"ImageObject\",\"inLanguage\":\"it-IT\",\"@id\":\"https:\/\/progettotouring.it\/radiotouring104\/#\/schema\/logo\/image\/\",\"url\":\"https:\/\/progettotouring.it\/radiotouring104\/wp-content\/uploads\/sites\/6\/2022\/02\/cropped-logo-radio-touring-104.png\",\"contentUrl\":\"https:\/\/progettotouring.it\/radiotouring104\/wp-content\/uploads\/sites\/6\/2022\/02\/cropped-logo-radio-touring-104.png\",\"width\":377,\"height\":182,\"caption\":\"Radio Touring 104\"},\"image\":{\"@id\":\"https:\/\/progettotouring.it\/radiotouring104\/#\/schema\/logo\/image\/\"}},{\"@type\":\"Person\",\"@id\":\"https:\/\/progettotouring.it\/radiotouring104\/#\/schema\/person\/78613917f1851f041f7483f5af1d422e\",\"name\":\"Sebastiano Plutino\",\"image\":{\"@type\":\"ImageObject\",\"inLanguage\":\"it-IT\",\"@id\":\"https:\/\/secure.gravatar.com\/avatar\/0546ffaa9b79224faf9f2a156b67a529ae861d3287c66c1d8ccfdf909bcba78d?s=96&d=mm&r=g\",\"url\":\"https:\/\/secure.gravatar.com\/avatar\/0546ffaa9b79224faf9f2a156b67a529ae861d3287c66c1d8ccfdf909bcba78d?s=96&d=mm&r=g\",\"contentUrl\":\"https:\/\/secure.gravatar.com\/avatar\/0546ffaa9b79224faf9f2a156b67a529ae861d3287c66c1d8ccfdf909bcba78d?s=96&d=mm&r=g\",\"caption\":\"Sebastiano Plutino\"},\"url\":\"https:\/\/progettotouring.it\/radiotouring104\/author\/sebastiano\/\"}]}<\/script>\n<!-- \/ Yoast SEO plugin. -->","yoast_head_json":{"title":"Boldrini visita in carcere Majidi: \"Paradosso insopportabile\"","description":"\"Fiducia nella magistratura giudicante, spero faccia chiarezza\", ha dichiarato la deputata del Pd, dopo la visita in carcere all'attivista","robots":{"index":"index","follow":"follow","max-snippet":"max-snippet:-1","max-image-preview":"max-image-preview:large","max-video-preview":"max-video-preview:-1"},"canonical":"https:\/\/progettotouring.it\/radiotouring104\/2024\/09\/24\/boldrini-visita-in-carcere-lattivista-maysoon-majidi-paradosso-insopportabile\/","og_locale":"it_IT","og_type":"article","og_title":"Boldrini visita in carcere Majidi: \"Paradosso insopportabile\"","og_description":"\"Fiducia nella magistratura giudicante, spero faccia chiarezza\", ha dichiarato la deputata del Pd, dopo la visita in carcere all'attivista","og_url":"https:\/\/progettotouring.it\/radiotouring104\/2024\/09\/24\/boldrini-visita-in-carcere-lattivista-maysoon-majidi-paradosso-insopportabile\/","og_site_name":"Radio Touring 104","article_published_time":"2024-09-24T09:18:51+00:00","og_image":[{"width":750,"height":1081,"url":"https:\/\/progettotouring.it\/radiotouring104\/wp-content\/uploads\/sites\/6\/2024\/09\/Laura_Boldrini_2016.jpg","type":"image\/jpeg"}],"author":"Sebastiano Plutino","twitter_card":"summary_large_image","twitter_misc":{"Scritto da":"Sebastiano Plutino","Tempo di lettura stimato":"2 minuti"},"schema":{"@context":"https:\/\/schema.org","@graph":[{"@type":"Article","@id":"https:\/\/progettotouring.it\/radiotouring104\/2024\/09\/24\/boldrini-visita-in-carcere-lattivista-maysoon-majidi-paradosso-insopportabile\/#article","isPartOf":{"@id":"https:\/\/progettotouring.it\/radiotouring104\/2024\/09\/24\/boldrini-visita-in-carcere-lattivista-maysoon-majidi-paradosso-insopportabile\/"},"author":{"name":"Sebastiano Plutino","@id":"https:\/\/progettotouring.it\/radiotouring104\/#\/schema\/person\/78613917f1851f041f7483f5af1d422e"},"headline":"Boldrini visita in carcere l&#8217;attivista Maysoon Majidi: &#8220;Paradosso insopportabile&#8221;","datePublished":"2024-09-24T09:18:51+00:00","mainEntityOfPage":{"@id":"https:\/\/progettotouring.it\/radiotouring104\/2024\/09\/24\/boldrini-visita-in-carcere-lattivista-maysoon-majidi-paradosso-insopportabile\/"},"wordCount":378,"publisher":{"@id":"https:\/\/progettotouring.it\/radiotouring104\/#organization"},"image":{"@id":"https:\/\/progettotouring.it\/radiotouring104\/2024\/09\/24\/boldrini-visita-in-carcere-lattivista-maysoon-majidi-paradosso-insopportabile\/#primaryimage"},"thumbnailUrl":"https:\/\/progettotouring.it\/radiotouring104\/wp-content\/uploads\/sites\/6\/2024\/09\/Laura_Boldrini_2016.jpg","keywords":["Laura Boldrini","Maysoon Majidi","paradosso insopportabile","visita in carcere"],"articleSection":["Home","News","Reggio Calabria"],"inLanguage":"it-IT"},{"@type":"WebPage","@id":"https:\/\/progettotouring.it\/radiotouring104\/2024\/09\/24\/boldrini-visita-in-carcere-lattivista-maysoon-majidi-paradosso-insopportabile\/","url":"https:\/\/progettotouring.it\/radiotouring104\/2024\/09\/24\/boldrini-visita-in-carcere-lattivista-maysoon-majidi-paradosso-insopportabile\/","name":"Boldrini visita in carcere Majidi: \"Paradosso insopportabile\"","isPartOf":{"@id":"https:\/\/progettotouring.it\/radiotouring104\/#website"},"primaryImageOfPage":{"@id":"https:\/\/progettotouring.it\/radiotouring104\/2024\/09\/24\/boldrini-visita-in-carcere-lattivista-maysoon-majidi-paradosso-insopportabile\/#primaryimage"},"image":{"@id":"https:\/\/progettotouring.it\/radiotouring104\/2024\/09\/24\/boldrini-visita-in-carcere-lattivista-maysoon-majidi-paradosso-insopportabile\/#primaryimage"},"thumbnailUrl":"https:\/\/progettotouring.it\/radiotouring104\/wp-content\/uploads\/sites\/6\/2024\/09\/Laura_Boldrini_2016.jpg","datePublished":"2024-09-24T09:18:51+00:00","description":"\"Fiducia nella magistratura giudicante, spero faccia chiarezza\", ha dichiarato la deputata del Pd, dopo la visita in carcere all'attivista","breadcrumb":{"@id":"https:\/\/progettotouring.it\/radiotouring104\/2024\/09\/24\/boldrini-visita-in-carcere-lattivista-maysoon-majidi-paradosso-insopportabile\/#breadcrumb"},"inLanguage":"it-IT","potentialAction":[{"@type":"ReadAction","target":["https:\/\/progettotouring.it\/radiotouring104\/2024\/09\/24\/boldrini-visita-in-carcere-lattivista-maysoon-majidi-paradosso-insopportabile\/"]}]},{"@type":"ImageObject","inLanguage":"it-IT","@id":"https:\/\/progettotouring.it\/radiotouring104\/2024\/09\/24\/boldrini-visita-in-carcere-lattivista-maysoon-majidi-paradosso-insopportabile\/#primaryimage","url":"https:\/\/progettotouring.it\/radiotouring104\/wp-content\/uploads\/sites\/6\/2024\/09\/Laura_Boldrini_2016.jpg","contentUrl":"https:\/\/progettotouring.it\/radiotouring104\/wp-content\/uploads\/sites\/6\/2024\/09\/Laura_Boldrini_2016.jpg","width":750,"height":1081},{"@type":"BreadcrumbList","@id":"https:\/\/progettotouring.it\/radiotouring104\/2024\/09\/24\/boldrini-visita-in-carcere-lattivista-maysoon-majidi-paradosso-insopportabile\/#breadcrumb","itemListElement":[{"@type":"ListItem","position":1,"name":"Home","item":"https:\/\/progettotouring.it\/radiotouring104\/"},{"@type":"ListItem","position":2,"name":"Boldrini visita in carcere l&#8217;attivista Maysoon Majidi: &#8220;Paradosso insopportabile&#8221;"}]},{"@type":"WebSite","@id":"https:\/\/progettotouring.it\/radiotouring104\/#website","url":"https:\/\/progettotouring.it\/radiotouring104\/","name":"Radio Touring 104","description":"La prima radio Reggina","publisher":{"@id":"https:\/\/progettotouring.it\/radiotouring104\/#organization"},"potentialAction":[{"@type":"SearchAction","target":{"@type":"EntryPoint","urlTemplate":"https:\/\/progettotouring.it\/radiotouring104\/?s={search_term_string}"},"query-input":{"@type":"PropertyValueSpecification","valueRequired":true,"valueName":"search_term_string"}}],"inLanguage":"it-IT"},{"@type":"Organization","@id":"https:\/\/progettotouring.it\/radiotouring104\/#organization","name":"Radio Touring 104","url":"https:\/\/progettotouring.it\/radiotouring104\/","logo":{"@type":"ImageObject","inLanguage":"it-IT","@id":"https:\/\/progettotouring.it\/radiotouring104\/#\/schema\/logo\/image\/","url":"https:\/\/progettotouring.it\/radiotouring104\/wp-content\/uploads\/sites\/6\/2022\/02\/cropped-logo-radio-touring-104.png","contentUrl":"https:\/\/progettotouring.it\/radiotouring104\/wp-content\/uploads\/sites\/6\/2022\/02\/cropped-logo-radio-touring-104.png","width":377,"height":182,"caption":"Radio Touring 104"},"image":{"@id":"https:\/\/progettotouring.it\/radiotouring104\/#\/schema\/logo\/image\/"}},{"@type":"Person","@id":"https:\/\/progettotouring.it\/radiotouring104\/#\/schema\/person\/78613917f1851f041f7483f5af1d422e","name":"Sebastiano Plutino","image":{"@type":"ImageObject","inLanguage":"it-IT","@id":"https:\/\/secure.gravatar.com\/avatar\/0546ffaa9b79224faf9f2a156b67a529ae861d3287c66c1d8ccfdf909bcba78d?s=96&d=mm&r=g","url":"https:\/\/secure.gravatar.com\/avatar\/0546ffaa9b79224faf9f2a156b67a529ae861d3287c66c1d8ccfdf909bcba78d?s=96&d=mm&r=g","contentUrl":"https:\/\/secure.gravatar.com\/avatar\/0546ffaa9b79224faf9f2a156b67a529ae861d3287c66c1d8ccfdf909bcba78d?s=96&d=mm&r=g","caption":"Sebastiano Plutino"},"url":"https:\/\/progettotouring.it\/radiotouring104\/author\/sebastiano\/"}]}},"jetpack_publicize_connections":[],"jetpack_featured_media_url":"https:\/\/progettotouring.it\/radiotouring104\/wp-content\/uploads\/sites\/6\/2024\/09\/Laura_Boldrini_2016.jpg","jetpack_sharing_enabled":true,"_links":{"self":[{"href":"https:\/\/progettotouring.it\/radiotouring104\/wp-json\/wp\/v2\/posts\/58289","targetHints":{"allow":["GET"]}}],"collection":[{"href":"https:\/\/progettotouring.it\/radiotouring104\/wp-json\/wp\/v2\/posts"}],"about":[{"href":"https:\/\/progettotouring.it\/radiotouring104\/wp-json\/wp\/v2\/types\/post"}],"author":[{"embeddable":true,"href":"https:\/\/progettotouring.it\/radiotouring104\/wp-json\/wp\/v2\/users\/12"}],"replies":[{"embeddable":true,"href":"https:\/\/progettotouring.it\/radiotouring104\/wp-json\/wp\/v2\/comments?post=58289"}],"version-history":[{"count":1,"href":"https:\/\/progettotouring.it\/radiotouring104\/wp-json\/wp\/v2\/posts\/58289\/revisions"}],"predecessor-version":[{"id":58291,"href":"https:\/\/progettotouring.it\/radiotouring104\/wp-json\/wp\/v2\/posts\/58289\/revisions\/58291"}],"wp:featuredmedia":[{"embeddable":true,"href":"https:\/\/progettotouring.it\/radiotouring104\/wp-json\/wp\/v2\/media\/58290"}],"wp:attachment":[{"href":"https:\/\/progettotouring.it\/radiotouring104\/wp-json\/wp\/v2\/media?parent=58289"}],"wp:term":[{"taxonomy":"category","embeddable":true,"href":"https:\/\/progettotouring.it\/radiotouring104\/wp-json\/wp\/v2\/categories?post=58289"},{"taxonomy":"post_tag","embeddable":true,"href":"https:\/\/progettotouring.it\/radiotouring104\/wp-json\/wp\/v2\/tags?post=58289"}],"curies":[{"name":"wp","href":"https:\/\/api.w.org\/{rel}","templated":true}]}}