{"id":58292,"date":"2024-09-24T11:31:38","date_gmt":"2024-09-24T09:31:38","guid":{"rendered":"https:\/\/progettotouring.it\/radiotouring104\/?p=58292"},"modified":"2024-09-24T11:31:38","modified_gmt":"2024-09-24T09:31:38","slug":"calabria-siglata-intesa-su-sicurezza-e-stop-abbandono-scuola","status":"publish","type":"post","link":"https:\/\/progettotouring.it\/radiotouring104\/2024\/09\/24\/calabria-siglata-intesa-su-sicurezza-e-stop-abbandono-scuola\/","title":{"rendered":"Calabria: siglata intesa su Sicurezza e stop abbandono Scuola"},"content":{"rendered":"<p style=\"text-align: justify\">Un investimento di 2,6 milioni di euro per il potenziamento dei sistemi di videosorveglianza in Calabria &#8211; un altro milione e mezzo sar\u00e0 messo dalla Regione &#8211; ed altri 650 mila euro il contrasto all&#8217;abbandono scolastico.<\/p>\n<p style=\"text-align: justify\">Ad annuncialo sono stati il ministro dell&#8217;Interno Matteo Piantedosi, la sottosegretaria all&#8217;Interno Wanda Ferro ed il presidente della Regione Roberto Occhiuto.<\/p>\n<p style=\"text-align: justify\">In particolare, Piantedosi, nell&#8217;ambito del &#8220;Protocollo Calabria&#8221; ha sottoscritto due intese in Prefettura a Catanzaro con Regione, i 5 prefetti e l&#8217;Ufficio scolastico regionale.<\/p>\n<p style=\"text-align: justify\"><em>&#8220;Complessivamente<\/em> &#8211;<strong> ha detto Piantedosi<\/strong> &#8211; <em>sono 4,1 milioni ma ci siamo gi\u00e0 ripromessi che se la cosa funzioner\u00e0 non lesineremo altri interventi. C&#8217;\u00e8 poi un importante versante che riguarda il contrasto all&#8217;abbandono scolastico. Ritemiamo che le nuove generazioni siano importanti e cerchiamo di supportare le amministrazioni competenti ad azioni per fare capire che stare dalla parte dello Stato, anche per le aspirazioni dei giovani di intraprendere l&#8217;ascensore sociale, \u00e8 sicuramente pi\u00f9 conveniente. Se sono venuto tante volte in Calabria \u00e8 perch\u00e9 c&#8217;\u00e8 la possibilit\u00e0 di lavorare bene con gli amministratori locali e con il presidente della Regione. Qui si possono sviluppare cose che possono diventare un paradigma altrove. Il protocollo, infatti, intendiamo riproporlo anche altrove&#8221;.<\/em><\/p>\n<p style=\"text-align: justify\"><em>&#8220;Si tratta &#8211;<\/em> ha detto Wanda Ferro &#8211;<em> di risorse per progetti in materia di sicurezza urbana ed integrata e per progetti in materia di contrasto al fenomeno dell&#8217;abbandono scolastico, che prevedono percorsi educativi mirati anche a prevenire fenomeni di criminalit\u00e0 giovanile, marginalit\u00e0 ed esclusione sociale. Si tratta di un importante impegno del ministero dell&#8217;Interno, definito a valle di un confronto con le Prefetture, le forze dell&#8217;ordine, gli enti locali, per garantire la sicurezza urbana, intervenire sulle situazioni di degrado da cui si sviluppano fenomeni di illegalit\u00e0 e criminalit\u00e0, e supportare l&#8217;attivit\u00e0 investigativa delle forze dell&#8217;ordine nell&#8217;attivit\u00e0 di prevenzione e nella repressione dei reati&#8221;.<\/em><\/p>\n<p style=\"text-align: justify\"><em>&#8220;Mi piace<\/em><strong> &#8211; ha detto Occhiuto <\/strong><em>&#8211;<\/em> l&#8217;idea di firmare con il governo protocolli che generano deterrenza ma soprattutto un quello contro la dispersione scolastica perch\u00e9 la Calabria \u00e8 una regione complicata, piena di problemi, ma ha anche straordinarie risorse, a volte assolutamente sconosciute alla comunit\u00e0 nazionale. Sono diversi i protocolli che abbiamo firmato e che dimostrano l&#8217;attenzione del governo ma forse questo \u00e8 ancora pi\u00f9 significativo perch\u00e9 ha per oggetto il rafforzamento della sicurezza urbana e contiene un&#8217;altra parte, quella sociale, che prevede azioni per ridurre la dispersione scolastica&#8221;.<\/p>\n<p style=\"text-align: justify\">&#8220;La Calabria &#8211; ha aggiunto &#8211;<em> non \u00e8 solo &#8216;ndrangheta. La &#8216;ndrangheta ci fa schifo ma non pu\u00f2 essere l&#8217;alibi per nascondere le cose belle. A fianco delle eccellenze per\u00f2, ci sono luoghi in cui la &#8216;ndrangheta ha creato un problema forse persino antropologico, ha fatto ritenere a molte famiglie che lo Stato sia meno forte e che percorsi di mobilit\u00e0 sociale si debbano realizzare non affidandosi allo Stato, o alla scuola ma ad altre organizzazioni che invece hanno distrutto per tanti anni il futuro della regione. Allora<\/em> &#8211; <strong>ha sottolineato Occhiuto &#8211;<\/strong> <em>\u00e8 intelligente questa azione del ministro dell&#8217;Interno che prevede di rafforzare percorsi per arginare fenomeni di dispersione. Piantedosi \u00e8 il ministro pi\u00f9 presente e fa sentire pi\u00f9 viva la presenza del governo sulla Calabria che \u00e8 fatta di eccellenza ma anche di luoghi in cui lo Stato ha pi\u00f9 necessit\u00e0 di dimostrare ai cittadini che \u00e8 pi\u00f9 forte. E per farlo sono importanti anche azioni come quelle che formano le coscienze e i saperi. E questo protocollo rafforza azioni che attraverso la scuola possono stimolare la crescita sociale che renderanno magari con il tempo meno necessarie le azioni di deterrenza&#8221;.<\/em><\/p>\n<p>&nbsp;<\/p>\n<p>Una revisione della disciplina sullo scioglimento degli Enti locali con l&#8217;introduzione di &#8220;meccanismi di monitoraggio e sostegno dello Stato non penalizzanti per gli enti locali e non lesivi della loro autonomia&#8221;.<\/p>\n<p id=\"xtp\">\n<div id=\"piano-container\">\n<h1 class=\"post-single-title\">Piantedosi: &#8220;Rivedere lo scioglimento con il sostegno agli Enti locali&#8221;<\/h1>\n<\/div>\n<p>E&#8217; una delle linee guida della riforma del sistema degli Enti locali sottolineata oggi, a Catanzaro, dal ministro dell&#8217;Interno Matteo Piantedosi, intervenuto al Seminario di approfondimento sull&#8217;ordinamento degli enti locali &#8220;Il futuro di Comuni, Province e Citt\u00e0 metropolitane&#8221;.<\/p>\n<p><strong>Una revisione, ha detto il ministro, finalizzata a<\/strong> <em>&#8220;valorizzarne la sua natura di misura di extrema ratio e ad affinare le misure di supporto e collaborazione, pi\u00f9 leggere e flessibili, a sostegno di quegli enti locali per i quali &#8211; non ravvisandosi i presupposti per uno scioglimento &#8211; risulta dirimente, nell&#8217;ottica del recupero, un affiancamento al fine di superare le anomalie e le criticit\u00e0 riscontrate&#8221;.<\/em><\/p>\n<p><em>&#8220;Senza, quindi, mai deflettere dal contrasto alla delinquenza<strong> &#8211;<\/strong><\/em><strong> ha sostenuto Piantedosi <\/strong><em><strong>&#8211;<\/strong> si intende introdurre meccanismi di monitoraggio e sostegno dello Stato non penalizzanti per gli enti locali e non lesivi della loro autonomia. In questa prospettiva, le misure di intervento considerate si rendono necessarie anche al fine di intercettare e prevenire ogni forma di ingerenza della criminalit\u00e0 organizzata rispetto a cospicue risorse pubbliche previste nell&#8217;ambito del Pnrr in favore degli stessi enti territoriali&#8221;.<\/em><\/p>\n<h1 class=\"post-single-title\">Piantedosi saluta il sindaco di Cutro<\/h1>\n<p style=\"text-align: justify\">Prima il saluto dal palco, poi l&#8217;abbraccio ed una carezza<strong>. Il ministro dell&#8217;Interno Matteo Piantedosi ha mostrato cos\u00ec la sua vicinanza al sindaco di Cutro Antonio Ceraso per il lutto che lo ha colpito alcuni giorni fa<\/strong> quando la moglie \u00e8 morta in un incidente stradale.<\/p>\n<p style=\"text-align: justify\">Intervenendo a Catanzaro ad un seminario sull&#8217;ordinamento delle autonomie locali, il ministro ha ringraziato gli amministratori calabresi presenti, ma ha rivolto un messaggio speciale a Ceraso, conosciuto in occasione del naufragio di Steccato di Cutro avvenuto nel febbraio 2023 e nel quale persero la vita 94 persone, tra cui 35 bambini.<\/p>\n<p style=\"text-align: justify\"><em>&#8220;Un saluto particolare<\/em> &#8211;<strong> ha detto Piantedosi<\/strong> &#8211;<em> al sindaco di Cutro, sia per la vicinanza, cordialit\u00e0, gentilezza e umanit\u00e0 che mi ha personalmente riservato e testimoniato potrete immaginare in quale circostanza molto drammatica, ma anche perch\u00e9 sta attraversando un momento in cui merita l&#8217;affetto e la considerazione di tutti noi&#8221;.<\/em><\/p>\n<p>Parole alle quali i partecipanti all&#8217;iniziativa hanno risposto con un lungo applauso.<br \/>\nCeraso si \u00e8 alzato in piedi e si \u00e8 messo una mano sul cuore, visibilmente emozionato. Poi Piantedosi, lasciando la sala, si \u00e8 avvicinato a lui e lo ha abbracciato accarezzandogli il volto.<\/p>\n","protected":false},"excerpt":{"rendered":"<p>Un investimento di 2,6 milioni di euro per il potenziamento dei sistemi di videosorveglianza in Calabria &#8211; un altro milione e mezzo sar\u00e0 messo dalla Regione &#8211; ed altri 650&hellip;<\/p>\n","protected":false},"author":12,"featured_media":22541,"comment_status":"closed","ping_status":"open","sticky":false,"template":"","format":"standard","meta":{"_jetpack_memberships_contains_paid_content":false,"footnotes":"","jetpack_publicize_message":"","jetpack_publicize_feature_enabled":true,"jetpack_social_post_already_shared":false,"jetpack_social_options":{"image_generator_settings":{"template":"highway","default_image_id":0,"font":"","enabled":false},"version":2}},"categories":[142,921,196],"tags":[35644,16105,18340,17839,1861,27527],"class_list":["post-58292","post","type-post","status-publish","format-standard","has-post-thumbnail","hentry","category-calabria","category-home","category-news","tag-contrasto-abbandono-scolastico","tag-ministro-piantedosi","tag-occhiuto-roberto","tag-on-le-wanda-ferro","tag-sicurezza","tag-sottoscritta-intesa"],"yoast_head":"<!-- This site is optimized with the Yoast SEO plugin v27.2 - https:\/\/yoast.com\/product\/yoast-seo-wordpress\/ -->\n<title>Calabria: siglata intesa su Sicurezza e stop abbandono Scuola - Radio Touring 104<\/title>\n<meta name=\"description\" content=\"Piantedosi, Occhiuto ed il sottosegretario Ferro hanno annunciato la sottoscrizione dell&#039;intesa su Sicurezza e contrasto abbandono scolastico\" \/>\n<meta name=\"robots\" content=\"index, follow, max-snippet:-1, max-image-preview:large, max-video-preview:-1\" \/>\n<link rel=\"canonical\" href=\"https:\/\/progettotouring.it\/radiotouring104\/2024\/09\/24\/calabria-siglata-intesa-su-sicurezza-e-stop-abbandono-scuola\/\" \/>\n<meta property=\"og:locale\" content=\"it_IT\" \/>\n<meta property=\"og:type\" content=\"article\" \/>\n<meta property=\"og:title\" content=\"Calabria: siglata intesa su Sicurezza e stop abbandono Scuola - Radio Touring 104\" \/>\n<meta property=\"og:description\" content=\"Piantedosi, Occhiuto ed il sottosegretario Ferro hanno annunciato la sottoscrizione dell&#039;intesa su Sicurezza e contrasto abbandono scolastico\" \/>\n<meta property=\"og:url\" content=\"https:\/\/progettotouring.it\/radiotouring104\/2024\/09\/24\/calabria-siglata-intesa-su-sicurezza-e-stop-abbandono-scuola\/\" \/>\n<meta property=\"og:site_name\" content=\"Radio Touring 104\" \/>\n<meta property=\"article:published_time\" content=\"2024-09-24T09:31:38+00:00\" \/>\n<meta property=\"og:image\" content=\"https:\/\/progettotouring.it\/radiotouring104\/wp-content\/uploads\/sites\/6\/2023\/04\/Ministro-Piantedosi.jpg\" \/>\n\t<meta property=\"og:image:width\" content=\"960\" \/>\n\t<meta property=\"og:image:height\" content=\"960\" \/>\n\t<meta property=\"og:image:type\" content=\"image\/jpeg\" \/>\n<meta name=\"author\" content=\"Sebastiano Plutino\" \/>\n<meta name=\"twitter:card\" content=\"summary_large_image\" \/>\n<meta name=\"twitter:label1\" content=\"Scritto da\" \/>\n\t<meta name=\"twitter:data1\" content=\"Sebastiano Plutino\" \/>\n\t<meta name=\"twitter:label2\" content=\"Tempo di lettura stimato\" \/>\n\t<meta name=\"twitter:data2\" content=\"5 minuti\" \/>\n<script type=\"application\/ld+json\" class=\"yoast-schema-graph\">{\"@context\":\"https:\/\/schema.org\",\"@graph\":[{\"@type\":\"Article\",\"@id\":\"https:\/\/progettotouring.it\/radiotouring104\/2024\/09\/24\/calabria-siglata-intesa-su-sicurezza-e-stop-abbandono-scuola\/#article\",\"isPartOf\":{\"@id\":\"https:\/\/progettotouring.it\/radiotouring104\/2024\/09\/24\/calabria-siglata-intesa-su-sicurezza-e-stop-abbandono-scuola\/\"},\"author\":{\"name\":\"Sebastiano Plutino\",\"@id\":\"https:\/\/progettotouring.it\/radiotouring104\/#\/schema\/person\/78613917f1851f041f7483f5af1d422e\"},\"headline\":\"Calabria: siglata intesa su Sicurezza e stop abbandono Scuola\",\"datePublished\":\"2024-09-24T09:31:38+00:00\",\"mainEntityOfPage\":{\"@id\":\"https:\/\/progettotouring.it\/radiotouring104\/2024\/09\/24\/calabria-siglata-intesa-su-sicurezza-e-stop-abbandono-scuola\/\"},\"wordCount\":992,\"publisher\":{\"@id\":\"https:\/\/progettotouring.it\/radiotouring104\/#organization\"},\"image\":{\"@id\":\"https:\/\/progettotouring.it\/radiotouring104\/2024\/09\/24\/calabria-siglata-intesa-su-sicurezza-e-stop-abbandono-scuola\/#primaryimage\"},\"thumbnailUrl\":\"https:\/\/progettotouring.it\/radiotouring104\/wp-content\/uploads\/sites\/6\/2023\/04\/Ministro-Piantedosi.jpg\",\"keywords\":[\"contrasto abbandono scolastico\",\"Ministro Piantedosi\",\"Occhiuto Roberto\",\"on.le Wanda Ferro\",\"sicurezza\",\"sottoscritta intesa\"],\"articleSection\":[\"Calabria\",\"Home\",\"News\"],\"inLanguage\":\"it-IT\"},{\"@type\":\"WebPage\",\"@id\":\"https:\/\/progettotouring.it\/radiotouring104\/2024\/09\/24\/calabria-siglata-intesa-su-sicurezza-e-stop-abbandono-scuola\/\",\"url\":\"https:\/\/progettotouring.it\/radiotouring104\/2024\/09\/24\/calabria-siglata-intesa-su-sicurezza-e-stop-abbandono-scuola\/\",\"name\":\"Calabria: siglata intesa su Sicurezza e stop abbandono Scuola - Radio Touring 104\",\"isPartOf\":{\"@id\":\"https:\/\/progettotouring.it\/radiotouring104\/#website\"},\"primaryImageOfPage\":{\"@id\":\"https:\/\/progettotouring.it\/radiotouring104\/2024\/09\/24\/calabria-siglata-intesa-su-sicurezza-e-stop-abbandono-scuola\/#primaryimage\"},\"image\":{\"@id\":\"https:\/\/progettotouring.it\/radiotouring104\/2024\/09\/24\/calabria-siglata-intesa-su-sicurezza-e-stop-abbandono-scuola\/#primaryimage\"},\"thumbnailUrl\":\"https:\/\/progettotouring.it\/radiotouring104\/wp-content\/uploads\/sites\/6\/2023\/04\/Ministro-Piantedosi.jpg\",\"datePublished\":\"2024-09-24T09:31:38+00:00\",\"description\":\"Piantedosi, Occhiuto ed il sottosegretario Ferro hanno annunciato la sottoscrizione dell'intesa su Sicurezza e contrasto abbandono scolastico\",\"breadcrumb\":{\"@id\":\"https:\/\/progettotouring.it\/radiotouring104\/2024\/09\/24\/calabria-siglata-intesa-su-sicurezza-e-stop-abbandono-scuola\/#breadcrumb\"},\"inLanguage\":\"it-IT\",\"potentialAction\":[{\"@type\":\"ReadAction\",\"target\":[\"https:\/\/progettotouring.it\/radiotouring104\/2024\/09\/24\/calabria-siglata-intesa-su-sicurezza-e-stop-abbandono-scuola\/\"]}]},{\"@type\":\"ImageObject\",\"inLanguage\":\"it-IT\",\"@id\":\"https:\/\/progettotouring.it\/radiotouring104\/2024\/09\/24\/calabria-siglata-intesa-su-sicurezza-e-stop-abbandono-scuola\/#primaryimage\",\"url\":\"https:\/\/progettotouring.it\/radiotouring104\/wp-content\/uploads\/sites\/6\/2023\/04\/Ministro-Piantedosi.jpg\",\"contentUrl\":\"https:\/\/progettotouring.it\/radiotouring104\/wp-content\/uploads\/sites\/6\/2023\/04\/Ministro-Piantedosi.jpg\",\"width\":960,\"height\":960},{\"@type\":\"BreadcrumbList\",\"@id\":\"https:\/\/progettotouring.it\/radiotouring104\/2024\/09\/24\/calabria-siglata-intesa-su-sicurezza-e-stop-abbandono-scuola\/#breadcrumb\",\"itemListElement\":[{\"@type\":\"ListItem\",\"position\":1,\"name\":\"Home\",\"item\":\"https:\/\/progettotouring.it\/radiotouring104\/\"},{\"@type\":\"ListItem\",\"position\":2,\"name\":\"Calabria: siglata intesa su Sicurezza e stop abbandono Scuola\"}]},{\"@type\":\"WebSite\",\"@id\":\"https:\/\/progettotouring.it\/radiotouring104\/#website\",\"url\":\"https:\/\/progettotouring.it\/radiotouring104\/\",\"name\":\"Radio Touring 104\",\"description\":\"La prima radio Reggina\",\"publisher\":{\"@id\":\"https:\/\/progettotouring.it\/radiotouring104\/#organization\"},\"potentialAction\":[{\"@type\":\"SearchAction\",\"target\":{\"@type\":\"EntryPoint\",\"urlTemplate\":\"https:\/\/progettotouring.it\/radiotouring104\/?s={search_term_string}\"},\"query-input\":{\"@type\":\"PropertyValueSpecification\",\"valueRequired\":true,\"valueName\":\"search_term_string\"}}],\"inLanguage\":\"it-IT\"},{\"@type\":\"Organization\",\"@id\":\"https:\/\/progettotouring.it\/radiotouring104\/#organization\",\"name\":\"Radio Touring 104\",\"url\":\"https:\/\/progettotouring.it\/radiotouring104\/\",\"logo\":{\"@type\":\"ImageObject\",\"inLanguage\":\"it-IT\",\"@id\":\"https:\/\/progettotouring.it\/radiotouring104\/#\/schema\/logo\/image\/\",\"url\":\"https:\/\/progettotouring.it\/radiotouring104\/wp-content\/uploads\/sites\/6\/2022\/02\/cropped-logo-radio-touring-104.png\",\"contentUrl\":\"https:\/\/progettotouring.it\/radiotouring104\/wp-content\/uploads\/sites\/6\/2022\/02\/cropped-logo-radio-touring-104.png\",\"width\":377,\"height\":182,\"caption\":\"Radio Touring 104\"},\"image\":{\"@id\":\"https:\/\/progettotouring.it\/radiotouring104\/#\/schema\/logo\/image\/\"}},{\"@type\":\"Person\",\"@id\":\"https:\/\/progettotouring.it\/radiotouring104\/#\/schema\/person\/78613917f1851f041f7483f5af1d422e\",\"name\":\"Sebastiano Plutino\",\"image\":{\"@type\":\"ImageObject\",\"inLanguage\":\"it-IT\",\"@id\":\"https:\/\/secure.gravatar.com\/avatar\/0546ffaa9b79224faf9f2a156b67a529ae861d3287c66c1d8ccfdf909bcba78d?s=96&d=mm&r=g\",\"url\":\"https:\/\/secure.gravatar.com\/avatar\/0546ffaa9b79224faf9f2a156b67a529ae861d3287c66c1d8ccfdf909bcba78d?s=96&d=mm&r=g\",\"contentUrl\":\"https:\/\/secure.gravatar.com\/avatar\/0546ffaa9b79224faf9f2a156b67a529ae861d3287c66c1d8ccfdf909bcba78d?s=96&d=mm&r=g\",\"caption\":\"Sebastiano Plutino\"},\"url\":\"https:\/\/progettotouring.it\/radiotouring104\/author\/sebastiano\/\"}]}<\/script>\n<!-- \/ Yoast SEO plugin. -->","yoast_head_json":{"title":"Calabria: siglata intesa su Sicurezza e stop abbandono Scuola - Radio Touring 104","description":"Piantedosi, Occhiuto ed il sottosegretario Ferro hanno annunciato la sottoscrizione dell'intesa su Sicurezza e contrasto abbandono scolastico","robots":{"index":"index","follow":"follow","max-snippet":"max-snippet:-1","max-image-preview":"max-image-preview:large","max-video-preview":"max-video-preview:-1"},"canonical":"https:\/\/progettotouring.it\/radiotouring104\/2024\/09\/24\/calabria-siglata-intesa-su-sicurezza-e-stop-abbandono-scuola\/","og_locale":"it_IT","og_type":"article","og_title":"Calabria: siglata intesa su Sicurezza e stop abbandono Scuola - Radio Touring 104","og_description":"Piantedosi, Occhiuto ed il sottosegretario Ferro hanno annunciato la sottoscrizione dell'intesa su Sicurezza e contrasto abbandono scolastico","og_url":"https:\/\/progettotouring.it\/radiotouring104\/2024\/09\/24\/calabria-siglata-intesa-su-sicurezza-e-stop-abbandono-scuola\/","og_site_name":"Radio Touring 104","article_published_time":"2024-09-24T09:31:38+00:00","og_image":[{"width":960,"height":960,"url":"https:\/\/progettotouring.it\/radiotouring104\/wp-content\/uploads\/sites\/6\/2023\/04\/Ministro-Piantedosi.jpg","type":"image\/jpeg"}],"author":"Sebastiano Plutino","twitter_card":"summary_large_image","twitter_misc":{"Scritto da":"Sebastiano Plutino","Tempo di lettura stimato":"5 minuti"},"schema":{"@context":"https:\/\/schema.org","@graph":[{"@type":"Article","@id":"https:\/\/progettotouring.it\/radiotouring104\/2024\/09\/24\/calabria-siglata-intesa-su-sicurezza-e-stop-abbandono-scuola\/#article","isPartOf":{"@id":"https:\/\/progettotouring.it\/radiotouring104\/2024\/09\/24\/calabria-siglata-intesa-su-sicurezza-e-stop-abbandono-scuola\/"},"author":{"name":"Sebastiano Plutino","@id":"https:\/\/progettotouring.it\/radiotouring104\/#\/schema\/person\/78613917f1851f041f7483f5af1d422e"},"headline":"Calabria: siglata intesa su Sicurezza e stop abbandono Scuola","datePublished":"2024-09-24T09:31:38+00:00","mainEntityOfPage":{"@id":"https:\/\/progettotouring.it\/radiotouring104\/2024\/09\/24\/calabria-siglata-intesa-su-sicurezza-e-stop-abbandono-scuola\/"},"wordCount":992,"publisher":{"@id":"https:\/\/progettotouring.it\/radiotouring104\/#organization"},"image":{"@id":"https:\/\/progettotouring.it\/radiotouring104\/2024\/09\/24\/calabria-siglata-intesa-su-sicurezza-e-stop-abbandono-scuola\/#primaryimage"},"thumbnailUrl":"https:\/\/progettotouring.it\/radiotouring104\/wp-content\/uploads\/sites\/6\/2023\/04\/Ministro-Piantedosi.jpg","keywords":["contrasto abbandono scolastico","Ministro Piantedosi","Occhiuto Roberto","on.le Wanda Ferro","sicurezza","sottoscritta intesa"],"articleSection":["Calabria","Home","News"],"inLanguage":"it-IT"},{"@type":"WebPage","@id":"https:\/\/progettotouring.it\/radiotouring104\/2024\/09\/24\/calabria-siglata-intesa-su-sicurezza-e-stop-abbandono-scuola\/","url":"https:\/\/progettotouring.it\/radiotouring104\/2024\/09\/24\/calabria-siglata-intesa-su-sicurezza-e-stop-abbandono-scuola\/","name":"Calabria: siglata intesa su Sicurezza e stop abbandono Scuola - Radio Touring 104","isPartOf":{"@id":"https:\/\/progettotouring.it\/radiotouring104\/#website"},"primaryImageOfPage":{"@id":"https:\/\/progettotouring.it\/radiotouring104\/2024\/09\/24\/calabria-siglata-intesa-su-sicurezza-e-stop-abbandono-scuola\/#primaryimage"},"image":{"@id":"https:\/\/progettotouring.it\/radiotouring104\/2024\/09\/24\/calabria-siglata-intesa-su-sicurezza-e-stop-abbandono-scuola\/#primaryimage"},"thumbnailUrl":"https:\/\/progettotouring.it\/radiotouring104\/wp-content\/uploads\/sites\/6\/2023\/04\/Ministro-Piantedosi.jpg","datePublished":"2024-09-24T09:31:38+00:00","description":"Piantedosi, Occhiuto ed il sottosegretario Ferro hanno annunciato la sottoscrizione dell'intesa su Sicurezza e contrasto abbandono scolastico","breadcrumb":{"@id":"https:\/\/progettotouring.it\/radiotouring104\/2024\/09\/24\/calabria-siglata-intesa-su-sicurezza-e-stop-abbandono-scuola\/#breadcrumb"},"inLanguage":"it-IT","potentialAction":[{"@type":"ReadAction","target":["https:\/\/progettotouring.it\/radiotouring104\/2024\/09\/24\/calabria-siglata-intesa-su-sicurezza-e-stop-abbandono-scuola\/"]}]},{"@type":"ImageObject","inLanguage":"it-IT","@id":"https:\/\/progettotouring.it\/radiotouring104\/2024\/09\/24\/calabria-siglata-intesa-su-sicurezza-e-stop-abbandono-scuola\/#primaryimage","url":"https:\/\/progettotouring.it\/radiotouring104\/wp-content\/uploads\/sites\/6\/2023\/04\/Ministro-Piantedosi.jpg","contentUrl":"https:\/\/progettotouring.it\/radiotouring104\/wp-content\/uploads\/sites\/6\/2023\/04\/Ministro-Piantedosi.jpg","width":960,"height":960},{"@type":"BreadcrumbList","@id":"https:\/\/progettotouring.it\/radiotouring104\/2024\/09\/24\/calabria-siglata-intesa-su-sicurezza-e-stop-abbandono-scuola\/#breadcrumb","itemListElement":[{"@type":"ListItem","position":1,"name":"Home","item":"https:\/\/progettotouring.it\/radiotouring104\/"},{"@type":"ListItem","position":2,"name":"Calabria: siglata intesa su Sicurezza e stop abbandono Scuola"}]},{"@type":"WebSite","@id":"https:\/\/progettotouring.it\/radiotouring104\/#website","url":"https:\/\/progettotouring.it\/radiotouring104\/","name":"Radio Touring 104","description":"La prima radio Reggina","publisher":{"@id":"https:\/\/progettotouring.it\/radiotouring104\/#organization"},"potentialAction":[{"@type":"SearchAction","target":{"@type":"EntryPoint","urlTemplate":"https:\/\/progettotouring.it\/radiotouring104\/?s={search_term_string}"},"query-input":{"@type":"PropertyValueSpecification","valueRequired":true,"valueName":"search_term_string"}}],"inLanguage":"it-IT"},{"@type":"Organization","@id":"https:\/\/progettotouring.it\/radiotouring104\/#organization","name":"Radio Touring 104","url":"https:\/\/progettotouring.it\/radiotouring104\/","logo":{"@type":"ImageObject","inLanguage":"it-IT","@id":"https:\/\/progettotouring.it\/radiotouring104\/#\/schema\/logo\/image\/","url":"https:\/\/progettotouring.it\/radiotouring104\/wp-content\/uploads\/sites\/6\/2022\/02\/cropped-logo-radio-touring-104.png","contentUrl":"https:\/\/progettotouring.it\/radiotouring104\/wp-content\/uploads\/sites\/6\/2022\/02\/cropped-logo-radio-touring-104.png","width":377,"height":182,"caption":"Radio Touring 104"},"image":{"@id":"https:\/\/progettotouring.it\/radiotouring104\/#\/schema\/logo\/image\/"}},{"@type":"Person","@id":"https:\/\/progettotouring.it\/radiotouring104\/#\/schema\/person\/78613917f1851f041f7483f5af1d422e","name":"Sebastiano Plutino","image":{"@type":"ImageObject","inLanguage":"it-IT","@id":"https:\/\/secure.gravatar.com\/avatar\/0546ffaa9b79224faf9f2a156b67a529ae861d3287c66c1d8ccfdf909bcba78d?s=96&d=mm&r=g","url":"https:\/\/secure.gravatar.com\/avatar\/0546ffaa9b79224faf9f2a156b67a529ae861d3287c66c1d8ccfdf909bcba78d?s=96&d=mm&r=g","contentUrl":"https:\/\/secure.gravatar.com\/avatar\/0546ffaa9b79224faf9f2a156b67a529ae861d3287c66c1d8ccfdf909bcba78d?s=96&d=mm&r=g","caption":"Sebastiano Plutino"},"url":"https:\/\/progettotouring.it\/radiotouring104\/author\/sebastiano\/"}]}},"jetpack_publicize_connections":[],"jetpack_featured_media_url":"https:\/\/progettotouring.it\/radiotouring104\/wp-content\/uploads\/sites\/6\/2023\/04\/Ministro-Piantedosi.jpg","jetpack_sharing_enabled":true,"_links":{"self":[{"href":"https:\/\/progettotouring.it\/radiotouring104\/wp-json\/wp\/v2\/posts\/58292","targetHints":{"allow":["GET"]}}],"collection":[{"href":"https:\/\/progettotouring.it\/radiotouring104\/wp-json\/wp\/v2\/posts"}],"about":[{"href":"https:\/\/progettotouring.it\/radiotouring104\/wp-json\/wp\/v2\/types\/post"}],"author":[{"embeddable":true,"href":"https:\/\/progettotouring.it\/radiotouring104\/wp-json\/wp\/v2\/users\/12"}],"replies":[{"embeddable":true,"href":"https:\/\/progettotouring.it\/radiotouring104\/wp-json\/wp\/v2\/comments?post=58292"}],"version-history":[{"count":1,"href":"https:\/\/progettotouring.it\/radiotouring104\/wp-json\/wp\/v2\/posts\/58292\/revisions"}],"predecessor-version":[{"id":58293,"href":"https:\/\/progettotouring.it\/radiotouring104\/wp-json\/wp\/v2\/posts\/58292\/revisions\/58293"}],"wp:featuredmedia":[{"embeddable":true,"href":"https:\/\/progettotouring.it\/radiotouring104\/wp-json\/wp\/v2\/media\/22541"}],"wp:attachment":[{"href":"https:\/\/progettotouring.it\/radiotouring104\/wp-json\/wp\/v2\/media?parent=58292"}],"wp:term":[{"taxonomy":"category","embeddable":true,"href":"https:\/\/progettotouring.it\/radiotouring104\/wp-json\/wp\/v2\/categories?post=58292"},{"taxonomy":"post_tag","embeddable":true,"href":"https:\/\/progettotouring.it\/radiotouring104\/wp-json\/wp\/v2\/tags?post=58292"}],"curies":[{"name":"wp","href":"https:\/\/api.w.org\/{rel}","templated":true}]}}