{"id":58294,"date":"2024-09-24T11:37:33","date_gmt":"2024-09-24T09:37:33","guid":{"rendered":"https:\/\/progettotouring.it\/radiotouring104\/?p=58294"},"modified":"2024-09-24T11:37:33","modified_gmt":"2024-09-24T09:37:33","slug":"villa-s-g-al-via-i-corsi-serali-allistituto-trecoci","status":"publish","type":"post","link":"https:\/\/progettotouring.it\/radiotouring104\/2024\/09\/24\/villa-s-g-al-via-i-corsi-serali-allistituto-trecoci\/","title":{"rendered":"Villa S.G: al via i corsi serali all&#8217;istituto &#8220;Trecoci&#8221;"},"content":{"rendered":"<p style=\"text-align: justify\">Prenderanno il via luned\u00ec 30 settembre le lezioni del <strong>Corso Serale<\/strong> dell\u2019Istituto Professionale Alberghiero e Turistico \u201cGiovanni Trecroci\u201d di Villa San Giovanni, precedute da un incontro-conferenza nell\u2019aula magna \u201cE. Loi\u201d dell\u2019Istituto.<\/p>\n<p style=\"text-align: justify\">Analogamente al corso diurno, gli indirizzi attivi sono i seguenti: <strong>Enogastronomia<\/strong> (tecniche di cucina, abbinamenti, conoscenza dei prodotti), <strong>Sala e vendita<\/strong> (servizio al cliente, gestione delle prenotazioni, tecniche di vendita), <strong>Accoglienza turistica<\/strong> (gestione di strutture ricettive, organizzazione di eventi, promozione del territorio).<\/p>\n<p style=\"text-align: justify\">Obiettivo primario del corso e delle sue articolazioni, che grazie agli orari di svolgimento delle lezioni (dalle 16.00 alle 20.10 dal luned\u00ec al venerd\u00ec) favorisce la conciliazione tra lavoro e studio, \u00e8 quello di favorire gli studenti in una prospettiva di riqualificazione professionale e di offrire loro un\u2019opportunit\u00e0 di sbocco lavorativo al termine del ciclo formativo.<\/p>\n<p style=\"text-align: justify\">Il corso di studi \u00e8 articolato in tre periodi didattici, corrispondenti rispettivamente al primo (1^ e 2^ classe) e secondo biennio (3^ e 4^ classe), e al terzo periodo didattico finalizzato all\u2019acquisizione del diploma professionale (classe 5^).<\/p>\n<p style=\"text-align: justify\">Al corso serale possono iscriversi: gli adulti, anche sprovvisti di cittadinanza italiana, che siano in possesso del titolo di studio conclusivo del primo ciclo di istruzione; coloro che hanno compiuto il 16\u00b0anno d\u2019et\u00e0, purch\u00e9 in possesso del titolo di studio conclusivo del primo ciclo di istruzione e che dimostrino, per documentati motivi, di non poter frequentare il corso diurno; chi \u00e8 gi\u00e0 in possesso del diploma di scuola secondaria.<\/p>\n<p style=\"text-align: justify\">Bench\u00e9 il termine previsto per le iscrizioni sia fissato al 31 ottobre, le iscrizioni per il primo e il secondo periodo didattico possono essere effettuate in qualsiasi periodo dell\u2019anno scolastico.<\/p>\n<p style=\"text-align: justify\">\n","protected":false},"excerpt":{"rendered":"<p>Prenderanno il via luned\u00ec 30 settembre le lezioni del Corso Serale dell\u2019Istituto Professionale Alberghiero e Turistico \u201cGiovanni Trecroci\u201d di Villa San Giovanni, precedute da un incontro-conferenza nell\u2019aula magna \u201cE. Loi\u201d&hellip;<\/p>\n","protected":false},"author":12,"featured_media":58295,"comment_status":"closed","ping_status":"open","sticky":false,"template":"","format":"standard","meta":{"_jetpack_memberships_contains_paid_content":false,"footnotes":"","jetpack_publicize_message":"","jetpack_publicize_feature_enabled":true,"jetpack_social_post_already_shared":false,"jetpack_social_options":{"image_generator_settings":{"template":"highway","default_image_id":0,"font":"","enabled":false},"version":2}},"categories":[921,196,140],"tags":[23437,35646,35645,35647,31260,364],"class_list":["post-58294","post","type-post","status-publish","format-standard","has-post-thumbnail","hentry","category-home","category-news","category-reggio-calabria","tag-accoglienza","tag-al-via-corsi-serali","tag-albergiero-turistico","tag-enogastronomia","tag-istituto-scolastico-trecoci","tag-villa-san-giovanni"],"yoast_head":"<!-- This site is optimized with the Yoast SEO plugin v27.2 - https:\/\/yoast.com\/product\/yoast-seo-wordpress\/ -->\n<title>Villa S.G: al via i corsi serali all&#039;istituto &quot;Trecoci&quot; - Radio Touring 104<\/title>\n<meta name=\"description\" content=\"Prenderanno il via luned\u00ec 30 settembre le lezioni del Corso Serale dell\u2019Istituto Professionale Alberghiero e Turistico\" \/>\n<meta name=\"robots\" content=\"index, follow, max-snippet:-1, max-image-preview:large, max-video-preview:-1\" \/>\n<link rel=\"canonical\" href=\"https:\/\/progettotouring.it\/radiotouring104\/2024\/09\/24\/villa-s-g-al-via-i-corsi-serali-allistituto-trecoci\/\" \/>\n<meta property=\"og:locale\" content=\"it_IT\" \/>\n<meta property=\"og:type\" content=\"article\" \/>\n<meta property=\"og:title\" content=\"Villa S.G: al via i corsi serali all&#039;istituto &quot;Trecoci&quot; - Radio Touring 104\" \/>\n<meta property=\"og:description\" content=\"Prenderanno il via luned\u00ec 30 settembre le lezioni del Corso Serale dell\u2019Istituto Professionale Alberghiero e Turistico\" \/>\n<meta property=\"og:url\" content=\"https:\/\/progettotouring.it\/radiotouring104\/2024\/09\/24\/villa-s-g-al-via-i-corsi-serali-allistituto-trecoci\/\" \/>\n<meta property=\"og:site_name\" content=\"Radio Touring 104\" \/>\n<meta property=\"article:published_time\" content=\"2024-09-24T09:37:33+00:00\" \/>\n<meta property=\"og:image\" content=\"https:\/\/progettotouring.it\/radiotouring104\/wp-content\/uploads\/sites\/6\/2024\/09\/Corsi-serali-trecoci-villa.jpg\" \/>\n\t<meta property=\"og:image:width\" content=\"1142\" \/>\n\t<meta property=\"og:image:height\" content=\"1600\" \/>\n\t<meta property=\"og:image:type\" content=\"image\/jpeg\" \/>\n<meta name=\"author\" content=\"Sebastiano Plutino\" \/>\n<meta name=\"twitter:card\" content=\"summary_large_image\" \/>\n<meta name=\"twitter:label1\" content=\"Scritto da\" \/>\n\t<meta name=\"twitter:data1\" content=\"Sebastiano Plutino\" \/>\n\t<meta name=\"twitter:label2\" content=\"Tempo di lettura stimato\" \/>\n\t<meta name=\"twitter:data2\" content=\"1 minuto\" \/>\n<script type=\"application\/ld+json\" class=\"yoast-schema-graph\">{\"@context\":\"https:\/\/schema.org\",\"@graph\":[{\"@type\":\"Article\",\"@id\":\"https:\/\/progettotouring.it\/radiotouring104\/2024\/09\/24\/villa-s-g-al-via-i-corsi-serali-allistituto-trecoci\/#article\",\"isPartOf\":{\"@id\":\"https:\/\/progettotouring.it\/radiotouring104\/2024\/09\/24\/villa-s-g-al-via-i-corsi-serali-allistituto-trecoci\/\"},\"author\":{\"name\":\"Sebastiano Plutino\",\"@id\":\"https:\/\/progettotouring.it\/radiotouring104\/#\/schema\/person\/78613917f1851f041f7483f5af1d422e\"},\"headline\":\"Villa S.G: al via i corsi serali all&#8217;istituto &#8220;Trecoci&#8221;\",\"datePublished\":\"2024-09-24T09:37:33+00:00\",\"mainEntityOfPage\":{\"@id\":\"https:\/\/progettotouring.it\/radiotouring104\/2024\/09\/24\/villa-s-g-al-via-i-corsi-serali-allistituto-trecoci\/\"},\"wordCount\":270,\"publisher\":{\"@id\":\"https:\/\/progettotouring.it\/radiotouring104\/#organization\"},\"image\":{\"@id\":\"https:\/\/progettotouring.it\/radiotouring104\/2024\/09\/24\/villa-s-g-al-via-i-corsi-serali-allistituto-trecoci\/#primaryimage\"},\"thumbnailUrl\":\"https:\/\/progettotouring.it\/radiotouring104\/wp-content\/uploads\/sites\/6\/2024\/09\/Corsi-serali-trecoci-villa.jpg\",\"keywords\":[\"Accoglienza\",\"al via corsi serali\",\"albergiero turistico\",\"enogastronomia\",\"istituto scolastico Trecoci\",\"villa san giovanni\"],\"articleSection\":[\"Home\",\"News\",\"Reggio Calabria\"],\"inLanguage\":\"it-IT\"},{\"@type\":\"WebPage\",\"@id\":\"https:\/\/progettotouring.it\/radiotouring104\/2024\/09\/24\/villa-s-g-al-via-i-corsi-serali-allistituto-trecoci\/\",\"url\":\"https:\/\/progettotouring.it\/radiotouring104\/2024\/09\/24\/villa-s-g-al-via-i-corsi-serali-allistituto-trecoci\/\",\"name\":\"Villa S.G: al via i corsi serali all'istituto \\\"Trecoci\\\" - Radio Touring 104\",\"isPartOf\":{\"@id\":\"https:\/\/progettotouring.it\/radiotouring104\/#website\"},\"primaryImageOfPage\":{\"@id\":\"https:\/\/progettotouring.it\/radiotouring104\/2024\/09\/24\/villa-s-g-al-via-i-corsi-serali-allistituto-trecoci\/#primaryimage\"},\"image\":{\"@id\":\"https:\/\/progettotouring.it\/radiotouring104\/2024\/09\/24\/villa-s-g-al-via-i-corsi-serali-allistituto-trecoci\/#primaryimage\"},\"thumbnailUrl\":\"https:\/\/progettotouring.it\/radiotouring104\/wp-content\/uploads\/sites\/6\/2024\/09\/Corsi-serali-trecoci-villa.jpg\",\"datePublished\":\"2024-09-24T09:37:33+00:00\",\"description\":\"Prenderanno il via luned\u00ec 30 settembre le lezioni del Corso Serale dell\u2019Istituto Professionale Alberghiero e Turistico\",\"breadcrumb\":{\"@id\":\"https:\/\/progettotouring.it\/radiotouring104\/2024\/09\/24\/villa-s-g-al-via-i-corsi-serali-allistituto-trecoci\/#breadcrumb\"},\"inLanguage\":\"it-IT\",\"potentialAction\":[{\"@type\":\"ReadAction\",\"target\":[\"https:\/\/progettotouring.it\/radiotouring104\/2024\/09\/24\/villa-s-g-al-via-i-corsi-serali-allistituto-trecoci\/\"]}]},{\"@type\":\"ImageObject\",\"inLanguage\":\"it-IT\",\"@id\":\"https:\/\/progettotouring.it\/radiotouring104\/2024\/09\/24\/villa-s-g-al-via-i-corsi-serali-allistituto-trecoci\/#primaryimage\",\"url\":\"https:\/\/progettotouring.it\/radiotouring104\/wp-content\/uploads\/sites\/6\/2024\/09\/Corsi-serali-trecoci-villa.jpg\",\"contentUrl\":\"https:\/\/progettotouring.it\/radiotouring104\/wp-content\/uploads\/sites\/6\/2024\/09\/Corsi-serali-trecoci-villa.jpg\",\"width\":1142,\"height\":1600},{\"@type\":\"BreadcrumbList\",\"@id\":\"https:\/\/progettotouring.it\/radiotouring104\/2024\/09\/24\/villa-s-g-al-via-i-corsi-serali-allistituto-trecoci\/#breadcrumb\",\"itemListElement\":[{\"@type\":\"ListItem\",\"position\":1,\"name\":\"Home\",\"item\":\"https:\/\/progettotouring.it\/radiotouring104\/\"},{\"@type\":\"ListItem\",\"position\":2,\"name\":\"Villa S.G: al via i corsi serali all&#8217;istituto &#8220;Trecoci&#8221;\"}]},{\"@type\":\"WebSite\",\"@id\":\"https:\/\/progettotouring.it\/radiotouring104\/#website\",\"url\":\"https:\/\/progettotouring.it\/radiotouring104\/\",\"name\":\"Radio Touring 104\",\"description\":\"La prima radio Reggina\",\"publisher\":{\"@id\":\"https:\/\/progettotouring.it\/radiotouring104\/#organization\"},\"potentialAction\":[{\"@type\":\"SearchAction\",\"target\":{\"@type\":\"EntryPoint\",\"urlTemplate\":\"https:\/\/progettotouring.it\/radiotouring104\/?s={search_term_string}\"},\"query-input\":{\"@type\":\"PropertyValueSpecification\",\"valueRequired\":true,\"valueName\":\"search_term_string\"}}],\"inLanguage\":\"it-IT\"},{\"@type\":\"Organization\",\"@id\":\"https:\/\/progettotouring.it\/radiotouring104\/#organization\",\"name\":\"Radio Touring 104\",\"url\":\"https:\/\/progettotouring.it\/radiotouring104\/\",\"logo\":{\"@type\":\"ImageObject\",\"inLanguage\":\"it-IT\",\"@id\":\"https:\/\/progettotouring.it\/radiotouring104\/#\/schema\/logo\/image\/\",\"url\":\"https:\/\/progettotouring.it\/radiotouring104\/wp-content\/uploads\/sites\/6\/2022\/02\/cropped-logo-radio-touring-104.png\",\"contentUrl\":\"https:\/\/progettotouring.it\/radiotouring104\/wp-content\/uploads\/sites\/6\/2022\/02\/cropped-logo-radio-touring-104.png\",\"width\":377,\"height\":182,\"caption\":\"Radio Touring 104\"},\"image\":{\"@id\":\"https:\/\/progettotouring.it\/radiotouring104\/#\/schema\/logo\/image\/\"}},{\"@type\":\"Person\",\"@id\":\"https:\/\/progettotouring.it\/radiotouring104\/#\/schema\/person\/78613917f1851f041f7483f5af1d422e\",\"name\":\"Sebastiano Plutino\",\"image\":{\"@type\":\"ImageObject\",\"inLanguage\":\"it-IT\",\"@id\":\"https:\/\/secure.gravatar.com\/avatar\/0546ffaa9b79224faf9f2a156b67a529ae861d3287c66c1d8ccfdf909bcba78d?s=96&d=mm&r=g\",\"url\":\"https:\/\/secure.gravatar.com\/avatar\/0546ffaa9b79224faf9f2a156b67a529ae861d3287c66c1d8ccfdf909bcba78d?s=96&d=mm&r=g\",\"contentUrl\":\"https:\/\/secure.gravatar.com\/avatar\/0546ffaa9b79224faf9f2a156b67a529ae861d3287c66c1d8ccfdf909bcba78d?s=96&d=mm&r=g\",\"caption\":\"Sebastiano Plutino\"},\"url\":\"https:\/\/progettotouring.it\/radiotouring104\/author\/sebastiano\/\"}]}<\/script>\n<!-- \/ Yoast SEO plugin. -->","yoast_head_json":{"title":"Villa S.G: al via i corsi serali all'istituto \"Trecoci\" - Radio Touring 104","description":"Prenderanno il via luned\u00ec 30 settembre le lezioni del Corso Serale dell\u2019Istituto Professionale Alberghiero e Turistico","robots":{"index":"index","follow":"follow","max-snippet":"max-snippet:-1","max-image-preview":"max-image-preview:large","max-video-preview":"max-video-preview:-1"},"canonical":"https:\/\/progettotouring.it\/radiotouring104\/2024\/09\/24\/villa-s-g-al-via-i-corsi-serali-allistituto-trecoci\/","og_locale":"it_IT","og_type":"article","og_title":"Villa S.G: al via i corsi serali all'istituto \"Trecoci\" - Radio Touring 104","og_description":"Prenderanno il via luned\u00ec 30 settembre le lezioni del Corso Serale dell\u2019Istituto Professionale Alberghiero e Turistico","og_url":"https:\/\/progettotouring.it\/radiotouring104\/2024\/09\/24\/villa-s-g-al-via-i-corsi-serali-allistituto-trecoci\/","og_site_name":"Radio Touring 104","article_published_time":"2024-09-24T09:37:33+00:00","og_image":[{"width":1142,"height":1600,"url":"https:\/\/progettotouring.it\/radiotouring104\/wp-content\/uploads\/sites\/6\/2024\/09\/Corsi-serali-trecoci-villa.jpg","type":"image\/jpeg"}],"author":"Sebastiano Plutino","twitter_card":"summary_large_image","twitter_misc":{"Scritto da":"Sebastiano Plutino","Tempo di lettura stimato":"1 minuto"},"schema":{"@context":"https:\/\/schema.org","@graph":[{"@type":"Article","@id":"https:\/\/progettotouring.it\/radiotouring104\/2024\/09\/24\/villa-s-g-al-via-i-corsi-serali-allistituto-trecoci\/#article","isPartOf":{"@id":"https:\/\/progettotouring.it\/radiotouring104\/2024\/09\/24\/villa-s-g-al-via-i-corsi-serali-allistituto-trecoci\/"},"author":{"name":"Sebastiano Plutino","@id":"https:\/\/progettotouring.it\/radiotouring104\/#\/schema\/person\/78613917f1851f041f7483f5af1d422e"},"headline":"Villa S.G: al via i corsi serali all&#8217;istituto &#8220;Trecoci&#8221;","datePublished":"2024-09-24T09:37:33+00:00","mainEntityOfPage":{"@id":"https:\/\/progettotouring.it\/radiotouring104\/2024\/09\/24\/villa-s-g-al-via-i-corsi-serali-allistituto-trecoci\/"},"wordCount":270,"publisher":{"@id":"https:\/\/progettotouring.it\/radiotouring104\/#organization"},"image":{"@id":"https:\/\/progettotouring.it\/radiotouring104\/2024\/09\/24\/villa-s-g-al-via-i-corsi-serali-allistituto-trecoci\/#primaryimage"},"thumbnailUrl":"https:\/\/progettotouring.it\/radiotouring104\/wp-content\/uploads\/sites\/6\/2024\/09\/Corsi-serali-trecoci-villa.jpg","keywords":["Accoglienza","al via corsi serali","albergiero turistico","enogastronomia","istituto scolastico Trecoci","villa san giovanni"],"articleSection":["Home","News","Reggio Calabria"],"inLanguage":"it-IT"},{"@type":"WebPage","@id":"https:\/\/progettotouring.it\/radiotouring104\/2024\/09\/24\/villa-s-g-al-via-i-corsi-serali-allistituto-trecoci\/","url":"https:\/\/progettotouring.it\/radiotouring104\/2024\/09\/24\/villa-s-g-al-via-i-corsi-serali-allistituto-trecoci\/","name":"Villa S.G: al via i corsi serali all'istituto \"Trecoci\" - Radio Touring 104","isPartOf":{"@id":"https:\/\/progettotouring.it\/radiotouring104\/#website"},"primaryImageOfPage":{"@id":"https:\/\/progettotouring.it\/radiotouring104\/2024\/09\/24\/villa-s-g-al-via-i-corsi-serali-allistituto-trecoci\/#primaryimage"},"image":{"@id":"https:\/\/progettotouring.it\/radiotouring104\/2024\/09\/24\/villa-s-g-al-via-i-corsi-serali-allistituto-trecoci\/#primaryimage"},"thumbnailUrl":"https:\/\/progettotouring.it\/radiotouring104\/wp-content\/uploads\/sites\/6\/2024\/09\/Corsi-serali-trecoci-villa.jpg","datePublished":"2024-09-24T09:37:33+00:00","description":"Prenderanno il via luned\u00ec 30 settembre le lezioni del Corso Serale dell\u2019Istituto Professionale Alberghiero e Turistico","breadcrumb":{"@id":"https:\/\/progettotouring.it\/radiotouring104\/2024\/09\/24\/villa-s-g-al-via-i-corsi-serali-allistituto-trecoci\/#breadcrumb"},"inLanguage":"it-IT","potentialAction":[{"@type":"ReadAction","target":["https:\/\/progettotouring.it\/radiotouring104\/2024\/09\/24\/villa-s-g-al-via-i-corsi-serali-allistituto-trecoci\/"]}]},{"@type":"ImageObject","inLanguage":"it-IT","@id":"https:\/\/progettotouring.it\/radiotouring104\/2024\/09\/24\/villa-s-g-al-via-i-corsi-serali-allistituto-trecoci\/#primaryimage","url":"https:\/\/progettotouring.it\/radiotouring104\/wp-content\/uploads\/sites\/6\/2024\/09\/Corsi-serali-trecoci-villa.jpg","contentUrl":"https:\/\/progettotouring.it\/radiotouring104\/wp-content\/uploads\/sites\/6\/2024\/09\/Corsi-serali-trecoci-villa.jpg","width":1142,"height":1600},{"@type":"BreadcrumbList","@id":"https:\/\/progettotouring.it\/radiotouring104\/2024\/09\/24\/villa-s-g-al-via-i-corsi-serali-allistituto-trecoci\/#breadcrumb","itemListElement":[{"@type":"ListItem","position":1,"name":"Home","item":"https:\/\/progettotouring.it\/radiotouring104\/"},{"@type":"ListItem","position":2,"name":"Villa S.G: al via i corsi serali all&#8217;istituto &#8220;Trecoci&#8221;"}]},{"@type":"WebSite","@id":"https:\/\/progettotouring.it\/radiotouring104\/#website","url":"https:\/\/progettotouring.it\/radiotouring104\/","name":"Radio Touring 104","description":"La prima radio Reggina","publisher":{"@id":"https:\/\/progettotouring.it\/radiotouring104\/#organization"},"potentialAction":[{"@type":"SearchAction","target":{"@type":"EntryPoint","urlTemplate":"https:\/\/progettotouring.it\/radiotouring104\/?s={search_term_string}"},"query-input":{"@type":"PropertyValueSpecification","valueRequired":true,"valueName":"search_term_string"}}],"inLanguage":"it-IT"},{"@type":"Organization","@id":"https:\/\/progettotouring.it\/radiotouring104\/#organization","name":"Radio Touring 104","url":"https:\/\/progettotouring.it\/radiotouring104\/","logo":{"@type":"ImageObject","inLanguage":"it-IT","@id":"https:\/\/progettotouring.it\/radiotouring104\/#\/schema\/logo\/image\/","url":"https:\/\/progettotouring.it\/radiotouring104\/wp-content\/uploads\/sites\/6\/2022\/02\/cropped-logo-radio-touring-104.png","contentUrl":"https:\/\/progettotouring.it\/radiotouring104\/wp-content\/uploads\/sites\/6\/2022\/02\/cropped-logo-radio-touring-104.png","width":377,"height":182,"caption":"Radio Touring 104"},"image":{"@id":"https:\/\/progettotouring.it\/radiotouring104\/#\/schema\/logo\/image\/"}},{"@type":"Person","@id":"https:\/\/progettotouring.it\/radiotouring104\/#\/schema\/person\/78613917f1851f041f7483f5af1d422e","name":"Sebastiano Plutino","image":{"@type":"ImageObject","inLanguage":"it-IT","@id":"https:\/\/secure.gravatar.com\/avatar\/0546ffaa9b79224faf9f2a156b67a529ae861d3287c66c1d8ccfdf909bcba78d?s=96&d=mm&r=g","url":"https:\/\/secure.gravatar.com\/avatar\/0546ffaa9b79224faf9f2a156b67a529ae861d3287c66c1d8ccfdf909bcba78d?s=96&d=mm&r=g","contentUrl":"https:\/\/secure.gravatar.com\/avatar\/0546ffaa9b79224faf9f2a156b67a529ae861d3287c66c1d8ccfdf909bcba78d?s=96&d=mm&r=g","caption":"Sebastiano Plutino"},"url":"https:\/\/progettotouring.it\/radiotouring104\/author\/sebastiano\/"}]}},"jetpack_publicize_connections":[],"jetpack_featured_media_url":"https:\/\/progettotouring.it\/radiotouring104\/wp-content\/uploads\/sites\/6\/2024\/09\/Corsi-serali-trecoci-villa.jpg","jetpack_sharing_enabled":true,"_links":{"self":[{"href":"https:\/\/progettotouring.it\/radiotouring104\/wp-json\/wp\/v2\/posts\/58294","targetHints":{"allow":["GET"]}}],"collection":[{"href":"https:\/\/progettotouring.it\/radiotouring104\/wp-json\/wp\/v2\/posts"}],"about":[{"href":"https:\/\/progettotouring.it\/radiotouring104\/wp-json\/wp\/v2\/types\/post"}],"author":[{"embeddable":true,"href":"https:\/\/progettotouring.it\/radiotouring104\/wp-json\/wp\/v2\/users\/12"}],"replies":[{"embeddable":true,"href":"https:\/\/progettotouring.it\/radiotouring104\/wp-json\/wp\/v2\/comments?post=58294"}],"version-history":[{"count":1,"href":"https:\/\/progettotouring.it\/radiotouring104\/wp-json\/wp\/v2\/posts\/58294\/revisions"}],"predecessor-version":[{"id":58296,"href":"https:\/\/progettotouring.it\/radiotouring104\/wp-json\/wp\/v2\/posts\/58294\/revisions\/58296"}],"wp:featuredmedia":[{"embeddable":true,"href":"https:\/\/progettotouring.it\/radiotouring104\/wp-json\/wp\/v2\/media\/58295"}],"wp:attachment":[{"href":"https:\/\/progettotouring.it\/radiotouring104\/wp-json\/wp\/v2\/media?parent=58294"}],"wp:term":[{"taxonomy":"category","embeddable":true,"href":"https:\/\/progettotouring.it\/radiotouring104\/wp-json\/wp\/v2\/categories?post=58294"},{"taxonomy":"post_tag","embeddable":true,"href":"https:\/\/progettotouring.it\/radiotouring104\/wp-json\/wp\/v2\/tags?post=58294"}],"curies":[{"name":"wp","href":"https:\/\/api.w.org\/{rel}","templated":true}]}}