{"id":5843,"date":"2022-05-26T12:40:57","date_gmt":"2022-05-26T10:40:57","guid":{"rendered":"https:\/\/progettotouring.it\/radiotouring104\/?p=5843"},"modified":"2022-05-26T12:41:05","modified_gmt":"2022-05-26T10:41:05","slug":"bova-ente-parco-aspromonte-presenta-il-nuovo-documentario-la-biodiversita-in-aspromonte-uneredita-da-custodire","status":"publish","type":"post","link":"https:\/\/progettotouring.it\/radiotouring104\/2022\/05\/26\/bova-ente-parco-aspromonte-presenta-il-nuovo-documentario-la-biodiversita-in-aspromonte-uneredita-da-custodire\/","title":{"rendered":"Bova, Ente Parco Aspromonte presenta il nuovo documentario &#8220;La biodiversit\u00e0 in Aspromonte. Un\u2019eredit\u00e0 da custodire&#8221;"},"content":{"rendered":"<p style=\"text-align: justify;\">\u201cLa biodiversit\u00e0 in Aspromonte. Un\u2019eredit\u00e0 da custodire\u201d. \u00c8 il titolo del nuovo documentario realizzato dall\u2019Ente Parco Nazionale dell\u2019Aspromonte e dal regista Antonio Melasi, che verr\u00e0 presentato venerd\u00ec 3 giugno alle ore 10 al Centro Visita di Bova.<\/p>\n<p style=\"text-align: justify;\">Il documentario esalta e valorizza il patrimonio naturalistico e geologico dell\u2019Aspromonte, recentemente inserito nella Rete mondiale dei Geoparchi Unesco. Un vero e proprio percorso di conoscenza della biodiversit\u00e0, eredit\u00e0 di immense foreste di alberi secolari, faggete vetuste, rarit\u00e0 floristiche ed eccezionalit\u00e0 faunistiche che popolano l\u2019area protetta. Girato in risoluzione 4k con le ultime camere ritrovate e drone, il documentario rappresenta un importante lavoro di studio e di confronto scientifico preliminare, compiuto attraverso una pianificazione tecnica delle sessioni di ripresa concertata con l\u2019Ente Parco per l\u2019individuazione ed il raggiungimento dei siti da documentare, e la creazione di un\u2019apposita colonna sonora.<\/p>\n<p style=\"text-align: justify;\">Spazio anche ad un \u201cfocus\u201d su alcune attivit\u00e0 innovative introdotte dall\u2019Ente per la gestione e fruizione dell\u2019area protetta, nell\u2019ambito della rete dei boschi vetusti del Parco con l\u2019allestimento di aree di monitoraggio permanente che comprende la mappatura geo referenziata di ogni singolo individuo arboreo. Alla scoperta della biodiversit\u00e0 floristica, particolare risalto viene riservata alla Woodw\u00e1rdia, la felce gigante elemento della flora subtropicale esistente nel bacino del Mediterraneo 60 milioni di anni fa e ancora oggi presente in Aspromonte, protetta a livello internazionale e da tutelare rigorosamente.<\/p>\n<p style=\"text-align: justify;\">Alla presentazione del documentario parteciperanno <strong>Leo Autelitano<\/strong>, Presidente del Parco Nazionale dell\u2019Aspromonte, <strong>Dalila Nesci<\/strong> Sottosegretaria Ministero per il Sud, <strong>Giuseppe D\u2019Ippolito<\/strong> componente della commissione Ambiente della Camera dei Deputati, <strong>Giuseppe Auddino<\/strong> componente della commissione Lavoro del Senato, il consigliere regionale <strong>Giacomo Crin\u00f2<\/strong> ed il regista del documentario <strong>Antonio Melasi<\/strong> e del team che ha curato il lavoro.<\/p>\n","protected":false},"excerpt":{"rendered":"<p>\u201cLa biodiversit\u00e0 in Aspromonte. Un\u2019eredit\u00e0 da custodire\u201d. \u00c8 il titolo del nuovo documentario realizzato dall\u2019Ente Parco Nazionale dell\u2019Aspromonte e dal regista Antonio Melasi, che verr\u00e0 presentato venerd\u00ec 3 giugno alle&hellip;<\/p>\n","protected":false},"author":5,"featured_media":5847,"comment_status":"open","ping_status":"open","sticky":false,"template":"","format":"standard","meta":{"_jetpack_memberships_contains_paid_content":false,"footnotes":"","jetpack_publicize_message":"","jetpack_publicize_feature_enabled":true,"jetpack_social_post_already_shared":false,"jetpack_social_options":{"image_generator_settings":{"template":"highway","default_image_id":0,"font":"","enabled":false},"version":2}},"categories":[921,196,140],"tags":[2097,255,2093,2091,2095,2092,2090,2098,2096,2094,1041,254],"class_list":["post-5843","post","type-post","status-publish","format-standard","has-post-thumbnail","hentry","category-home","category-news","category-reggio-calabria","tag-antonio-melasi","tag-aspromonte","tag-biodiversita-in-aspromonte","tag-bova","tag-dalila-nesci","tag-documentario","tag-ente-parco-nazionale-aspromonte","tag-giacomo-crino","tag-giuseppe-auddino","tag-giuseppe-dippolito","tag-leo-autelitano","tag-parco-aspromonte"],"yoast_head":"<!-- This site is optimized with the Yoast SEO plugin v27.2 - https:\/\/yoast.com\/product\/yoast-seo-wordpress\/ -->\n<title>Bova: documentario La biodiversit\u00e0 in Aspromonte. Un\u2019eredit\u00e0 da custodire<\/title>\n<meta name=\"description\" content=\"Il documentario realizzato dall\u2019Ente Parco Nazionale dell\u2019Aspromonte e dal regista Antonio Melasi verr\u00e0 presentato venerd\u00ec 3 giugno a Bova\" \/>\n<meta name=\"robots\" content=\"index, follow, max-snippet:-1, max-image-preview:large, max-video-preview:-1\" \/>\n<link rel=\"canonical\" href=\"https:\/\/progettotouring.it\/radiotouring104\/2022\/05\/26\/bova-ente-parco-aspromonte-presenta-il-nuovo-documentario-la-biodiversita-in-aspromonte-uneredita-da-custodire\/\" \/>\n<meta property=\"og:locale\" content=\"it_IT\" \/>\n<meta property=\"og:type\" content=\"article\" \/>\n<meta property=\"og:title\" content=\"Bova: documentario La biodiversit\u00e0 in Aspromonte. Un\u2019eredit\u00e0 da custodire\" \/>\n<meta property=\"og:description\" content=\"Il documentario realizzato dall\u2019Ente Parco Nazionale dell\u2019Aspromonte e dal regista Antonio Melasi verr\u00e0 presentato venerd\u00ec 3 giugno a Bova\" \/>\n<meta property=\"og:url\" content=\"https:\/\/progettotouring.it\/radiotouring104\/2022\/05\/26\/bova-ente-parco-aspromonte-presenta-il-nuovo-documentario-la-biodiversita-in-aspromonte-uneredita-da-custodire\/\" \/>\n<meta property=\"og:site_name\" content=\"Radio Touring 104\" \/>\n<meta property=\"article:published_time\" content=\"2022-05-26T10:40:57+00:00\" \/>\n<meta property=\"article:modified_time\" content=\"2022-05-26T10:41:05+00:00\" \/>\n<meta property=\"og:image\" content=\"https:\/\/progettotouring.it\/radiotouring104\/wp-content\/uploads\/sites\/6\/2022\/05\/locandina_DOCUMENTARIO.jpg\" \/>\n\t<meta property=\"og:image:width\" content=\"1060\" \/>\n\t<meta property=\"og:image:height\" content=\"890\" \/>\n\t<meta property=\"og:image:type\" content=\"image\/jpeg\" \/>\n<meta name=\"author\" content=\"redazione\" \/>\n<meta name=\"twitter:card\" content=\"summary_large_image\" \/>\n<meta name=\"twitter:label1\" content=\"Scritto da\" \/>\n\t<meta name=\"twitter:data1\" content=\"redazione\" \/>\n\t<meta name=\"twitter:label2\" content=\"Tempo di lettura stimato\" \/>\n\t<meta name=\"twitter:data2\" content=\"1 minuto\" \/>\n<script type=\"application\/ld+json\" class=\"yoast-schema-graph\">{\"@context\":\"https:\/\/schema.org\",\"@graph\":[{\"@type\":\"Article\",\"@id\":\"https:\/\/progettotouring.it\/radiotouring104\/2022\/05\/26\/bova-ente-parco-aspromonte-presenta-il-nuovo-documentario-la-biodiversita-in-aspromonte-uneredita-da-custodire\/#article\",\"isPartOf\":{\"@id\":\"https:\/\/progettotouring.it\/radiotouring104\/2022\/05\/26\/bova-ente-parco-aspromonte-presenta-il-nuovo-documentario-la-biodiversita-in-aspromonte-uneredita-da-custodire\/\"},\"author\":{\"name\":\"redazione\",\"@id\":\"https:\/\/progettotouring.it\/radiotouring104\/#\/schema\/person\/1b3eb3c07c47136bc44c785c543e635f\"},\"headline\":\"Bova, Ente Parco Aspromonte presenta il nuovo documentario &#8220;La biodiversit\u00e0 in Aspromonte. Un\u2019eredit\u00e0 da custodire&#8221;\",\"datePublished\":\"2022-05-26T10:40:57+00:00\",\"dateModified\":\"2022-05-26T10:41:05+00:00\",\"mainEntityOfPage\":{\"@id\":\"https:\/\/progettotouring.it\/radiotouring104\/2022\/05\/26\/bova-ente-parco-aspromonte-presenta-il-nuovo-documentario-la-biodiversita-in-aspromonte-uneredita-da-custodire\/\"},\"wordCount\":306,\"commentCount\":0,\"publisher\":{\"@id\":\"https:\/\/progettotouring.it\/radiotouring104\/#organization\"},\"image\":{\"@id\":\"https:\/\/progettotouring.it\/radiotouring104\/2022\/05\/26\/bova-ente-parco-aspromonte-presenta-il-nuovo-documentario-la-biodiversita-in-aspromonte-uneredita-da-custodire\/#primaryimage\"},\"thumbnailUrl\":\"https:\/\/progettotouring.it\/radiotouring104\/wp-content\/uploads\/sites\/6\/2022\/05\/locandina_DOCUMENTARIO.jpg\",\"keywords\":[\"Antonio Melasi\",\"Aspromonte\",\"biodiversit\u00e0 in Aspromonte\",\"bova\",\"Dalila Nesci\",\"documentario\",\"ente parco nazionale aspromonte\",\"Giacomo Crin\u00f2\",\"Giuseppe Auddino\",\"Giuseppe D\u2019Ippolito\",\"leo autelitano\",\"Parco Aspromonte\"],\"articleSection\":[\"Home\",\"News\",\"Reggio Calabria\"],\"inLanguage\":\"it-IT\",\"potentialAction\":[{\"@type\":\"CommentAction\",\"name\":\"Comment\",\"target\":[\"https:\/\/progettotouring.it\/radiotouring104\/2022\/05\/26\/bova-ente-parco-aspromonte-presenta-il-nuovo-documentario-la-biodiversita-in-aspromonte-uneredita-da-custodire\/#respond\"]}]},{\"@type\":\"WebPage\",\"@id\":\"https:\/\/progettotouring.it\/radiotouring104\/2022\/05\/26\/bova-ente-parco-aspromonte-presenta-il-nuovo-documentario-la-biodiversita-in-aspromonte-uneredita-da-custodire\/\",\"url\":\"https:\/\/progettotouring.it\/radiotouring104\/2022\/05\/26\/bova-ente-parco-aspromonte-presenta-il-nuovo-documentario-la-biodiversita-in-aspromonte-uneredita-da-custodire\/\",\"name\":\"Bova: documentario La biodiversit\u00e0 in Aspromonte. Un\u2019eredit\u00e0 da custodire\",\"isPartOf\":{\"@id\":\"https:\/\/progettotouring.it\/radiotouring104\/#website\"},\"primaryImageOfPage\":{\"@id\":\"https:\/\/progettotouring.it\/radiotouring104\/2022\/05\/26\/bova-ente-parco-aspromonte-presenta-il-nuovo-documentario-la-biodiversita-in-aspromonte-uneredita-da-custodire\/#primaryimage\"},\"image\":{\"@id\":\"https:\/\/progettotouring.it\/radiotouring104\/2022\/05\/26\/bova-ente-parco-aspromonte-presenta-il-nuovo-documentario-la-biodiversita-in-aspromonte-uneredita-da-custodire\/#primaryimage\"},\"thumbnailUrl\":\"https:\/\/progettotouring.it\/radiotouring104\/wp-content\/uploads\/sites\/6\/2022\/05\/locandina_DOCUMENTARIO.jpg\",\"datePublished\":\"2022-05-26T10:40:57+00:00\",\"dateModified\":\"2022-05-26T10:41:05+00:00\",\"description\":\"Il documentario realizzato dall\u2019Ente Parco Nazionale dell\u2019Aspromonte e dal regista Antonio Melasi verr\u00e0 presentato venerd\u00ec 3 giugno a Bova\",\"breadcrumb\":{\"@id\":\"https:\/\/progettotouring.it\/radiotouring104\/2022\/05\/26\/bova-ente-parco-aspromonte-presenta-il-nuovo-documentario-la-biodiversita-in-aspromonte-uneredita-da-custodire\/#breadcrumb\"},\"inLanguage\":\"it-IT\",\"potentialAction\":[{\"@type\":\"ReadAction\",\"target\":[\"https:\/\/progettotouring.it\/radiotouring104\/2022\/05\/26\/bova-ente-parco-aspromonte-presenta-il-nuovo-documentario-la-biodiversita-in-aspromonte-uneredita-da-custodire\/\"]}]},{\"@type\":\"ImageObject\",\"inLanguage\":\"it-IT\",\"@id\":\"https:\/\/progettotouring.it\/radiotouring104\/2022\/05\/26\/bova-ente-parco-aspromonte-presenta-il-nuovo-documentario-la-biodiversita-in-aspromonte-uneredita-da-custodire\/#primaryimage\",\"url\":\"https:\/\/progettotouring.it\/radiotouring104\/wp-content\/uploads\/sites\/6\/2022\/05\/locandina_DOCUMENTARIO.jpg\",\"contentUrl\":\"https:\/\/progettotouring.it\/radiotouring104\/wp-content\/uploads\/sites\/6\/2022\/05\/locandina_DOCUMENTARIO.jpg\",\"width\":1060,\"height\":890,\"caption\":\"La biodiversit\u00e0 in Aspromonte\"},{\"@type\":\"BreadcrumbList\",\"@id\":\"https:\/\/progettotouring.it\/radiotouring104\/2022\/05\/26\/bova-ente-parco-aspromonte-presenta-il-nuovo-documentario-la-biodiversita-in-aspromonte-uneredita-da-custodire\/#breadcrumb\",\"itemListElement\":[{\"@type\":\"ListItem\",\"position\":1,\"name\":\"Home\",\"item\":\"https:\/\/progettotouring.it\/radiotouring104\/\"},{\"@type\":\"ListItem\",\"position\":2,\"name\":\"Bova, Ente Parco Aspromonte presenta il nuovo documentario &#8220;La biodiversit\u00e0 in Aspromonte. Un\u2019eredit\u00e0 da custodire&#8221;\"}]},{\"@type\":\"WebSite\",\"@id\":\"https:\/\/progettotouring.it\/radiotouring104\/#website\",\"url\":\"https:\/\/progettotouring.it\/radiotouring104\/\",\"name\":\"Radio Touring 104\",\"description\":\"La prima radio Reggina\",\"publisher\":{\"@id\":\"https:\/\/progettotouring.it\/radiotouring104\/#organization\"},\"potentialAction\":[{\"@type\":\"SearchAction\",\"target\":{\"@type\":\"EntryPoint\",\"urlTemplate\":\"https:\/\/progettotouring.it\/radiotouring104\/?s={search_term_string}\"},\"query-input\":{\"@type\":\"PropertyValueSpecification\",\"valueRequired\":true,\"valueName\":\"search_term_string\"}}],\"inLanguage\":\"it-IT\"},{\"@type\":\"Organization\",\"@id\":\"https:\/\/progettotouring.it\/radiotouring104\/#organization\",\"name\":\"Radio Touring 104\",\"url\":\"https:\/\/progettotouring.it\/radiotouring104\/\",\"logo\":{\"@type\":\"ImageObject\",\"inLanguage\":\"it-IT\",\"@id\":\"https:\/\/progettotouring.it\/radiotouring104\/#\/schema\/logo\/image\/\",\"url\":\"https:\/\/progettotouring.it\/radiotouring104\/wp-content\/uploads\/sites\/6\/2022\/02\/cropped-logo-radio-touring-104.png\",\"contentUrl\":\"https:\/\/progettotouring.it\/radiotouring104\/wp-content\/uploads\/sites\/6\/2022\/02\/cropped-logo-radio-touring-104.png\",\"width\":377,\"height\":182,\"caption\":\"Radio Touring 104\"},\"image\":{\"@id\":\"https:\/\/progettotouring.it\/radiotouring104\/#\/schema\/logo\/image\/\"}},{\"@type\":\"Person\",\"@id\":\"https:\/\/progettotouring.it\/radiotouring104\/#\/schema\/person\/1b3eb3c07c47136bc44c785c543e635f\",\"name\":\"redazione\",\"image\":{\"@type\":\"ImageObject\",\"inLanguage\":\"it-IT\",\"@id\":\"https:\/\/secure.gravatar.com\/avatar\/0b31605b49f100769e8b624b3e05de1b73e1692e9568a352f60f53fd072e6e11?s=96&d=mm&r=g\",\"url\":\"https:\/\/secure.gravatar.com\/avatar\/0b31605b49f100769e8b624b3e05de1b73e1692e9568a352f60f53fd072e6e11?s=96&d=mm&r=g\",\"contentUrl\":\"https:\/\/secure.gravatar.com\/avatar\/0b31605b49f100769e8b624b3e05de1b73e1692e9568a352f60f53fd072e6e11?s=96&d=mm&r=g\",\"caption\":\"redazione\"},\"url\":\"https:\/\/progettotouring.it\/radiotouring104\/author\/redazione\/\"}]}<\/script>\n<!-- \/ Yoast SEO plugin. -->","yoast_head_json":{"title":"Bova: documentario La biodiversit\u00e0 in Aspromonte. Un\u2019eredit\u00e0 da custodire","description":"Il documentario realizzato dall\u2019Ente Parco Nazionale dell\u2019Aspromonte e dal regista Antonio Melasi verr\u00e0 presentato venerd\u00ec 3 giugno a Bova","robots":{"index":"index","follow":"follow","max-snippet":"max-snippet:-1","max-image-preview":"max-image-preview:large","max-video-preview":"max-video-preview:-1"},"canonical":"https:\/\/progettotouring.it\/radiotouring104\/2022\/05\/26\/bova-ente-parco-aspromonte-presenta-il-nuovo-documentario-la-biodiversita-in-aspromonte-uneredita-da-custodire\/","og_locale":"it_IT","og_type":"article","og_title":"Bova: documentario La biodiversit\u00e0 in Aspromonte. Un\u2019eredit\u00e0 da custodire","og_description":"Il documentario realizzato dall\u2019Ente Parco Nazionale dell\u2019Aspromonte e dal regista Antonio Melasi verr\u00e0 presentato venerd\u00ec 3 giugno a Bova","og_url":"https:\/\/progettotouring.it\/radiotouring104\/2022\/05\/26\/bova-ente-parco-aspromonte-presenta-il-nuovo-documentario-la-biodiversita-in-aspromonte-uneredita-da-custodire\/","og_site_name":"Radio Touring 104","article_published_time":"2022-05-26T10:40:57+00:00","article_modified_time":"2022-05-26T10:41:05+00:00","og_image":[{"width":1060,"height":890,"url":"https:\/\/progettotouring.it\/radiotouring104\/wp-content\/uploads\/sites\/6\/2022\/05\/locandina_DOCUMENTARIO.jpg","type":"image\/jpeg"}],"author":"redazione","twitter_card":"summary_large_image","twitter_misc":{"Scritto da":"redazione","Tempo di lettura stimato":"1 minuto"},"schema":{"@context":"https:\/\/schema.org","@graph":[{"@type":"Article","@id":"https:\/\/progettotouring.it\/radiotouring104\/2022\/05\/26\/bova-ente-parco-aspromonte-presenta-il-nuovo-documentario-la-biodiversita-in-aspromonte-uneredita-da-custodire\/#article","isPartOf":{"@id":"https:\/\/progettotouring.it\/radiotouring104\/2022\/05\/26\/bova-ente-parco-aspromonte-presenta-il-nuovo-documentario-la-biodiversita-in-aspromonte-uneredita-da-custodire\/"},"author":{"name":"redazione","@id":"https:\/\/progettotouring.it\/radiotouring104\/#\/schema\/person\/1b3eb3c07c47136bc44c785c543e635f"},"headline":"Bova, Ente Parco Aspromonte presenta il nuovo documentario &#8220;La biodiversit\u00e0 in Aspromonte. Un\u2019eredit\u00e0 da custodire&#8221;","datePublished":"2022-05-26T10:40:57+00:00","dateModified":"2022-05-26T10:41:05+00:00","mainEntityOfPage":{"@id":"https:\/\/progettotouring.it\/radiotouring104\/2022\/05\/26\/bova-ente-parco-aspromonte-presenta-il-nuovo-documentario-la-biodiversita-in-aspromonte-uneredita-da-custodire\/"},"wordCount":306,"commentCount":0,"publisher":{"@id":"https:\/\/progettotouring.it\/radiotouring104\/#organization"},"image":{"@id":"https:\/\/progettotouring.it\/radiotouring104\/2022\/05\/26\/bova-ente-parco-aspromonte-presenta-il-nuovo-documentario-la-biodiversita-in-aspromonte-uneredita-da-custodire\/#primaryimage"},"thumbnailUrl":"https:\/\/progettotouring.it\/radiotouring104\/wp-content\/uploads\/sites\/6\/2022\/05\/locandina_DOCUMENTARIO.jpg","keywords":["Antonio Melasi","Aspromonte","biodiversit\u00e0 in Aspromonte","bova","Dalila Nesci","documentario","ente parco nazionale aspromonte","Giacomo Crin\u00f2","Giuseppe Auddino","Giuseppe D\u2019Ippolito","leo autelitano","Parco Aspromonte"],"articleSection":["Home","News","Reggio Calabria"],"inLanguage":"it-IT","potentialAction":[{"@type":"CommentAction","name":"Comment","target":["https:\/\/progettotouring.it\/radiotouring104\/2022\/05\/26\/bova-ente-parco-aspromonte-presenta-il-nuovo-documentario-la-biodiversita-in-aspromonte-uneredita-da-custodire\/#respond"]}]},{"@type":"WebPage","@id":"https:\/\/progettotouring.it\/radiotouring104\/2022\/05\/26\/bova-ente-parco-aspromonte-presenta-il-nuovo-documentario-la-biodiversita-in-aspromonte-uneredita-da-custodire\/","url":"https:\/\/progettotouring.it\/radiotouring104\/2022\/05\/26\/bova-ente-parco-aspromonte-presenta-il-nuovo-documentario-la-biodiversita-in-aspromonte-uneredita-da-custodire\/","name":"Bova: documentario La biodiversit\u00e0 in Aspromonte. Un\u2019eredit\u00e0 da custodire","isPartOf":{"@id":"https:\/\/progettotouring.it\/radiotouring104\/#website"},"primaryImageOfPage":{"@id":"https:\/\/progettotouring.it\/radiotouring104\/2022\/05\/26\/bova-ente-parco-aspromonte-presenta-il-nuovo-documentario-la-biodiversita-in-aspromonte-uneredita-da-custodire\/#primaryimage"},"image":{"@id":"https:\/\/progettotouring.it\/radiotouring104\/2022\/05\/26\/bova-ente-parco-aspromonte-presenta-il-nuovo-documentario-la-biodiversita-in-aspromonte-uneredita-da-custodire\/#primaryimage"},"thumbnailUrl":"https:\/\/progettotouring.it\/radiotouring104\/wp-content\/uploads\/sites\/6\/2022\/05\/locandina_DOCUMENTARIO.jpg","datePublished":"2022-05-26T10:40:57+00:00","dateModified":"2022-05-26T10:41:05+00:00","description":"Il documentario realizzato dall\u2019Ente Parco Nazionale dell\u2019Aspromonte e dal regista Antonio Melasi verr\u00e0 presentato venerd\u00ec 3 giugno a Bova","breadcrumb":{"@id":"https:\/\/progettotouring.it\/radiotouring104\/2022\/05\/26\/bova-ente-parco-aspromonte-presenta-il-nuovo-documentario-la-biodiversita-in-aspromonte-uneredita-da-custodire\/#breadcrumb"},"inLanguage":"it-IT","potentialAction":[{"@type":"ReadAction","target":["https:\/\/progettotouring.it\/radiotouring104\/2022\/05\/26\/bova-ente-parco-aspromonte-presenta-il-nuovo-documentario-la-biodiversita-in-aspromonte-uneredita-da-custodire\/"]}]},{"@type":"ImageObject","inLanguage":"it-IT","@id":"https:\/\/progettotouring.it\/radiotouring104\/2022\/05\/26\/bova-ente-parco-aspromonte-presenta-il-nuovo-documentario-la-biodiversita-in-aspromonte-uneredita-da-custodire\/#primaryimage","url":"https:\/\/progettotouring.it\/radiotouring104\/wp-content\/uploads\/sites\/6\/2022\/05\/locandina_DOCUMENTARIO.jpg","contentUrl":"https:\/\/progettotouring.it\/radiotouring104\/wp-content\/uploads\/sites\/6\/2022\/05\/locandina_DOCUMENTARIO.jpg","width":1060,"height":890,"caption":"La biodiversit\u00e0 in Aspromonte"},{"@type":"BreadcrumbList","@id":"https:\/\/progettotouring.it\/radiotouring104\/2022\/05\/26\/bova-ente-parco-aspromonte-presenta-il-nuovo-documentario-la-biodiversita-in-aspromonte-uneredita-da-custodire\/#breadcrumb","itemListElement":[{"@type":"ListItem","position":1,"name":"Home","item":"https:\/\/progettotouring.it\/radiotouring104\/"},{"@type":"ListItem","position":2,"name":"Bova, Ente Parco Aspromonte presenta il nuovo documentario &#8220;La biodiversit\u00e0 in Aspromonte. Un\u2019eredit\u00e0 da custodire&#8221;"}]},{"@type":"WebSite","@id":"https:\/\/progettotouring.it\/radiotouring104\/#website","url":"https:\/\/progettotouring.it\/radiotouring104\/","name":"Radio Touring 104","description":"La prima radio Reggina","publisher":{"@id":"https:\/\/progettotouring.it\/radiotouring104\/#organization"},"potentialAction":[{"@type":"SearchAction","target":{"@type":"EntryPoint","urlTemplate":"https:\/\/progettotouring.it\/radiotouring104\/?s={search_term_string}"},"query-input":{"@type":"PropertyValueSpecification","valueRequired":true,"valueName":"search_term_string"}}],"inLanguage":"it-IT"},{"@type":"Organization","@id":"https:\/\/progettotouring.it\/radiotouring104\/#organization","name":"Radio Touring 104","url":"https:\/\/progettotouring.it\/radiotouring104\/","logo":{"@type":"ImageObject","inLanguage":"it-IT","@id":"https:\/\/progettotouring.it\/radiotouring104\/#\/schema\/logo\/image\/","url":"https:\/\/progettotouring.it\/radiotouring104\/wp-content\/uploads\/sites\/6\/2022\/02\/cropped-logo-radio-touring-104.png","contentUrl":"https:\/\/progettotouring.it\/radiotouring104\/wp-content\/uploads\/sites\/6\/2022\/02\/cropped-logo-radio-touring-104.png","width":377,"height":182,"caption":"Radio Touring 104"},"image":{"@id":"https:\/\/progettotouring.it\/radiotouring104\/#\/schema\/logo\/image\/"}},{"@type":"Person","@id":"https:\/\/progettotouring.it\/radiotouring104\/#\/schema\/person\/1b3eb3c07c47136bc44c785c543e635f","name":"redazione","image":{"@type":"ImageObject","inLanguage":"it-IT","@id":"https:\/\/secure.gravatar.com\/avatar\/0b31605b49f100769e8b624b3e05de1b73e1692e9568a352f60f53fd072e6e11?s=96&d=mm&r=g","url":"https:\/\/secure.gravatar.com\/avatar\/0b31605b49f100769e8b624b3e05de1b73e1692e9568a352f60f53fd072e6e11?s=96&d=mm&r=g","contentUrl":"https:\/\/secure.gravatar.com\/avatar\/0b31605b49f100769e8b624b3e05de1b73e1692e9568a352f60f53fd072e6e11?s=96&d=mm&r=g","caption":"redazione"},"url":"https:\/\/progettotouring.it\/radiotouring104\/author\/redazione\/"}]}},"jetpack_publicize_connections":[],"jetpack_featured_media_url":"https:\/\/progettotouring.it\/radiotouring104\/wp-content\/uploads\/sites\/6\/2022\/05\/locandina_DOCUMENTARIO.jpg","jetpack_sharing_enabled":true,"_links":{"self":[{"href":"https:\/\/progettotouring.it\/radiotouring104\/wp-json\/wp\/v2\/posts\/5843","targetHints":{"allow":["GET"]}}],"collection":[{"href":"https:\/\/progettotouring.it\/radiotouring104\/wp-json\/wp\/v2\/posts"}],"about":[{"href":"https:\/\/progettotouring.it\/radiotouring104\/wp-json\/wp\/v2\/types\/post"}],"author":[{"embeddable":true,"href":"https:\/\/progettotouring.it\/radiotouring104\/wp-json\/wp\/v2\/users\/5"}],"replies":[{"embeddable":true,"href":"https:\/\/progettotouring.it\/radiotouring104\/wp-json\/wp\/v2\/comments?post=5843"}],"version-history":[{"count":1,"href":"https:\/\/progettotouring.it\/radiotouring104\/wp-json\/wp\/v2\/posts\/5843\/revisions"}],"predecessor-version":[{"id":5848,"href":"https:\/\/progettotouring.it\/radiotouring104\/wp-json\/wp\/v2\/posts\/5843\/revisions\/5848"}],"wp:featuredmedia":[{"embeddable":true,"href":"https:\/\/progettotouring.it\/radiotouring104\/wp-json\/wp\/v2\/media\/5847"}],"wp:attachment":[{"href":"https:\/\/progettotouring.it\/radiotouring104\/wp-json\/wp\/v2\/media?parent=5843"}],"wp:term":[{"taxonomy":"category","embeddable":true,"href":"https:\/\/progettotouring.it\/radiotouring104\/wp-json\/wp\/v2\/categories?post=5843"},{"taxonomy":"post_tag","embeddable":true,"href":"https:\/\/progettotouring.it\/radiotouring104\/wp-json\/wp\/v2\/tags?post=5843"}],"curies":[{"name":"wp","href":"https:\/\/api.w.org\/{rel}","templated":true}]}}