{"id":58444,"date":"2024-09-26T10:14:15","date_gmt":"2024-09-26T08:14:15","guid":{"rendered":"https:\/\/progettotouring.it\/radiotouring104\/?p=58444"},"modified":"2024-09-26T10:14:31","modified_gmt":"2024-09-26T08:14:31","slug":"reggio-marino-e-nucera-presenti-al-seminario-di-formazione-sulladolescenza","status":"publish","type":"post","link":"https:\/\/progettotouring.it\/radiotouring104\/2024\/09\/26\/reggio-marino-e-nucera-presenti-al-seminario-di-formazione-sulladolescenza\/","title":{"rendered":"Reggio: Marino e Nucera presenti al &#8220;Seminario di formazione sull&#8217;adolescenza&#8221;"},"content":{"rendered":"<p style=\"text-align: justify\"><strong>Il consigliere<\/strong> metropolitano <strong>Giuseppe Marin<\/strong>o e l\u2019assessora comunale al Welfare<strong>, Lucia Nucera, hanno preso parte alla tavola rotonda<\/strong> <em>\u201cPotenziare il consultorio SpazioZ a Reggio Calabria: una sfida di corresponsabilit\u00e0 fattiva pubblico-privato\u201d,<\/em> inserita nell\u2019ambito del seminario di formazione sull\u2019adolescenza promosso e organizzato da Agape, Cooperativa sociale Res Omnia e Cooperativa Minotauro.<\/p>\n<p><strong>Nel corso di un\u2019approfondita giornata di studi con esperti,<\/strong> specialisti e professionisti di settore,<strong> conclusa da Marco Rossi-Doria,<\/strong> presidente di Impresa sociale Con i Bambini,<strong> il consigliere Marino ha acceso i riflettori<\/strong> <em>\u00absulle strategie da mettere in campo per coinvolgere gli adolescenti anche nelle attivit\u00e0 pubbliche e sociali\u00bb.<\/em><\/p>\n<p><em>\u00abI nostri ragazzi e le nostre ragazze \u2013 <\/em><strong>ha spiegato<\/strong> <em>&#8211; non devono essere considerati un problema da gestire, ma rappresentano una grande risorsa per la comunit\u00e0. Insieme agli esperti, abbiamo approfondito tutte le problematiche di un universo davvero sconfinato, in particolare per ci\u00f2 che riguarda i rapporti in famiglia, dentro le istituzioni scolastiche ed il ruolo che queste generazioni devono svolgere all\u2019interno della comunit\u00e0 cittadina\u00bb. Nel ringraziare Mario Nasone e Fortunata Denisi, presidente del Centro Agape e della Coop Res Omnia, il consigliere metropolitano Giuseppe Marino ha preso spunto da un\u2019idea di Renzo Piano per descrivere i giovani come \u00abquella categoria che deve mettersi sulle spalle gli adulti per far vedere loro un futuro migliore\u00bb. \u00abIn effetti \u2013<\/em> ha concluso <em>&#8211; osservando ed ascoltando attentamente i nostri ragazzi, le loro idee ed esigenze, scopriamo una ricchezza importante grazie alla quale possiamo immaginare il mondo e la societ\u00e0 del domani in cui, gli adolescenti di oggi, saranno, sicuramente, protagonisti\u00bb.<\/em><\/p>\n<p><strong>Per l\u2019assessora comunale Lucia Nucera,<\/strong> il seminario di Agape, Res Omnia e Cooperativa Minotauro <strong>\u00e8 stato un \u00ab<\/strong>momento di formazione pi\u00f9 che interessante per ognuno di noi\u00bb.<em> \u00abTutto questo<\/em> <strong>\u2013 ha proseguito<\/strong> \u2013<em> arriva a margine del periodo di pandemia durante il quale si sono create tante difficolt\u00e0 per i giovani. Quindi, \u00e8 giunto il momento di riannodare i fili del discorso e ripartire con maggiori slancio e vigore\u00bb.<\/em><\/p>\n<p><em>\u00abDal confronto con gli esperti <strong>&#8211;<\/strong><\/em><strong> ha aggiunto l\u2019assessora<\/strong> \u2013<em> \u00e8 emersa la necessit\u00e0 di mettersi in ascolto dei bisogni dei ragazzi. Una breccia, in questo senso, \u00e8 stata aperta dallo studio di Anna Arcari dell\u2019Unical, cos\u00ec come dalla relazione della psicologa e psicoterapeuta Anna Arcari, dai quali si evince come, da nord a sud, i ragazzi abbiano l&#8217;estremo bisogno di essere ascoltati ed essere riconosciuti quali protagonisti delle loro scelte. Anche gli spazi che andiamo a creare, come i Centri ricreativi, devono essere fatti in collaborazione con gli adolescenti. E\u2019 fondamentale, dunque, che le istituzioni non solo dialoghino, ma progettino insieme a loro per evitare di realizzare semplici e sterili contenitori\u00bb.<\/em><\/p>\n<p><em>\u00abIl Comune di Reggio<\/em> \u2013<strong> ha concluso \u2013<\/strong> <em>segue questo tipo di percorso ed \u00e8 molto avanti nelle dinamiche che porteranno alla realizzazione di spazi che presto saranno a disposizione dei ragazzi ed alle ragazze del territorio. La concertazione ed il dialogo con la comunit\u00e0 sono di vitale importanza e stanno alla base del nuovo Piano di zona che, a breve, ridisegner\u00e0 tutto il Welfare della citt\u00e0 di Reggio Calabria\u00bb.<\/em><\/p>\n","protected":false},"excerpt":{"rendered":"<p>Il consigliere metropolitano Giuseppe Marino e l\u2019assessora comunale al Welfare, Lucia Nucera, hanno preso parte alla tavola rotonda \u201cPotenziare il consultorio SpazioZ a Reggio Calabria: una sfida di corresponsabilit\u00e0 fattiva&hellip;<\/p>\n","protected":false},"author":12,"featured_media":58445,"comment_status":"closed","ping_status":"open","sticky":false,"template":"","format":"standard","meta":{"_jetpack_memberships_contains_paid_content":false,"footnotes":"","jetpack_publicize_message":"","jetpack_publicize_feature_enabled":true,"jetpack_social_post_already_shared":false,"jetpack_social_options":{"image_generator_settings":{"template":"highway","default_image_id":0,"font":"","enabled":false},"version":2}},"categories":[921,196,140],"tags":[6621,3631,16884,35735,35736],"class_list":["post-58444","post","type-post","status-publish","format-standard","has-post-thumbnail","hentry","category-home","category-news","category-reggio-calabria","tag-agape","tag-giuseppe-marino","tag-lucia-anita-nucera","tag-seminario-formazione-sulladolescenza","tag-tavola-rotonda-potenziare-il-consultorio-spazioz-a-reggio-calabria"],"yoast_head":"<!-- This site is optimized with the Yoast SEO plugin v27.2 - https:\/\/yoast.com\/product\/yoast-seo-wordpress\/ -->\n<title>Reggio: Marino e Nucera al Seminario formazione sull&#039;adolescenza<\/title>\n<meta name=\"description\" content=\"Il Consigliere e l&#039;Assessora comunale hanno preso parte alla tavola rotonda, promosso e organizzato da Agape,\" \/>\n<meta name=\"robots\" content=\"index, follow, max-snippet:-1, max-image-preview:large, max-video-preview:-1\" \/>\n<link rel=\"canonical\" href=\"https:\/\/progettotouring.it\/radiotouring104\/2024\/09\/26\/reggio-marino-e-nucera-presenti-al-seminario-di-formazione-sulladolescenza\/\" \/>\n<meta property=\"og:locale\" content=\"it_IT\" \/>\n<meta property=\"og:type\" content=\"article\" \/>\n<meta property=\"og:title\" content=\"Reggio: Marino e Nucera al Seminario formazione sull&#039;adolescenza\" \/>\n<meta property=\"og:description\" content=\"Il Consigliere e l&#039;Assessora comunale hanno preso parte alla tavola rotonda, promosso e organizzato da Agape,\" \/>\n<meta property=\"og:url\" content=\"https:\/\/progettotouring.it\/radiotouring104\/2024\/09\/26\/reggio-marino-e-nucera-presenti-al-seminario-di-formazione-sulladolescenza\/\" \/>\n<meta property=\"og:site_name\" content=\"Radio Touring 104\" \/>\n<meta property=\"article:published_time\" content=\"2024-09-26T08:14:15+00:00\" \/>\n<meta property=\"article:modified_time\" content=\"2024-09-26T08:14:31+00:00\" \/>\n<meta property=\"og:image\" content=\"https:\/\/progettotouring.it\/radiotouring104\/wp-content\/uploads\/sites\/6\/2024\/09\/marino-nucera-tavola-rotonda-agape.jpeg\" \/>\n\t<meta property=\"og:image:width\" content=\"1600\" \/>\n\t<meta property=\"og:image:height\" content=\"1200\" \/>\n\t<meta property=\"og:image:type\" content=\"image\/jpeg\" \/>\n<meta name=\"author\" content=\"Sebastiano Plutino\" \/>\n<meta name=\"twitter:card\" content=\"summary_large_image\" \/>\n<meta name=\"twitter:label1\" content=\"Scritto da\" \/>\n\t<meta name=\"twitter:data1\" content=\"Sebastiano Plutino\" \/>\n\t<meta name=\"twitter:label2\" content=\"Tempo di lettura stimato\" \/>\n\t<meta name=\"twitter:data2\" content=\"3 minuti\" \/>\n<script type=\"application\/ld+json\" class=\"yoast-schema-graph\">{\"@context\":\"https:\/\/schema.org\",\"@graph\":[{\"@type\":\"Article\",\"@id\":\"https:\/\/progettotouring.it\/radiotouring104\/2024\/09\/26\/reggio-marino-e-nucera-presenti-al-seminario-di-formazione-sulladolescenza\/#article\",\"isPartOf\":{\"@id\":\"https:\/\/progettotouring.it\/radiotouring104\/2024\/09\/26\/reggio-marino-e-nucera-presenti-al-seminario-di-formazione-sulladolescenza\/\"},\"author\":{\"name\":\"Sebastiano Plutino\",\"@id\":\"https:\/\/progettotouring.it\/radiotouring104\/#\/schema\/person\/78613917f1851f041f7483f5af1d422e\"},\"headline\":\"Reggio: Marino e Nucera presenti al &#8220;Seminario di formazione sull&#8217;adolescenza&#8221;\",\"datePublished\":\"2024-09-26T08:14:15+00:00\",\"dateModified\":\"2024-09-26T08:14:31+00:00\",\"mainEntityOfPage\":{\"@id\":\"https:\/\/progettotouring.it\/radiotouring104\/2024\/09\/26\/reggio-marino-e-nucera-presenti-al-seminario-di-formazione-sulladolescenza\/\"},\"wordCount\":515,\"publisher\":{\"@id\":\"https:\/\/progettotouring.it\/radiotouring104\/#organization\"},\"image\":{\"@id\":\"https:\/\/progettotouring.it\/radiotouring104\/2024\/09\/26\/reggio-marino-e-nucera-presenti-al-seminario-di-formazione-sulladolescenza\/#primaryimage\"},\"thumbnailUrl\":\"https:\/\/progettotouring.it\/radiotouring104\/wp-content\/uploads\/sites\/6\/2024\/09\/marino-nucera-tavola-rotonda-agape.jpeg\",\"keywords\":[\"Agape\",\"Giuseppe Marino\",\"Lucia Anita Nucera\",\"Seminario formazione sull'adolescenza\",\"tavola rotonda \u201cPotenziare il consultorio SpazioZ a Reggio Calabria\"],\"articleSection\":[\"Home\",\"News\",\"Reggio Calabria\"],\"inLanguage\":\"it-IT\"},{\"@type\":\"WebPage\",\"@id\":\"https:\/\/progettotouring.it\/radiotouring104\/2024\/09\/26\/reggio-marino-e-nucera-presenti-al-seminario-di-formazione-sulladolescenza\/\",\"url\":\"https:\/\/progettotouring.it\/radiotouring104\/2024\/09\/26\/reggio-marino-e-nucera-presenti-al-seminario-di-formazione-sulladolescenza\/\",\"name\":\"Reggio: Marino e Nucera al Seminario formazione sull'adolescenza\",\"isPartOf\":{\"@id\":\"https:\/\/progettotouring.it\/radiotouring104\/#website\"},\"primaryImageOfPage\":{\"@id\":\"https:\/\/progettotouring.it\/radiotouring104\/2024\/09\/26\/reggio-marino-e-nucera-presenti-al-seminario-di-formazione-sulladolescenza\/#primaryimage\"},\"image\":{\"@id\":\"https:\/\/progettotouring.it\/radiotouring104\/2024\/09\/26\/reggio-marino-e-nucera-presenti-al-seminario-di-formazione-sulladolescenza\/#primaryimage\"},\"thumbnailUrl\":\"https:\/\/progettotouring.it\/radiotouring104\/wp-content\/uploads\/sites\/6\/2024\/09\/marino-nucera-tavola-rotonda-agape.jpeg\",\"datePublished\":\"2024-09-26T08:14:15+00:00\",\"dateModified\":\"2024-09-26T08:14:31+00:00\",\"description\":\"Il Consigliere e l'Assessora comunale hanno preso parte alla tavola rotonda, promosso e organizzato da Agape,\",\"breadcrumb\":{\"@id\":\"https:\/\/progettotouring.it\/radiotouring104\/2024\/09\/26\/reggio-marino-e-nucera-presenti-al-seminario-di-formazione-sulladolescenza\/#breadcrumb\"},\"inLanguage\":\"it-IT\",\"potentialAction\":[{\"@type\":\"ReadAction\",\"target\":[\"https:\/\/progettotouring.it\/radiotouring104\/2024\/09\/26\/reggio-marino-e-nucera-presenti-al-seminario-di-formazione-sulladolescenza\/\"]}]},{\"@type\":\"ImageObject\",\"inLanguage\":\"it-IT\",\"@id\":\"https:\/\/progettotouring.it\/radiotouring104\/2024\/09\/26\/reggio-marino-e-nucera-presenti-al-seminario-di-formazione-sulladolescenza\/#primaryimage\",\"url\":\"https:\/\/progettotouring.it\/radiotouring104\/wp-content\/uploads\/sites\/6\/2024\/09\/marino-nucera-tavola-rotonda-agape.jpeg\",\"contentUrl\":\"https:\/\/progettotouring.it\/radiotouring104\/wp-content\/uploads\/sites\/6\/2024\/09\/marino-nucera-tavola-rotonda-agape.jpeg\",\"width\":1600,\"height\":1200},{\"@type\":\"BreadcrumbList\",\"@id\":\"https:\/\/progettotouring.it\/radiotouring104\/2024\/09\/26\/reggio-marino-e-nucera-presenti-al-seminario-di-formazione-sulladolescenza\/#breadcrumb\",\"itemListElement\":[{\"@type\":\"ListItem\",\"position\":1,\"name\":\"Home\",\"item\":\"https:\/\/progettotouring.it\/radiotouring104\/\"},{\"@type\":\"ListItem\",\"position\":2,\"name\":\"Reggio: Marino e Nucera presenti al &#8220;Seminario di formazione sull&#8217;adolescenza&#8221;\"}]},{\"@type\":\"WebSite\",\"@id\":\"https:\/\/progettotouring.it\/radiotouring104\/#website\",\"url\":\"https:\/\/progettotouring.it\/radiotouring104\/\",\"name\":\"Radio Touring 104\",\"description\":\"La prima radio Reggina\",\"publisher\":{\"@id\":\"https:\/\/progettotouring.it\/radiotouring104\/#organization\"},\"potentialAction\":[{\"@type\":\"SearchAction\",\"target\":{\"@type\":\"EntryPoint\",\"urlTemplate\":\"https:\/\/progettotouring.it\/radiotouring104\/?s={search_term_string}\"},\"query-input\":{\"@type\":\"PropertyValueSpecification\",\"valueRequired\":true,\"valueName\":\"search_term_string\"}}],\"inLanguage\":\"it-IT\"},{\"@type\":\"Organization\",\"@id\":\"https:\/\/progettotouring.it\/radiotouring104\/#organization\",\"name\":\"Radio Touring 104\",\"url\":\"https:\/\/progettotouring.it\/radiotouring104\/\",\"logo\":{\"@type\":\"ImageObject\",\"inLanguage\":\"it-IT\",\"@id\":\"https:\/\/progettotouring.it\/radiotouring104\/#\/schema\/logo\/image\/\",\"url\":\"https:\/\/progettotouring.it\/radiotouring104\/wp-content\/uploads\/sites\/6\/2022\/02\/cropped-logo-radio-touring-104.png\",\"contentUrl\":\"https:\/\/progettotouring.it\/radiotouring104\/wp-content\/uploads\/sites\/6\/2022\/02\/cropped-logo-radio-touring-104.png\",\"width\":377,\"height\":182,\"caption\":\"Radio Touring 104\"},\"image\":{\"@id\":\"https:\/\/progettotouring.it\/radiotouring104\/#\/schema\/logo\/image\/\"}},{\"@type\":\"Person\",\"@id\":\"https:\/\/progettotouring.it\/radiotouring104\/#\/schema\/person\/78613917f1851f041f7483f5af1d422e\",\"name\":\"Sebastiano Plutino\",\"image\":{\"@type\":\"ImageObject\",\"inLanguage\":\"it-IT\",\"@id\":\"https:\/\/secure.gravatar.com\/avatar\/0546ffaa9b79224faf9f2a156b67a529ae861d3287c66c1d8ccfdf909bcba78d?s=96&d=mm&r=g\",\"url\":\"https:\/\/secure.gravatar.com\/avatar\/0546ffaa9b79224faf9f2a156b67a529ae861d3287c66c1d8ccfdf909bcba78d?s=96&d=mm&r=g\",\"contentUrl\":\"https:\/\/secure.gravatar.com\/avatar\/0546ffaa9b79224faf9f2a156b67a529ae861d3287c66c1d8ccfdf909bcba78d?s=96&d=mm&r=g\",\"caption\":\"Sebastiano Plutino\"},\"url\":\"https:\/\/progettotouring.it\/radiotouring104\/author\/sebastiano\/\"}]}<\/script>\n<!-- \/ Yoast SEO plugin. -->","yoast_head_json":{"title":"Reggio: Marino e Nucera al Seminario formazione sull'adolescenza","description":"Il Consigliere e l'Assessora comunale hanno preso parte alla tavola rotonda, promosso e organizzato da Agape,","robots":{"index":"index","follow":"follow","max-snippet":"max-snippet:-1","max-image-preview":"max-image-preview:large","max-video-preview":"max-video-preview:-1"},"canonical":"https:\/\/progettotouring.it\/radiotouring104\/2024\/09\/26\/reggio-marino-e-nucera-presenti-al-seminario-di-formazione-sulladolescenza\/","og_locale":"it_IT","og_type":"article","og_title":"Reggio: Marino e Nucera al Seminario formazione sull'adolescenza","og_description":"Il Consigliere e l'Assessora comunale hanno preso parte alla tavola rotonda, promosso e organizzato da Agape,","og_url":"https:\/\/progettotouring.it\/radiotouring104\/2024\/09\/26\/reggio-marino-e-nucera-presenti-al-seminario-di-formazione-sulladolescenza\/","og_site_name":"Radio Touring 104","article_published_time":"2024-09-26T08:14:15+00:00","article_modified_time":"2024-09-26T08:14:31+00:00","og_image":[{"width":1600,"height":1200,"url":"https:\/\/progettotouring.it\/radiotouring104\/wp-content\/uploads\/sites\/6\/2024\/09\/marino-nucera-tavola-rotonda-agape.jpeg","type":"image\/jpeg"}],"author":"Sebastiano Plutino","twitter_card":"summary_large_image","twitter_misc":{"Scritto da":"Sebastiano Plutino","Tempo di lettura stimato":"3 minuti"},"schema":{"@context":"https:\/\/schema.org","@graph":[{"@type":"Article","@id":"https:\/\/progettotouring.it\/radiotouring104\/2024\/09\/26\/reggio-marino-e-nucera-presenti-al-seminario-di-formazione-sulladolescenza\/#article","isPartOf":{"@id":"https:\/\/progettotouring.it\/radiotouring104\/2024\/09\/26\/reggio-marino-e-nucera-presenti-al-seminario-di-formazione-sulladolescenza\/"},"author":{"name":"Sebastiano Plutino","@id":"https:\/\/progettotouring.it\/radiotouring104\/#\/schema\/person\/78613917f1851f041f7483f5af1d422e"},"headline":"Reggio: Marino e Nucera presenti al &#8220;Seminario di formazione sull&#8217;adolescenza&#8221;","datePublished":"2024-09-26T08:14:15+00:00","dateModified":"2024-09-26T08:14:31+00:00","mainEntityOfPage":{"@id":"https:\/\/progettotouring.it\/radiotouring104\/2024\/09\/26\/reggio-marino-e-nucera-presenti-al-seminario-di-formazione-sulladolescenza\/"},"wordCount":515,"publisher":{"@id":"https:\/\/progettotouring.it\/radiotouring104\/#organization"},"image":{"@id":"https:\/\/progettotouring.it\/radiotouring104\/2024\/09\/26\/reggio-marino-e-nucera-presenti-al-seminario-di-formazione-sulladolescenza\/#primaryimage"},"thumbnailUrl":"https:\/\/progettotouring.it\/radiotouring104\/wp-content\/uploads\/sites\/6\/2024\/09\/marino-nucera-tavola-rotonda-agape.jpeg","keywords":["Agape","Giuseppe Marino","Lucia Anita Nucera","Seminario formazione sull'adolescenza","tavola rotonda \u201cPotenziare il consultorio SpazioZ a Reggio Calabria"],"articleSection":["Home","News","Reggio Calabria"],"inLanguage":"it-IT"},{"@type":"WebPage","@id":"https:\/\/progettotouring.it\/radiotouring104\/2024\/09\/26\/reggio-marino-e-nucera-presenti-al-seminario-di-formazione-sulladolescenza\/","url":"https:\/\/progettotouring.it\/radiotouring104\/2024\/09\/26\/reggio-marino-e-nucera-presenti-al-seminario-di-formazione-sulladolescenza\/","name":"Reggio: Marino e Nucera al Seminario formazione sull'adolescenza","isPartOf":{"@id":"https:\/\/progettotouring.it\/radiotouring104\/#website"},"primaryImageOfPage":{"@id":"https:\/\/progettotouring.it\/radiotouring104\/2024\/09\/26\/reggio-marino-e-nucera-presenti-al-seminario-di-formazione-sulladolescenza\/#primaryimage"},"image":{"@id":"https:\/\/progettotouring.it\/radiotouring104\/2024\/09\/26\/reggio-marino-e-nucera-presenti-al-seminario-di-formazione-sulladolescenza\/#primaryimage"},"thumbnailUrl":"https:\/\/progettotouring.it\/radiotouring104\/wp-content\/uploads\/sites\/6\/2024\/09\/marino-nucera-tavola-rotonda-agape.jpeg","datePublished":"2024-09-26T08:14:15+00:00","dateModified":"2024-09-26T08:14:31+00:00","description":"Il Consigliere e l'Assessora comunale hanno preso parte alla tavola rotonda, promosso e organizzato da Agape,","breadcrumb":{"@id":"https:\/\/progettotouring.it\/radiotouring104\/2024\/09\/26\/reggio-marino-e-nucera-presenti-al-seminario-di-formazione-sulladolescenza\/#breadcrumb"},"inLanguage":"it-IT","potentialAction":[{"@type":"ReadAction","target":["https:\/\/progettotouring.it\/radiotouring104\/2024\/09\/26\/reggio-marino-e-nucera-presenti-al-seminario-di-formazione-sulladolescenza\/"]}]},{"@type":"ImageObject","inLanguage":"it-IT","@id":"https:\/\/progettotouring.it\/radiotouring104\/2024\/09\/26\/reggio-marino-e-nucera-presenti-al-seminario-di-formazione-sulladolescenza\/#primaryimage","url":"https:\/\/progettotouring.it\/radiotouring104\/wp-content\/uploads\/sites\/6\/2024\/09\/marino-nucera-tavola-rotonda-agape.jpeg","contentUrl":"https:\/\/progettotouring.it\/radiotouring104\/wp-content\/uploads\/sites\/6\/2024\/09\/marino-nucera-tavola-rotonda-agape.jpeg","width":1600,"height":1200},{"@type":"BreadcrumbList","@id":"https:\/\/progettotouring.it\/radiotouring104\/2024\/09\/26\/reggio-marino-e-nucera-presenti-al-seminario-di-formazione-sulladolescenza\/#breadcrumb","itemListElement":[{"@type":"ListItem","position":1,"name":"Home","item":"https:\/\/progettotouring.it\/radiotouring104\/"},{"@type":"ListItem","position":2,"name":"Reggio: Marino e Nucera presenti al &#8220;Seminario di formazione sull&#8217;adolescenza&#8221;"}]},{"@type":"WebSite","@id":"https:\/\/progettotouring.it\/radiotouring104\/#website","url":"https:\/\/progettotouring.it\/radiotouring104\/","name":"Radio Touring 104","description":"La prima radio Reggina","publisher":{"@id":"https:\/\/progettotouring.it\/radiotouring104\/#organization"},"potentialAction":[{"@type":"SearchAction","target":{"@type":"EntryPoint","urlTemplate":"https:\/\/progettotouring.it\/radiotouring104\/?s={search_term_string}"},"query-input":{"@type":"PropertyValueSpecification","valueRequired":true,"valueName":"search_term_string"}}],"inLanguage":"it-IT"},{"@type":"Organization","@id":"https:\/\/progettotouring.it\/radiotouring104\/#organization","name":"Radio Touring 104","url":"https:\/\/progettotouring.it\/radiotouring104\/","logo":{"@type":"ImageObject","inLanguage":"it-IT","@id":"https:\/\/progettotouring.it\/radiotouring104\/#\/schema\/logo\/image\/","url":"https:\/\/progettotouring.it\/radiotouring104\/wp-content\/uploads\/sites\/6\/2022\/02\/cropped-logo-radio-touring-104.png","contentUrl":"https:\/\/progettotouring.it\/radiotouring104\/wp-content\/uploads\/sites\/6\/2022\/02\/cropped-logo-radio-touring-104.png","width":377,"height":182,"caption":"Radio Touring 104"},"image":{"@id":"https:\/\/progettotouring.it\/radiotouring104\/#\/schema\/logo\/image\/"}},{"@type":"Person","@id":"https:\/\/progettotouring.it\/radiotouring104\/#\/schema\/person\/78613917f1851f041f7483f5af1d422e","name":"Sebastiano Plutino","image":{"@type":"ImageObject","inLanguage":"it-IT","@id":"https:\/\/secure.gravatar.com\/avatar\/0546ffaa9b79224faf9f2a156b67a529ae861d3287c66c1d8ccfdf909bcba78d?s=96&d=mm&r=g","url":"https:\/\/secure.gravatar.com\/avatar\/0546ffaa9b79224faf9f2a156b67a529ae861d3287c66c1d8ccfdf909bcba78d?s=96&d=mm&r=g","contentUrl":"https:\/\/secure.gravatar.com\/avatar\/0546ffaa9b79224faf9f2a156b67a529ae861d3287c66c1d8ccfdf909bcba78d?s=96&d=mm&r=g","caption":"Sebastiano Plutino"},"url":"https:\/\/progettotouring.it\/radiotouring104\/author\/sebastiano\/"}]}},"jetpack_publicize_connections":[],"jetpack_featured_media_url":"https:\/\/progettotouring.it\/radiotouring104\/wp-content\/uploads\/sites\/6\/2024\/09\/marino-nucera-tavola-rotonda-agape.jpeg","jetpack_sharing_enabled":true,"_links":{"self":[{"href":"https:\/\/progettotouring.it\/radiotouring104\/wp-json\/wp\/v2\/posts\/58444","targetHints":{"allow":["GET"]}}],"collection":[{"href":"https:\/\/progettotouring.it\/radiotouring104\/wp-json\/wp\/v2\/posts"}],"about":[{"href":"https:\/\/progettotouring.it\/radiotouring104\/wp-json\/wp\/v2\/types\/post"}],"author":[{"embeddable":true,"href":"https:\/\/progettotouring.it\/radiotouring104\/wp-json\/wp\/v2\/users\/12"}],"replies":[{"embeddable":true,"href":"https:\/\/progettotouring.it\/radiotouring104\/wp-json\/wp\/v2\/comments?post=58444"}],"version-history":[{"count":2,"href":"https:\/\/progettotouring.it\/radiotouring104\/wp-json\/wp\/v2\/posts\/58444\/revisions"}],"predecessor-version":[{"id":58447,"href":"https:\/\/progettotouring.it\/radiotouring104\/wp-json\/wp\/v2\/posts\/58444\/revisions\/58447"}],"wp:featuredmedia":[{"embeddable":true,"href":"https:\/\/progettotouring.it\/radiotouring104\/wp-json\/wp\/v2\/media\/58445"}],"wp:attachment":[{"href":"https:\/\/progettotouring.it\/radiotouring104\/wp-json\/wp\/v2\/media?parent=58444"}],"wp:term":[{"taxonomy":"category","embeddable":true,"href":"https:\/\/progettotouring.it\/radiotouring104\/wp-json\/wp\/v2\/categories?post=58444"},{"taxonomy":"post_tag","embeddable":true,"href":"https:\/\/progettotouring.it\/radiotouring104\/wp-json\/wp\/v2\/tags?post=58444"}],"curies":[{"name":"wp","href":"https:\/\/api.w.org\/{rel}","templated":true}]}}