{"id":58470,"date":"2024-09-26T11:43:26","date_gmt":"2024-09-26T09:43:26","guid":{"rendered":"https:\/\/progettotouring.it\/radiotouring104\/?p=58470"},"modified":"2024-09-26T11:43:26","modified_gmt":"2024-09-26T09:43:26","slug":"il-rotary-club-rc-presente-alludienza-generale-del-papa","status":"publish","type":"post","link":"https:\/\/progettotouring.it\/radiotouring104\/2024\/09\/26\/il-rotary-club-rc-presente-alludienza-generale-del-papa\/","title":{"rendered":"Il Rotary Club Rc presente all&#8217;udienza generale del Papa"},"content":{"rendered":"<p style=\"text-align: justify\"><strong>Il Rotary Club Reggio Calabria ha partecipato<\/strong> ieri mattina <strong>all\u2019udienza generale di Papa Francesco<\/strong> in Vaticano.<\/p>\n<p style=\"text-align: justify\"><strong>La delegazione,<\/strong> di cui hanno fatto parte autorit\u00e0 rotariane tra cui il governatore del Distretto 2102 <strong>Maria Pia Porcino<\/strong> e il past governatore del Distretto 2100 Alfredo Foc\u00e0, <strong>\u00e8 stata guidata dal presidente Giampaolo Latella.<\/strong><\/p>\n<p style=\"text-align: justify\">Per la prima volta il Rotary reggino ha preso parte al <em>tradizionale incontro del mercoled\u00ec con il Santo Padre, in un\u2019atmosfera di festa tra i pellegrini provenienti da tutto il mondo. \u201cTenevamo molto a ribadire il nostro profondo rapporto di fede e di vicinanza alla Chiesa e ai suoi valori \u2013<\/em> <strong>afferma il presidente Latella<\/strong> &#8211;<em>. L\u2019apprensione della vigilia, legata alle non perfette condizioni di salute del Papa che avevano portato alla cancellazione delle udienze dei giorni precedenti, si \u00e8 sciolta nella felicit\u00e0 di tutti noi quando, poco prima dell\u2019arrivo del Pontefice, tra le delegazioni presenti in piazza \u00e8 stata salutata anche la nostra. Sentire risuonare il nome del nostro club e della citt\u00e0 di Reggio Calabria nella solennit\u00e0 di San Pietro ci ha riempiti di emozione. La riflessione del Santo Padre sui rischi della superstizione e, per certi versi, della tecnologia ha toccato un tema sul quale \u00e8 necessario soffermarsi, anche al fine di promuovere attivit\u00e0 di service\u00a0rivolte ai giovani. Ma ci preme pi\u00f9 di tutto sottolineare<\/em> \u2013 <strong>conclude Giampaolo Latella<\/strong> \u2013<em> l\u2019idem sentire\u00a0che ci unisce alla Chiesa nell\u2019impegno per la pace e per il servizio agli ultimi\u201d.<\/em><\/p>\n","protected":false},"excerpt":{"rendered":"<p>Il Rotary Club Reggio Calabria ha partecipato ieri mattina all\u2019udienza generale di Papa Francesco in Vaticano. La delegazione, di cui hanno fatto parte autorit\u00e0 rotariane tra cui il governatore del&hellip;<\/p>\n","protected":false},"author":12,"featured_media":58471,"comment_status":"closed","ping_status":"open","sticky":false,"template":"","format":"standard","meta":{"_jetpack_memberships_contains_paid_content":false,"footnotes":"","jetpack_publicize_message":"","jetpack_publicize_feature_enabled":true,"jetpack_social_post_already_shared":false,"jetpack_social_options":{"image_generator_settings":{"template":"highway","default_image_id":0,"font":"","enabled":false},"version":2}},"categories":[921,196,140],"tags":[13321,35746,35745,35744,5045],"class_list":["post-58470","post","type-post","status-publish","format-standard","has-post-thumbnail","hentry","category-home","category-news","category-reggio-calabria","tag-papa-francesco","tag-presidente-giampaolo-latella","tag-rotary-club-rc","tag-udienza-generale-del-papa","tag-vaticano"],"yoast_head":"<!-- This site is optimized with the Yoast SEO plugin v27.2 - https:\/\/yoast.com\/product\/yoast-seo-wordpress\/ -->\n<title>Il Rotary Club Rc presente all&#039;udienza generale del Papa<\/title>\n<meta name=\"description\" content=\"Il Rotary Club Reggio Calabria ha partecipato ieri mattina all\u2019udienza generale di Papa Francesco in Vaticano\" \/>\n<meta name=\"robots\" content=\"index, follow, max-snippet:-1, max-image-preview:large, max-video-preview:-1\" \/>\n<link rel=\"canonical\" href=\"https:\/\/progettotouring.it\/radiotouring104\/2024\/09\/26\/il-rotary-club-rc-presente-alludienza-generale-del-papa\/\" \/>\n<meta property=\"og:locale\" content=\"it_IT\" \/>\n<meta property=\"og:type\" content=\"article\" \/>\n<meta property=\"og:title\" content=\"Il Rotary Club Rc presente all&#039;udienza generale del Papa\" \/>\n<meta property=\"og:description\" content=\"Il Rotary Club Reggio Calabria ha partecipato ieri mattina all\u2019udienza generale di Papa Francesco in Vaticano\" \/>\n<meta property=\"og:url\" content=\"https:\/\/progettotouring.it\/radiotouring104\/2024\/09\/26\/il-rotary-club-rc-presente-alludienza-generale-del-papa\/\" \/>\n<meta property=\"og:site_name\" content=\"Radio Touring 104\" \/>\n<meta property=\"article:published_time\" content=\"2024-09-26T09:43:26+00:00\" \/>\n<meta property=\"og:image\" content=\"https:\/\/progettotouring.it\/radiotouring104\/wp-content\/uploads\/sites\/6\/2024\/09\/Rotary-RC-Vaticano.jpg\" \/>\n\t<meta property=\"og:image:width\" content=\"2048\" \/>\n\t<meta property=\"og:image:height\" content=\"1536\" \/>\n\t<meta property=\"og:image:type\" content=\"image\/jpeg\" \/>\n<meta name=\"author\" content=\"Sebastiano Plutino\" \/>\n<meta name=\"twitter:card\" content=\"summary_large_image\" \/>\n<meta name=\"twitter:label1\" content=\"Scritto da\" \/>\n\t<meta name=\"twitter:data1\" content=\"Sebastiano Plutino\" \/>\n\t<meta name=\"twitter:label2\" content=\"Tempo di lettura stimato\" \/>\n\t<meta name=\"twitter:data2\" content=\"1 minuto\" \/>\n<script type=\"application\/ld+json\" class=\"yoast-schema-graph\">{\"@context\":\"https:\/\/schema.org\",\"@graph\":[{\"@type\":\"Article\",\"@id\":\"https:\/\/progettotouring.it\/radiotouring104\/2024\/09\/26\/il-rotary-club-rc-presente-alludienza-generale-del-papa\/#article\",\"isPartOf\":{\"@id\":\"https:\/\/progettotouring.it\/radiotouring104\/2024\/09\/26\/il-rotary-club-rc-presente-alludienza-generale-del-papa\/\"},\"author\":{\"name\":\"Sebastiano Plutino\",\"@id\":\"https:\/\/progettotouring.it\/radiotouring104\/#\/schema\/person\/78613917f1851f041f7483f5af1d422e\"},\"headline\":\"Il Rotary Club Rc presente all&#8217;udienza generale del Papa\",\"datePublished\":\"2024-09-26T09:43:26+00:00\",\"mainEntityOfPage\":{\"@id\":\"https:\/\/progettotouring.it\/radiotouring104\/2024\/09\/26\/il-rotary-club-rc-presente-alludienza-generale-del-papa\/\"},\"wordCount\":248,\"publisher\":{\"@id\":\"https:\/\/progettotouring.it\/radiotouring104\/#organization\"},\"image\":{\"@id\":\"https:\/\/progettotouring.it\/radiotouring104\/2024\/09\/26\/il-rotary-club-rc-presente-alludienza-generale-del-papa\/#primaryimage\"},\"thumbnailUrl\":\"https:\/\/progettotouring.it\/radiotouring104\/wp-content\/uploads\/sites\/6\/2024\/09\/Rotary-RC-Vaticano.jpg\",\"keywords\":[\"Papa Francesco\",\"presidente Giampaolo Latella.\",\"Rotary Club Rc\",\"udienza generale del Papa\",\"vaticano\"],\"articleSection\":[\"Home\",\"News\",\"Reggio Calabria\"],\"inLanguage\":\"it-IT\"},{\"@type\":\"WebPage\",\"@id\":\"https:\/\/progettotouring.it\/radiotouring104\/2024\/09\/26\/il-rotary-club-rc-presente-alludienza-generale-del-papa\/\",\"url\":\"https:\/\/progettotouring.it\/radiotouring104\/2024\/09\/26\/il-rotary-club-rc-presente-alludienza-generale-del-papa\/\",\"name\":\"Il Rotary Club Rc presente all'udienza generale del Papa\",\"isPartOf\":{\"@id\":\"https:\/\/progettotouring.it\/radiotouring104\/#website\"},\"primaryImageOfPage\":{\"@id\":\"https:\/\/progettotouring.it\/radiotouring104\/2024\/09\/26\/il-rotary-club-rc-presente-alludienza-generale-del-papa\/#primaryimage\"},\"image\":{\"@id\":\"https:\/\/progettotouring.it\/radiotouring104\/2024\/09\/26\/il-rotary-club-rc-presente-alludienza-generale-del-papa\/#primaryimage\"},\"thumbnailUrl\":\"https:\/\/progettotouring.it\/radiotouring104\/wp-content\/uploads\/sites\/6\/2024\/09\/Rotary-RC-Vaticano.jpg\",\"datePublished\":\"2024-09-26T09:43:26+00:00\",\"description\":\"Il Rotary Club Reggio Calabria ha partecipato ieri mattina all\u2019udienza generale di Papa Francesco in Vaticano\",\"breadcrumb\":{\"@id\":\"https:\/\/progettotouring.it\/radiotouring104\/2024\/09\/26\/il-rotary-club-rc-presente-alludienza-generale-del-papa\/#breadcrumb\"},\"inLanguage\":\"it-IT\",\"potentialAction\":[{\"@type\":\"ReadAction\",\"target\":[\"https:\/\/progettotouring.it\/radiotouring104\/2024\/09\/26\/il-rotary-club-rc-presente-alludienza-generale-del-papa\/\"]}]},{\"@type\":\"ImageObject\",\"inLanguage\":\"it-IT\",\"@id\":\"https:\/\/progettotouring.it\/radiotouring104\/2024\/09\/26\/il-rotary-club-rc-presente-alludienza-generale-del-papa\/#primaryimage\",\"url\":\"https:\/\/progettotouring.it\/radiotouring104\/wp-content\/uploads\/sites\/6\/2024\/09\/Rotary-RC-Vaticano.jpg\",\"contentUrl\":\"https:\/\/progettotouring.it\/radiotouring104\/wp-content\/uploads\/sites\/6\/2024\/09\/Rotary-RC-Vaticano.jpg\",\"width\":2048,\"height\":1536},{\"@type\":\"BreadcrumbList\",\"@id\":\"https:\/\/progettotouring.it\/radiotouring104\/2024\/09\/26\/il-rotary-club-rc-presente-alludienza-generale-del-papa\/#breadcrumb\",\"itemListElement\":[{\"@type\":\"ListItem\",\"position\":1,\"name\":\"Home\",\"item\":\"https:\/\/progettotouring.it\/radiotouring104\/\"},{\"@type\":\"ListItem\",\"position\":2,\"name\":\"Il Rotary Club Rc presente all&#8217;udienza generale del Papa\"}]},{\"@type\":\"WebSite\",\"@id\":\"https:\/\/progettotouring.it\/radiotouring104\/#website\",\"url\":\"https:\/\/progettotouring.it\/radiotouring104\/\",\"name\":\"Radio Touring 104\",\"description\":\"La prima radio Reggina\",\"publisher\":{\"@id\":\"https:\/\/progettotouring.it\/radiotouring104\/#organization\"},\"potentialAction\":[{\"@type\":\"SearchAction\",\"target\":{\"@type\":\"EntryPoint\",\"urlTemplate\":\"https:\/\/progettotouring.it\/radiotouring104\/?s={search_term_string}\"},\"query-input\":{\"@type\":\"PropertyValueSpecification\",\"valueRequired\":true,\"valueName\":\"search_term_string\"}}],\"inLanguage\":\"it-IT\"},{\"@type\":\"Organization\",\"@id\":\"https:\/\/progettotouring.it\/radiotouring104\/#organization\",\"name\":\"Radio Touring 104\",\"url\":\"https:\/\/progettotouring.it\/radiotouring104\/\",\"logo\":{\"@type\":\"ImageObject\",\"inLanguage\":\"it-IT\",\"@id\":\"https:\/\/progettotouring.it\/radiotouring104\/#\/schema\/logo\/image\/\",\"url\":\"https:\/\/progettotouring.it\/radiotouring104\/wp-content\/uploads\/sites\/6\/2022\/02\/cropped-logo-radio-touring-104.png\",\"contentUrl\":\"https:\/\/progettotouring.it\/radiotouring104\/wp-content\/uploads\/sites\/6\/2022\/02\/cropped-logo-radio-touring-104.png\",\"width\":377,\"height\":182,\"caption\":\"Radio Touring 104\"},\"image\":{\"@id\":\"https:\/\/progettotouring.it\/radiotouring104\/#\/schema\/logo\/image\/\"}},{\"@type\":\"Person\",\"@id\":\"https:\/\/progettotouring.it\/radiotouring104\/#\/schema\/person\/78613917f1851f041f7483f5af1d422e\",\"name\":\"Sebastiano Plutino\",\"image\":{\"@type\":\"ImageObject\",\"inLanguage\":\"it-IT\",\"@id\":\"https:\/\/secure.gravatar.com\/avatar\/0546ffaa9b79224faf9f2a156b67a529ae861d3287c66c1d8ccfdf909bcba78d?s=96&d=mm&r=g\",\"url\":\"https:\/\/secure.gravatar.com\/avatar\/0546ffaa9b79224faf9f2a156b67a529ae861d3287c66c1d8ccfdf909bcba78d?s=96&d=mm&r=g\",\"contentUrl\":\"https:\/\/secure.gravatar.com\/avatar\/0546ffaa9b79224faf9f2a156b67a529ae861d3287c66c1d8ccfdf909bcba78d?s=96&d=mm&r=g\",\"caption\":\"Sebastiano Plutino\"},\"url\":\"https:\/\/progettotouring.it\/radiotouring104\/author\/sebastiano\/\"}]}<\/script>\n<!-- \/ Yoast SEO plugin. -->","yoast_head_json":{"title":"Il Rotary Club Rc presente all'udienza generale del Papa","description":"Il Rotary Club Reggio Calabria ha partecipato ieri mattina all\u2019udienza generale di Papa Francesco in Vaticano","robots":{"index":"index","follow":"follow","max-snippet":"max-snippet:-1","max-image-preview":"max-image-preview:large","max-video-preview":"max-video-preview:-1"},"canonical":"https:\/\/progettotouring.it\/radiotouring104\/2024\/09\/26\/il-rotary-club-rc-presente-alludienza-generale-del-papa\/","og_locale":"it_IT","og_type":"article","og_title":"Il Rotary Club Rc presente all'udienza generale del Papa","og_description":"Il Rotary Club Reggio Calabria ha partecipato ieri mattina all\u2019udienza generale di Papa Francesco in Vaticano","og_url":"https:\/\/progettotouring.it\/radiotouring104\/2024\/09\/26\/il-rotary-club-rc-presente-alludienza-generale-del-papa\/","og_site_name":"Radio Touring 104","article_published_time":"2024-09-26T09:43:26+00:00","og_image":[{"width":2048,"height":1536,"url":"https:\/\/progettotouring.it\/radiotouring104\/wp-content\/uploads\/sites\/6\/2024\/09\/Rotary-RC-Vaticano.jpg","type":"image\/jpeg"}],"author":"Sebastiano Plutino","twitter_card":"summary_large_image","twitter_misc":{"Scritto da":"Sebastiano Plutino","Tempo di lettura stimato":"1 minuto"},"schema":{"@context":"https:\/\/schema.org","@graph":[{"@type":"Article","@id":"https:\/\/progettotouring.it\/radiotouring104\/2024\/09\/26\/il-rotary-club-rc-presente-alludienza-generale-del-papa\/#article","isPartOf":{"@id":"https:\/\/progettotouring.it\/radiotouring104\/2024\/09\/26\/il-rotary-club-rc-presente-alludienza-generale-del-papa\/"},"author":{"name":"Sebastiano Plutino","@id":"https:\/\/progettotouring.it\/radiotouring104\/#\/schema\/person\/78613917f1851f041f7483f5af1d422e"},"headline":"Il Rotary Club Rc presente all&#8217;udienza generale del Papa","datePublished":"2024-09-26T09:43:26+00:00","mainEntityOfPage":{"@id":"https:\/\/progettotouring.it\/radiotouring104\/2024\/09\/26\/il-rotary-club-rc-presente-alludienza-generale-del-papa\/"},"wordCount":248,"publisher":{"@id":"https:\/\/progettotouring.it\/radiotouring104\/#organization"},"image":{"@id":"https:\/\/progettotouring.it\/radiotouring104\/2024\/09\/26\/il-rotary-club-rc-presente-alludienza-generale-del-papa\/#primaryimage"},"thumbnailUrl":"https:\/\/progettotouring.it\/radiotouring104\/wp-content\/uploads\/sites\/6\/2024\/09\/Rotary-RC-Vaticano.jpg","keywords":["Papa Francesco","presidente Giampaolo Latella.","Rotary Club Rc","udienza generale del Papa","vaticano"],"articleSection":["Home","News","Reggio Calabria"],"inLanguage":"it-IT"},{"@type":"WebPage","@id":"https:\/\/progettotouring.it\/radiotouring104\/2024\/09\/26\/il-rotary-club-rc-presente-alludienza-generale-del-papa\/","url":"https:\/\/progettotouring.it\/radiotouring104\/2024\/09\/26\/il-rotary-club-rc-presente-alludienza-generale-del-papa\/","name":"Il Rotary Club Rc presente all'udienza generale del Papa","isPartOf":{"@id":"https:\/\/progettotouring.it\/radiotouring104\/#website"},"primaryImageOfPage":{"@id":"https:\/\/progettotouring.it\/radiotouring104\/2024\/09\/26\/il-rotary-club-rc-presente-alludienza-generale-del-papa\/#primaryimage"},"image":{"@id":"https:\/\/progettotouring.it\/radiotouring104\/2024\/09\/26\/il-rotary-club-rc-presente-alludienza-generale-del-papa\/#primaryimage"},"thumbnailUrl":"https:\/\/progettotouring.it\/radiotouring104\/wp-content\/uploads\/sites\/6\/2024\/09\/Rotary-RC-Vaticano.jpg","datePublished":"2024-09-26T09:43:26+00:00","description":"Il Rotary Club Reggio Calabria ha partecipato ieri mattina all\u2019udienza generale di Papa Francesco in Vaticano","breadcrumb":{"@id":"https:\/\/progettotouring.it\/radiotouring104\/2024\/09\/26\/il-rotary-club-rc-presente-alludienza-generale-del-papa\/#breadcrumb"},"inLanguage":"it-IT","potentialAction":[{"@type":"ReadAction","target":["https:\/\/progettotouring.it\/radiotouring104\/2024\/09\/26\/il-rotary-club-rc-presente-alludienza-generale-del-papa\/"]}]},{"@type":"ImageObject","inLanguage":"it-IT","@id":"https:\/\/progettotouring.it\/radiotouring104\/2024\/09\/26\/il-rotary-club-rc-presente-alludienza-generale-del-papa\/#primaryimage","url":"https:\/\/progettotouring.it\/radiotouring104\/wp-content\/uploads\/sites\/6\/2024\/09\/Rotary-RC-Vaticano.jpg","contentUrl":"https:\/\/progettotouring.it\/radiotouring104\/wp-content\/uploads\/sites\/6\/2024\/09\/Rotary-RC-Vaticano.jpg","width":2048,"height":1536},{"@type":"BreadcrumbList","@id":"https:\/\/progettotouring.it\/radiotouring104\/2024\/09\/26\/il-rotary-club-rc-presente-alludienza-generale-del-papa\/#breadcrumb","itemListElement":[{"@type":"ListItem","position":1,"name":"Home","item":"https:\/\/progettotouring.it\/radiotouring104\/"},{"@type":"ListItem","position":2,"name":"Il Rotary Club Rc presente all&#8217;udienza generale del Papa"}]},{"@type":"WebSite","@id":"https:\/\/progettotouring.it\/radiotouring104\/#website","url":"https:\/\/progettotouring.it\/radiotouring104\/","name":"Radio Touring 104","description":"La prima radio Reggina","publisher":{"@id":"https:\/\/progettotouring.it\/radiotouring104\/#organization"},"potentialAction":[{"@type":"SearchAction","target":{"@type":"EntryPoint","urlTemplate":"https:\/\/progettotouring.it\/radiotouring104\/?s={search_term_string}"},"query-input":{"@type":"PropertyValueSpecification","valueRequired":true,"valueName":"search_term_string"}}],"inLanguage":"it-IT"},{"@type":"Organization","@id":"https:\/\/progettotouring.it\/radiotouring104\/#organization","name":"Radio Touring 104","url":"https:\/\/progettotouring.it\/radiotouring104\/","logo":{"@type":"ImageObject","inLanguage":"it-IT","@id":"https:\/\/progettotouring.it\/radiotouring104\/#\/schema\/logo\/image\/","url":"https:\/\/progettotouring.it\/radiotouring104\/wp-content\/uploads\/sites\/6\/2022\/02\/cropped-logo-radio-touring-104.png","contentUrl":"https:\/\/progettotouring.it\/radiotouring104\/wp-content\/uploads\/sites\/6\/2022\/02\/cropped-logo-radio-touring-104.png","width":377,"height":182,"caption":"Radio Touring 104"},"image":{"@id":"https:\/\/progettotouring.it\/radiotouring104\/#\/schema\/logo\/image\/"}},{"@type":"Person","@id":"https:\/\/progettotouring.it\/radiotouring104\/#\/schema\/person\/78613917f1851f041f7483f5af1d422e","name":"Sebastiano Plutino","image":{"@type":"ImageObject","inLanguage":"it-IT","@id":"https:\/\/secure.gravatar.com\/avatar\/0546ffaa9b79224faf9f2a156b67a529ae861d3287c66c1d8ccfdf909bcba78d?s=96&d=mm&r=g","url":"https:\/\/secure.gravatar.com\/avatar\/0546ffaa9b79224faf9f2a156b67a529ae861d3287c66c1d8ccfdf909bcba78d?s=96&d=mm&r=g","contentUrl":"https:\/\/secure.gravatar.com\/avatar\/0546ffaa9b79224faf9f2a156b67a529ae861d3287c66c1d8ccfdf909bcba78d?s=96&d=mm&r=g","caption":"Sebastiano Plutino"},"url":"https:\/\/progettotouring.it\/radiotouring104\/author\/sebastiano\/"}]}},"jetpack_publicize_connections":[],"jetpack_featured_media_url":"https:\/\/progettotouring.it\/radiotouring104\/wp-content\/uploads\/sites\/6\/2024\/09\/Rotary-RC-Vaticano.jpg","jetpack_sharing_enabled":true,"_links":{"self":[{"href":"https:\/\/progettotouring.it\/radiotouring104\/wp-json\/wp\/v2\/posts\/58470","targetHints":{"allow":["GET"]}}],"collection":[{"href":"https:\/\/progettotouring.it\/radiotouring104\/wp-json\/wp\/v2\/posts"}],"about":[{"href":"https:\/\/progettotouring.it\/radiotouring104\/wp-json\/wp\/v2\/types\/post"}],"author":[{"embeddable":true,"href":"https:\/\/progettotouring.it\/radiotouring104\/wp-json\/wp\/v2\/users\/12"}],"replies":[{"embeddable":true,"href":"https:\/\/progettotouring.it\/radiotouring104\/wp-json\/wp\/v2\/comments?post=58470"}],"version-history":[{"count":1,"href":"https:\/\/progettotouring.it\/radiotouring104\/wp-json\/wp\/v2\/posts\/58470\/revisions"}],"predecessor-version":[{"id":58472,"href":"https:\/\/progettotouring.it\/radiotouring104\/wp-json\/wp\/v2\/posts\/58470\/revisions\/58472"}],"wp:featuredmedia":[{"embeddable":true,"href":"https:\/\/progettotouring.it\/radiotouring104\/wp-json\/wp\/v2\/media\/58471"}],"wp:attachment":[{"href":"https:\/\/progettotouring.it\/radiotouring104\/wp-json\/wp\/v2\/media?parent=58470"}],"wp:term":[{"taxonomy":"category","embeddable":true,"href":"https:\/\/progettotouring.it\/radiotouring104\/wp-json\/wp\/v2\/categories?post=58470"},{"taxonomy":"post_tag","embeddable":true,"href":"https:\/\/progettotouring.it\/radiotouring104\/wp-json\/wp\/v2\/tags?post=58470"}],"curies":[{"name":"wp","href":"https:\/\/api.w.org\/{rel}","templated":true}]}}