{"id":58481,"date":"2024-09-26T12:04:36","date_gmt":"2024-09-26T10:04:36","guid":{"rendered":"https:\/\/progettotouring.it\/radiotouring104\/?p=58481"},"modified":"2024-09-26T12:04:57","modified_gmt":"2024-09-26T10:04:57","slug":"redel-coach-cadeo-lesordio-mi-aspetto-una-gara-piu-emotiva-che-tecnica","status":"publish","type":"post","link":"https:\/\/progettotouring.it\/radiotouring104\/2024\/09\/26\/redel-coach-cadeo-lesordio-mi-aspetto-una-gara-piu-emotiva-che-tecnica\/","title":{"rendered":"Redel, coach Cadeo: \u201cL\u2019esordio? Mi aspetto una gara pi\u00f9 emotiva che tecnica&#8221;"},"content":{"rendered":"<p style=\"text-align: justify\">Tifosi in trasferta colorati di neroarancio.<br \/>\nTifosi in collegamento in streaming considerata la diretta offerta dalla squadra di casa, il Marigliano.<br \/>\nE\u2019 tutto pronto: <strong>la Redel Reggio Calabria vuole far bene sin dall\u2019esordio programmato per il 29 settembre alle ore 18.<\/strong><br \/>\nAbbiamo fatto il punto con il tecnico dei reggini, Giulio Cadeo.<br \/>\n<strong>L\u2019allenatore \u00e8 stato premiato con la Coppa<\/strong> \u201cGaetano Gebbia\u201d<strong> al Trofeo Sant\u2019Ambrogio.<\/strong><\/p>\n<p style=\"text-align: justify\"><em>\u201cEravamo tutti un p\u00f2 curiosi di \u201cvederci\u201d.<\/em><br \/>\n<em>Giocare al Palacalafiore una partita ufficiale, credo che ci abbia dato quel qualcosa in pi\u00f9 sotto l\u2019aspetto dello spirito, quindi dobbiamo prendere quello di buono che abbiamo fatto, specialmente nell\u2019atteggiamento.<\/em><br \/>\n<em>Da l\u00ec, occorre costruire tutto quello che invece riguarda la tattica e la tecnica\u201d.<\/em><\/p>\n<p style=\"text-align: justify\"><strong>In cosa possiamo migliorare?<\/strong><\/p>\n<p style=\"text-align: justify\"><em>\u201cSiamo a quaranta giorni di lavoro.<\/em><br \/>\n<em>Occorre migliorare tutti i giorni fino all\u2019ultima partita di campionato.<\/em><br \/>\n<em>Lo spirito \u00e8 buono.<\/em><br \/>\n<em>Ci sono tanti aspetti che vanno migliorati ma siamo pronti per crescere ogni giorno\u201d.<\/em><\/p>\n<p style=\"text-align: justify\"><strong>Ranking e \u201cstellette\u201d?<\/strong><\/p>\n<p style=\"text-align: justify\"><em>\u201cNon li ho mai guardati.<\/em><br \/>\n<em>E\u2019 una situazione che riguarda gli addetti ai lavori ed i media in genere.<\/em><br \/>\n<em>Pensiamo a noi.<\/em><br \/>\n<em>Sono dati che lasciano il tempo che trovano. I ranking occorrer\u00e0 guardarli al pi\u00f9 al termine della stagione per capire chi ci aveva azzeccato\u201d.<\/em><\/p>\n<p style=\"text-align: justify\"><strong>Venerd\u00ec 27 e sabato 28 torneo importantissimo per l\u2019Under 17 d\u2019Eccellenza della Redel. Una tua opinione?<\/strong><\/p>\n<p style=\"text-align: justify\"><em>\u201cRingraziamo il Comitato Fip Sicilia. Sar\u00e0 un\u2019ottima occasione di confronto ma, soprattutto, ho i brividi nel ricordare una figura importantissima per la crescita del basket Italiano come Gaetano Gebbia.<\/em><br \/>\n<em>Tantissime volte ci siamo incrociati con le selezioni nazionali o con le squadre di Club. E\u2019 un onore per tutti noi poterlo ricordare.<\/em><br \/>\n<em>Per quanto riguarda il nostro gruppo giovanile \u00e8 un qualcosa di importante iniziare: dopo 7 anni ci ritroviamo su palcoscenici significativi e sono le prime prove per vedere a che livello siamo e cosa ci aspetta\u201d.<\/em><\/p>\n<p style=\"text-align: justify\"><strong>Si avvicina la prima di campionato. Come stanno i tuoi ragazzi e che gara ti aspetti?<\/strong><\/p>\n<p style=\"text-align: justify\"><em>\u201cSappiamo benissimo che sar\u00e0 un campionato dove in trasferta ci saranno grandi difficolt\u00e0 ovunque inclusa Marigliano.<\/em><br \/>\n<em>Sappiamo poco del nostro avversario, abbiamo visto poco.<\/em><br \/>\n<em>Sono partite d\u2019esordio, dove l\u2019emotivit\u00e0 pu\u00f2 contare pi\u00f9 della tecnica.<\/em><br \/>\n<em>Noi stiamo discretamente bene. Bangu, uscito malconcio dopo la caduta al Trofeo Sant\u2019Ambrogio \u00e8 in fase di recupero\u201d.<\/em><\/p>\n","protected":false},"excerpt":{"rendered":"<p>Tifosi in trasferta colorati di neroarancio. Tifosi in collegamento in streaming considerata la diretta offerta dalla squadra di casa, il Marigliano. E\u2019 tutto pronto: la Redel Reggio Calabria vuole far&hellip;<\/p>\n","protected":false},"author":12,"featured_media":58482,"comment_status":"closed","ping_status":"open","sticky":false,"template":"","format":"standard","meta":{"_jetpack_memberships_contains_paid_content":false,"footnotes":"","jetpack_publicize_message":"","jetpack_publicize_feature_enabled":true,"jetpack_social_post_already_shared":false,"jetpack_social_options":{"image_generator_settings":{"template":"highway","default_image_id":0,"font":"","enabled":false},"version":2}},"categories":[196,140,144],"tags":[35752,31303,35753,35456],"class_list":["post-58481","post","type-post","status-publish","format-standard","has-post-thumbnail","hentry","category-news","category-reggio-calabria","category-sport","tag-coach-cadeo","tag-esordio","tag-gara-piu-emotiva-che-tecnica","tag-torneo-santambrogio"],"yoast_head":"<!-- This site is optimized with the Yoast SEO plugin v27.2 - https:\/\/yoast.com\/product\/yoast-seo-wordpress\/ -->\n<title>Coach Cadeo: \u201cL\u2019esordio? Mi aspetto gara pi\u00f9 emotiva che tecnica&quot;<\/title>\n<meta name=\"description\" content=\"Il coach neroarancio, Cadeo ha fatto il punto in vista dell&#039;esordio in campionato in programma il 29 settembre alle ore 18.\" \/>\n<meta name=\"robots\" content=\"index, follow, max-snippet:-1, max-image-preview:large, max-video-preview:-1\" \/>\n<link rel=\"canonical\" href=\"https:\/\/progettotouring.it\/radiotouring104\/2024\/09\/26\/redel-coach-cadeo-lesordio-mi-aspetto-una-gara-piu-emotiva-che-tecnica\/\" \/>\n<meta property=\"og:locale\" content=\"it_IT\" \/>\n<meta property=\"og:type\" content=\"article\" \/>\n<meta property=\"og:title\" content=\"Coach Cadeo: \u201cL\u2019esordio? Mi aspetto gara pi\u00f9 emotiva che tecnica&quot;\" \/>\n<meta property=\"og:description\" content=\"Il coach neroarancio, Cadeo ha fatto il punto in vista dell&#039;esordio in campionato in programma il 29 settembre alle ore 18.\" \/>\n<meta property=\"og:url\" content=\"https:\/\/progettotouring.it\/radiotouring104\/2024\/09\/26\/redel-coach-cadeo-lesordio-mi-aspetto-una-gara-piu-emotiva-che-tecnica\/\" \/>\n<meta property=\"og:site_name\" content=\"Radio Touring 104\" \/>\n<meta property=\"article:published_time\" content=\"2024-09-26T10:04:36+00:00\" \/>\n<meta property=\"article:modified_time\" content=\"2024-09-26T10:04:57+00:00\" \/>\n<meta property=\"og:image\" content=\"https:\/\/progettotouring.it\/radiotouring104\/wp-content\/uploads\/sites\/6\/2024\/09\/Coach-Cadeo.jpg\" \/>\n\t<meta property=\"og:image:width\" content=\"300\" \/>\n\t<meta property=\"og:image:height\" content=\"204\" \/>\n\t<meta property=\"og:image:type\" content=\"image\/jpeg\" \/>\n<meta name=\"author\" content=\"Sebastiano Plutino\" \/>\n<meta name=\"twitter:card\" content=\"summary_large_image\" \/>\n<meta name=\"twitter:label1\" content=\"Scritto da\" \/>\n\t<meta name=\"twitter:data1\" content=\"Sebastiano Plutino\" \/>\n\t<meta name=\"twitter:label2\" content=\"Tempo di lettura stimato\" \/>\n\t<meta name=\"twitter:data2\" content=\"2 minuti\" \/>\n<script type=\"application\/ld+json\" class=\"yoast-schema-graph\">{\"@context\":\"https:\/\/schema.org\",\"@graph\":[{\"@type\":\"Article\",\"@id\":\"https:\/\/progettotouring.it\/radiotouring104\/2024\/09\/26\/redel-coach-cadeo-lesordio-mi-aspetto-una-gara-piu-emotiva-che-tecnica\/#article\",\"isPartOf\":{\"@id\":\"https:\/\/progettotouring.it\/radiotouring104\/2024\/09\/26\/redel-coach-cadeo-lesordio-mi-aspetto-una-gara-piu-emotiva-che-tecnica\/\"},\"author\":{\"name\":\"Sebastiano Plutino\",\"@id\":\"https:\/\/progettotouring.it\/radiotouring104\/#\/schema\/person\/78613917f1851f041f7483f5af1d422e\"},\"headline\":\"Redel, coach Cadeo: \u201cL\u2019esordio? Mi aspetto una gara pi\u00f9 emotiva che tecnica&#8221;\",\"datePublished\":\"2024-09-26T10:04:36+00:00\",\"dateModified\":\"2024-09-26T10:04:57+00:00\",\"mainEntityOfPage\":{\"@id\":\"https:\/\/progettotouring.it\/radiotouring104\/2024\/09\/26\/redel-coach-cadeo-lesordio-mi-aspetto-una-gara-piu-emotiva-che-tecnica\/\"},\"wordCount\":389,\"publisher\":{\"@id\":\"https:\/\/progettotouring.it\/radiotouring104\/#organization\"},\"image\":{\"@id\":\"https:\/\/progettotouring.it\/radiotouring104\/2024\/09\/26\/redel-coach-cadeo-lesordio-mi-aspetto-una-gara-piu-emotiva-che-tecnica\/#primaryimage\"},\"thumbnailUrl\":\"https:\/\/progettotouring.it\/radiotouring104\/wp-content\/uploads\/sites\/6\/2024\/09\/Coach-Cadeo.jpg\",\"keywords\":[\"Coach Cadeo\",\"esordio\",\"gara pi\u00f9 emotiva che tecnica\",\"Torneo Sant'ambrogio\"],\"articleSection\":[\"News\",\"Reggio Calabria\",\"Sport\"],\"inLanguage\":\"it-IT\"},{\"@type\":\"WebPage\",\"@id\":\"https:\/\/progettotouring.it\/radiotouring104\/2024\/09\/26\/redel-coach-cadeo-lesordio-mi-aspetto-una-gara-piu-emotiva-che-tecnica\/\",\"url\":\"https:\/\/progettotouring.it\/radiotouring104\/2024\/09\/26\/redel-coach-cadeo-lesordio-mi-aspetto-una-gara-piu-emotiva-che-tecnica\/\",\"name\":\"Coach Cadeo: \u201cL\u2019esordio? Mi aspetto gara pi\u00f9 emotiva che tecnica\\\"\",\"isPartOf\":{\"@id\":\"https:\/\/progettotouring.it\/radiotouring104\/#website\"},\"primaryImageOfPage\":{\"@id\":\"https:\/\/progettotouring.it\/radiotouring104\/2024\/09\/26\/redel-coach-cadeo-lesordio-mi-aspetto-una-gara-piu-emotiva-che-tecnica\/#primaryimage\"},\"image\":{\"@id\":\"https:\/\/progettotouring.it\/radiotouring104\/2024\/09\/26\/redel-coach-cadeo-lesordio-mi-aspetto-una-gara-piu-emotiva-che-tecnica\/#primaryimage\"},\"thumbnailUrl\":\"https:\/\/progettotouring.it\/radiotouring104\/wp-content\/uploads\/sites\/6\/2024\/09\/Coach-Cadeo.jpg\",\"datePublished\":\"2024-09-26T10:04:36+00:00\",\"dateModified\":\"2024-09-26T10:04:57+00:00\",\"description\":\"Il coach neroarancio, Cadeo ha fatto il punto in vista dell'esordio in campionato in programma il 29 settembre alle ore 18.\",\"breadcrumb\":{\"@id\":\"https:\/\/progettotouring.it\/radiotouring104\/2024\/09\/26\/redel-coach-cadeo-lesordio-mi-aspetto-una-gara-piu-emotiva-che-tecnica\/#breadcrumb\"},\"inLanguage\":\"it-IT\",\"potentialAction\":[{\"@type\":\"ReadAction\",\"target\":[\"https:\/\/progettotouring.it\/radiotouring104\/2024\/09\/26\/redel-coach-cadeo-lesordio-mi-aspetto-una-gara-piu-emotiva-che-tecnica\/\"]}]},{\"@type\":\"ImageObject\",\"inLanguage\":\"it-IT\",\"@id\":\"https:\/\/progettotouring.it\/radiotouring104\/2024\/09\/26\/redel-coach-cadeo-lesordio-mi-aspetto-una-gara-piu-emotiva-che-tecnica\/#primaryimage\",\"url\":\"https:\/\/progettotouring.it\/radiotouring104\/wp-content\/uploads\/sites\/6\/2024\/09\/Coach-Cadeo.jpg\",\"contentUrl\":\"https:\/\/progettotouring.it\/radiotouring104\/wp-content\/uploads\/sites\/6\/2024\/09\/Coach-Cadeo.jpg\",\"width\":300,\"height\":204},{\"@type\":\"BreadcrumbList\",\"@id\":\"https:\/\/progettotouring.it\/radiotouring104\/2024\/09\/26\/redel-coach-cadeo-lesordio-mi-aspetto-una-gara-piu-emotiva-che-tecnica\/#breadcrumb\",\"itemListElement\":[{\"@type\":\"ListItem\",\"position\":1,\"name\":\"Home\",\"item\":\"https:\/\/progettotouring.it\/radiotouring104\/\"},{\"@type\":\"ListItem\",\"position\":2,\"name\":\"Redel, coach Cadeo: \u201cL\u2019esordio? Mi aspetto una gara pi\u00f9 emotiva che tecnica&#8221;\"}]},{\"@type\":\"WebSite\",\"@id\":\"https:\/\/progettotouring.it\/radiotouring104\/#website\",\"url\":\"https:\/\/progettotouring.it\/radiotouring104\/\",\"name\":\"Radio Touring 104\",\"description\":\"La prima radio Reggina\",\"publisher\":{\"@id\":\"https:\/\/progettotouring.it\/radiotouring104\/#organization\"},\"potentialAction\":[{\"@type\":\"SearchAction\",\"target\":{\"@type\":\"EntryPoint\",\"urlTemplate\":\"https:\/\/progettotouring.it\/radiotouring104\/?s={search_term_string}\"},\"query-input\":{\"@type\":\"PropertyValueSpecification\",\"valueRequired\":true,\"valueName\":\"search_term_string\"}}],\"inLanguage\":\"it-IT\"},{\"@type\":\"Organization\",\"@id\":\"https:\/\/progettotouring.it\/radiotouring104\/#organization\",\"name\":\"Radio Touring 104\",\"url\":\"https:\/\/progettotouring.it\/radiotouring104\/\",\"logo\":{\"@type\":\"ImageObject\",\"inLanguage\":\"it-IT\",\"@id\":\"https:\/\/progettotouring.it\/radiotouring104\/#\/schema\/logo\/image\/\",\"url\":\"https:\/\/progettotouring.it\/radiotouring104\/wp-content\/uploads\/sites\/6\/2022\/02\/cropped-logo-radio-touring-104.png\",\"contentUrl\":\"https:\/\/progettotouring.it\/radiotouring104\/wp-content\/uploads\/sites\/6\/2022\/02\/cropped-logo-radio-touring-104.png\",\"width\":377,\"height\":182,\"caption\":\"Radio Touring 104\"},\"image\":{\"@id\":\"https:\/\/progettotouring.it\/radiotouring104\/#\/schema\/logo\/image\/\"}},{\"@type\":\"Person\",\"@id\":\"https:\/\/progettotouring.it\/radiotouring104\/#\/schema\/person\/78613917f1851f041f7483f5af1d422e\",\"name\":\"Sebastiano Plutino\",\"image\":{\"@type\":\"ImageObject\",\"inLanguage\":\"it-IT\",\"@id\":\"https:\/\/secure.gravatar.com\/avatar\/0546ffaa9b79224faf9f2a156b67a529ae861d3287c66c1d8ccfdf909bcba78d?s=96&d=mm&r=g\",\"url\":\"https:\/\/secure.gravatar.com\/avatar\/0546ffaa9b79224faf9f2a156b67a529ae861d3287c66c1d8ccfdf909bcba78d?s=96&d=mm&r=g\",\"contentUrl\":\"https:\/\/secure.gravatar.com\/avatar\/0546ffaa9b79224faf9f2a156b67a529ae861d3287c66c1d8ccfdf909bcba78d?s=96&d=mm&r=g\",\"caption\":\"Sebastiano Plutino\"},\"url\":\"https:\/\/progettotouring.it\/radiotouring104\/author\/sebastiano\/\"}]}<\/script>\n<!-- \/ Yoast SEO plugin. -->","yoast_head_json":{"title":"Coach Cadeo: \u201cL\u2019esordio? Mi aspetto gara pi\u00f9 emotiva che tecnica\"","description":"Il coach neroarancio, Cadeo ha fatto il punto in vista dell'esordio in campionato in programma il 29 settembre alle ore 18.","robots":{"index":"index","follow":"follow","max-snippet":"max-snippet:-1","max-image-preview":"max-image-preview:large","max-video-preview":"max-video-preview:-1"},"canonical":"https:\/\/progettotouring.it\/radiotouring104\/2024\/09\/26\/redel-coach-cadeo-lesordio-mi-aspetto-una-gara-piu-emotiva-che-tecnica\/","og_locale":"it_IT","og_type":"article","og_title":"Coach Cadeo: \u201cL\u2019esordio? Mi aspetto gara pi\u00f9 emotiva che tecnica\"","og_description":"Il coach neroarancio, Cadeo ha fatto il punto in vista dell'esordio in campionato in programma il 29 settembre alle ore 18.","og_url":"https:\/\/progettotouring.it\/radiotouring104\/2024\/09\/26\/redel-coach-cadeo-lesordio-mi-aspetto-una-gara-piu-emotiva-che-tecnica\/","og_site_name":"Radio Touring 104","article_published_time":"2024-09-26T10:04:36+00:00","article_modified_time":"2024-09-26T10:04:57+00:00","og_image":[{"width":300,"height":204,"url":"https:\/\/progettotouring.it\/radiotouring104\/wp-content\/uploads\/sites\/6\/2024\/09\/Coach-Cadeo.jpg","type":"image\/jpeg"}],"author":"Sebastiano Plutino","twitter_card":"summary_large_image","twitter_misc":{"Scritto da":"Sebastiano Plutino","Tempo di lettura stimato":"2 minuti"},"schema":{"@context":"https:\/\/schema.org","@graph":[{"@type":"Article","@id":"https:\/\/progettotouring.it\/radiotouring104\/2024\/09\/26\/redel-coach-cadeo-lesordio-mi-aspetto-una-gara-piu-emotiva-che-tecnica\/#article","isPartOf":{"@id":"https:\/\/progettotouring.it\/radiotouring104\/2024\/09\/26\/redel-coach-cadeo-lesordio-mi-aspetto-una-gara-piu-emotiva-che-tecnica\/"},"author":{"name":"Sebastiano Plutino","@id":"https:\/\/progettotouring.it\/radiotouring104\/#\/schema\/person\/78613917f1851f041f7483f5af1d422e"},"headline":"Redel, coach Cadeo: \u201cL\u2019esordio? Mi aspetto una gara pi\u00f9 emotiva che tecnica&#8221;","datePublished":"2024-09-26T10:04:36+00:00","dateModified":"2024-09-26T10:04:57+00:00","mainEntityOfPage":{"@id":"https:\/\/progettotouring.it\/radiotouring104\/2024\/09\/26\/redel-coach-cadeo-lesordio-mi-aspetto-una-gara-piu-emotiva-che-tecnica\/"},"wordCount":389,"publisher":{"@id":"https:\/\/progettotouring.it\/radiotouring104\/#organization"},"image":{"@id":"https:\/\/progettotouring.it\/radiotouring104\/2024\/09\/26\/redel-coach-cadeo-lesordio-mi-aspetto-una-gara-piu-emotiva-che-tecnica\/#primaryimage"},"thumbnailUrl":"https:\/\/progettotouring.it\/radiotouring104\/wp-content\/uploads\/sites\/6\/2024\/09\/Coach-Cadeo.jpg","keywords":["Coach Cadeo","esordio","gara pi\u00f9 emotiva che tecnica","Torneo Sant'ambrogio"],"articleSection":["News","Reggio Calabria","Sport"],"inLanguage":"it-IT"},{"@type":"WebPage","@id":"https:\/\/progettotouring.it\/radiotouring104\/2024\/09\/26\/redel-coach-cadeo-lesordio-mi-aspetto-una-gara-piu-emotiva-che-tecnica\/","url":"https:\/\/progettotouring.it\/radiotouring104\/2024\/09\/26\/redel-coach-cadeo-lesordio-mi-aspetto-una-gara-piu-emotiva-che-tecnica\/","name":"Coach Cadeo: \u201cL\u2019esordio? Mi aspetto gara pi\u00f9 emotiva che tecnica\"","isPartOf":{"@id":"https:\/\/progettotouring.it\/radiotouring104\/#website"},"primaryImageOfPage":{"@id":"https:\/\/progettotouring.it\/radiotouring104\/2024\/09\/26\/redel-coach-cadeo-lesordio-mi-aspetto-una-gara-piu-emotiva-che-tecnica\/#primaryimage"},"image":{"@id":"https:\/\/progettotouring.it\/radiotouring104\/2024\/09\/26\/redel-coach-cadeo-lesordio-mi-aspetto-una-gara-piu-emotiva-che-tecnica\/#primaryimage"},"thumbnailUrl":"https:\/\/progettotouring.it\/radiotouring104\/wp-content\/uploads\/sites\/6\/2024\/09\/Coach-Cadeo.jpg","datePublished":"2024-09-26T10:04:36+00:00","dateModified":"2024-09-26T10:04:57+00:00","description":"Il coach neroarancio, Cadeo ha fatto il punto in vista dell'esordio in campionato in programma il 29 settembre alle ore 18.","breadcrumb":{"@id":"https:\/\/progettotouring.it\/radiotouring104\/2024\/09\/26\/redel-coach-cadeo-lesordio-mi-aspetto-una-gara-piu-emotiva-che-tecnica\/#breadcrumb"},"inLanguage":"it-IT","potentialAction":[{"@type":"ReadAction","target":["https:\/\/progettotouring.it\/radiotouring104\/2024\/09\/26\/redel-coach-cadeo-lesordio-mi-aspetto-una-gara-piu-emotiva-che-tecnica\/"]}]},{"@type":"ImageObject","inLanguage":"it-IT","@id":"https:\/\/progettotouring.it\/radiotouring104\/2024\/09\/26\/redel-coach-cadeo-lesordio-mi-aspetto-una-gara-piu-emotiva-che-tecnica\/#primaryimage","url":"https:\/\/progettotouring.it\/radiotouring104\/wp-content\/uploads\/sites\/6\/2024\/09\/Coach-Cadeo.jpg","contentUrl":"https:\/\/progettotouring.it\/radiotouring104\/wp-content\/uploads\/sites\/6\/2024\/09\/Coach-Cadeo.jpg","width":300,"height":204},{"@type":"BreadcrumbList","@id":"https:\/\/progettotouring.it\/radiotouring104\/2024\/09\/26\/redel-coach-cadeo-lesordio-mi-aspetto-una-gara-piu-emotiva-che-tecnica\/#breadcrumb","itemListElement":[{"@type":"ListItem","position":1,"name":"Home","item":"https:\/\/progettotouring.it\/radiotouring104\/"},{"@type":"ListItem","position":2,"name":"Redel, coach Cadeo: \u201cL\u2019esordio? Mi aspetto una gara pi\u00f9 emotiva che tecnica&#8221;"}]},{"@type":"WebSite","@id":"https:\/\/progettotouring.it\/radiotouring104\/#website","url":"https:\/\/progettotouring.it\/radiotouring104\/","name":"Radio Touring 104","description":"La prima radio Reggina","publisher":{"@id":"https:\/\/progettotouring.it\/radiotouring104\/#organization"},"potentialAction":[{"@type":"SearchAction","target":{"@type":"EntryPoint","urlTemplate":"https:\/\/progettotouring.it\/radiotouring104\/?s={search_term_string}"},"query-input":{"@type":"PropertyValueSpecification","valueRequired":true,"valueName":"search_term_string"}}],"inLanguage":"it-IT"},{"@type":"Organization","@id":"https:\/\/progettotouring.it\/radiotouring104\/#organization","name":"Radio Touring 104","url":"https:\/\/progettotouring.it\/radiotouring104\/","logo":{"@type":"ImageObject","inLanguage":"it-IT","@id":"https:\/\/progettotouring.it\/radiotouring104\/#\/schema\/logo\/image\/","url":"https:\/\/progettotouring.it\/radiotouring104\/wp-content\/uploads\/sites\/6\/2022\/02\/cropped-logo-radio-touring-104.png","contentUrl":"https:\/\/progettotouring.it\/radiotouring104\/wp-content\/uploads\/sites\/6\/2022\/02\/cropped-logo-radio-touring-104.png","width":377,"height":182,"caption":"Radio Touring 104"},"image":{"@id":"https:\/\/progettotouring.it\/radiotouring104\/#\/schema\/logo\/image\/"}},{"@type":"Person","@id":"https:\/\/progettotouring.it\/radiotouring104\/#\/schema\/person\/78613917f1851f041f7483f5af1d422e","name":"Sebastiano Plutino","image":{"@type":"ImageObject","inLanguage":"it-IT","@id":"https:\/\/secure.gravatar.com\/avatar\/0546ffaa9b79224faf9f2a156b67a529ae861d3287c66c1d8ccfdf909bcba78d?s=96&d=mm&r=g","url":"https:\/\/secure.gravatar.com\/avatar\/0546ffaa9b79224faf9f2a156b67a529ae861d3287c66c1d8ccfdf909bcba78d?s=96&d=mm&r=g","contentUrl":"https:\/\/secure.gravatar.com\/avatar\/0546ffaa9b79224faf9f2a156b67a529ae861d3287c66c1d8ccfdf909bcba78d?s=96&d=mm&r=g","caption":"Sebastiano Plutino"},"url":"https:\/\/progettotouring.it\/radiotouring104\/author\/sebastiano\/"}]}},"jetpack_publicize_connections":[],"jetpack_featured_media_url":"https:\/\/progettotouring.it\/radiotouring104\/wp-content\/uploads\/sites\/6\/2024\/09\/Coach-Cadeo.jpg","jetpack_sharing_enabled":true,"_links":{"self":[{"href":"https:\/\/progettotouring.it\/radiotouring104\/wp-json\/wp\/v2\/posts\/58481","targetHints":{"allow":["GET"]}}],"collection":[{"href":"https:\/\/progettotouring.it\/radiotouring104\/wp-json\/wp\/v2\/posts"}],"about":[{"href":"https:\/\/progettotouring.it\/radiotouring104\/wp-json\/wp\/v2\/types\/post"}],"author":[{"embeddable":true,"href":"https:\/\/progettotouring.it\/radiotouring104\/wp-json\/wp\/v2\/users\/12"}],"replies":[{"embeddable":true,"href":"https:\/\/progettotouring.it\/radiotouring104\/wp-json\/wp\/v2\/comments?post=58481"}],"version-history":[{"count":1,"href":"https:\/\/progettotouring.it\/radiotouring104\/wp-json\/wp\/v2\/posts\/58481\/revisions"}],"predecessor-version":[{"id":58483,"href":"https:\/\/progettotouring.it\/radiotouring104\/wp-json\/wp\/v2\/posts\/58481\/revisions\/58483"}],"wp:featuredmedia":[{"embeddable":true,"href":"https:\/\/progettotouring.it\/radiotouring104\/wp-json\/wp\/v2\/media\/58482"}],"wp:attachment":[{"href":"https:\/\/progettotouring.it\/radiotouring104\/wp-json\/wp\/v2\/media?parent=58481"}],"wp:term":[{"taxonomy":"category","embeddable":true,"href":"https:\/\/progettotouring.it\/radiotouring104\/wp-json\/wp\/v2\/categories?post=58481"},{"taxonomy":"post_tag","embeddable":true,"href":"https:\/\/progettotouring.it\/radiotouring104\/wp-json\/wp\/v2\/tags?post=58481"}],"curies":[{"name":"wp","href":"https:\/\/api.w.org\/{rel}","templated":true}]}}