{"id":58492,"date":"2024-09-26T12:26:01","date_gmt":"2024-09-26T10:26:01","guid":{"rendered":"https:\/\/progettotouring.it\/radiotouring104\/?p=58492"},"modified":"2024-09-26T12:26:35","modified_gmt":"2024-09-26T10:26:35","slug":"reggio-lassociazione-amici-di-villa-san-giuseppe-audita-in-commissione-politiche-sociali","status":"publish","type":"post","link":"https:\/\/progettotouring.it\/radiotouring104\/2024\/09\/26\/reggio-lassociazione-amici-di-villa-san-giuseppe-audita-in-commissione-politiche-sociali\/","title":{"rendered":"Reggio: l&#8217;Associazione &#8220;Amici di Villa San Giuseppe&#8221; audita in Commissione Politiche Sociali"},"content":{"rendered":"<p style=\"text-align: justify\">Ieri,\u00a0 una rappresentanza dell\u2019Associazione AMICI DI VILLA SAN GIUSEPPE \u00e8 stata audita dalla 5^ Commissione \u2013 Politiche Sociali \u2013 del Comune di Reggio Calabria, Presieduta dal Consigliere Giovanni Latella.<\/p>\n<p style=\"text-align: justify\">Presenti quasi tutti i componenti della Commissione che hanno espresso particolare apprezzamento per l\u2019attivit\u00e0 fin qui svolta dall\u2019Associazione, seppur il breve periodo dalla costituzione.<\/p>\n<p style=\"text-align: justify\">Il Presidente dell\u2019Associazione Angelo Siclari nel ringraziare tutti i componenti la Commissione, ha relazionato sulle attivit\u00e0 svolte evidenziando l\u2019importanza sinergica con le Istituzioni e le altre realt\u00e0 associative del territorio della Vallata del Gallico.<\/p>\n<p style=\"text-align: justify\">Il ruolo delle realt\u00e0 associative, \u00e8 stato evidenziato, \u00e8 di assoluta importanza per i nostri territori, non solo per la parte socio aggregativa attraverso il mantenimento delle tradizioni, ma anche per tenere vivo il senso di appartenenza al territorio stesso attraverso iniziative turistiche, culturali e \u00a0di accoglienza.<\/p>\n<p style=\"text-align: justify\">Particolarmente apprezzato l\u2019intervento di Andrea Romeo, Delegato dall\u2019Associazione ai rapporti con i giovani che ha sottolineato l\u2019importante lavoro aggregativo che l\u2019Associazione sta ponendo in essere tra i giovani del piccolo Borgo.<\/p>\n<p style=\"text-align: justify\">Un particolare ringraziamento va al Presidente della Commissione Giovanni Latella, dice Angelo Siclari, \u00a0che ci ha permesso di presentare l\u2019Associazione e per le sue belle parole di incoraggiamento.<\/p>\n<p style=\"text-align: justify\">E\u2019 intervenuto, altres\u00ec, il Presidente del Consiglio Comunale di Reggio, Dott. Enzo Marra evidenziando come Villa San Giuseppe, oltre ai buoni prodotti della terra, \u00e8 anche un paese dell\u2019amicizia e della buona accoglienza, ove trova riferimento un\u2019importante comunit\u00e0 soprattutto proveniente dal Marocco e che negli anni si sono ottimamente integrati.<\/p>\n<p style=\"text-align: justify\">Continua Siclari: \u201dGrazie ai Consiglieri Massimo Ripepi, Angela Marcian\u00f2 e Giuseppe Giordano, che con le loro belle parole ci hanno, altres\u00ec, garantito massima collaborazione.&#8221;<\/p>\n","protected":false},"excerpt":{"rendered":"<p>Ieri,\u00a0 una rappresentanza dell\u2019Associazione AMICI DI VILLA SAN GIUSEPPE \u00e8 stata audita dalla 5^ Commissione \u2013 Politiche Sociali \u2013 del Comune di Reggio Calabria, Presieduta dal Consigliere Giovanni Latella. Presenti&hellip;<\/p>\n","protected":false},"author":12,"featured_media":58493,"comment_status":"closed","ping_status":"open","sticky":false,"template":"","format":"standard","meta":{"_jetpack_memberships_contains_paid_content":false,"footnotes":"","jetpack_publicize_message":"","jetpack_publicize_feature_enabled":true,"jetpack_social_post_already_shared":false,"jetpack_social_options":{"image_generator_settings":{"template":"highway","default_image_id":0,"font":"","enabled":false},"version":2}},"categories":[921,196,140],"tags":[29052,30054,13150,16093,1264],"class_list":["post-58492","post","type-post","status-publish","format-standard","has-post-thumbnail","hentry","category-home","category-news","category-reggio-calabria","tag-angelo-siclari","tag-associazione-amici-di-villa-san-giuseppe","tag-commissione-politiche-sociali","tag-enzo-marra","tag-giovanni-latella"],"yoast_head":"<!-- This site is optimized with the Yoast SEO plugin v27.2 - https:\/\/yoast.com\/product\/yoast-seo-wordpress\/ -->\n<title>Reggio: l&#039;Associazione &quot;Amici di Villa San Giuseppe&quot; audita in Commissione Politiche Sociali - Radio Touring 104<\/title>\n<meta name=\"description\" content=\"Ieri,\u00a0una rappresentanza dell\u2019Associazione AMICI DI VILLA SAN GIUSEPPE \u00e8 stata audita dalla 5^ Commissione \u2013 Politiche Sociali \u2013 del Comune\" \/>\n<meta name=\"robots\" content=\"index, follow, max-snippet:-1, max-image-preview:large, max-video-preview:-1\" \/>\n<link rel=\"canonical\" href=\"https:\/\/progettotouring.it\/radiotouring104\/2024\/09\/26\/reggio-lassociazione-amici-di-villa-san-giuseppe-audita-in-commissione-politiche-sociali\/\" \/>\n<meta property=\"og:locale\" content=\"it_IT\" \/>\n<meta property=\"og:type\" content=\"article\" \/>\n<meta property=\"og:title\" content=\"Reggio: l&#039;Associazione &quot;Amici di Villa San Giuseppe&quot; audita in Commissione Politiche Sociali - Radio Touring 104\" \/>\n<meta property=\"og:description\" content=\"Ieri,\u00a0una rappresentanza dell\u2019Associazione AMICI DI VILLA SAN GIUSEPPE \u00e8 stata audita dalla 5^ Commissione \u2013 Politiche Sociali \u2013 del Comune\" \/>\n<meta property=\"og:url\" content=\"https:\/\/progettotouring.it\/radiotouring104\/2024\/09\/26\/reggio-lassociazione-amici-di-villa-san-giuseppe-audita-in-commissione-politiche-sociali\/\" \/>\n<meta property=\"og:site_name\" content=\"Radio Touring 104\" \/>\n<meta property=\"article:published_time\" content=\"2024-09-26T10:26:01+00:00\" \/>\n<meta property=\"article:modified_time\" content=\"2024-09-26T10:26:35+00:00\" \/>\n<meta property=\"og:image\" content=\"https:\/\/progettotouring.it\/radiotouring104\/wp-content\/uploads\/sites\/6\/2024\/09\/Giovanni-Latella-con-Angelo-Siclari.jpeg\" \/>\n\t<meta property=\"og:image:width\" content=\"912\" \/>\n\t<meta property=\"og:image:height\" content=\"2040\" \/>\n\t<meta property=\"og:image:type\" content=\"image\/jpeg\" \/>\n<meta name=\"author\" content=\"Sebastiano Plutino\" \/>\n<meta name=\"twitter:card\" content=\"summary_large_image\" \/>\n<meta name=\"twitter:label1\" content=\"Scritto da\" \/>\n\t<meta name=\"twitter:data1\" content=\"Sebastiano Plutino\" \/>\n\t<meta name=\"twitter:label2\" content=\"Tempo di lettura stimato\" \/>\n\t<meta name=\"twitter:data2\" content=\"1 minuto\" \/>\n<script type=\"application\/ld+json\" class=\"yoast-schema-graph\">{\"@context\":\"https:\/\/schema.org\",\"@graph\":[{\"@type\":\"Article\",\"@id\":\"https:\/\/progettotouring.it\/radiotouring104\/2024\/09\/26\/reggio-lassociazione-amici-di-villa-san-giuseppe-audita-in-commissione-politiche-sociali\/#article\",\"isPartOf\":{\"@id\":\"https:\/\/progettotouring.it\/radiotouring104\/2024\/09\/26\/reggio-lassociazione-amici-di-villa-san-giuseppe-audita-in-commissione-politiche-sociali\/\"},\"author\":{\"name\":\"Sebastiano Plutino\",\"@id\":\"https:\/\/progettotouring.it\/radiotouring104\/#\/schema\/person\/78613917f1851f041f7483f5af1d422e\"},\"headline\":\"Reggio: l&#8217;Associazione &#8220;Amici di Villa San Giuseppe&#8221; audita in Commissione Politiche Sociali\",\"datePublished\":\"2024-09-26T10:26:01+00:00\",\"dateModified\":\"2024-09-26T10:26:35+00:00\",\"mainEntityOfPage\":{\"@id\":\"https:\/\/progettotouring.it\/radiotouring104\/2024\/09\/26\/reggio-lassociazione-amici-di-villa-san-giuseppe-audita-in-commissione-politiche-sociali\/\"},\"wordCount\":284,\"publisher\":{\"@id\":\"https:\/\/progettotouring.it\/radiotouring104\/#organization\"},\"image\":{\"@id\":\"https:\/\/progettotouring.it\/radiotouring104\/2024\/09\/26\/reggio-lassociazione-amici-di-villa-san-giuseppe-audita-in-commissione-politiche-sociali\/#primaryimage\"},\"thumbnailUrl\":\"https:\/\/progettotouring.it\/radiotouring104\/wp-content\/uploads\/sites\/6\/2024\/09\/Giovanni-Latella-con-Angelo-Siclari.jpeg\",\"keywords\":[\"Angelo Siclari\",\"Associazione \u201cAmici di Villa San Giuseppe\",\"Commissione Politiche sociali\",\"Enzo Marra\",\"giovanni latella\"],\"articleSection\":[\"Home\",\"News\",\"Reggio Calabria\"],\"inLanguage\":\"it-IT\"},{\"@type\":\"WebPage\",\"@id\":\"https:\/\/progettotouring.it\/radiotouring104\/2024\/09\/26\/reggio-lassociazione-amici-di-villa-san-giuseppe-audita-in-commissione-politiche-sociali\/\",\"url\":\"https:\/\/progettotouring.it\/radiotouring104\/2024\/09\/26\/reggio-lassociazione-amici-di-villa-san-giuseppe-audita-in-commissione-politiche-sociali\/\",\"name\":\"Reggio: l'Associazione \\\"Amici di Villa San Giuseppe\\\" audita in Commissione Politiche Sociali - Radio Touring 104\",\"isPartOf\":{\"@id\":\"https:\/\/progettotouring.it\/radiotouring104\/#website\"},\"primaryImageOfPage\":{\"@id\":\"https:\/\/progettotouring.it\/radiotouring104\/2024\/09\/26\/reggio-lassociazione-amici-di-villa-san-giuseppe-audita-in-commissione-politiche-sociali\/#primaryimage\"},\"image\":{\"@id\":\"https:\/\/progettotouring.it\/radiotouring104\/2024\/09\/26\/reggio-lassociazione-amici-di-villa-san-giuseppe-audita-in-commissione-politiche-sociali\/#primaryimage\"},\"thumbnailUrl\":\"https:\/\/progettotouring.it\/radiotouring104\/wp-content\/uploads\/sites\/6\/2024\/09\/Giovanni-Latella-con-Angelo-Siclari.jpeg\",\"datePublished\":\"2024-09-26T10:26:01+00:00\",\"dateModified\":\"2024-09-26T10:26:35+00:00\",\"description\":\"Ieri,\u00a0una rappresentanza dell\u2019Associazione AMICI DI VILLA SAN GIUSEPPE \u00e8 stata audita dalla 5^ Commissione \u2013 Politiche Sociali \u2013 del Comune\",\"breadcrumb\":{\"@id\":\"https:\/\/progettotouring.it\/radiotouring104\/2024\/09\/26\/reggio-lassociazione-amici-di-villa-san-giuseppe-audita-in-commissione-politiche-sociali\/#breadcrumb\"},\"inLanguage\":\"it-IT\",\"potentialAction\":[{\"@type\":\"ReadAction\",\"target\":[\"https:\/\/progettotouring.it\/radiotouring104\/2024\/09\/26\/reggio-lassociazione-amici-di-villa-san-giuseppe-audita-in-commissione-politiche-sociali\/\"]}]},{\"@type\":\"ImageObject\",\"inLanguage\":\"it-IT\",\"@id\":\"https:\/\/progettotouring.it\/radiotouring104\/2024\/09\/26\/reggio-lassociazione-amici-di-villa-san-giuseppe-audita-in-commissione-politiche-sociali\/#primaryimage\",\"url\":\"https:\/\/progettotouring.it\/radiotouring104\/wp-content\/uploads\/sites\/6\/2024\/09\/Giovanni-Latella-con-Angelo-Siclari.jpeg\",\"contentUrl\":\"https:\/\/progettotouring.it\/radiotouring104\/wp-content\/uploads\/sites\/6\/2024\/09\/Giovanni-Latella-con-Angelo-Siclari.jpeg\",\"width\":912,\"height\":2040},{\"@type\":\"BreadcrumbList\",\"@id\":\"https:\/\/progettotouring.it\/radiotouring104\/2024\/09\/26\/reggio-lassociazione-amici-di-villa-san-giuseppe-audita-in-commissione-politiche-sociali\/#breadcrumb\",\"itemListElement\":[{\"@type\":\"ListItem\",\"position\":1,\"name\":\"Home\",\"item\":\"https:\/\/progettotouring.it\/radiotouring104\/\"},{\"@type\":\"ListItem\",\"position\":2,\"name\":\"Reggio: l&#8217;Associazione &#8220;Amici di Villa San Giuseppe&#8221; audita in Commissione Politiche Sociali\"}]},{\"@type\":\"WebSite\",\"@id\":\"https:\/\/progettotouring.it\/radiotouring104\/#website\",\"url\":\"https:\/\/progettotouring.it\/radiotouring104\/\",\"name\":\"Radio Touring 104\",\"description\":\"La prima radio Reggina\",\"publisher\":{\"@id\":\"https:\/\/progettotouring.it\/radiotouring104\/#organization\"},\"potentialAction\":[{\"@type\":\"SearchAction\",\"target\":{\"@type\":\"EntryPoint\",\"urlTemplate\":\"https:\/\/progettotouring.it\/radiotouring104\/?s={search_term_string}\"},\"query-input\":{\"@type\":\"PropertyValueSpecification\",\"valueRequired\":true,\"valueName\":\"search_term_string\"}}],\"inLanguage\":\"it-IT\"},{\"@type\":\"Organization\",\"@id\":\"https:\/\/progettotouring.it\/radiotouring104\/#organization\",\"name\":\"Radio Touring 104\",\"url\":\"https:\/\/progettotouring.it\/radiotouring104\/\",\"logo\":{\"@type\":\"ImageObject\",\"inLanguage\":\"it-IT\",\"@id\":\"https:\/\/progettotouring.it\/radiotouring104\/#\/schema\/logo\/image\/\",\"url\":\"https:\/\/progettotouring.it\/radiotouring104\/wp-content\/uploads\/sites\/6\/2022\/02\/cropped-logo-radio-touring-104.png\",\"contentUrl\":\"https:\/\/progettotouring.it\/radiotouring104\/wp-content\/uploads\/sites\/6\/2022\/02\/cropped-logo-radio-touring-104.png\",\"width\":377,\"height\":182,\"caption\":\"Radio Touring 104\"},\"image\":{\"@id\":\"https:\/\/progettotouring.it\/radiotouring104\/#\/schema\/logo\/image\/\"}},{\"@type\":\"Person\",\"@id\":\"https:\/\/progettotouring.it\/radiotouring104\/#\/schema\/person\/78613917f1851f041f7483f5af1d422e\",\"name\":\"Sebastiano Plutino\",\"image\":{\"@type\":\"ImageObject\",\"inLanguage\":\"it-IT\",\"@id\":\"https:\/\/secure.gravatar.com\/avatar\/0546ffaa9b79224faf9f2a156b67a529ae861d3287c66c1d8ccfdf909bcba78d?s=96&d=mm&r=g\",\"url\":\"https:\/\/secure.gravatar.com\/avatar\/0546ffaa9b79224faf9f2a156b67a529ae861d3287c66c1d8ccfdf909bcba78d?s=96&d=mm&r=g\",\"contentUrl\":\"https:\/\/secure.gravatar.com\/avatar\/0546ffaa9b79224faf9f2a156b67a529ae861d3287c66c1d8ccfdf909bcba78d?s=96&d=mm&r=g\",\"caption\":\"Sebastiano Plutino\"},\"url\":\"https:\/\/progettotouring.it\/radiotouring104\/author\/sebastiano\/\"}]}<\/script>\n<!-- \/ Yoast SEO plugin. -->","yoast_head_json":{"title":"Reggio: l'Associazione \"Amici di Villa San Giuseppe\" audita in Commissione Politiche Sociali - Radio Touring 104","description":"Ieri,\u00a0una rappresentanza dell\u2019Associazione AMICI DI VILLA SAN GIUSEPPE \u00e8 stata audita dalla 5^ Commissione \u2013 Politiche Sociali \u2013 del Comune","robots":{"index":"index","follow":"follow","max-snippet":"max-snippet:-1","max-image-preview":"max-image-preview:large","max-video-preview":"max-video-preview:-1"},"canonical":"https:\/\/progettotouring.it\/radiotouring104\/2024\/09\/26\/reggio-lassociazione-amici-di-villa-san-giuseppe-audita-in-commissione-politiche-sociali\/","og_locale":"it_IT","og_type":"article","og_title":"Reggio: l'Associazione \"Amici di Villa San Giuseppe\" audita in Commissione Politiche Sociali - Radio Touring 104","og_description":"Ieri,\u00a0una rappresentanza dell\u2019Associazione AMICI DI VILLA SAN GIUSEPPE \u00e8 stata audita dalla 5^ Commissione \u2013 Politiche Sociali \u2013 del Comune","og_url":"https:\/\/progettotouring.it\/radiotouring104\/2024\/09\/26\/reggio-lassociazione-amici-di-villa-san-giuseppe-audita-in-commissione-politiche-sociali\/","og_site_name":"Radio Touring 104","article_published_time":"2024-09-26T10:26:01+00:00","article_modified_time":"2024-09-26T10:26:35+00:00","og_image":[{"width":912,"height":2040,"url":"https:\/\/progettotouring.it\/radiotouring104\/wp-content\/uploads\/sites\/6\/2024\/09\/Giovanni-Latella-con-Angelo-Siclari.jpeg","type":"image\/jpeg"}],"author":"Sebastiano Plutino","twitter_card":"summary_large_image","twitter_misc":{"Scritto da":"Sebastiano Plutino","Tempo di lettura stimato":"1 minuto"},"schema":{"@context":"https:\/\/schema.org","@graph":[{"@type":"Article","@id":"https:\/\/progettotouring.it\/radiotouring104\/2024\/09\/26\/reggio-lassociazione-amici-di-villa-san-giuseppe-audita-in-commissione-politiche-sociali\/#article","isPartOf":{"@id":"https:\/\/progettotouring.it\/radiotouring104\/2024\/09\/26\/reggio-lassociazione-amici-di-villa-san-giuseppe-audita-in-commissione-politiche-sociali\/"},"author":{"name":"Sebastiano Plutino","@id":"https:\/\/progettotouring.it\/radiotouring104\/#\/schema\/person\/78613917f1851f041f7483f5af1d422e"},"headline":"Reggio: l&#8217;Associazione &#8220;Amici di Villa San Giuseppe&#8221; audita in Commissione Politiche Sociali","datePublished":"2024-09-26T10:26:01+00:00","dateModified":"2024-09-26T10:26:35+00:00","mainEntityOfPage":{"@id":"https:\/\/progettotouring.it\/radiotouring104\/2024\/09\/26\/reggio-lassociazione-amici-di-villa-san-giuseppe-audita-in-commissione-politiche-sociali\/"},"wordCount":284,"publisher":{"@id":"https:\/\/progettotouring.it\/radiotouring104\/#organization"},"image":{"@id":"https:\/\/progettotouring.it\/radiotouring104\/2024\/09\/26\/reggio-lassociazione-amici-di-villa-san-giuseppe-audita-in-commissione-politiche-sociali\/#primaryimage"},"thumbnailUrl":"https:\/\/progettotouring.it\/radiotouring104\/wp-content\/uploads\/sites\/6\/2024\/09\/Giovanni-Latella-con-Angelo-Siclari.jpeg","keywords":["Angelo Siclari","Associazione \u201cAmici di Villa San Giuseppe","Commissione Politiche sociali","Enzo Marra","giovanni latella"],"articleSection":["Home","News","Reggio Calabria"],"inLanguage":"it-IT"},{"@type":"WebPage","@id":"https:\/\/progettotouring.it\/radiotouring104\/2024\/09\/26\/reggio-lassociazione-amici-di-villa-san-giuseppe-audita-in-commissione-politiche-sociali\/","url":"https:\/\/progettotouring.it\/radiotouring104\/2024\/09\/26\/reggio-lassociazione-amici-di-villa-san-giuseppe-audita-in-commissione-politiche-sociali\/","name":"Reggio: l'Associazione \"Amici di Villa San Giuseppe\" audita in Commissione Politiche Sociali - Radio Touring 104","isPartOf":{"@id":"https:\/\/progettotouring.it\/radiotouring104\/#website"},"primaryImageOfPage":{"@id":"https:\/\/progettotouring.it\/radiotouring104\/2024\/09\/26\/reggio-lassociazione-amici-di-villa-san-giuseppe-audita-in-commissione-politiche-sociali\/#primaryimage"},"image":{"@id":"https:\/\/progettotouring.it\/radiotouring104\/2024\/09\/26\/reggio-lassociazione-amici-di-villa-san-giuseppe-audita-in-commissione-politiche-sociali\/#primaryimage"},"thumbnailUrl":"https:\/\/progettotouring.it\/radiotouring104\/wp-content\/uploads\/sites\/6\/2024\/09\/Giovanni-Latella-con-Angelo-Siclari.jpeg","datePublished":"2024-09-26T10:26:01+00:00","dateModified":"2024-09-26T10:26:35+00:00","description":"Ieri,\u00a0una rappresentanza dell\u2019Associazione AMICI DI VILLA SAN GIUSEPPE \u00e8 stata audita dalla 5^ Commissione \u2013 Politiche Sociali \u2013 del Comune","breadcrumb":{"@id":"https:\/\/progettotouring.it\/radiotouring104\/2024\/09\/26\/reggio-lassociazione-amici-di-villa-san-giuseppe-audita-in-commissione-politiche-sociali\/#breadcrumb"},"inLanguage":"it-IT","potentialAction":[{"@type":"ReadAction","target":["https:\/\/progettotouring.it\/radiotouring104\/2024\/09\/26\/reggio-lassociazione-amici-di-villa-san-giuseppe-audita-in-commissione-politiche-sociali\/"]}]},{"@type":"ImageObject","inLanguage":"it-IT","@id":"https:\/\/progettotouring.it\/radiotouring104\/2024\/09\/26\/reggio-lassociazione-amici-di-villa-san-giuseppe-audita-in-commissione-politiche-sociali\/#primaryimage","url":"https:\/\/progettotouring.it\/radiotouring104\/wp-content\/uploads\/sites\/6\/2024\/09\/Giovanni-Latella-con-Angelo-Siclari.jpeg","contentUrl":"https:\/\/progettotouring.it\/radiotouring104\/wp-content\/uploads\/sites\/6\/2024\/09\/Giovanni-Latella-con-Angelo-Siclari.jpeg","width":912,"height":2040},{"@type":"BreadcrumbList","@id":"https:\/\/progettotouring.it\/radiotouring104\/2024\/09\/26\/reggio-lassociazione-amici-di-villa-san-giuseppe-audita-in-commissione-politiche-sociali\/#breadcrumb","itemListElement":[{"@type":"ListItem","position":1,"name":"Home","item":"https:\/\/progettotouring.it\/radiotouring104\/"},{"@type":"ListItem","position":2,"name":"Reggio: l&#8217;Associazione &#8220;Amici di Villa San Giuseppe&#8221; audita in Commissione Politiche Sociali"}]},{"@type":"WebSite","@id":"https:\/\/progettotouring.it\/radiotouring104\/#website","url":"https:\/\/progettotouring.it\/radiotouring104\/","name":"Radio Touring 104","description":"La prima radio Reggina","publisher":{"@id":"https:\/\/progettotouring.it\/radiotouring104\/#organization"},"potentialAction":[{"@type":"SearchAction","target":{"@type":"EntryPoint","urlTemplate":"https:\/\/progettotouring.it\/radiotouring104\/?s={search_term_string}"},"query-input":{"@type":"PropertyValueSpecification","valueRequired":true,"valueName":"search_term_string"}}],"inLanguage":"it-IT"},{"@type":"Organization","@id":"https:\/\/progettotouring.it\/radiotouring104\/#organization","name":"Radio Touring 104","url":"https:\/\/progettotouring.it\/radiotouring104\/","logo":{"@type":"ImageObject","inLanguage":"it-IT","@id":"https:\/\/progettotouring.it\/radiotouring104\/#\/schema\/logo\/image\/","url":"https:\/\/progettotouring.it\/radiotouring104\/wp-content\/uploads\/sites\/6\/2022\/02\/cropped-logo-radio-touring-104.png","contentUrl":"https:\/\/progettotouring.it\/radiotouring104\/wp-content\/uploads\/sites\/6\/2022\/02\/cropped-logo-radio-touring-104.png","width":377,"height":182,"caption":"Radio Touring 104"},"image":{"@id":"https:\/\/progettotouring.it\/radiotouring104\/#\/schema\/logo\/image\/"}},{"@type":"Person","@id":"https:\/\/progettotouring.it\/radiotouring104\/#\/schema\/person\/78613917f1851f041f7483f5af1d422e","name":"Sebastiano Plutino","image":{"@type":"ImageObject","inLanguage":"it-IT","@id":"https:\/\/secure.gravatar.com\/avatar\/0546ffaa9b79224faf9f2a156b67a529ae861d3287c66c1d8ccfdf909bcba78d?s=96&d=mm&r=g","url":"https:\/\/secure.gravatar.com\/avatar\/0546ffaa9b79224faf9f2a156b67a529ae861d3287c66c1d8ccfdf909bcba78d?s=96&d=mm&r=g","contentUrl":"https:\/\/secure.gravatar.com\/avatar\/0546ffaa9b79224faf9f2a156b67a529ae861d3287c66c1d8ccfdf909bcba78d?s=96&d=mm&r=g","caption":"Sebastiano Plutino"},"url":"https:\/\/progettotouring.it\/radiotouring104\/author\/sebastiano\/"}]}},"jetpack_publicize_connections":[],"jetpack_featured_media_url":"https:\/\/progettotouring.it\/radiotouring104\/wp-content\/uploads\/sites\/6\/2024\/09\/Giovanni-Latella-con-Angelo-Siclari.jpeg","jetpack_sharing_enabled":true,"_links":{"self":[{"href":"https:\/\/progettotouring.it\/radiotouring104\/wp-json\/wp\/v2\/posts\/58492","targetHints":{"allow":["GET"]}}],"collection":[{"href":"https:\/\/progettotouring.it\/radiotouring104\/wp-json\/wp\/v2\/posts"}],"about":[{"href":"https:\/\/progettotouring.it\/radiotouring104\/wp-json\/wp\/v2\/types\/post"}],"author":[{"embeddable":true,"href":"https:\/\/progettotouring.it\/radiotouring104\/wp-json\/wp\/v2\/users\/12"}],"replies":[{"embeddable":true,"href":"https:\/\/progettotouring.it\/radiotouring104\/wp-json\/wp\/v2\/comments?post=58492"}],"version-history":[{"count":2,"href":"https:\/\/progettotouring.it\/radiotouring104\/wp-json\/wp\/v2\/posts\/58492\/revisions"}],"predecessor-version":[{"id":58495,"href":"https:\/\/progettotouring.it\/radiotouring104\/wp-json\/wp\/v2\/posts\/58492\/revisions\/58495"}],"wp:featuredmedia":[{"embeddable":true,"href":"https:\/\/progettotouring.it\/radiotouring104\/wp-json\/wp\/v2\/media\/58493"}],"wp:attachment":[{"href":"https:\/\/progettotouring.it\/radiotouring104\/wp-json\/wp\/v2\/media?parent=58492"}],"wp:term":[{"taxonomy":"category","embeddable":true,"href":"https:\/\/progettotouring.it\/radiotouring104\/wp-json\/wp\/v2\/categories?post=58492"},{"taxonomy":"post_tag","embeddable":true,"href":"https:\/\/progettotouring.it\/radiotouring104\/wp-json\/wp\/v2\/tags?post=58492"}],"curies":[{"name":"wp","href":"https:\/\/api.w.org\/{rel}","templated":true}]}}